{"id":103940,"date":"2021-12-30T11:48:17","date_gmt":"2021-12-30T10:48:17","guid":{"rendered":"https:\/\/radioljubuski.ba\/?p=103940"},"modified":"2021-12-30T11:48:17","modified_gmt":"2021-12-30T10:48:17","slug":"bakir-izetbegovic-cinimo-sve-da-se-hrvati-u-bih-osjecaju-relaksirano","status":"publish","type":"post","link":"https:\/\/radioljubuski.ba\/index.php\/2021\/12\/30\/bakir-izetbegovic-cinimo-sve-da-se-hrvati-u-bih-osjecaju-relaksirano\/","title":{"rendered":"Bakir Izetbegovi\u0107: \u010cinimo sve da se Hrvati u BiH osje\u0107aju &#8220;relaksirano&#8221;"},"content":{"rendered":"\n<p>&#8211; Ja u BiH ne vidim bo\u0161nja\u010dki unitarizam. \u010cinimo sve da se Hrvati, kao najmalobrojniji narod, osje\u0107aju &#8220;relaksirano&#8221;. Hrvati od 300 va\u017enih pozicija imaju 46 pozicija preko onoga \u0161to im Ustav garantira, izjavio je u intervjuu za Dnevnik HTV-a predsjednik Stranke demokratske akcije<strong> Bakir Izetbegovi\u0107<\/strong>.&nbsp;<\/p>\n\n\n\n<p>Izetbegovi\u0107eva stranka zasigurno dijeli odgovornost za najve\u0107u poslijeratnu politi\u010dku krizu u BiH.&nbsp;Izetbegovi\u0107 je s <strong>Draganom \u010covi\u0107em <\/strong>bio potpisnik Sporazuma o Mostaru na temelju kojeg su nakon punih 12 godina odr\u017eani izbori u Mostaru i uspostavljena gradska vlast.&nbsp;Dio Sporazuma odnosi se i na promjene Izbornog zakona kojima bi se i Hrvatima osiguralo da biraju svoje politi\u010dke predstavnike.&nbsp;Iako su svjedoci mostarskog Sporazuma i me\u0111unarodni du\u017enosnici &#8211; Izetbegovi\u0107 zanemaruje svoj potpis tvrdnjom da u pregovorima o izbornoj reformi treba sudjelovati i oporba, pa su pregovori razvodnjeni i prekinuti.&nbsp;Tomu je kumovala i odluka Narodne skup\u0161tine Republike Srpske o prijenosu dijela nadle\u017enosti s dr\u017eave na entitet.&nbsp;<br><br>S Bakirom Izetbegovi\u0107em razgovarao je <strong>Igor Rotim<\/strong>.<br><br>&#8211; Milorad Dodik nije najavio odcjepljenje RS-a od BiH, mada mo\u017eda ima i takve planove, on tra\u017ei da se reforme vrate 20 godina unazad. Da se napravi dr\u017eava u dr\u017eavi. Da unutar dr\u017eave BiH ponovno bude dr\u017eava Republika Srpska. Ima naravno rje\u0161enja da odustane od toga jer to je svakako jedna &#8220;slijepa ulica&#8221; iz koje \u0107e ga vra\u0107ati OHR ili Ustavni sud. Mislim da je ponajprije ovo njemu slu\u017ei za predizbornu kampanju. Imat \u0107e cilj ukinuti pravosu\u0111e na nivou dr\u017eave BiH jer se boji toga pravosu\u0111a s razlogom. \u017deli ga vratiti tamo gdje je pod njegovom kontrolom, na nivo RS-a.&nbsp;<br><br>Visoki predstavnik nije iskoristio pravo smijeniti \u010delnike koji ru\u0161e Ustav i BiH, je li to trebao napraviti?&nbsp;<br><br>&#8211; Narodna skup\u0161tina RS-a je dobro pazila kako \u0107e stvari postaviti. Donijeli su zaklju\u010dke, nisu donijeli odluke. Tako da jo\u0161 uvijek nema razloga da ba\u0161 tvrdo krene i \u010duva tu zadnju mjeru za zadnje aktivnosti i za koje je Narodna skup\u0161tina zadu\u017eila Vladu. Da se zaista krene u jedan protuustavan i antidaytonski pokret u svibnju i lipnju. Ako \u0107e se doista dogoditi da \u0107e krenuti ru\u0161iti reforme, da je rade protiv Daytona i protiv Ustava, tada \u0107emo morati reagirati.<a href=\"https:\/\/vijesti.hrt.hr\/svijet\/milorad-dodik-za-hrt-4346795\" target=\"_blank\" rel=\"noreferrer noopener\"><br><br><strong>Milorad Dodik u intervjuu HTV-u od utorka<\/strong><\/a>, rekao je da je &#8220;BiH maligno bolesna&#8221;.<br><br>&#8211; On cijelo vrijeme vrije\u0111a BiH. Vrije\u0111a Bo\u0161njake, ponekad Hrvate, vrije\u0111a predstavnike me\u0111unarodne zajednice. \u010cini sve da ona bude jedna neuspje\u0161na pri\u010da, me\u0111utim daleko neuspje\u0161niji dio te pri\u010de je Republika Srpska.&nbsp;&nbsp;<br><br>Komentirao je i tvrdnje da su za cjelovitost BiH jednako opasni srpski separatizam i bo\u0161nja\u010dki unitarizam.&nbsp;<br><br>&#8211; Ja ga ne vidim, kada je u pitanju bo\u0161nja\u010dki unitarizam. \u010cinimo sve da se Hrvati, kao najmalobrojniji narod, osje\u0107aju &#8220;relaksirano&#8221;. Ima na nivou dr\u017eave stotinu bitnijih pozicija koje vladaju dr\u017eavom i na nivou Federacije oko 200. Hrvati imaju paritet. Imaju 15% u dr\u017eavi i imaju preko 33% pozicija ministarskih, direktorskih itd. Dakle, Hrvati od tih 300 va\u017enih pozicija imaju 46 pozicija preko onoga \u0161to im Ustav garantira. I imaju ovu jednu, <strong>\u017deljko Kom\u0161i\u0107<\/strong>, s kojom su nezadovoljni. Imaju 46 gdje bi trebali biti zadovoljni jer su ih dobili nau\u0161trb Bo\u0161njaka. Bo\u0161njaci imaju 46 pozicija manje u namjeri da Hrvatima &#8220;omile&#8221; BiH. Ne vidim ja tu neki poku\u0161aj dominacije, unitarizma itd.&nbsp;<\/p>\n\n\n\n<p>Igor Rotim konstatira da je rije\u010d s hrvatske to\u010dke gledi\u0161ta, da Bo\u0161njaci inzistiraju na gra\u0111anskom modelu, kojega Hrvatska vidi kao tako\u0111er kr\u0161enje Sporazuma konstitutivnih naroda.<br><br>&#8211; Na koji na\u010din vi to inzistirate? Mo\u017eete li mi dati primjer, gdje je to? To su virtualne pri\u010de, u \u010demu se to konkretno mo\u017ee vidjeti. To ne postoji. To su ustvari napadi na Bo\u0161njake, udru\u017eeni napadi s Dodikom, zato \u0161to Hrvati \u017eele izmijeniti Ustav i Izborni zakon tako da \u010dlan Predsjedni\u0161tva BiH mora biti iz HDZ-a. Volio bih \u010duti i vidjeti neki primjer gdje ima poku\u0161aja te dominacije i gdje ima tih poku\u0161aja nametanja gra\u0111anskog principa. To je nemogu\u0107e napraviti u BiH.<br><br>Hrvati zapravo ne \u017eele da im netko drugi bira predstavnika. Biste li vi pristali da bo\u0161nja\u010dkog \u010dlana Predsjedni\u0161tva biraju Hrvati ili neki drugi narod?<br><br>&#8211; Bili smo spremni dva puta i na ovu stvar. Kroz paket za koji su se borili <strong>Haris Silajd\u017ei\u0107 <\/strong>i <strong>Bo\u017eo Ljubi\u0107<\/strong> i kroz izravni izbor koji je sru\u0161io Dragan \u010covi\u0107. To je bila SDA pomo\u0107i Hrvatima da se relaksira njihova pozicija kroz implementaciju presude <strong>Sejdi\u0107-Finci<\/strong>. Da se svakome da teoretsko pravo da se kandidira, a da u stvari ono realno bude oslonjeno na volju tri konstitutivna naroda, odnosno ve\u0107inu glasa\u010da iz tih konstitutivnih naroda. I dalje smo spremni raditi na tome.<br><br>Slu\u017ebeni Zagreb podupire cjelovitu BiH te put prema EU pod uvjetom da se po\u0161tuje izborna volja Hrvata i tri konstitutivna naroda. Ima li na tim temeljima prostora za daljnji politi\u010dki razgovor?<br><br>&#8211; Apsolutno. Dva smo puta bili spremni iza\u0107i u susret hrvatskim predstavnicima, s time da ovaj put tra\u017eimo da se uklone blokade koje su nastale u me\u0111uvremenu od strane Hrvatske, odnosno HDZ-a i HNS-a. Kao \u0161to rekoh, u Federaciji trpimo blokadu ve\u0107 tre\u0107u godinu, zaklju\u010duje.\u00a0<\/p>\n\n\n\n<div style=\"width: 640px;\" class=\"wp-video\"><video class=\"wp-video-shortcode\" id=\"video-103940-1\" width=\"640\" height=\"360\" preload=\"metadata\" controls=\"controls\"><source type=\"video\/mp4\" src=\"https:\/\/api.hrt.hr\/media\/6a\/70\/sarajevo-izetbegovicc-tvd2-irotim-20211229170203.mp4?_=1\" \/><a href=\"https:\/\/api.hrt.hr\/media\/6a\/70\/sarajevo-izetbegovicc-tvd2-irotim-20211229170203.mp4\">https:\/\/api.hrt.hr\/media\/6a\/70\/sarajevo-izetbegovicc-tvd2-irotim-20211229170203.mp4<\/a><\/video><\/div>\n\n\n\n<p>Izvor:hrt.hr<\/p>\n","protected":false},"excerpt":{"rendered":"<p>&#8211; Ja u BiH ne vidim bo\u0161nja\u010dki unitarizam. \u010cinimo sve da se Hrvati, kao najmalobrojniji narod, osje\u0107aju &#8220;relaksirano&#8221;. Hrvati od 300 va\u017enih pozicija imaju 46 pozicija preko onoga \u0161to im Ustav garantira, izjavio je u intervjuu za Dnevnik HTV-a predsjednik Stranke demokratske akcije Bakir Izetbegovi\u0107.&nbsp; Izetbegovi\u0107eva stranka zasigurno dijeli odgovornost za najve\u0107u poslijeratnu politi\u010dku krizu [&hellip;]<\/p>\n","protected":false},"author":2,"featured_media":103941,"comment_status":"closed","ping_status":"closed","sticky":false,"template":"","format":"standard","meta":{"h5ap_radio_sources":[],"footnotes":""},"categories":[1],"tags":[],"class_list":["post-103940","post","type-post","status-publish","format-standard","has-post-thumbnail","hentry","category-bihiregija"],"yoast_head":"<!-- This site is optimized with the Yoast SEO plugin v27.5 - https:\/\/yoast.com\/product\/yoast-seo-wordpress\/ -->\n<title>Bakir Izetbegovi\u0107: \u010cinimo sve da se Hrvati u BiH osje\u0107aju &quot;relaksirano&quot; - RADIO LJUBU\u0160KI<\/title>\n<meta name=\"robots\" content=\"index, follow, max-snippet:-1, max-image-preview:large, max-video-preview:-1\" \/>\n<link rel=\"canonical\" href=\"https:\/\/radioljubuski.ba\/index.php\/2021\/12\/30\/bakir-izetbegovic-cinimo-sve-da-se-hrvati-u-bih-osjecaju-relaksirano\/\" \/>\n<meta property=\"og:locale\" content=\"hr_HR\" \/>\n<meta property=\"og:type\" content=\"article\" \/>\n<meta property=\"og:title\" content=\"Bakir Izetbegovi\u0107: \u010cinimo sve da se Hrvati u BiH osje\u0107aju &quot;relaksirano&quot; - RADIO LJUBU\u0160KI\" \/>\n<meta property=\"og:description\" content=\"&#8211; Ja u BiH ne vidim bo\u0161nja\u010dki unitarizam. \u010cinimo sve da se Hrvati, kao najmalobrojniji narod, osje\u0107aju &#8220;relaksirano&#8221;. Hrvati od 300 va\u017enih pozicija imaju 46 pozicija preko onoga \u0161to im Ustav garantira, izjavio je u intervjuu za Dnevnik HTV-a predsjednik Stranke demokratske akcije Bakir Izetbegovi\u0107.&nbsp; Izetbegovi\u0107eva stranka zasigurno dijeli odgovornost za najve\u0107u poslijeratnu politi\u010dku krizu [&hellip;]\" \/>\n<meta property=\"og:url\" content=\"https:\/\/radioljubuski.ba\/index.php\/2021\/12\/30\/bakir-izetbegovic-cinimo-sve-da-se-hrvati-u-bih-osjecaju-relaksirano\/\" \/>\n<meta property=\"og:site_name\" content=\"RADIO LJUBU\u0160KI\" \/>\n<meta property=\"article:publisher\" content=\"https:\/\/www.facebook.com\/Radiio-Ljubuski-1490835324566332\" \/>\n<meta property=\"article:published_time\" content=\"2021-12-30T10:48:17+00:00\" \/>\n<meta property=\"og:image\" content=\"https:\/\/radioljubuski.ba\/wp-content\/uploads\/2021\/12\/izetbegovic_HRT.jpg\" \/>\n\t<meta property=\"og:image:width\" content=\"1280\" \/>\n\t<meta property=\"og:image:height\" content=\"880\" \/>\n\t<meta property=\"og:image:type\" content=\"image\/jpeg\" \/>\n<meta name=\"author\" content=\"Radio Ljubu\u0161ki\" \/>\n<meta name=\"twitter:card\" content=\"summary_large_image\" \/>\n<meta name=\"twitter:creator\" content=\"@radioljubuski\" \/>\n<meta name=\"twitter:site\" content=\"@radioljubuski\" \/>\n<meta name=\"twitter:label1\" content=\"Napisao\/la\" \/>\n\t<meta name=\"twitter:data1\" content=\"Radio Ljubu\u0161ki\" \/>\n\t<meta name=\"twitter:label2\" content=\"Procijenjeno vrijeme \u010ditanja\" \/>\n\t<meta name=\"twitter:data2\" content=\"4 minute\" \/>\n<script type=\"application\/ld+json\" class=\"yoast-schema-graph\">{\"@context\":\"https:\\\/\\\/schema.org\",\"@graph\":[{\"@type\":\"Article\",\"@id\":\"https:\\\/\\\/radioljubuski.ba\\\/index.php\\\/2021\\\/12\\\/30\\\/bakir-izetbegovic-cinimo-sve-da-se-hrvati-u-bih-osjecaju-relaksirano\\\/#article\",\"isPartOf\":{\"@id\":\"https:\\\/\\\/radioljubuski.ba\\\/index.php\\\/2021\\\/12\\\/30\\\/bakir-izetbegovic-cinimo-sve-da-se-hrvati-u-bih-osjecaju-relaksirano\\\/\"},\"author\":{\"name\":\"Radio Ljubu\u0161ki\",\"@id\":\"https:\\\/\\\/radioljubuski.ba\\\/#\\\/schema\\\/person\\\/19fc700381a780f69665d7956c469e3b\"},\"headline\":\"Bakir Izetbegovi\u0107: \u010cinimo sve da se Hrvati u BiH osje\u0107aju &#8220;relaksirano&#8221;\",\"datePublished\":\"2021-12-30T10:48:17+00:00\",\"mainEntityOfPage\":{\"@id\":\"https:\\\/\\\/radioljubuski.ba\\\/index.php\\\/2021\\\/12\\\/30\\\/bakir-izetbegovic-cinimo-sve-da-se-hrvati-u-bih-osjecaju-relaksirano\\\/\"},\"wordCount\":933,\"publisher\":{\"@id\":\"https:\\\/\\\/radioljubuski.ba\\\/#organization\"},\"image\":{\"@id\":\"https:\\\/\\\/radioljubuski.ba\\\/index.php\\\/2021\\\/12\\\/30\\\/bakir-izetbegovic-cinimo-sve-da-se-hrvati-u-bih-osjecaju-relaksirano\\\/#primaryimage\"},\"thumbnailUrl\":\"https:\\\/\\\/radioljubuski.ba\\\/wp-content\\\/uploads\\\/2021\\\/12\\\/izetbegovic_HRT.jpg\",\"articleSection\":[\"BIH i regija\"],\"inLanguage\":\"hr\"},{\"@type\":\"WebPage\",\"@id\":\"https:\\\/\\\/radioljubuski.ba\\\/index.php\\\/2021\\\/12\\\/30\\\/bakir-izetbegovic-cinimo-sve-da-se-hrvati-u-bih-osjecaju-relaksirano\\\/\",\"url\":\"https:\\\/\\\/radioljubuski.ba\\\/index.php\\\/2021\\\/12\\\/30\\\/bakir-izetbegovic-cinimo-sve-da-se-hrvati-u-bih-osjecaju-relaksirano\\\/\",\"name\":\"Bakir Izetbegovi\u0107: \u010cinimo sve da se Hrvati u BiH osje\u0107aju \\\"relaksirano\\\" - RADIO LJUBU\u0160KI\",\"isPartOf\":{\"@id\":\"https:\\\/\\\/radioljubuski.ba\\\/#website\"},\"primaryImageOfPage\":{\"@id\":\"https:\\\/\\\/radioljubuski.ba\\\/index.php\\\/2021\\\/12\\\/30\\\/bakir-izetbegovic-cinimo-sve-da-se-hrvati-u-bih-osjecaju-relaksirano\\\/#primaryimage\"},\"image\":{\"@id\":\"https:\\\/\\\/radioljubuski.ba\\\/index.php\\\/2021\\\/12\\\/30\\\/bakir-izetbegovic-cinimo-sve-da-se-hrvati-u-bih-osjecaju-relaksirano\\\/#primaryimage\"},\"thumbnailUrl\":\"https:\\\/\\\/radioljubuski.ba\\\/wp-content\\\/uploads\\\/2021\\\/12\\\/izetbegovic_HRT.jpg\",\"datePublished\":\"2021-12-30T10:48:17+00:00\",\"breadcrumb\":{\"@id\":\"https:\\\/\\\/radioljubuski.ba\\\/index.php\\\/2021\\\/12\\\/30\\\/bakir-izetbegovic-cinimo-sve-da-se-hrvati-u-bih-osjecaju-relaksirano\\\/#breadcrumb\"},\"inLanguage\":\"hr\",\"potentialAction\":[{\"@type\":\"ReadAction\",\"target\":[\"https:\\\/\\\/radioljubuski.ba\\\/index.php\\\/2021\\\/12\\\/30\\\/bakir-izetbegovic-cinimo-sve-da-se-hrvati-u-bih-osjecaju-relaksirano\\\/\"]}]},{\"@type\":\"ImageObject\",\"inLanguage\":\"hr\",\"@id\":\"https:\\\/\\\/radioljubuski.ba\\\/index.php\\\/2021\\\/12\\\/30\\\/bakir-izetbegovic-cinimo-sve-da-se-hrvati-u-bih-osjecaju-relaksirano\\\/#primaryimage\",\"url\":\"https:\\\/\\\/radioljubuski.ba\\\/wp-content\\\/uploads\\\/2021\\\/12\\\/izetbegovic_HRT.jpg\",\"contentUrl\":\"https:\\\/\\\/radioljubuski.ba\\\/wp-content\\\/uploads\\\/2021\\\/12\\\/izetbegovic_HRT.jpg\",\"width\":1280,\"height\":880},{\"@type\":\"BreadcrumbList\",\"@id\":\"https:\\\/\\\/radioljubuski.ba\\\/index.php\\\/2021\\\/12\\\/30\\\/bakir-izetbegovic-cinimo-sve-da-se-hrvati-u-bih-osjecaju-relaksirano\\\/#breadcrumb\",\"itemListElement\":[{\"@type\":\"ListItem\",\"position\":1,\"name\":\"Po\u010detna stranica\",\"item\":\"https:\\\/\\\/radioljubuski.ba\\\/\"},{\"@type\":\"ListItem\",\"position\":2,\"name\":\"Bakir Izetbegovi\u0107: \u010cinimo sve da se Hrvati u BiH osje\u0107aju &#8220;relaksirano&#8221;\"}]},{\"@type\":\"WebSite\",\"@id\":\"https:\\\/\\\/radioljubuski.ba\\\/#website\",\"url\":\"https:\\\/\\\/radioljubuski.ba\\\/\",\"name\":\"Radio Ljubu\u0161ki\",\"description\":\"Sun\u010dana frekvencija Hercegovine\",\"publisher\":{\"@id\":\"https:\\\/\\\/radioljubuski.ba\\\/#organization\"},\"potentialAction\":[{\"@type\":\"SearchAction\",\"target\":{\"@type\":\"EntryPoint\",\"urlTemplate\":\"https:\\\/\\\/radioljubuski.ba\\\/?s={search_term_string}\"},\"query-input\":{\"@type\":\"PropertyValueSpecification\",\"valueRequired\":true,\"valueName\":\"search_term_string\"}}],\"inLanguage\":\"hr\"},{\"@type\":\"Organization\",\"@id\":\"https:\\\/\\\/radioljubuski.ba\\\/#organization\",\"name\":\"Radio Ljubu\u0161ki\",\"url\":\"https:\\\/\\\/radioljubuski.ba\\\/\",\"logo\":{\"@type\":\"ImageObject\",\"inLanguage\":\"hr\",\"@id\":\"https:\\\/\\\/radioljubuski.ba\\\/#\\\/schema\\\/logo\\\/image\\\/\",\"url\":\"https:\\\/\\\/radioljubuski.ba\\\/wp-content\\\/uploads\\\/2021\\\/02\\\/cropped-Radio_Ljubuski_logo1.jpg\",\"contentUrl\":\"https:\\\/\\\/radioljubuski.ba\\\/wp-content\\\/uploads\\\/2021\\\/02\\\/cropped-Radio_Ljubuski_logo1.jpg\",\"width\":512,\"height\":512,\"caption\":\"Radio Ljubu\u0161ki\"},\"image\":{\"@id\":\"https:\\\/\\\/radioljubuski.ba\\\/#\\\/schema\\\/logo\\\/image\\\/\"},\"sameAs\":[\"https:\\\/\\\/www.facebook.com\\\/Radiio-Ljubuski-1490835324566332\",\"https:\\\/\\\/x.com\\\/radioljubuski\",\"https:\\\/\\\/hr.linkedin.com\\\/company\\\/radio-ljubuski\",\"https:\\\/\\\/www.youtube.com\\\/channel\\\/UCHYaeO_n0Db3tjNGudGpXyw\"]},{\"@type\":\"Person\",\"@id\":\"https:\\\/\\\/radioljubuski.ba\\\/#\\\/schema\\\/person\\\/19fc700381a780f69665d7956c469e3b\",\"name\":\"Radio Ljubu\u0161ki\"}]}<\/script>\n<!-- \/ Yoast SEO plugin. -->","yoast_head_json":{"title":"Bakir Izetbegovi\u0107: \u010cinimo sve da se Hrvati u BiH osje\u0107aju \"relaksirano\" - RADIO LJUBU\u0160KI","robots":{"index":"index","follow":"follow","max-snippet":"max-snippet:-1","max-image-preview":"max-image-preview:large","max-video-preview":"max-video-preview:-1"},"canonical":"https:\/\/radioljubuski.ba\/index.php\/2021\/12\/30\/bakir-izetbegovic-cinimo-sve-da-se-hrvati-u-bih-osjecaju-relaksirano\/","og_locale":"hr_HR","og_type":"article","og_title":"Bakir Izetbegovi\u0107: \u010cinimo sve da se Hrvati u BiH osje\u0107aju \"relaksirano\" - RADIO LJUBU\u0160KI","og_description":"&#8211; Ja u BiH ne vidim bo\u0161nja\u010dki unitarizam. \u010cinimo sve da se Hrvati, kao najmalobrojniji narod, osje\u0107aju &#8220;relaksirano&#8221;. Hrvati od 300 va\u017enih pozicija imaju 46 pozicija preko onoga \u0161to im Ustav garantira, izjavio je u intervjuu za Dnevnik HTV-a predsjednik Stranke demokratske akcije Bakir Izetbegovi\u0107.&nbsp; Izetbegovi\u0107eva stranka zasigurno dijeli odgovornost za najve\u0107u poslijeratnu politi\u010dku krizu [&hellip;]","og_url":"https:\/\/radioljubuski.ba\/index.php\/2021\/12\/30\/bakir-izetbegovic-cinimo-sve-da-se-hrvati-u-bih-osjecaju-relaksirano\/","og_site_name":"RADIO LJUBU\u0160KI","article_publisher":"https:\/\/www.facebook.com\/Radiio-Ljubuski-1490835324566332","article_published_time":"2021-12-30T10:48:17+00:00","og_image":[{"width":1280,"height":880,"url":"https:\/\/radioljubuski.ba\/wp-content\/uploads\/2021\/12\/izetbegovic_HRT.jpg","type":"image\/jpeg"}],"author":"Radio Ljubu\u0161ki","twitter_card":"summary_large_image","twitter_creator":"@radioljubuski","twitter_site":"@radioljubuski","twitter_misc":{"Napisao\/la":"Radio Ljubu\u0161ki","Procijenjeno vrijeme \u010ditanja":"4 minute"},"schema":{"@context":"https:\/\/schema.org","@graph":[{"@type":"Article","@id":"https:\/\/radioljubuski.ba\/index.php\/2021\/12\/30\/bakir-izetbegovic-cinimo-sve-da-se-hrvati-u-bih-osjecaju-relaksirano\/#article","isPartOf":{"@id":"https:\/\/radioljubuski.ba\/index.php\/2021\/12\/30\/bakir-izetbegovic-cinimo-sve-da-se-hrvati-u-bih-osjecaju-relaksirano\/"},"author":{"name":"Radio Ljubu\u0161ki","@id":"https:\/\/radioljubuski.ba\/#\/schema\/person\/19fc700381a780f69665d7956c469e3b"},"headline":"Bakir Izetbegovi\u0107: \u010cinimo sve da se Hrvati u BiH osje\u0107aju &#8220;relaksirano&#8221;","datePublished":"2021-12-30T10:48:17+00:00","mainEntityOfPage":{"@id":"https:\/\/radioljubuski.ba\/index.php\/2021\/12\/30\/bakir-izetbegovic-cinimo-sve-da-se-hrvati-u-bih-osjecaju-relaksirano\/"},"wordCount":933,"publisher":{"@id":"https:\/\/radioljubuski.ba\/#organization"},"image":{"@id":"https:\/\/radioljubuski.ba\/index.php\/2021\/12\/30\/bakir-izetbegovic-cinimo-sve-da-se-hrvati-u-bih-osjecaju-relaksirano\/#primaryimage"},"thumbnailUrl":"https:\/\/radioljubuski.ba\/wp-content\/uploads\/2021\/12\/izetbegovic_HRT.jpg","articleSection":["BIH i regija"],"inLanguage":"hr"},{"@type":"WebPage","@id":"https:\/\/radioljubuski.ba\/index.php\/2021\/12\/30\/bakir-izetbegovic-cinimo-sve-da-se-hrvati-u-bih-osjecaju-relaksirano\/","url":"https:\/\/radioljubuski.ba\/index.php\/2021\/12\/30\/bakir-izetbegovic-cinimo-sve-da-se-hrvati-u-bih-osjecaju-relaksirano\/","name":"Bakir Izetbegovi\u0107: \u010cinimo sve da se Hrvati u BiH osje\u0107aju \"relaksirano\" - RADIO LJUBU\u0160KI","isPartOf":{"@id":"https:\/\/radioljubuski.ba\/#website"},"primaryImageOfPage":{"@id":"https:\/\/radioljubuski.ba\/index.php\/2021\/12\/30\/bakir-izetbegovic-cinimo-sve-da-se-hrvati-u-bih-osjecaju-relaksirano\/#primaryimage"},"image":{"@id":"https:\/\/radioljubuski.ba\/index.php\/2021\/12\/30\/bakir-izetbegovic-cinimo-sve-da-se-hrvati-u-bih-osjecaju-relaksirano\/#primaryimage"},"thumbnailUrl":"https:\/\/radioljubuski.ba\/wp-content\/uploads\/2021\/12\/izetbegovic_HRT.jpg","datePublished":"2021-12-30T10:48:17+00:00","breadcrumb":{"@id":"https:\/\/radioljubuski.ba\/index.php\/2021\/12\/30\/bakir-izetbegovic-cinimo-sve-da-se-hrvati-u-bih-osjecaju-relaksirano\/#breadcrumb"},"inLanguage":"hr","potentialAction":[{"@type":"ReadAction","target":["https:\/\/radioljubuski.ba\/index.php\/2021\/12\/30\/bakir-izetbegovic-cinimo-sve-da-se-hrvati-u-bih-osjecaju-relaksirano\/"]}]},{"@type":"ImageObject","inLanguage":"hr","@id":"https:\/\/radioljubuski.ba\/index.php\/2021\/12\/30\/bakir-izetbegovic-cinimo-sve-da-se-hrvati-u-bih-osjecaju-relaksirano\/#primaryimage","url":"https:\/\/radioljubuski.ba\/wp-content\/uploads\/2021\/12\/izetbegovic_HRT.jpg","contentUrl":"https:\/\/radioljubuski.ba\/wp-content\/uploads\/2021\/12\/izetbegovic_HRT.jpg","width":1280,"height":880},{"@type":"BreadcrumbList","@id":"https:\/\/radioljubuski.ba\/index.php\/2021\/12\/30\/bakir-izetbegovic-cinimo-sve-da-se-hrvati-u-bih-osjecaju-relaksirano\/#breadcrumb","itemListElement":[{"@type":"ListItem","position":1,"name":"Po\u010detna stranica","item":"https:\/\/radioljubuski.ba\/"},{"@type":"ListItem","position":2,"name":"Bakir Izetbegovi\u0107: \u010cinimo sve da se Hrvati u BiH osje\u0107aju &#8220;relaksirano&#8221;"}]},{"@type":"WebSite","@id":"https:\/\/radioljubuski.ba\/#website","url":"https:\/\/radioljubuski.ba\/","name":"Radio Ljubu\u0161ki","description":"Sun\u010dana frekvencija Hercegovine","publisher":{"@id":"https:\/\/radioljubuski.ba\/#organization"},"potentialAction":[{"@type":"SearchAction","target":{"@type":"EntryPoint","urlTemplate":"https:\/\/radioljubuski.ba\/?s={search_term_string}"},"query-input":{"@type":"PropertyValueSpecification","valueRequired":true,"valueName":"search_term_string"}}],"inLanguage":"hr"},{"@type":"Organization","@id":"https:\/\/radioljubuski.ba\/#organization","name":"Radio Ljubu\u0161ki","url":"https:\/\/radioljubuski.ba\/","logo":{"@type":"ImageObject","inLanguage":"hr","@id":"https:\/\/radioljubuski.ba\/#\/schema\/logo\/image\/","url":"https:\/\/radioljubuski.ba\/wp-content\/uploads\/2021\/02\/cropped-Radio_Ljubuski_logo1.jpg","contentUrl":"https:\/\/radioljubuski.ba\/wp-content\/uploads\/2021\/02\/cropped-Radio_Ljubuski_logo1.jpg","width":512,"height":512,"caption":"Radio Ljubu\u0161ki"},"image":{"@id":"https:\/\/radioljubuski.ba\/#\/schema\/logo\/image\/"},"sameAs":["https:\/\/www.facebook.com\/Radiio-Ljubuski-1490835324566332","https:\/\/x.com\/radioljubuski","https:\/\/hr.linkedin.com\/company\/radio-ljubuski","https:\/\/www.youtube.com\/channel\/UCHYaeO_n0Db3tjNGudGpXyw"]},{"@type":"Person","@id":"https:\/\/radioljubuski.ba\/#\/schema\/person\/19fc700381a780f69665d7956c469e3b","name":"Radio Ljubu\u0161ki"}]}},"_links":{"self":[{"href":"https:\/\/radioljubuski.ba\/index.php\/wp-json\/wp\/v2\/posts\/103940","targetHints":{"allow":["GET"]}}],"collection":[{"href":"https:\/\/radioljubuski.ba\/index.php\/wp-json\/wp\/v2\/posts"}],"about":[{"href":"https:\/\/radioljubuski.ba\/index.php\/wp-json\/wp\/v2\/types\/post"}],"author":[{"embeddable":true,"href":"https:\/\/radioljubuski.ba\/index.php\/wp-json\/wp\/v2\/users\/2"}],"replies":[{"embeddable":true,"href":"https:\/\/radioljubuski.ba\/index.php\/wp-json\/wp\/v2\/comments?post=103940"}],"version-history":[{"count":1,"href":"https:\/\/radioljubuski.ba\/index.php\/wp-json\/wp\/v2\/posts\/103940\/revisions"}],"predecessor-version":[{"id":103944,"href":"https:\/\/radioljubuski.ba\/index.php\/wp-json\/wp\/v2\/posts\/103940\/revisions\/103944"}],"wp:featuredmedia":[{"embeddable":true,"href":"https:\/\/radioljubuski.ba\/index.php\/wp-json\/wp\/v2\/media\/103941"}],"wp:attachment":[{"href":"https:\/\/radioljubuski.ba\/index.php\/wp-json\/wp\/v2\/media?parent=103940"}],"wp:term":[{"taxonomy":"category","embeddable":true,"href":"https:\/\/radioljubuski.ba\/index.php\/wp-json\/wp\/v2\/categories?post=103940"},{"taxonomy":"post_tag","embeddable":true,"href":"https:\/\/radioljubuski.ba\/index.php\/wp-json\/wp\/v2\/tags?post=103940"}],"curies":[{"name":"wp","href":"https:\/\/api.w.org\/{rel}","templated":true}]}}