{"id":103965,"date":"2021-12-30T13:30:09","date_gmt":"2021-12-30T12:30:09","guid":{"rendered":"https:\/\/radioljubuski.ba\/?p=103965"},"modified":"2021-12-30T13:30:11","modified_gmt":"2021-12-30T12:30:11","slug":"pokojnom-keti-otpjevao-nema-vise-druga-mog-sad-je-za-svog-prijatelja-osvojio-kutiju-sibica","status":"publish","type":"post","link":"https:\/\/radioljubuski.ba\/index.php\/2021\/12\/30\/pokojnom-keti-otpjevao-nema-vise-druga-mog-sad-je-za-svog-prijatelja-osvojio-kutiju-sibica\/","title":{"rendered":"Pokojnom Keti otpjevao &#8216;Nema vi\u0161e druga mog&#8217;. Sad je za svog prijatelja osvojio Kutiju \u0161ibica"},"content":{"rendered":"\n<p>Prije ne\u0161to manje od mjesec dana Romano Vlaho (25) na YouTubeu je izdao cover pjesme &#8220;Nema vi\u0161e druga mog&#8221; koju je posvetio Kre\u0161imiru Bandi\u0107u Keti, biv\u0161em golmanu \u0160irokog Brijega \u010dije je srce u 24. godini iznenada prestalo kucati u o\u017eujku 2019. Pozlilo mu je dok je gledao utakmicu Dinama u Europskoj ligi. Dinama kojega je jako volio, pi\u0161e <a href=\"https:\/\/www.24sata.hr\/sport\/pokojnom-keti-otpjevao-nema-vise-druga-mog-sad-je-za-svog-prijatelja-osvojio-kutiju-sibica-806092\">24sata.<\/a><\/p>\n\n\n\n<p>Ove godine njegovi prijatelji iz Mostara, me\u0111u kojima je i Vlaho, odlu\u010dili su okupiti mom\u010dad i prijaviti se na 50. malonogometni turnir Kutija \u0161ibica kako bi se za Ketu jo\u0161 jednom \u010dulo diljem Hrvatske. Ne samo da su u tome uspjeli, nego u Hercegovinu vra\u0107aju i trofej uz nagradu od 60.000 kuna. Pobijedili su na sedmerce u finalu Polikliniku Milojevi\u0107 4-3.<\/p>\n\n\n\n<p>Romano, kojega zovu \u0106one, nekad je bio igra\u010d velikog nogometa, reprezentativac Bosne i Hercegovine u mla\u0111im kategorijama. Igrao je desno krilo za Zrinjski i Branitelja iz Mostara te ljubu\u0161ku Slogu, a dospio je \u010dak i do Hoffenheima koji ga je zvao na probu. Nije pro\u0161ao, umirovio se 2014. i posvetio pjevanju, a i dalje rado zaigra futsal.<\/p>\n\n\n\n<p>Keta vi\u0161e nije uz njega. Bol je velika, bili su bliski prijatelji.<\/p>\n\n\n\n<p>-Sve \u0161to sam prolazio u tim mladim danima, prolazio je i pokojni Keta. Bili smo susjedi, skupa smo i\u0161li na treninge, dru\u017eili se, bili smo zaista pravi prijatelji. Taj momak je bio od svih nas najve\u0107i profesionalac i puno prije je sazrio nego drugi igra\u010di iz generacije uklju\u010duju\u0107i i mene. Njegova tragi\u010dna smrt za mene je i dan danas ne\u0161to \u0161to nisam prihvatio i ne\u0161to \u0161to je ostavilo jako velik o\u017eiljak u meni. Bili smo poput bra\u0107e, njegov odlazak u meni je ostavio ogromnu prazninu koja se nikada ne\u0107e popuniti &#8211; rekao je Vlaho jednom prilikom za SportSport.ba.<\/p>\n\n\n\n<p>Bio je najbolji malonogometni igra\u010d Hercegovine u 2018., ali je shvatio i da ima sluha za pjevanje. S ocem Markom nekoliko je puta nastupio na svadbama.<\/p>\n\n\n\n<p>-Ne mogu pore\u0107i da je nogomet bio prva ljubav, prva strast i prva stvar koja me u \u017eivotu pokrenula, no s muzikom, koja je u na\u0161oj obitelji otkada znam za sebe, bilo je druk\u010dije. Ona me vremenom kupila, otkrio sam je kasnije, ali zaista moram priznati da mi pjevanje pri\u010dinjava ve\u0107e zadovoljstvo nego nogomet u kojem tako\u0111er jo\u0161 u\u017eivam, ali za razliku od nogometa od kojeg me odvojilo dosta toga, za glazbu vjerujem, nadam se da \u0107u uspjeti. Moram nadodati da i bavljenje glazbom kao i nogomet iziskuje veliki rad, napor i odricanje, ali ako se ne\u0161to voli i ako vjeruje\u0161 u sebe mislim da to olak\u0161ava put do kona\u010dnog cilja &#8211; rekao je Vlaho.<\/p>\n\n\n\n<p>Na Kutiji je nastupio u pet utakmica, zabio i jedan gol u prvom nastupu protiv mom\u010dadi Benc &#8211; Elmo. Na kraju je i podigao pehar.<\/p>\n\n\n\n<p>&#8220;Jer sve na tebe sje\u0107a sad, \u010da\u0161a vina, Mostar grad, mrzim ono &#8216;ako umre mlad'&#8221;, pjeva Vlaho u obradi pjesme za prijatelja Ketu koji negdje sve to prati s boljeg mjesta i sigurno je ponosan.<\/p>\n\n\n\nhttps:\/\/www.youtube.com\/watch?v=h_3P9NMr7fY\n\n\n\n<p>Izvor:24sata.hr<\/p>\n","protected":false},"excerpt":{"rendered":"<p>Prije ne\u0161to manje od mjesec dana Romano Vlaho (25) na YouTubeu je izdao cover pjesme &#8220;Nema vi\u0161e druga mog&#8221; koju je posvetio Kre\u0161imiru Bandi\u0107u Keti, biv\u0161em golmanu \u0160irokog Brijega \u010dije je srce u 24. godini iznenada prestalo kucati u o\u017eujku 2019. Pozlilo mu je dok je gledao utakmicu Dinama u Europskoj ligi. Dinama kojega je [&hellip;]<\/p>\n","protected":false},"author":2,"featured_media":103966,"comment_status":"closed","ping_status":"closed","sticky":false,"template":"","format":"standard","meta":{"h5ap_radio_sources":[],"footnotes":""},"categories":[7],"tags":[],"class_list":["post-103965","post","type-post","status-publish","format-standard","has-post-thumbnail","hentry","category-sport"],"yoast_head":"<!-- This site is optimized with the Yoast SEO plugin v27.4 - https:\/\/yoast.com\/product\/yoast-seo-wordpress\/ -->\n<title>Pokojnom Keti otpjevao &#039;Nema vi\u0161e druga mog&#039;. Sad je za svog prijatelja osvojio Kutiju \u0161ibica - RADIO LJUBU\u0160KI<\/title>\n<meta name=\"robots\" content=\"index, follow, max-snippet:-1, max-image-preview:large, max-video-preview:-1\" \/>\n<link rel=\"canonical\" href=\"https:\/\/radioljubuski.ba\/index.php\/2021\/12\/30\/pokojnom-keti-otpjevao-nema-vise-druga-mog-sad-je-za-svog-prijatelja-osvojio-kutiju-sibica\/\" \/>\n<meta property=\"og:locale\" content=\"hr_HR\" \/>\n<meta property=\"og:type\" content=\"article\" \/>\n<meta property=\"og:title\" content=\"Pokojnom Keti otpjevao &#039;Nema vi\u0161e druga mog&#039;. Sad je za svog prijatelja osvojio Kutiju \u0161ibica - RADIO LJUBU\u0160KI\" \/>\n<meta property=\"og:description\" content=\"Prije ne\u0161to manje od mjesec dana Romano Vlaho (25) na YouTubeu je izdao cover pjesme &#8220;Nema vi\u0161e druga mog&#8221; koju je posvetio Kre\u0161imiru Bandi\u0107u Keti, biv\u0161em golmanu \u0160irokog Brijega \u010dije je srce u 24. godini iznenada prestalo kucati u o\u017eujku 2019. Pozlilo mu je dok je gledao utakmicu Dinama u Europskoj ligi. Dinama kojega je [&hellip;]\" \/>\n<meta property=\"og:url\" content=\"https:\/\/radioljubuski.ba\/index.php\/2021\/12\/30\/pokojnom-keti-otpjevao-nema-vise-druga-mog-sad-je-za-svog-prijatelja-osvojio-kutiju-sibica\/\" \/>\n<meta property=\"og:site_name\" content=\"RADIO LJUBU\u0160KI\" \/>\n<meta property=\"article:publisher\" content=\"https:\/\/www.facebook.com\/Radiio-Ljubuski-1490835324566332\" \/>\n<meta property=\"article:published_time\" content=\"2021-12-30T12:30:09+00:00\" \/>\n<meta property=\"article:modified_time\" content=\"2021-12-30T12:30:11+00:00\" \/>\n<meta property=\"og:image\" content=\"https:\/\/radioljubuski.ba\/wp-content\/uploads\/2021\/12\/2-2021-12-30-07-51-47-keta.jpg\" \/>\n\t<meta property=\"og:image:width\" content=\"1000\" \/>\n\t<meta property=\"og:image:height\" content=\"625\" \/>\n\t<meta property=\"og:image:type\" content=\"image\/jpeg\" \/>\n<meta name=\"author\" content=\"Radio Ljubu\u0161ki\" \/>\n<meta name=\"twitter:card\" content=\"summary_large_image\" \/>\n<meta name=\"twitter:creator\" content=\"@radioljubuski\" \/>\n<meta name=\"twitter:site\" content=\"@radioljubuski\" \/>\n<meta name=\"twitter:label1\" content=\"Napisao\/la\" \/>\n\t<meta name=\"twitter:data1\" content=\"Radio Ljubu\u0161ki\" \/>\n\t<meta name=\"twitter:label2\" content=\"Procijenjeno vrijeme \u010ditanja\" \/>\n\t<meta name=\"twitter:data2\" content=\"3 minute\" \/>\n<script type=\"application\/ld+json\" class=\"yoast-schema-graph\">{\"@context\":\"https:\\\/\\\/schema.org\",\"@graph\":[{\"@type\":\"Article\",\"@id\":\"https:\\\/\\\/radioljubuski.ba\\\/index.php\\\/2021\\\/12\\\/30\\\/pokojnom-keti-otpjevao-nema-vise-druga-mog-sad-je-za-svog-prijatelja-osvojio-kutiju-sibica\\\/#article\",\"isPartOf\":{\"@id\":\"https:\\\/\\\/radioljubuski.ba\\\/index.php\\\/2021\\\/12\\\/30\\\/pokojnom-keti-otpjevao-nema-vise-druga-mog-sad-je-za-svog-prijatelja-osvojio-kutiju-sibica\\\/\"},\"author\":{\"name\":\"Radio Ljubu\u0161ki\",\"@id\":\"https:\\\/\\\/radioljubuski.ba\\\/#\\\/schema\\\/person\\\/19fc700381a780f69665d7956c469e3b\"},\"headline\":\"Pokojnom Keti otpjevao &#8216;Nema vi\u0161e druga mog&#8217;. Sad je za svog prijatelja osvojio Kutiju \u0161ibica\",\"datePublished\":\"2021-12-30T12:30:09+00:00\",\"dateModified\":\"2021-12-30T12:30:11+00:00\",\"mainEntityOfPage\":{\"@id\":\"https:\\\/\\\/radioljubuski.ba\\\/index.php\\\/2021\\\/12\\\/30\\\/pokojnom-keti-otpjevao-nema-vise-druga-mog-sad-je-za-svog-prijatelja-osvojio-kutiju-sibica\\\/\"},\"wordCount\":551,\"publisher\":{\"@id\":\"https:\\\/\\\/radioljubuski.ba\\\/#organization\"},\"image\":{\"@id\":\"https:\\\/\\\/radioljubuski.ba\\\/index.php\\\/2021\\\/12\\\/30\\\/pokojnom-keti-otpjevao-nema-vise-druga-mog-sad-je-za-svog-prijatelja-osvojio-kutiju-sibica\\\/#primaryimage\"},\"thumbnailUrl\":\"https:\\\/\\\/radioljubuski.ba\\\/wp-content\\\/uploads\\\/2021\\\/12\\\/2-2021-12-30-07-51-47-keta.jpg\",\"articleSection\":[\"\u0160port\"],\"inLanguage\":\"hr\"},{\"@type\":\"WebPage\",\"@id\":\"https:\\\/\\\/radioljubuski.ba\\\/index.php\\\/2021\\\/12\\\/30\\\/pokojnom-keti-otpjevao-nema-vise-druga-mog-sad-je-za-svog-prijatelja-osvojio-kutiju-sibica\\\/\",\"url\":\"https:\\\/\\\/radioljubuski.ba\\\/index.php\\\/2021\\\/12\\\/30\\\/pokojnom-keti-otpjevao-nema-vise-druga-mog-sad-je-za-svog-prijatelja-osvojio-kutiju-sibica\\\/\",\"name\":\"Pokojnom Keti otpjevao 'Nema vi\u0161e druga mog'. Sad je za svog prijatelja osvojio Kutiju \u0161ibica - RADIO LJUBU\u0160KI\",\"isPartOf\":{\"@id\":\"https:\\\/\\\/radioljubuski.ba\\\/#website\"},\"primaryImageOfPage\":{\"@id\":\"https:\\\/\\\/radioljubuski.ba\\\/index.php\\\/2021\\\/12\\\/30\\\/pokojnom-keti-otpjevao-nema-vise-druga-mog-sad-je-za-svog-prijatelja-osvojio-kutiju-sibica\\\/#primaryimage\"},\"image\":{\"@id\":\"https:\\\/\\\/radioljubuski.ba\\\/index.php\\\/2021\\\/12\\\/30\\\/pokojnom-keti-otpjevao-nema-vise-druga-mog-sad-je-za-svog-prijatelja-osvojio-kutiju-sibica\\\/#primaryimage\"},\"thumbnailUrl\":\"https:\\\/\\\/radioljubuski.ba\\\/wp-content\\\/uploads\\\/2021\\\/12\\\/2-2021-12-30-07-51-47-keta.jpg\",\"datePublished\":\"2021-12-30T12:30:09+00:00\",\"dateModified\":\"2021-12-30T12:30:11+00:00\",\"breadcrumb\":{\"@id\":\"https:\\\/\\\/radioljubuski.ba\\\/index.php\\\/2021\\\/12\\\/30\\\/pokojnom-keti-otpjevao-nema-vise-druga-mog-sad-je-za-svog-prijatelja-osvojio-kutiju-sibica\\\/#breadcrumb\"},\"inLanguage\":\"hr\",\"potentialAction\":[{\"@type\":\"ReadAction\",\"target\":[\"https:\\\/\\\/radioljubuski.ba\\\/index.php\\\/2021\\\/12\\\/30\\\/pokojnom-keti-otpjevao-nema-vise-druga-mog-sad-je-za-svog-prijatelja-osvojio-kutiju-sibica\\\/\"]}]},{\"@type\":\"ImageObject\",\"inLanguage\":\"hr\",\"@id\":\"https:\\\/\\\/radioljubuski.ba\\\/index.php\\\/2021\\\/12\\\/30\\\/pokojnom-keti-otpjevao-nema-vise-druga-mog-sad-je-za-svog-prijatelja-osvojio-kutiju-sibica\\\/#primaryimage\",\"url\":\"https:\\\/\\\/radioljubuski.ba\\\/wp-content\\\/uploads\\\/2021\\\/12\\\/2-2021-12-30-07-51-47-keta.jpg\",\"contentUrl\":\"https:\\\/\\\/radioljubuski.ba\\\/wp-content\\\/uploads\\\/2021\\\/12\\\/2-2021-12-30-07-51-47-keta.jpg\",\"width\":1000,\"height\":625},{\"@type\":\"BreadcrumbList\",\"@id\":\"https:\\\/\\\/radioljubuski.ba\\\/index.php\\\/2021\\\/12\\\/30\\\/pokojnom-keti-otpjevao-nema-vise-druga-mog-sad-je-za-svog-prijatelja-osvojio-kutiju-sibica\\\/#breadcrumb\",\"itemListElement\":[{\"@type\":\"ListItem\",\"position\":1,\"name\":\"Po\u010detna stranica\",\"item\":\"https:\\\/\\\/radioljubuski.ba\\\/\"},{\"@type\":\"ListItem\",\"position\":2,\"name\":\"Pokojnom Keti otpjevao &#8216;Nema vi\u0161e druga mog&#8217;. Sad je za svog prijatelja osvojio Kutiju \u0161ibica\"}]},{\"@type\":\"WebSite\",\"@id\":\"https:\\\/\\\/radioljubuski.ba\\\/#website\",\"url\":\"https:\\\/\\\/radioljubuski.ba\\\/\",\"name\":\"Radio Ljubu\u0161ki\",\"description\":\"Sun\u010dana frekvencija Hercegovine\",\"publisher\":{\"@id\":\"https:\\\/\\\/radioljubuski.ba\\\/#organization\"},\"potentialAction\":[{\"@type\":\"SearchAction\",\"target\":{\"@type\":\"EntryPoint\",\"urlTemplate\":\"https:\\\/\\\/radioljubuski.ba\\\/?s={search_term_string}\"},\"query-input\":{\"@type\":\"PropertyValueSpecification\",\"valueRequired\":true,\"valueName\":\"search_term_string\"}}],\"inLanguage\":\"hr\"},{\"@type\":\"Organization\",\"@id\":\"https:\\\/\\\/radioljubuski.ba\\\/#organization\",\"name\":\"Radio Ljubu\u0161ki\",\"url\":\"https:\\\/\\\/radioljubuski.ba\\\/\",\"logo\":{\"@type\":\"ImageObject\",\"inLanguage\":\"hr\",\"@id\":\"https:\\\/\\\/radioljubuski.ba\\\/#\\\/schema\\\/logo\\\/image\\\/\",\"url\":\"https:\\\/\\\/radioljubuski.ba\\\/wp-content\\\/uploads\\\/2021\\\/02\\\/cropped-Radio_Ljubuski_logo1.jpg\",\"contentUrl\":\"https:\\\/\\\/radioljubuski.ba\\\/wp-content\\\/uploads\\\/2021\\\/02\\\/cropped-Radio_Ljubuski_logo1.jpg\",\"width\":512,\"height\":512,\"caption\":\"Radio Ljubu\u0161ki\"},\"image\":{\"@id\":\"https:\\\/\\\/radioljubuski.ba\\\/#\\\/schema\\\/logo\\\/image\\\/\"},\"sameAs\":[\"https:\\\/\\\/www.facebook.com\\\/Radiio-Ljubuski-1490835324566332\",\"https:\\\/\\\/x.com\\\/radioljubuski\",\"https:\\\/\\\/hr.linkedin.com\\\/company\\\/radio-ljubuski\",\"https:\\\/\\\/www.youtube.com\\\/channel\\\/UCHYaeO_n0Db3tjNGudGpXyw\"]},{\"@type\":\"Person\",\"@id\":\"https:\\\/\\\/radioljubuski.ba\\\/#\\\/schema\\\/person\\\/19fc700381a780f69665d7956c469e3b\",\"name\":\"Radio Ljubu\u0161ki\"}]}<\/script>\n<!-- \/ Yoast SEO plugin. -->","yoast_head_json":{"title":"Pokojnom Keti otpjevao 'Nema vi\u0161e druga mog'. Sad je za svog prijatelja osvojio Kutiju \u0161ibica - RADIO LJUBU\u0160KI","robots":{"index":"index","follow":"follow","max-snippet":"max-snippet:-1","max-image-preview":"max-image-preview:large","max-video-preview":"max-video-preview:-1"},"canonical":"https:\/\/radioljubuski.ba\/index.php\/2021\/12\/30\/pokojnom-keti-otpjevao-nema-vise-druga-mog-sad-je-za-svog-prijatelja-osvojio-kutiju-sibica\/","og_locale":"hr_HR","og_type":"article","og_title":"Pokojnom Keti otpjevao 'Nema vi\u0161e druga mog'. Sad je za svog prijatelja osvojio Kutiju \u0161ibica - RADIO LJUBU\u0160KI","og_description":"Prije ne\u0161to manje od mjesec dana Romano Vlaho (25) na YouTubeu je izdao cover pjesme &#8220;Nema vi\u0161e druga mog&#8221; koju je posvetio Kre\u0161imiru Bandi\u0107u Keti, biv\u0161em golmanu \u0160irokog Brijega \u010dije je srce u 24. godini iznenada prestalo kucati u o\u017eujku 2019. Pozlilo mu je dok je gledao utakmicu Dinama u Europskoj ligi. Dinama kojega je [&hellip;]","og_url":"https:\/\/radioljubuski.ba\/index.php\/2021\/12\/30\/pokojnom-keti-otpjevao-nema-vise-druga-mog-sad-je-za-svog-prijatelja-osvojio-kutiju-sibica\/","og_site_name":"RADIO LJUBU\u0160KI","article_publisher":"https:\/\/www.facebook.com\/Radiio-Ljubuski-1490835324566332","article_published_time":"2021-12-30T12:30:09+00:00","article_modified_time":"2021-12-30T12:30:11+00:00","og_image":[{"width":1000,"height":625,"url":"https:\/\/radioljubuski.ba\/wp-content\/uploads\/2021\/12\/2-2021-12-30-07-51-47-keta.jpg","type":"image\/jpeg"}],"author":"Radio Ljubu\u0161ki","twitter_card":"summary_large_image","twitter_creator":"@radioljubuski","twitter_site":"@radioljubuski","twitter_misc":{"Napisao\/la":"Radio Ljubu\u0161ki","Procijenjeno vrijeme \u010ditanja":"3 minute"},"schema":{"@context":"https:\/\/schema.org","@graph":[{"@type":"Article","@id":"https:\/\/radioljubuski.ba\/index.php\/2021\/12\/30\/pokojnom-keti-otpjevao-nema-vise-druga-mog-sad-je-za-svog-prijatelja-osvojio-kutiju-sibica\/#article","isPartOf":{"@id":"https:\/\/radioljubuski.ba\/index.php\/2021\/12\/30\/pokojnom-keti-otpjevao-nema-vise-druga-mog-sad-je-za-svog-prijatelja-osvojio-kutiju-sibica\/"},"author":{"name":"Radio Ljubu\u0161ki","@id":"https:\/\/radioljubuski.ba\/#\/schema\/person\/19fc700381a780f69665d7956c469e3b"},"headline":"Pokojnom Keti otpjevao &#8216;Nema vi\u0161e druga mog&#8217;. Sad je za svog prijatelja osvojio Kutiju \u0161ibica","datePublished":"2021-12-30T12:30:09+00:00","dateModified":"2021-12-30T12:30:11+00:00","mainEntityOfPage":{"@id":"https:\/\/radioljubuski.ba\/index.php\/2021\/12\/30\/pokojnom-keti-otpjevao-nema-vise-druga-mog-sad-je-za-svog-prijatelja-osvojio-kutiju-sibica\/"},"wordCount":551,"publisher":{"@id":"https:\/\/radioljubuski.ba\/#organization"},"image":{"@id":"https:\/\/radioljubuski.ba\/index.php\/2021\/12\/30\/pokojnom-keti-otpjevao-nema-vise-druga-mog-sad-je-za-svog-prijatelja-osvojio-kutiju-sibica\/#primaryimage"},"thumbnailUrl":"https:\/\/radioljubuski.ba\/wp-content\/uploads\/2021\/12\/2-2021-12-30-07-51-47-keta.jpg","articleSection":["\u0160port"],"inLanguage":"hr"},{"@type":"WebPage","@id":"https:\/\/radioljubuski.ba\/index.php\/2021\/12\/30\/pokojnom-keti-otpjevao-nema-vise-druga-mog-sad-je-za-svog-prijatelja-osvojio-kutiju-sibica\/","url":"https:\/\/radioljubuski.ba\/index.php\/2021\/12\/30\/pokojnom-keti-otpjevao-nema-vise-druga-mog-sad-je-za-svog-prijatelja-osvojio-kutiju-sibica\/","name":"Pokojnom Keti otpjevao 'Nema vi\u0161e druga mog'. Sad je za svog prijatelja osvojio Kutiju \u0161ibica - RADIO LJUBU\u0160KI","isPartOf":{"@id":"https:\/\/radioljubuski.ba\/#website"},"primaryImageOfPage":{"@id":"https:\/\/radioljubuski.ba\/index.php\/2021\/12\/30\/pokojnom-keti-otpjevao-nema-vise-druga-mog-sad-je-za-svog-prijatelja-osvojio-kutiju-sibica\/#primaryimage"},"image":{"@id":"https:\/\/radioljubuski.ba\/index.php\/2021\/12\/30\/pokojnom-keti-otpjevao-nema-vise-druga-mog-sad-je-za-svog-prijatelja-osvojio-kutiju-sibica\/#primaryimage"},"thumbnailUrl":"https:\/\/radioljubuski.ba\/wp-content\/uploads\/2021\/12\/2-2021-12-30-07-51-47-keta.jpg","datePublished":"2021-12-30T12:30:09+00:00","dateModified":"2021-12-30T12:30:11+00:00","breadcrumb":{"@id":"https:\/\/radioljubuski.ba\/index.php\/2021\/12\/30\/pokojnom-keti-otpjevao-nema-vise-druga-mog-sad-je-za-svog-prijatelja-osvojio-kutiju-sibica\/#breadcrumb"},"inLanguage":"hr","potentialAction":[{"@type":"ReadAction","target":["https:\/\/radioljubuski.ba\/index.php\/2021\/12\/30\/pokojnom-keti-otpjevao-nema-vise-druga-mog-sad-je-za-svog-prijatelja-osvojio-kutiju-sibica\/"]}]},{"@type":"ImageObject","inLanguage":"hr","@id":"https:\/\/radioljubuski.ba\/index.php\/2021\/12\/30\/pokojnom-keti-otpjevao-nema-vise-druga-mog-sad-je-za-svog-prijatelja-osvojio-kutiju-sibica\/#primaryimage","url":"https:\/\/radioljubuski.ba\/wp-content\/uploads\/2021\/12\/2-2021-12-30-07-51-47-keta.jpg","contentUrl":"https:\/\/radioljubuski.ba\/wp-content\/uploads\/2021\/12\/2-2021-12-30-07-51-47-keta.jpg","width":1000,"height":625},{"@type":"BreadcrumbList","@id":"https:\/\/radioljubuski.ba\/index.php\/2021\/12\/30\/pokojnom-keti-otpjevao-nema-vise-druga-mog-sad-je-za-svog-prijatelja-osvojio-kutiju-sibica\/#breadcrumb","itemListElement":[{"@type":"ListItem","position":1,"name":"Po\u010detna stranica","item":"https:\/\/radioljubuski.ba\/"},{"@type":"ListItem","position":2,"name":"Pokojnom Keti otpjevao &#8216;Nema vi\u0161e druga mog&#8217;. Sad je za svog prijatelja osvojio Kutiju \u0161ibica"}]},{"@type":"WebSite","@id":"https:\/\/radioljubuski.ba\/#website","url":"https:\/\/radioljubuski.ba\/","name":"Radio Ljubu\u0161ki","description":"Sun\u010dana frekvencija Hercegovine","publisher":{"@id":"https:\/\/radioljubuski.ba\/#organization"},"potentialAction":[{"@type":"SearchAction","target":{"@type":"EntryPoint","urlTemplate":"https:\/\/radioljubuski.ba\/?s={search_term_string}"},"query-input":{"@type":"PropertyValueSpecification","valueRequired":true,"valueName":"search_term_string"}}],"inLanguage":"hr"},{"@type":"Organization","@id":"https:\/\/radioljubuski.ba\/#organization","name":"Radio Ljubu\u0161ki","url":"https:\/\/radioljubuski.ba\/","logo":{"@type":"ImageObject","inLanguage":"hr","@id":"https:\/\/radioljubuski.ba\/#\/schema\/logo\/image\/","url":"https:\/\/radioljubuski.ba\/wp-content\/uploads\/2021\/02\/cropped-Radio_Ljubuski_logo1.jpg","contentUrl":"https:\/\/radioljubuski.ba\/wp-content\/uploads\/2021\/02\/cropped-Radio_Ljubuski_logo1.jpg","width":512,"height":512,"caption":"Radio Ljubu\u0161ki"},"image":{"@id":"https:\/\/radioljubuski.ba\/#\/schema\/logo\/image\/"},"sameAs":["https:\/\/www.facebook.com\/Radiio-Ljubuski-1490835324566332","https:\/\/x.com\/radioljubuski","https:\/\/hr.linkedin.com\/company\/radio-ljubuski","https:\/\/www.youtube.com\/channel\/UCHYaeO_n0Db3tjNGudGpXyw"]},{"@type":"Person","@id":"https:\/\/radioljubuski.ba\/#\/schema\/person\/19fc700381a780f69665d7956c469e3b","name":"Radio Ljubu\u0161ki"}]}},"_links":{"self":[{"href":"https:\/\/radioljubuski.ba\/index.php\/wp-json\/wp\/v2\/posts\/103965","targetHints":{"allow":["GET"]}}],"collection":[{"href":"https:\/\/radioljubuski.ba\/index.php\/wp-json\/wp\/v2\/posts"}],"about":[{"href":"https:\/\/radioljubuski.ba\/index.php\/wp-json\/wp\/v2\/types\/post"}],"author":[{"embeddable":true,"href":"https:\/\/radioljubuski.ba\/index.php\/wp-json\/wp\/v2\/users\/2"}],"replies":[{"embeddable":true,"href":"https:\/\/radioljubuski.ba\/index.php\/wp-json\/wp\/v2\/comments?post=103965"}],"version-history":[{"count":1,"href":"https:\/\/radioljubuski.ba\/index.php\/wp-json\/wp\/v2\/posts\/103965\/revisions"}],"predecessor-version":[{"id":103967,"href":"https:\/\/radioljubuski.ba\/index.php\/wp-json\/wp\/v2\/posts\/103965\/revisions\/103967"}],"wp:featuredmedia":[{"embeddable":true,"href":"https:\/\/radioljubuski.ba\/index.php\/wp-json\/wp\/v2\/media\/103966"}],"wp:attachment":[{"href":"https:\/\/radioljubuski.ba\/index.php\/wp-json\/wp\/v2\/media?parent=103965"}],"wp:term":[{"taxonomy":"category","embeddable":true,"href":"https:\/\/radioljubuski.ba\/index.php\/wp-json\/wp\/v2\/categories?post=103965"},{"taxonomy":"post_tag","embeddable":true,"href":"https:\/\/radioljubuski.ba\/index.php\/wp-json\/wp\/v2\/tags?post=103965"}],"curies":[{"name":"wp","href":"https:\/\/api.w.org\/{rel}","templated":true}]}}