{"id":104032,"date":"2021-12-30T14:27:13","date_gmt":"2021-12-30T13:27:13","guid":{"rendered":"https:\/\/radioljubuski.ba\/?p=104032"},"modified":"2021-12-30T14:27:13","modified_gmt":"2021-12-30T13:27:13","slug":"stosur-ce-na-ao-okoncati-karijeru-u-singlu","status":"publish","type":"post","link":"https:\/\/radioljubuski.ba\/index.php\/2021\/12\/30\/stosur-ce-na-ao-okoncati-karijeru-u-singlu\/","title":{"rendered":"Stosur \u0107e na AO okon\u010dati karijeru u singlu"},"content":{"rendered":"\n<p>Australska tenisa\u010dica 37-godi\u0161nja Samantha Stosur \u0107e na Australian Openu okon\u010dati karijeru u singlu, ali \u0107e 2022. nastaviti igrati u parovima.<\/p>\n\n\n\n<p>Stosur, koja je 189. igra\u010dica na WTA listi, dobila je pozivnicu organizatora za nastup na Australian Openu, na kojem je dva puta u karijeri stigla do \u010detvrtog kola (2006., 2010.). Najbolji rezultat u pojedina\u010dnoj karijeri ostvarila je 2011. kada je osvojila US Open.<\/p>\n\n\n\n<p>Puno vi\u0161e uspjeha imala je igraju\u0107i u parovima, pa je tako osvojila \u010detiri Grand Slama u \u017eenskim parovima i jo\u0161 tri u mje\u0161ovitim parovima. Posljednji Grand Slam naslov osvojila je ove godine na US Openu, kada je s Kineskinjom <strong>Zhang Shuai<\/strong> slavila u \u017eenskim parovima.<\/p>\n\n\n\n<p>&#8211; Puno mi zna\u010di \u0161to \u0107u zavr\u0161iti singl karijeru pred svojom obitelji, prijateljima i australskim navija\u010dima. Sigurno \u0107e biti puno emocija, ali ovo je ono \u0161to sam \u017eeljela, okon\u010dati karijeru u Australiji. To je zavr\u0161etak prvog poglavlja karijere, jer ostatak 2022. planiram igrati parove, izjavila je Stosur.&nbsp;<\/p>\n\n\n\n<p>Izvor:hrt.hr<\/p>\n","protected":false},"excerpt":{"rendered":"<p>Australska tenisa\u010dica 37-godi\u0161nja Samantha Stosur \u0107e na Australian Openu okon\u010dati karijeru u singlu, ali \u0107e 2022. nastaviti igrati u parovima. Stosur, koja je 189. igra\u010dica na WTA listi, dobila je pozivnicu organizatora za nastup na Australian Openu, na kojem je dva puta u karijeri stigla do \u010detvrtog kola (2006., 2010.). Najbolji rezultat u pojedina\u010dnoj karijeri [&hellip;]<\/p>\n","protected":false},"author":2,"featured_media":0,"comment_status":"closed","ping_status":"closed","sticky":false,"template":"","format":"standard","meta":{"h5ap_radio_sources":[],"footnotes":""},"categories":[7],"tags":[],"class_list":["post-104032","post","type-post","status-publish","format-standard","hentry","category-sport"],"yoast_head":"<!-- This site is optimized with the Yoast SEO plugin v27.4 - https:\/\/yoast.com\/product\/yoast-seo-wordpress\/ -->\n<title>Stosur \u0107e na AO okon\u010dati karijeru u singlu - RADIO LJUBU\u0160KI<\/title>\n<meta name=\"robots\" content=\"index, follow, max-snippet:-1, max-image-preview:large, max-video-preview:-1\" \/>\n<link rel=\"canonical\" href=\"https:\/\/radioljubuski.ba\/index.php\/2021\/12\/30\/stosur-ce-na-ao-okoncati-karijeru-u-singlu\/\" \/>\n<meta property=\"og:locale\" content=\"hr_HR\" \/>\n<meta property=\"og:type\" content=\"article\" \/>\n<meta property=\"og:title\" content=\"Stosur \u0107e na AO okon\u010dati karijeru u singlu - RADIO LJUBU\u0160KI\" \/>\n<meta property=\"og:description\" content=\"Australska tenisa\u010dica 37-godi\u0161nja Samantha Stosur \u0107e na Australian Openu okon\u010dati karijeru u singlu, ali \u0107e 2022. nastaviti igrati u parovima. Stosur, koja je 189. igra\u010dica na WTA listi, dobila je pozivnicu organizatora za nastup na Australian Openu, na kojem je dva puta u karijeri stigla do \u010detvrtog kola (2006., 2010.). Najbolji rezultat u pojedina\u010dnoj karijeri [&hellip;]\" \/>\n<meta property=\"og:url\" content=\"https:\/\/radioljubuski.ba\/index.php\/2021\/12\/30\/stosur-ce-na-ao-okoncati-karijeru-u-singlu\/\" \/>\n<meta property=\"og:site_name\" content=\"RADIO LJUBU\u0160KI\" \/>\n<meta property=\"article:publisher\" content=\"https:\/\/www.facebook.com\/Radiio-Ljubuski-1490835324566332\" \/>\n<meta property=\"article:published_time\" content=\"2021-12-30T13:27:13+00:00\" \/>\n<meta property=\"og:image\" content=\"https:\/\/radioljubuski.ba\/wp-content\/uploads\/2021\/12\/stosur-scaled.jpg\" \/>\n\t<meta property=\"og:image:width\" content=\"2560\" \/>\n\t<meta property=\"og:image:height\" content=\"1607\" \/>\n\t<meta property=\"og:image:type\" content=\"image\/jpeg\" \/>\n<meta name=\"author\" content=\"Radio Ljubu\u0161ki\" \/>\n<meta name=\"twitter:card\" content=\"summary_large_image\" \/>\n<meta name=\"twitter:creator\" content=\"@radioljubuski\" \/>\n<meta name=\"twitter:site\" content=\"@radioljubuski\" \/>\n<meta name=\"twitter:label1\" content=\"Napisao\/la\" \/>\n\t<meta name=\"twitter:data1\" content=\"Radio Ljubu\u0161ki\" \/>\n\t<meta name=\"twitter:label2\" content=\"Procijenjeno vrijeme \u010ditanja\" \/>\n\t<meta name=\"twitter:data2\" content=\"1 minuta\" \/>\n<script type=\"application\/ld+json\" class=\"yoast-schema-graph\">{\"@context\":\"https:\\\/\\\/schema.org\",\"@graph\":[{\"@type\":\"Article\",\"@id\":\"https:\\\/\\\/radioljubuski.ba\\\/index.php\\\/2021\\\/12\\\/30\\\/stosur-ce-na-ao-okoncati-karijeru-u-singlu\\\/#article\",\"isPartOf\":{\"@id\":\"https:\\\/\\\/radioljubuski.ba\\\/index.php\\\/2021\\\/12\\\/30\\\/stosur-ce-na-ao-okoncati-karijeru-u-singlu\\\/\"},\"author\":{\"name\":\"Radio Ljubu\u0161ki\",\"@id\":\"https:\\\/\\\/radioljubuski.ba\\\/#\\\/schema\\\/person\\\/19fc700381a780f69665d7956c469e3b\"},\"headline\":\"Stosur \u0107e na AO okon\u010dati karijeru u singlu\",\"datePublished\":\"2021-12-30T13:27:13+00:00\",\"mainEntityOfPage\":{\"@id\":\"https:\\\/\\\/radioljubuski.ba\\\/index.php\\\/2021\\\/12\\\/30\\\/stosur-ce-na-ao-okoncati-karijeru-u-singlu\\\/\"},\"wordCount\":175,\"publisher\":{\"@id\":\"https:\\\/\\\/radioljubuski.ba\\\/#organization\"},\"articleSection\":[\"\u0160port\"],\"inLanguage\":\"hr\"},{\"@type\":\"WebPage\",\"@id\":\"https:\\\/\\\/radioljubuski.ba\\\/index.php\\\/2021\\\/12\\\/30\\\/stosur-ce-na-ao-okoncati-karijeru-u-singlu\\\/\",\"url\":\"https:\\\/\\\/radioljubuski.ba\\\/index.php\\\/2021\\\/12\\\/30\\\/stosur-ce-na-ao-okoncati-karijeru-u-singlu\\\/\",\"name\":\"Stosur \u0107e na AO okon\u010dati karijeru u singlu - RADIO LJUBU\u0160KI\",\"isPartOf\":{\"@id\":\"https:\\\/\\\/radioljubuski.ba\\\/#website\"},\"datePublished\":\"2021-12-30T13:27:13+00:00\",\"breadcrumb\":{\"@id\":\"https:\\\/\\\/radioljubuski.ba\\\/index.php\\\/2021\\\/12\\\/30\\\/stosur-ce-na-ao-okoncati-karijeru-u-singlu\\\/#breadcrumb\"},\"inLanguage\":\"hr\",\"potentialAction\":[{\"@type\":\"ReadAction\",\"target\":[\"https:\\\/\\\/radioljubuski.ba\\\/index.php\\\/2021\\\/12\\\/30\\\/stosur-ce-na-ao-okoncati-karijeru-u-singlu\\\/\"]}]},{\"@type\":\"BreadcrumbList\",\"@id\":\"https:\\\/\\\/radioljubuski.ba\\\/index.php\\\/2021\\\/12\\\/30\\\/stosur-ce-na-ao-okoncati-karijeru-u-singlu\\\/#breadcrumb\",\"itemListElement\":[{\"@type\":\"ListItem\",\"position\":1,\"name\":\"Po\u010detna stranica\",\"item\":\"https:\\\/\\\/radioljubuski.ba\\\/\"},{\"@type\":\"ListItem\",\"position\":2,\"name\":\"Stosur \u0107e na AO okon\u010dati karijeru u singlu\"}]},{\"@type\":\"WebSite\",\"@id\":\"https:\\\/\\\/radioljubuski.ba\\\/#website\",\"url\":\"https:\\\/\\\/radioljubuski.ba\\\/\",\"name\":\"Radio Ljubu\u0161ki\",\"description\":\"Sun\u010dana frekvencija Hercegovine\",\"publisher\":{\"@id\":\"https:\\\/\\\/radioljubuski.ba\\\/#organization\"},\"potentialAction\":[{\"@type\":\"SearchAction\",\"target\":{\"@type\":\"EntryPoint\",\"urlTemplate\":\"https:\\\/\\\/radioljubuski.ba\\\/?s={search_term_string}\"},\"query-input\":{\"@type\":\"PropertyValueSpecification\",\"valueRequired\":true,\"valueName\":\"search_term_string\"}}],\"inLanguage\":\"hr\"},{\"@type\":\"Organization\",\"@id\":\"https:\\\/\\\/radioljubuski.ba\\\/#organization\",\"name\":\"Radio Ljubu\u0161ki\",\"url\":\"https:\\\/\\\/radioljubuski.ba\\\/\",\"logo\":{\"@type\":\"ImageObject\",\"inLanguage\":\"hr\",\"@id\":\"https:\\\/\\\/radioljubuski.ba\\\/#\\\/schema\\\/logo\\\/image\\\/\",\"url\":\"https:\\\/\\\/radioljubuski.ba\\\/wp-content\\\/uploads\\\/2021\\\/02\\\/cropped-Radio_Ljubuski_logo1.jpg\",\"contentUrl\":\"https:\\\/\\\/radioljubuski.ba\\\/wp-content\\\/uploads\\\/2021\\\/02\\\/cropped-Radio_Ljubuski_logo1.jpg\",\"width\":512,\"height\":512,\"caption\":\"Radio Ljubu\u0161ki\"},\"image\":{\"@id\":\"https:\\\/\\\/radioljubuski.ba\\\/#\\\/schema\\\/logo\\\/image\\\/\"},\"sameAs\":[\"https:\\\/\\\/www.facebook.com\\\/Radiio-Ljubuski-1490835324566332\",\"https:\\\/\\\/x.com\\\/radioljubuski\",\"https:\\\/\\\/hr.linkedin.com\\\/company\\\/radio-ljubuski\",\"https:\\\/\\\/www.youtube.com\\\/channel\\\/UCHYaeO_n0Db3tjNGudGpXyw\"]},{\"@type\":\"Person\",\"@id\":\"https:\\\/\\\/radioljubuski.ba\\\/#\\\/schema\\\/person\\\/19fc700381a780f69665d7956c469e3b\",\"name\":\"Radio Ljubu\u0161ki\"}]}<\/script>\n<!-- \/ Yoast SEO plugin. -->","yoast_head_json":{"title":"Stosur \u0107e na AO okon\u010dati karijeru u singlu - RADIO LJUBU\u0160KI","robots":{"index":"index","follow":"follow","max-snippet":"max-snippet:-1","max-image-preview":"max-image-preview:large","max-video-preview":"max-video-preview:-1"},"canonical":"https:\/\/radioljubuski.ba\/index.php\/2021\/12\/30\/stosur-ce-na-ao-okoncati-karijeru-u-singlu\/","og_locale":"hr_HR","og_type":"article","og_title":"Stosur \u0107e na AO okon\u010dati karijeru u singlu - RADIO LJUBU\u0160KI","og_description":"Australska tenisa\u010dica 37-godi\u0161nja Samantha Stosur \u0107e na Australian Openu okon\u010dati karijeru u singlu, ali \u0107e 2022. nastaviti igrati u parovima. Stosur, koja je 189. igra\u010dica na WTA listi, dobila je pozivnicu organizatora za nastup na Australian Openu, na kojem je dva puta u karijeri stigla do \u010detvrtog kola (2006., 2010.). Najbolji rezultat u pojedina\u010dnoj karijeri [&hellip;]","og_url":"https:\/\/radioljubuski.ba\/index.php\/2021\/12\/30\/stosur-ce-na-ao-okoncati-karijeru-u-singlu\/","og_site_name":"RADIO LJUBU\u0160KI","article_publisher":"https:\/\/www.facebook.com\/Radiio-Ljubuski-1490835324566332","article_published_time":"2021-12-30T13:27:13+00:00","og_image":[{"width":2560,"height":1607,"url":"https:\/\/radioljubuski.ba\/wp-content\/uploads\/2021\/12\/stosur-scaled.jpg","type":"image\/jpeg"}],"author":"Radio Ljubu\u0161ki","twitter_card":"summary_large_image","twitter_creator":"@radioljubuski","twitter_site":"@radioljubuski","twitter_misc":{"Napisao\/la":"Radio Ljubu\u0161ki","Procijenjeno vrijeme \u010ditanja":"1 minuta"},"schema":{"@context":"https:\/\/schema.org","@graph":[{"@type":"Article","@id":"https:\/\/radioljubuski.ba\/index.php\/2021\/12\/30\/stosur-ce-na-ao-okoncati-karijeru-u-singlu\/#article","isPartOf":{"@id":"https:\/\/radioljubuski.ba\/index.php\/2021\/12\/30\/stosur-ce-na-ao-okoncati-karijeru-u-singlu\/"},"author":{"name":"Radio Ljubu\u0161ki","@id":"https:\/\/radioljubuski.ba\/#\/schema\/person\/19fc700381a780f69665d7956c469e3b"},"headline":"Stosur \u0107e na AO okon\u010dati karijeru u singlu","datePublished":"2021-12-30T13:27:13+00:00","mainEntityOfPage":{"@id":"https:\/\/radioljubuski.ba\/index.php\/2021\/12\/30\/stosur-ce-na-ao-okoncati-karijeru-u-singlu\/"},"wordCount":175,"publisher":{"@id":"https:\/\/radioljubuski.ba\/#organization"},"articleSection":["\u0160port"],"inLanguage":"hr"},{"@type":"WebPage","@id":"https:\/\/radioljubuski.ba\/index.php\/2021\/12\/30\/stosur-ce-na-ao-okoncati-karijeru-u-singlu\/","url":"https:\/\/radioljubuski.ba\/index.php\/2021\/12\/30\/stosur-ce-na-ao-okoncati-karijeru-u-singlu\/","name":"Stosur \u0107e na AO okon\u010dati karijeru u singlu - RADIO LJUBU\u0160KI","isPartOf":{"@id":"https:\/\/radioljubuski.ba\/#website"},"datePublished":"2021-12-30T13:27:13+00:00","breadcrumb":{"@id":"https:\/\/radioljubuski.ba\/index.php\/2021\/12\/30\/stosur-ce-na-ao-okoncati-karijeru-u-singlu\/#breadcrumb"},"inLanguage":"hr","potentialAction":[{"@type":"ReadAction","target":["https:\/\/radioljubuski.ba\/index.php\/2021\/12\/30\/stosur-ce-na-ao-okoncati-karijeru-u-singlu\/"]}]},{"@type":"BreadcrumbList","@id":"https:\/\/radioljubuski.ba\/index.php\/2021\/12\/30\/stosur-ce-na-ao-okoncati-karijeru-u-singlu\/#breadcrumb","itemListElement":[{"@type":"ListItem","position":1,"name":"Po\u010detna stranica","item":"https:\/\/radioljubuski.ba\/"},{"@type":"ListItem","position":2,"name":"Stosur \u0107e na AO okon\u010dati karijeru u singlu"}]},{"@type":"WebSite","@id":"https:\/\/radioljubuski.ba\/#website","url":"https:\/\/radioljubuski.ba\/","name":"Radio Ljubu\u0161ki","description":"Sun\u010dana frekvencija Hercegovine","publisher":{"@id":"https:\/\/radioljubuski.ba\/#organization"},"potentialAction":[{"@type":"SearchAction","target":{"@type":"EntryPoint","urlTemplate":"https:\/\/radioljubuski.ba\/?s={search_term_string}"},"query-input":{"@type":"PropertyValueSpecification","valueRequired":true,"valueName":"search_term_string"}}],"inLanguage":"hr"},{"@type":"Organization","@id":"https:\/\/radioljubuski.ba\/#organization","name":"Radio Ljubu\u0161ki","url":"https:\/\/radioljubuski.ba\/","logo":{"@type":"ImageObject","inLanguage":"hr","@id":"https:\/\/radioljubuski.ba\/#\/schema\/logo\/image\/","url":"https:\/\/radioljubuski.ba\/wp-content\/uploads\/2021\/02\/cropped-Radio_Ljubuski_logo1.jpg","contentUrl":"https:\/\/radioljubuski.ba\/wp-content\/uploads\/2021\/02\/cropped-Radio_Ljubuski_logo1.jpg","width":512,"height":512,"caption":"Radio Ljubu\u0161ki"},"image":{"@id":"https:\/\/radioljubuski.ba\/#\/schema\/logo\/image\/"},"sameAs":["https:\/\/www.facebook.com\/Radiio-Ljubuski-1490835324566332","https:\/\/x.com\/radioljubuski","https:\/\/hr.linkedin.com\/company\/radio-ljubuski","https:\/\/www.youtube.com\/channel\/UCHYaeO_n0Db3tjNGudGpXyw"]},{"@type":"Person","@id":"https:\/\/radioljubuski.ba\/#\/schema\/person\/19fc700381a780f69665d7956c469e3b","name":"Radio Ljubu\u0161ki"}]}},"_links":{"self":[{"href":"https:\/\/radioljubuski.ba\/index.php\/wp-json\/wp\/v2\/posts\/104032","targetHints":{"allow":["GET"]}}],"collection":[{"href":"https:\/\/radioljubuski.ba\/index.php\/wp-json\/wp\/v2\/posts"}],"about":[{"href":"https:\/\/radioljubuski.ba\/index.php\/wp-json\/wp\/v2\/types\/post"}],"author":[{"embeddable":true,"href":"https:\/\/radioljubuski.ba\/index.php\/wp-json\/wp\/v2\/users\/2"}],"replies":[{"embeddable":true,"href":"https:\/\/radioljubuski.ba\/index.php\/wp-json\/wp\/v2\/comments?post=104032"}],"version-history":[{"count":1,"href":"https:\/\/radioljubuski.ba\/index.php\/wp-json\/wp\/v2\/posts\/104032\/revisions"}],"predecessor-version":[{"id":104034,"href":"https:\/\/radioljubuski.ba\/index.php\/wp-json\/wp\/v2\/posts\/104032\/revisions\/104034"}],"wp:attachment":[{"href":"https:\/\/radioljubuski.ba\/index.php\/wp-json\/wp\/v2\/media?parent=104032"}],"wp:term":[{"taxonomy":"category","embeddable":true,"href":"https:\/\/radioljubuski.ba\/index.php\/wp-json\/wp\/v2\/categories?post=104032"},{"taxonomy":"post_tag","embeddable":true,"href":"https:\/\/radioljubuski.ba\/index.php\/wp-json\/wp\/v2\/tags?post=104032"}],"curies":[{"name":"wp","href":"https:\/\/api.w.org\/{rel}","templated":true}]}}