{"id":104035,"date":"2021-12-30T14:29:55","date_gmt":"2021-12-30T13:29:55","guid":{"rendered":"https:\/\/radioljubuski.ba\/?p=104035"},"modified":"2021-12-30T14:29:56","modified_gmt":"2021-12-30T13:29:56","slug":"objavljen-konacan-popis-rukometasa-za-europsko-prvenstvo-oba-mandica-ostala-na-popisu","status":"publish","type":"post","link":"https:\/\/radioljubuski.ba\/index.php\/2021\/12\/30\/objavljen-konacan-popis-rukometasa-za-europsko-prvenstvo-oba-mandica-ostala-na-popisu\/","title":{"rendered":"Objavljen kona\u010dan popis rukometa\u0161a za Europsko prvenstvo, oba Mandi\u0107a ostala na popisu"},"content":{"rendered":"\n<p>Izbornik hrvatske mu\u0161ke seniorske rukometne reprezentacije Hrvoje Horvat objavio je kona\u010dan popis igra\u010da za Europsko prvenstvo u Ma\u0111arskoj i Slova\u010dkoj, koje se igra od 13. do 30. sije\u010dnja 2022. godine.<\/p>\n\n\n\n<p>Rukometa\u0161i s popisa krenut \u0107e u zavr\u0161ne pripreme, u sklopu kojih je i Croatia Cup u Osijeku.<\/p>\n\n\n\n<p>Na popisu se nalazi 18 igra\u010da, uz tri vratara, po dva krila i tri kru\u017ena napada\u010da, tu je i osam vanjskih igra\u010da.<\/p>\n\n\n\n<p>Nakon zavr\u0161nih priprema u Osijeku koje po\u010dinju na Novu godinu i traju do 11. sije\u010dnja, izbornik \u0107e odlu\u010diti kojih 16 igra\u010da \u0107e prijaviti za prvi krug natjecanja. Na listi pri\u010duva nalazi se jo\u0161 pet rukometa\u0161a koji mogu biti pozvani naknadno uka\u017ee li se potreba, odnosno do\u0111e li do ozljede ili bolesti nekog od izabranih igra\u010da tijekom zavr\u0161nih priprema ili samog Europskog prvenstva.<\/p>\n\n\n\n<p>Hrvatska \u0107e do po\u010detka EP-a uz treninge u Osijeku odigrati dva susreta u okviru Croatia Cupa, 6. sije\u010dnja u 16:45 igra protiv Bosne i Hercegovine, a dva dana kasnije, 8. sije\u010dnja u istom terminu sastat \u0107emo se s Rusijom. Obje zemlje sudionice su europske smotre.<\/p>\n\n\n\n<p>Hrvatska \u0107e na EP-u igrati u skupini C zajedno s Francuskom, Srbijom i Ukrajinom.<\/p>\n\n\n\n<p>Popis za zavr\u0161ne pripreme:<\/p>\n\n\n\n<p>IVAN PE\u0160I\u0106 \u2013 TVB STUTTGART<\/p>\n\n\n\n<p>MATE \u0160UNJI\u0106 \u2013 US IVRY HANDBALL<\/p>\n\n\n\n<p>MATEJ MANDI\u0106 \u2013 RK PPD ZAGREB<\/p>\n\n\n\n<p>DAVID MANDI\u0106 \u2013 RK PPD ZAGREB<\/p>\n\n\n\n<p>LOVRO MIHI\u0106 \u2013 ORLEN WISLA PLOCK<\/p>\n\n\n\n<p>IVAN \u010cUPI\u0106 \u2013 RK PPD ZAGREB<\/p>\n\n\n\n<p>FILIP GLAVA\u0160 \u2013 HC TRIMO TREBNJE<\/p>\n\n\n\n<p>LEON \u0160U\u0160NJA \u2013 ORLEN WISLA PLOCK<\/p>\n\n\n\n<p>MARIN \u0160IPI\u0106 \u2013 RK PPD ZAGREB<\/p>\n\n\n\n<p>NIKOLA GRAHOVAC \u2013 RK PPD ZAGREB<\/p>\n\n\n\n<p>DOMAGOJ DUVNJAK \u2013 THW KIEL<\/p>\n\n\n\n<p>LUKA CINDRI\u0106 \u2013 BARCA<\/p>\n\n\n\n<p>HALIL JAGANJAC \u2013 RK NEXE<\/p>\n\n\n\n<p>ZVONIMIR SRNA \u2013 RK PPD ZAGREB<\/p>\n\n\n\n<p>MARKO MAMI\u0106 \u2013 SC DFHK LEIPZIG<\/p>\n\n\n\n<p>ANTE GAD\u017dA \u2013 HC VARDAR 1961<\/p>\n\n\n\n<p>IVAN MARTINOVI\u0106 \u2013 TSV HANNOVER \u2013 BURGDORF<\/p>\n\n\n\n<p>LUKA \u0160EBETI\u0106 \u2013 HC MOTOR<\/p>\n\n\n\n<p>PRI\u010cUVNI IGRA\u010cI:<\/p>\n\n\n\n<p>MARIN \u0160EGO \u2013 MONTPELLIER HB<\/p>\n\n\n\n<p>MARINO MARI\u0106 \u2013 MT MELSUNGEN<\/p>\n\n\n\n<p>IGOR KARA\u010cI\u0106 \u2013 HC LOMZA VIVE KIELCE<\/p>\n\n\n\n<p>\u0160IME IVI\u0106 \u2013 SC DFHK LEIPZIG<\/p>\n\n\n\n<p>TIN LU\u010cIN \u2013 ORLEN WISLA PLOCK<\/p>\n\n\n\n<p>Izvor:hrt.hr<\/p>\n","protected":false},"excerpt":{"rendered":"<p>Izbornik hrvatske mu\u0161ke seniorske rukometne reprezentacije Hrvoje Horvat objavio je kona\u010dan popis igra\u010da za Europsko prvenstvo u Ma\u0111arskoj i Slova\u010dkoj, koje se igra od 13. do 30. sije\u010dnja 2022. godine. Rukometa\u0161i s popisa krenut \u0107e u zavr\u0161ne pripreme, u sklopu kojih je i Croatia Cup u Osijeku. Na popisu se nalazi 18 igra\u010da, uz tri [&hellip;]<\/p>\n","protected":false},"author":2,"featured_media":104036,"comment_status":"closed","ping_status":"closed","sticky":false,"template":"","format":"standard","meta":{"h5ap_radio_sources":[],"footnotes":""},"categories":[7],"tags":[],"class_list":["post-104035","post","type-post","status-publish","format-standard","has-post-thumbnail","hentry","category-sport"],"yoast_head":"<!-- This site is optimized with the Yoast SEO plugin v27.4 - https:\/\/yoast.com\/product\/yoast-seo-wordpress\/ -->\n<title>Objavljen kona\u010dan popis rukometa\u0161a za Europsko prvenstvo, oba Mandi\u0107a ostala na popisu - RADIO LJUBU\u0160KI<\/title>\n<meta name=\"robots\" content=\"index, follow, max-snippet:-1, max-image-preview:large, max-video-preview:-1\" \/>\n<link rel=\"canonical\" href=\"https:\/\/radioljubuski.ba\/index.php\/2021\/12\/30\/objavljen-konacan-popis-rukometasa-za-europsko-prvenstvo-oba-mandica-ostala-na-popisu\/\" \/>\n<meta property=\"og:locale\" content=\"hr_HR\" \/>\n<meta property=\"og:type\" content=\"article\" \/>\n<meta property=\"og:title\" content=\"Objavljen kona\u010dan popis rukometa\u0161a za Europsko prvenstvo, oba Mandi\u0107a ostala na popisu - RADIO LJUBU\u0160KI\" \/>\n<meta property=\"og:description\" content=\"Izbornik hrvatske mu\u0161ke seniorske rukometne reprezentacije Hrvoje Horvat objavio je kona\u010dan popis igra\u010da za Europsko prvenstvo u Ma\u0111arskoj i Slova\u010dkoj, koje se igra od 13. do 30. sije\u010dnja 2022. godine. Rukometa\u0161i s popisa krenut \u0107e u zavr\u0161ne pripreme, u sklopu kojih je i Croatia Cup u Osijeku. Na popisu se nalazi 18 igra\u010da, uz tri [&hellip;]\" \/>\n<meta property=\"og:url\" content=\"https:\/\/radioljubuski.ba\/index.php\/2021\/12\/30\/objavljen-konacan-popis-rukometasa-za-europsko-prvenstvo-oba-mandica-ostala-na-popisu\/\" \/>\n<meta property=\"og:site_name\" content=\"RADIO LJUBU\u0160KI\" \/>\n<meta property=\"article:publisher\" content=\"https:\/\/www.facebook.com\/Radiio-Ljubuski-1490835324566332\" \/>\n<meta property=\"article:published_time\" content=\"2021-12-30T13:29:55+00:00\" \/>\n<meta property=\"article:modified_time\" content=\"2021-12-30T13:29:56+00:00\" \/>\n<meta property=\"og:image\" content=\"https:\/\/radioljubuski.ba\/wp-content\/uploads\/2021\/12\/Matej_David-1000x460-1.jpg\" \/>\n\t<meta property=\"og:image:width\" content=\"600\" \/>\n\t<meta property=\"og:image:height\" content=\"400\" \/>\n\t<meta property=\"og:image:type\" content=\"image\/jpeg\" \/>\n<meta name=\"author\" content=\"Radio Ljubu\u0161ki\" \/>\n<meta name=\"twitter:card\" content=\"summary_large_image\" \/>\n<meta name=\"twitter:creator\" content=\"@radioljubuski\" \/>\n<meta name=\"twitter:site\" content=\"@radioljubuski\" \/>\n<meta name=\"twitter:label1\" content=\"Napisao\/la\" \/>\n\t<meta name=\"twitter:data1\" content=\"Radio Ljubu\u0161ki\" \/>\n\t<meta name=\"twitter:label2\" content=\"Procijenjeno vrijeme \u010ditanja\" \/>\n\t<meta name=\"twitter:data2\" content=\"2 minute\" \/>\n<script type=\"application\/ld+json\" class=\"yoast-schema-graph\">{\"@context\":\"https:\\\/\\\/schema.org\",\"@graph\":[{\"@type\":\"Article\",\"@id\":\"https:\\\/\\\/radioljubuski.ba\\\/index.php\\\/2021\\\/12\\\/30\\\/objavljen-konacan-popis-rukometasa-za-europsko-prvenstvo-oba-mandica-ostala-na-popisu\\\/#article\",\"isPartOf\":{\"@id\":\"https:\\\/\\\/radioljubuski.ba\\\/index.php\\\/2021\\\/12\\\/30\\\/objavljen-konacan-popis-rukometasa-za-europsko-prvenstvo-oba-mandica-ostala-na-popisu\\\/\"},\"author\":{\"name\":\"Radio Ljubu\u0161ki\",\"@id\":\"https:\\\/\\\/radioljubuski.ba\\\/#\\\/schema\\\/person\\\/19fc700381a780f69665d7956c469e3b\"},\"headline\":\"Objavljen kona\u010dan popis rukometa\u0161a za Europsko prvenstvo, oba Mandi\u0107a ostala na popisu\",\"datePublished\":\"2021-12-30T13:29:55+00:00\",\"dateModified\":\"2021-12-30T13:29:56+00:00\",\"mainEntityOfPage\":{\"@id\":\"https:\\\/\\\/radioljubuski.ba\\\/index.php\\\/2021\\\/12\\\/30\\\/objavljen-konacan-popis-rukometasa-za-europsko-prvenstvo-oba-mandica-ostala-na-popisu\\\/\"},\"wordCount\":346,\"publisher\":{\"@id\":\"https:\\\/\\\/radioljubuski.ba\\\/#organization\"},\"image\":{\"@id\":\"https:\\\/\\\/radioljubuski.ba\\\/index.php\\\/2021\\\/12\\\/30\\\/objavljen-konacan-popis-rukometasa-za-europsko-prvenstvo-oba-mandica-ostala-na-popisu\\\/#primaryimage\"},\"thumbnailUrl\":\"https:\\\/\\\/radioljubuski.ba\\\/wp-content\\\/uploads\\\/2021\\\/12\\\/Matej_David-1000x460-1.jpg\",\"articleSection\":[\"\u0160port\"],\"inLanguage\":\"hr\"},{\"@type\":\"WebPage\",\"@id\":\"https:\\\/\\\/radioljubuski.ba\\\/index.php\\\/2021\\\/12\\\/30\\\/objavljen-konacan-popis-rukometasa-za-europsko-prvenstvo-oba-mandica-ostala-na-popisu\\\/\",\"url\":\"https:\\\/\\\/radioljubuski.ba\\\/index.php\\\/2021\\\/12\\\/30\\\/objavljen-konacan-popis-rukometasa-za-europsko-prvenstvo-oba-mandica-ostala-na-popisu\\\/\",\"name\":\"Objavljen kona\u010dan popis rukometa\u0161a za Europsko prvenstvo, oba Mandi\u0107a ostala na popisu - RADIO LJUBU\u0160KI\",\"isPartOf\":{\"@id\":\"https:\\\/\\\/radioljubuski.ba\\\/#website\"},\"primaryImageOfPage\":{\"@id\":\"https:\\\/\\\/radioljubuski.ba\\\/index.php\\\/2021\\\/12\\\/30\\\/objavljen-konacan-popis-rukometasa-za-europsko-prvenstvo-oba-mandica-ostala-na-popisu\\\/#primaryimage\"},\"image\":{\"@id\":\"https:\\\/\\\/radioljubuski.ba\\\/index.php\\\/2021\\\/12\\\/30\\\/objavljen-konacan-popis-rukometasa-za-europsko-prvenstvo-oba-mandica-ostala-na-popisu\\\/#primaryimage\"},\"thumbnailUrl\":\"https:\\\/\\\/radioljubuski.ba\\\/wp-content\\\/uploads\\\/2021\\\/12\\\/Matej_David-1000x460-1.jpg\",\"datePublished\":\"2021-12-30T13:29:55+00:00\",\"dateModified\":\"2021-12-30T13:29:56+00:00\",\"breadcrumb\":{\"@id\":\"https:\\\/\\\/radioljubuski.ba\\\/index.php\\\/2021\\\/12\\\/30\\\/objavljen-konacan-popis-rukometasa-za-europsko-prvenstvo-oba-mandica-ostala-na-popisu\\\/#breadcrumb\"},\"inLanguage\":\"hr\",\"potentialAction\":[{\"@type\":\"ReadAction\",\"target\":[\"https:\\\/\\\/radioljubuski.ba\\\/index.php\\\/2021\\\/12\\\/30\\\/objavljen-konacan-popis-rukometasa-za-europsko-prvenstvo-oba-mandica-ostala-na-popisu\\\/\"]}]},{\"@type\":\"ImageObject\",\"inLanguage\":\"hr\",\"@id\":\"https:\\\/\\\/radioljubuski.ba\\\/index.php\\\/2021\\\/12\\\/30\\\/objavljen-konacan-popis-rukometasa-za-europsko-prvenstvo-oba-mandica-ostala-na-popisu\\\/#primaryimage\",\"url\":\"https:\\\/\\\/radioljubuski.ba\\\/wp-content\\\/uploads\\\/2021\\\/12\\\/Matej_David-1000x460-1.jpg\",\"contentUrl\":\"https:\\\/\\\/radioljubuski.ba\\\/wp-content\\\/uploads\\\/2021\\\/12\\\/Matej_David-1000x460-1.jpg\",\"width\":600,\"height\":400},{\"@type\":\"BreadcrumbList\",\"@id\":\"https:\\\/\\\/radioljubuski.ba\\\/index.php\\\/2021\\\/12\\\/30\\\/objavljen-konacan-popis-rukometasa-za-europsko-prvenstvo-oba-mandica-ostala-na-popisu\\\/#breadcrumb\",\"itemListElement\":[{\"@type\":\"ListItem\",\"position\":1,\"name\":\"Po\u010detna stranica\",\"item\":\"https:\\\/\\\/radioljubuski.ba\\\/\"},{\"@type\":\"ListItem\",\"position\":2,\"name\":\"Objavljen kona\u010dan popis rukometa\u0161a za Europsko prvenstvo, oba Mandi\u0107a ostala na popisu\"}]},{\"@type\":\"WebSite\",\"@id\":\"https:\\\/\\\/radioljubuski.ba\\\/#website\",\"url\":\"https:\\\/\\\/radioljubuski.ba\\\/\",\"name\":\"Radio Ljubu\u0161ki\",\"description\":\"Sun\u010dana frekvencija Hercegovine\",\"publisher\":{\"@id\":\"https:\\\/\\\/radioljubuski.ba\\\/#organization\"},\"potentialAction\":[{\"@type\":\"SearchAction\",\"target\":{\"@type\":\"EntryPoint\",\"urlTemplate\":\"https:\\\/\\\/radioljubuski.ba\\\/?s={search_term_string}\"},\"query-input\":{\"@type\":\"PropertyValueSpecification\",\"valueRequired\":true,\"valueName\":\"search_term_string\"}}],\"inLanguage\":\"hr\"},{\"@type\":\"Organization\",\"@id\":\"https:\\\/\\\/radioljubuski.ba\\\/#organization\",\"name\":\"Radio Ljubu\u0161ki\",\"url\":\"https:\\\/\\\/radioljubuski.ba\\\/\",\"logo\":{\"@type\":\"ImageObject\",\"inLanguage\":\"hr\",\"@id\":\"https:\\\/\\\/radioljubuski.ba\\\/#\\\/schema\\\/logo\\\/image\\\/\",\"url\":\"https:\\\/\\\/radioljubuski.ba\\\/wp-content\\\/uploads\\\/2021\\\/02\\\/cropped-Radio_Ljubuski_logo1.jpg\",\"contentUrl\":\"https:\\\/\\\/radioljubuski.ba\\\/wp-content\\\/uploads\\\/2021\\\/02\\\/cropped-Radio_Ljubuski_logo1.jpg\",\"width\":512,\"height\":512,\"caption\":\"Radio Ljubu\u0161ki\"},\"image\":{\"@id\":\"https:\\\/\\\/radioljubuski.ba\\\/#\\\/schema\\\/logo\\\/image\\\/\"},\"sameAs\":[\"https:\\\/\\\/www.facebook.com\\\/Radiio-Ljubuski-1490835324566332\",\"https:\\\/\\\/x.com\\\/radioljubuski\",\"https:\\\/\\\/hr.linkedin.com\\\/company\\\/radio-ljubuski\",\"https:\\\/\\\/www.youtube.com\\\/channel\\\/UCHYaeO_n0Db3tjNGudGpXyw\"]},{\"@type\":\"Person\",\"@id\":\"https:\\\/\\\/radioljubuski.ba\\\/#\\\/schema\\\/person\\\/19fc700381a780f69665d7956c469e3b\",\"name\":\"Radio Ljubu\u0161ki\"}]}<\/script>\n<!-- \/ Yoast SEO plugin. -->","yoast_head_json":{"title":"Objavljen kona\u010dan popis rukometa\u0161a za Europsko prvenstvo, oba Mandi\u0107a ostala na popisu - RADIO LJUBU\u0160KI","robots":{"index":"index","follow":"follow","max-snippet":"max-snippet:-1","max-image-preview":"max-image-preview:large","max-video-preview":"max-video-preview:-1"},"canonical":"https:\/\/radioljubuski.ba\/index.php\/2021\/12\/30\/objavljen-konacan-popis-rukometasa-za-europsko-prvenstvo-oba-mandica-ostala-na-popisu\/","og_locale":"hr_HR","og_type":"article","og_title":"Objavljen kona\u010dan popis rukometa\u0161a za Europsko prvenstvo, oba Mandi\u0107a ostala na popisu - RADIO LJUBU\u0160KI","og_description":"Izbornik hrvatske mu\u0161ke seniorske rukometne reprezentacije Hrvoje Horvat objavio je kona\u010dan popis igra\u010da za Europsko prvenstvo u Ma\u0111arskoj i Slova\u010dkoj, koje se igra od 13. do 30. sije\u010dnja 2022. godine. Rukometa\u0161i s popisa krenut \u0107e u zavr\u0161ne pripreme, u sklopu kojih je i Croatia Cup u Osijeku. Na popisu se nalazi 18 igra\u010da, uz tri [&hellip;]","og_url":"https:\/\/radioljubuski.ba\/index.php\/2021\/12\/30\/objavljen-konacan-popis-rukometasa-za-europsko-prvenstvo-oba-mandica-ostala-na-popisu\/","og_site_name":"RADIO LJUBU\u0160KI","article_publisher":"https:\/\/www.facebook.com\/Radiio-Ljubuski-1490835324566332","article_published_time":"2021-12-30T13:29:55+00:00","article_modified_time":"2021-12-30T13:29:56+00:00","og_image":[{"width":600,"height":400,"url":"https:\/\/radioljubuski.ba\/wp-content\/uploads\/2021\/12\/Matej_David-1000x460-1.jpg","type":"image\/jpeg"}],"author":"Radio Ljubu\u0161ki","twitter_card":"summary_large_image","twitter_creator":"@radioljubuski","twitter_site":"@radioljubuski","twitter_misc":{"Napisao\/la":"Radio Ljubu\u0161ki","Procijenjeno vrijeme \u010ditanja":"2 minute"},"schema":{"@context":"https:\/\/schema.org","@graph":[{"@type":"Article","@id":"https:\/\/radioljubuski.ba\/index.php\/2021\/12\/30\/objavljen-konacan-popis-rukometasa-za-europsko-prvenstvo-oba-mandica-ostala-na-popisu\/#article","isPartOf":{"@id":"https:\/\/radioljubuski.ba\/index.php\/2021\/12\/30\/objavljen-konacan-popis-rukometasa-za-europsko-prvenstvo-oba-mandica-ostala-na-popisu\/"},"author":{"name":"Radio Ljubu\u0161ki","@id":"https:\/\/radioljubuski.ba\/#\/schema\/person\/19fc700381a780f69665d7956c469e3b"},"headline":"Objavljen kona\u010dan popis rukometa\u0161a za Europsko prvenstvo, oba Mandi\u0107a ostala na popisu","datePublished":"2021-12-30T13:29:55+00:00","dateModified":"2021-12-30T13:29:56+00:00","mainEntityOfPage":{"@id":"https:\/\/radioljubuski.ba\/index.php\/2021\/12\/30\/objavljen-konacan-popis-rukometasa-za-europsko-prvenstvo-oba-mandica-ostala-na-popisu\/"},"wordCount":346,"publisher":{"@id":"https:\/\/radioljubuski.ba\/#organization"},"image":{"@id":"https:\/\/radioljubuski.ba\/index.php\/2021\/12\/30\/objavljen-konacan-popis-rukometasa-za-europsko-prvenstvo-oba-mandica-ostala-na-popisu\/#primaryimage"},"thumbnailUrl":"https:\/\/radioljubuski.ba\/wp-content\/uploads\/2021\/12\/Matej_David-1000x460-1.jpg","articleSection":["\u0160port"],"inLanguage":"hr"},{"@type":"WebPage","@id":"https:\/\/radioljubuski.ba\/index.php\/2021\/12\/30\/objavljen-konacan-popis-rukometasa-za-europsko-prvenstvo-oba-mandica-ostala-na-popisu\/","url":"https:\/\/radioljubuski.ba\/index.php\/2021\/12\/30\/objavljen-konacan-popis-rukometasa-za-europsko-prvenstvo-oba-mandica-ostala-na-popisu\/","name":"Objavljen kona\u010dan popis rukometa\u0161a za Europsko prvenstvo, oba Mandi\u0107a ostala na popisu - RADIO LJUBU\u0160KI","isPartOf":{"@id":"https:\/\/radioljubuski.ba\/#website"},"primaryImageOfPage":{"@id":"https:\/\/radioljubuski.ba\/index.php\/2021\/12\/30\/objavljen-konacan-popis-rukometasa-za-europsko-prvenstvo-oba-mandica-ostala-na-popisu\/#primaryimage"},"image":{"@id":"https:\/\/radioljubuski.ba\/index.php\/2021\/12\/30\/objavljen-konacan-popis-rukometasa-za-europsko-prvenstvo-oba-mandica-ostala-na-popisu\/#primaryimage"},"thumbnailUrl":"https:\/\/radioljubuski.ba\/wp-content\/uploads\/2021\/12\/Matej_David-1000x460-1.jpg","datePublished":"2021-12-30T13:29:55+00:00","dateModified":"2021-12-30T13:29:56+00:00","breadcrumb":{"@id":"https:\/\/radioljubuski.ba\/index.php\/2021\/12\/30\/objavljen-konacan-popis-rukometasa-za-europsko-prvenstvo-oba-mandica-ostala-na-popisu\/#breadcrumb"},"inLanguage":"hr","potentialAction":[{"@type":"ReadAction","target":["https:\/\/radioljubuski.ba\/index.php\/2021\/12\/30\/objavljen-konacan-popis-rukometasa-za-europsko-prvenstvo-oba-mandica-ostala-na-popisu\/"]}]},{"@type":"ImageObject","inLanguage":"hr","@id":"https:\/\/radioljubuski.ba\/index.php\/2021\/12\/30\/objavljen-konacan-popis-rukometasa-za-europsko-prvenstvo-oba-mandica-ostala-na-popisu\/#primaryimage","url":"https:\/\/radioljubuski.ba\/wp-content\/uploads\/2021\/12\/Matej_David-1000x460-1.jpg","contentUrl":"https:\/\/radioljubuski.ba\/wp-content\/uploads\/2021\/12\/Matej_David-1000x460-1.jpg","width":600,"height":400},{"@type":"BreadcrumbList","@id":"https:\/\/radioljubuski.ba\/index.php\/2021\/12\/30\/objavljen-konacan-popis-rukometasa-za-europsko-prvenstvo-oba-mandica-ostala-na-popisu\/#breadcrumb","itemListElement":[{"@type":"ListItem","position":1,"name":"Po\u010detna stranica","item":"https:\/\/radioljubuski.ba\/"},{"@type":"ListItem","position":2,"name":"Objavljen kona\u010dan popis rukometa\u0161a za Europsko prvenstvo, oba Mandi\u0107a ostala na popisu"}]},{"@type":"WebSite","@id":"https:\/\/radioljubuski.ba\/#website","url":"https:\/\/radioljubuski.ba\/","name":"Radio Ljubu\u0161ki","description":"Sun\u010dana frekvencija Hercegovine","publisher":{"@id":"https:\/\/radioljubuski.ba\/#organization"},"potentialAction":[{"@type":"SearchAction","target":{"@type":"EntryPoint","urlTemplate":"https:\/\/radioljubuski.ba\/?s={search_term_string}"},"query-input":{"@type":"PropertyValueSpecification","valueRequired":true,"valueName":"search_term_string"}}],"inLanguage":"hr"},{"@type":"Organization","@id":"https:\/\/radioljubuski.ba\/#organization","name":"Radio Ljubu\u0161ki","url":"https:\/\/radioljubuski.ba\/","logo":{"@type":"ImageObject","inLanguage":"hr","@id":"https:\/\/radioljubuski.ba\/#\/schema\/logo\/image\/","url":"https:\/\/radioljubuski.ba\/wp-content\/uploads\/2021\/02\/cropped-Radio_Ljubuski_logo1.jpg","contentUrl":"https:\/\/radioljubuski.ba\/wp-content\/uploads\/2021\/02\/cropped-Radio_Ljubuski_logo1.jpg","width":512,"height":512,"caption":"Radio Ljubu\u0161ki"},"image":{"@id":"https:\/\/radioljubuski.ba\/#\/schema\/logo\/image\/"},"sameAs":["https:\/\/www.facebook.com\/Radiio-Ljubuski-1490835324566332","https:\/\/x.com\/radioljubuski","https:\/\/hr.linkedin.com\/company\/radio-ljubuski","https:\/\/www.youtube.com\/channel\/UCHYaeO_n0Db3tjNGudGpXyw"]},{"@type":"Person","@id":"https:\/\/radioljubuski.ba\/#\/schema\/person\/19fc700381a780f69665d7956c469e3b","name":"Radio Ljubu\u0161ki"}]}},"_links":{"self":[{"href":"https:\/\/radioljubuski.ba\/index.php\/wp-json\/wp\/v2\/posts\/104035","targetHints":{"allow":["GET"]}}],"collection":[{"href":"https:\/\/radioljubuski.ba\/index.php\/wp-json\/wp\/v2\/posts"}],"about":[{"href":"https:\/\/radioljubuski.ba\/index.php\/wp-json\/wp\/v2\/types\/post"}],"author":[{"embeddable":true,"href":"https:\/\/radioljubuski.ba\/index.php\/wp-json\/wp\/v2\/users\/2"}],"replies":[{"embeddable":true,"href":"https:\/\/radioljubuski.ba\/index.php\/wp-json\/wp\/v2\/comments?post=104035"}],"version-history":[{"count":1,"href":"https:\/\/radioljubuski.ba\/index.php\/wp-json\/wp\/v2\/posts\/104035\/revisions"}],"predecessor-version":[{"id":104037,"href":"https:\/\/radioljubuski.ba\/index.php\/wp-json\/wp\/v2\/posts\/104035\/revisions\/104037"}],"wp:featuredmedia":[{"embeddable":true,"href":"https:\/\/radioljubuski.ba\/index.php\/wp-json\/wp\/v2\/media\/104036"}],"wp:attachment":[{"href":"https:\/\/radioljubuski.ba\/index.php\/wp-json\/wp\/v2\/media?parent=104035"}],"wp:term":[{"taxonomy":"category","embeddable":true,"href":"https:\/\/radioljubuski.ba\/index.php\/wp-json\/wp\/v2\/categories?post=104035"},{"taxonomy":"post_tag","embeddable":true,"href":"https:\/\/radioljubuski.ba\/index.php\/wp-json\/wp\/v2\/tags?post=104035"}],"curies":[{"name":"wp","href":"https:\/\/api.w.org\/{rel}","templated":true}]}}