{"id":104137,"date":"2021-12-30T15:47:34","date_gmt":"2021-12-30T14:47:34","guid":{"rendered":"https:\/\/radioljubuski.ba\/?p=104137"},"modified":"2021-12-30T15:47:35","modified_gmt":"2021-12-30T14:47:35","slug":"zaklao-suprugu-ugusio-kceri-zapalio-kucu-pa-se-objesio","status":"publish","type":"post","link":"https:\/\/radioljubuski.ba\/index.php\/2021\/12\/30\/zaklao-suprugu-ugusio-kceri-zapalio-kucu-pa-se-objesio\/","title":{"rendered":"Zaklao suprugu, ugu\u0161io k\u0107eri, zapalio ku\u0107u pa se objesio"},"content":{"rendered":"\n<p><strong>Zdravko Goranovi\u0107, mu\u0161karac iz Sombora koji je ju\u010der oko 11 sati prijepodne no\u017eem usmrtio suprugu Miru, a potom likvidirao k\u0107eri Anastasiju (19) i Anabelu (15), zapalio ku\u0107u i na kraju se objesio, godinama je prijetio supruzi, od koje je bio rastavljen, ispri\u010dali su susjedi ove obitelji.<\/strong><\/p>\n\n\n\n<p>U ulici Sime \u0160olaje u Somboru \u0161ok i nevjerica nakon nezapam\u0107enog krvavog pira koji je oko podneva po\u010dinio Goranovi\u0107, ina\u010de u kraju poznat po opsjedanju ku\u0107e, prijetnjama supruzi i neuravnote\u017eenom pona\u0161anju. Goranovi\u0107 je, kako Blic saznaje, prije samo nekoliko dana iza\u0161ao iz pritvora u kojem je bio upravo zbog nasilja u obitelji.<\/p>\n\n\n\n<p>Pored toga, supruga Mira je, kako doznaje srbijanski list, jedno vrijeme boravila i u sigurnoj ku\u0107i zbog zlostavljanja od strane supruga.<\/p>\n\n\n\n<p>Supru\u017enici su, kako tvrde susjedi, bili rastavljeni, a Goranovi\u0107a neko vrijeme nisu vidjeli. Me\u0111utim, svi slo\u017eno tvrde da su problemi u obitelji trajali neko vrijeme, nedvosmisleno nagovje\u0161tavaju\u0107i da je glavni vinovnik nevolja bio upravo ubojica.<\/p>\n\n\n\n<p>\u2013 Njihovi problemi su dugo trajali, on je jednostavno lud \u010dovjek \u2013 rekla je za Blic jedna od susjeda, dok je druga dodala da je Goranovi\u0107 bio \u201clud otkad se rodio\u201d.<\/p>\n\n\n\n<p>Pored djevoj\u010dica Anastasije (19) i Anabele (15), otac je imao i sina koji nije \u017eivio s njima. Starija Anastasija je nedavno zavr\u0161ila \u0161kolu i bavila se \u0161minkanjem, dok je Anabela ove godine po\u0161la u prvi razred srednje \u0161kole.<\/p>\n\n\n\n<p>Redoslijed krvavih radnji Goranovi\u0107a jo\u0161 uvijek nije poznat. Neslu\u017ebeno, prvo je zaklao suprugu Miru. Prema prvim informacijama, obje djevoj\u010dice su umrle od gu\u0161enja, me\u0111utim i dalje nije jasno pod kojim okolnostima. Nakon \u0161to je likvidirao \u017eenu, pomahnitali Goranovi\u0107 je zapalio ku\u0107u. On je prona\u0111en obje\u0161en o jednu gredu.<\/p>\n\n\n\n<p>\/HMS\/<\/p>\n","protected":false},"excerpt":{"rendered":"<p>Zdravko Goranovi\u0107, mu\u0161karac iz Sombora koji je ju\u010der oko 11 sati prijepodne no\u017eem usmrtio suprugu Miru, a potom likvidirao k\u0107eri Anastasiju (19) i Anabelu (15), zapalio ku\u0107u i na kraju se objesio, godinama je prijetio supruzi, od koje je bio rastavljen, ispri\u010dali su susjedi ove obitelji. U ulici Sime \u0160olaje u Somboru \u0161ok i nevjerica [&hellip;]<\/p>\n","protected":false},"author":2,"featured_media":104138,"comment_status":"closed","ping_status":"closed","sticky":false,"template":"","format":"standard","meta":{"h5ap_radio_sources":[],"footnotes":""},"categories":[1],"tags":[],"class_list":["post-104137","post","type-post","status-publish","format-standard","has-post-thumbnail","hentry","category-bihiregija"],"yoast_head":"<!-- This site is optimized with the Yoast SEO plugin v27.5 - https:\/\/yoast.com\/product\/yoast-seo-wordpress\/ -->\n<title>Zaklao suprugu, ugu\u0161io k\u0107eri, zapalio ku\u0107u pa se objesio - RADIO LJUBU\u0160KI<\/title>\n<meta name=\"robots\" content=\"index, follow, max-snippet:-1, max-image-preview:large, max-video-preview:-1\" \/>\n<link rel=\"canonical\" href=\"https:\/\/radioljubuski.ba\/index.php\/2021\/12\/30\/zaklao-suprugu-ugusio-kceri-zapalio-kucu-pa-se-objesio\/\" \/>\n<meta property=\"og:locale\" content=\"hr_HR\" \/>\n<meta property=\"og:type\" content=\"article\" \/>\n<meta property=\"og:title\" content=\"Zaklao suprugu, ugu\u0161io k\u0107eri, zapalio ku\u0107u pa se objesio - RADIO LJUBU\u0160KI\" \/>\n<meta property=\"og:description\" content=\"Zdravko Goranovi\u0107, mu\u0161karac iz Sombora koji je ju\u010der oko 11 sati prijepodne no\u017eem usmrtio suprugu Miru, a potom likvidirao k\u0107eri Anastasiju (19) i Anabelu (15), zapalio ku\u0107u i na kraju se objesio, godinama je prijetio supruzi, od koje je bio rastavljen, ispri\u010dali su susjedi ove obitelji. U ulici Sime \u0160olaje u Somboru \u0161ok i nevjerica [&hellip;]\" \/>\n<meta property=\"og:url\" content=\"https:\/\/radioljubuski.ba\/index.php\/2021\/12\/30\/zaklao-suprugu-ugusio-kceri-zapalio-kucu-pa-se-objesio\/\" \/>\n<meta property=\"og:site_name\" content=\"RADIO LJUBU\u0160KI\" \/>\n<meta property=\"article:publisher\" content=\"https:\/\/www.facebook.com\/Radiio-Ljubuski-1490835324566332\" \/>\n<meta property=\"article:published_time\" content=\"2021-12-30T14:47:34+00:00\" \/>\n<meta property=\"article:modified_time\" content=\"2021-12-30T14:47:35+00:00\" \/>\n<meta property=\"og:image\" content=\"https:\/\/radioljubuski.ba\/wp-content\/uploads\/2021\/12\/ubijene-kceri.jpg\" \/>\n\t<meta property=\"og:image:width\" content=\"1024\" \/>\n\t<meta property=\"og:image:height\" content=\"641\" \/>\n\t<meta property=\"og:image:type\" content=\"image\/jpeg\" \/>\n<meta name=\"author\" content=\"Radio Ljubu\u0161ki\" \/>\n<meta name=\"twitter:card\" content=\"summary_large_image\" \/>\n<meta name=\"twitter:creator\" content=\"@radioljubuski\" \/>\n<meta name=\"twitter:site\" content=\"@radioljubuski\" \/>\n<meta name=\"twitter:label1\" content=\"Napisao\/la\" \/>\n\t<meta name=\"twitter:data1\" content=\"Radio Ljubu\u0161ki\" \/>\n\t<meta name=\"twitter:label2\" content=\"Procijenjeno vrijeme \u010ditanja\" \/>\n\t<meta name=\"twitter:data2\" content=\"2 minute\" \/>\n<script type=\"application\/ld+json\" class=\"yoast-schema-graph\">{\"@context\":\"https:\\\/\\\/schema.org\",\"@graph\":[{\"@type\":\"Article\",\"@id\":\"https:\\\/\\\/radioljubuski.ba\\\/index.php\\\/2021\\\/12\\\/30\\\/zaklao-suprugu-ugusio-kceri-zapalio-kucu-pa-se-objesio\\\/#article\",\"isPartOf\":{\"@id\":\"https:\\\/\\\/radioljubuski.ba\\\/index.php\\\/2021\\\/12\\\/30\\\/zaklao-suprugu-ugusio-kceri-zapalio-kucu-pa-se-objesio\\\/\"},\"author\":{\"name\":\"Radio Ljubu\u0161ki\",\"@id\":\"https:\\\/\\\/radioljubuski.ba\\\/#\\\/schema\\\/person\\\/19fc700381a780f69665d7956c469e3b\"},\"headline\":\"Zaklao suprugu, ugu\u0161io k\u0107eri, zapalio ku\u0107u pa se objesio\",\"datePublished\":\"2021-12-30T14:47:34+00:00\",\"dateModified\":\"2021-12-30T14:47:35+00:00\",\"mainEntityOfPage\":{\"@id\":\"https:\\\/\\\/radioljubuski.ba\\\/index.php\\\/2021\\\/12\\\/30\\\/zaklao-suprugu-ugusio-kceri-zapalio-kucu-pa-se-objesio\\\/\"},\"wordCount\":308,\"publisher\":{\"@id\":\"https:\\\/\\\/radioljubuski.ba\\\/#organization\"},\"image\":{\"@id\":\"https:\\\/\\\/radioljubuski.ba\\\/index.php\\\/2021\\\/12\\\/30\\\/zaklao-suprugu-ugusio-kceri-zapalio-kucu-pa-se-objesio\\\/#primaryimage\"},\"thumbnailUrl\":\"https:\\\/\\\/radioljubuski.ba\\\/wp-content\\\/uploads\\\/2021\\\/12\\\/ubijene-kceri.jpg\",\"articleSection\":[\"BIH i regija\"],\"inLanguage\":\"hr\"},{\"@type\":\"WebPage\",\"@id\":\"https:\\\/\\\/radioljubuski.ba\\\/index.php\\\/2021\\\/12\\\/30\\\/zaklao-suprugu-ugusio-kceri-zapalio-kucu-pa-se-objesio\\\/\",\"url\":\"https:\\\/\\\/radioljubuski.ba\\\/index.php\\\/2021\\\/12\\\/30\\\/zaklao-suprugu-ugusio-kceri-zapalio-kucu-pa-se-objesio\\\/\",\"name\":\"Zaklao suprugu, ugu\u0161io k\u0107eri, zapalio ku\u0107u pa se objesio - RADIO LJUBU\u0160KI\",\"isPartOf\":{\"@id\":\"https:\\\/\\\/radioljubuski.ba\\\/#website\"},\"primaryImageOfPage\":{\"@id\":\"https:\\\/\\\/radioljubuski.ba\\\/index.php\\\/2021\\\/12\\\/30\\\/zaklao-suprugu-ugusio-kceri-zapalio-kucu-pa-se-objesio\\\/#primaryimage\"},\"image\":{\"@id\":\"https:\\\/\\\/radioljubuski.ba\\\/index.php\\\/2021\\\/12\\\/30\\\/zaklao-suprugu-ugusio-kceri-zapalio-kucu-pa-se-objesio\\\/#primaryimage\"},\"thumbnailUrl\":\"https:\\\/\\\/radioljubuski.ba\\\/wp-content\\\/uploads\\\/2021\\\/12\\\/ubijene-kceri.jpg\",\"datePublished\":\"2021-12-30T14:47:34+00:00\",\"dateModified\":\"2021-12-30T14:47:35+00:00\",\"breadcrumb\":{\"@id\":\"https:\\\/\\\/radioljubuski.ba\\\/index.php\\\/2021\\\/12\\\/30\\\/zaklao-suprugu-ugusio-kceri-zapalio-kucu-pa-se-objesio\\\/#breadcrumb\"},\"inLanguage\":\"hr\",\"potentialAction\":[{\"@type\":\"ReadAction\",\"target\":[\"https:\\\/\\\/radioljubuski.ba\\\/index.php\\\/2021\\\/12\\\/30\\\/zaklao-suprugu-ugusio-kceri-zapalio-kucu-pa-se-objesio\\\/\"]}]},{\"@type\":\"ImageObject\",\"inLanguage\":\"hr\",\"@id\":\"https:\\\/\\\/radioljubuski.ba\\\/index.php\\\/2021\\\/12\\\/30\\\/zaklao-suprugu-ugusio-kceri-zapalio-kucu-pa-se-objesio\\\/#primaryimage\",\"url\":\"https:\\\/\\\/radioljubuski.ba\\\/wp-content\\\/uploads\\\/2021\\\/12\\\/ubijene-kceri.jpg\",\"contentUrl\":\"https:\\\/\\\/radioljubuski.ba\\\/wp-content\\\/uploads\\\/2021\\\/12\\\/ubijene-kceri.jpg\",\"width\":1024,\"height\":641},{\"@type\":\"BreadcrumbList\",\"@id\":\"https:\\\/\\\/radioljubuski.ba\\\/index.php\\\/2021\\\/12\\\/30\\\/zaklao-suprugu-ugusio-kceri-zapalio-kucu-pa-se-objesio\\\/#breadcrumb\",\"itemListElement\":[{\"@type\":\"ListItem\",\"position\":1,\"name\":\"Po\u010detna stranica\",\"item\":\"https:\\\/\\\/radioljubuski.ba\\\/\"},{\"@type\":\"ListItem\",\"position\":2,\"name\":\"Zaklao suprugu, ugu\u0161io k\u0107eri, zapalio ku\u0107u pa se objesio\"}]},{\"@type\":\"WebSite\",\"@id\":\"https:\\\/\\\/radioljubuski.ba\\\/#website\",\"url\":\"https:\\\/\\\/radioljubuski.ba\\\/\",\"name\":\"Radio Ljubu\u0161ki\",\"description\":\"Sun\u010dana frekvencija Hercegovine\",\"publisher\":{\"@id\":\"https:\\\/\\\/radioljubuski.ba\\\/#organization\"},\"potentialAction\":[{\"@type\":\"SearchAction\",\"target\":{\"@type\":\"EntryPoint\",\"urlTemplate\":\"https:\\\/\\\/radioljubuski.ba\\\/?s={search_term_string}\"},\"query-input\":{\"@type\":\"PropertyValueSpecification\",\"valueRequired\":true,\"valueName\":\"search_term_string\"}}],\"inLanguage\":\"hr\"},{\"@type\":\"Organization\",\"@id\":\"https:\\\/\\\/radioljubuski.ba\\\/#organization\",\"name\":\"Radio Ljubu\u0161ki\",\"url\":\"https:\\\/\\\/radioljubuski.ba\\\/\",\"logo\":{\"@type\":\"ImageObject\",\"inLanguage\":\"hr\",\"@id\":\"https:\\\/\\\/radioljubuski.ba\\\/#\\\/schema\\\/logo\\\/image\\\/\",\"url\":\"https:\\\/\\\/radioljubuski.ba\\\/wp-content\\\/uploads\\\/2021\\\/02\\\/cropped-Radio_Ljubuski_logo1.jpg\",\"contentUrl\":\"https:\\\/\\\/radioljubuski.ba\\\/wp-content\\\/uploads\\\/2021\\\/02\\\/cropped-Radio_Ljubuski_logo1.jpg\",\"width\":512,\"height\":512,\"caption\":\"Radio Ljubu\u0161ki\"},\"image\":{\"@id\":\"https:\\\/\\\/radioljubuski.ba\\\/#\\\/schema\\\/logo\\\/image\\\/\"},\"sameAs\":[\"https:\\\/\\\/www.facebook.com\\\/Radiio-Ljubuski-1490835324566332\",\"https:\\\/\\\/x.com\\\/radioljubuski\",\"https:\\\/\\\/hr.linkedin.com\\\/company\\\/radio-ljubuski\",\"https:\\\/\\\/www.youtube.com\\\/channel\\\/UCHYaeO_n0Db3tjNGudGpXyw\"]},{\"@type\":\"Person\",\"@id\":\"https:\\\/\\\/radioljubuski.ba\\\/#\\\/schema\\\/person\\\/19fc700381a780f69665d7956c469e3b\",\"name\":\"Radio Ljubu\u0161ki\"}]}<\/script>\n<!-- \/ Yoast SEO plugin. -->","yoast_head_json":{"title":"Zaklao suprugu, ugu\u0161io k\u0107eri, zapalio ku\u0107u pa se objesio - RADIO LJUBU\u0160KI","robots":{"index":"index","follow":"follow","max-snippet":"max-snippet:-1","max-image-preview":"max-image-preview:large","max-video-preview":"max-video-preview:-1"},"canonical":"https:\/\/radioljubuski.ba\/index.php\/2021\/12\/30\/zaklao-suprugu-ugusio-kceri-zapalio-kucu-pa-se-objesio\/","og_locale":"hr_HR","og_type":"article","og_title":"Zaklao suprugu, ugu\u0161io k\u0107eri, zapalio ku\u0107u pa se objesio - RADIO LJUBU\u0160KI","og_description":"Zdravko Goranovi\u0107, mu\u0161karac iz Sombora koji je ju\u010der oko 11 sati prijepodne no\u017eem usmrtio suprugu Miru, a potom likvidirao k\u0107eri Anastasiju (19) i Anabelu (15), zapalio ku\u0107u i na kraju se objesio, godinama je prijetio supruzi, od koje je bio rastavljen, ispri\u010dali su susjedi ove obitelji. U ulici Sime \u0160olaje u Somboru \u0161ok i nevjerica [&hellip;]","og_url":"https:\/\/radioljubuski.ba\/index.php\/2021\/12\/30\/zaklao-suprugu-ugusio-kceri-zapalio-kucu-pa-se-objesio\/","og_site_name":"RADIO LJUBU\u0160KI","article_publisher":"https:\/\/www.facebook.com\/Radiio-Ljubuski-1490835324566332","article_published_time":"2021-12-30T14:47:34+00:00","article_modified_time":"2021-12-30T14:47:35+00:00","og_image":[{"width":1024,"height":641,"url":"https:\/\/radioljubuski.ba\/wp-content\/uploads\/2021\/12\/ubijene-kceri.jpg","type":"image\/jpeg"}],"author":"Radio Ljubu\u0161ki","twitter_card":"summary_large_image","twitter_creator":"@radioljubuski","twitter_site":"@radioljubuski","twitter_misc":{"Napisao\/la":"Radio Ljubu\u0161ki","Procijenjeno vrijeme \u010ditanja":"2 minute"},"schema":{"@context":"https:\/\/schema.org","@graph":[{"@type":"Article","@id":"https:\/\/radioljubuski.ba\/index.php\/2021\/12\/30\/zaklao-suprugu-ugusio-kceri-zapalio-kucu-pa-se-objesio\/#article","isPartOf":{"@id":"https:\/\/radioljubuski.ba\/index.php\/2021\/12\/30\/zaklao-suprugu-ugusio-kceri-zapalio-kucu-pa-se-objesio\/"},"author":{"name":"Radio Ljubu\u0161ki","@id":"https:\/\/radioljubuski.ba\/#\/schema\/person\/19fc700381a780f69665d7956c469e3b"},"headline":"Zaklao suprugu, ugu\u0161io k\u0107eri, zapalio ku\u0107u pa se objesio","datePublished":"2021-12-30T14:47:34+00:00","dateModified":"2021-12-30T14:47:35+00:00","mainEntityOfPage":{"@id":"https:\/\/radioljubuski.ba\/index.php\/2021\/12\/30\/zaklao-suprugu-ugusio-kceri-zapalio-kucu-pa-se-objesio\/"},"wordCount":308,"publisher":{"@id":"https:\/\/radioljubuski.ba\/#organization"},"image":{"@id":"https:\/\/radioljubuski.ba\/index.php\/2021\/12\/30\/zaklao-suprugu-ugusio-kceri-zapalio-kucu-pa-se-objesio\/#primaryimage"},"thumbnailUrl":"https:\/\/radioljubuski.ba\/wp-content\/uploads\/2021\/12\/ubijene-kceri.jpg","articleSection":["BIH i regija"],"inLanguage":"hr"},{"@type":"WebPage","@id":"https:\/\/radioljubuski.ba\/index.php\/2021\/12\/30\/zaklao-suprugu-ugusio-kceri-zapalio-kucu-pa-se-objesio\/","url":"https:\/\/radioljubuski.ba\/index.php\/2021\/12\/30\/zaklao-suprugu-ugusio-kceri-zapalio-kucu-pa-se-objesio\/","name":"Zaklao suprugu, ugu\u0161io k\u0107eri, zapalio ku\u0107u pa se objesio - RADIO LJUBU\u0160KI","isPartOf":{"@id":"https:\/\/radioljubuski.ba\/#website"},"primaryImageOfPage":{"@id":"https:\/\/radioljubuski.ba\/index.php\/2021\/12\/30\/zaklao-suprugu-ugusio-kceri-zapalio-kucu-pa-se-objesio\/#primaryimage"},"image":{"@id":"https:\/\/radioljubuski.ba\/index.php\/2021\/12\/30\/zaklao-suprugu-ugusio-kceri-zapalio-kucu-pa-se-objesio\/#primaryimage"},"thumbnailUrl":"https:\/\/radioljubuski.ba\/wp-content\/uploads\/2021\/12\/ubijene-kceri.jpg","datePublished":"2021-12-30T14:47:34+00:00","dateModified":"2021-12-30T14:47:35+00:00","breadcrumb":{"@id":"https:\/\/radioljubuski.ba\/index.php\/2021\/12\/30\/zaklao-suprugu-ugusio-kceri-zapalio-kucu-pa-se-objesio\/#breadcrumb"},"inLanguage":"hr","potentialAction":[{"@type":"ReadAction","target":["https:\/\/radioljubuski.ba\/index.php\/2021\/12\/30\/zaklao-suprugu-ugusio-kceri-zapalio-kucu-pa-se-objesio\/"]}]},{"@type":"ImageObject","inLanguage":"hr","@id":"https:\/\/radioljubuski.ba\/index.php\/2021\/12\/30\/zaklao-suprugu-ugusio-kceri-zapalio-kucu-pa-se-objesio\/#primaryimage","url":"https:\/\/radioljubuski.ba\/wp-content\/uploads\/2021\/12\/ubijene-kceri.jpg","contentUrl":"https:\/\/radioljubuski.ba\/wp-content\/uploads\/2021\/12\/ubijene-kceri.jpg","width":1024,"height":641},{"@type":"BreadcrumbList","@id":"https:\/\/radioljubuski.ba\/index.php\/2021\/12\/30\/zaklao-suprugu-ugusio-kceri-zapalio-kucu-pa-se-objesio\/#breadcrumb","itemListElement":[{"@type":"ListItem","position":1,"name":"Po\u010detna stranica","item":"https:\/\/radioljubuski.ba\/"},{"@type":"ListItem","position":2,"name":"Zaklao suprugu, ugu\u0161io k\u0107eri, zapalio ku\u0107u pa se objesio"}]},{"@type":"WebSite","@id":"https:\/\/radioljubuski.ba\/#website","url":"https:\/\/radioljubuski.ba\/","name":"Radio Ljubu\u0161ki","description":"Sun\u010dana frekvencija Hercegovine","publisher":{"@id":"https:\/\/radioljubuski.ba\/#organization"},"potentialAction":[{"@type":"SearchAction","target":{"@type":"EntryPoint","urlTemplate":"https:\/\/radioljubuski.ba\/?s={search_term_string}"},"query-input":{"@type":"PropertyValueSpecification","valueRequired":true,"valueName":"search_term_string"}}],"inLanguage":"hr"},{"@type":"Organization","@id":"https:\/\/radioljubuski.ba\/#organization","name":"Radio Ljubu\u0161ki","url":"https:\/\/radioljubuski.ba\/","logo":{"@type":"ImageObject","inLanguage":"hr","@id":"https:\/\/radioljubuski.ba\/#\/schema\/logo\/image\/","url":"https:\/\/radioljubuski.ba\/wp-content\/uploads\/2021\/02\/cropped-Radio_Ljubuski_logo1.jpg","contentUrl":"https:\/\/radioljubuski.ba\/wp-content\/uploads\/2021\/02\/cropped-Radio_Ljubuski_logo1.jpg","width":512,"height":512,"caption":"Radio Ljubu\u0161ki"},"image":{"@id":"https:\/\/radioljubuski.ba\/#\/schema\/logo\/image\/"},"sameAs":["https:\/\/www.facebook.com\/Radiio-Ljubuski-1490835324566332","https:\/\/x.com\/radioljubuski","https:\/\/hr.linkedin.com\/company\/radio-ljubuski","https:\/\/www.youtube.com\/channel\/UCHYaeO_n0Db3tjNGudGpXyw"]},{"@type":"Person","@id":"https:\/\/radioljubuski.ba\/#\/schema\/person\/19fc700381a780f69665d7956c469e3b","name":"Radio Ljubu\u0161ki"}]}},"_links":{"self":[{"href":"https:\/\/radioljubuski.ba\/index.php\/wp-json\/wp\/v2\/posts\/104137","targetHints":{"allow":["GET"]}}],"collection":[{"href":"https:\/\/radioljubuski.ba\/index.php\/wp-json\/wp\/v2\/posts"}],"about":[{"href":"https:\/\/radioljubuski.ba\/index.php\/wp-json\/wp\/v2\/types\/post"}],"author":[{"embeddable":true,"href":"https:\/\/radioljubuski.ba\/index.php\/wp-json\/wp\/v2\/users\/2"}],"replies":[{"embeddable":true,"href":"https:\/\/radioljubuski.ba\/index.php\/wp-json\/wp\/v2\/comments?post=104137"}],"version-history":[{"count":1,"href":"https:\/\/radioljubuski.ba\/index.php\/wp-json\/wp\/v2\/posts\/104137\/revisions"}],"predecessor-version":[{"id":104139,"href":"https:\/\/radioljubuski.ba\/index.php\/wp-json\/wp\/v2\/posts\/104137\/revisions\/104139"}],"wp:featuredmedia":[{"embeddable":true,"href":"https:\/\/radioljubuski.ba\/index.php\/wp-json\/wp\/v2\/media\/104138"}],"wp:attachment":[{"href":"https:\/\/radioljubuski.ba\/index.php\/wp-json\/wp\/v2\/media?parent=104137"}],"wp:term":[{"taxonomy":"category","embeddable":true,"href":"https:\/\/radioljubuski.ba\/index.php\/wp-json\/wp\/v2\/categories?post=104137"},{"taxonomy":"post_tag","embeddable":true,"href":"https:\/\/radioljubuski.ba\/index.php\/wp-json\/wp\/v2\/tags?post=104137"}],"curies":[{"name":"wp","href":"https:\/\/api.w.org\/{rel}","templated":true}]}}