{"id":104140,"date":"2021-12-30T15:48:42","date_gmt":"2021-12-30T14:48:42","guid":{"rendered":"https:\/\/radioljubuski.ba\/?p=104140"},"modified":"2021-12-30T15:48:43","modified_gmt":"2021-12-30T14:48:43","slug":"crna-gora-pristala-na-pregovore-s-hrvatskom-o-vlasnistvu-skolskog-broda-jadran","status":"publish","type":"post","link":"https:\/\/radioljubuski.ba\/index.php\/2021\/12\/30\/crna-gora-pristala-na-pregovore-s-hrvatskom-o-vlasnistvu-skolskog-broda-jadran\/","title":{"rendered":"Crna Gora pristala na pregovore s Hrvatskom o vlasni\u0161tvu \u0161kolskog broda Jadran"},"content":{"rendered":"\n<p><strong>Crnogorska vlada objavila je u \u010detvrtak da su Crna Gora i Hrvatska postigle suglasnost o osnivanju me\u0111udr\u017eavne komisije koja bi se na detaljniji na\u010din posvetila rje\u0161avanju pitanja broda \u201eJadran\u201c, s obzirom na razli\u010dita tuma\u010denja kome brod pripada.<\/strong><\/p>\n\n\n\n<p>To je navedeno u dokumentu crnogorske vlade o suradnji sa susjednim zemljama.<\/p>\n\n\n\n<p>Republika Hrvatska smatra, kako su ranije ustvrdili njeni du\u017enosnici, da taj jedrenjak treba pripasti Hrvatskoj, jer mu je Split bio mati\u010dna luka, odakle je 1991. godine doplovio u Crnu Goru na remont i gdje je nakon rata i ostao.<\/p>\n\n\n\n<p>Od tada su ga koristile vojska Srbije i Crne Gore, a od 2006. \u0161kolski brod Jadran postao je sastavni dio mornarice Crne Gore, te su njezini du\u017enosnici tvrdili su da je vlasni\u0161tvo Crne Gore.<\/p>\n\n\n\n<p>U dokumentu crnogorske vlade istaknuto je i da se sveukupni odnosi Crne Gore i Hrvatske mogu ocijeniti kao prijateljski, te da Hrvatska od obnove crnogorske neovisnosti Crnoj Gori u kontinuitetu pru\u017ea politi\u010dku i ekspertsku pomo\u0107 neophodnu za br\u017ei napredak zemlje na putu europskih integracija.<\/p>\n\n\n\n<p>Podsje\u0107a se i da tijekom nedavnog posjeta crnogorskog ministra vanjskih poslova \u0110or\u0111a Radulovi\u0107a Zagrebu, postignut dogovor da se obnovi rad Me\u0111uvladinog mje\u0161ovitog odbora za provo\u0111enje Sporazuma o za\u0161titi prava hrvatske manjine u Crnoj Gori i crnogorske manjine u Hrvatskoj, koji je bio u zastoju od 2018.<\/p>\n\n\n\n<p>\u201eTime \u0107e se ostvariti suradnja u pitanjima koje imaju nemjerljivi zna\u010daj za polo\u017eaj i ostvarivanje prava pripadnika nacionalnih zajednica u obje dr\u017eave, a koji predstavljaju kvalitetnu poveznicu koja oboga\u0107uje ukupne bilateralne odnose\u201c, navedeno je u dokumentu crnogorske vlade.<\/p>\n\n\n\n<p>\/Hina\/HMS\/<\/p>\n","protected":false},"excerpt":{"rendered":"<p>Crnogorska vlada objavila je u \u010detvrtak da su Crna Gora i Hrvatska postigle suglasnost o osnivanju me\u0111udr\u017eavne komisije koja bi se na detaljniji na\u010din posvetila rje\u0161avanju pitanja broda \u201eJadran\u201c, s obzirom na razli\u010dita tuma\u010denja kome brod pripada. To je navedeno u dokumentu crnogorske vlade o suradnji sa susjednim zemljama. Republika Hrvatska smatra, kako su ranije [&hellip;]<\/p>\n","protected":false},"author":2,"featured_media":104141,"comment_status":"closed","ping_status":"closed","sticky":false,"template":"","format":"standard","meta":{"h5ap_radio_sources":[],"footnotes":""},"categories":[1],"tags":[],"class_list":["post-104140","post","type-post","status-publish","format-standard","has-post-thumbnail","hentry","category-bihiregija"],"yoast_head":"<!-- This site is optimized with the Yoast SEO plugin v27.5 - https:\/\/yoast.com\/product\/yoast-seo-wordpress\/ -->\n<title>Crna Gora pristala na pregovore s Hrvatskom o vlasni\u0161tvu \u0161kolskog broda Jadran - RADIO LJUBU\u0160KI<\/title>\n<meta name=\"robots\" content=\"index, follow, max-snippet:-1, max-image-preview:large, max-video-preview:-1\" \/>\n<link rel=\"canonical\" href=\"https:\/\/radioljubuski.ba\/index.php\/2021\/12\/30\/crna-gora-pristala-na-pregovore-s-hrvatskom-o-vlasnistvu-skolskog-broda-jadran\/\" \/>\n<meta property=\"og:locale\" content=\"hr_HR\" \/>\n<meta property=\"og:type\" content=\"article\" \/>\n<meta property=\"og:title\" content=\"Crna Gora pristala na pregovore s Hrvatskom o vlasni\u0161tvu \u0161kolskog broda Jadran - RADIO LJUBU\u0160KI\" \/>\n<meta property=\"og:description\" content=\"Crnogorska vlada objavila je u \u010detvrtak da su Crna Gora i Hrvatska postigle suglasnost o osnivanju me\u0111udr\u017eavne komisije koja bi se na detaljniji na\u010din posvetila rje\u0161avanju pitanja broda \u201eJadran\u201c, s obzirom na razli\u010dita tuma\u010denja kome brod pripada. To je navedeno u dokumentu crnogorske vlade o suradnji sa susjednim zemljama. Republika Hrvatska smatra, kako su ranije [&hellip;]\" \/>\n<meta property=\"og:url\" content=\"https:\/\/radioljubuski.ba\/index.php\/2021\/12\/30\/crna-gora-pristala-na-pregovore-s-hrvatskom-o-vlasnistvu-skolskog-broda-jadran\/\" \/>\n<meta property=\"og:site_name\" content=\"RADIO LJUBU\u0160KI\" \/>\n<meta property=\"article:publisher\" content=\"https:\/\/www.facebook.com\/Radiio-Ljubuski-1490835324566332\" \/>\n<meta property=\"article:published_time\" content=\"2021-12-30T14:48:42+00:00\" \/>\n<meta property=\"article:modified_time\" content=\"2021-12-30T14:48:43+00:00\" \/>\n<meta property=\"og:image\" content=\"https:\/\/radioljubuski.ba\/wp-content\/uploads\/2021\/12\/Brod-Jadran.jpg\" \/>\n\t<meta property=\"og:image:width\" content=\"780\" \/>\n\t<meta property=\"og:image:height\" content=\"638\" \/>\n\t<meta property=\"og:image:type\" content=\"image\/jpeg\" \/>\n<meta name=\"author\" content=\"Radio Ljubu\u0161ki\" \/>\n<meta name=\"twitter:card\" content=\"summary_large_image\" \/>\n<meta name=\"twitter:creator\" content=\"@radioljubuski\" \/>\n<meta name=\"twitter:site\" content=\"@radioljubuski\" \/>\n<meta name=\"twitter:label1\" content=\"Napisao\/la\" \/>\n\t<meta name=\"twitter:data1\" content=\"Radio Ljubu\u0161ki\" \/>\n\t<meta name=\"twitter:label2\" content=\"Procijenjeno vrijeme \u010ditanja\" \/>\n\t<meta name=\"twitter:data2\" content=\"2 minute\" \/>\n<script type=\"application\/ld+json\" class=\"yoast-schema-graph\">{\"@context\":\"https:\\\/\\\/schema.org\",\"@graph\":[{\"@type\":\"Article\",\"@id\":\"https:\\\/\\\/radioljubuski.ba\\\/index.php\\\/2021\\\/12\\\/30\\\/crna-gora-pristala-na-pregovore-s-hrvatskom-o-vlasnistvu-skolskog-broda-jadran\\\/#article\",\"isPartOf\":{\"@id\":\"https:\\\/\\\/radioljubuski.ba\\\/index.php\\\/2021\\\/12\\\/30\\\/crna-gora-pristala-na-pregovore-s-hrvatskom-o-vlasnistvu-skolskog-broda-jadran\\\/\"},\"author\":{\"name\":\"Radio Ljubu\u0161ki\",\"@id\":\"https:\\\/\\\/radioljubuski.ba\\\/#\\\/schema\\\/person\\\/19fc700381a780f69665d7956c469e3b\"},\"headline\":\"Crna Gora pristala na pregovore s Hrvatskom o vlasni\u0161tvu \u0161kolskog broda Jadran\",\"datePublished\":\"2021-12-30T14:48:42+00:00\",\"dateModified\":\"2021-12-30T14:48:43+00:00\",\"mainEntityOfPage\":{\"@id\":\"https:\\\/\\\/radioljubuski.ba\\\/index.php\\\/2021\\\/12\\\/30\\\/crna-gora-pristala-na-pregovore-s-hrvatskom-o-vlasnistvu-skolskog-broda-jadran\\\/\"},\"wordCount\":286,\"publisher\":{\"@id\":\"https:\\\/\\\/radioljubuski.ba\\\/#organization\"},\"image\":{\"@id\":\"https:\\\/\\\/radioljubuski.ba\\\/index.php\\\/2021\\\/12\\\/30\\\/crna-gora-pristala-na-pregovore-s-hrvatskom-o-vlasnistvu-skolskog-broda-jadran\\\/#primaryimage\"},\"thumbnailUrl\":\"https:\\\/\\\/radioljubuski.ba\\\/wp-content\\\/uploads\\\/2021\\\/12\\\/Brod-Jadran.jpg\",\"articleSection\":[\"BIH i regija\"],\"inLanguage\":\"hr\"},{\"@type\":\"WebPage\",\"@id\":\"https:\\\/\\\/radioljubuski.ba\\\/index.php\\\/2021\\\/12\\\/30\\\/crna-gora-pristala-na-pregovore-s-hrvatskom-o-vlasnistvu-skolskog-broda-jadran\\\/\",\"url\":\"https:\\\/\\\/radioljubuski.ba\\\/index.php\\\/2021\\\/12\\\/30\\\/crna-gora-pristala-na-pregovore-s-hrvatskom-o-vlasnistvu-skolskog-broda-jadran\\\/\",\"name\":\"Crna Gora pristala na pregovore s Hrvatskom o vlasni\u0161tvu \u0161kolskog broda Jadran - RADIO LJUBU\u0160KI\",\"isPartOf\":{\"@id\":\"https:\\\/\\\/radioljubuski.ba\\\/#website\"},\"primaryImageOfPage\":{\"@id\":\"https:\\\/\\\/radioljubuski.ba\\\/index.php\\\/2021\\\/12\\\/30\\\/crna-gora-pristala-na-pregovore-s-hrvatskom-o-vlasnistvu-skolskog-broda-jadran\\\/#primaryimage\"},\"image\":{\"@id\":\"https:\\\/\\\/radioljubuski.ba\\\/index.php\\\/2021\\\/12\\\/30\\\/crna-gora-pristala-na-pregovore-s-hrvatskom-o-vlasnistvu-skolskog-broda-jadran\\\/#primaryimage\"},\"thumbnailUrl\":\"https:\\\/\\\/radioljubuski.ba\\\/wp-content\\\/uploads\\\/2021\\\/12\\\/Brod-Jadran.jpg\",\"datePublished\":\"2021-12-30T14:48:42+00:00\",\"dateModified\":\"2021-12-30T14:48:43+00:00\",\"breadcrumb\":{\"@id\":\"https:\\\/\\\/radioljubuski.ba\\\/index.php\\\/2021\\\/12\\\/30\\\/crna-gora-pristala-na-pregovore-s-hrvatskom-o-vlasnistvu-skolskog-broda-jadran\\\/#breadcrumb\"},\"inLanguage\":\"hr\",\"potentialAction\":[{\"@type\":\"ReadAction\",\"target\":[\"https:\\\/\\\/radioljubuski.ba\\\/index.php\\\/2021\\\/12\\\/30\\\/crna-gora-pristala-na-pregovore-s-hrvatskom-o-vlasnistvu-skolskog-broda-jadran\\\/\"]}]},{\"@type\":\"ImageObject\",\"inLanguage\":\"hr\",\"@id\":\"https:\\\/\\\/radioljubuski.ba\\\/index.php\\\/2021\\\/12\\\/30\\\/crna-gora-pristala-na-pregovore-s-hrvatskom-o-vlasnistvu-skolskog-broda-jadran\\\/#primaryimage\",\"url\":\"https:\\\/\\\/radioljubuski.ba\\\/wp-content\\\/uploads\\\/2021\\\/12\\\/Brod-Jadran.jpg\",\"contentUrl\":\"https:\\\/\\\/radioljubuski.ba\\\/wp-content\\\/uploads\\\/2021\\\/12\\\/Brod-Jadran.jpg\",\"width\":780,\"height\":638},{\"@type\":\"BreadcrumbList\",\"@id\":\"https:\\\/\\\/radioljubuski.ba\\\/index.php\\\/2021\\\/12\\\/30\\\/crna-gora-pristala-na-pregovore-s-hrvatskom-o-vlasnistvu-skolskog-broda-jadran\\\/#breadcrumb\",\"itemListElement\":[{\"@type\":\"ListItem\",\"position\":1,\"name\":\"Po\u010detna stranica\",\"item\":\"https:\\\/\\\/radioljubuski.ba\\\/\"},{\"@type\":\"ListItem\",\"position\":2,\"name\":\"Crna Gora pristala na pregovore s Hrvatskom o vlasni\u0161tvu \u0161kolskog broda Jadran\"}]},{\"@type\":\"WebSite\",\"@id\":\"https:\\\/\\\/radioljubuski.ba\\\/#website\",\"url\":\"https:\\\/\\\/radioljubuski.ba\\\/\",\"name\":\"Radio Ljubu\u0161ki\",\"description\":\"Sun\u010dana frekvencija Hercegovine\",\"publisher\":{\"@id\":\"https:\\\/\\\/radioljubuski.ba\\\/#organization\"},\"potentialAction\":[{\"@type\":\"SearchAction\",\"target\":{\"@type\":\"EntryPoint\",\"urlTemplate\":\"https:\\\/\\\/radioljubuski.ba\\\/?s={search_term_string}\"},\"query-input\":{\"@type\":\"PropertyValueSpecification\",\"valueRequired\":true,\"valueName\":\"search_term_string\"}}],\"inLanguage\":\"hr\"},{\"@type\":\"Organization\",\"@id\":\"https:\\\/\\\/radioljubuski.ba\\\/#organization\",\"name\":\"Radio Ljubu\u0161ki\",\"url\":\"https:\\\/\\\/radioljubuski.ba\\\/\",\"logo\":{\"@type\":\"ImageObject\",\"inLanguage\":\"hr\",\"@id\":\"https:\\\/\\\/radioljubuski.ba\\\/#\\\/schema\\\/logo\\\/image\\\/\",\"url\":\"https:\\\/\\\/radioljubuski.ba\\\/wp-content\\\/uploads\\\/2021\\\/02\\\/cropped-Radio_Ljubuski_logo1.jpg\",\"contentUrl\":\"https:\\\/\\\/radioljubuski.ba\\\/wp-content\\\/uploads\\\/2021\\\/02\\\/cropped-Radio_Ljubuski_logo1.jpg\",\"width\":512,\"height\":512,\"caption\":\"Radio Ljubu\u0161ki\"},\"image\":{\"@id\":\"https:\\\/\\\/radioljubuski.ba\\\/#\\\/schema\\\/logo\\\/image\\\/\"},\"sameAs\":[\"https:\\\/\\\/www.facebook.com\\\/Radiio-Ljubuski-1490835324566332\",\"https:\\\/\\\/x.com\\\/radioljubuski\",\"https:\\\/\\\/hr.linkedin.com\\\/company\\\/radio-ljubuski\",\"https:\\\/\\\/www.youtube.com\\\/channel\\\/UCHYaeO_n0Db3tjNGudGpXyw\"]},{\"@type\":\"Person\",\"@id\":\"https:\\\/\\\/radioljubuski.ba\\\/#\\\/schema\\\/person\\\/19fc700381a780f69665d7956c469e3b\",\"name\":\"Radio Ljubu\u0161ki\"}]}<\/script>\n<!-- \/ Yoast SEO plugin. -->","yoast_head_json":{"title":"Crna Gora pristala na pregovore s Hrvatskom o vlasni\u0161tvu \u0161kolskog broda Jadran - RADIO LJUBU\u0160KI","robots":{"index":"index","follow":"follow","max-snippet":"max-snippet:-1","max-image-preview":"max-image-preview:large","max-video-preview":"max-video-preview:-1"},"canonical":"https:\/\/radioljubuski.ba\/index.php\/2021\/12\/30\/crna-gora-pristala-na-pregovore-s-hrvatskom-o-vlasnistvu-skolskog-broda-jadran\/","og_locale":"hr_HR","og_type":"article","og_title":"Crna Gora pristala na pregovore s Hrvatskom o vlasni\u0161tvu \u0161kolskog broda Jadran - RADIO LJUBU\u0160KI","og_description":"Crnogorska vlada objavila je u \u010detvrtak da su Crna Gora i Hrvatska postigle suglasnost o osnivanju me\u0111udr\u017eavne komisije koja bi se na detaljniji na\u010din posvetila rje\u0161avanju pitanja broda \u201eJadran\u201c, s obzirom na razli\u010dita tuma\u010denja kome brod pripada. To je navedeno u dokumentu crnogorske vlade o suradnji sa susjednim zemljama. Republika Hrvatska smatra, kako su ranije [&hellip;]","og_url":"https:\/\/radioljubuski.ba\/index.php\/2021\/12\/30\/crna-gora-pristala-na-pregovore-s-hrvatskom-o-vlasnistvu-skolskog-broda-jadran\/","og_site_name":"RADIO LJUBU\u0160KI","article_publisher":"https:\/\/www.facebook.com\/Radiio-Ljubuski-1490835324566332","article_published_time":"2021-12-30T14:48:42+00:00","article_modified_time":"2021-12-30T14:48:43+00:00","og_image":[{"width":780,"height":638,"url":"https:\/\/radioljubuski.ba\/wp-content\/uploads\/2021\/12\/Brod-Jadran.jpg","type":"image\/jpeg"}],"author":"Radio Ljubu\u0161ki","twitter_card":"summary_large_image","twitter_creator":"@radioljubuski","twitter_site":"@radioljubuski","twitter_misc":{"Napisao\/la":"Radio Ljubu\u0161ki","Procijenjeno vrijeme \u010ditanja":"2 minute"},"schema":{"@context":"https:\/\/schema.org","@graph":[{"@type":"Article","@id":"https:\/\/radioljubuski.ba\/index.php\/2021\/12\/30\/crna-gora-pristala-na-pregovore-s-hrvatskom-o-vlasnistvu-skolskog-broda-jadran\/#article","isPartOf":{"@id":"https:\/\/radioljubuski.ba\/index.php\/2021\/12\/30\/crna-gora-pristala-na-pregovore-s-hrvatskom-o-vlasnistvu-skolskog-broda-jadran\/"},"author":{"name":"Radio Ljubu\u0161ki","@id":"https:\/\/radioljubuski.ba\/#\/schema\/person\/19fc700381a780f69665d7956c469e3b"},"headline":"Crna Gora pristala na pregovore s Hrvatskom o vlasni\u0161tvu \u0161kolskog broda Jadran","datePublished":"2021-12-30T14:48:42+00:00","dateModified":"2021-12-30T14:48:43+00:00","mainEntityOfPage":{"@id":"https:\/\/radioljubuski.ba\/index.php\/2021\/12\/30\/crna-gora-pristala-na-pregovore-s-hrvatskom-o-vlasnistvu-skolskog-broda-jadran\/"},"wordCount":286,"publisher":{"@id":"https:\/\/radioljubuski.ba\/#organization"},"image":{"@id":"https:\/\/radioljubuski.ba\/index.php\/2021\/12\/30\/crna-gora-pristala-na-pregovore-s-hrvatskom-o-vlasnistvu-skolskog-broda-jadran\/#primaryimage"},"thumbnailUrl":"https:\/\/radioljubuski.ba\/wp-content\/uploads\/2021\/12\/Brod-Jadran.jpg","articleSection":["BIH i regija"],"inLanguage":"hr"},{"@type":"WebPage","@id":"https:\/\/radioljubuski.ba\/index.php\/2021\/12\/30\/crna-gora-pristala-na-pregovore-s-hrvatskom-o-vlasnistvu-skolskog-broda-jadran\/","url":"https:\/\/radioljubuski.ba\/index.php\/2021\/12\/30\/crna-gora-pristala-na-pregovore-s-hrvatskom-o-vlasnistvu-skolskog-broda-jadran\/","name":"Crna Gora pristala na pregovore s Hrvatskom o vlasni\u0161tvu \u0161kolskog broda Jadran - RADIO LJUBU\u0160KI","isPartOf":{"@id":"https:\/\/radioljubuski.ba\/#website"},"primaryImageOfPage":{"@id":"https:\/\/radioljubuski.ba\/index.php\/2021\/12\/30\/crna-gora-pristala-na-pregovore-s-hrvatskom-o-vlasnistvu-skolskog-broda-jadran\/#primaryimage"},"image":{"@id":"https:\/\/radioljubuski.ba\/index.php\/2021\/12\/30\/crna-gora-pristala-na-pregovore-s-hrvatskom-o-vlasnistvu-skolskog-broda-jadran\/#primaryimage"},"thumbnailUrl":"https:\/\/radioljubuski.ba\/wp-content\/uploads\/2021\/12\/Brod-Jadran.jpg","datePublished":"2021-12-30T14:48:42+00:00","dateModified":"2021-12-30T14:48:43+00:00","breadcrumb":{"@id":"https:\/\/radioljubuski.ba\/index.php\/2021\/12\/30\/crna-gora-pristala-na-pregovore-s-hrvatskom-o-vlasnistvu-skolskog-broda-jadran\/#breadcrumb"},"inLanguage":"hr","potentialAction":[{"@type":"ReadAction","target":["https:\/\/radioljubuski.ba\/index.php\/2021\/12\/30\/crna-gora-pristala-na-pregovore-s-hrvatskom-o-vlasnistvu-skolskog-broda-jadran\/"]}]},{"@type":"ImageObject","inLanguage":"hr","@id":"https:\/\/radioljubuski.ba\/index.php\/2021\/12\/30\/crna-gora-pristala-na-pregovore-s-hrvatskom-o-vlasnistvu-skolskog-broda-jadran\/#primaryimage","url":"https:\/\/radioljubuski.ba\/wp-content\/uploads\/2021\/12\/Brod-Jadran.jpg","contentUrl":"https:\/\/radioljubuski.ba\/wp-content\/uploads\/2021\/12\/Brod-Jadran.jpg","width":780,"height":638},{"@type":"BreadcrumbList","@id":"https:\/\/radioljubuski.ba\/index.php\/2021\/12\/30\/crna-gora-pristala-na-pregovore-s-hrvatskom-o-vlasnistvu-skolskog-broda-jadran\/#breadcrumb","itemListElement":[{"@type":"ListItem","position":1,"name":"Po\u010detna stranica","item":"https:\/\/radioljubuski.ba\/"},{"@type":"ListItem","position":2,"name":"Crna Gora pristala na pregovore s Hrvatskom o vlasni\u0161tvu \u0161kolskog broda Jadran"}]},{"@type":"WebSite","@id":"https:\/\/radioljubuski.ba\/#website","url":"https:\/\/radioljubuski.ba\/","name":"Radio Ljubu\u0161ki","description":"Sun\u010dana frekvencija Hercegovine","publisher":{"@id":"https:\/\/radioljubuski.ba\/#organization"},"potentialAction":[{"@type":"SearchAction","target":{"@type":"EntryPoint","urlTemplate":"https:\/\/radioljubuski.ba\/?s={search_term_string}"},"query-input":{"@type":"PropertyValueSpecification","valueRequired":true,"valueName":"search_term_string"}}],"inLanguage":"hr"},{"@type":"Organization","@id":"https:\/\/radioljubuski.ba\/#organization","name":"Radio Ljubu\u0161ki","url":"https:\/\/radioljubuski.ba\/","logo":{"@type":"ImageObject","inLanguage":"hr","@id":"https:\/\/radioljubuski.ba\/#\/schema\/logo\/image\/","url":"https:\/\/radioljubuski.ba\/wp-content\/uploads\/2021\/02\/cropped-Radio_Ljubuski_logo1.jpg","contentUrl":"https:\/\/radioljubuski.ba\/wp-content\/uploads\/2021\/02\/cropped-Radio_Ljubuski_logo1.jpg","width":512,"height":512,"caption":"Radio Ljubu\u0161ki"},"image":{"@id":"https:\/\/radioljubuski.ba\/#\/schema\/logo\/image\/"},"sameAs":["https:\/\/www.facebook.com\/Radiio-Ljubuski-1490835324566332","https:\/\/x.com\/radioljubuski","https:\/\/hr.linkedin.com\/company\/radio-ljubuski","https:\/\/www.youtube.com\/channel\/UCHYaeO_n0Db3tjNGudGpXyw"]},{"@type":"Person","@id":"https:\/\/radioljubuski.ba\/#\/schema\/person\/19fc700381a780f69665d7956c469e3b","name":"Radio Ljubu\u0161ki"}]}},"_links":{"self":[{"href":"https:\/\/radioljubuski.ba\/index.php\/wp-json\/wp\/v2\/posts\/104140","targetHints":{"allow":["GET"]}}],"collection":[{"href":"https:\/\/radioljubuski.ba\/index.php\/wp-json\/wp\/v2\/posts"}],"about":[{"href":"https:\/\/radioljubuski.ba\/index.php\/wp-json\/wp\/v2\/types\/post"}],"author":[{"embeddable":true,"href":"https:\/\/radioljubuski.ba\/index.php\/wp-json\/wp\/v2\/users\/2"}],"replies":[{"embeddable":true,"href":"https:\/\/radioljubuski.ba\/index.php\/wp-json\/wp\/v2\/comments?post=104140"}],"version-history":[{"count":1,"href":"https:\/\/radioljubuski.ba\/index.php\/wp-json\/wp\/v2\/posts\/104140\/revisions"}],"predecessor-version":[{"id":104142,"href":"https:\/\/radioljubuski.ba\/index.php\/wp-json\/wp\/v2\/posts\/104140\/revisions\/104142"}],"wp:featuredmedia":[{"embeddable":true,"href":"https:\/\/radioljubuski.ba\/index.php\/wp-json\/wp\/v2\/media\/104141"}],"wp:attachment":[{"href":"https:\/\/radioljubuski.ba\/index.php\/wp-json\/wp\/v2\/media?parent=104140"}],"wp:term":[{"taxonomy":"category","embeddable":true,"href":"https:\/\/radioljubuski.ba\/index.php\/wp-json\/wp\/v2\/categories?post=104140"},{"taxonomy":"post_tag","embeddable":true,"href":"https:\/\/radioljubuski.ba\/index.php\/wp-json\/wp\/v2\/tags?post=104140"}],"curies":[{"name":"wp","href":"https:\/\/api.w.org\/{rel}","templated":true}]}}