{"id":104145,"date":"2021-12-30T15:51:12","date_gmt":"2021-12-30T14:51:12","guid":{"rendered":"https:\/\/radioljubuski.ba\/?p=104145"},"modified":"2021-12-30T15:51:13","modified_gmt":"2021-12-30T14:51:13","slug":"gnijezdo-ponovno-na-daskama-hnk-mostar","status":"publish","type":"post","link":"https:\/\/radioljubuski.ba\/index.php\/2021\/12\/30\/gnijezdo-ponovno-na-daskama-hnk-mostar\/","title":{"rendered":"\u201cGnijezdo\u201d ponovno na daskama HNK Mostar"},"content":{"rendered":"\n<p><strong>Nagra\u0111ivana predstava \u201cGnijezdo\u201d, u kazali\u0161noj javnosti neformalno progla\u0161ena i jednom od najboljih predstava zadnjih nekoliko godina u BiH, bit \u0107e izvedena u ponedjeljak, 3. sije\u010dnja, i u utorak 4. sije\u010dnja 2022. godine na daskama Hrvatskog narodnog kazali\u0161ta u Mostaru s po\u010detkom u 20 sati, javlja Hrvatski Medijski Servis.<\/strong><\/p>\n\n\n\n<p>Ovaj neobi\u010dni kazali\u0161ni komad, jer ga se do\u017eivljava svim \u010dulima, autorski je projekt Marine Petkovi\u0107 Liker, a inspiriran je poezijom Marka Toma\u0161a. U njemu igraju Miro Barnjak, Bojan Beribaka, Angela Bulum, Jelena Kordi\u0107 Kuret, Nikolina Mari\u0107, Jadranka Popovi\u0107 Miljko i Ivan Skoko.<\/p>\n\n\n\n<p>\u201cGnijezdo\u201d je predstava koja govori o nesre\u0111enim odnosima izme\u0111u tri sestre i tri brata koji nenadano na godi\u0161njicu maj\u010dine smrti otvaraju bolnu temu \u2013 \u0161to u\u010diniti sa zajedni\u010dkom ku\u0107om koju je ozbiljno na\u010deo zub vremena. Dok jedni \u017eele promjene, drugi poku\u0161avaju argumentirano upozoriti za\u0161to one nisu mogu\u0107e. Rastrgnuti obiteljskim tajnama, nerealiziranim ljubavima, ratnim o\u017eiljcima i vi\u0161kom maj\u010dinske ljubavi, oni tek mogu proizvesti neverin u lokvi vlastite nepomi\u010dnosti, progovaraju\u0107i vrlo otvoreno o (ne)mogu\u0107nosti komuniciranja i me\u0111usobnog (ne)razumijevanja.<\/p>\n\n\n\n<p>Ova je predstava jedna od najuspje\u0161nijih predstava HNK Mostar, a to potvr\u0111uju nagrade poput one na Me\u0111unarodnom festivalu \u201cDani Jurislava Koreni\u0107a\u201d u Sarajevu gdje je osvojila nagradu za najbolju predstavu u cjelini, a istu nagradu osvojila je i na Me\u0111unarodnom festivalu glumca \u201cZaplet 11\u201d u Banjoj Luci.<\/p>\n\n\n\n<p>Broj mjesta je ograni\u010den zbog po\u0161tivanja epidemiolo\u0161kih mjera, a ulaznice je mogu\u0107e rezervirati preko Facebook ili Instagram stranice HNK Mostar, odnosno pozivom na broj 036\/446 024.<\/p>\n\n\n\n<p>\/HMS\/<\/p>\n","protected":false},"excerpt":{"rendered":"<p>Nagra\u0111ivana predstava \u201cGnijezdo\u201d, u kazali\u0161noj javnosti neformalno progla\u0161ena i jednom od najboljih predstava zadnjih nekoliko godina u BiH, bit \u0107e izvedena u ponedjeljak, 3. sije\u010dnja, i u utorak 4. sije\u010dnja 2022. godine na daskama Hrvatskog narodnog kazali\u0161ta u Mostaru s po\u010detkom u 20 sati, javlja Hrvatski Medijski Servis. Ovaj neobi\u010dni kazali\u0161ni komad, jer ga se [&hellip;]<\/p>\n","protected":false},"author":2,"featured_media":104146,"comment_status":"closed","ping_status":"closed","sticky":false,"template":"","format":"standard","meta":{"h5ap_radio_sources":[],"footnotes":""},"categories":[1],"tags":[],"class_list":["post-104145","post","type-post","status-publish","format-standard","has-post-thumbnail","hentry","category-bihiregija"],"yoast_head":"<!-- This site is optimized with the Yoast SEO plugin v27.5 - https:\/\/yoast.com\/product\/yoast-seo-wordpress\/ -->\n<title>\u201cGnijezdo\u201d ponovno na daskama HNK Mostar - RADIO LJUBU\u0160KI<\/title>\n<meta name=\"robots\" content=\"index, follow, max-snippet:-1, max-image-preview:large, max-video-preview:-1\" \/>\n<link rel=\"canonical\" href=\"https:\/\/radioljubuski.ba\/index.php\/2021\/12\/30\/gnijezdo-ponovno-na-daskama-hnk-mostar\/\" \/>\n<meta property=\"og:locale\" content=\"hr_HR\" \/>\n<meta property=\"og:type\" content=\"article\" \/>\n<meta property=\"og:title\" content=\"\u201cGnijezdo\u201d ponovno na daskama HNK Mostar - RADIO LJUBU\u0160KI\" \/>\n<meta property=\"og:description\" content=\"Nagra\u0111ivana predstava \u201cGnijezdo\u201d, u kazali\u0161noj javnosti neformalno progla\u0161ena i jednom od najboljih predstava zadnjih nekoliko godina u BiH, bit \u0107e izvedena u ponedjeljak, 3. sije\u010dnja, i u utorak 4. sije\u010dnja 2022. godine na daskama Hrvatskog narodnog kazali\u0161ta u Mostaru s po\u010detkom u 20 sati, javlja Hrvatski Medijski Servis. Ovaj neobi\u010dni kazali\u0161ni komad, jer ga se [&hellip;]\" \/>\n<meta property=\"og:url\" content=\"https:\/\/radioljubuski.ba\/index.php\/2021\/12\/30\/gnijezdo-ponovno-na-daskama-hnk-mostar\/\" \/>\n<meta property=\"og:site_name\" content=\"RADIO LJUBU\u0160KI\" \/>\n<meta property=\"article:publisher\" content=\"https:\/\/www.facebook.com\/Radiio-Ljubuski-1490835324566332\" \/>\n<meta property=\"article:published_time\" content=\"2021-12-30T14:51:12+00:00\" \/>\n<meta property=\"article:modified_time\" content=\"2021-12-30T14:51:13+00:00\" \/>\n<meta property=\"og:image\" content=\"https:\/\/radioljubuski.ba\/wp-content\/uploads\/2021\/12\/gnijezdo-web-4-1068x713-1.jpg\" \/>\n\t<meta property=\"og:image:width\" content=\"1068\" \/>\n\t<meta property=\"og:image:height\" content=\"713\" \/>\n\t<meta property=\"og:image:type\" content=\"image\/jpeg\" \/>\n<meta name=\"author\" content=\"Radio Ljubu\u0161ki\" \/>\n<meta name=\"twitter:card\" content=\"summary_large_image\" \/>\n<meta name=\"twitter:creator\" content=\"@radioljubuski\" \/>\n<meta name=\"twitter:site\" content=\"@radioljubuski\" \/>\n<meta name=\"twitter:label1\" content=\"Napisao\/la\" \/>\n\t<meta name=\"twitter:data1\" content=\"Radio Ljubu\u0161ki\" \/>\n\t<meta name=\"twitter:label2\" content=\"Procijenjeno vrijeme \u010ditanja\" \/>\n\t<meta name=\"twitter:data2\" content=\"2 minute\" \/>\n<script type=\"application\/ld+json\" class=\"yoast-schema-graph\">{\"@context\":\"https:\\\/\\\/schema.org\",\"@graph\":[{\"@type\":\"Article\",\"@id\":\"https:\\\/\\\/radioljubuski.ba\\\/index.php\\\/2021\\\/12\\\/30\\\/gnijezdo-ponovno-na-daskama-hnk-mostar\\\/#article\",\"isPartOf\":{\"@id\":\"https:\\\/\\\/radioljubuski.ba\\\/index.php\\\/2021\\\/12\\\/30\\\/gnijezdo-ponovno-na-daskama-hnk-mostar\\\/\"},\"author\":{\"name\":\"Radio Ljubu\u0161ki\",\"@id\":\"https:\\\/\\\/radioljubuski.ba\\\/#\\\/schema\\\/person\\\/19fc700381a780f69665d7956c469e3b\"},\"headline\":\"\u201cGnijezdo\u201d ponovno na daskama HNK Mostar\",\"datePublished\":\"2021-12-30T14:51:12+00:00\",\"dateModified\":\"2021-12-30T14:51:13+00:00\",\"mainEntityOfPage\":{\"@id\":\"https:\\\/\\\/radioljubuski.ba\\\/index.php\\\/2021\\\/12\\\/30\\\/gnijezdo-ponovno-na-daskama-hnk-mostar\\\/\"},\"wordCount\":278,\"publisher\":{\"@id\":\"https:\\\/\\\/radioljubuski.ba\\\/#organization\"},\"image\":{\"@id\":\"https:\\\/\\\/radioljubuski.ba\\\/index.php\\\/2021\\\/12\\\/30\\\/gnijezdo-ponovno-na-daskama-hnk-mostar\\\/#primaryimage\"},\"thumbnailUrl\":\"https:\\\/\\\/radioljubuski.ba\\\/wp-content\\\/uploads\\\/2021\\\/12\\\/gnijezdo-web-4-1068x713-1.jpg\",\"articleSection\":[\"BIH i regija\"],\"inLanguage\":\"hr\"},{\"@type\":\"WebPage\",\"@id\":\"https:\\\/\\\/radioljubuski.ba\\\/index.php\\\/2021\\\/12\\\/30\\\/gnijezdo-ponovno-na-daskama-hnk-mostar\\\/\",\"url\":\"https:\\\/\\\/radioljubuski.ba\\\/index.php\\\/2021\\\/12\\\/30\\\/gnijezdo-ponovno-na-daskama-hnk-mostar\\\/\",\"name\":\"\u201cGnijezdo\u201d ponovno na daskama HNK Mostar - RADIO LJUBU\u0160KI\",\"isPartOf\":{\"@id\":\"https:\\\/\\\/radioljubuski.ba\\\/#website\"},\"primaryImageOfPage\":{\"@id\":\"https:\\\/\\\/radioljubuski.ba\\\/index.php\\\/2021\\\/12\\\/30\\\/gnijezdo-ponovno-na-daskama-hnk-mostar\\\/#primaryimage\"},\"image\":{\"@id\":\"https:\\\/\\\/radioljubuski.ba\\\/index.php\\\/2021\\\/12\\\/30\\\/gnijezdo-ponovno-na-daskama-hnk-mostar\\\/#primaryimage\"},\"thumbnailUrl\":\"https:\\\/\\\/radioljubuski.ba\\\/wp-content\\\/uploads\\\/2021\\\/12\\\/gnijezdo-web-4-1068x713-1.jpg\",\"datePublished\":\"2021-12-30T14:51:12+00:00\",\"dateModified\":\"2021-12-30T14:51:13+00:00\",\"breadcrumb\":{\"@id\":\"https:\\\/\\\/radioljubuski.ba\\\/index.php\\\/2021\\\/12\\\/30\\\/gnijezdo-ponovno-na-daskama-hnk-mostar\\\/#breadcrumb\"},\"inLanguage\":\"hr\",\"potentialAction\":[{\"@type\":\"ReadAction\",\"target\":[\"https:\\\/\\\/radioljubuski.ba\\\/index.php\\\/2021\\\/12\\\/30\\\/gnijezdo-ponovno-na-daskama-hnk-mostar\\\/\"]}]},{\"@type\":\"ImageObject\",\"inLanguage\":\"hr\",\"@id\":\"https:\\\/\\\/radioljubuski.ba\\\/index.php\\\/2021\\\/12\\\/30\\\/gnijezdo-ponovno-na-daskama-hnk-mostar\\\/#primaryimage\",\"url\":\"https:\\\/\\\/radioljubuski.ba\\\/wp-content\\\/uploads\\\/2021\\\/12\\\/gnijezdo-web-4-1068x713-1.jpg\",\"contentUrl\":\"https:\\\/\\\/radioljubuski.ba\\\/wp-content\\\/uploads\\\/2021\\\/12\\\/gnijezdo-web-4-1068x713-1.jpg\",\"width\":1068,\"height\":713},{\"@type\":\"BreadcrumbList\",\"@id\":\"https:\\\/\\\/radioljubuski.ba\\\/index.php\\\/2021\\\/12\\\/30\\\/gnijezdo-ponovno-na-daskama-hnk-mostar\\\/#breadcrumb\",\"itemListElement\":[{\"@type\":\"ListItem\",\"position\":1,\"name\":\"Po\u010detna stranica\",\"item\":\"https:\\\/\\\/radioljubuski.ba\\\/\"},{\"@type\":\"ListItem\",\"position\":2,\"name\":\"\u201cGnijezdo\u201d ponovno na daskama HNK Mostar\"}]},{\"@type\":\"WebSite\",\"@id\":\"https:\\\/\\\/radioljubuski.ba\\\/#website\",\"url\":\"https:\\\/\\\/radioljubuski.ba\\\/\",\"name\":\"Radio Ljubu\u0161ki\",\"description\":\"Sun\u010dana frekvencija Hercegovine\",\"publisher\":{\"@id\":\"https:\\\/\\\/radioljubuski.ba\\\/#organization\"},\"potentialAction\":[{\"@type\":\"SearchAction\",\"target\":{\"@type\":\"EntryPoint\",\"urlTemplate\":\"https:\\\/\\\/radioljubuski.ba\\\/?s={search_term_string}\"},\"query-input\":{\"@type\":\"PropertyValueSpecification\",\"valueRequired\":true,\"valueName\":\"search_term_string\"}}],\"inLanguage\":\"hr\"},{\"@type\":\"Organization\",\"@id\":\"https:\\\/\\\/radioljubuski.ba\\\/#organization\",\"name\":\"Radio Ljubu\u0161ki\",\"url\":\"https:\\\/\\\/radioljubuski.ba\\\/\",\"logo\":{\"@type\":\"ImageObject\",\"inLanguage\":\"hr\",\"@id\":\"https:\\\/\\\/radioljubuski.ba\\\/#\\\/schema\\\/logo\\\/image\\\/\",\"url\":\"https:\\\/\\\/radioljubuski.ba\\\/wp-content\\\/uploads\\\/2021\\\/02\\\/cropped-Radio_Ljubuski_logo1.jpg\",\"contentUrl\":\"https:\\\/\\\/radioljubuski.ba\\\/wp-content\\\/uploads\\\/2021\\\/02\\\/cropped-Radio_Ljubuski_logo1.jpg\",\"width\":512,\"height\":512,\"caption\":\"Radio Ljubu\u0161ki\"},\"image\":{\"@id\":\"https:\\\/\\\/radioljubuski.ba\\\/#\\\/schema\\\/logo\\\/image\\\/\"},\"sameAs\":[\"https:\\\/\\\/www.facebook.com\\\/Radiio-Ljubuski-1490835324566332\",\"https:\\\/\\\/x.com\\\/radioljubuski\",\"https:\\\/\\\/hr.linkedin.com\\\/company\\\/radio-ljubuski\",\"https:\\\/\\\/www.youtube.com\\\/channel\\\/UCHYaeO_n0Db3tjNGudGpXyw\"]},{\"@type\":\"Person\",\"@id\":\"https:\\\/\\\/radioljubuski.ba\\\/#\\\/schema\\\/person\\\/19fc700381a780f69665d7956c469e3b\",\"name\":\"Radio Ljubu\u0161ki\"}]}<\/script>\n<!-- \/ Yoast SEO plugin. -->","yoast_head_json":{"title":"\u201cGnijezdo\u201d ponovno na daskama HNK Mostar - RADIO LJUBU\u0160KI","robots":{"index":"index","follow":"follow","max-snippet":"max-snippet:-1","max-image-preview":"max-image-preview:large","max-video-preview":"max-video-preview:-1"},"canonical":"https:\/\/radioljubuski.ba\/index.php\/2021\/12\/30\/gnijezdo-ponovno-na-daskama-hnk-mostar\/","og_locale":"hr_HR","og_type":"article","og_title":"\u201cGnijezdo\u201d ponovno na daskama HNK Mostar - RADIO LJUBU\u0160KI","og_description":"Nagra\u0111ivana predstava \u201cGnijezdo\u201d, u kazali\u0161noj javnosti neformalno progla\u0161ena i jednom od najboljih predstava zadnjih nekoliko godina u BiH, bit \u0107e izvedena u ponedjeljak, 3. sije\u010dnja, i u utorak 4. sije\u010dnja 2022. godine na daskama Hrvatskog narodnog kazali\u0161ta u Mostaru s po\u010detkom u 20 sati, javlja Hrvatski Medijski Servis. Ovaj neobi\u010dni kazali\u0161ni komad, jer ga se [&hellip;]","og_url":"https:\/\/radioljubuski.ba\/index.php\/2021\/12\/30\/gnijezdo-ponovno-na-daskama-hnk-mostar\/","og_site_name":"RADIO LJUBU\u0160KI","article_publisher":"https:\/\/www.facebook.com\/Radiio-Ljubuski-1490835324566332","article_published_time":"2021-12-30T14:51:12+00:00","article_modified_time":"2021-12-30T14:51:13+00:00","og_image":[{"width":1068,"height":713,"url":"https:\/\/radioljubuski.ba\/wp-content\/uploads\/2021\/12\/gnijezdo-web-4-1068x713-1.jpg","type":"image\/jpeg"}],"author":"Radio Ljubu\u0161ki","twitter_card":"summary_large_image","twitter_creator":"@radioljubuski","twitter_site":"@radioljubuski","twitter_misc":{"Napisao\/la":"Radio Ljubu\u0161ki","Procijenjeno vrijeme \u010ditanja":"2 minute"},"schema":{"@context":"https:\/\/schema.org","@graph":[{"@type":"Article","@id":"https:\/\/radioljubuski.ba\/index.php\/2021\/12\/30\/gnijezdo-ponovno-na-daskama-hnk-mostar\/#article","isPartOf":{"@id":"https:\/\/radioljubuski.ba\/index.php\/2021\/12\/30\/gnijezdo-ponovno-na-daskama-hnk-mostar\/"},"author":{"name":"Radio Ljubu\u0161ki","@id":"https:\/\/radioljubuski.ba\/#\/schema\/person\/19fc700381a780f69665d7956c469e3b"},"headline":"\u201cGnijezdo\u201d ponovno na daskama HNK Mostar","datePublished":"2021-12-30T14:51:12+00:00","dateModified":"2021-12-30T14:51:13+00:00","mainEntityOfPage":{"@id":"https:\/\/radioljubuski.ba\/index.php\/2021\/12\/30\/gnijezdo-ponovno-na-daskama-hnk-mostar\/"},"wordCount":278,"publisher":{"@id":"https:\/\/radioljubuski.ba\/#organization"},"image":{"@id":"https:\/\/radioljubuski.ba\/index.php\/2021\/12\/30\/gnijezdo-ponovno-na-daskama-hnk-mostar\/#primaryimage"},"thumbnailUrl":"https:\/\/radioljubuski.ba\/wp-content\/uploads\/2021\/12\/gnijezdo-web-4-1068x713-1.jpg","articleSection":["BIH i regija"],"inLanguage":"hr"},{"@type":"WebPage","@id":"https:\/\/radioljubuski.ba\/index.php\/2021\/12\/30\/gnijezdo-ponovno-na-daskama-hnk-mostar\/","url":"https:\/\/radioljubuski.ba\/index.php\/2021\/12\/30\/gnijezdo-ponovno-na-daskama-hnk-mostar\/","name":"\u201cGnijezdo\u201d ponovno na daskama HNK Mostar - RADIO LJUBU\u0160KI","isPartOf":{"@id":"https:\/\/radioljubuski.ba\/#website"},"primaryImageOfPage":{"@id":"https:\/\/radioljubuski.ba\/index.php\/2021\/12\/30\/gnijezdo-ponovno-na-daskama-hnk-mostar\/#primaryimage"},"image":{"@id":"https:\/\/radioljubuski.ba\/index.php\/2021\/12\/30\/gnijezdo-ponovno-na-daskama-hnk-mostar\/#primaryimage"},"thumbnailUrl":"https:\/\/radioljubuski.ba\/wp-content\/uploads\/2021\/12\/gnijezdo-web-4-1068x713-1.jpg","datePublished":"2021-12-30T14:51:12+00:00","dateModified":"2021-12-30T14:51:13+00:00","breadcrumb":{"@id":"https:\/\/radioljubuski.ba\/index.php\/2021\/12\/30\/gnijezdo-ponovno-na-daskama-hnk-mostar\/#breadcrumb"},"inLanguage":"hr","potentialAction":[{"@type":"ReadAction","target":["https:\/\/radioljubuski.ba\/index.php\/2021\/12\/30\/gnijezdo-ponovno-na-daskama-hnk-mostar\/"]}]},{"@type":"ImageObject","inLanguage":"hr","@id":"https:\/\/radioljubuski.ba\/index.php\/2021\/12\/30\/gnijezdo-ponovno-na-daskama-hnk-mostar\/#primaryimage","url":"https:\/\/radioljubuski.ba\/wp-content\/uploads\/2021\/12\/gnijezdo-web-4-1068x713-1.jpg","contentUrl":"https:\/\/radioljubuski.ba\/wp-content\/uploads\/2021\/12\/gnijezdo-web-4-1068x713-1.jpg","width":1068,"height":713},{"@type":"BreadcrumbList","@id":"https:\/\/radioljubuski.ba\/index.php\/2021\/12\/30\/gnijezdo-ponovno-na-daskama-hnk-mostar\/#breadcrumb","itemListElement":[{"@type":"ListItem","position":1,"name":"Po\u010detna stranica","item":"https:\/\/radioljubuski.ba\/"},{"@type":"ListItem","position":2,"name":"\u201cGnijezdo\u201d ponovno na daskama HNK Mostar"}]},{"@type":"WebSite","@id":"https:\/\/radioljubuski.ba\/#website","url":"https:\/\/radioljubuski.ba\/","name":"Radio Ljubu\u0161ki","description":"Sun\u010dana frekvencija Hercegovine","publisher":{"@id":"https:\/\/radioljubuski.ba\/#organization"},"potentialAction":[{"@type":"SearchAction","target":{"@type":"EntryPoint","urlTemplate":"https:\/\/radioljubuski.ba\/?s={search_term_string}"},"query-input":{"@type":"PropertyValueSpecification","valueRequired":true,"valueName":"search_term_string"}}],"inLanguage":"hr"},{"@type":"Organization","@id":"https:\/\/radioljubuski.ba\/#organization","name":"Radio Ljubu\u0161ki","url":"https:\/\/radioljubuski.ba\/","logo":{"@type":"ImageObject","inLanguage":"hr","@id":"https:\/\/radioljubuski.ba\/#\/schema\/logo\/image\/","url":"https:\/\/radioljubuski.ba\/wp-content\/uploads\/2021\/02\/cropped-Radio_Ljubuski_logo1.jpg","contentUrl":"https:\/\/radioljubuski.ba\/wp-content\/uploads\/2021\/02\/cropped-Radio_Ljubuski_logo1.jpg","width":512,"height":512,"caption":"Radio Ljubu\u0161ki"},"image":{"@id":"https:\/\/radioljubuski.ba\/#\/schema\/logo\/image\/"},"sameAs":["https:\/\/www.facebook.com\/Radiio-Ljubuski-1490835324566332","https:\/\/x.com\/radioljubuski","https:\/\/hr.linkedin.com\/company\/radio-ljubuski","https:\/\/www.youtube.com\/channel\/UCHYaeO_n0Db3tjNGudGpXyw"]},{"@type":"Person","@id":"https:\/\/radioljubuski.ba\/#\/schema\/person\/19fc700381a780f69665d7956c469e3b","name":"Radio Ljubu\u0161ki"}]}},"_links":{"self":[{"href":"https:\/\/radioljubuski.ba\/index.php\/wp-json\/wp\/v2\/posts\/104145","targetHints":{"allow":["GET"]}}],"collection":[{"href":"https:\/\/radioljubuski.ba\/index.php\/wp-json\/wp\/v2\/posts"}],"about":[{"href":"https:\/\/radioljubuski.ba\/index.php\/wp-json\/wp\/v2\/types\/post"}],"author":[{"embeddable":true,"href":"https:\/\/radioljubuski.ba\/index.php\/wp-json\/wp\/v2\/users\/2"}],"replies":[{"embeddable":true,"href":"https:\/\/radioljubuski.ba\/index.php\/wp-json\/wp\/v2\/comments?post=104145"}],"version-history":[{"count":1,"href":"https:\/\/radioljubuski.ba\/index.php\/wp-json\/wp\/v2\/posts\/104145\/revisions"}],"predecessor-version":[{"id":104147,"href":"https:\/\/radioljubuski.ba\/index.php\/wp-json\/wp\/v2\/posts\/104145\/revisions\/104147"}],"wp:featuredmedia":[{"embeddable":true,"href":"https:\/\/radioljubuski.ba\/index.php\/wp-json\/wp\/v2\/media\/104146"}],"wp:attachment":[{"href":"https:\/\/radioljubuski.ba\/index.php\/wp-json\/wp\/v2\/media?parent=104145"}],"wp:term":[{"taxonomy":"category","embeddable":true,"href":"https:\/\/radioljubuski.ba\/index.php\/wp-json\/wp\/v2\/categories?post=104145"},{"taxonomy":"post_tag","embeddable":true,"href":"https:\/\/radioljubuski.ba\/index.php\/wp-json\/wp\/v2\/tags?post=104145"}],"curies":[{"name":"wp","href":"https:\/\/api.w.org\/{rel}","templated":true}]}}