{"id":104180,"date":"2021-12-30T19:06:31","date_gmt":"2021-12-30T18:06:31","guid":{"rendered":"https:\/\/radioljubuski.ba\/?p=104180"},"modified":"2021-12-30T19:06:32","modified_gmt":"2021-12-30T18:06:32","slug":"josip-bozinovic-treci-je-najtrazeniji-igrac-na-transfermarktu","status":"publish","type":"post","link":"https:\/\/radioljubuski.ba\/index.php\/2021\/12\/30\/josip-bozinovic-treci-je-najtrazeniji-igrac-na-transfermarktu\/","title":{"rendered":"Josip Bo\u017einovi\u0107 tre\u0107i je najtra\u017eeniji igra\u010d na Transfermarktu"},"content":{"rendered":"\n<p>Ekipa Kre\u0161imir Keta Bandi\u0107 senzacionalno je ju\u010der osvojila 50. izdanje malonogometnog turnira Kutija \u0161ibica.<\/p>\n\n\n\n<p>Hercegova\u010dka ekipa, nazvana u \u010dast preminulom vrataru Kre\u0161imiru Bandi\u0107u, u finalu je nakon penala pobijedila ekipu Poliklinika Milojevi\u0107 za koju su igrali igra\u010di Futsal Dinama. Nakon izvo\u0111enja udaraca sa sedam metara Keta Bandi\u0107 pro\u0161la je i kroz \u010detvrtfinale i kroz polufinale.<\/p>\n\n\n\n<p>Najboljim igra\u010dem turnira progla\u0161en je Josip Bo\u017einovi\u0107, a Keta Bandi\u0107 dobila je i najboljeg vratara turnira, Marka \u010colaka.<\/p>\n\n\n\n<p>\u201cJo\u0161 sam pod dojmovima, jer nismo o\u010dekivali osvajanje kad smo se prijavili za Kutiju \u0161ibica. Priznajem da je Poliklinika Milojevi\u0107 u finalu bila ne\u0161to bolja, mi smo se nekako nesvjesno povukli i tra\u017eili svoje prilike. Jedva sam \u010dekao raspucavanje, imam veliko samopouzdanje i vjerujem da ne bih proma\u0161io niti jedan da ih 10 puta izvodim\u201d, rekao je ju\u010der nakon finala Bo\u017einovi\u0107.<\/p>\n\n\n\n<p>Danas je pak postao tre\u0107i najtra\u017eeniji igra\u010d na Transfermarktu u posljednja 24 sata. Ispred njega su samo Ferran Torres te mladi \u0160panjolac Fabio Blanco koji je ljetos stigao u Eintracht iz Valencije, javlja&nbsp;<a href=\"https:\/\/telesport.telegram.hr\/na-prvu\/kutija-sibica-kao-pozornica-josip-bozinovic-treci-je-najtrazeniji-igrac-na-transfermarktu\/?fbclid=IwAR0oS-R3lVz1YY8gMD2cX0Z0_zuevDXRbzFVYWTOlOc9FW2v5KLZPFCmd-M\" target=\"_blank\" rel=\"noreferrer noopener\">Telesport.<\/a><\/p>\n\n\n\n<p>Bo\u017einovi\u0107 je pak u svojoj karijeri igrao za Mosor, \u0160ibenik, Junak i makarski Zmaj, prije nego \u0161to je oti\u0161ao u Njema\u010dku i posvetio se futsalu. Zadnje dvije godine igrao je za aktualnog njema\u010dkog futsal prvaka TSV Weilimdorf.<\/p>\n\n\n\n<p>Izvor:pogled.ba<\/p>\n","protected":false},"excerpt":{"rendered":"<p>Ekipa Kre\u0161imir Keta Bandi\u0107 senzacionalno je ju\u010der osvojila 50. izdanje malonogometnog turnira Kutija \u0161ibica. Hercegova\u010dka ekipa, nazvana u \u010dast preminulom vrataru Kre\u0161imiru Bandi\u0107u, u finalu je nakon penala pobijedila ekipu Poliklinika Milojevi\u0107 za koju su igrali igra\u010di Futsal Dinama. Nakon izvo\u0111enja udaraca sa sedam metara Keta Bandi\u0107 pro\u0161la je i kroz \u010detvrtfinale i kroz polufinale. [&hellip;]<\/p>\n","protected":false},"author":2,"featured_media":104181,"comment_status":"closed","ping_status":"closed","sticky":false,"template":"","format":"standard","meta":{"h5ap_radio_sources":[],"footnotes":""},"categories":[7],"tags":[],"class_list":["post-104180","post","type-post","status-publish","format-standard","has-post-thumbnail","hentry","category-sport"],"yoast_head":"<!-- This site is optimized with the Yoast SEO plugin v27.4 - https:\/\/yoast.com\/product\/yoast-seo-wordpress\/ -->\n<title>Josip Bo\u017einovi\u0107 tre\u0107i je najtra\u017eeniji igra\u010d na Transfermarktu - RADIO LJUBU\u0160KI<\/title>\n<meta name=\"robots\" content=\"index, follow, max-snippet:-1, max-image-preview:large, max-video-preview:-1\" \/>\n<link rel=\"canonical\" href=\"https:\/\/radioljubuski.ba\/index.php\/2021\/12\/30\/josip-bozinovic-treci-je-najtrazeniji-igrac-na-transfermarktu\/\" \/>\n<meta property=\"og:locale\" content=\"hr_HR\" \/>\n<meta property=\"og:type\" content=\"article\" \/>\n<meta property=\"og:title\" content=\"Josip Bo\u017einovi\u0107 tre\u0107i je najtra\u017eeniji igra\u010d na Transfermarktu - RADIO LJUBU\u0160KI\" \/>\n<meta property=\"og:description\" content=\"Ekipa Kre\u0161imir Keta Bandi\u0107 senzacionalno je ju\u010der osvojila 50. izdanje malonogometnog turnira Kutija \u0161ibica. Hercegova\u010dka ekipa, nazvana u \u010dast preminulom vrataru Kre\u0161imiru Bandi\u0107u, u finalu je nakon penala pobijedila ekipu Poliklinika Milojevi\u0107 za koju su igrali igra\u010di Futsal Dinama. Nakon izvo\u0111enja udaraca sa sedam metara Keta Bandi\u0107 pro\u0161la je i kroz \u010detvrtfinale i kroz polufinale. [&hellip;]\" \/>\n<meta property=\"og:url\" content=\"https:\/\/radioljubuski.ba\/index.php\/2021\/12\/30\/josip-bozinovic-treci-je-najtrazeniji-igrac-na-transfermarktu\/\" \/>\n<meta property=\"og:site_name\" content=\"RADIO LJUBU\u0160KI\" \/>\n<meta property=\"article:publisher\" content=\"https:\/\/www.facebook.com\/Radiio-Ljubuski-1490835324566332\" \/>\n<meta property=\"article:published_time\" content=\"2021-12-30T18:06:31+00:00\" \/>\n<meta property=\"article:modified_time\" content=\"2021-12-30T18:06:32+00:00\" \/>\n<meta property=\"og:image\" content=\"https:\/\/radioljubuski.ba\/wp-content\/uploads\/2021\/12\/8-2021-12-30-17-47-39-BOZINOVIC.jpg\" \/>\n\t<meta property=\"og:image:width\" content=\"1000\" \/>\n\t<meta property=\"og:image:height\" content=\"625\" \/>\n\t<meta property=\"og:image:type\" content=\"image\/jpeg\" \/>\n<meta name=\"author\" content=\"Radio Ljubu\u0161ki\" \/>\n<meta name=\"twitter:card\" content=\"summary_large_image\" \/>\n<meta name=\"twitter:creator\" content=\"@radioljubuski\" \/>\n<meta name=\"twitter:site\" content=\"@radioljubuski\" \/>\n<meta name=\"twitter:label1\" content=\"Napisao\/la\" \/>\n\t<meta name=\"twitter:data1\" content=\"Radio Ljubu\u0161ki\" \/>\n\t<meta name=\"twitter:label2\" content=\"Procijenjeno vrijeme \u010ditanja\" \/>\n\t<meta name=\"twitter:data2\" content=\"1 minuta\" \/>\n<script type=\"application\/ld+json\" class=\"yoast-schema-graph\">{\"@context\":\"https:\\\/\\\/schema.org\",\"@graph\":[{\"@type\":\"Article\",\"@id\":\"https:\\\/\\\/radioljubuski.ba\\\/index.php\\\/2021\\\/12\\\/30\\\/josip-bozinovic-treci-je-najtrazeniji-igrac-na-transfermarktu\\\/#article\",\"isPartOf\":{\"@id\":\"https:\\\/\\\/radioljubuski.ba\\\/index.php\\\/2021\\\/12\\\/30\\\/josip-bozinovic-treci-je-najtrazeniji-igrac-na-transfermarktu\\\/\"},\"author\":{\"name\":\"Radio Ljubu\u0161ki\",\"@id\":\"https:\\\/\\\/radioljubuski.ba\\\/#\\\/schema\\\/person\\\/19fc700381a780f69665d7956c469e3b\"},\"headline\":\"Josip Bo\u017einovi\u0107 tre\u0107i je najtra\u017eeniji igra\u010d na Transfermarktu\",\"datePublished\":\"2021-12-30T18:06:31+00:00\",\"dateModified\":\"2021-12-30T18:06:32+00:00\",\"mainEntityOfPage\":{\"@id\":\"https:\\\/\\\/radioljubuski.ba\\\/index.php\\\/2021\\\/12\\\/30\\\/josip-bozinovic-treci-je-najtrazeniji-igrac-na-transfermarktu\\\/\"},\"wordCount\":240,\"publisher\":{\"@id\":\"https:\\\/\\\/radioljubuski.ba\\\/#organization\"},\"image\":{\"@id\":\"https:\\\/\\\/radioljubuski.ba\\\/index.php\\\/2021\\\/12\\\/30\\\/josip-bozinovic-treci-je-najtrazeniji-igrac-na-transfermarktu\\\/#primaryimage\"},\"thumbnailUrl\":\"https:\\\/\\\/radioljubuski.ba\\\/wp-content\\\/uploads\\\/2021\\\/12\\\/8-2021-12-30-17-47-39-BOZINOVIC.jpg\",\"articleSection\":[\"\u0160port\"],\"inLanguage\":\"hr\"},{\"@type\":\"WebPage\",\"@id\":\"https:\\\/\\\/radioljubuski.ba\\\/index.php\\\/2021\\\/12\\\/30\\\/josip-bozinovic-treci-je-najtrazeniji-igrac-na-transfermarktu\\\/\",\"url\":\"https:\\\/\\\/radioljubuski.ba\\\/index.php\\\/2021\\\/12\\\/30\\\/josip-bozinovic-treci-je-najtrazeniji-igrac-na-transfermarktu\\\/\",\"name\":\"Josip Bo\u017einovi\u0107 tre\u0107i je najtra\u017eeniji igra\u010d na Transfermarktu - RADIO LJUBU\u0160KI\",\"isPartOf\":{\"@id\":\"https:\\\/\\\/radioljubuski.ba\\\/#website\"},\"primaryImageOfPage\":{\"@id\":\"https:\\\/\\\/radioljubuski.ba\\\/index.php\\\/2021\\\/12\\\/30\\\/josip-bozinovic-treci-je-najtrazeniji-igrac-na-transfermarktu\\\/#primaryimage\"},\"image\":{\"@id\":\"https:\\\/\\\/radioljubuski.ba\\\/index.php\\\/2021\\\/12\\\/30\\\/josip-bozinovic-treci-je-najtrazeniji-igrac-na-transfermarktu\\\/#primaryimage\"},\"thumbnailUrl\":\"https:\\\/\\\/radioljubuski.ba\\\/wp-content\\\/uploads\\\/2021\\\/12\\\/8-2021-12-30-17-47-39-BOZINOVIC.jpg\",\"datePublished\":\"2021-12-30T18:06:31+00:00\",\"dateModified\":\"2021-12-30T18:06:32+00:00\",\"breadcrumb\":{\"@id\":\"https:\\\/\\\/radioljubuski.ba\\\/index.php\\\/2021\\\/12\\\/30\\\/josip-bozinovic-treci-je-najtrazeniji-igrac-na-transfermarktu\\\/#breadcrumb\"},\"inLanguage\":\"hr\",\"potentialAction\":[{\"@type\":\"ReadAction\",\"target\":[\"https:\\\/\\\/radioljubuski.ba\\\/index.php\\\/2021\\\/12\\\/30\\\/josip-bozinovic-treci-je-najtrazeniji-igrac-na-transfermarktu\\\/\"]}]},{\"@type\":\"ImageObject\",\"inLanguage\":\"hr\",\"@id\":\"https:\\\/\\\/radioljubuski.ba\\\/index.php\\\/2021\\\/12\\\/30\\\/josip-bozinovic-treci-je-najtrazeniji-igrac-na-transfermarktu\\\/#primaryimage\",\"url\":\"https:\\\/\\\/radioljubuski.ba\\\/wp-content\\\/uploads\\\/2021\\\/12\\\/8-2021-12-30-17-47-39-BOZINOVIC.jpg\",\"contentUrl\":\"https:\\\/\\\/radioljubuski.ba\\\/wp-content\\\/uploads\\\/2021\\\/12\\\/8-2021-12-30-17-47-39-BOZINOVIC.jpg\",\"width\":1000,\"height\":625},{\"@type\":\"BreadcrumbList\",\"@id\":\"https:\\\/\\\/radioljubuski.ba\\\/index.php\\\/2021\\\/12\\\/30\\\/josip-bozinovic-treci-je-najtrazeniji-igrac-na-transfermarktu\\\/#breadcrumb\",\"itemListElement\":[{\"@type\":\"ListItem\",\"position\":1,\"name\":\"Po\u010detna stranica\",\"item\":\"https:\\\/\\\/radioljubuski.ba\\\/\"},{\"@type\":\"ListItem\",\"position\":2,\"name\":\"Josip Bo\u017einovi\u0107 tre\u0107i je najtra\u017eeniji igra\u010d na Transfermarktu\"}]},{\"@type\":\"WebSite\",\"@id\":\"https:\\\/\\\/radioljubuski.ba\\\/#website\",\"url\":\"https:\\\/\\\/radioljubuski.ba\\\/\",\"name\":\"Radio Ljubu\u0161ki\",\"description\":\"Sun\u010dana frekvencija Hercegovine\",\"publisher\":{\"@id\":\"https:\\\/\\\/radioljubuski.ba\\\/#organization\"},\"potentialAction\":[{\"@type\":\"SearchAction\",\"target\":{\"@type\":\"EntryPoint\",\"urlTemplate\":\"https:\\\/\\\/radioljubuski.ba\\\/?s={search_term_string}\"},\"query-input\":{\"@type\":\"PropertyValueSpecification\",\"valueRequired\":true,\"valueName\":\"search_term_string\"}}],\"inLanguage\":\"hr\"},{\"@type\":\"Organization\",\"@id\":\"https:\\\/\\\/radioljubuski.ba\\\/#organization\",\"name\":\"Radio Ljubu\u0161ki\",\"url\":\"https:\\\/\\\/radioljubuski.ba\\\/\",\"logo\":{\"@type\":\"ImageObject\",\"inLanguage\":\"hr\",\"@id\":\"https:\\\/\\\/radioljubuski.ba\\\/#\\\/schema\\\/logo\\\/image\\\/\",\"url\":\"https:\\\/\\\/radioljubuski.ba\\\/wp-content\\\/uploads\\\/2021\\\/02\\\/cropped-Radio_Ljubuski_logo1.jpg\",\"contentUrl\":\"https:\\\/\\\/radioljubuski.ba\\\/wp-content\\\/uploads\\\/2021\\\/02\\\/cropped-Radio_Ljubuski_logo1.jpg\",\"width\":512,\"height\":512,\"caption\":\"Radio Ljubu\u0161ki\"},\"image\":{\"@id\":\"https:\\\/\\\/radioljubuski.ba\\\/#\\\/schema\\\/logo\\\/image\\\/\"},\"sameAs\":[\"https:\\\/\\\/www.facebook.com\\\/Radiio-Ljubuski-1490835324566332\",\"https:\\\/\\\/x.com\\\/radioljubuski\",\"https:\\\/\\\/hr.linkedin.com\\\/company\\\/radio-ljubuski\",\"https:\\\/\\\/www.youtube.com\\\/channel\\\/UCHYaeO_n0Db3tjNGudGpXyw\"]},{\"@type\":\"Person\",\"@id\":\"https:\\\/\\\/radioljubuski.ba\\\/#\\\/schema\\\/person\\\/19fc700381a780f69665d7956c469e3b\",\"name\":\"Radio Ljubu\u0161ki\"}]}<\/script>\n<!-- \/ Yoast SEO plugin. -->","yoast_head_json":{"title":"Josip Bo\u017einovi\u0107 tre\u0107i je najtra\u017eeniji igra\u010d na Transfermarktu - RADIO LJUBU\u0160KI","robots":{"index":"index","follow":"follow","max-snippet":"max-snippet:-1","max-image-preview":"max-image-preview:large","max-video-preview":"max-video-preview:-1"},"canonical":"https:\/\/radioljubuski.ba\/index.php\/2021\/12\/30\/josip-bozinovic-treci-je-najtrazeniji-igrac-na-transfermarktu\/","og_locale":"hr_HR","og_type":"article","og_title":"Josip Bo\u017einovi\u0107 tre\u0107i je najtra\u017eeniji igra\u010d na Transfermarktu - RADIO LJUBU\u0160KI","og_description":"Ekipa Kre\u0161imir Keta Bandi\u0107 senzacionalno je ju\u010der osvojila 50. izdanje malonogometnog turnira Kutija \u0161ibica. Hercegova\u010dka ekipa, nazvana u \u010dast preminulom vrataru Kre\u0161imiru Bandi\u0107u, u finalu je nakon penala pobijedila ekipu Poliklinika Milojevi\u0107 za koju su igrali igra\u010di Futsal Dinama. Nakon izvo\u0111enja udaraca sa sedam metara Keta Bandi\u0107 pro\u0161la je i kroz \u010detvrtfinale i kroz polufinale. [&hellip;]","og_url":"https:\/\/radioljubuski.ba\/index.php\/2021\/12\/30\/josip-bozinovic-treci-je-najtrazeniji-igrac-na-transfermarktu\/","og_site_name":"RADIO LJUBU\u0160KI","article_publisher":"https:\/\/www.facebook.com\/Radiio-Ljubuski-1490835324566332","article_published_time":"2021-12-30T18:06:31+00:00","article_modified_time":"2021-12-30T18:06:32+00:00","og_image":[{"width":1000,"height":625,"url":"https:\/\/radioljubuski.ba\/wp-content\/uploads\/2021\/12\/8-2021-12-30-17-47-39-BOZINOVIC.jpg","type":"image\/jpeg"}],"author":"Radio Ljubu\u0161ki","twitter_card":"summary_large_image","twitter_creator":"@radioljubuski","twitter_site":"@radioljubuski","twitter_misc":{"Napisao\/la":"Radio Ljubu\u0161ki","Procijenjeno vrijeme \u010ditanja":"1 minuta"},"schema":{"@context":"https:\/\/schema.org","@graph":[{"@type":"Article","@id":"https:\/\/radioljubuski.ba\/index.php\/2021\/12\/30\/josip-bozinovic-treci-je-najtrazeniji-igrac-na-transfermarktu\/#article","isPartOf":{"@id":"https:\/\/radioljubuski.ba\/index.php\/2021\/12\/30\/josip-bozinovic-treci-je-najtrazeniji-igrac-na-transfermarktu\/"},"author":{"name":"Radio Ljubu\u0161ki","@id":"https:\/\/radioljubuski.ba\/#\/schema\/person\/19fc700381a780f69665d7956c469e3b"},"headline":"Josip Bo\u017einovi\u0107 tre\u0107i je najtra\u017eeniji igra\u010d na Transfermarktu","datePublished":"2021-12-30T18:06:31+00:00","dateModified":"2021-12-30T18:06:32+00:00","mainEntityOfPage":{"@id":"https:\/\/radioljubuski.ba\/index.php\/2021\/12\/30\/josip-bozinovic-treci-je-najtrazeniji-igrac-na-transfermarktu\/"},"wordCount":240,"publisher":{"@id":"https:\/\/radioljubuski.ba\/#organization"},"image":{"@id":"https:\/\/radioljubuski.ba\/index.php\/2021\/12\/30\/josip-bozinovic-treci-je-najtrazeniji-igrac-na-transfermarktu\/#primaryimage"},"thumbnailUrl":"https:\/\/radioljubuski.ba\/wp-content\/uploads\/2021\/12\/8-2021-12-30-17-47-39-BOZINOVIC.jpg","articleSection":["\u0160port"],"inLanguage":"hr"},{"@type":"WebPage","@id":"https:\/\/radioljubuski.ba\/index.php\/2021\/12\/30\/josip-bozinovic-treci-je-najtrazeniji-igrac-na-transfermarktu\/","url":"https:\/\/radioljubuski.ba\/index.php\/2021\/12\/30\/josip-bozinovic-treci-je-najtrazeniji-igrac-na-transfermarktu\/","name":"Josip Bo\u017einovi\u0107 tre\u0107i je najtra\u017eeniji igra\u010d na Transfermarktu - RADIO LJUBU\u0160KI","isPartOf":{"@id":"https:\/\/radioljubuski.ba\/#website"},"primaryImageOfPage":{"@id":"https:\/\/radioljubuski.ba\/index.php\/2021\/12\/30\/josip-bozinovic-treci-je-najtrazeniji-igrac-na-transfermarktu\/#primaryimage"},"image":{"@id":"https:\/\/radioljubuski.ba\/index.php\/2021\/12\/30\/josip-bozinovic-treci-je-najtrazeniji-igrac-na-transfermarktu\/#primaryimage"},"thumbnailUrl":"https:\/\/radioljubuski.ba\/wp-content\/uploads\/2021\/12\/8-2021-12-30-17-47-39-BOZINOVIC.jpg","datePublished":"2021-12-30T18:06:31+00:00","dateModified":"2021-12-30T18:06:32+00:00","breadcrumb":{"@id":"https:\/\/radioljubuski.ba\/index.php\/2021\/12\/30\/josip-bozinovic-treci-je-najtrazeniji-igrac-na-transfermarktu\/#breadcrumb"},"inLanguage":"hr","potentialAction":[{"@type":"ReadAction","target":["https:\/\/radioljubuski.ba\/index.php\/2021\/12\/30\/josip-bozinovic-treci-je-najtrazeniji-igrac-na-transfermarktu\/"]}]},{"@type":"ImageObject","inLanguage":"hr","@id":"https:\/\/radioljubuski.ba\/index.php\/2021\/12\/30\/josip-bozinovic-treci-je-najtrazeniji-igrac-na-transfermarktu\/#primaryimage","url":"https:\/\/radioljubuski.ba\/wp-content\/uploads\/2021\/12\/8-2021-12-30-17-47-39-BOZINOVIC.jpg","contentUrl":"https:\/\/radioljubuski.ba\/wp-content\/uploads\/2021\/12\/8-2021-12-30-17-47-39-BOZINOVIC.jpg","width":1000,"height":625},{"@type":"BreadcrumbList","@id":"https:\/\/radioljubuski.ba\/index.php\/2021\/12\/30\/josip-bozinovic-treci-je-najtrazeniji-igrac-na-transfermarktu\/#breadcrumb","itemListElement":[{"@type":"ListItem","position":1,"name":"Po\u010detna stranica","item":"https:\/\/radioljubuski.ba\/"},{"@type":"ListItem","position":2,"name":"Josip Bo\u017einovi\u0107 tre\u0107i je najtra\u017eeniji igra\u010d na Transfermarktu"}]},{"@type":"WebSite","@id":"https:\/\/radioljubuski.ba\/#website","url":"https:\/\/radioljubuski.ba\/","name":"Radio Ljubu\u0161ki","description":"Sun\u010dana frekvencija Hercegovine","publisher":{"@id":"https:\/\/radioljubuski.ba\/#organization"},"potentialAction":[{"@type":"SearchAction","target":{"@type":"EntryPoint","urlTemplate":"https:\/\/radioljubuski.ba\/?s={search_term_string}"},"query-input":{"@type":"PropertyValueSpecification","valueRequired":true,"valueName":"search_term_string"}}],"inLanguage":"hr"},{"@type":"Organization","@id":"https:\/\/radioljubuski.ba\/#organization","name":"Radio Ljubu\u0161ki","url":"https:\/\/radioljubuski.ba\/","logo":{"@type":"ImageObject","inLanguage":"hr","@id":"https:\/\/radioljubuski.ba\/#\/schema\/logo\/image\/","url":"https:\/\/radioljubuski.ba\/wp-content\/uploads\/2021\/02\/cropped-Radio_Ljubuski_logo1.jpg","contentUrl":"https:\/\/radioljubuski.ba\/wp-content\/uploads\/2021\/02\/cropped-Radio_Ljubuski_logo1.jpg","width":512,"height":512,"caption":"Radio Ljubu\u0161ki"},"image":{"@id":"https:\/\/radioljubuski.ba\/#\/schema\/logo\/image\/"},"sameAs":["https:\/\/www.facebook.com\/Radiio-Ljubuski-1490835324566332","https:\/\/x.com\/radioljubuski","https:\/\/hr.linkedin.com\/company\/radio-ljubuski","https:\/\/www.youtube.com\/channel\/UCHYaeO_n0Db3tjNGudGpXyw"]},{"@type":"Person","@id":"https:\/\/radioljubuski.ba\/#\/schema\/person\/19fc700381a780f69665d7956c469e3b","name":"Radio Ljubu\u0161ki"}]}},"_links":{"self":[{"href":"https:\/\/radioljubuski.ba\/index.php\/wp-json\/wp\/v2\/posts\/104180","targetHints":{"allow":["GET"]}}],"collection":[{"href":"https:\/\/radioljubuski.ba\/index.php\/wp-json\/wp\/v2\/posts"}],"about":[{"href":"https:\/\/radioljubuski.ba\/index.php\/wp-json\/wp\/v2\/types\/post"}],"author":[{"embeddable":true,"href":"https:\/\/radioljubuski.ba\/index.php\/wp-json\/wp\/v2\/users\/2"}],"replies":[{"embeddable":true,"href":"https:\/\/radioljubuski.ba\/index.php\/wp-json\/wp\/v2\/comments?post=104180"}],"version-history":[{"count":1,"href":"https:\/\/radioljubuski.ba\/index.php\/wp-json\/wp\/v2\/posts\/104180\/revisions"}],"predecessor-version":[{"id":104182,"href":"https:\/\/radioljubuski.ba\/index.php\/wp-json\/wp\/v2\/posts\/104180\/revisions\/104182"}],"wp:featuredmedia":[{"embeddable":true,"href":"https:\/\/radioljubuski.ba\/index.php\/wp-json\/wp\/v2\/media\/104181"}],"wp:attachment":[{"href":"https:\/\/radioljubuski.ba\/index.php\/wp-json\/wp\/v2\/media?parent=104180"}],"wp:term":[{"taxonomy":"category","embeddable":true,"href":"https:\/\/radioljubuski.ba\/index.php\/wp-json\/wp\/v2\/categories?post=104180"},{"taxonomy":"post_tag","embeddable":true,"href":"https:\/\/radioljubuski.ba\/index.php\/wp-json\/wp\/v2\/tags?post=104180"}],"curies":[{"name":"wp","href":"https:\/\/api.w.org\/{rel}","templated":true}]}}