{"id":104276,"date":"2021-12-31T12:18:14","date_gmt":"2021-12-31T11:18:14","guid":{"rendered":"https:\/\/radioljubuski.ba\/?p=104276"},"modified":"2021-12-31T12:18:15","modified_gmt":"2021-12-31T11:18:15","slug":"dr-andrea-juric-ljudi-situacija-je-gadna-koronavirus-ce-eskalirati-iza-doceka-nove-godine","status":"publish","type":"post","link":"https:\/\/radioljubuski.ba\/index.php\/2021\/12\/31\/dr-andrea-juric-ljudi-situacija-je-gadna-koronavirus-ce-eskalirati-iza-doceka-nove-godine\/","title":{"rendered":"Dr. Andrea Juri\u0107: Ljudi, situacija je gadna, koronavirus \u0107e eskalirati iza do\u010deka Nove godine"},"content":{"rendered":"\n<p>-Imamo jako gadnu situaciju.Imali smo u tri dana od 70 zara\u017eenih, tre\u0107i dan su 282 zara\u017eena. Incidenca je porasla od jednog dana 70 do drugog dana 138. To je eksponencijalni rast, najve\u0107i koji smo ikada imali, kazala je za portal <a href=\"https:\/\/avaz.ba\/vijesti\/bih\/707031\/dramatican-apel-epidemiologinje-juric-ljudi-situacija-je-gadna-koronavirus-ce-eskalirati-iza-doceka-nove-godine\">Avaza <\/a>dr. Andrea Juri\u0107, epidemiologinja i direktorica Zavoda za javno zdravstvo ZH\u017d-a.<\/p>\n\n\n\n<p>U ovoj \u017eupaniji situacija se naglo pogor\u0161ala u posljednjih nekoliko dana.<\/p>\n\n\n\n<p>-Mi smo ve\u010deras bili ispred domova zdravlja u Zapadnoj Hercegovini. Kolone ljudi, samo dolaze i tra\u017ee hitnu pomo\u0107 i lije\u010dnike. Me\u0111utim, lije\u010dnici daju nadljudske napore, ljudi \u010dekaju vani. Lije\u010dnici pregledaju tri osobe, do\u0111e ih jo\u0161 pet, pa jo\u0161 deset. Situacija je rapidno eskalirala. Sutra ujutru imamo sjednicu Civilnog sto\u017eera na\u0161e \u017eupanije gdje \u0107emo odlu\u010diti o mjerama &#8211; kazala je dr. juri\u0107.<\/p>\n\n\n\n<p>Istaknula je kako i nakon toliko vremena koliko epidemija koronavirusa traje, mo\u017ee shvatiti da netko ne\u0107e cijepiti se jer vjeruje da su cjepiva lo\u0161a, da nisu dovoljno dobra, ispitana&#8230;<\/p>\n\n\n\n<p>-Ali ne mogu vjerovati kako netko ne \u017eeli nositi masku, da se netko ne mo\u017ee suzdr\u017eati u ovoj cijeloj situaciji od odlaska na do\u010deke Nove godine, sakupljanja. Situacija je alarmanta, bit \u0107e jo\u0161 gora. Ova vrsta Covida, omikron, daje bla\u017eu klini\u010dku sliku, ali je nekoliko puta zaraznija, mnogo br\u017ee se \u0161iri u populaciju. Jednostavno zahvatit \u0107e prevelik broj ljudi istovremeno. Omikron je detektiran, postaje dominantni soj &#8211; istaknula je dr. Juri\u0107.<\/p>\n\n\n\n<p>Smatra kako ljudi prije Nove godine moraju misliti na sve to i razmisliti je li vrijedno.<\/p>\n\n\n\n<p>-Govorim u ime svojih kolega, konzultirala sam se i s doktorom \u010cerkezom, razmijenili smo vi\u0161e mi\u0161ljenja. Mi kao zdravstvo smo malo o\u010dajni, pomalo odustajemo. Moj zadnji apel je da se izbjegnu odlasci na skijanje, na do\u010dek Nove godine, mi zaista nismo u fazi da se imamo \u010demu veseliti. Neka se poslije ne tra\u017ee krivci, jer ima dovoljno cjepiva, respiratora, kreveta, ali nema dovoljno zdravstvenih djelatnika koji rade godinama. Svatko za sebe snosi posljedice, nijedan vas Ustav ne mo\u017ee za\u0161titi ako ste vi odlu\u010dili sebe neza\u0161tititi &#8211; isklju\u010diva je dr. Juri\u0107.<\/p>\n\n\n\n<p>Nagla\u0161ava da je ovo njen posljednji apel.&nbsp;<\/p>\n\n\n\n<p>&#8211; O\u010dekuje nas vrlo nezgodan period u idu\u0107ih 15 do 20 dana. Ovo govorim za cijelu FBiH jer ovo \u0161to se doga\u0111a trenutno u naprimjer \u017dep\u010du i Zapadnoj Hercegovini je udaljeno 5 dana od cijele Federacije. Eskalirat \u0107e iza do\u010deka Nove godine. A gra\u0111ani iz nekog inata rade protiv sebe. U Domu zdravlja Grude volontiraju, dolaze specijalizanti, djeca iz Mostara, nakon svojih radnih vremena rade jer su svjesni situacije. Ovo \u0161to se doga\u0111a u Zapadnoj Hercegovini sigurno \u0107e se preliti na sve \u017eupanije. Ne mo\u017ee vas nitko za\u0161titi ako vi sebe ne \u0161titite. \u017delite svoju slobodu, slobodu izbora za cijepljenje, redovnu nastavu, prava&#8230; Ali uz prava idu iz obveze, ako smo razumni. Ljudi, znam da dugo traje, znam sve. Ali dajte da budemo razumni. Strogo se treba paziti. Imamo veliki broj pacijenata koji su i preboljeli covid i cijepljeni s dvije doze, ponovno oboljevaju, nisu te\u0161ke klini\u010dke slike u pravilu, ali je preveliko optere\u0107enje za zdravstvo. A to se sve dogodilo u zadnja dva dana &#8211; poru\u010duje dr. Juri\u0107 te dodaje:<\/p>\n\n\n\n<p>-Ljudi ne vole ograni\u010davanje, ali \u0161ta je s pravima drugih na zdravlje. Negdje liniju treba povu\u0107i. Ovo nije dobro. Djeca nam oboljevaju. Samo nemojte kasnije re\u0107i da vam nismo rekli. Ovim putem pozivam i sve one koji nisu stru\u010dni i kojih se ne ti\u010de da ne komentiraju cjepiva i no\u0161enje maske. Zato je i nastao haos. Kada ne donosimo mjere govori se kako nikoga nije briga, a kad donesemo mjere ka\u017eu da nas treba strijeljati. Apeliram na vlastitu savjest svakog \u010dovjeka.<\/p>\n\n\n\n<p>Izvor:avaz.ba<\/p>\n","protected":false},"excerpt":{"rendered":"<p>-Imamo jako gadnu situaciju.Imali smo u tri dana od 70 zara\u017eenih, tre\u0107i dan su 282 zara\u017eena. Incidenca je porasla od jednog dana 70 do drugog dana 138. To je eksponencijalni rast, najve\u0107i koji smo ikada imali, kazala je za portal Avaza dr. Andrea Juri\u0107, epidemiologinja i direktorica Zavoda za javno zdravstvo ZH\u017d-a. U ovoj \u017eupaniji [&hellip;]<\/p>\n","protected":false},"author":2,"featured_media":2478,"comment_status":"closed","ping_status":"closed","sticky":false,"template":"","format":"standard","meta":{"h5ap_radio_sources":[],"footnotes":""},"categories":[1],"tags":[],"class_list":["post-104276","post","type-post","status-publish","format-standard","has-post-thumbnail","hentry","category-bihiregija"],"yoast_head":"<!-- This site is optimized with the Yoast SEO plugin v27.5 - https:\/\/yoast.com\/product\/yoast-seo-wordpress\/ -->\n<title>Dr. Andrea Juri\u0107: Ljudi, situacija je gadna, koronavirus \u0107e eskalirati iza do\u010deka Nove godine - RADIO LJUBU\u0160KI<\/title>\n<meta name=\"robots\" content=\"index, follow, max-snippet:-1, max-image-preview:large, max-video-preview:-1\" \/>\n<link rel=\"canonical\" href=\"https:\/\/radioljubuski.ba\/index.php\/2021\/12\/31\/dr-andrea-juric-ljudi-situacija-je-gadna-koronavirus-ce-eskalirati-iza-doceka-nove-godine\/\" \/>\n<meta property=\"og:locale\" content=\"hr_HR\" \/>\n<meta property=\"og:type\" content=\"article\" \/>\n<meta property=\"og:title\" content=\"Dr. Andrea Juri\u0107: Ljudi, situacija je gadna, koronavirus \u0107e eskalirati iza do\u010deka Nove godine - RADIO LJUBU\u0160KI\" \/>\n<meta property=\"og:description\" content=\"-Imamo jako gadnu situaciju.Imali smo u tri dana od 70 zara\u017eenih, tre\u0107i dan su 282 zara\u017eena. Incidenca je porasla od jednog dana 70 do drugog dana 138. To je eksponencijalni rast, najve\u0107i koji smo ikada imali, kazala je za portal Avaza dr. Andrea Juri\u0107, epidemiologinja i direktorica Zavoda za javno zdravstvo ZH\u017d-a. U ovoj \u017eupaniji [&hellip;]\" \/>\n<meta property=\"og:url\" content=\"https:\/\/radioljubuski.ba\/index.php\/2021\/12\/31\/dr-andrea-juric-ljudi-situacija-je-gadna-koronavirus-ce-eskalirati-iza-doceka-nove-godine\/\" \/>\n<meta property=\"og:site_name\" content=\"RADIO LJUBU\u0160KI\" \/>\n<meta property=\"article:publisher\" content=\"https:\/\/www.facebook.com\/Radiio-Ljubuski-1490835324566332\" \/>\n<meta property=\"article:published_time\" content=\"2021-12-31T11:18:14+00:00\" \/>\n<meta property=\"article:modified_time\" content=\"2021-12-31T11:18:15+00:00\" \/>\n<meta property=\"og:image\" content=\"https:\/\/radioljubuski.ba\/wp-content\/uploads\/2021\/03\/andrea-juric.jpg\" \/>\n\t<meta property=\"og:image:width\" content=\"810\" \/>\n\t<meta property=\"og:image:height\" content=\"544\" \/>\n\t<meta property=\"og:image:type\" content=\"image\/jpeg\" \/>\n<meta name=\"author\" content=\"Radio Ljubu\u0161ki\" \/>\n<meta name=\"twitter:card\" content=\"summary_large_image\" \/>\n<meta name=\"twitter:creator\" content=\"@radioljubuski\" \/>\n<meta name=\"twitter:site\" content=\"@radioljubuski\" \/>\n<meta name=\"twitter:label1\" content=\"Napisao\/la\" \/>\n\t<meta name=\"twitter:data1\" content=\"Radio Ljubu\u0161ki\" \/>\n\t<meta name=\"twitter:label2\" content=\"Procijenjeno vrijeme \u010ditanja\" \/>\n\t<meta name=\"twitter:data2\" content=\"3 minute\" \/>\n<script type=\"application\/ld+json\" class=\"yoast-schema-graph\">{\"@context\":\"https:\\\/\\\/schema.org\",\"@graph\":[{\"@type\":\"Article\",\"@id\":\"https:\\\/\\\/radioljubuski.ba\\\/index.php\\\/2021\\\/12\\\/31\\\/dr-andrea-juric-ljudi-situacija-je-gadna-koronavirus-ce-eskalirati-iza-doceka-nove-godine\\\/#article\",\"isPartOf\":{\"@id\":\"https:\\\/\\\/radioljubuski.ba\\\/index.php\\\/2021\\\/12\\\/31\\\/dr-andrea-juric-ljudi-situacija-je-gadna-koronavirus-ce-eskalirati-iza-doceka-nove-godine\\\/\"},\"author\":{\"name\":\"Radio Ljubu\u0161ki\",\"@id\":\"https:\\\/\\\/radioljubuski.ba\\\/#\\\/schema\\\/person\\\/19fc700381a780f69665d7956c469e3b\"},\"headline\":\"Dr. Andrea Juri\u0107: Ljudi, situacija je gadna, koronavirus \u0107e eskalirati iza do\u010deka Nove godine\",\"datePublished\":\"2021-12-31T11:18:14+00:00\",\"dateModified\":\"2021-12-31T11:18:15+00:00\",\"mainEntityOfPage\":{\"@id\":\"https:\\\/\\\/radioljubuski.ba\\\/index.php\\\/2021\\\/12\\\/31\\\/dr-andrea-juric-ljudi-situacija-je-gadna-koronavirus-ce-eskalirati-iza-doceka-nove-godine\\\/\"},\"wordCount\":658,\"publisher\":{\"@id\":\"https:\\\/\\\/radioljubuski.ba\\\/#organization\"},\"image\":{\"@id\":\"https:\\\/\\\/radioljubuski.ba\\\/index.php\\\/2021\\\/12\\\/31\\\/dr-andrea-juric-ljudi-situacija-je-gadna-koronavirus-ce-eskalirati-iza-doceka-nove-godine\\\/#primaryimage\"},\"thumbnailUrl\":\"https:\\\/\\\/radioljubuski.ba\\\/wp-content\\\/uploads\\\/2021\\\/03\\\/andrea-juric.jpg\",\"articleSection\":[\"BIH i regija\"],\"inLanguage\":\"hr\"},{\"@type\":\"WebPage\",\"@id\":\"https:\\\/\\\/radioljubuski.ba\\\/index.php\\\/2021\\\/12\\\/31\\\/dr-andrea-juric-ljudi-situacija-je-gadna-koronavirus-ce-eskalirati-iza-doceka-nove-godine\\\/\",\"url\":\"https:\\\/\\\/radioljubuski.ba\\\/index.php\\\/2021\\\/12\\\/31\\\/dr-andrea-juric-ljudi-situacija-je-gadna-koronavirus-ce-eskalirati-iza-doceka-nove-godine\\\/\",\"name\":\"Dr. Andrea Juri\u0107: Ljudi, situacija je gadna, koronavirus \u0107e eskalirati iza do\u010deka Nove godine - RADIO LJUBU\u0160KI\",\"isPartOf\":{\"@id\":\"https:\\\/\\\/radioljubuski.ba\\\/#website\"},\"primaryImageOfPage\":{\"@id\":\"https:\\\/\\\/radioljubuski.ba\\\/index.php\\\/2021\\\/12\\\/31\\\/dr-andrea-juric-ljudi-situacija-je-gadna-koronavirus-ce-eskalirati-iza-doceka-nove-godine\\\/#primaryimage\"},\"image\":{\"@id\":\"https:\\\/\\\/radioljubuski.ba\\\/index.php\\\/2021\\\/12\\\/31\\\/dr-andrea-juric-ljudi-situacija-je-gadna-koronavirus-ce-eskalirati-iza-doceka-nove-godine\\\/#primaryimage\"},\"thumbnailUrl\":\"https:\\\/\\\/radioljubuski.ba\\\/wp-content\\\/uploads\\\/2021\\\/03\\\/andrea-juric.jpg\",\"datePublished\":\"2021-12-31T11:18:14+00:00\",\"dateModified\":\"2021-12-31T11:18:15+00:00\",\"breadcrumb\":{\"@id\":\"https:\\\/\\\/radioljubuski.ba\\\/index.php\\\/2021\\\/12\\\/31\\\/dr-andrea-juric-ljudi-situacija-je-gadna-koronavirus-ce-eskalirati-iza-doceka-nove-godine\\\/#breadcrumb\"},\"inLanguage\":\"hr\",\"potentialAction\":[{\"@type\":\"ReadAction\",\"target\":[\"https:\\\/\\\/radioljubuski.ba\\\/index.php\\\/2021\\\/12\\\/31\\\/dr-andrea-juric-ljudi-situacija-je-gadna-koronavirus-ce-eskalirati-iza-doceka-nove-godine\\\/\"]}]},{\"@type\":\"ImageObject\",\"inLanguage\":\"hr\",\"@id\":\"https:\\\/\\\/radioljubuski.ba\\\/index.php\\\/2021\\\/12\\\/31\\\/dr-andrea-juric-ljudi-situacija-je-gadna-koronavirus-ce-eskalirati-iza-doceka-nove-godine\\\/#primaryimage\",\"url\":\"https:\\\/\\\/radioljubuski.ba\\\/wp-content\\\/uploads\\\/2021\\\/03\\\/andrea-juric.jpg\",\"contentUrl\":\"https:\\\/\\\/radioljubuski.ba\\\/wp-content\\\/uploads\\\/2021\\\/03\\\/andrea-juric.jpg\",\"width\":810,\"height\":544},{\"@type\":\"BreadcrumbList\",\"@id\":\"https:\\\/\\\/radioljubuski.ba\\\/index.php\\\/2021\\\/12\\\/31\\\/dr-andrea-juric-ljudi-situacija-je-gadna-koronavirus-ce-eskalirati-iza-doceka-nove-godine\\\/#breadcrumb\",\"itemListElement\":[{\"@type\":\"ListItem\",\"position\":1,\"name\":\"Po\u010detna stranica\",\"item\":\"https:\\\/\\\/radioljubuski.ba\\\/\"},{\"@type\":\"ListItem\",\"position\":2,\"name\":\"Dr. Andrea Juri\u0107: Ljudi, situacija je gadna, koronavirus \u0107e eskalirati iza do\u010deka Nove godine\"}]},{\"@type\":\"WebSite\",\"@id\":\"https:\\\/\\\/radioljubuski.ba\\\/#website\",\"url\":\"https:\\\/\\\/radioljubuski.ba\\\/\",\"name\":\"Radio Ljubu\u0161ki\",\"description\":\"Sun\u010dana frekvencija Hercegovine\",\"publisher\":{\"@id\":\"https:\\\/\\\/radioljubuski.ba\\\/#organization\"},\"potentialAction\":[{\"@type\":\"SearchAction\",\"target\":{\"@type\":\"EntryPoint\",\"urlTemplate\":\"https:\\\/\\\/radioljubuski.ba\\\/?s={search_term_string}\"},\"query-input\":{\"@type\":\"PropertyValueSpecification\",\"valueRequired\":true,\"valueName\":\"search_term_string\"}}],\"inLanguage\":\"hr\"},{\"@type\":\"Organization\",\"@id\":\"https:\\\/\\\/radioljubuski.ba\\\/#organization\",\"name\":\"Radio Ljubu\u0161ki\",\"url\":\"https:\\\/\\\/radioljubuski.ba\\\/\",\"logo\":{\"@type\":\"ImageObject\",\"inLanguage\":\"hr\",\"@id\":\"https:\\\/\\\/radioljubuski.ba\\\/#\\\/schema\\\/logo\\\/image\\\/\",\"url\":\"https:\\\/\\\/radioljubuski.ba\\\/wp-content\\\/uploads\\\/2021\\\/02\\\/cropped-Radio_Ljubuski_logo1.jpg\",\"contentUrl\":\"https:\\\/\\\/radioljubuski.ba\\\/wp-content\\\/uploads\\\/2021\\\/02\\\/cropped-Radio_Ljubuski_logo1.jpg\",\"width\":512,\"height\":512,\"caption\":\"Radio Ljubu\u0161ki\"},\"image\":{\"@id\":\"https:\\\/\\\/radioljubuski.ba\\\/#\\\/schema\\\/logo\\\/image\\\/\"},\"sameAs\":[\"https:\\\/\\\/www.facebook.com\\\/Radiio-Ljubuski-1490835324566332\",\"https:\\\/\\\/x.com\\\/radioljubuski\",\"https:\\\/\\\/hr.linkedin.com\\\/company\\\/radio-ljubuski\",\"https:\\\/\\\/www.youtube.com\\\/channel\\\/UCHYaeO_n0Db3tjNGudGpXyw\"]},{\"@type\":\"Person\",\"@id\":\"https:\\\/\\\/radioljubuski.ba\\\/#\\\/schema\\\/person\\\/19fc700381a780f69665d7956c469e3b\",\"name\":\"Radio Ljubu\u0161ki\"}]}<\/script>\n<!-- \/ Yoast SEO plugin. -->","yoast_head_json":{"title":"Dr. Andrea Juri\u0107: Ljudi, situacija je gadna, koronavirus \u0107e eskalirati iza do\u010deka Nove godine - RADIO LJUBU\u0160KI","robots":{"index":"index","follow":"follow","max-snippet":"max-snippet:-1","max-image-preview":"max-image-preview:large","max-video-preview":"max-video-preview:-1"},"canonical":"https:\/\/radioljubuski.ba\/index.php\/2021\/12\/31\/dr-andrea-juric-ljudi-situacija-je-gadna-koronavirus-ce-eskalirati-iza-doceka-nove-godine\/","og_locale":"hr_HR","og_type":"article","og_title":"Dr. Andrea Juri\u0107: Ljudi, situacija je gadna, koronavirus \u0107e eskalirati iza do\u010deka Nove godine - RADIO LJUBU\u0160KI","og_description":"-Imamo jako gadnu situaciju.Imali smo u tri dana od 70 zara\u017eenih, tre\u0107i dan su 282 zara\u017eena. Incidenca je porasla od jednog dana 70 do drugog dana 138. To je eksponencijalni rast, najve\u0107i koji smo ikada imali, kazala je za portal Avaza dr. Andrea Juri\u0107, epidemiologinja i direktorica Zavoda za javno zdravstvo ZH\u017d-a. U ovoj \u017eupaniji [&hellip;]","og_url":"https:\/\/radioljubuski.ba\/index.php\/2021\/12\/31\/dr-andrea-juric-ljudi-situacija-je-gadna-koronavirus-ce-eskalirati-iza-doceka-nove-godine\/","og_site_name":"RADIO LJUBU\u0160KI","article_publisher":"https:\/\/www.facebook.com\/Radiio-Ljubuski-1490835324566332","article_published_time":"2021-12-31T11:18:14+00:00","article_modified_time":"2021-12-31T11:18:15+00:00","og_image":[{"width":810,"height":544,"url":"https:\/\/radioljubuski.ba\/wp-content\/uploads\/2021\/03\/andrea-juric.jpg","type":"image\/jpeg"}],"author":"Radio Ljubu\u0161ki","twitter_card":"summary_large_image","twitter_creator":"@radioljubuski","twitter_site":"@radioljubuski","twitter_misc":{"Napisao\/la":"Radio Ljubu\u0161ki","Procijenjeno vrijeme \u010ditanja":"3 minute"},"schema":{"@context":"https:\/\/schema.org","@graph":[{"@type":"Article","@id":"https:\/\/radioljubuski.ba\/index.php\/2021\/12\/31\/dr-andrea-juric-ljudi-situacija-je-gadna-koronavirus-ce-eskalirati-iza-doceka-nove-godine\/#article","isPartOf":{"@id":"https:\/\/radioljubuski.ba\/index.php\/2021\/12\/31\/dr-andrea-juric-ljudi-situacija-je-gadna-koronavirus-ce-eskalirati-iza-doceka-nove-godine\/"},"author":{"name":"Radio Ljubu\u0161ki","@id":"https:\/\/radioljubuski.ba\/#\/schema\/person\/19fc700381a780f69665d7956c469e3b"},"headline":"Dr. Andrea Juri\u0107: Ljudi, situacija je gadna, koronavirus \u0107e eskalirati iza do\u010deka Nove godine","datePublished":"2021-12-31T11:18:14+00:00","dateModified":"2021-12-31T11:18:15+00:00","mainEntityOfPage":{"@id":"https:\/\/radioljubuski.ba\/index.php\/2021\/12\/31\/dr-andrea-juric-ljudi-situacija-je-gadna-koronavirus-ce-eskalirati-iza-doceka-nove-godine\/"},"wordCount":658,"publisher":{"@id":"https:\/\/radioljubuski.ba\/#organization"},"image":{"@id":"https:\/\/radioljubuski.ba\/index.php\/2021\/12\/31\/dr-andrea-juric-ljudi-situacija-je-gadna-koronavirus-ce-eskalirati-iza-doceka-nove-godine\/#primaryimage"},"thumbnailUrl":"https:\/\/radioljubuski.ba\/wp-content\/uploads\/2021\/03\/andrea-juric.jpg","articleSection":["BIH i regija"],"inLanguage":"hr"},{"@type":"WebPage","@id":"https:\/\/radioljubuski.ba\/index.php\/2021\/12\/31\/dr-andrea-juric-ljudi-situacija-je-gadna-koronavirus-ce-eskalirati-iza-doceka-nove-godine\/","url":"https:\/\/radioljubuski.ba\/index.php\/2021\/12\/31\/dr-andrea-juric-ljudi-situacija-je-gadna-koronavirus-ce-eskalirati-iza-doceka-nove-godine\/","name":"Dr. Andrea Juri\u0107: Ljudi, situacija je gadna, koronavirus \u0107e eskalirati iza do\u010deka Nove godine - RADIO LJUBU\u0160KI","isPartOf":{"@id":"https:\/\/radioljubuski.ba\/#website"},"primaryImageOfPage":{"@id":"https:\/\/radioljubuski.ba\/index.php\/2021\/12\/31\/dr-andrea-juric-ljudi-situacija-je-gadna-koronavirus-ce-eskalirati-iza-doceka-nove-godine\/#primaryimage"},"image":{"@id":"https:\/\/radioljubuski.ba\/index.php\/2021\/12\/31\/dr-andrea-juric-ljudi-situacija-je-gadna-koronavirus-ce-eskalirati-iza-doceka-nove-godine\/#primaryimage"},"thumbnailUrl":"https:\/\/radioljubuski.ba\/wp-content\/uploads\/2021\/03\/andrea-juric.jpg","datePublished":"2021-12-31T11:18:14+00:00","dateModified":"2021-12-31T11:18:15+00:00","breadcrumb":{"@id":"https:\/\/radioljubuski.ba\/index.php\/2021\/12\/31\/dr-andrea-juric-ljudi-situacija-je-gadna-koronavirus-ce-eskalirati-iza-doceka-nove-godine\/#breadcrumb"},"inLanguage":"hr","potentialAction":[{"@type":"ReadAction","target":["https:\/\/radioljubuski.ba\/index.php\/2021\/12\/31\/dr-andrea-juric-ljudi-situacija-je-gadna-koronavirus-ce-eskalirati-iza-doceka-nove-godine\/"]}]},{"@type":"ImageObject","inLanguage":"hr","@id":"https:\/\/radioljubuski.ba\/index.php\/2021\/12\/31\/dr-andrea-juric-ljudi-situacija-je-gadna-koronavirus-ce-eskalirati-iza-doceka-nove-godine\/#primaryimage","url":"https:\/\/radioljubuski.ba\/wp-content\/uploads\/2021\/03\/andrea-juric.jpg","contentUrl":"https:\/\/radioljubuski.ba\/wp-content\/uploads\/2021\/03\/andrea-juric.jpg","width":810,"height":544},{"@type":"BreadcrumbList","@id":"https:\/\/radioljubuski.ba\/index.php\/2021\/12\/31\/dr-andrea-juric-ljudi-situacija-je-gadna-koronavirus-ce-eskalirati-iza-doceka-nove-godine\/#breadcrumb","itemListElement":[{"@type":"ListItem","position":1,"name":"Po\u010detna stranica","item":"https:\/\/radioljubuski.ba\/"},{"@type":"ListItem","position":2,"name":"Dr. Andrea Juri\u0107: Ljudi, situacija je gadna, koronavirus \u0107e eskalirati iza do\u010deka Nove godine"}]},{"@type":"WebSite","@id":"https:\/\/radioljubuski.ba\/#website","url":"https:\/\/radioljubuski.ba\/","name":"Radio Ljubu\u0161ki","description":"Sun\u010dana frekvencija Hercegovine","publisher":{"@id":"https:\/\/radioljubuski.ba\/#organization"},"potentialAction":[{"@type":"SearchAction","target":{"@type":"EntryPoint","urlTemplate":"https:\/\/radioljubuski.ba\/?s={search_term_string}"},"query-input":{"@type":"PropertyValueSpecification","valueRequired":true,"valueName":"search_term_string"}}],"inLanguage":"hr"},{"@type":"Organization","@id":"https:\/\/radioljubuski.ba\/#organization","name":"Radio Ljubu\u0161ki","url":"https:\/\/radioljubuski.ba\/","logo":{"@type":"ImageObject","inLanguage":"hr","@id":"https:\/\/radioljubuski.ba\/#\/schema\/logo\/image\/","url":"https:\/\/radioljubuski.ba\/wp-content\/uploads\/2021\/02\/cropped-Radio_Ljubuski_logo1.jpg","contentUrl":"https:\/\/radioljubuski.ba\/wp-content\/uploads\/2021\/02\/cropped-Radio_Ljubuski_logo1.jpg","width":512,"height":512,"caption":"Radio Ljubu\u0161ki"},"image":{"@id":"https:\/\/radioljubuski.ba\/#\/schema\/logo\/image\/"},"sameAs":["https:\/\/www.facebook.com\/Radiio-Ljubuski-1490835324566332","https:\/\/x.com\/radioljubuski","https:\/\/hr.linkedin.com\/company\/radio-ljubuski","https:\/\/www.youtube.com\/channel\/UCHYaeO_n0Db3tjNGudGpXyw"]},{"@type":"Person","@id":"https:\/\/radioljubuski.ba\/#\/schema\/person\/19fc700381a780f69665d7956c469e3b","name":"Radio Ljubu\u0161ki"}]}},"_links":{"self":[{"href":"https:\/\/radioljubuski.ba\/index.php\/wp-json\/wp\/v2\/posts\/104276","targetHints":{"allow":["GET"]}}],"collection":[{"href":"https:\/\/radioljubuski.ba\/index.php\/wp-json\/wp\/v2\/posts"}],"about":[{"href":"https:\/\/radioljubuski.ba\/index.php\/wp-json\/wp\/v2\/types\/post"}],"author":[{"embeddable":true,"href":"https:\/\/radioljubuski.ba\/index.php\/wp-json\/wp\/v2\/users\/2"}],"replies":[{"embeddable":true,"href":"https:\/\/radioljubuski.ba\/index.php\/wp-json\/wp\/v2\/comments?post=104276"}],"version-history":[{"count":1,"href":"https:\/\/radioljubuski.ba\/index.php\/wp-json\/wp\/v2\/posts\/104276\/revisions"}],"predecessor-version":[{"id":104277,"href":"https:\/\/radioljubuski.ba\/index.php\/wp-json\/wp\/v2\/posts\/104276\/revisions\/104277"}],"wp:featuredmedia":[{"embeddable":true,"href":"https:\/\/radioljubuski.ba\/index.php\/wp-json\/wp\/v2\/media\/2478"}],"wp:attachment":[{"href":"https:\/\/radioljubuski.ba\/index.php\/wp-json\/wp\/v2\/media?parent=104276"}],"wp:term":[{"taxonomy":"category","embeddable":true,"href":"https:\/\/radioljubuski.ba\/index.php\/wp-json\/wp\/v2\/categories?post=104276"},{"taxonomy":"post_tag","embeddable":true,"href":"https:\/\/radioljubuski.ba\/index.php\/wp-json\/wp\/v2\/tags?post=104276"}],"curies":[{"name":"wp","href":"https:\/\/api.w.org\/{rel}","templated":true}]}}