{"id":104278,"date":"2021-12-31T12:20:22","date_gmt":"2021-12-31T11:20:22","guid":{"rendered":"https:\/\/radioljubuski.ba\/?p=104278"},"modified":"2021-12-31T12:20:23","modified_gmt":"2021-12-31T11:20:23","slug":"elektroprivreda-bih-zbog-ogranicavanja-poskupljenja-elektricne-energije-nece-biti-povecanja-placa-rudarima","status":"publish","type":"post","link":"https:\/\/radioljubuski.ba\/index.php\/2021\/12\/31\/elektroprivreda-bih-zbog-ogranicavanja-poskupljenja-elektricne-energije-nece-biti-povecanja-placa-rudarima\/","title":{"rendered":"Elektroprivreda BiH: Zbog ograni\u010davanja poskupljenja elektri\u010dne energije ne\u0107e biti pove\u0107anja pla\u0107a rudarima"},"content":{"rendered":"\n<p>Sino\u0107 je Zastupni\u010dki dom usvojio amandmane na Prijedlog Zakona o elektri\u010dnoj energiji u FBiH. te tako ograni\u010dio najavljena poskupljenja elektri\u010dne energije na 20 posto.&nbsp;<\/p>\n\n\n\n<p>Elektroprivreda BiH ka\u017ee kako \u0107e joj ova odluka smanjiti prihode za 85 milijuna maraka. Valjda tu toliko mislili oteti gospodarstvenicima kako bi namirili svoje potrebe.&nbsp;<\/p>\n\n\n\n<p>-Provedba dopune Zakona uz ulo\u017eene amandmane za JP Elektroprivreda BiH zna\u010de poslovanje sa gubitkom u iznosu 85 milijuna u idu\u0107oj godini, zbog \u010dega ne\u0107e biti mogu\u0107e ispunjenje obveza iz Sporazuma postignutog sa Samostalnim sindikatom radnika rudnika u FBiH o pove\u0107anju cijene uglja za 20 posto. Dopuna Zakona o elektri\u010dnoj energiji usvojena u Domu naroda FBiH uz ulo\u017eene amandmane, zna\u010di svjesno uni\u0161tavanje JP Elektroprivreda BiH, najzna\u010dajnijeg gospodarskog subjekta u dr\u017eavi BiH \u010dije je funkcioniranje i poslovanje od posebne va\u017enosti za odr\u017eivost integriteta i stabilnosti elektroenergetskog sustava, gospodarskog razvoja i ekonomskog zdravlja BiH, priop\u0107eno je iz Elektroprivrede BiH &#8211; naveli su iz ovoga poduze\u0107a.&nbsp;<\/p>\n\n\n\n<p>Valjda smatraju kako im sve nabrojano daje pravo da rade \u0161to \u017eele, te kako svi oko njih trebaju propasti kako bi oni opstali. Umjesto jadikovki mo\u017eda bi uprava ovoga poduze\u0107a trebala tra\u017eiti na\u010dine da odgovori na novonastalu situaciju. Ili ustupi mjesto sposobnijima od njih koji znaju odgovoriti na izazove.&nbsp;<\/p>\n\n\n\n<p>Izvor:pogled.ba<\/p>\n","protected":false},"excerpt":{"rendered":"<p>Sino\u0107 je Zastupni\u010dki dom usvojio amandmane na Prijedlog Zakona o elektri\u010dnoj energiji u FBiH. te tako ograni\u010dio najavljena poskupljenja elektri\u010dne energije na 20 posto.&nbsp; Elektroprivreda BiH ka\u017ee kako \u0107e joj ova odluka smanjiti prihode za 85 milijuna maraka. Valjda tu toliko mislili oteti gospodarstvenicima kako bi namirili svoje potrebe.&nbsp; -Provedba dopune Zakona uz ulo\u017eene amandmane [&hellip;]<\/p>\n","protected":false},"author":2,"featured_media":104279,"comment_status":"closed","ping_status":"closed","sticky":false,"template":"","format":"standard","meta":{"h5ap_radio_sources":[],"footnotes":""},"categories":[1],"tags":[],"class_list":["post-104278","post","type-post","status-publish","format-standard","has-post-thumbnail","hentry","category-bihiregija"],"yoast_head":"<!-- This site is optimized with the Yoast SEO plugin v27.5 - https:\/\/yoast.com\/product\/yoast-seo-wordpress\/ -->\n<title>Elektroprivreda BiH: Zbog ograni\u010davanja poskupljenja elektri\u010dne energije ne\u0107e biti pove\u0107anja pla\u0107a rudarima - RADIO LJUBU\u0160KI<\/title>\n<meta name=\"robots\" content=\"index, follow, max-snippet:-1, max-image-preview:large, max-video-preview:-1\" \/>\n<link rel=\"canonical\" href=\"https:\/\/radioljubuski.ba\/index.php\/2021\/12\/31\/elektroprivreda-bih-zbog-ogranicavanja-poskupljenja-elektricne-energije-nece-biti-povecanja-placa-rudarima\/\" \/>\n<meta property=\"og:locale\" content=\"hr_HR\" \/>\n<meta property=\"og:type\" content=\"article\" \/>\n<meta property=\"og:title\" content=\"Elektroprivreda BiH: Zbog ograni\u010davanja poskupljenja elektri\u010dne energije ne\u0107e biti pove\u0107anja pla\u0107a rudarima - RADIO LJUBU\u0160KI\" \/>\n<meta property=\"og:description\" content=\"Sino\u0107 je Zastupni\u010dki dom usvojio amandmane na Prijedlog Zakona o elektri\u010dnoj energiji u FBiH. te tako ograni\u010dio najavljena poskupljenja elektri\u010dne energije na 20 posto.&nbsp; Elektroprivreda BiH ka\u017ee kako \u0107e joj ova odluka smanjiti prihode za 85 milijuna maraka. Valjda tu toliko mislili oteti gospodarstvenicima kako bi namirili svoje potrebe.&nbsp; -Provedba dopune Zakona uz ulo\u017eene amandmane [&hellip;]\" \/>\n<meta property=\"og:url\" content=\"https:\/\/radioljubuski.ba\/index.php\/2021\/12\/31\/elektroprivreda-bih-zbog-ogranicavanja-poskupljenja-elektricne-energije-nece-biti-povecanja-placa-rudarima\/\" \/>\n<meta property=\"og:site_name\" content=\"RADIO LJUBU\u0160KI\" \/>\n<meta property=\"article:publisher\" content=\"https:\/\/www.facebook.com\/Radiio-Ljubuski-1490835324566332\" \/>\n<meta property=\"article:published_time\" content=\"2021-12-31T11:20:22+00:00\" \/>\n<meta property=\"article:modified_time\" content=\"2021-12-31T11:20:23+00:00\" \/>\n<meta property=\"og:image\" content=\"https:\/\/radioljubuski.ba\/wp-content\/uploads\/2021\/12\/nKlQ3x8X_rudari.jpg\" \/>\n\t<meta property=\"og:image:width\" content=\"1000\" \/>\n\t<meta property=\"og:image:height\" content=\"625\" \/>\n\t<meta property=\"og:image:type\" content=\"image\/jpeg\" \/>\n<meta name=\"author\" content=\"Radio Ljubu\u0161ki\" \/>\n<meta name=\"twitter:card\" content=\"summary_large_image\" \/>\n<meta name=\"twitter:creator\" content=\"@radioljubuski\" \/>\n<meta name=\"twitter:site\" content=\"@radioljubuski\" \/>\n<meta name=\"twitter:label1\" content=\"Napisao\/la\" \/>\n\t<meta name=\"twitter:data1\" content=\"Radio Ljubu\u0161ki\" \/>\n\t<meta name=\"twitter:label2\" content=\"Procijenjeno vrijeme \u010ditanja\" \/>\n\t<meta name=\"twitter:data2\" content=\"1 minuta\" \/>\n<script type=\"application\/ld+json\" class=\"yoast-schema-graph\">{\"@context\":\"https:\\\/\\\/schema.org\",\"@graph\":[{\"@type\":\"Article\",\"@id\":\"https:\\\/\\\/radioljubuski.ba\\\/index.php\\\/2021\\\/12\\\/31\\\/elektroprivreda-bih-zbog-ogranicavanja-poskupljenja-elektricne-energije-nece-biti-povecanja-placa-rudarima\\\/#article\",\"isPartOf\":{\"@id\":\"https:\\\/\\\/radioljubuski.ba\\\/index.php\\\/2021\\\/12\\\/31\\\/elektroprivreda-bih-zbog-ogranicavanja-poskupljenja-elektricne-energije-nece-biti-povecanja-placa-rudarima\\\/\"},\"author\":{\"name\":\"Radio Ljubu\u0161ki\",\"@id\":\"https:\\\/\\\/radioljubuski.ba\\\/#\\\/schema\\\/person\\\/19fc700381a780f69665d7956c469e3b\"},\"headline\":\"Elektroprivreda BiH: Zbog ograni\u010davanja poskupljenja elektri\u010dne energije ne\u0107e biti pove\u0107anja pla\u0107a rudarima\",\"datePublished\":\"2021-12-31T11:20:22+00:00\",\"dateModified\":\"2021-12-31T11:20:23+00:00\",\"mainEntityOfPage\":{\"@id\":\"https:\\\/\\\/radioljubuski.ba\\\/index.php\\\/2021\\\/12\\\/31\\\/elektroprivreda-bih-zbog-ogranicavanja-poskupljenja-elektricne-energije-nece-biti-povecanja-placa-rudarima\\\/\"},\"wordCount\":245,\"publisher\":{\"@id\":\"https:\\\/\\\/radioljubuski.ba\\\/#organization\"},\"image\":{\"@id\":\"https:\\\/\\\/radioljubuski.ba\\\/index.php\\\/2021\\\/12\\\/31\\\/elektroprivreda-bih-zbog-ogranicavanja-poskupljenja-elektricne-energije-nece-biti-povecanja-placa-rudarima\\\/#primaryimage\"},\"thumbnailUrl\":\"https:\\\/\\\/radioljubuski.ba\\\/wp-content\\\/uploads\\\/2021\\\/12\\\/nKlQ3x8X_rudari.jpg\",\"articleSection\":[\"BIH i regija\"],\"inLanguage\":\"hr\"},{\"@type\":\"WebPage\",\"@id\":\"https:\\\/\\\/radioljubuski.ba\\\/index.php\\\/2021\\\/12\\\/31\\\/elektroprivreda-bih-zbog-ogranicavanja-poskupljenja-elektricne-energije-nece-biti-povecanja-placa-rudarima\\\/\",\"url\":\"https:\\\/\\\/radioljubuski.ba\\\/index.php\\\/2021\\\/12\\\/31\\\/elektroprivreda-bih-zbog-ogranicavanja-poskupljenja-elektricne-energije-nece-biti-povecanja-placa-rudarima\\\/\",\"name\":\"Elektroprivreda BiH: Zbog ograni\u010davanja poskupljenja elektri\u010dne energije ne\u0107e biti pove\u0107anja pla\u0107a rudarima - RADIO LJUBU\u0160KI\",\"isPartOf\":{\"@id\":\"https:\\\/\\\/radioljubuski.ba\\\/#website\"},\"primaryImageOfPage\":{\"@id\":\"https:\\\/\\\/radioljubuski.ba\\\/index.php\\\/2021\\\/12\\\/31\\\/elektroprivreda-bih-zbog-ogranicavanja-poskupljenja-elektricne-energije-nece-biti-povecanja-placa-rudarima\\\/#primaryimage\"},\"image\":{\"@id\":\"https:\\\/\\\/radioljubuski.ba\\\/index.php\\\/2021\\\/12\\\/31\\\/elektroprivreda-bih-zbog-ogranicavanja-poskupljenja-elektricne-energije-nece-biti-povecanja-placa-rudarima\\\/#primaryimage\"},\"thumbnailUrl\":\"https:\\\/\\\/radioljubuski.ba\\\/wp-content\\\/uploads\\\/2021\\\/12\\\/nKlQ3x8X_rudari.jpg\",\"datePublished\":\"2021-12-31T11:20:22+00:00\",\"dateModified\":\"2021-12-31T11:20:23+00:00\",\"breadcrumb\":{\"@id\":\"https:\\\/\\\/radioljubuski.ba\\\/index.php\\\/2021\\\/12\\\/31\\\/elektroprivreda-bih-zbog-ogranicavanja-poskupljenja-elektricne-energije-nece-biti-povecanja-placa-rudarima\\\/#breadcrumb\"},\"inLanguage\":\"hr\",\"potentialAction\":[{\"@type\":\"ReadAction\",\"target\":[\"https:\\\/\\\/radioljubuski.ba\\\/index.php\\\/2021\\\/12\\\/31\\\/elektroprivreda-bih-zbog-ogranicavanja-poskupljenja-elektricne-energije-nece-biti-povecanja-placa-rudarima\\\/\"]}]},{\"@type\":\"ImageObject\",\"inLanguage\":\"hr\",\"@id\":\"https:\\\/\\\/radioljubuski.ba\\\/index.php\\\/2021\\\/12\\\/31\\\/elektroprivreda-bih-zbog-ogranicavanja-poskupljenja-elektricne-energije-nece-biti-povecanja-placa-rudarima\\\/#primaryimage\",\"url\":\"https:\\\/\\\/radioljubuski.ba\\\/wp-content\\\/uploads\\\/2021\\\/12\\\/nKlQ3x8X_rudari.jpg\",\"contentUrl\":\"https:\\\/\\\/radioljubuski.ba\\\/wp-content\\\/uploads\\\/2021\\\/12\\\/nKlQ3x8X_rudari.jpg\",\"width\":1000,\"height\":625},{\"@type\":\"BreadcrumbList\",\"@id\":\"https:\\\/\\\/radioljubuski.ba\\\/index.php\\\/2021\\\/12\\\/31\\\/elektroprivreda-bih-zbog-ogranicavanja-poskupljenja-elektricne-energije-nece-biti-povecanja-placa-rudarima\\\/#breadcrumb\",\"itemListElement\":[{\"@type\":\"ListItem\",\"position\":1,\"name\":\"Po\u010detna stranica\",\"item\":\"https:\\\/\\\/radioljubuski.ba\\\/\"},{\"@type\":\"ListItem\",\"position\":2,\"name\":\"Elektroprivreda BiH: Zbog ograni\u010davanja poskupljenja elektri\u010dne energije ne\u0107e biti pove\u0107anja pla\u0107a rudarima\"}]},{\"@type\":\"WebSite\",\"@id\":\"https:\\\/\\\/radioljubuski.ba\\\/#website\",\"url\":\"https:\\\/\\\/radioljubuski.ba\\\/\",\"name\":\"Radio Ljubu\u0161ki\",\"description\":\"Sun\u010dana frekvencija Hercegovine\",\"publisher\":{\"@id\":\"https:\\\/\\\/radioljubuski.ba\\\/#organization\"},\"potentialAction\":[{\"@type\":\"SearchAction\",\"target\":{\"@type\":\"EntryPoint\",\"urlTemplate\":\"https:\\\/\\\/radioljubuski.ba\\\/?s={search_term_string}\"},\"query-input\":{\"@type\":\"PropertyValueSpecification\",\"valueRequired\":true,\"valueName\":\"search_term_string\"}}],\"inLanguage\":\"hr\"},{\"@type\":\"Organization\",\"@id\":\"https:\\\/\\\/radioljubuski.ba\\\/#organization\",\"name\":\"Radio Ljubu\u0161ki\",\"url\":\"https:\\\/\\\/radioljubuski.ba\\\/\",\"logo\":{\"@type\":\"ImageObject\",\"inLanguage\":\"hr\",\"@id\":\"https:\\\/\\\/radioljubuski.ba\\\/#\\\/schema\\\/logo\\\/image\\\/\",\"url\":\"https:\\\/\\\/radioljubuski.ba\\\/wp-content\\\/uploads\\\/2021\\\/02\\\/cropped-Radio_Ljubuski_logo1.jpg\",\"contentUrl\":\"https:\\\/\\\/radioljubuski.ba\\\/wp-content\\\/uploads\\\/2021\\\/02\\\/cropped-Radio_Ljubuski_logo1.jpg\",\"width\":512,\"height\":512,\"caption\":\"Radio Ljubu\u0161ki\"},\"image\":{\"@id\":\"https:\\\/\\\/radioljubuski.ba\\\/#\\\/schema\\\/logo\\\/image\\\/\"},\"sameAs\":[\"https:\\\/\\\/www.facebook.com\\\/Radiio-Ljubuski-1490835324566332\",\"https:\\\/\\\/x.com\\\/radioljubuski\",\"https:\\\/\\\/hr.linkedin.com\\\/company\\\/radio-ljubuski\",\"https:\\\/\\\/www.youtube.com\\\/channel\\\/UCHYaeO_n0Db3tjNGudGpXyw\"]},{\"@type\":\"Person\",\"@id\":\"https:\\\/\\\/radioljubuski.ba\\\/#\\\/schema\\\/person\\\/19fc700381a780f69665d7956c469e3b\",\"name\":\"Radio Ljubu\u0161ki\"}]}<\/script>\n<!-- \/ Yoast SEO plugin. -->","yoast_head_json":{"title":"Elektroprivreda BiH: Zbog ograni\u010davanja poskupljenja elektri\u010dne energije ne\u0107e biti pove\u0107anja pla\u0107a rudarima - RADIO LJUBU\u0160KI","robots":{"index":"index","follow":"follow","max-snippet":"max-snippet:-1","max-image-preview":"max-image-preview:large","max-video-preview":"max-video-preview:-1"},"canonical":"https:\/\/radioljubuski.ba\/index.php\/2021\/12\/31\/elektroprivreda-bih-zbog-ogranicavanja-poskupljenja-elektricne-energije-nece-biti-povecanja-placa-rudarima\/","og_locale":"hr_HR","og_type":"article","og_title":"Elektroprivreda BiH: Zbog ograni\u010davanja poskupljenja elektri\u010dne energije ne\u0107e biti pove\u0107anja pla\u0107a rudarima - RADIO LJUBU\u0160KI","og_description":"Sino\u0107 je Zastupni\u010dki dom usvojio amandmane na Prijedlog Zakona o elektri\u010dnoj energiji u FBiH. te tako ograni\u010dio najavljena poskupljenja elektri\u010dne energije na 20 posto.&nbsp; Elektroprivreda BiH ka\u017ee kako \u0107e joj ova odluka smanjiti prihode za 85 milijuna maraka. Valjda tu toliko mislili oteti gospodarstvenicima kako bi namirili svoje potrebe.&nbsp; -Provedba dopune Zakona uz ulo\u017eene amandmane [&hellip;]","og_url":"https:\/\/radioljubuski.ba\/index.php\/2021\/12\/31\/elektroprivreda-bih-zbog-ogranicavanja-poskupljenja-elektricne-energije-nece-biti-povecanja-placa-rudarima\/","og_site_name":"RADIO LJUBU\u0160KI","article_publisher":"https:\/\/www.facebook.com\/Radiio-Ljubuski-1490835324566332","article_published_time":"2021-12-31T11:20:22+00:00","article_modified_time":"2021-12-31T11:20:23+00:00","og_image":[{"width":1000,"height":625,"url":"https:\/\/radioljubuski.ba\/wp-content\/uploads\/2021\/12\/nKlQ3x8X_rudari.jpg","type":"image\/jpeg"}],"author":"Radio Ljubu\u0161ki","twitter_card":"summary_large_image","twitter_creator":"@radioljubuski","twitter_site":"@radioljubuski","twitter_misc":{"Napisao\/la":"Radio Ljubu\u0161ki","Procijenjeno vrijeme \u010ditanja":"1 minuta"},"schema":{"@context":"https:\/\/schema.org","@graph":[{"@type":"Article","@id":"https:\/\/radioljubuski.ba\/index.php\/2021\/12\/31\/elektroprivreda-bih-zbog-ogranicavanja-poskupljenja-elektricne-energije-nece-biti-povecanja-placa-rudarima\/#article","isPartOf":{"@id":"https:\/\/radioljubuski.ba\/index.php\/2021\/12\/31\/elektroprivreda-bih-zbog-ogranicavanja-poskupljenja-elektricne-energije-nece-biti-povecanja-placa-rudarima\/"},"author":{"name":"Radio Ljubu\u0161ki","@id":"https:\/\/radioljubuski.ba\/#\/schema\/person\/19fc700381a780f69665d7956c469e3b"},"headline":"Elektroprivreda BiH: Zbog ograni\u010davanja poskupljenja elektri\u010dne energije ne\u0107e biti pove\u0107anja pla\u0107a rudarima","datePublished":"2021-12-31T11:20:22+00:00","dateModified":"2021-12-31T11:20:23+00:00","mainEntityOfPage":{"@id":"https:\/\/radioljubuski.ba\/index.php\/2021\/12\/31\/elektroprivreda-bih-zbog-ogranicavanja-poskupljenja-elektricne-energije-nece-biti-povecanja-placa-rudarima\/"},"wordCount":245,"publisher":{"@id":"https:\/\/radioljubuski.ba\/#organization"},"image":{"@id":"https:\/\/radioljubuski.ba\/index.php\/2021\/12\/31\/elektroprivreda-bih-zbog-ogranicavanja-poskupljenja-elektricne-energije-nece-biti-povecanja-placa-rudarima\/#primaryimage"},"thumbnailUrl":"https:\/\/radioljubuski.ba\/wp-content\/uploads\/2021\/12\/nKlQ3x8X_rudari.jpg","articleSection":["BIH i regija"],"inLanguage":"hr"},{"@type":"WebPage","@id":"https:\/\/radioljubuski.ba\/index.php\/2021\/12\/31\/elektroprivreda-bih-zbog-ogranicavanja-poskupljenja-elektricne-energije-nece-biti-povecanja-placa-rudarima\/","url":"https:\/\/radioljubuski.ba\/index.php\/2021\/12\/31\/elektroprivreda-bih-zbog-ogranicavanja-poskupljenja-elektricne-energije-nece-biti-povecanja-placa-rudarima\/","name":"Elektroprivreda BiH: Zbog ograni\u010davanja poskupljenja elektri\u010dne energije ne\u0107e biti pove\u0107anja pla\u0107a rudarima - RADIO LJUBU\u0160KI","isPartOf":{"@id":"https:\/\/radioljubuski.ba\/#website"},"primaryImageOfPage":{"@id":"https:\/\/radioljubuski.ba\/index.php\/2021\/12\/31\/elektroprivreda-bih-zbog-ogranicavanja-poskupljenja-elektricne-energije-nece-biti-povecanja-placa-rudarima\/#primaryimage"},"image":{"@id":"https:\/\/radioljubuski.ba\/index.php\/2021\/12\/31\/elektroprivreda-bih-zbog-ogranicavanja-poskupljenja-elektricne-energije-nece-biti-povecanja-placa-rudarima\/#primaryimage"},"thumbnailUrl":"https:\/\/radioljubuski.ba\/wp-content\/uploads\/2021\/12\/nKlQ3x8X_rudari.jpg","datePublished":"2021-12-31T11:20:22+00:00","dateModified":"2021-12-31T11:20:23+00:00","breadcrumb":{"@id":"https:\/\/radioljubuski.ba\/index.php\/2021\/12\/31\/elektroprivreda-bih-zbog-ogranicavanja-poskupljenja-elektricne-energije-nece-biti-povecanja-placa-rudarima\/#breadcrumb"},"inLanguage":"hr","potentialAction":[{"@type":"ReadAction","target":["https:\/\/radioljubuski.ba\/index.php\/2021\/12\/31\/elektroprivreda-bih-zbog-ogranicavanja-poskupljenja-elektricne-energije-nece-biti-povecanja-placa-rudarima\/"]}]},{"@type":"ImageObject","inLanguage":"hr","@id":"https:\/\/radioljubuski.ba\/index.php\/2021\/12\/31\/elektroprivreda-bih-zbog-ogranicavanja-poskupljenja-elektricne-energije-nece-biti-povecanja-placa-rudarima\/#primaryimage","url":"https:\/\/radioljubuski.ba\/wp-content\/uploads\/2021\/12\/nKlQ3x8X_rudari.jpg","contentUrl":"https:\/\/radioljubuski.ba\/wp-content\/uploads\/2021\/12\/nKlQ3x8X_rudari.jpg","width":1000,"height":625},{"@type":"BreadcrumbList","@id":"https:\/\/radioljubuski.ba\/index.php\/2021\/12\/31\/elektroprivreda-bih-zbog-ogranicavanja-poskupljenja-elektricne-energije-nece-biti-povecanja-placa-rudarima\/#breadcrumb","itemListElement":[{"@type":"ListItem","position":1,"name":"Po\u010detna stranica","item":"https:\/\/radioljubuski.ba\/"},{"@type":"ListItem","position":2,"name":"Elektroprivreda BiH: Zbog ograni\u010davanja poskupljenja elektri\u010dne energije ne\u0107e biti pove\u0107anja pla\u0107a rudarima"}]},{"@type":"WebSite","@id":"https:\/\/radioljubuski.ba\/#website","url":"https:\/\/radioljubuski.ba\/","name":"Radio Ljubu\u0161ki","description":"Sun\u010dana frekvencija Hercegovine","publisher":{"@id":"https:\/\/radioljubuski.ba\/#organization"},"potentialAction":[{"@type":"SearchAction","target":{"@type":"EntryPoint","urlTemplate":"https:\/\/radioljubuski.ba\/?s={search_term_string}"},"query-input":{"@type":"PropertyValueSpecification","valueRequired":true,"valueName":"search_term_string"}}],"inLanguage":"hr"},{"@type":"Organization","@id":"https:\/\/radioljubuski.ba\/#organization","name":"Radio Ljubu\u0161ki","url":"https:\/\/radioljubuski.ba\/","logo":{"@type":"ImageObject","inLanguage":"hr","@id":"https:\/\/radioljubuski.ba\/#\/schema\/logo\/image\/","url":"https:\/\/radioljubuski.ba\/wp-content\/uploads\/2021\/02\/cropped-Radio_Ljubuski_logo1.jpg","contentUrl":"https:\/\/radioljubuski.ba\/wp-content\/uploads\/2021\/02\/cropped-Radio_Ljubuski_logo1.jpg","width":512,"height":512,"caption":"Radio Ljubu\u0161ki"},"image":{"@id":"https:\/\/radioljubuski.ba\/#\/schema\/logo\/image\/"},"sameAs":["https:\/\/www.facebook.com\/Radiio-Ljubuski-1490835324566332","https:\/\/x.com\/radioljubuski","https:\/\/hr.linkedin.com\/company\/radio-ljubuski","https:\/\/www.youtube.com\/channel\/UCHYaeO_n0Db3tjNGudGpXyw"]},{"@type":"Person","@id":"https:\/\/radioljubuski.ba\/#\/schema\/person\/19fc700381a780f69665d7956c469e3b","name":"Radio Ljubu\u0161ki"}]}},"_links":{"self":[{"href":"https:\/\/radioljubuski.ba\/index.php\/wp-json\/wp\/v2\/posts\/104278","targetHints":{"allow":["GET"]}}],"collection":[{"href":"https:\/\/radioljubuski.ba\/index.php\/wp-json\/wp\/v2\/posts"}],"about":[{"href":"https:\/\/radioljubuski.ba\/index.php\/wp-json\/wp\/v2\/types\/post"}],"author":[{"embeddable":true,"href":"https:\/\/radioljubuski.ba\/index.php\/wp-json\/wp\/v2\/users\/2"}],"replies":[{"embeddable":true,"href":"https:\/\/radioljubuski.ba\/index.php\/wp-json\/wp\/v2\/comments?post=104278"}],"version-history":[{"count":1,"href":"https:\/\/radioljubuski.ba\/index.php\/wp-json\/wp\/v2\/posts\/104278\/revisions"}],"predecessor-version":[{"id":104280,"href":"https:\/\/radioljubuski.ba\/index.php\/wp-json\/wp\/v2\/posts\/104278\/revisions\/104280"}],"wp:featuredmedia":[{"embeddable":true,"href":"https:\/\/radioljubuski.ba\/index.php\/wp-json\/wp\/v2\/media\/104279"}],"wp:attachment":[{"href":"https:\/\/radioljubuski.ba\/index.php\/wp-json\/wp\/v2\/media?parent=104278"}],"wp:term":[{"taxonomy":"category","embeddable":true,"href":"https:\/\/radioljubuski.ba\/index.php\/wp-json\/wp\/v2\/categories?post=104278"},{"taxonomy":"post_tag","embeddable":true,"href":"https:\/\/radioljubuski.ba\/index.php\/wp-json\/wp\/v2\/tags?post=104278"}],"curies":[{"name":"wp","href":"https:\/\/api.w.org\/{rel}","templated":true}]}}