{"id":104286,"date":"2021-12-31T12:26:14","date_gmt":"2021-12-31T11:26:14","guid":{"rendered":"https:\/\/radioljubuski.ba\/?p=104286"},"modified":"2021-12-31T12:26:15","modified_gmt":"2021-12-31T11:26:15","slug":"tragedija-osmero-mladih-iz-posusja-velika-je-opomena","status":"publish","type":"post","link":"https:\/\/radioljubuski.ba\/index.php\/2021\/12\/31\/tragedija-osmero-mladih-iz-posusja-velika-je-opomena\/","title":{"rendered":"Tragedija osmero mladih iz Posu\u0161ja velika je opomena"},"content":{"rendered":"\n<p>Malo je \u0161to tako do\u017eivotno ope\u010datilo osam obitelji, zajednicu u Posu\u0161ju, Hercegovinu kao \u0161to je to bila tragedija u novogodi\u0161njoj no\u0107i u kojoj je u gu\u0161enju plinom stradalo osmero mladih s jo\u0161 nepunih navr\u0161enih 20 godina. I danas godinu dana kasnije mije\u0161aju se isti osje\u0107aji tuge i boli, \u0161oka i bezna\u0111a, osje\u0107aja bespomo\u0107nosti. U vikednici u mjestu Tribistovu, smje\u0161tenom izme\u0111u Posu\u0161ja i Parka prirode Blidinje, \u017eivote su izgubili Ivan Mili\u010devi\u0107, Stipe Romi\u0107, Mirela Rezo, \u017dana Pavkovi\u0107, Mia Soldo,Stipe Pavkovi\u0107, Marija Pavkovi\u0107 i Stjepan Juki\u0107.<\/p>\n\n\n\n<p>Oni su zajedno s jo\u0161 \u0161est kolega kobne novogodi\u0161nje no\u0107i do\u0161li su u vikendicu koja im je ustupljena kako bi proslavili najdu\u017eu no\u0107 u godini nadaju\u0107i se i vjeruju\u0107i da \u0107e im 2021. ostvariti snove i biti bolja od prethodne. Kako je policija kasnije rekonstruirala tijekom cijele no\u0107i mladi su se veselili, a u toj ku\u0107i bilo ih je \u010dak 14-ero. Izme\u0111u 03.30 i 04.00 sati iz vikendice odlazi \u0161estero mladih. Petero odlazi u susjednu ku\u0107u na spavanje, a jedan mladi\u0107 koji se tako\u0111er premi\u0161ljao oti\u0107i ili ostati ipak je odlu\u010dio sjesti u automobil i oti\u0107i do Blidinja, gdje radi kao odr\u017eava\u010d staze za skijanje. Posljednju poruku iz ku\u0107e strave uputila je prijateljima jedna od djevojaka oko 04.30. Prije toga je od kolega tra\u017eila ima li tko tablete za glavu budu\u0107i je imala sna\u017enu glavobolju u no\u0107i do\u010deka. Po svemu sude\u0107i razlog za to bio je agregat koji je usiljeno radio i napajao cijelu ku\u0107u elektri\u010dnom energijom budu\u0107i taj dio sela jo\u0161 uvijek nije dobio zemaljski priklju\u010dak struje. Taj se agregat nalazio u pomo\u0107noj prostoriji koja je slu\u017eila za smje\u0161taj drva i drugih predmeta. No, kako bi kabel s toga agregata bio spojen s ku\u0107nim instalacijama, morao je biti otvoren jedan prozor prema ku\u0107i. No, mladi nisu nisu bili svjesni kako su zajedno s elektri\u010dnom energijom dobivali uglji\u010dni monoksid, tihi ubojica. Dok su mladi izlazili iz ku\u0107e te su na izvjestan na\u010din ovaj objekt provjetravali sve je bilo posve u redu. No, kada su oti\u0161li njihovi prijatelji u drugu susjednu vikendicu na spavanje, te su zaklju\u010dali vrata, nisu ni slutili da su napravili kobni potez. Budu\u0107i su bili u pitanju rani jutarnji sati po\u010deli su polako gubiti snagu i umrtljivati se, a pretpostavlja se da su mislili kako je sve posljedica ranih jutarnjih sati, ali i \u010dinjenice da su popili i nekoliko pi\u0107a. Bilo dovoljno samo pet minuta da se cijeli objekt u kojemu su se nalazili mladi napuni smrtonosnim plinom. Kako se poku\u0161alo s njima komuncirati putem SMS poruka i na druge na\u010dine, a nitko iz ku\u0107e strave nije odgovarao, roditelji su stupili u kontakt s prijateljima koji su se nalazili u desetak metara udaljenoj vikendici. Oko devet sati ujutro oni su do\u0161li na vrata objekta i po\u010deli su dozivati prijatelje, no kako nitko nije odgovarao jedan od mladi\u0107a iz Posu\u0161ja nasilno je provalio u objekt. Tamo je zatekao prizor od kojega se sledio. Nekoliko ih je jo\u0161 sjedilo na kau\u010du, a drugi su bili na podu. Nakon dolaska policije i hitne utvr\u0111eno je da nije bilo spasa za svih osam mladi\u0107a i djevojaka. Roditelji su satima uzaludno \u010dekali da vide, posljednji put zagrle svoju mrtvu djecu. Tu\u017eiteljstvo i policija je me\u0111utim htjela otkloniti sve sumnje da se kojim slu\u010dajem nije radilo o kaznenom djelu.<\/p>\n\n\n\n<p>Tek dva dana kasnije nakon obdukcije mogli su preuzeti njihova mrtva tijela i oprostiti se od njih. Me\u0111u emotivnijim bio je opro\u0161taj razrednice Zorane Be\u0161li\u0107 koja je predavala djeci podrijetlom iz Rakitna. Njihov ispra\u0107aj je bio jedan od najtu\u017enijih doga\u0111aja koji se u Posu\u0161ju, ali i Hercegovini ne pamti od okon\u010danja II. Svjetskog rata. Bijeli kov\u010dezi, uplakani roditelji i rodbina u grobljima u Rakitnu i Posu\u0161ju samo sa jednim pitanjem: Bo\u017ee za\u0161to? I od tada do danas pitaju se isto. Tisu\u0107e \u010dlanova obitelji, prijatelja, ali i politi\u010dki du\u017enosnici do\u0161li su se posljednji put pokloniti an\u0111elima. Upu\u0107eno je na desetine brzojava. Malo je \u0161to tako ujedinilo sve ljude kao ova doga\u0111aj. Posebno te\u0161ko, ali s vjerom da su sada u vje\u010dnoj domovini na nebu bit \u0107e na prvu godi\u0161njicu tragedije. U subotu 1. sije\u010dnja u 09.00 sati slu\u017eit \u0107e se sveta misa u crkvi svetog Ivana Krstitelja u Rakitnu, a u kripti crkve Bla\u017eene Djevice Marije u sredi\u0161tu Posu\u0161ja u 18:00 sati. Nakon mise u 19:00 sati na Trgu hrvatskih branitelja u Posu\u0161ju upalit \u0107e se svije\u0107e za posu\u0161ke mlade, pi\u0161e <a href=\"https:\/\/www.vecernji.ba\/vijesti\/tragedija-osmero-mladih-iz-posusja-velika-je-opomena-1551665\">Ve\u010dernji list.<\/a><\/p>\n\n\n\n<p>Izvor:vecernji.ba<\/p>\n","protected":false},"excerpt":{"rendered":"<p>Malo je \u0161to tako do\u017eivotno ope\u010datilo osam obitelji, zajednicu u Posu\u0161ju, Hercegovinu kao \u0161to je to bila tragedija u novogodi\u0161njoj no\u0107i u kojoj je u gu\u0161enju plinom stradalo osmero mladih s jo\u0161 nepunih navr\u0161enih 20 godina. I danas godinu dana kasnije mije\u0161aju se isti osje\u0107aji tuge i boli, \u0161oka i bezna\u0111a, osje\u0107aja bespomo\u0107nosti. U vikednici [&hellip;]<\/p>\n","protected":false},"author":2,"featured_media":104287,"comment_status":"closed","ping_status":"closed","sticky":false,"template":"","format":"standard","meta":{"h5ap_radio_sources":[],"footnotes":""},"categories":[1],"tags":[],"class_list":["post-104286","post","type-post","status-publish","format-standard","has-post-thumbnail","hentry","category-bihiregija"],"yoast_head":"<!-- This site is optimized with the Yoast SEO plugin v27.5 - https:\/\/yoast.com\/product\/yoast-seo-wordpress\/ -->\n<title>Tragedija osmero mladih iz Posu\u0161ja velika je opomena - RADIO LJUBU\u0160KI<\/title>\n<meta name=\"robots\" content=\"index, follow, max-snippet:-1, max-image-preview:large, max-video-preview:-1\" \/>\n<link rel=\"canonical\" href=\"https:\/\/radioljubuski.ba\/index.php\/2021\/12\/31\/tragedija-osmero-mladih-iz-posusja-velika-je-opomena\/\" \/>\n<meta property=\"og:locale\" content=\"hr_HR\" \/>\n<meta property=\"og:type\" content=\"article\" \/>\n<meta property=\"og:title\" content=\"Tragedija osmero mladih iz Posu\u0161ja velika je opomena - RADIO LJUBU\u0160KI\" \/>\n<meta property=\"og:description\" content=\"Malo je \u0161to tako do\u017eivotno ope\u010datilo osam obitelji, zajednicu u Posu\u0161ju, Hercegovinu kao \u0161to je to bila tragedija u novogodi\u0161njoj no\u0107i u kojoj je u gu\u0161enju plinom stradalo osmero mladih s jo\u0161 nepunih navr\u0161enih 20 godina. I danas godinu dana kasnije mije\u0161aju se isti osje\u0107aji tuge i boli, \u0161oka i bezna\u0111a, osje\u0107aja bespomo\u0107nosti. U vikednici [&hellip;]\" \/>\n<meta property=\"og:url\" content=\"https:\/\/radioljubuski.ba\/index.php\/2021\/12\/31\/tragedija-osmero-mladih-iz-posusja-velika-je-opomena\/\" \/>\n<meta property=\"og:site_name\" content=\"RADIO LJUBU\u0160KI\" \/>\n<meta property=\"article:publisher\" content=\"https:\/\/www.facebook.com\/Radiio-Ljubuski-1490835324566332\" \/>\n<meta property=\"article:published_time\" content=\"2021-12-31T11:26:14+00:00\" \/>\n<meta property=\"article:modified_time\" content=\"2021-12-31T11:26:15+00:00\" \/>\n<meta property=\"og:image\" content=\"https:\/\/radioljubuski.ba\/wp-content\/uploads\/2021\/12\/2-2021-12-31-09-40-03-mladost.jpg\" \/>\n\t<meta property=\"og:image:width\" content=\"1000\" \/>\n\t<meta property=\"og:image:height\" content=\"625\" \/>\n\t<meta property=\"og:image:type\" content=\"image\/jpeg\" \/>\n<meta name=\"author\" content=\"Radio Ljubu\u0161ki\" \/>\n<meta name=\"twitter:card\" content=\"summary_large_image\" \/>\n<meta name=\"twitter:creator\" content=\"@radioljubuski\" \/>\n<meta name=\"twitter:site\" content=\"@radioljubuski\" \/>\n<meta name=\"twitter:label1\" content=\"Napisao\/la\" \/>\n\t<meta name=\"twitter:data1\" content=\"Radio Ljubu\u0161ki\" \/>\n\t<meta name=\"twitter:label2\" content=\"Procijenjeno vrijeme \u010ditanja\" \/>\n\t<meta name=\"twitter:data2\" content=\"4 minute\" \/>\n<script type=\"application\/ld+json\" class=\"yoast-schema-graph\">{\"@context\":\"https:\\\/\\\/schema.org\",\"@graph\":[{\"@type\":\"Article\",\"@id\":\"https:\\\/\\\/radioljubuski.ba\\\/index.php\\\/2021\\\/12\\\/31\\\/tragedija-osmero-mladih-iz-posusja-velika-je-opomena\\\/#article\",\"isPartOf\":{\"@id\":\"https:\\\/\\\/radioljubuski.ba\\\/index.php\\\/2021\\\/12\\\/31\\\/tragedija-osmero-mladih-iz-posusja-velika-je-opomena\\\/\"},\"author\":{\"name\":\"Radio Ljubu\u0161ki\",\"@id\":\"https:\\\/\\\/radioljubuski.ba\\\/#\\\/schema\\\/person\\\/19fc700381a780f69665d7956c469e3b\"},\"headline\":\"Tragedija osmero mladih iz Posu\u0161ja velika je opomena\",\"datePublished\":\"2021-12-31T11:26:14+00:00\",\"dateModified\":\"2021-12-31T11:26:15+00:00\",\"mainEntityOfPage\":{\"@id\":\"https:\\\/\\\/radioljubuski.ba\\\/index.php\\\/2021\\\/12\\\/31\\\/tragedija-osmero-mladih-iz-posusja-velika-je-opomena\\\/\"},\"wordCount\":828,\"publisher\":{\"@id\":\"https:\\\/\\\/radioljubuski.ba\\\/#organization\"},\"image\":{\"@id\":\"https:\\\/\\\/radioljubuski.ba\\\/index.php\\\/2021\\\/12\\\/31\\\/tragedija-osmero-mladih-iz-posusja-velika-je-opomena\\\/#primaryimage\"},\"thumbnailUrl\":\"https:\\\/\\\/radioljubuski.ba\\\/wp-content\\\/uploads\\\/2021\\\/12\\\/2-2021-12-31-09-40-03-mladost.jpg\",\"articleSection\":[\"BIH i regija\"],\"inLanguage\":\"hr\"},{\"@type\":\"WebPage\",\"@id\":\"https:\\\/\\\/radioljubuski.ba\\\/index.php\\\/2021\\\/12\\\/31\\\/tragedija-osmero-mladih-iz-posusja-velika-je-opomena\\\/\",\"url\":\"https:\\\/\\\/radioljubuski.ba\\\/index.php\\\/2021\\\/12\\\/31\\\/tragedija-osmero-mladih-iz-posusja-velika-je-opomena\\\/\",\"name\":\"Tragedija osmero mladih iz Posu\u0161ja velika je opomena - RADIO LJUBU\u0160KI\",\"isPartOf\":{\"@id\":\"https:\\\/\\\/radioljubuski.ba\\\/#website\"},\"primaryImageOfPage\":{\"@id\":\"https:\\\/\\\/radioljubuski.ba\\\/index.php\\\/2021\\\/12\\\/31\\\/tragedija-osmero-mladih-iz-posusja-velika-je-opomena\\\/#primaryimage\"},\"image\":{\"@id\":\"https:\\\/\\\/radioljubuski.ba\\\/index.php\\\/2021\\\/12\\\/31\\\/tragedija-osmero-mladih-iz-posusja-velika-je-opomena\\\/#primaryimage\"},\"thumbnailUrl\":\"https:\\\/\\\/radioljubuski.ba\\\/wp-content\\\/uploads\\\/2021\\\/12\\\/2-2021-12-31-09-40-03-mladost.jpg\",\"datePublished\":\"2021-12-31T11:26:14+00:00\",\"dateModified\":\"2021-12-31T11:26:15+00:00\",\"breadcrumb\":{\"@id\":\"https:\\\/\\\/radioljubuski.ba\\\/index.php\\\/2021\\\/12\\\/31\\\/tragedija-osmero-mladih-iz-posusja-velika-je-opomena\\\/#breadcrumb\"},\"inLanguage\":\"hr\",\"potentialAction\":[{\"@type\":\"ReadAction\",\"target\":[\"https:\\\/\\\/radioljubuski.ba\\\/index.php\\\/2021\\\/12\\\/31\\\/tragedija-osmero-mladih-iz-posusja-velika-je-opomena\\\/\"]}]},{\"@type\":\"ImageObject\",\"inLanguage\":\"hr\",\"@id\":\"https:\\\/\\\/radioljubuski.ba\\\/index.php\\\/2021\\\/12\\\/31\\\/tragedija-osmero-mladih-iz-posusja-velika-je-opomena\\\/#primaryimage\",\"url\":\"https:\\\/\\\/radioljubuski.ba\\\/wp-content\\\/uploads\\\/2021\\\/12\\\/2-2021-12-31-09-40-03-mladost.jpg\",\"contentUrl\":\"https:\\\/\\\/radioljubuski.ba\\\/wp-content\\\/uploads\\\/2021\\\/12\\\/2-2021-12-31-09-40-03-mladost.jpg\",\"width\":1000,\"height\":625},{\"@type\":\"BreadcrumbList\",\"@id\":\"https:\\\/\\\/radioljubuski.ba\\\/index.php\\\/2021\\\/12\\\/31\\\/tragedija-osmero-mladih-iz-posusja-velika-je-opomena\\\/#breadcrumb\",\"itemListElement\":[{\"@type\":\"ListItem\",\"position\":1,\"name\":\"Po\u010detna stranica\",\"item\":\"https:\\\/\\\/radioljubuski.ba\\\/\"},{\"@type\":\"ListItem\",\"position\":2,\"name\":\"Tragedija osmero mladih iz Posu\u0161ja velika je opomena\"}]},{\"@type\":\"WebSite\",\"@id\":\"https:\\\/\\\/radioljubuski.ba\\\/#website\",\"url\":\"https:\\\/\\\/radioljubuski.ba\\\/\",\"name\":\"Radio Ljubu\u0161ki\",\"description\":\"Sun\u010dana frekvencija Hercegovine\",\"publisher\":{\"@id\":\"https:\\\/\\\/radioljubuski.ba\\\/#organization\"},\"potentialAction\":[{\"@type\":\"SearchAction\",\"target\":{\"@type\":\"EntryPoint\",\"urlTemplate\":\"https:\\\/\\\/radioljubuski.ba\\\/?s={search_term_string}\"},\"query-input\":{\"@type\":\"PropertyValueSpecification\",\"valueRequired\":true,\"valueName\":\"search_term_string\"}}],\"inLanguage\":\"hr\"},{\"@type\":\"Organization\",\"@id\":\"https:\\\/\\\/radioljubuski.ba\\\/#organization\",\"name\":\"Radio Ljubu\u0161ki\",\"url\":\"https:\\\/\\\/radioljubuski.ba\\\/\",\"logo\":{\"@type\":\"ImageObject\",\"inLanguage\":\"hr\",\"@id\":\"https:\\\/\\\/radioljubuski.ba\\\/#\\\/schema\\\/logo\\\/image\\\/\",\"url\":\"https:\\\/\\\/radioljubuski.ba\\\/wp-content\\\/uploads\\\/2021\\\/02\\\/cropped-Radio_Ljubuski_logo1.jpg\",\"contentUrl\":\"https:\\\/\\\/radioljubuski.ba\\\/wp-content\\\/uploads\\\/2021\\\/02\\\/cropped-Radio_Ljubuski_logo1.jpg\",\"width\":512,\"height\":512,\"caption\":\"Radio Ljubu\u0161ki\"},\"image\":{\"@id\":\"https:\\\/\\\/radioljubuski.ba\\\/#\\\/schema\\\/logo\\\/image\\\/\"},\"sameAs\":[\"https:\\\/\\\/www.facebook.com\\\/Radiio-Ljubuski-1490835324566332\",\"https:\\\/\\\/x.com\\\/radioljubuski\",\"https:\\\/\\\/hr.linkedin.com\\\/company\\\/radio-ljubuski\",\"https:\\\/\\\/www.youtube.com\\\/channel\\\/UCHYaeO_n0Db3tjNGudGpXyw\"]},{\"@type\":\"Person\",\"@id\":\"https:\\\/\\\/radioljubuski.ba\\\/#\\\/schema\\\/person\\\/19fc700381a780f69665d7956c469e3b\",\"name\":\"Radio Ljubu\u0161ki\"}]}<\/script>\n<!-- \/ Yoast SEO plugin. -->","yoast_head_json":{"title":"Tragedija osmero mladih iz Posu\u0161ja velika je opomena - RADIO LJUBU\u0160KI","robots":{"index":"index","follow":"follow","max-snippet":"max-snippet:-1","max-image-preview":"max-image-preview:large","max-video-preview":"max-video-preview:-1"},"canonical":"https:\/\/radioljubuski.ba\/index.php\/2021\/12\/31\/tragedija-osmero-mladih-iz-posusja-velika-je-opomena\/","og_locale":"hr_HR","og_type":"article","og_title":"Tragedija osmero mladih iz Posu\u0161ja velika je opomena - RADIO LJUBU\u0160KI","og_description":"Malo je \u0161to tako do\u017eivotno ope\u010datilo osam obitelji, zajednicu u Posu\u0161ju, Hercegovinu kao \u0161to je to bila tragedija u novogodi\u0161njoj no\u0107i u kojoj je u gu\u0161enju plinom stradalo osmero mladih s jo\u0161 nepunih navr\u0161enih 20 godina. I danas godinu dana kasnije mije\u0161aju se isti osje\u0107aji tuge i boli, \u0161oka i bezna\u0111a, osje\u0107aja bespomo\u0107nosti. U vikednici [&hellip;]","og_url":"https:\/\/radioljubuski.ba\/index.php\/2021\/12\/31\/tragedija-osmero-mladih-iz-posusja-velika-je-opomena\/","og_site_name":"RADIO LJUBU\u0160KI","article_publisher":"https:\/\/www.facebook.com\/Radiio-Ljubuski-1490835324566332","article_published_time":"2021-12-31T11:26:14+00:00","article_modified_time":"2021-12-31T11:26:15+00:00","og_image":[{"width":1000,"height":625,"url":"https:\/\/radioljubuski.ba\/wp-content\/uploads\/2021\/12\/2-2021-12-31-09-40-03-mladost.jpg","type":"image\/jpeg"}],"author":"Radio Ljubu\u0161ki","twitter_card":"summary_large_image","twitter_creator":"@radioljubuski","twitter_site":"@radioljubuski","twitter_misc":{"Napisao\/la":"Radio Ljubu\u0161ki","Procijenjeno vrijeme \u010ditanja":"4 minute"},"schema":{"@context":"https:\/\/schema.org","@graph":[{"@type":"Article","@id":"https:\/\/radioljubuski.ba\/index.php\/2021\/12\/31\/tragedija-osmero-mladih-iz-posusja-velika-je-opomena\/#article","isPartOf":{"@id":"https:\/\/radioljubuski.ba\/index.php\/2021\/12\/31\/tragedija-osmero-mladih-iz-posusja-velika-je-opomena\/"},"author":{"name":"Radio Ljubu\u0161ki","@id":"https:\/\/radioljubuski.ba\/#\/schema\/person\/19fc700381a780f69665d7956c469e3b"},"headline":"Tragedija osmero mladih iz Posu\u0161ja velika je opomena","datePublished":"2021-12-31T11:26:14+00:00","dateModified":"2021-12-31T11:26:15+00:00","mainEntityOfPage":{"@id":"https:\/\/radioljubuski.ba\/index.php\/2021\/12\/31\/tragedija-osmero-mladih-iz-posusja-velika-je-opomena\/"},"wordCount":828,"publisher":{"@id":"https:\/\/radioljubuski.ba\/#organization"},"image":{"@id":"https:\/\/radioljubuski.ba\/index.php\/2021\/12\/31\/tragedija-osmero-mladih-iz-posusja-velika-je-opomena\/#primaryimage"},"thumbnailUrl":"https:\/\/radioljubuski.ba\/wp-content\/uploads\/2021\/12\/2-2021-12-31-09-40-03-mladost.jpg","articleSection":["BIH i regija"],"inLanguage":"hr"},{"@type":"WebPage","@id":"https:\/\/radioljubuski.ba\/index.php\/2021\/12\/31\/tragedija-osmero-mladih-iz-posusja-velika-je-opomena\/","url":"https:\/\/radioljubuski.ba\/index.php\/2021\/12\/31\/tragedija-osmero-mladih-iz-posusja-velika-je-opomena\/","name":"Tragedija osmero mladih iz Posu\u0161ja velika je opomena - RADIO LJUBU\u0160KI","isPartOf":{"@id":"https:\/\/radioljubuski.ba\/#website"},"primaryImageOfPage":{"@id":"https:\/\/radioljubuski.ba\/index.php\/2021\/12\/31\/tragedija-osmero-mladih-iz-posusja-velika-je-opomena\/#primaryimage"},"image":{"@id":"https:\/\/radioljubuski.ba\/index.php\/2021\/12\/31\/tragedija-osmero-mladih-iz-posusja-velika-je-opomena\/#primaryimage"},"thumbnailUrl":"https:\/\/radioljubuski.ba\/wp-content\/uploads\/2021\/12\/2-2021-12-31-09-40-03-mladost.jpg","datePublished":"2021-12-31T11:26:14+00:00","dateModified":"2021-12-31T11:26:15+00:00","breadcrumb":{"@id":"https:\/\/radioljubuski.ba\/index.php\/2021\/12\/31\/tragedija-osmero-mladih-iz-posusja-velika-je-opomena\/#breadcrumb"},"inLanguage":"hr","potentialAction":[{"@type":"ReadAction","target":["https:\/\/radioljubuski.ba\/index.php\/2021\/12\/31\/tragedija-osmero-mladih-iz-posusja-velika-je-opomena\/"]}]},{"@type":"ImageObject","inLanguage":"hr","@id":"https:\/\/radioljubuski.ba\/index.php\/2021\/12\/31\/tragedija-osmero-mladih-iz-posusja-velika-je-opomena\/#primaryimage","url":"https:\/\/radioljubuski.ba\/wp-content\/uploads\/2021\/12\/2-2021-12-31-09-40-03-mladost.jpg","contentUrl":"https:\/\/radioljubuski.ba\/wp-content\/uploads\/2021\/12\/2-2021-12-31-09-40-03-mladost.jpg","width":1000,"height":625},{"@type":"BreadcrumbList","@id":"https:\/\/radioljubuski.ba\/index.php\/2021\/12\/31\/tragedija-osmero-mladih-iz-posusja-velika-je-opomena\/#breadcrumb","itemListElement":[{"@type":"ListItem","position":1,"name":"Po\u010detna stranica","item":"https:\/\/radioljubuski.ba\/"},{"@type":"ListItem","position":2,"name":"Tragedija osmero mladih iz Posu\u0161ja velika je opomena"}]},{"@type":"WebSite","@id":"https:\/\/radioljubuski.ba\/#website","url":"https:\/\/radioljubuski.ba\/","name":"Radio Ljubu\u0161ki","description":"Sun\u010dana frekvencija Hercegovine","publisher":{"@id":"https:\/\/radioljubuski.ba\/#organization"},"potentialAction":[{"@type":"SearchAction","target":{"@type":"EntryPoint","urlTemplate":"https:\/\/radioljubuski.ba\/?s={search_term_string}"},"query-input":{"@type":"PropertyValueSpecification","valueRequired":true,"valueName":"search_term_string"}}],"inLanguage":"hr"},{"@type":"Organization","@id":"https:\/\/radioljubuski.ba\/#organization","name":"Radio Ljubu\u0161ki","url":"https:\/\/radioljubuski.ba\/","logo":{"@type":"ImageObject","inLanguage":"hr","@id":"https:\/\/radioljubuski.ba\/#\/schema\/logo\/image\/","url":"https:\/\/radioljubuski.ba\/wp-content\/uploads\/2021\/02\/cropped-Radio_Ljubuski_logo1.jpg","contentUrl":"https:\/\/radioljubuski.ba\/wp-content\/uploads\/2021\/02\/cropped-Radio_Ljubuski_logo1.jpg","width":512,"height":512,"caption":"Radio Ljubu\u0161ki"},"image":{"@id":"https:\/\/radioljubuski.ba\/#\/schema\/logo\/image\/"},"sameAs":["https:\/\/www.facebook.com\/Radiio-Ljubuski-1490835324566332","https:\/\/x.com\/radioljubuski","https:\/\/hr.linkedin.com\/company\/radio-ljubuski","https:\/\/www.youtube.com\/channel\/UCHYaeO_n0Db3tjNGudGpXyw"]},{"@type":"Person","@id":"https:\/\/radioljubuski.ba\/#\/schema\/person\/19fc700381a780f69665d7956c469e3b","name":"Radio Ljubu\u0161ki"}]}},"_links":{"self":[{"href":"https:\/\/radioljubuski.ba\/index.php\/wp-json\/wp\/v2\/posts\/104286","targetHints":{"allow":["GET"]}}],"collection":[{"href":"https:\/\/radioljubuski.ba\/index.php\/wp-json\/wp\/v2\/posts"}],"about":[{"href":"https:\/\/radioljubuski.ba\/index.php\/wp-json\/wp\/v2\/types\/post"}],"author":[{"embeddable":true,"href":"https:\/\/radioljubuski.ba\/index.php\/wp-json\/wp\/v2\/users\/2"}],"replies":[{"embeddable":true,"href":"https:\/\/radioljubuski.ba\/index.php\/wp-json\/wp\/v2\/comments?post=104286"}],"version-history":[{"count":1,"href":"https:\/\/radioljubuski.ba\/index.php\/wp-json\/wp\/v2\/posts\/104286\/revisions"}],"predecessor-version":[{"id":104288,"href":"https:\/\/radioljubuski.ba\/index.php\/wp-json\/wp\/v2\/posts\/104286\/revisions\/104288"}],"wp:featuredmedia":[{"embeddable":true,"href":"https:\/\/radioljubuski.ba\/index.php\/wp-json\/wp\/v2\/media\/104287"}],"wp:attachment":[{"href":"https:\/\/radioljubuski.ba\/index.php\/wp-json\/wp\/v2\/media?parent=104286"}],"wp:term":[{"taxonomy":"category","embeddable":true,"href":"https:\/\/radioljubuski.ba\/index.php\/wp-json\/wp\/v2\/categories?post=104286"},{"taxonomy":"post_tag","embeddable":true,"href":"https:\/\/radioljubuski.ba\/index.php\/wp-json\/wp\/v2\/tags?post=104286"}],"curies":[{"name":"wp","href":"https:\/\/api.w.org\/{rel}","templated":true}]}}