{"id":104291,"date":"2021-12-31T12:28:13","date_gmt":"2021-12-31T11:28:13","guid":{"rendered":"https:\/\/radioljubuski.ba\/?p=104291"},"modified":"2021-12-31T12:28:14","modified_gmt":"2021-12-31T11:28:14","slug":"milijarde-ljudi-u-svijetu-docekuju-drugu-novu-godinu-u-znaku-covid-restrikcija","status":"publish","type":"post","link":"https:\/\/radioljubuski.ba\/index.php\/2021\/12\/31\/milijarde-ljudi-u-svijetu-docekuju-drugu-novu-godinu-u-znaku-covid-restrikcija\/","title":{"rendered":"Milijarde ljudi u svijetu do\u010dekuju drugu Novu godinu u znaku covid restrikcija"},"content":{"rendered":"\n<p>Milijarde ljudi \u0161irom svijeta do\u010dekat \u0107e 2022. godinu, drugu po redu Novu godinu obilje\u017eenu restrikcijama zbog koronavirusa.<\/p>\n\n\n\n<p>Trebat \u0107e 26 sati izme\u0111u 10 sati u petak i 12 sati u subotu da cijeli globus zazvoni u Novoj godini.<\/p>\n\n\n\n<p>Proslava po\u010dinje u oto\u010dkoj dr\u017eavi Samoi, zatim ide kroz Australiju, Aziju do Europe, Ju\u017ene Amerike, isto\u010dne obale SAD-a, Kalifornije, Havaja i do nenaseljenih oto\u010di\u0107a Baker Island i Howland Island u Pacifiku.<\/p>\n\n\n\n<p>Mnoge velike zabave i vatrometi otkazani su diljem svijeta,izme\u0111u ostalih u Londonu i Parizu.<\/p>\n\n\n\n<p>Drugdje su proslave znatno smanjene, uklju\u010duju\u0107i doga\u0111aje u Madridu i Riju, pi\u0161e dpa.<\/p>\n\n\n\n<p>U Berlinu ne\u0107e biti velikog vatrometa na Brandenbur\u0161kim vratima i zabave sa stotinama tisu\u0107a&nbsp; ljudi. Me\u0111utim, javna televizija ZDF planira ponuditi emisiju s pjeva\u010dicama poput Bonnie Tyler i Marianne Rosenberg.<\/p>\n\n\n\n<p>U Sydneyu bi se ponovno trebao odr\u017eati ogromni vatromet s gledateljima, no oni koji su ga htjeli do\u017eivjeti u\u017eivo morali su kupiti ulaznicu za jednu od 30-tak to\u010daka za gledanje.<\/p>\n\n\n\n<p>U New Yorku \u0107e se ponovno odr\u017eati tradicionalni do\u010dek Nove godine na Times Squareu, ali svi posjetitelji moraju biti cijepljeni&nbsp; protiv koronavirusa.<\/p>\n\n\n\n<p>Izvor:pogled.ba<\/p>\n","protected":false},"excerpt":{"rendered":"<p>Milijarde ljudi \u0161irom svijeta do\u010dekat \u0107e 2022. godinu, drugu po redu Novu godinu obilje\u017eenu restrikcijama zbog koronavirusa. Trebat \u0107e 26 sati izme\u0111u 10 sati u petak i 12 sati u subotu da cijeli globus zazvoni u Novoj godini. Proslava po\u010dinje u oto\u010dkoj dr\u017eavi Samoi, zatim ide kroz Australiju, Aziju do Europe, Ju\u017ene Amerike, isto\u010dne obale [&hellip;]<\/p>\n","protected":false},"author":2,"featured_media":104292,"comment_status":"closed","ping_status":"closed","sticky":false,"template":"","format":"standard","meta":{"h5ap_radio_sources":[],"footnotes":""},"categories":[1],"tags":[],"class_list":["post-104291","post","type-post","status-publish","format-standard","has-post-thumbnail","hentry","category-bihiregija"],"yoast_head":"<!-- This site is optimized with the Yoast SEO plugin v27.5 - https:\/\/yoast.com\/product\/yoast-seo-wordpress\/ -->\n<title>Milijarde ljudi u svijetu do\u010dekuju drugu Novu godinu u znaku covid restrikcija - RADIO LJUBU\u0160KI<\/title>\n<meta name=\"robots\" content=\"index, follow, max-snippet:-1, max-image-preview:large, max-video-preview:-1\" \/>\n<link rel=\"canonical\" href=\"https:\/\/radioljubuski.ba\/index.php\/2021\/12\/31\/milijarde-ljudi-u-svijetu-docekuju-drugu-novu-godinu-u-znaku-covid-restrikcija\/\" \/>\n<meta property=\"og:locale\" content=\"hr_HR\" \/>\n<meta property=\"og:type\" content=\"article\" \/>\n<meta property=\"og:title\" content=\"Milijarde ljudi u svijetu do\u010dekuju drugu Novu godinu u znaku covid restrikcija - RADIO LJUBU\u0160KI\" \/>\n<meta property=\"og:description\" content=\"Milijarde ljudi \u0161irom svijeta do\u010dekat \u0107e 2022. godinu, drugu po redu Novu godinu obilje\u017eenu restrikcijama zbog koronavirusa. Trebat \u0107e 26 sati izme\u0111u 10 sati u petak i 12 sati u subotu da cijeli globus zazvoni u Novoj godini. Proslava po\u010dinje u oto\u010dkoj dr\u017eavi Samoi, zatim ide kroz Australiju, Aziju do Europe, Ju\u017ene Amerike, isto\u010dne obale [&hellip;]\" \/>\n<meta property=\"og:url\" content=\"https:\/\/radioljubuski.ba\/index.php\/2021\/12\/31\/milijarde-ljudi-u-svijetu-docekuju-drugu-novu-godinu-u-znaku-covid-restrikcija\/\" \/>\n<meta property=\"og:site_name\" content=\"RADIO LJUBU\u0160KI\" \/>\n<meta property=\"article:publisher\" content=\"https:\/\/www.facebook.com\/Radiio-Ljubuski-1490835324566332\" \/>\n<meta property=\"article:published_time\" content=\"2021-12-31T11:28:13+00:00\" \/>\n<meta property=\"article:modified_time\" content=\"2021-12-31T11:28:14+00:00\" \/>\n<meta property=\"og:image\" content=\"https:\/\/radioljubuski.ba\/wp-content\/uploads\/2021\/12\/imdHQSZz_vatromet_mostarrr-1.jpg\" \/>\n\t<meta property=\"og:image:width\" content=\"1000\" \/>\n\t<meta property=\"og:image:height\" content=\"625\" \/>\n\t<meta property=\"og:image:type\" content=\"image\/jpeg\" \/>\n<meta name=\"author\" content=\"Radio Ljubu\u0161ki\" \/>\n<meta name=\"twitter:card\" content=\"summary_large_image\" \/>\n<meta name=\"twitter:creator\" content=\"@radioljubuski\" \/>\n<meta name=\"twitter:site\" content=\"@radioljubuski\" \/>\n<meta name=\"twitter:label1\" content=\"Napisao\/la\" \/>\n\t<meta name=\"twitter:data1\" content=\"Radio Ljubu\u0161ki\" \/>\n\t<meta name=\"twitter:label2\" content=\"Procijenjeno vrijeme \u010ditanja\" \/>\n\t<meta name=\"twitter:data2\" content=\"1 minuta\" \/>\n<script type=\"application\/ld+json\" class=\"yoast-schema-graph\">{\"@context\":\"https:\\\/\\\/schema.org\",\"@graph\":[{\"@type\":\"Article\",\"@id\":\"https:\\\/\\\/radioljubuski.ba\\\/index.php\\\/2021\\\/12\\\/31\\\/milijarde-ljudi-u-svijetu-docekuju-drugu-novu-godinu-u-znaku-covid-restrikcija\\\/#article\",\"isPartOf\":{\"@id\":\"https:\\\/\\\/radioljubuski.ba\\\/index.php\\\/2021\\\/12\\\/31\\\/milijarde-ljudi-u-svijetu-docekuju-drugu-novu-godinu-u-znaku-covid-restrikcija\\\/\"},\"author\":{\"name\":\"Radio Ljubu\u0161ki\",\"@id\":\"https:\\\/\\\/radioljubuski.ba\\\/#\\\/schema\\\/person\\\/19fc700381a780f69665d7956c469e3b\"},\"headline\":\"Milijarde ljudi u svijetu do\u010dekuju drugu Novu godinu u znaku covid restrikcija\",\"datePublished\":\"2021-12-31T11:28:13+00:00\",\"dateModified\":\"2021-12-31T11:28:14+00:00\",\"mainEntityOfPage\":{\"@id\":\"https:\\\/\\\/radioljubuski.ba\\\/index.php\\\/2021\\\/12\\\/31\\\/milijarde-ljudi-u-svijetu-docekuju-drugu-novu-godinu-u-znaku-covid-restrikcija\\\/\"},\"wordCount\":219,\"publisher\":{\"@id\":\"https:\\\/\\\/radioljubuski.ba\\\/#organization\"},\"image\":{\"@id\":\"https:\\\/\\\/radioljubuski.ba\\\/index.php\\\/2021\\\/12\\\/31\\\/milijarde-ljudi-u-svijetu-docekuju-drugu-novu-godinu-u-znaku-covid-restrikcija\\\/#primaryimage\"},\"thumbnailUrl\":\"https:\\\/\\\/radioljubuski.ba\\\/wp-content\\\/uploads\\\/2021\\\/12\\\/imdHQSZz_vatromet_mostarrr-1.jpg\",\"articleSection\":[\"BIH i regija\"],\"inLanguage\":\"hr\"},{\"@type\":\"WebPage\",\"@id\":\"https:\\\/\\\/radioljubuski.ba\\\/index.php\\\/2021\\\/12\\\/31\\\/milijarde-ljudi-u-svijetu-docekuju-drugu-novu-godinu-u-znaku-covid-restrikcija\\\/\",\"url\":\"https:\\\/\\\/radioljubuski.ba\\\/index.php\\\/2021\\\/12\\\/31\\\/milijarde-ljudi-u-svijetu-docekuju-drugu-novu-godinu-u-znaku-covid-restrikcija\\\/\",\"name\":\"Milijarde ljudi u svijetu do\u010dekuju drugu Novu godinu u znaku covid restrikcija - RADIO LJUBU\u0160KI\",\"isPartOf\":{\"@id\":\"https:\\\/\\\/radioljubuski.ba\\\/#website\"},\"primaryImageOfPage\":{\"@id\":\"https:\\\/\\\/radioljubuski.ba\\\/index.php\\\/2021\\\/12\\\/31\\\/milijarde-ljudi-u-svijetu-docekuju-drugu-novu-godinu-u-znaku-covid-restrikcija\\\/#primaryimage\"},\"image\":{\"@id\":\"https:\\\/\\\/radioljubuski.ba\\\/index.php\\\/2021\\\/12\\\/31\\\/milijarde-ljudi-u-svijetu-docekuju-drugu-novu-godinu-u-znaku-covid-restrikcija\\\/#primaryimage\"},\"thumbnailUrl\":\"https:\\\/\\\/radioljubuski.ba\\\/wp-content\\\/uploads\\\/2021\\\/12\\\/imdHQSZz_vatromet_mostarrr-1.jpg\",\"datePublished\":\"2021-12-31T11:28:13+00:00\",\"dateModified\":\"2021-12-31T11:28:14+00:00\",\"breadcrumb\":{\"@id\":\"https:\\\/\\\/radioljubuski.ba\\\/index.php\\\/2021\\\/12\\\/31\\\/milijarde-ljudi-u-svijetu-docekuju-drugu-novu-godinu-u-znaku-covid-restrikcija\\\/#breadcrumb\"},\"inLanguage\":\"hr\",\"potentialAction\":[{\"@type\":\"ReadAction\",\"target\":[\"https:\\\/\\\/radioljubuski.ba\\\/index.php\\\/2021\\\/12\\\/31\\\/milijarde-ljudi-u-svijetu-docekuju-drugu-novu-godinu-u-znaku-covid-restrikcija\\\/\"]}]},{\"@type\":\"ImageObject\",\"inLanguage\":\"hr\",\"@id\":\"https:\\\/\\\/radioljubuski.ba\\\/index.php\\\/2021\\\/12\\\/31\\\/milijarde-ljudi-u-svijetu-docekuju-drugu-novu-godinu-u-znaku-covid-restrikcija\\\/#primaryimage\",\"url\":\"https:\\\/\\\/radioljubuski.ba\\\/wp-content\\\/uploads\\\/2021\\\/12\\\/imdHQSZz_vatromet_mostarrr-1.jpg\",\"contentUrl\":\"https:\\\/\\\/radioljubuski.ba\\\/wp-content\\\/uploads\\\/2021\\\/12\\\/imdHQSZz_vatromet_mostarrr-1.jpg\",\"width\":1000,\"height\":625},{\"@type\":\"BreadcrumbList\",\"@id\":\"https:\\\/\\\/radioljubuski.ba\\\/index.php\\\/2021\\\/12\\\/31\\\/milijarde-ljudi-u-svijetu-docekuju-drugu-novu-godinu-u-znaku-covid-restrikcija\\\/#breadcrumb\",\"itemListElement\":[{\"@type\":\"ListItem\",\"position\":1,\"name\":\"Po\u010detna stranica\",\"item\":\"https:\\\/\\\/radioljubuski.ba\\\/\"},{\"@type\":\"ListItem\",\"position\":2,\"name\":\"Milijarde ljudi u svijetu do\u010dekuju drugu Novu godinu u znaku covid restrikcija\"}]},{\"@type\":\"WebSite\",\"@id\":\"https:\\\/\\\/radioljubuski.ba\\\/#website\",\"url\":\"https:\\\/\\\/radioljubuski.ba\\\/\",\"name\":\"Radio Ljubu\u0161ki\",\"description\":\"Sun\u010dana frekvencija Hercegovine\",\"publisher\":{\"@id\":\"https:\\\/\\\/radioljubuski.ba\\\/#organization\"},\"potentialAction\":[{\"@type\":\"SearchAction\",\"target\":{\"@type\":\"EntryPoint\",\"urlTemplate\":\"https:\\\/\\\/radioljubuski.ba\\\/?s={search_term_string}\"},\"query-input\":{\"@type\":\"PropertyValueSpecification\",\"valueRequired\":true,\"valueName\":\"search_term_string\"}}],\"inLanguage\":\"hr\"},{\"@type\":\"Organization\",\"@id\":\"https:\\\/\\\/radioljubuski.ba\\\/#organization\",\"name\":\"Radio Ljubu\u0161ki\",\"url\":\"https:\\\/\\\/radioljubuski.ba\\\/\",\"logo\":{\"@type\":\"ImageObject\",\"inLanguage\":\"hr\",\"@id\":\"https:\\\/\\\/radioljubuski.ba\\\/#\\\/schema\\\/logo\\\/image\\\/\",\"url\":\"https:\\\/\\\/radioljubuski.ba\\\/wp-content\\\/uploads\\\/2021\\\/02\\\/cropped-Radio_Ljubuski_logo1.jpg\",\"contentUrl\":\"https:\\\/\\\/radioljubuski.ba\\\/wp-content\\\/uploads\\\/2021\\\/02\\\/cropped-Radio_Ljubuski_logo1.jpg\",\"width\":512,\"height\":512,\"caption\":\"Radio Ljubu\u0161ki\"},\"image\":{\"@id\":\"https:\\\/\\\/radioljubuski.ba\\\/#\\\/schema\\\/logo\\\/image\\\/\"},\"sameAs\":[\"https:\\\/\\\/www.facebook.com\\\/Radiio-Ljubuski-1490835324566332\",\"https:\\\/\\\/x.com\\\/radioljubuski\",\"https:\\\/\\\/hr.linkedin.com\\\/company\\\/radio-ljubuski\",\"https:\\\/\\\/www.youtube.com\\\/channel\\\/UCHYaeO_n0Db3tjNGudGpXyw\"]},{\"@type\":\"Person\",\"@id\":\"https:\\\/\\\/radioljubuski.ba\\\/#\\\/schema\\\/person\\\/19fc700381a780f69665d7956c469e3b\",\"name\":\"Radio Ljubu\u0161ki\"}]}<\/script>\n<!-- \/ Yoast SEO plugin. -->","yoast_head_json":{"title":"Milijarde ljudi u svijetu do\u010dekuju drugu Novu godinu u znaku covid restrikcija - RADIO LJUBU\u0160KI","robots":{"index":"index","follow":"follow","max-snippet":"max-snippet:-1","max-image-preview":"max-image-preview:large","max-video-preview":"max-video-preview:-1"},"canonical":"https:\/\/radioljubuski.ba\/index.php\/2021\/12\/31\/milijarde-ljudi-u-svijetu-docekuju-drugu-novu-godinu-u-znaku-covid-restrikcija\/","og_locale":"hr_HR","og_type":"article","og_title":"Milijarde ljudi u svijetu do\u010dekuju drugu Novu godinu u znaku covid restrikcija - RADIO LJUBU\u0160KI","og_description":"Milijarde ljudi \u0161irom svijeta do\u010dekat \u0107e 2022. godinu, drugu po redu Novu godinu obilje\u017eenu restrikcijama zbog koronavirusa. Trebat \u0107e 26 sati izme\u0111u 10 sati u petak i 12 sati u subotu da cijeli globus zazvoni u Novoj godini. Proslava po\u010dinje u oto\u010dkoj dr\u017eavi Samoi, zatim ide kroz Australiju, Aziju do Europe, Ju\u017ene Amerike, isto\u010dne obale [&hellip;]","og_url":"https:\/\/radioljubuski.ba\/index.php\/2021\/12\/31\/milijarde-ljudi-u-svijetu-docekuju-drugu-novu-godinu-u-znaku-covid-restrikcija\/","og_site_name":"RADIO LJUBU\u0160KI","article_publisher":"https:\/\/www.facebook.com\/Radiio-Ljubuski-1490835324566332","article_published_time":"2021-12-31T11:28:13+00:00","article_modified_time":"2021-12-31T11:28:14+00:00","og_image":[{"width":1000,"height":625,"url":"https:\/\/radioljubuski.ba\/wp-content\/uploads\/2021\/12\/imdHQSZz_vatromet_mostarrr-1.jpg","type":"image\/jpeg"}],"author":"Radio Ljubu\u0161ki","twitter_card":"summary_large_image","twitter_creator":"@radioljubuski","twitter_site":"@radioljubuski","twitter_misc":{"Napisao\/la":"Radio Ljubu\u0161ki","Procijenjeno vrijeme \u010ditanja":"1 minuta"},"schema":{"@context":"https:\/\/schema.org","@graph":[{"@type":"Article","@id":"https:\/\/radioljubuski.ba\/index.php\/2021\/12\/31\/milijarde-ljudi-u-svijetu-docekuju-drugu-novu-godinu-u-znaku-covid-restrikcija\/#article","isPartOf":{"@id":"https:\/\/radioljubuski.ba\/index.php\/2021\/12\/31\/milijarde-ljudi-u-svijetu-docekuju-drugu-novu-godinu-u-znaku-covid-restrikcija\/"},"author":{"name":"Radio Ljubu\u0161ki","@id":"https:\/\/radioljubuski.ba\/#\/schema\/person\/19fc700381a780f69665d7956c469e3b"},"headline":"Milijarde ljudi u svijetu do\u010dekuju drugu Novu godinu u znaku covid restrikcija","datePublished":"2021-12-31T11:28:13+00:00","dateModified":"2021-12-31T11:28:14+00:00","mainEntityOfPage":{"@id":"https:\/\/radioljubuski.ba\/index.php\/2021\/12\/31\/milijarde-ljudi-u-svijetu-docekuju-drugu-novu-godinu-u-znaku-covid-restrikcija\/"},"wordCount":219,"publisher":{"@id":"https:\/\/radioljubuski.ba\/#organization"},"image":{"@id":"https:\/\/radioljubuski.ba\/index.php\/2021\/12\/31\/milijarde-ljudi-u-svijetu-docekuju-drugu-novu-godinu-u-znaku-covid-restrikcija\/#primaryimage"},"thumbnailUrl":"https:\/\/radioljubuski.ba\/wp-content\/uploads\/2021\/12\/imdHQSZz_vatromet_mostarrr-1.jpg","articleSection":["BIH i regija"],"inLanguage":"hr"},{"@type":"WebPage","@id":"https:\/\/radioljubuski.ba\/index.php\/2021\/12\/31\/milijarde-ljudi-u-svijetu-docekuju-drugu-novu-godinu-u-znaku-covid-restrikcija\/","url":"https:\/\/radioljubuski.ba\/index.php\/2021\/12\/31\/milijarde-ljudi-u-svijetu-docekuju-drugu-novu-godinu-u-znaku-covid-restrikcija\/","name":"Milijarde ljudi u svijetu do\u010dekuju drugu Novu godinu u znaku covid restrikcija - RADIO LJUBU\u0160KI","isPartOf":{"@id":"https:\/\/radioljubuski.ba\/#website"},"primaryImageOfPage":{"@id":"https:\/\/radioljubuski.ba\/index.php\/2021\/12\/31\/milijarde-ljudi-u-svijetu-docekuju-drugu-novu-godinu-u-znaku-covid-restrikcija\/#primaryimage"},"image":{"@id":"https:\/\/radioljubuski.ba\/index.php\/2021\/12\/31\/milijarde-ljudi-u-svijetu-docekuju-drugu-novu-godinu-u-znaku-covid-restrikcija\/#primaryimage"},"thumbnailUrl":"https:\/\/radioljubuski.ba\/wp-content\/uploads\/2021\/12\/imdHQSZz_vatromet_mostarrr-1.jpg","datePublished":"2021-12-31T11:28:13+00:00","dateModified":"2021-12-31T11:28:14+00:00","breadcrumb":{"@id":"https:\/\/radioljubuski.ba\/index.php\/2021\/12\/31\/milijarde-ljudi-u-svijetu-docekuju-drugu-novu-godinu-u-znaku-covid-restrikcija\/#breadcrumb"},"inLanguage":"hr","potentialAction":[{"@type":"ReadAction","target":["https:\/\/radioljubuski.ba\/index.php\/2021\/12\/31\/milijarde-ljudi-u-svijetu-docekuju-drugu-novu-godinu-u-znaku-covid-restrikcija\/"]}]},{"@type":"ImageObject","inLanguage":"hr","@id":"https:\/\/radioljubuski.ba\/index.php\/2021\/12\/31\/milijarde-ljudi-u-svijetu-docekuju-drugu-novu-godinu-u-znaku-covid-restrikcija\/#primaryimage","url":"https:\/\/radioljubuski.ba\/wp-content\/uploads\/2021\/12\/imdHQSZz_vatromet_mostarrr-1.jpg","contentUrl":"https:\/\/radioljubuski.ba\/wp-content\/uploads\/2021\/12\/imdHQSZz_vatromet_mostarrr-1.jpg","width":1000,"height":625},{"@type":"BreadcrumbList","@id":"https:\/\/radioljubuski.ba\/index.php\/2021\/12\/31\/milijarde-ljudi-u-svijetu-docekuju-drugu-novu-godinu-u-znaku-covid-restrikcija\/#breadcrumb","itemListElement":[{"@type":"ListItem","position":1,"name":"Po\u010detna stranica","item":"https:\/\/radioljubuski.ba\/"},{"@type":"ListItem","position":2,"name":"Milijarde ljudi u svijetu do\u010dekuju drugu Novu godinu u znaku covid restrikcija"}]},{"@type":"WebSite","@id":"https:\/\/radioljubuski.ba\/#website","url":"https:\/\/radioljubuski.ba\/","name":"Radio Ljubu\u0161ki","description":"Sun\u010dana frekvencija Hercegovine","publisher":{"@id":"https:\/\/radioljubuski.ba\/#organization"},"potentialAction":[{"@type":"SearchAction","target":{"@type":"EntryPoint","urlTemplate":"https:\/\/radioljubuski.ba\/?s={search_term_string}"},"query-input":{"@type":"PropertyValueSpecification","valueRequired":true,"valueName":"search_term_string"}}],"inLanguage":"hr"},{"@type":"Organization","@id":"https:\/\/radioljubuski.ba\/#organization","name":"Radio Ljubu\u0161ki","url":"https:\/\/radioljubuski.ba\/","logo":{"@type":"ImageObject","inLanguage":"hr","@id":"https:\/\/radioljubuski.ba\/#\/schema\/logo\/image\/","url":"https:\/\/radioljubuski.ba\/wp-content\/uploads\/2021\/02\/cropped-Radio_Ljubuski_logo1.jpg","contentUrl":"https:\/\/radioljubuski.ba\/wp-content\/uploads\/2021\/02\/cropped-Radio_Ljubuski_logo1.jpg","width":512,"height":512,"caption":"Radio Ljubu\u0161ki"},"image":{"@id":"https:\/\/radioljubuski.ba\/#\/schema\/logo\/image\/"},"sameAs":["https:\/\/www.facebook.com\/Radiio-Ljubuski-1490835324566332","https:\/\/x.com\/radioljubuski","https:\/\/hr.linkedin.com\/company\/radio-ljubuski","https:\/\/www.youtube.com\/channel\/UCHYaeO_n0Db3tjNGudGpXyw"]},{"@type":"Person","@id":"https:\/\/radioljubuski.ba\/#\/schema\/person\/19fc700381a780f69665d7956c469e3b","name":"Radio Ljubu\u0161ki"}]}},"_links":{"self":[{"href":"https:\/\/radioljubuski.ba\/index.php\/wp-json\/wp\/v2\/posts\/104291","targetHints":{"allow":["GET"]}}],"collection":[{"href":"https:\/\/radioljubuski.ba\/index.php\/wp-json\/wp\/v2\/posts"}],"about":[{"href":"https:\/\/radioljubuski.ba\/index.php\/wp-json\/wp\/v2\/types\/post"}],"author":[{"embeddable":true,"href":"https:\/\/radioljubuski.ba\/index.php\/wp-json\/wp\/v2\/users\/2"}],"replies":[{"embeddable":true,"href":"https:\/\/radioljubuski.ba\/index.php\/wp-json\/wp\/v2\/comments?post=104291"}],"version-history":[{"count":1,"href":"https:\/\/radioljubuski.ba\/index.php\/wp-json\/wp\/v2\/posts\/104291\/revisions"}],"predecessor-version":[{"id":104293,"href":"https:\/\/radioljubuski.ba\/index.php\/wp-json\/wp\/v2\/posts\/104291\/revisions\/104293"}],"wp:featuredmedia":[{"embeddable":true,"href":"https:\/\/radioljubuski.ba\/index.php\/wp-json\/wp\/v2\/media\/104292"}],"wp:attachment":[{"href":"https:\/\/radioljubuski.ba\/index.php\/wp-json\/wp\/v2\/media?parent=104291"}],"wp:term":[{"taxonomy":"category","embeddable":true,"href":"https:\/\/radioljubuski.ba\/index.php\/wp-json\/wp\/v2\/categories?post=104291"},{"taxonomy":"post_tag","embeddable":true,"href":"https:\/\/radioljubuski.ba\/index.php\/wp-json\/wp\/v2\/tags?post=104291"}],"curies":[{"name":"wp","href":"https:\/\/api.w.org\/{rel}","templated":true}]}}