{"id":104305,"date":"2021-12-31T12:35:58","date_gmt":"2021-12-31T11:35:58","guid":{"rendered":"https:\/\/radioljubuski.ba\/?p=104305"},"modified":"2021-12-31T12:35:58","modified_gmt":"2021-12-31T11:35:58","slug":"kroz-zracnu-luku-mostar-u-ovoj-godini-prosla-samo-1-944-putnika","status":"publish","type":"post","link":"https:\/\/radioljubuski.ba\/index.php\/2021\/12\/31\/kroz-zracnu-luku-mostar-u-ovoj-godini-prosla-samo-1-944-putnika\/","title":{"rendered":"Kroz Zra\u010dnu luku Mostar u ovoj godini pro\u0161la samo 1.944 putnika"},"content":{"rendered":"\n<p>Kroz Zra\u010dnu luku u Mostaru u 2021. godini pro\u0161la su svega 1.944 putnika, uz 102 leta, potvrdili su iz ove institucije, te naveli da takvim rezultatima poslovanja nikako ne mogu biti zadovoljni. Nadaju se da \u0107e im 2022. biti puno uspje\u0161nija.<\/p>\n\n\n\n<p>-Godinom koja je na izmaku ne mo\u017eemo biti nimalo zadovoljni i nadamo se da \u0107e 2022. biti zna\u010dajno uspje\u0161nija \u2013 poru\u010dili su.<\/p>\n\n\n\n<p>\u0160to se ti\u010de idu\u0107e sezone, &#8220;Eurowings&#8221; je najavio letove za Dusseldorf u ljetnom vremenu i karte su ve\u0107 dostupne za kupovinu na njihovoj internet stranici.<\/p>\n\n\n\n<p>U tijeku su i pregovori s nekoliko niskotarifnih kompanija, kao i s tour operatorima koji organiziraju pakete za dolazak hodo\u010dasnika u Me\u0111ugorje, isti\u010du iz Zra\u010dne luke Mostar.&nbsp;<\/p>\n\n\n\n<p>Izvor:pogled.ba<\/p>\n","protected":false},"excerpt":{"rendered":"<p>Kroz Zra\u010dnu luku u Mostaru u 2021. godini pro\u0161la su svega 1.944 putnika, uz 102 leta, potvrdili su iz ove institucije, te naveli da takvim rezultatima poslovanja nikako ne mogu biti zadovoljni. Nadaju se da \u0107e im 2022. biti puno uspje\u0161nija. -Godinom koja je na izmaku ne mo\u017eemo biti nimalo zadovoljni i nadamo se da [&hellip;]<\/p>\n","protected":false},"author":2,"featured_media":104306,"comment_status":"closed","ping_status":"closed","sticky":false,"template":"","format":"standard","meta":{"h5ap_radio_sources":[],"footnotes":""},"categories":[1],"tags":[],"class_list":["post-104305","post","type-post","status-publish","format-standard","has-post-thumbnail","hentry","category-bihiregija"],"yoast_head":"<!-- This site is optimized with the Yoast SEO plugin v27.5 - https:\/\/yoast.com\/product\/yoast-seo-wordpress\/ -->\n<title>Kroz Zra\u010dnu luku Mostar u ovoj godini pro\u0161la samo 1.944 putnika - RADIO LJUBU\u0160KI<\/title>\n<meta name=\"robots\" content=\"index, follow, max-snippet:-1, max-image-preview:large, max-video-preview:-1\" \/>\n<link rel=\"canonical\" href=\"https:\/\/radioljubuski.ba\/index.php\/2021\/12\/31\/kroz-zracnu-luku-mostar-u-ovoj-godini-prosla-samo-1-944-putnika\/\" \/>\n<meta property=\"og:locale\" content=\"hr_HR\" \/>\n<meta property=\"og:type\" content=\"article\" \/>\n<meta property=\"og:title\" content=\"Kroz Zra\u010dnu luku Mostar u ovoj godini pro\u0161la samo 1.944 putnika - RADIO LJUBU\u0160KI\" \/>\n<meta property=\"og:description\" content=\"Kroz Zra\u010dnu luku u Mostaru u 2021. godini pro\u0161la su svega 1.944 putnika, uz 102 leta, potvrdili su iz ove institucije, te naveli da takvim rezultatima poslovanja nikako ne mogu biti zadovoljni. Nadaju se da \u0107e im 2022. biti puno uspje\u0161nija. -Godinom koja je na izmaku ne mo\u017eemo biti nimalo zadovoljni i nadamo se da [&hellip;]\" \/>\n<meta property=\"og:url\" content=\"https:\/\/radioljubuski.ba\/index.php\/2021\/12\/31\/kroz-zracnu-luku-mostar-u-ovoj-godini-prosla-samo-1-944-putnika\/\" \/>\n<meta property=\"og:site_name\" content=\"RADIO LJUBU\u0160KI\" \/>\n<meta property=\"article:publisher\" content=\"https:\/\/www.facebook.com\/Radiio-Ljubuski-1490835324566332\" \/>\n<meta property=\"article:published_time\" content=\"2021-12-31T11:35:58+00:00\" \/>\n<meta property=\"og:image\" content=\"https:\/\/radioljubuski.ba\/wp-content\/uploads\/2021\/12\/tMVO4UlP_zracna_luka_mostar.jpg\" \/>\n\t<meta property=\"og:image:width\" content=\"1000\" \/>\n\t<meta property=\"og:image:height\" content=\"625\" \/>\n\t<meta property=\"og:image:type\" content=\"image\/jpeg\" \/>\n<meta name=\"author\" content=\"Radio Ljubu\u0161ki\" \/>\n<meta name=\"twitter:card\" content=\"summary_large_image\" \/>\n<meta name=\"twitter:creator\" content=\"@radioljubuski\" \/>\n<meta name=\"twitter:site\" content=\"@radioljubuski\" \/>\n<meta name=\"twitter:label1\" content=\"Napisao\/la\" \/>\n\t<meta name=\"twitter:data1\" content=\"Radio Ljubu\u0161ki\" \/>\n\t<meta name=\"twitter:label2\" content=\"Procijenjeno vrijeme \u010ditanja\" \/>\n\t<meta name=\"twitter:data2\" content=\"1 minuta\" \/>\n<script type=\"application\/ld+json\" class=\"yoast-schema-graph\">{\"@context\":\"https:\\\/\\\/schema.org\",\"@graph\":[{\"@type\":\"Article\",\"@id\":\"https:\\\/\\\/radioljubuski.ba\\\/index.php\\\/2021\\\/12\\\/31\\\/kroz-zracnu-luku-mostar-u-ovoj-godini-prosla-samo-1-944-putnika\\\/#article\",\"isPartOf\":{\"@id\":\"https:\\\/\\\/radioljubuski.ba\\\/index.php\\\/2021\\\/12\\\/31\\\/kroz-zracnu-luku-mostar-u-ovoj-godini-prosla-samo-1-944-putnika\\\/\"},\"author\":{\"name\":\"Radio Ljubu\u0161ki\",\"@id\":\"https:\\\/\\\/radioljubuski.ba\\\/#\\\/schema\\\/person\\\/19fc700381a780f69665d7956c469e3b\"},\"headline\":\"Kroz Zra\u010dnu luku Mostar u ovoj godini pro\u0161la samo 1.944 putnika\",\"datePublished\":\"2021-12-31T11:35:58+00:00\",\"mainEntityOfPage\":{\"@id\":\"https:\\\/\\\/radioljubuski.ba\\\/index.php\\\/2021\\\/12\\\/31\\\/kroz-zracnu-luku-mostar-u-ovoj-godini-prosla-samo-1-944-putnika\\\/\"},\"wordCount\":138,\"publisher\":{\"@id\":\"https:\\\/\\\/radioljubuski.ba\\\/#organization\"},\"image\":{\"@id\":\"https:\\\/\\\/radioljubuski.ba\\\/index.php\\\/2021\\\/12\\\/31\\\/kroz-zracnu-luku-mostar-u-ovoj-godini-prosla-samo-1-944-putnika\\\/#primaryimage\"},\"thumbnailUrl\":\"https:\\\/\\\/radioljubuski.ba\\\/wp-content\\\/uploads\\\/2021\\\/12\\\/tMVO4UlP_zracna_luka_mostar.jpg\",\"articleSection\":[\"BIH i regija\"],\"inLanguage\":\"hr\"},{\"@type\":\"WebPage\",\"@id\":\"https:\\\/\\\/radioljubuski.ba\\\/index.php\\\/2021\\\/12\\\/31\\\/kroz-zracnu-luku-mostar-u-ovoj-godini-prosla-samo-1-944-putnika\\\/\",\"url\":\"https:\\\/\\\/radioljubuski.ba\\\/index.php\\\/2021\\\/12\\\/31\\\/kroz-zracnu-luku-mostar-u-ovoj-godini-prosla-samo-1-944-putnika\\\/\",\"name\":\"Kroz Zra\u010dnu luku Mostar u ovoj godini pro\u0161la samo 1.944 putnika - RADIO LJUBU\u0160KI\",\"isPartOf\":{\"@id\":\"https:\\\/\\\/radioljubuski.ba\\\/#website\"},\"primaryImageOfPage\":{\"@id\":\"https:\\\/\\\/radioljubuski.ba\\\/index.php\\\/2021\\\/12\\\/31\\\/kroz-zracnu-luku-mostar-u-ovoj-godini-prosla-samo-1-944-putnika\\\/#primaryimage\"},\"image\":{\"@id\":\"https:\\\/\\\/radioljubuski.ba\\\/index.php\\\/2021\\\/12\\\/31\\\/kroz-zracnu-luku-mostar-u-ovoj-godini-prosla-samo-1-944-putnika\\\/#primaryimage\"},\"thumbnailUrl\":\"https:\\\/\\\/radioljubuski.ba\\\/wp-content\\\/uploads\\\/2021\\\/12\\\/tMVO4UlP_zracna_luka_mostar.jpg\",\"datePublished\":\"2021-12-31T11:35:58+00:00\",\"breadcrumb\":{\"@id\":\"https:\\\/\\\/radioljubuski.ba\\\/index.php\\\/2021\\\/12\\\/31\\\/kroz-zracnu-luku-mostar-u-ovoj-godini-prosla-samo-1-944-putnika\\\/#breadcrumb\"},\"inLanguage\":\"hr\",\"potentialAction\":[{\"@type\":\"ReadAction\",\"target\":[\"https:\\\/\\\/radioljubuski.ba\\\/index.php\\\/2021\\\/12\\\/31\\\/kroz-zracnu-luku-mostar-u-ovoj-godini-prosla-samo-1-944-putnika\\\/\"]}]},{\"@type\":\"ImageObject\",\"inLanguage\":\"hr\",\"@id\":\"https:\\\/\\\/radioljubuski.ba\\\/index.php\\\/2021\\\/12\\\/31\\\/kroz-zracnu-luku-mostar-u-ovoj-godini-prosla-samo-1-944-putnika\\\/#primaryimage\",\"url\":\"https:\\\/\\\/radioljubuski.ba\\\/wp-content\\\/uploads\\\/2021\\\/12\\\/tMVO4UlP_zracna_luka_mostar.jpg\",\"contentUrl\":\"https:\\\/\\\/radioljubuski.ba\\\/wp-content\\\/uploads\\\/2021\\\/12\\\/tMVO4UlP_zracna_luka_mostar.jpg\",\"width\":1000,\"height\":625},{\"@type\":\"BreadcrumbList\",\"@id\":\"https:\\\/\\\/radioljubuski.ba\\\/index.php\\\/2021\\\/12\\\/31\\\/kroz-zracnu-luku-mostar-u-ovoj-godini-prosla-samo-1-944-putnika\\\/#breadcrumb\",\"itemListElement\":[{\"@type\":\"ListItem\",\"position\":1,\"name\":\"Po\u010detna stranica\",\"item\":\"https:\\\/\\\/radioljubuski.ba\\\/\"},{\"@type\":\"ListItem\",\"position\":2,\"name\":\"Kroz Zra\u010dnu luku Mostar u ovoj godini pro\u0161la samo 1.944 putnika\"}]},{\"@type\":\"WebSite\",\"@id\":\"https:\\\/\\\/radioljubuski.ba\\\/#website\",\"url\":\"https:\\\/\\\/radioljubuski.ba\\\/\",\"name\":\"Radio Ljubu\u0161ki\",\"description\":\"Sun\u010dana frekvencija Hercegovine\",\"publisher\":{\"@id\":\"https:\\\/\\\/radioljubuski.ba\\\/#organization\"},\"potentialAction\":[{\"@type\":\"SearchAction\",\"target\":{\"@type\":\"EntryPoint\",\"urlTemplate\":\"https:\\\/\\\/radioljubuski.ba\\\/?s={search_term_string}\"},\"query-input\":{\"@type\":\"PropertyValueSpecification\",\"valueRequired\":true,\"valueName\":\"search_term_string\"}}],\"inLanguage\":\"hr\"},{\"@type\":\"Organization\",\"@id\":\"https:\\\/\\\/radioljubuski.ba\\\/#organization\",\"name\":\"Radio Ljubu\u0161ki\",\"url\":\"https:\\\/\\\/radioljubuski.ba\\\/\",\"logo\":{\"@type\":\"ImageObject\",\"inLanguage\":\"hr\",\"@id\":\"https:\\\/\\\/radioljubuski.ba\\\/#\\\/schema\\\/logo\\\/image\\\/\",\"url\":\"https:\\\/\\\/radioljubuski.ba\\\/wp-content\\\/uploads\\\/2021\\\/02\\\/cropped-Radio_Ljubuski_logo1.jpg\",\"contentUrl\":\"https:\\\/\\\/radioljubuski.ba\\\/wp-content\\\/uploads\\\/2021\\\/02\\\/cropped-Radio_Ljubuski_logo1.jpg\",\"width\":512,\"height\":512,\"caption\":\"Radio Ljubu\u0161ki\"},\"image\":{\"@id\":\"https:\\\/\\\/radioljubuski.ba\\\/#\\\/schema\\\/logo\\\/image\\\/\"},\"sameAs\":[\"https:\\\/\\\/www.facebook.com\\\/Radiio-Ljubuski-1490835324566332\",\"https:\\\/\\\/x.com\\\/radioljubuski\",\"https:\\\/\\\/hr.linkedin.com\\\/company\\\/radio-ljubuski\",\"https:\\\/\\\/www.youtube.com\\\/channel\\\/UCHYaeO_n0Db3tjNGudGpXyw\"]},{\"@type\":\"Person\",\"@id\":\"https:\\\/\\\/radioljubuski.ba\\\/#\\\/schema\\\/person\\\/19fc700381a780f69665d7956c469e3b\",\"name\":\"Radio Ljubu\u0161ki\"}]}<\/script>\n<!-- \/ Yoast SEO plugin. -->","yoast_head_json":{"title":"Kroz Zra\u010dnu luku Mostar u ovoj godini pro\u0161la samo 1.944 putnika - RADIO LJUBU\u0160KI","robots":{"index":"index","follow":"follow","max-snippet":"max-snippet:-1","max-image-preview":"max-image-preview:large","max-video-preview":"max-video-preview:-1"},"canonical":"https:\/\/radioljubuski.ba\/index.php\/2021\/12\/31\/kroz-zracnu-luku-mostar-u-ovoj-godini-prosla-samo-1-944-putnika\/","og_locale":"hr_HR","og_type":"article","og_title":"Kroz Zra\u010dnu luku Mostar u ovoj godini pro\u0161la samo 1.944 putnika - RADIO LJUBU\u0160KI","og_description":"Kroz Zra\u010dnu luku u Mostaru u 2021. godini pro\u0161la su svega 1.944 putnika, uz 102 leta, potvrdili su iz ove institucije, te naveli da takvim rezultatima poslovanja nikako ne mogu biti zadovoljni. Nadaju se da \u0107e im 2022. biti puno uspje\u0161nija. -Godinom koja je na izmaku ne mo\u017eemo biti nimalo zadovoljni i nadamo se da [&hellip;]","og_url":"https:\/\/radioljubuski.ba\/index.php\/2021\/12\/31\/kroz-zracnu-luku-mostar-u-ovoj-godini-prosla-samo-1-944-putnika\/","og_site_name":"RADIO LJUBU\u0160KI","article_publisher":"https:\/\/www.facebook.com\/Radiio-Ljubuski-1490835324566332","article_published_time":"2021-12-31T11:35:58+00:00","og_image":[{"width":1000,"height":625,"url":"https:\/\/radioljubuski.ba\/wp-content\/uploads\/2021\/12\/tMVO4UlP_zracna_luka_mostar.jpg","type":"image\/jpeg"}],"author":"Radio Ljubu\u0161ki","twitter_card":"summary_large_image","twitter_creator":"@radioljubuski","twitter_site":"@radioljubuski","twitter_misc":{"Napisao\/la":"Radio Ljubu\u0161ki","Procijenjeno vrijeme \u010ditanja":"1 minuta"},"schema":{"@context":"https:\/\/schema.org","@graph":[{"@type":"Article","@id":"https:\/\/radioljubuski.ba\/index.php\/2021\/12\/31\/kroz-zracnu-luku-mostar-u-ovoj-godini-prosla-samo-1-944-putnika\/#article","isPartOf":{"@id":"https:\/\/radioljubuski.ba\/index.php\/2021\/12\/31\/kroz-zracnu-luku-mostar-u-ovoj-godini-prosla-samo-1-944-putnika\/"},"author":{"name":"Radio Ljubu\u0161ki","@id":"https:\/\/radioljubuski.ba\/#\/schema\/person\/19fc700381a780f69665d7956c469e3b"},"headline":"Kroz Zra\u010dnu luku Mostar u ovoj godini pro\u0161la samo 1.944 putnika","datePublished":"2021-12-31T11:35:58+00:00","mainEntityOfPage":{"@id":"https:\/\/radioljubuski.ba\/index.php\/2021\/12\/31\/kroz-zracnu-luku-mostar-u-ovoj-godini-prosla-samo-1-944-putnika\/"},"wordCount":138,"publisher":{"@id":"https:\/\/radioljubuski.ba\/#organization"},"image":{"@id":"https:\/\/radioljubuski.ba\/index.php\/2021\/12\/31\/kroz-zracnu-luku-mostar-u-ovoj-godini-prosla-samo-1-944-putnika\/#primaryimage"},"thumbnailUrl":"https:\/\/radioljubuski.ba\/wp-content\/uploads\/2021\/12\/tMVO4UlP_zracna_luka_mostar.jpg","articleSection":["BIH i regija"],"inLanguage":"hr"},{"@type":"WebPage","@id":"https:\/\/radioljubuski.ba\/index.php\/2021\/12\/31\/kroz-zracnu-luku-mostar-u-ovoj-godini-prosla-samo-1-944-putnika\/","url":"https:\/\/radioljubuski.ba\/index.php\/2021\/12\/31\/kroz-zracnu-luku-mostar-u-ovoj-godini-prosla-samo-1-944-putnika\/","name":"Kroz Zra\u010dnu luku Mostar u ovoj godini pro\u0161la samo 1.944 putnika - RADIO LJUBU\u0160KI","isPartOf":{"@id":"https:\/\/radioljubuski.ba\/#website"},"primaryImageOfPage":{"@id":"https:\/\/radioljubuski.ba\/index.php\/2021\/12\/31\/kroz-zracnu-luku-mostar-u-ovoj-godini-prosla-samo-1-944-putnika\/#primaryimage"},"image":{"@id":"https:\/\/radioljubuski.ba\/index.php\/2021\/12\/31\/kroz-zracnu-luku-mostar-u-ovoj-godini-prosla-samo-1-944-putnika\/#primaryimage"},"thumbnailUrl":"https:\/\/radioljubuski.ba\/wp-content\/uploads\/2021\/12\/tMVO4UlP_zracna_luka_mostar.jpg","datePublished":"2021-12-31T11:35:58+00:00","breadcrumb":{"@id":"https:\/\/radioljubuski.ba\/index.php\/2021\/12\/31\/kroz-zracnu-luku-mostar-u-ovoj-godini-prosla-samo-1-944-putnika\/#breadcrumb"},"inLanguage":"hr","potentialAction":[{"@type":"ReadAction","target":["https:\/\/radioljubuski.ba\/index.php\/2021\/12\/31\/kroz-zracnu-luku-mostar-u-ovoj-godini-prosla-samo-1-944-putnika\/"]}]},{"@type":"ImageObject","inLanguage":"hr","@id":"https:\/\/radioljubuski.ba\/index.php\/2021\/12\/31\/kroz-zracnu-luku-mostar-u-ovoj-godini-prosla-samo-1-944-putnika\/#primaryimage","url":"https:\/\/radioljubuski.ba\/wp-content\/uploads\/2021\/12\/tMVO4UlP_zracna_luka_mostar.jpg","contentUrl":"https:\/\/radioljubuski.ba\/wp-content\/uploads\/2021\/12\/tMVO4UlP_zracna_luka_mostar.jpg","width":1000,"height":625},{"@type":"BreadcrumbList","@id":"https:\/\/radioljubuski.ba\/index.php\/2021\/12\/31\/kroz-zracnu-luku-mostar-u-ovoj-godini-prosla-samo-1-944-putnika\/#breadcrumb","itemListElement":[{"@type":"ListItem","position":1,"name":"Po\u010detna stranica","item":"https:\/\/radioljubuski.ba\/"},{"@type":"ListItem","position":2,"name":"Kroz Zra\u010dnu luku Mostar u ovoj godini pro\u0161la samo 1.944 putnika"}]},{"@type":"WebSite","@id":"https:\/\/radioljubuski.ba\/#website","url":"https:\/\/radioljubuski.ba\/","name":"Radio Ljubu\u0161ki","description":"Sun\u010dana frekvencija Hercegovine","publisher":{"@id":"https:\/\/radioljubuski.ba\/#organization"},"potentialAction":[{"@type":"SearchAction","target":{"@type":"EntryPoint","urlTemplate":"https:\/\/radioljubuski.ba\/?s={search_term_string}"},"query-input":{"@type":"PropertyValueSpecification","valueRequired":true,"valueName":"search_term_string"}}],"inLanguage":"hr"},{"@type":"Organization","@id":"https:\/\/radioljubuski.ba\/#organization","name":"Radio Ljubu\u0161ki","url":"https:\/\/radioljubuski.ba\/","logo":{"@type":"ImageObject","inLanguage":"hr","@id":"https:\/\/radioljubuski.ba\/#\/schema\/logo\/image\/","url":"https:\/\/radioljubuski.ba\/wp-content\/uploads\/2021\/02\/cropped-Radio_Ljubuski_logo1.jpg","contentUrl":"https:\/\/radioljubuski.ba\/wp-content\/uploads\/2021\/02\/cropped-Radio_Ljubuski_logo1.jpg","width":512,"height":512,"caption":"Radio Ljubu\u0161ki"},"image":{"@id":"https:\/\/radioljubuski.ba\/#\/schema\/logo\/image\/"},"sameAs":["https:\/\/www.facebook.com\/Radiio-Ljubuski-1490835324566332","https:\/\/x.com\/radioljubuski","https:\/\/hr.linkedin.com\/company\/radio-ljubuski","https:\/\/www.youtube.com\/channel\/UCHYaeO_n0Db3tjNGudGpXyw"]},{"@type":"Person","@id":"https:\/\/radioljubuski.ba\/#\/schema\/person\/19fc700381a780f69665d7956c469e3b","name":"Radio Ljubu\u0161ki"}]}},"_links":{"self":[{"href":"https:\/\/radioljubuski.ba\/index.php\/wp-json\/wp\/v2\/posts\/104305","targetHints":{"allow":["GET"]}}],"collection":[{"href":"https:\/\/radioljubuski.ba\/index.php\/wp-json\/wp\/v2\/posts"}],"about":[{"href":"https:\/\/radioljubuski.ba\/index.php\/wp-json\/wp\/v2\/types\/post"}],"author":[{"embeddable":true,"href":"https:\/\/radioljubuski.ba\/index.php\/wp-json\/wp\/v2\/users\/2"}],"replies":[{"embeddable":true,"href":"https:\/\/radioljubuski.ba\/index.php\/wp-json\/wp\/v2\/comments?post=104305"}],"version-history":[{"count":1,"href":"https:\/\/radioljubuski.ba\/index.php\/wp-json\/wp\/v2\/posts\/104305\/revisions"}],"predecessor-version":[{"id":104307,"href":"https:\/\/radioljubuski.ba\/index.php\/wp-json\/wp\/v2\/posts\/104305\/revisions\/104307"}],"wp:featuredmedia":[{"embeddable":true,"href":"https:\/\/radioljubuski.ba\/index.php\/wp-json\/wp\/v2\/media\/104306"}],"wp:attachment":[{"href":"https:\/\/radioljubuski.ba\/index.php\/wp-json\/wp\/v2\/media?parent=104305"}],"wp:term":[{"taxonomy":"category","embeddable":true,"href":"https:\/\/radioljubuski.ba\/index.php\/wp-json\/wp\/v2\/categories?post=104305"},{"taxonomy":"post_tag","embeddable":true,"href":"https:\/\/radioljubuski.ba\/index.php\/wp-json\/wp\/v2\/tags?post=104305"}],"curies":[{"name":"wp","href":"https:\/\/api.w.org\/{rel}","templated":true}]}}