{"id":104344,"date":"2021-12-31T20:42:35","date_gmt":"2021-12-31T19:42:35","guid":{"rendered":"https:\/\/radioljubuski.ba\/?p=104344"},"modified":"2021-12-31T20:42:36","modified_gmt":"2021-12-31T19:42:36","slug":"telemach-fondacija-s-partnerima-podijelila-600-paketica-malisanima-u-bih","status":"publish","type":"post","link":"https:\/\/radioljubuski.ba\/index.php\/2021\/12\/31\/telemach-fondacija-s-partnerima-podijelila-600-paketica-malisanima-u-bih\/","title":{"rendered":"Telemach fondacija s partnerima podijelila 600 paketi\u0107a mali\u0161anima u BiH"},"content":{"rendered":"\n<p>Telemach fondacija u suradnji sa partnerima i gra\u0111anima BiH donirala je vi\u0161e od 20.000 KM za kupovinu 600 novogodi\u0161njih paketi\u0107a za dje\u010dake i djevoj\u010dice \u0161irom BiH.<\/p>\n\n\n\n<p>Slatki EON paketi\u0107i putovali su \u201eKaravanom osmjeha\u201c od 20. do 31. prosinca u okviru koje su mali\u0161ani imali priliku u\u017eivati u predstavi o Djeda mrazu, a kasnije i u dru\u017eenju sa glumcima iz Udru\u017eenja za umjetni\u010dko stvarala\u0161tvo koji su im uru\u010dili poklone.<\/p>\n\n\n\n<p>Tokom \u201eKaravane osmjeha\u201c Telemach fondacija je zajedno sa partnerima neformalnom grupom \u201eDobrotvorno tr\u010danje\u201c, \u201cDe\u010dki u plavom\u201d i Pomozi.ba obradovala djecu KJU Dom za djecu bez roditeljskog staranja Sarajevo, Bjelave JU, &nbsp;\u201cDom-porodica\u201d Zenica, &nbsp;Centar za djecu bez roditeljskog staranja \u201cDuga\u201c Kulen Vakuf, Centar za socijalni rad Konjic, Prva osnovna \u0161kola Konjic, Udru\u017eenje \u201eSnaga \u017eene\u201c Tuzla, Udru\u017eenje \u201eSpas\u201c Br\u010dko, \u201eBaby kuhinja\u201c Bratunac, Udru\u017eenje slijepih gra\u0111ana Zenica i Roditeljska ku\u0107a Sarajevo.<\/p>\n\n\n\n<p>&#8211; Sudjelovanje u ovogodi\u0161njoj filantropskoj akciji pripreme i podjele novogodi\u0161njih paketi\u0107a za djecu \u0161irom BiH nam je pri\u010dinilo veliko zadovoljstvo. Sretni smo \u0161to smo sa gra\u0111anima BiH zajedno sudjelovali u jednom velikom humanitarnom projetku koji uklju\u010divao jedan zajedni\u010dki anga\u017eman mnogo i uposlenika Telemacha, volontera ali i osoba iz partnerskih organizacija koji su svojim doprinosom i pozitivnom energijom donijeli osmijehe na lica stotine djece. Telemach fondacija je ovim projektom potvrdila svoj pravac djelovanja koji svakako vodi izgradnji dru\u0161tvene kohezije te se ovim putem zahvaljujemo svima koji su doprinijeli da se novogodi\u0161nja \u010darolija i ostvari \u2013 kazala je Maja Tursunovi\u0107, direktorica Telemach fondacije.<\/p>\n\n\n\n<p>&nbsp;<br>U okviru novogodi\u0161nje \u010darolije darivanja kompanija Telemach BH i Fondacija Telemach u Banjoj Luci su donirali i svoje Total TV servise vrti\u0107u \u201ePlavi \u010duperak\u201c &nbsp;kao i klinici za dje\u010dije bolesti UKC odjeljenje hematologije kako bi tokom praznika najmla\u0111i mogli u\u017eivati u ponudi najboljih dje\u010dijih kanalima ali i sadr\u017eajima drugih sadr\u017eaja koje Telemach BH u okviru prazni\u010dne tradicije otklju\u010dava za svoje korisnike sve do 12. sije\u010dnja 2022.<\/p>\n\n\n\n<p><br>Podjela paketi\u0107a najmla\u0111ima u BiH je zavr\u0161nica sportsko-humanitarnog projekta pod nazivom \u201eKilometri za dje\u010dije osmijehe\u201c u okviru kojeg su organizirane brojne aktivnosti tokom protekla dva mjeseca u BiH kako bi se sakupio novac za kupovinu novogodi\u0161njih paketi\u0107a za mali\u0161ane u domovima bez roditeljskog staranja i drugu djecu iz socijalno &nbsp;ugro\u017eenih obitelji. Cilj ovog uspje\u0161no realiziranog projekta je &nbsp;podizanje svijesti o aktualnim potrebama i donacijama za ranjive kategorije dru\u0161tva.<\/p>\n\n\n\n<p>Izvor:pogled.ba<\/p>\n","protected":false},"excerpt":{"rendered":"<p>Telemach fondacija u suradnji sa partnerima i gra\u0111anima BiH donirala je vi\u0161e od 20.000 KM za kupovinu 600 novogodi\u0161njih paketi\u0107a za dje\u010dake i djevoj\u010dice \u0161irom BiH. Slatki EON paketi\u0107i putovali su \u201eKaravanom osmjeha\u201c od 20. do 31. prosinca u okviru koje su mali\u0161ani imali priliku u\u017eivati u predstavi o Djeda mrazu, a kasnije i u [&hellip;]<\/p>\n","protected":false},"author":2,"featured_media":104345,"comment_status":"closed","ping_status":"closed","sticky":false,"template":"","format":"standard","meta":{"h5ap_radio_sources":[],"footnotes":""},"categories":[1],"tags":[],"class_list":["post-104344","post","type-post","status-publish","format-standard","has-post-thumbnail","hentry","category-bihiregija"],"yoast_head":"<!-- This site is optimized with the Yoast SEO plugin v27.5 - https:\/\/yoast.com\/product\/yoast-seo-wordpress\/ -->\n<title>Telemach fondacija s partnerima podijelila 600 paketi\u0107a mali\u0161anima u BiH - RADIO LJUBU\u0160KI<\/title>\n<meta name=\"robots\" content=\"index, follow, max-snippet:-1, max-image-preview:large, max-video-preview:-1\" \/>\n<link rel=\"canonical\" href=\"https:\/\/radioljubuski.ba\/index.php\/2021\/12\/31\/telemach-fondacija-s-partnerima-podijelila-600-paketica-malisanima-u-bih\/\" \/>\n<meta property=\"og:locale\" content=\"hr_HR\" \/>\n<meta property=\"og:type\" content=\"article\" \/>\n<meta property=\"og:title\" content=\"Telemach fondacija s partnerima podijelila 600 paketi\u0107a mali\u0161anima u BiH - RADIO LJUBU\u0160KI\" \/>\n<meta property=\"og:description\" content=\"Telemach fondacija u suradnji sa partnerima i gra\u0111anima BiH donirala je vi\u0161e od 20.000 KM za kupovinu 600 novogodi\u0161njih paketi\u0107a za dje\u010dake i djevoj\u010dice \u0161irom BiH. Slatki EON paketi\u0107i putovali su \u201eKaravanom osmjeha\u201c od 20. do 31. prosinca u okviru koje su mali\u0161ani imali priliku u\u017eivati u predstavi o Djeda mrazu, a kasnije i u [&hellip;]\" \/>\n<meta property=\"og:url\" content=\"https:\/\/radioljubuski.ba\/index.php\/2021\/12\/31\/telemach-fondacija-s-partnerima-podijelila-600-paketica-malisanima-u-bih\/\" \/>\n<meta property=\"og:site_name\" content=\"RADIO LJUBU\u0160KI\" \/>\n<meta property=\"article:publisher\" content=\"https:\/\/www.facebook.com\/Radiio-Ljubuski-1490835324566332\" \/>\n<meta property=\"article:published_time\" content=\"2021-12-31T19:42:35+00:00\" \/>\n<meta property=\"article:modified_time\" content=\"2021-12-31T19:42:36+00:00\" \/>\n<meta property=\"og:image\" content=\"https:\/\/radioljubuski.ba\/wp-content\/uploads\/2021\/12\/8-2021-12-31-12-34-08-_DSC5875.jpg\" \/>\n\t<meta property=\"og:image:width\" content=\"1000\" \/>\n\t<meta property=\"og:image:height\" content=\"625\" \/>\n\t<meta property=\"og:image:type\" content=\"image\/jpeg\" \/>\n<meta name=\"author\" content=\"Radio Ljubu\u0161ki\" \/>\n<meta name=\"twitter:card\" content=\"summary_large_image\" \/>\n<meta name=\"twitter:creator\" content=\"@radioljubuski\" \/>\n<meta name=\"twitter:site\" content=\"@radioljubuski\" \/>\n<meta name=\"twitter:label1\" content=\"Napisao\/la\" \/>\n\t<meta name=\"twitter:data1\" content=\"Radio Ljubu\u0161ki\" \/>\n\t<meta name=\"twitter:label2\" content=\"Procijenjeno vrijeme \u010ditanja\" \/>\n\t<meta name=\"twitter:data2\" content=\"2 minute\" \/>\n<script type=\"application\/ld+json\" class=\"yoast-schema-graph\">{\"@context\":\"https:\\\/\\\/schema.org\",\"@graph\":[{\"@type\":\"Article\",\"@id\":\"https:\\\/\\\/radioljubuski.ba\\\/index.php\\\/2021\\\/12\\\/31\\\/telemach-fondacija-s-partnerima-podijelila-600-paketica-malisanima-u-bih\\\/#article\",\"isPartOf\":{\"@id\":\"https:\\\/\\\/radioljubuski.ba\\\/index.php\\\/2021\\\/12\\\/31\\\/telemach-fondacija-s-partnerima-podijelila-600-paketica-malisanima-u-bih\\\/\"},\"author\":{\"name\":\"Radio Ljubu\u0161ki\",\"@id\":\"https:\\\/\\\/radioljubuski.ba\\\/#\\\/schema\\\/person\\\/19fc700381a780f69665d7956c469e3b\"},\"headline\":\"Telemach fondacija s partnerima podijelila 600 paketi\u0107a mali\u0161anima u BiH\",\"datePublished\":\"2021-12-31T19:42:35+00:00\",\"dateModified\":\"2021-12-31T19:42:36+00:00\",\"mainEntityOfPage\":{\"@id\":\"https:\\\/\\\/radioljubuski.ba\\\/index.php\\\/2021\\\/12\\\/31\\\/telemach-fondacija-s-partnerima-podijelila-600-paketica-malisanima-u-bih\\\/\"},\"wordCount\":438,\"publisher\":{\"@id\":\"https:\\\/\\\/radioljubuski.ba\\\/#organization\"},\"image\":{\"@id\":\"https:\\\/\\\/radioljubuski.ba\\\/index.php\\\/2021\\\/12\\\/31\\\/telemach-fondacija-s-partnerima-podijelila-600-paketica-malisanima-u-bih\\\/#primaryimage\"},\"thumbnailUrl\":\"https:\\\/\\\/radioljubuski.ba\\\/wp-content\\\/uploads\\\/2021\\\/12\\\/8-2021-12-31-12-34-08-_DSC5875.jpg\",\"articleSection\":[\"BIH i regija\"],\"inLanguage\":\"hr\"},{\"@type\":\"WebPage\",\"@id\":\"https:\\\/\\\/radioljubuski.ba\\\/index.php\\\/2021\\\/12\\\/31\\\/telemach-fondacija-s-partnerima-podijelila-600-paketica-malisanima-u-bih\\\/\",\"url\":\"https:\\\/\\\/radioljubuski.ba\\\/index.php\\\/2021\\\/12\\\/31\\\/telemach-fondacija-s-partnerima-podijelila-600-paketica-malisanima-u-bih\\\/\",\"name\":\"Telemach fondacija s partnerima podijelila 600 paketi\u0107a mali\u0161anima u BiH - RADIO LJUBU\u0160KI\",\"isPartOf\":{\"@id\":\"https:\\\/\\\/radioljubuski.ba\\\/#website\"},\"primaryImageOfPage\":{\"@id\":\"https:\\\/\\\/radioljubuski.ba\\\/index.php\\\/2021\\\/12\\\/31\\\/telemach-fondacija-s-partnerima-podijelila-600-paketica-malisanima-u-bih\\\/#primaryimage\"},\"image\":{\"@id\":\"https:\\\/\\\/radioljubuski.ba\\\/index.php\\\/2021\\\/12\\\/31\\\/telemach-fondacija-s-partnerima-podijelila-600-paketica-malisanima-u-bih\\\/#primaryimage\"},\"thumbnailUrl\":\"https:\\\/\\\/radioljubuski.ba\\\/wp-content\\\/uploads\\\/2021\\\/12\\\/8-2021-12-31-12-34-08-_DSC5875.jpg\",\"datePublished\":\"2021-12-31T19:42:35+00:00\",\"dateModified\":\"2021-12-31T19:42:36+00:00\",\"breadcrumb\":{\"@id\":\"https:\\\/\\\/radioljubuski.ba\\\/index.php\\\/2021\\\/12\\\/31\\\/telemach-fondacija-s-partnerima-podijelila-600-paketica-malisanima-u-bih\\\/#breadcrumb\"},\"inLanguage\":\"hr\",\"potentialAction\":[{\"@type\":\"ReadAction\",\"target\":[\"https:\\\/\\\/radioljubuski.ba\\\/index.php\\\/2021\\\/12\\\/31\\\/telemach-fondacija-s-partnerima-podijelila-600-paketica-malisanima-u-bih\\\/\"]}]},{\"@type\":\"ImageObject\",\"inLanguage\":\"hr\",\"@id\":\"https:\\\/\\\/radioljubuski.ba\\\/index.php\\\/2021\\\/12\\\/31\\\/telemach-fondacija-s-partnerima-podijelila-600-paketica-malisanima-u-bih\\\/#primaryimage\",\"url\":\"https:\\\/\\\/radioljubuski.ba\\\/wp-content\\\/uploads\\\/2021\\\/12\\\/8-2021-12-31-12-34-08-_DSC5875.jpg\",\"contentUrl\":\"https:\\\/\\\/radioljubuski.ba\\\/wp-content\\\/uploads\\\/2021\\\/12\\\/8-2021-12-31-12-34-08-_DSC5875.jpg\",\"width\":1000,\"height\":625},{\"@type\":\"BreadcrumbList\",\"@id\":\"https:\\\/\\\/radioljubuski.ba\\\/index.php\\\/2021\\\/12\\\/31\\\/telemach-fondacija-s-partnerima-podijelila-600-paketica-malisanima-u-bih\\\/#breadcrumb\",\"itemListElement\":[{\"@type\":\"ListItem\",\"position\":1,\"name\":\"Po\u010detna stranica\",\"item\":\"https:\\\/\\\/radioljubuski.ba\\\/\"},{\"@type\":\"ListItem\",\"position\":2,\"name\":\"Telemach fondacija s partnerima podijelila 600 paketi\u0107a mali\u0161anima u BiH\"}]},{\"@type\":\"WebSite\",\"@id\":\"https:\\\/\\\/radioljubuski.ba\\\/#website\",\"url\":\"https:\\\/\\\/radioljubuski.ba\\\/\",\"name\":\"Radio Ljubu\u0161ki\",\"description\":\"Sun\u010dana frekvencija Hercegovine\",\"publisher\":{\"@id\":\"https:\\\/\\\/radioljubuski.ba\\\/#organization\"},\"potentialAction\":[{\"@type\":\"SearchAction\",\"target\":{\"@type\":\"EntryPoint\",\"urlTemplate\":\"https:\\\/\\\/radioljubuski.ba\\\/?s={search_term_string}\"},\"query-input\":{\"@type\":\"PropertyValueSpecification\",\"valueRequired\":true,\"valueName\":\"search_term_string\"}}],\"inLanguage\":\"hr\"},{\"@type\":\"Organization\",\"@id\":\"https:\\\/\\\/radioljubuski.ba\\\/#organization\",\"name\":\"Radio Ljubu\u0161ki\",\"url\":\"https:\\\/\\\/radioljubuski.ba\\\/\",\"logo\":{\"@type\":\"ImageObject\",\"inLanguage\":\"hr\",\"@id\":\"https:\\\/\\\/radioljubuski.ba\\\/#\\\/schema\\\/logo\\\/image\\\/\",\"url\":\"https:\\\/\\\/radioljubuski.ba\\\/wp-content\\\/uploads\\\/2021\\\/02\\\/cropped-Radio_Ljubuski_logo1.jpg\",\"contentUrl\":\"https:\\\/\\\/radioljubuski.ba\\\/wp-content\\\/uploads\\\/2021\\\/02\\\/cropped-Radio_Ljubuski_logo1.jpg\",\"width\":512,\"height\":512,\"caption\":\"Radio Ljubu\u0161ki\"},\"image\":{\"@id\":\"https:\\\/\\\/radioljubuski.ba\\\/#\\\/schema\\\/logo\\\/image\\\/\"},\"sameAs\":[\"https:\\\/\\\/www.facebook.com\\\/Radiio-Ljubuski-1490835324566332\",\"https:\\\/\\\/x.com\\\/radioljubuski\",\"https:\\\/\\\/hr.linkedin.com\\\/company\\\/radio-ljubuski\",\"https:\\\/\\\/www.youtube.com\\\/channel\\\/UCHYaeO_n0Db3tjNGudGpXyw\"]},{\"@type\":\"Person\",\"@id\":\"https:\\\/\\\/radioljubuski.ba\\\/#\\\/schema\\\/person\\\/19fc700381a780f69665d7956c469e3b\",\"name\":\"Radio Ljubu\u0161ki\"}]}<\/script>\n<!-- \/ Yoast SEO plugin. -->","yoast_head_json":{"title":"Telemach fondacija s partnerima podijelila 600 paketi\u0107a mali\u0161anima u BiH - RADIO LJUBU\u0160KI","robots":{"index":"index","follow":"follow","max-snippet":"max-snippet:-1","max-image-preview":"max-image-preview:large","max-video-preview":"max-video-preview:-1"},"canonical":"https:\/\/radioljubuski.ba\/index.php\/2021\/12\/31\/telemach-fondacija-s-partnerima-podijelila-600-paketica-malisanima-u-bih\/","og_locale":"hr_HR","og_type":"article","og_title":"Telemach fondacija s partnerima podijelila 600 paketi\u0107a mali\u0161anima u BiH - RADIO LJUBU\u0160KI","og_description":"Telemach fondacija u suradnji sa partnerima i gra\u0111anima BiH donirala je vi\u0161e od 20.000 KM za kupovinu 600 novogodi\u0161njih paketi\u0107a za dje\u010dake i djevoj\u010dice \u0161irom BiH. Slatki EON paketi\u0107i putovali su \u201eKaravanom osmjeha\u201c od 20. do 31. prosinca u okviru koje su mali\u0161ani imali priliku u\u017eivati u predstavi o Djeda mrazu, a kasnije i u [&hellip;]","og_url":"https:\/\/radioljubuski.ba\/index.php\/2021\/12\/31\/telemach-fondacija-s-partnerima-podijelila-600-paketica-malisanima-u-bih\/","og_site_name":"RADIO LJUBU\u0160KI","article_publisher":"https:\/\/www.facebook.com\/Radiio-Ljubuski-1490835324566332","article_published_time":"2021-12-31T19:42:35+00:00","article_modified_time":"2021-12-31T19:42:36+00:00","og_image":[{"width":1000,"height":625,"url":"https:\/\/radioljubuski.ba\/wp-content\/uploads\/2021\/12\/8-2021-12-31-12-34-08-_DSC5875.jpg","type":"image\/jpeg"}],"author":"Radio Ljubu\u0161ki","twitter_card":"summary_large_image","twitter_creator":"@radioljubuski","twitter_site":"@radioljubuski","twitter_misc":{"Napisao\/la":"Radio Ljubu\u0161ki","Procijenjeno vrijeme \u010ditanja":"2 minute"},"schema":{"@context":"https:\/\/schema.org","@graph":[{"@type":"Article","@id":"https:\/\/radioljubuski.ba\/index.php\/2021\/12\/31\/telemach-fondacija-s-partnerima-podijelila-600-paketica-malisanima-u-bih\/#article","isPartOf":{"@id":"https:\/\/radioljubuski.ba\/index.php\/2021\/12\/31\/telemach-fondacija-s-partnerima-podijelila-600-paketica-malisanima-u-bih\/"},"author":{"name":"Radio Ljubu\u0161ki","@id":"https:\/\/radioljubuski.ba\/#\/schema\/person\/19fc700381a780f69665d7956c469e3b"},"headline":"Telemach fondacija s partnerima podijelila 600 paketi\u0107a mali\u0161anima u BiH","datePublished":"2021-12-31T19:42:35+00:00","dateModified":"2021-12-31T19:42:36+00:00","mainEntityOfPage":{"@id":"https:\/\/radioljubuski.ba\/index.php\/2021\/12\/31\/telemach-fondacija-s-partnerima-podijelila-600-paketica-malisanima-u-bih\/"},"wordCount":438,"publisher":{"@id":"https:\/\/radioljubuski.ba\/#organization"},"image":{"@id":"https:\/\/radioljubuski.ba\/index.php\/2021\/12\/31\/telemach-fondacija-s-partnerima-podijelila-600-paketica-malisanima-u-bih\/#primaryimage"},"thumbnailUrl":"https:\/\/radioljubuski.ba\/wp-content\/uploads\/2021\/12\/8-2021-12-31-12-34-08-_DSC5875.jpg","articleSection":["BIH i regija"],"inLanguage":"hr"},{"@type":"WebPage","@id":"https:\/\/radioljubuski.ba\/index.php\/2021\/12\/31\/telemach-fondacija-s-partnerima-podijelila-600-paketica-malisanima-u-bih\/","url":"https:\/\/radioljubuski.ba\/index.php\/2021\/12\/31\/telemach-fondacija-s-partnerima-podijelila-600-paketica-malisanima-u-bih\/","name":"Telemach fondacija s partnerima podijelila 600 paketi\u0107a mali\u0161anima u BiH - RADIO LJUBU\u0160KI","isPartOf":{"@id":"https:\/\/radioljubuski.ba\/#website"},"primaryImageOfPage":{"@id":"https:\/\/radioljubuski.ba\/index.php\/2021\/12\/31\/telemach-fondacija-s-partnerima-podijelila-600-paketica-malisanima-u-bih\/#primaryimage"},"image":{"@id":"https:\/\/radioljubuski.ba\/index.php\/2021\/12\/31\/telemach-fondacija-s-partnerima-podijelila-600-paketica-malisanima-u-bih\/#primaryimage"},"thumbnailUrl":"https:\/\/radioljubuski.ba\/wp-content\/uploads\/2021\/12\/8-2021-12-31-12-34-08-_DSC5875.jpg","datePublished":"2021-12-31T19:42:35+00:00","dateModified":"2021-12-31T19:42:36+00:00","breadcrumb":{"@id":"https:\/\/radioljubuski.ba\/index.php\/2021\/12\/31\/telemach-fondacija-s-partnerima-podijelila-600-paketica-malisanima-u-bih\/#breadcrumb"},"inLanguage":"hr","potentialAction":[{"@type":"ReadAction","target":["https:\/\/radioljubuski.ba\/index.php\/2021\/12\/31\/telemach-fondacija-s-partnerima-podijelila-600-paketica-malisanima-u-bih\/"]}]},{"@type":"ImageObject","inLanguage":"hr","@id":"https:\/\/radioljubuski.ba\/index.php\/2021\/12\/31\/telemach-fondacija-s-partnerima-podijelila-600-paketica-malisanima-u-bih\/#primaryimage","url":"https:\/\/radioljubuski.ba\/wp-content\/uploads\/2021\/12\/8-2021-12-31-12-34-08-_DSC5875.jpg","contentUrl":"https:\/\/radioljubuski.ba\/wp-content\/uploads\/2021\/12\/8-2021-12-31-12-34-08-_DSC5875.jpg","width":1000,"height":625},{"@type":"BreadcrumbList","@id":"https:\/\/radioljubuski.ba\/index.php\/2021\/12\/31\/telemach-fondacija-s-partnerima-podijelila-600-paketica-malisanima-u-bih\/#breadcrumb","itemListElement":[{"@type":"ListItem","position":1,"name":"Po\u010detna stranica","item":"https:\/\/radioljubuski.ba\/"},{"@type":"ListItem","position":2,"name":"Telemach fondacija s partnerima podijelila 600 paketi\u0107a mali\u0161anima u BiH"}]},{"@type":"WebSite","@id":"https:\/\/radioljubuski.ba\/#website","url":"https:\/\/radioljubuski.ba\/","name":"Radio Ljubu\u0161ki","description":"Sun\u010dana frekvencija Hercegovine","publisher":{"@id":"https:\/\/radioljubuski.ba\/#organization"},"potentialAction":[{"@type":"SearchAction","target":{"@type":"EntryPoint","urlTemplate":"https:\/\/radioljubuski.ba\/?s={search_term_string}"},"query-input":{"@type":"PropertyValueSpecification","valueRequired":true,"valueName":"search_term_string"}}],"inLanguage":"hr"},{"@type":"Organization","@id":"https:\/\/radioljubuski.ba\/#organization","name":"Radio Ljubu\u0161ki","url":"https:\/\/radioljubuski.ba\/","logo":{"@type":"ImageObject","inLanguage":"hr","@id":"https:\/\/radioljubuski.ba\/#\/schema\/logo\/image\/","url":"https:\/\/radioljubuski.ba\/wp-content\/uploads\/2021\/02\/cropped-Radio_Ljubuski_logo1.jpg","contentUrl":"https:\/\/radioljubuski.ba\/wp-content\/uploads\/2021\/02\/cropped-Radio_Ljubuski_logo1.jpg","width":512,"height":512,"caption":"Radio Ljubu\u0161ki"},"image":{"@id":"https:\/\/radioljubuski.ba\/#\/schema\/logo\/image\/"},"sameAs":["https:\/\/www.facebook.com\/Radiio-Ljubuski-1490835324566332","https:\/\/x.com\/radioljubuski","https:\/\/hr.linkedin.com\/company\/radio-ljubuski","https:\/\/www.youtube.com\/channel\/UCHYaeO_n0Db3tjNGudGpXyw"]},{"@type":"Person","@id":"https:\/\/radioljubuski.ba\/#\/schema\/person\/19fc700381a780f69665d7956c469e3b","name":"Radio Ljubu\u0161ki"}]}},"_links":{"self":[{"href":"https:\/\/radioljubuski.ba\/index.php\/wp-json\/wp\/v2\/posts\/104344","targetHints":{"allow":["GET"]}}],"collection":[{"href":"https:\/\/radioljubuski.ba\/index.php\/wp-json\/wp\/v2\/posts"}],"about":[{"href":"https:\/\/radioljubuski.ba\/index.php\/wp-json\/wp\/v2\/types\/post"}],"author":[{"embeddable":true,"href":"https:\/\/radioljubuski.ba\/index.php\/wp-json\/wp\/v2\/users\/2"}],"replies":[{"embeddable":true,"href":"https:\/\/radioljubuski.ba\/index.php\/wp-json\/wp\/v2\/comments?post=104344"}],"version-history":[{"count":1,"href":"https:\/\/radioljubuski.ba\/index.php\/wp-json\/wp\/v2\/posts\/104344\/revisions"}],"predecessor-version":[{"id":104346,"href":"https:\/\/radioljubuski.ba\/index.php\/wp-json\/wp\/v2\/posts\/104344\/revisions\/104346"}],"wp:featuredmedia":[{"embeddable":true,"href":"https:\/\/radioljubuski.ba\/index.php\/wp-json\/wp\/v2\/media\/104345"}],"wp:attachment":[{"href":"https:\/\/radioljubuski.ba\/index.php\/wp-json\/wp\/v2\/media?parent=104344"}],"wp:term":[{"taxonomy":"category","embeddable":true,"href":"https:\/\/radioljubuski.ba\/index.php\/wp-json\/wp\/v2\/categories?post=104344"},{"taxonomy":"post_tag","embeddable":true,"href":"https:\/\/radioljubuski.ba\/index.php\/wp-json\/wp\/v2\/tags?post=104344"}],"curies":[{"name":"wp","href":"https:\/\/api.w.org\/{rel}","templated":true}]}}