{"id":104353,"date":"2021-12-31T20:47:59","date_gmt":"2021-12-31T19:47:59","guid":{"rendered":"https:\/\/radioljubuski.ba\/?p=104353"},"modified":"2021-12-31T20:48:00","modified_gmt":"2021-12-31T19:48:00","slug":"baka-sliskovic-veseli-me-dominacija-zrinjskog-u-prvenstvu-bih","status":"publish","type":"post","link":"https:\/\/radioljubuski.ba\/index.php\/2021\/12\/31\/baka-sliskovic-veseli-me-dominacija-zrinjskog-u-prvenstvu-bih\/","title":{"rendered":"Baka Sli\u0161kovi\u0107: Veseli me dominacija Zrinjskog u prvenstvu BiH"},"content":{"rendered":"\n<p>Legenda hrvatskog i bosanskohercegova\u010dkog nogometa, 62-godi\u0161nji nogometni artist Bla\u017e Sli\u0161kovi\u0107, pozorno je ove godine pratio Kutiju \u0161ibica. Razveselio ga je naslov njegovih Mostaraca, ali povukao ga je u nostalgiju&#8230; &nbsp;<\/p>\n\n\n\n<p>\u2013 Krajem 70-ih, na poziv prijatelja Jure Buri\u0107a, prvi sam put nastupio na Kutiji, i to za mom\u010dad Kaj. Potom sam zaigrao i za Mostarske ki\u0161e, pobjednike iz 1979., a 1995. Kutiju sam osvojio sa Secom iz \u0160irokog Brijega \u2013 prisjetio se Sli\u0161kovi\u0107.<\/p>\n\n\n\n<p>&nbsp;Okrenuli smo se izboru za nogometa\u0161a godine, u kojemu se, ka\u017ee Sli\u0161kovi\u0107, vodio mi\u0161lju da honorira u\u010dinak ne samo igra\u010da nego i klubova. Kada smo mu spomenuli kako Luka Modri\u0107 u 2021. godini s Realom nije osvojio nijedan trofej, Sli\u0161kovi\u0107 se nije pokolebao oko igra\u010da godine. &nbsp;Hajduk napokon pogodio<\/p>\n\n\n\n<p>&nbsp;\u2013 Luka Modri\u0107 je nogometa\u0161 bez kojega hrvatska reprezentacija nije ista, a posebno fascinira \u010dinjenica da on u 37. godini demonstrira kvalitetu kakvu u toj dobi te\u0161ko mo\u017ee dosegnuti rijetko koji igra\u010d. Luka je i dalje jedan od najva\u017enijih igra\u010da Reala, a s reprezentacijom je ponovno ostvario plasman na SP \u2013 isti\u010de Sli\u0161kovi\u0107 za&nbsp;<a href=\"https:\/\/www.vecernji.ba\/sport\/baka-sliskovic-veseli-me-dominacija-zrinjskog-u-prvenstvu-bih-1551781\" target=\"_blank\" rel=\"noreferrer noopener\">Ve\u010dernji list.<\/a><\/p>\n\n\n\n<p><strong>Ka\u017eete da reprezentacija s njim i bez njega nije ista. Brine li vas kako \u0107e Hrvatska izgledati bez Modri\u0107a?<\/strong><\/p>\n\n\n\n<p>&nbsp;\u2013 Ne brinem se jer ima nogometa\u0161a koji mogu preuzeti njegovu ulogu. Evo, na primjer, Marcelo Brozovi\u0107, jer obi\u010daj je da vo\u0111a mom\u010dadi bude igra\u010d sredine terena. Iako Brozovi\u0107a nisam uvrstio me\u0111u desetoricu najboljih, \u017eele\u0107i nagraditi svijetlu budu\u0107nost hrvatskog nogometa Biuka i Gvardiola, Brozovi\u0107a iznimno cijenim, ne samo kao izvrsnoga igra\u010da nego i kao momka liderskih sposobnosti \u2013 ka\u017ee Sli\u0161kovi\u0107. &nbsp;<\/p>\n\n\n\n<p><strong>Kova\u010di\u0107 je svoje mjesto me\u0111u desetoricom odabranih na\u0161ao kao europski prvak, dok su Or\u0161i\u0107 i Livaja za Sli\u0161kovi\u0107a blistavi izdanci Hrvatske lige.<\/strong><\/p>\n\n\n\n<p>&nbsp;\u2013 Or\u0161i\u0107 me jako ugodno iznenadio. U Europi je bio izvanredan, postigao je neke prekrasne golove, a mo\u017ee jo\u0161 puno toga dati \u2013 ka\u017ee Sli\u0161kovi\u0107. &nbsp;<\/p>\n\n\n\n<p><strong>Godina je pro\u0161la u znaku Marka Livaje, \u010dije su izvedbe u dresu Hajduka bile fenomenalne. No, za\u0161to Livaja, tako mo\u0107an i talentiran, nije napravio veliku karijeru u inozemstvu? &nbsp;<\/strong><\/p>\n\n\n\n<p>\u2013 Livajina kvaliteta nesporna je. Primanje lopte, tehnika, lijeva, desna noga, osje\u0107aj za suradnju&#8230; to se ne mo\u017ee nau\u010diti, s tim se ra\u0111a\u0161. E sad, za\u0161to sve to u punom obimu nije iskazao vani? O\u010dito je svugdje ne\u0161to nedostajalo, a u Hajduku to ima; okru\u017eenje u svla\u010dionici, potporu navija\u010da, ozra\u010dje oko kluba. Ba\u0161 mi je drago da je sve \u0161to Livaja ima eksplodiralo ba\u0161 u Hajduku. I da se napokon pogodilo s jednim poja\u010danjem, jer 80 posto igra\u010da-stranaca koji su dolazili u Hajduk bili su proma\u0161aji \u2013 nastavlja Sli\u0161kovi\u0107.<\/p>\n\n\n\n<p><strong>&nbsp;Me\u0111u desetoricom je doju\u010dera\u0161nji Osje\u010danin Petar Bo\u010dkaj.<\/strong><\/p>\n\n\n\n<p>&nbsp;\u2013 Cijenim Bo\u010dkaja, ima dobar radijus kretanja, tehni\u010dki je potkovan, osje\u0107a igru, ima odli\u010dan \u0161ut&#8230; On je obilje\u017eio Osijekovu sjajnu godinu.<\/p>\n\n\n\n<p><strong>&nbsp;Je li Bo\u010dkajev prelazak u Dinamo te\u017eak udarac za Osijek?<\/strong><\/p>\n\n\n\n<p>&nbsp;\u2013 Da, sna\u017ean je to udarac za Osijek, odnosno potez koji \u0107e zorno prikazati tko vlada Hrvatskom ligom. To je Dinamov takti\u010dki potez kojim \u0107e se svjesno oslabiti velikoga suparnika u borbi za naslov prvaka, a pitanje je je li Bo\u010dkaj u ovom trenutku ba\u0161 toliko u igra\u010dkom smislu neophodan Dinamu \u2013 isti\u010de Sli\u0161kovi\u0107. &nbsp;<\/p>\n\n\n\n<p><strong>Dinamo je favorit za titulu?<\/strong><\/p>\n\n\n\n<p>&nbsp;\u2013 Da, Dinamo je favorit, premda bih najvi\u0161e volio da prvak bude Hajduk. Ne podcjenjujem pritom Osijek i Rijeku, smatram kako su oba kluba ozbiljni kandidati za titulu i kako \u0107e utrka biti neizvjesna do kraja. Bilo bi dobro da netko &#8216;presije\u010de&#8217; dominaciju Dinama.<\/p>\n\n\n\n<p><strong>&nbsp;Kako gledate na dominaciju Zrinjskog u prvenstvu BiH?<\/strong><\/p>\n\n\n\n<p>&nbsp;\u2013 Veseli me to, kao \u0161to mi je drago vidjeti pristup igra\u010da Zrinjskog, presing na kojemu inzistira trener Jakirovi\u0107. Ali ne \u017eele\u0107i umanjiti zaslu\u017eenost prvoga mjesta Zrinjskog, tih 12 bodova prednosti ispred prvog pratitelja dokaz je i slabosti konkurencije. Kvaliteta klubova u Premijer ligi BiH nije na visokoj razini \u2013 ka\u017ee Sli\u0161kovi\u0107. &nbsp;<\/p>\n\n\n\n<p>Vratili smo se nakratko u pro\u0161lost.<\/p>\n\n\n\n<p><strong>Bili ste izvanserijski nogometa\u0161, a u riznici nemate nijedan naslov prvaka. \u017dalite li za tim?<\/strong><\/p>\n\n\n\n<p>&nbsp;\u2013 Naravno da mi je \u017eao, osobito mi je \u017eao \u0161to to nisam do\u017eivio u Hajduku. Moja generacija, u kojoj su bili bra\u0107a Vujovi\u0107, Gudelj, \u0106eli\u0107, Prekazi, Ro\u017ei\u0107, Simovi\u0107, Pe\u0161i\u0107&#8230;, 1982. godine izgubila je utrku s Dinamom, a 1985. godine trebali smo biti prvaci bore\u0107i se za naslov prvaka sa Sarajevom. U na\u0161em me\u0111usobnom susretu u Splitu bilo je 0:0, a moj Mostarac, pomo\u0107ni sudac Kalajd\u017ei\u0107, poni\u0161tio nam je regularan pogodak. Da smo u toj utakmici pobijedili, naslov prvaka ne bi nam izmaknuo \u2013 prisje\u0107a se Sli\u0161kovi\u0107. &nbsp;<\/p>\n\n\n\n<p><strong>Kada danas gledate utakmice, kojega biste si igra\u010da po\u017eeljeli za suigra\u010da u svome vremenu?<\/strong><\/p>\n\n\n\n<p>&nbsp;\u2013 I tada i danas bio je to samo jedan: Zlatko Vujovi\u0107. Nas dvojica slagali smo se na terenu zatvorenih o\u010diju. Zlatko je imao nevjerojatne fizi\u010dke predispozicije, osje\u0107aj za ulazak u prostor&#8230; Imao je mo\u017eda ne\u0161to slabiju realizaciju, jer on je od deset \u0161ansi realizirao mo\u017eda pet, a dana\u0161nji vrhunski golgeteri zabijaju bar sedam, Me\u0111utim, Zlatko bi se na\u0161ao u 20 situacija za gol, a ovi danas u 12-13. Zlatko iz onoga vremena bio bi zvijezda i u dana\u0161njemu \u2013 dodaje Sli\u0161kovi\u0107.<\/p>\n\n\n\n<p>&nbsp;Bla\u017e danas \u017eivi u Mostaru, povremeno odlazi na Hajdukove utakmice, bio je nedavno u Splitu na spektaklu Hrvatska \u2013 Rusija. U slobodno vrijeme bavi se 9-godi\u0161njim unukom Ilanom, sinom svoje k\u0107eri Hane, dok mu drugi unuk, 8-godi\u0161nji Aleksandar, \u017eivi u Sankt Peterburgu. Tamo se Sli\u0161kovi\u0107ev sin Vladimir o\u017eenio Ruskinjom Irinom. &nbsp;<\/p>\n\n\n\n<p>\u2013 U braku su deset godina. Sin je zavr\u0161io za trenera, ima licencu Uefa Pro, a u Sankt Peterburgu \u010desto se dru\u017ei s Dejanom Lovrenom \u2013 zaklju\u010dio je Bla\u017e Sli\u0161kovi\u0107. &nbsp;<\/p>\n\n\n\n<p><strong>Boem postao legenda<\/strong><\/p>\n\n\n\n<p>&nbsp;Bla\u017e Sli\u0161kovi\u0107 ro\u0111en je 30. svibnja &nbsp;1959. godine u Mostaru. Karijeru je &nbsp;po\u010deo 1976. godine u Vele\u017eu, s kojim &nbsp;je 1981. osvojio Kup Jugoslavije. U &nbsp;Hajduku je od 1981. do 1986. odigrao &nbsp;198 slu\u017ebenih utakmica i postigao 31 &nbsp;pogodak. Iako je s Hajdukom osvojio &nbsp;samo jedan trofej, Kup 1984. godine, &nbsp;taj je nenadma\u0161ni virtuoz i boem &nbsp;ostao upam\u0107en kao jedan od najve\u0107ih &nbsp;nogometa\u0161a bijelih svih vremena. &nbsp; Godine 1985. u izboru Ve\u010dernjeg &nbsp;lista progla\u0161en je nogometa\u0161em &nbsp;godine. Jo\u0161 je igrao za Marseille, Pescaru, Lens, Mulhouse, Rennes, &nbsp;Hrvatski dragovoljac i Zrinjski. Za &nbsp;reprezentaciju Jugoslavije ima 26 &nbsp;nastupa i tri pogotka. Kao trener ima &nbsp;dva naslova prvaka sa Zrinjskim, &nbsp;2017. i 2018. godine.<\/p>\n\n\n\n<p>Me\u0111u ostalim bio &nbsp;je izbornik reprezentacije BiH (2002. \u2013 2006.) te trener Hajduka u sezoni 2004.\/2005.<\/p>\n\n\n\n<p>&nbsp;Sli\u0161kovi\u0107evih deset &nbsp;<\/p>\n\n\n\n<p>1. Luka Modri\u0107 (Real Madrid) 10<\/p>\n\n\n\n<p>&nbsp;2. Mateo Kova\u010di\u0107 (Chelsea) 9 &nbsp;<\/p>\n\n\n\n<p>3. Ivan Peri\u0161i\u0107 (Inter) 8 &nbsp;<\/p>\n\n\n\n<p>4. Mislav Or\u0161i\u0107 (Dinamo) 7<\/p>\n\n\n\n<p>5. Marko Livaja (Hajduk) 6 &nbsp;<\/p>\n\n\n\n<p>6. Dejan Lovren (Zenit) 5 &nbsp;<\/p>\n\n\n\n<p>7. Bruno Petkovi\u0107 (Dinamo) 4 &nbsp;<\/p>\n\n\n\n<p>8. Jo\u0161ko Gvardiol (Dinamo, RB Leipzig) 3 &nbsp;<\/p>\n\n\n\n<p>9. Stipe Biuk (Hajduk) 2 &nbsp;<\/p>\n\n\n\n<p>10. Petar Bo\u010dkaj (Osijek)<\/p>\n\n\n\n<p>Izvor:vecernji.ba<\/p>\n","protected":false},"excerpt":{"rendered":"<p>Legenda hrvatskog i bosanskohercegova\u010dkog nogometa, 62-godi\u0161nji nogometni artist Bla\u017e Sli\u0161kovi\u0107, pozorno je ove godine pratio Kutiju \u0161ibica. Razveselio ga je naslov njegovih Mostaraca, ali povukao ga je u nostalgiju&#8230; &nbsp; \u2013 Krajem 70-ih, na poziv prijatelja Jure Buri\u0107a, prvi sam put nastupio na Kutiji, i to za mom\u010dad Kaj. Potom sam zaigrao i za Mostarske [&hellip;]<\/p>\n","protected":false},"author":2,"featured_media":104354,"comment_status":"closed","ping_status":"closed","sticky":false,"template":"","format":"standard","meta":{"h5ap_radio_sources":[],"footnotes":""},"categories":[7],"tags":[],"class_list":["post-104353","post","type-post","status-publish","format-standard","has-post-thumbnail","hentry","category-sport"],"yoast_head":"<!-- This site is optimized with the Yoast SEO plugin v27.4 - https:\/\/yoast.com\/product\/yoast-seo-wordpress\/ -->\n<title>Baka Sli\u0161kovi\u0107: Veseli me dominacija Zrinjskog u prvenstvu BiH - RADIO LJUBU\u0160KI<\/title>\n<meta name=\"robots\" content=\"index, follow, max-snippet:-1, max-image-preview:large, max-video-preview:-1\" \/>\n<link rel=\"canonical\" href=\"https:\/\/radioljubuski.ba\/index.php\/2021\/12\/31\/baka-sliskovic-veseli-me-dominacija-zrinjskog-u-prvenstvu-bih\/\" \/>\n<meta property=\"og:locale\" content=\"hr_HR\" \/>\n<meta property=\"og:type\" content=\"article\" \/>\n<meta property=\"og:title\" content=\"Baka Sli\u0161kovi\u0107: Veseli me dominacija Zrinjskog u prvenstvu BiH - RADIO LJUBU\u0160KI\" \/>\n<meta property=\"og:description\" content=\"Legenda hrvatskog i bosanskohercegova\u010dkog nogometa, 62-godi\u0161nji nogometni artist Bla\u017e Sli\u0161kovi\u0107, pozorno je ove godine pratio Kutiju \u0161ibica. Razveselio ga je naslov njegovih Mostaraca, ali povukao ga je u nostalgiju&#8230; &nbsp; \u2013 Krajem 70-ih, na poziv prijatelja Jure Buri\u0107a, prvi sam put nastupio na Kutiji, i to za mom\u010dad Kaj. Potom sam zaigrao i za Mostarske [&hellip;]\" \/>\n<meta property=\"og:url\" content=\"https:\/\/radioljubuski.ba\/index.php\/2021\/12\/31\/baka-sliskovic-veseli-me-dominacija-zrinjskog-u-prvenstvu-bih\/\" \/>\n<meta property=\"og:site_name\" content=\"RADIO LJUBU\u0160KI\" \/>\n<meta property=\"article:publisher\" content=\"https:\/\/www.facebook.com\/Radiio-Ljubuski-1490835324566332\" \/>\n<meta property=\"article:published_time\" content=\"2021-12-31T19:47:59+00:00\" \/>\n<meta property=\"article:modified_time\" content=\"2021-12-31T19:48:00+00:00\" \/>\n<meta property=\"og:image\" content=\"https:\/\/radioljubuski.ba\/wp-content\/uploads\/2021\/12\/8-2021-12-31-16-01-40-baka-681x422-1.jpg\" \/>\n\t<meta property=\"og:image:width\" content=\"1000\" \/>\n\t<meta property=\"og:image:height\" content=\"625\" \/>\n\t<meta property=\"og:image:type\" content=\"image\/jpeg\" \/>\n<meta name=\"author\" content=\"Radio Ljubu\u0161ki\" \/>\n<meta name=\"twitter:card\" content=\"summary_large_image\" \/>\n<meta name=\"twitter:creator\" content=\"@radioljubuski\" \/>\n<meta name=\"twitter:site\" content=\"@radioljubuski\" \/>\n<meta name=\"twitter:label1\" content=\"Napisao\/la\" \/>\n\t<meta name=\"twitter:data1\" content=\"Radio Ljubu\u0161ki\" \/>\n\t<meta name=\"twitter:label2\" content=\"Procijenjeno vrijeme \u010ditanja\" \/>\n\t<meta name=\"twitter:data2\" content=\"5 minuta\" \/>\n<script type=\"application\/ld+json\" class=\"yoast-schema-graph\">{\"@context\":\"https:\\\/\\\/schema.org\",\"@graph\":[{\"@type\":\"Article\",\"@id\":\"https:\\\/\\\/radioljubuski.ba\\\/index.php\\\/2021\\\/12\\\/31\\\/baka-sliskovic-veseli-me-dominacija-zrinjskog-u-prvenstvu-bih\\\/#article\",\"isPartOf\":{\"@id\":\"https:\\\/\\\/radioljubuski.ba\\\/index.php\\\/2021\\\/12\\\/31\\\/baka-sliskovic-veseli-me-dominacija-zrinjskog-u-prvenstvu-bih\\\/\"},\"author\":{\"name\":\"Radio Ljubu\u0161ki\",\"@id\":\"https:\\\/\\\/radioljubuski.ba\\\/#\\\/schema\\\/person\\\/19fc700381a780f69665d7956c469e3b\"},\"headline\":\"Baka Sli\u0161kovi\u0107: Veseli me dominacija Zrinjskog u prvenstvu BiH\",\"datePublished\":\"2021-12-31T19:47:59+00:00\",\"dateModified\":\"2021-12-31T19:48:00+00:00\",\"mainEntityOfPage\":{\"@id\":\"https:\\\/\\\/radioljubuski.ba\\\/index.php\\\/2021\\\/12\\\/31\\\/baka-sliskovic-veseli-me-dominacija-zrinjskog-u-prvenstvu-bih\\\/\"},\"wordCount\":1233,\"publisher\":{\"@id\":\"https:\\\/\\\/radioljubuski.ba\\\/#organization\"},\"image\":{\"@id\":\"https:\\\/\\\/radioljubuski.ba\\\/index.php\\\/2021\\\/12\\\/31\\\/baka-sliskovic-veseli-me-dominacija-zrinjskog-u-prvenstvu-bih\\\/#primaryimage\"},\"thumbnailUrl\":\"https:\\\/\\\/radioljubuski.ba\\\/wp-content\\\/uploads\\\/2021\\\/12\\\/8-2021-12-31-16-01-40-baka-681x422-1.jpg\",\"articleSection\":[\"\u0160port\"],\"inLanguage\":\"hr\"},{\"@type\":\"WebPage\",\"@id\":\"https:\\\/\\\/radioljubuski.ba\\\/index.php\\\/2021\\\/12\\\/31\\\/baka-sliskovic-veseli-me-dominacija-zrinjskog-u-prvenstvu-bih\\\/\",\"url\":\"https:\\\/\\\/radioljubuski.ba\\\/index.php\\\/2021\\\/12\\\/31\\\/baka-sliskovic-veseli-me-dominacija-zrinjskog-u-prvenstvu-bih\\\/\",\"name\":\"Baka Sli\u0161kovi\u0107: Veseli me dominacija Zrinjskog u prvenstvu BiH - RADIO LJUBU\u0160KI\",\"isPartOf\":{\"@id\":\"https:\\\/\\\/radioljubuski.ba\\\/#website\"},\"primaryImageOfPage\":{\"@id\":\"https:\\\/\\\/radioljubuski.ba\\\/index.php\\\/2021\\\/12\\\/31\\\/baka-sliskovic-veseli-me-dominacija-zrinjskog-u-prvenstvu-bih\\\/#primaryimage\"},\"image\":{\"@id\":\"https:\\\/\\\/radioljubuski.ba\\\/index.php\\\/2021\\\/12\\\/31\\\/baka-sliskovic-veseli-me-dominacija-zrinjskog-u-prvenstvu-bih\\\/#primaryimage\"},\"thumbnailUrl\":\"https:\\\/\\\/radioljubuski.ba\\\/wp-content\\\/uploads\\\/2021\\\/12\\\/8-2021-12-31-16-01-40-baka-681x422-1.jpg\",\"datePublished\":\"2021-12-31T19:47:59+00:00\",\"dateModified\":\"2021-12-31T19:48:00+00:00\",\"breadcrumb\":{\"@id\":\"https:\\\/\\\/radioljubuski.ba\\\/index.php\\\/2021\\\/12\\\/31\\\/baka-sliskovic-veseli-me-dominacija-zrinjskog-u-prvenstvu-bih\\\/#breadcrumb\"},\"inLanguage\":\"hr\",\"potentialAction\":[{\"@type\":\"ReadAction\",\"target\":[\"https:\\\/\\\/radioljubuski.ba\\\/index.php\\\/2021\\\/12\\\/31\\\/baka-sliskovic-veseli-me-dominacija-zrinjskog-u-prvenstvu-bih\\\/\"]}]},{\"@type\":\"ImageObject\",\"inLanguage\":\"hr\",\"@id\":\"https:\\\/\\\/radioljubuski.ba\\\/index.php\\\/2021\\\/12\\\/31\\\/baka-sliskovic-veseli-me-dominacija-zrinjskog-u-prvenstvu-bih\\\/#primaryimage\",\"url\":\"https:\\\/\\\/radioljubuski.ba\\\/wp-content\\\/uploads\\\/2021\\\/12\\\/8-2021-12-31-16-01-40-baka-681x422-1.jpg\",\"contentUrl\":\"https:\\\/\\\/radioljubuski.ba\\\/wp-content\\\/uploads\\\/2021\\\/12\\\/8-2021-12-31-16-01-40-baka-681x422-1.jpg\",\"width\":1000,\"height\":625},{\"@type\":\"BreadcrumbList\",\"@id\":\"https:\\\/\\\/radioljubuski.ba\\\/index.php\\\/2021\\\/12\\\/31\\\/baka-sliskovic-veseli-me-dominacija-zrinjskog-u-prvenstvu-bih\\\/#breadcrumb\",\"itemListElement\":[{\"@type\":\"ListItem\",\"position\":1,\"name\":\"Po\u010detna stranica\",\"item\":\"https:\\\/\\\/radioljubuski.ba\\\/\"},{\"@type\":\"ListItem\",\"position\":2,\"name\":\"Baka Sli\u0161kovi\u0107: Veseli me dominacija Zrinjskog u prvenstvu BiH\"}]},{\"@type\":\"WebSite\",\"@id\":\"https:\\\/\\\/radioljubuski.ba\\\/#website\",\"url\":\"https:\\\/\\\/radioljubuski.ba\\\/\",\"name\":\"Radio Ljubu\u0161ki\",\"description\":\"Sun\u010dana frekvencija Hercegovine\",\"publisher\":{\"@id\":\"https:\\\/\\\/radioljubuski.ba\\\/#organization\"},\"potentialAction\":[{\"@type\":\"SearchAction\",\"target\":{\"@type\":\"EntryPoint\",\"urlTemplate\":\"https:\\\/\\\/radioljubuski.ba\\\/?s={search_term_string}\"},\"query-input\":{\"@type\":\"PropertyValueSpecification\",\"valueRequired\":true,\"valueName\":\"search_term_string\"}}],\"inLanguage\":\"hr\"},{\"@type\":\"Organization\",\"@id\":\"https:\\\/\\\/radioljubuski.ba\\\/#organization\",\"name\":\"Radio Ljubu\u0161ki\",\"url\":\"https:\\\/\\\/radioljubuski.ba\\\/\",\"logo\":{\"@type\":\"ImageObject\",\"inLanguage\":\"hr\",\"@id\":\"https:\\\/\\\/radioljubuski.ba\\\/#\\\/schema\\\/logo\\\/image\\\/\",\"url\":\"https:\\\/\\\/radioljubuski.ba\\\/wp-content\\\/uploads\\\/2021\\\/02\\\/cropped-Radio_Ljubuski_logo1.jpg\",\"contentUrl\":\"https:\\\/\\\/radioljubuski.ba\\\/wp-content\\\/uploads\\\/2021\\\/02\\\/cropped-Radio_Ljubuski_logo1.jpg\",\"width\":512,\"height\":512,\"caption\":\"Radio Ljubu\u0161ki\"},\"image\":{\"@id\":\"https:\\\/\\\/radioljubuski.ba\\\/#\\\/schema\\\/logo\\\/image\\\/\"},\"sameAs\":[\"https:\\\/\\\/www.facebook.com\\\/Radiio-Ljubuski-1490835324566332\",\"https:\\\/\\\/x.com\\\/radioljubuski\",\"https:\\\/\\\/hr.linkedin.com\\\/company\\\/radio-ljubuski\",\"https:\\\/\\\/www.youtube.com\\\/channel\\\/UCHYaeO_n0Db3tjNGudGpXyw\"]},{\"@type\":\"Person\",\"@id\":\"https:\\\/\\\/radioljubuski.ba\\\/#\\\/schema\\\/person\\\/19fc700381a780f69665d7956c469e3b\",\"name\":\"Radio Ljubu\u0161ki\"}]}<\/script>\n<!-- \/ Yoast SEO plugin. -->","yoast_head_json":{"title":"Baka Sli\u0161kovi\u0107: Veseli me dominacija Zrinjskog u prvenstvu BiH - RADIO LJUBU\u0160KI","robots":{"index":"index","follow":"follow","max-snippet":"max-snippet:-1","max-image-preview":"max-image-preview:large","max-video-preview":"max-video-preview:-1"},"canonical":"https:\/\/radioljubuski.ba\/index.php\/2021\/12\/31\/baka-sliskovic-veseli-me-dominacija-zrinjskog-u-prvenstvu-bih\/","og_locale":"hr_HR","og_type":"article","og_title":"Baka Sli\u0161kovi\u0107: Veseli me dominacija Zrinjskog u prvenstvu BiH - RADIO LJUBU\u0160KI","og_description":"Legenda hrvatskog i bosanskohercegova\u010dkog nogometa, 62-godi\u0161nji nogometni artist Bla\u017e Sli\u0161kovi\u0107, pozorno je ove godine pratio Kutiju \u0161ibica. Razveselio ga je naslov njegovih Mostaraca, ali povukao ga je u nostalgiju&#8230; &nbsp; \u2013 Krajem 70-ih, na poziv prijatelja Jure Buri\u0107a, prvi sam put nastupio na Kutiji, i to za mom\u010dad Kaj. Potom sam zaigrao i za Mostarske [&hellip;]","og_url":"https:\/\/radioljubuski.ba\/index.php\/2021\/12\/31\/baka-sliskovic-veseli-me-dominacija-zrinjskog-u-prvenstvu-bih\/","og_site_name":"RADIO LJUBU\u0160KI","article_publisher":"https:\/\/www.facebook.com\/Radiio-Ljubuski-1490835324566332","article_published_time":"2021-12-31T19:47:59+00:00","article_modified_time":"2021-12-31T19:48:00+00:00","og_image":[{"width":1000,"height":625,"url":"https:\/\/radioljubuski.ba\/wp-content\/uploads\/2021\/12\/8-2021-12-31-16-01-40-baka-681x422-1.jpg","type":"image\/jpeg"}],"author":"Radio Ljubu\u0161ki","twitter_card":"summary_large_image","twitter_creator":"@radioljubuski","twitter_site":"@radioljubuski","twitter_misc":{"Napisao\/la":"Radio Ljubu\u0161ki","Procijenjeno vrijeme \u010ditanja":"5 minuta"},"schema":{"@context":"https:\/\/schema.org","@graph":[{"@type":"Article","@id":"https:\/\/radioljubuski.ba\/index.php\/2021\/12\/31\/baka-sliskovic-veseli-me-dominacija-zrinjskog-u-prvenstvu-bih\/#article","isPartOf":{"@id":"https:\/\/radioljubuski.ba\/index.php\/2021\/12\/31\/baka-sliskovic-veseli-me-dominacija-zrinjskog-u-prvenstvu-bih\/"},"author":{"name":"Radio Ljubu\u0161ki","@id":"https:\/\/radioljubuski.ba\/#\/schema\/person\/19fc700381a780f69665d7956c469e3b"},"headline":"Baka Sli\u0161kovi\u0107: Veseli me dominacija Zrinjskog u prvenstvu BiH","datePublished":"2021-12-31T19:47:59+00:00","dateModified":"2021-12-31T19:48:00+00:00","mainEntityOfPage":{"@id":"https:\/\/radioljubuski.ba\/index.php\/2021\/12\/31\/baka-sliskovic-veseli-me-dominacija-zrinjskog-u-prvenstvu-bih\/"},"wordCount":1233,"publisher":{"@id":"https:\/\/radioljubuski.ba\/#organization"},"image":{"@id":"https:\/\/radioljubuski.ba\/index.php\/2021\/12\/31\/baka-sliskovic-veseli-me-dominacija-zrinjskog-u-prvenstvu-bih\/#primaryimage"},"thumbnailUrl":"https:\/\/radioljubuski.ba\/wp-content\/uploads\/2021\/12\/8-2021-12-31-16-01-40-baka-681x422-1.jpg","articleSection":["\u0160port"],"inLanguage":"hr"},{"@type":"WebPage","@id":"https:\/\/radioljubuski.ba\/index.php\/2021\/12\/31\/baka-sliskovic-veseli-me-dominacija-zrinjskog-u-prvenstvu-bih\/","url":"https:\/\/radioljubuski.ba\/index.php\/2021\/12\/31\/baka-sliskovic-veseli-me-dominacija-zrinjskog-u-prvenstvu-bih\/","name":"Baka Sli\u0161kovi\u0107: Veseli me dominacija Zrinjskog u prvenstvu BiH - RADIO LJUBU\u0160KI","isPartOf":{"@id":"https:\/\/radioljubuski.ba\/#website"},"primaryImageOfPage":{"@id":"https:\/\/radioljubuski.ba\/index.php\/2021\/12\/31\/baka-sliskovic-veseli-me-dominacija-zrinjskog-u-prvenstvu-bih\/#primaryimage"},"image":{"@id":"https:\/\/radioljubuski.ba\/index.php\/2021\/12\/31\/baka-sliskovic-veseli-me-dominacija-zrinjskog-u-prvenstvu-bih\/#primaryimage"},"thumbnailUrl":"https:\/\/radioljubuski.ba\/wp-content\/uploads\/2021\/12\/8-2021-12-31-16-01-40-baka-681x422-1.jpg","datePublished":"2021-12-31T19:47:59+00:00","dateModified":"2021-12-31T19:48:00+00:00","breadcrumb":{"@id":"https:\/\/radioljubuski.ba\/index.php\/2021\/12\/31\/baka-sliskovic-veseli-me-dominacija-zrinjskog-u-prvenstvu-bih\/#breadcrumb"},"inLanguage":"hr","potentialAction":[{"@type":"ReadAction","target":["https:\/\/radioljubuski.ba\/index.php\/2021\/12\/31\/baka-sliskovic-veseli-me-dominacija-zrinjskog-u-prvenstvu-bih\/"]}]},{"@type":"ImageObject","inLanguage":"hr","@id":"https:\/\/radioljubuski.ba\/index.php\/2021\/12\/31\/baka-sliskovic-veseli-me-dominacija-zrinjskog-u-prvenstvu-bih\/#primaryimage","url":"https:\/\/radioljubuski.ba\/wp-content\/uploads\/2021\/12\/8-2021-12-31-16-01-40-baka-681x422-1.jpg","contentUrl":"https:\/\/radioljubuski.ba\/wp-content\/uploads\/2021\/12\/8-2021-12-31-16-01-40-baka-681x422-1.jpg","width":1000,"height":625},{"@type":"BreadcrumbList","@id":"https:\/\/radioljubuski.ba\/index.php\/2021\/12\/31\/baka-sliskovic-veseli-me-dominacija-zrinjskog-u-prvenstvu-bih\/#breadcrumb","itemListElement":[{"@type":"ListItem","position":1,"name":"Po\u010detna stranica","item":"https:\/\/radioljubuski.ba\/"},{"@type":"ListItem","position":2,"name":"Baka Sli\u0161kovi\u0107: Veseli me dominacija Zrinjskog u prvenstvu BiH"}]},{"@type":"WebSite","@id":"https:\/\/radioljubuski.ba\/#website","url":"https:\/\/radioljubuski.ba\/","name":"Radio Ljubu\u0161ki","description":"Sun\u010dana frekvencija Hercegovine","publisher":{"@id":"https:\/\/radioljubuski.ba\/#organization"},"potentialAction":[{"@type":"SearchAction","target":{"@type":"EntryPoint","urlTemplate":"https:\/\/radioljubuski.ba\/?s={search_term_string}"},"query-input":{"@type":"PropertyValueSpecification","valueRequired":true,"valueName":"search_term_string"}}],"inLanguage":"hr"},{"@type":"Organization","@id":"https:\/\/radioljubuski.ba\/#organization","name":"Radio Ljubu\u0161ki","url":"https:\/\/radioljubuski.ba\/","logo":{"@type":"ImageObject","inLanguage":"hr","@id":"https:\/\/radioljubuski.ba\/#\/schema\/logo\/image\/","url":"https:\/\/radioljubuski.ba\/wp-content\/uploads\/2021\/02\/cropped-Radio_Ljubuski_logo1.jpg","contentUrl":"https:\/\/radioljubuski.ba\/wp-content\/uploads\/2021\/02\/cropped-Radio_Ljubuski_logo1.jpg","width":512,"height":512,"caption":"Radio Ljubu\u0161ki"},"image":{"@id":"https:\/\/radioljubuski.ba\/#\/schema\/logo\/image\/"},"sameAs":["https:\/\/www.facebook.com\/Radiio-Ljubuski-1490835324566332","https:\/\/x.com\/radioljubuski","https:\/\/hr.linkedin.com\/company\/radio-ljubuski","https:\/\/www.youtube.com\/channel\/UCHYaeO_n0Db3tjNGudGpXyw"]},{"@type":"Person","@id":"https:\/\/radioljubuski.ba\/#\/schema\/person\/19fc700381a780f69665d7956c469e3b","name":"Radio Ljubu\u0161ki"}]}},"_links":{"self":[{"href":"https:\/\/radioljubuski.ba\/index.php\/wp-json\/wp\/v2\/posts\/104353","targetHints":{"allow":["GET"]}}],"collection":[{"href":"https:\/\/radioljubuski.ba\/index.php\/wp-json\/wp\/v2\/posts"}],"about":[{"href":"https:\/\/radioljubuski.ba\/index.php\/wp-json\/wp\/v2\/types\/post"}],"author":[{"embeddable":true,"href":"https:\/\/radioljubuski.ba\/index.php\/wp-json\/wp\/v2\/users\/2"}],"replies":[{"embeddable":true,"href":"https:\/\/radioljubuski.ba\/index.php\/wp-json\/wp\/v2\/comments?post=104353"}],"version-history":[{"count":1,"href":"https:\/\/radioljubuski.ba\/index.php\/wp-json\/wp\/v2\/posts\/104353\/revisions"}],"predecessor-version":[{"id":104355,"href":"https:\/\/radioljubuski.ba\/index.php\/wp-json\/wp\/v2\/posts\/104353\/revisions\/104355"}],"wp:featuredmedia":[{"embeddable":true,"href":"https:\/\/radioljubuski.ba\/index.php\/wp-json\/wp\/v2\/media\/104354"}],"wp:attachment":[{"href":"https:\/\/radioljubuski.ba\/index.php\/wp-json\/wp\/v2\/media?parent=104353"}],"wp:term":[{"taxonomy":"category","embeddable":true,"href":"https:\/\/radioljubuski.ba\/index.php\/wp-json\/wp\/v2\/categories?post=104353"},{"taxonomy":"post_tag","embeddable":true,"href":"https:\/\/radioljubuski.ba\/index.php\/wp-json\/wp\/v2\/tags?post=104353"}],"curies":[{"name":"wp","href":"https:\/\/api.w.org\/{rel}","templated":true}]}}