{"id":104356,"date":"2021-12-31T20:49:08","date_gmt":"2021-12-31T19:49:08","guid":{"rendered":"https:\/\/radioljubuski.ba\/?p=104356"},"modified":"2021-12-31T20:49:09","modified_gmt":"2021-12-31T19:49:09","slug":"mladic-porijeklom-iz-bih-planirao-napad-na-policijsku-postaju-u-linzu","status":"publish","type":"post","link":"https:\/\/radioljubuski.ba\/index.php\/2021\/12\/31\/mladic-porijeklom-iz-bih-planirao-napad-na-policijsku-postaju-u-linzu\/","title":{"rendered":"Mladi\u0107 porijeklom iz BiH planirao napad na policijsku postaju u Linzu"},"content":{"rendered":"\n<p>Austrijska policija sprije\u010dila je napad planiran u novogodi\u0161njoj no\u0107i na policijsku stanicu u Linzu.<\/p>\n\n\n\n<p>Jedan 20-ogodi\u0161njak, porijeklom iz BiH, nezadovoljan korona mjerama, planirao je&nbsp; baciti Molotovljev koktel na policijsku stanicu u Ebelsbergu u Linzu, i potaknuti druge na napad.<\/p>\n\n\n\n<p>Osumnji\u010deni je, ina\u010de, navodni vo\u0111a grupe koja je izvr\u0161ila napad na policijsku patrolu sredinom studenog, pi\u0161e Tanjug.<\/p>\n\n\n\n<p>Tada su napada\u010di, kako se naveli, planirali i policajca preliti benzinom i zapaliti.<\/p>\n\n\n\n<p>&#8220;Policajci su sve \u010de\u0161\u0107e meta napada protivnika covid mjera&#8221;, istakao je ministar unutra\u0161njih poslova Gerhard Karner najaviv\u0161i da \u0107e se protiv toga boriti svim raspolo\u017eivim sredstvima.<\/p>\n\n\n\n<p>Policija je istakla da je 20-ogodi\u0161nji Austrijanac bh. porijekla vo\u0111a grupe koja je proteklih tjedana u Linzu bacala pirotehni\u010dka sredstva, remetila red i mir time provociraju\u0107i djelovanje policije.<\/p>\n\n\n\n<p>Tim akcijama se ta grupa hvalila na dru\u0161tvenim mre\u017eama.<\/p>\n\n\n\n<p>Tokom saslu\u0161anja dvojice osumnji\u010denih maloljetnika, nakon paljenja policijske patrole, policija je do\u0161la do saznanja da su planirali zapaliti i policajca, a sada i da je bio planiran napad na policijsku stanicu u novogodi\u0161njoj no\u0107i.<\/p>\n\n\n\n<p>Austrijanac bh. porijekla je, potom, uhi\u0107en pred Bo\u017ei\u0107 i on se nalazi u istra\u017enom zatvoru, i brani se \u0161utnjom.<\/p>\n\n\n\n<p>Izvor:pogled.ba<\/p>\n","protected":false},"excerpt":{"rendered":"<p>Austrijska policija sprije\u010dila je napad planiran u novogodi\u0161njoj no\u0107i na policijsku stanicu u Linzu. Jedan 20-ogodi\u0161njak, porijeklom iz BiH, nezadovoljan korona mjerama, planirao je&nbsp; baciti Molotovljev koktel na policijsku stanicu u Ebelsbergu u Linzu, i potaknuti druge na napad. Osumnji\u010deni je, ina\u010de, navodni vo\u0111a grupe koja je izvr\u0161ila napad na policijsku patrolu sredinom studenog, pi\u0161e [&hellip;]<\/p>\n","protected":false},"author":2,"featured_media":37250,"comment_status":"closed","ping_status":"closed","sticky":false,"template":"","format":"standard","meta":{"h5ap_radio_sources":[],"footnotes":""},"categories":[1],"tags":[],"class_list":["post-104356","post","type-post","status-publish","format-standard","has-post-thumbnail","hentry","category-bihiregija"],"yoast_head":"<!-- This site is optimized with the Yoast SEO plugin v27.5 - https:\/\/yoast.com\/product\/yoast-seo-wordpress\/ -->\n<title>Mladi\u0107 porijeklom iz BiH planirao napad na policijsku postaju u Linzu - RADIO LJUBU\u0160KI<\/title>\n<meta name=\"robots\" content=\"index, follow, max-snippet:-1, max-image-preview:large, max-video-preview:-1\" \/>\n<link rel=\"canonical\" href=\"https:\/\/radioljubuski.ba\/index.php\/2021\/12\/31\/mladic-porijeklom-iz-bih-planirao-napad-na-policijsku-postaju-u-linzu\/\" \/>\n<meta property=\"og:locale\" content=\"hr_HR\" \/>\n<meta property=\"og:type\" content=\"article\" \/>\n<meta property=\"og:title\" content=\"Mladi\u0107 porijeklom iz BiH planirao napad na policijsku postaju u Linzu - RADIO LJUBU\u0160KI\" \/>\n<meta property=\"og:description\" content=\"Austrijska policija sprije\u010dila je napad planiran u novogodi\u0161njoj no\u0107i na policijsku stanicu u Linzu. Jedan 20-ogodi\u0161njak, porijeklom iz BiH, nezadovoljan korona mjerama, planirao je&nbsp; baciti Molotovljev koktel na policijsku stanicu u Ebelsbergu u Linzu, i potaknuti druge na napad. Osumnji\u010deni je, ina\u010de, navodni vo\u0111a grupe koja je izvr\u0161ila napad na policijsku patrolu sredinom studenog, pi\u0161e [&hellip;]\" \/>\n<meta property=\"og:url\" content=\"https:\/\/radioljubuski.ba\/index.php\/2021\/12\/31\/mladic-porijeklom-iz-bih-planirao-napad-na-policijsku-postaju-u-linzu\/\" \/>\n<meta property=\"og:site_name\" content=\"RADIO LJUBU\u0160KI\" \/>\n<meta property=\"article:publisher\" content=\"https:\/\/www.facebook.com\/Radiio-Ljubuski-1490835324566332\" \/>\n<meta property=\"article:published_time\" content=\"2021-12-31T19:49:08+00:00\" \/>\n<meta property=\"article:modified_time\" content=\"2021-12-31T19:49:09+00:00\" \/>\n<meta property=\"og:image\" content=\"https:\/\/radioljubuski.ba\/wp-content\/uploads\/2021\/06\/2-2021-06-29-15-16-59-AUSTRIJA-POLICIJA.jpg\" \/>\n\t<meta property=\"og:image:width\" content=\"1000\" \/>\n\t<meta property=\"og:image:height\" content=\"625\" \/>\n\t<meta property=\"og:image:type\" content=\"image\/jpeg\" \/>\n<meta name=\"author\" content=\"Radio Ljubu\u0161ki\" \/>\n<meta name=\"twitter:card\" content=\"summary_large_image\" \/>\n<meta name=\"twitter:creator\" content=\"@radioljubuski\" \/>\n<meta name=\"twitter:site\" content=\"@radioljubuski\" \/>\n<meta name=\"twitter:label1\" content=\"Napisao\/la\" \/>\n\t<meta name=\"twitter:data1\" content=\"Radio Ljubu\u0161ki\" \/>\n\t<meta name=\"twitter:label2\" content=\"Procijenjeno vrijeme \u010ditanja\" \/>\n\t<meta name=\"twitter:data2\" content=\"1 minuta\" \/>\n<script type=\"application\/ld+json\" class=\"yoast-schema-graph\">{\"@context\":\"https:\\\/\\\/schema.org\",\"@graph\":[{\"@type\":\"Article\",\"@id\":\"https:\\\/\\\/radioljubuski.ba\\\/index.php\\\/2021\\\/12\\\/31\\\/mladic-porijeklom-iz-bih-planirao-napad-na-policijsku-postaju-u-linzu\\\/#article\",\"isPartOf\":{\"@id\":\"https:\\\/\\\/radioljubuski.ba\\\/index.php\\\/2021\\\/12\\\/31\\\/mladic-porijeklom-iz-bih-planirao-napad-na-policijsku-postaju-u-linzu\\\/\"},\"author\":{\"name\":\"Radio Ljubu\u0161ki\",\"@id\":\"https:\\\/\\\/radioljubuski.ba\\\/#\\\/schema\\\/person\\\/19fc700381a780f69665d7956c469e3b\"},\"headline\":\"Mladi\u0107 porijeklom iz BiH planirao napad na policijsku postaju u Linzu\",\"datePublished\":\"2021-12-31T19:49:08+00:00\",\"dateModified\":\"2021-12-31T19:49:09+00:00\",\"mainEntityOfPage\":{\"@id\":\"https:\\\/\\\/radioljubuski.ba\\\/index.php\\\/2021\\\/12\\\/31\\\/mladic-porijeklom-iz-bih-planirao-napad-na-policijsku-postaju-u-linzu\\\/\"},\"wordCount\":228,\"publisher\":{\"@id\":\"https:\\\/\\\/radioljubuski.ba\\\/#organization\"},\"image\":{\"@id\":\"https:\\\/\\\/radioljubuski.ba\\\/index.php\\\/2021\\\/12\\\/31\\\/mladic-porijeklom-iz-bih-planirao-napad-na-policijsku-postaju-u-linzu\\\/#primaryimage\"},\"thumbnailUrl\":\"https:\\\/\\\/radioljubuski.ba\\\/wp-content\\\/uploads\\\/2021\\\/06\\\/2-2021-06-29-15-16-59-AUSTRIJA-POLICIJA.jpg\",\"articleSection\":[\"BIH i regija\"],\"inLanguage\":\"hr\"},{\"@type\":\"WebPage\",\"@id\":\"https:\\\/\\\/radioljubuski.ba\\\/index.php\\\/2021\\\/12\\\/31\\\/mladic-porijeklom-iz-bih-planirao-napad-na-policijsku-postaju-u-linzu\\\/\",\"url\":\"https:\\\/\\\/radioljubuski.ba\\\/index.php\\\/2021\\\/12\\\/31\\\/mladic-porijeklom-iz-bih-planirao-napad-na-policijsku-postaju-u-linzu\\\/\",\"name\":\"Mladi\u0107 porijeklom iz BiH planirao napad na policijsku postaju u Linzu - RADIO LJUBU\u0160KI\",\"isPartOf\":{\"@id\":\"https:\\\/\\\/radioljubuski.ba\\\/#website\"},\"primaryImageOfPage\":{\"@id\":\"https:\\\/\\\/radioljubuski.ba\\\/index.php\\\/2021\\\/12\\\/31\\\/mladic-porijeklom-iz-bih-planirao-napad-na-policijsku-postaju-u-linzu\\\/#primaryimage\"},\"image\":{\"@id\":\"https:\\\/\\\/radioljubuski.ba\\\/index.php\\\/2021\\\/12\\\/31\\\/mladic-porijeklom-iz-bih-planirao-napad-na-policijsku-postaju-u-linzu\\\/#primaryimage\"},\"thumbnailUrl\":\"https:\\\/\\\/radioljubuski.ba\\\/wp-content\\\/uploads\\\/2021\\\/06\\\/2-2021-06-29-15-16-59-AUSTRIJA-POLICIJA.jpg\",\"datePublished\":\"2021-12-31T19:49:08+00:00\",\"dateModified\":\"2021-12-31T19:49:09+00:00\",\"breadcrumb\":{\"@id\":\"https:\\\/\\\/radioljubuski.ba\\\/index.php\\\/2021\\\/12\\\/31\\\/mladic-porijeklom-iz-bih-planirao-napad-na-policijsku-postaju-u-linzu\\\/#breadcrumb\"},\"inLanguage\":\"hr\",\"potentialAction\":[{\"@type\":\"ReadAction\",\"target\":[\"https:\\\/\\\/radioljubuski.ba\\\/index.php\\\/2021\\\/12\\\/31\\\/mladic-porijeklom-iz-bih-planirao-napad-na-policijsku-postaju-u-linzu\\\/\"]}]},{\"@type\":\"ImageObject\",\"inLanguage\":\"hr\",\"@id\":\"https:\\\/\\\/radioljubuski.ba\\\/index.php\\\/2021\\\/12\\\/31\\\/mladic-porijeklom-iz-bih-planirao-napad-na-policijsku-postaju-u-linzu\\\/#primaryimage\",\"url\":\"https:\\\/\\\/radioljubuski.ba\\\/wp-content\\\/uploads\\\/2021\\\/06\\\/2-2021-06-29-15-16-59-AUSTRIJA-POLICIJA.jpg\",\"contentUrl\":\"https:\\\/\\\/radioljubuski.ba\\\/wp-content\\\/uploads\\\/2021\\\/06\\\/2-2021-06-29-15-16-59-AUSTRIJA-POLICIJA.jpg\",\"width\":1000,\"height\":625},{\"@type\":\"BreadcrumbList\",\"@id\":\"https:\\\/\\\/radioljubuski.ba\\\/index.php\\\/2021\\\/12\\\/31\\\/mladic-porijeklom-iz-bih-planirao-napad-na-policijsku-postaju-u-linzu\\\/#breadcrumb\",\"itemListElement\":[{\"@type\":\"ListItem\",\"position\":1,\"name\":\"Po\u010detna stranica\",\"item\":\"https:\\\/\\\/radioljubuski.ba\\\/\"},{\"@type\":\"ListItem\",\"position\":2,\"name\":\"Mladi\u0107 porijeklom iz BiH planirao napad na policijsku postaju u Linzu\"}]},{\"@type\":\"WebSite\",\"@id\":\"https:\\\/\\\/radioljubuski.ba\\\/#website\",\"url\":\"https:\\\/\\\/radioljubuski.ba\\\/\",\"name\":\"Radio Ljubu\u0161ki\",\"description\":\"Sun\u010dana frekvencija Hercegovine\",\"publisher\":{\"@id\":\"https:\\\/\\\/radioljubuski.ba\\\/#organization\"},\"potentialAction\":[{\"@type\":\"SearchAction\",\"target\":{\"@type\":\"EntryPoint\",\"urlTemplate\":\"https:\\\/\\\/radioljubuski.ba\\\/?s={search_term_string}\"},\"query-input\":{\"@type\":\"PropertyValueSpecification\",\"valueRequired\":true,\"valueName\":\"search_term_string\"}}],\"inLanguage\":\"hr\"},{\"@type\":\"Organization\",\"@id\":\"https:\\\/\\\/radioljubuski.ba\\\/#organization\",\"name\":\"Radio Ljubu\u0161ki\",\"url\":\"https:\\\/\\\/radioljubuski.ba\\\/\",\"logo\":{\"@type\":\"ImageObject\",\"inLanguage\":\"hr\",\"@id\":\"https:\\\/\\\/radioljubuski.ba\\\/#\\\/schema\\\/logo\\\/image\\\/\",\"url\":\"https:\\\/\\\/radioljubuski.ba\\\/wp-content\\\/uploads\\\/2021\\\/02\\\/cropped-Radio_Ljubuski_logo1.jpg\",\"contentUrl\":\"https:\\\/\\\/radioljubuski.ba\\\/wp-content\\\/uploads\\\/2021\\\/02\\\/cropped-Radio_Ljubuski_logo1.jpg\",\"width\":512,\"height\":512,\"caption\":\"Radio Ljubu\u0161ki\"},\"image\":{\"@id\":\"https:\\\/\\\/radioljubuski.ba\\\/#\\\/schema\\\/logo\\\/image\\\/\"},\"sameAs\":[\"https:\\\/\\\/www.facebook.com\\\/Radiio-Ljubuski-1490835324566332\",\"https:\\\/\\\/x.com\\\/radioljubuski\",\"https:\\\/\\\/hr.linkedin.com\\\/company\\\/radio-ljubuski\",\"https:\\\/\\\/www.youtube.com\\\/channel\\\/UCHYaeO_n0Db3tjNGudGpXyw\"]},{\"@type\":\"Person\",\"@id\":\"https:\\\/\\\/radioljubuski.ba\\\/#\\\/schema\\\/person\\\/19fc700381a780f69665d7956c469e3b\",\"name\":\"Radio Ljubu\u0161ki\"}]}<\/script>\n<!-- \/ Yoast SEO plugin. -->","yoast_head_json":{"title":"Mladi\u0107 porijeklom iz BiH planirao napad na policijsku postaju u Linzu - RADIO LJUBU\u0160KI","robots":{"index":"index","follow":"follow","max-snippet":"max-snippet:-1","max-image-preview":"max-image-preview:large","max-video-preview":"max-video-preview:-1"},"canonical":"https:\/\/radioljubuski.ba\/index.php\/2021\/12\/31\/mladic-porijeklom-iz-bih-planirao-napad-na-policijsku-postaju-u-linzu\/","og_locale":"hr_HR","og_type":"article","og_title":"Mladi\u0107 porijeklom iz BiH planirao napad na policijsku postaju u Linzu - RADIO LJUBU\u0160KI","og_description":"Austrijska policija sprije\u010dila je napad planiran u novogodi\u0161njoj no\u0107i na policijsku stanicu u Linzu. Jedan 20-ogodi\u0161njak, porijeklom iz BiH, nezadovoljan korona mjerama, planirao je&nbsp; baciti Molotovljev koktel na policijsku stanicu u Ebelsbergu u Linzu, i potaknuti druge na napad. Osumnji\u010deni je, ina\u010de, navodni vo\u0111a grupe koja je izvr\u0161ila napad na policijsku patrolu sredinom studenog, pi\u0161e [&hellip;]","og_url":"https:\/\/radioljubuski.ba\/index.php\/2021\/12\/31\/mladic-porijeklom-iz-bih-planirao-napad-na-policijsku-postaju-u-linzu\/","og_site_name":"RADIO LJUBU\u0160KI","article_publisher":"https:\/\/www.facebook.com\/Radiio-Ljubuski-1490835324566332","article_published_time":"2021-12-31T19:49:08+00:00","article_modified_time":"2021-12-31T19:49:09+00:00","og_image":[{"width":1000,"height":625,"url":"https:\/\/radioljubuski.ba\/wp-content\/uploads\/2021\/06\/2-2021-06-29-15-16-59-AUSTRIJA-POLICIJA.jpg","type":"image\/jpeg"}],"author":"Radio Ljubu\u0161ki","twitter_card":"summary_large_image","twitter_creator":"@radioljubuski","twitter_site":"@radioljubuski","twitter_misc":{"Napisao\/la":"Radio Ljubu\u0161ki","Procijenjeno vrijeme \u010ditanja":"1 minuta"},"schema":{"@context":"https:\/\/schema.org","@graph":[{"@type":"Article","@id":"https:\/\/radioljubuski.ba\/index.php\/2021\/12\/31\/mladic-porijeklom-iz-bih-planirao-napad-na-policijsku-postaju-u-linzu\/#article","isPartOf":{"@id":"https:\/\/radioljubuski.ba\/index.php\/2021\/12\/31\/mladic-porijeklom-iz-bih-planirao-napad-na-policijsku-postaju-u-linzu\/"},"author":{"name":"Radio Ljubu\u0161ki","@id":"https:\/\/radioljubuski.ba\/#\/schema\/person\/19fc700381a780f69665d7956c469e3b"},"headline":"Mladi\u0107 porijeklom iz BiH planirao napad na policijsku postaju u Linzu","datePublished":"2021-12-31T19:49:08+00:00","dateModified":"2021-12-31T19:49:09+00:00","mainEntityOfPage":{"@id":"https:\/\/radioljubuski.ba\/index.php\/2021\/12\/31\/mladic-porijeklom-iz-bih-planirao-napad-na-policijsku-postaju-u-linzu\/"},"wordCount":228,"publisher":{"@id":"https:\/\/radioljubuski.ba\/#organization"},"image":{"@id":"https:\/\/radioljubuski.ba\/index.php\/2021\/12\/31\/mladic-porijeklom-iz-bih-planirao-napad-na-policijsku-postaju-u-linzu\/#primaryimage"},"thumbnailUrl":"https:\/\/radioljubuski.ba\/wp-content\/uploads\/2021\/06\/2-2021-06-29-15-16-59-AUSTRIJA-POLICIJA.jpg","articleSection":["BIH i regija"],"inLanguage":"hr"},{"@type":"WebPage","@id":"https:\/\/radioljubuski.ba\/index.php\/2021\/12\/31\/mladic-porijeklom-iz-bih-planirao-napad-na-policijsku-postaju-u-linzu\/","url":"https:\/\/radioljubuski.ba\/index.php\/2021\/12\/31\/mladic-porijeklom-iz-bih-planirao-napad-na-policijsku-postaju-u-linzu\/","name":"Mladi\u0107 porijeklom iz BiH planirao napad na policijsku postaju u Linzu - RADIO LJUBU\u0160KI","isPartOf":{"@id":"https:\/\/radioljubuski.ba\/#website"},"primaryImageOfPage":{"@id":"https:\/\/radioljubuski.ba\/index.php\/2021\/12\/31\/mladic-porijeklom-iz-bih-planirao-napad-na-policijsku-postaju-u-linzu\/#primaryimage"},"image":{"@id":"https:\/\/radioljubuski.ba\/index.php\/2021\/12\/31\/mladic-porijeklom-iz-bih-planirao-napad-na-policijsku-postaju-u-linzu\/#primaryimage"},"thumbnailUrl":"https:\/\/radioljubuski.ba\/wp-content\/uploads\/2021\/06\/2-2021-06-29-15-16-59-AUSTRIJA-POLICIJA.jpg","datePublished":"2021-12-31T19:49:08+00:00","dateModified":"2021-12-31T19:49:09+00:00","breadcrumb":{"@id":"https:\/\/radioljubuski.ba\/index.php\/2021\/12\/31\/mladic-porijeklom-iz-bih-planirao-napad-na-policijsku-postaju-u-linzu\/#breadcrumb"},"inLanguage":"hr","potentialAction":[{"@type":"ReadAction","target":["https:\/\/radioljubuski.ba\/index.php\/2021\/12\/31\/mladic-porijeklom-iz-bih-planirao-napad-na-policijsku-postaju-u-linzu\/"]}]},{"@type":"ImageObject","inLanguage":"hr","@id":"https:\/\/radioljubuski.ba\/index.php\/2021\/12\/31\/mladic-porijeklom-iz-bih-planirao-napad-na-policijsku-postaju-u-linzu\/#primaryimage","url":"https:\/\/radioljubuski.ba\/wp-content\/uploads\/2021\/06\/2-2021-06-29-15-16-59-AUSTRIJA-POLICIJA.jpg","contentUrl":"https:\/\/radioljubuski.ba\/wp-content\/uploads\/2021\/06\/2-2021-06-29-15-16-59-AUSTRIJA-POLICIJA.jpg","width":1000,"height":625},{"@type":"BreadcrumbList","@id":"https:\/\/radioljubuski.ba\/index.php\/2021\/12\/31\/mladic-porijeklom-iz-bih-planirao-napad-na-policijsku-postaju-u-linzu\/#breadcrumb","itemListElement":[{"@type":"ListItem","position":1,"name":"Po\u010detna stranica","item":"https:\/\/radioljubuski.ba\/"},{"@type":"ListItem","position":2,"name":"Mladi\u0107 porijeklom iz BiH planirao napad na policijsku postaju u Linzu"}]},{"@type":"WebSite","@id":"https:\/\/radioljubuski.ba\/#website","url":"https:\/\/radioljubuski.ba\/","name":"Radio Ljubu\u0161ki","description":"Sun\u010dana frekvencija Hercegovine","publisher":{"@id":"https:\/\/radioljubuski.ba\/#organization"},"potentialAction":[{"@type":"SearchAction","target":{"@type":"EntryPoint","urlTemplate":"https:\/\/radioljubuski.ba\/?s={search_term_string}"},"query-input":{"@type":"PropertyValueSpecification","valueRequired":true,"valueName":"search_term_string"}}],"inLanguage":"hr"},{"@type":"Organization","@id":"https:\/\/radioljubuski.ba\/#organization","name":"Radio Ljubu\u0161ki","url":"https:\/\/radioljubuski.ba\/","logo":{"@type":"ImageObject","inLanguage":"hr","@id":"https:\/\/radioljubuski.ba\/#\/schema\/logo\/image\/","url":"https:\/\/radioljubuski.ba\/wp-content\/uploads\/2021\/02\/cropped-Radio_Ljubuski_logo1.jpg","contentUrl":"https:\/\/radioljubuski.ba\/wp-content\/uploads\/2021\/02\/cropped-Radio_Ljubuski_logo1.jpg","width":512,"height":512,"caption":"Radio Ljubu\u0161ki"},"image":{"@id":"https:\/\/radioljubuski.ba\/#\/schema\/logo\/image\/"},"sameAs":["https:\/\/www.facebook.com\/Radiio-Ljubuski-1490835324566332","https:\/\/x.com\/radioljubuski","https:\/\/hr.linkedin.com\/company\/radio-ljubuski","https:\/\/www.youtube.com\/channel\/UCHYaeO_n0Db3tjNGudGpXyw"]},{"@type":"Person","@id":"https:\/\/radioljubuski.ba\/#\/schema\/person\/19fc700381a780f69665d7956c469e3b","name":"Radio Ljubu\u0161ki"}]}},"_links":{"self":[{"href":"https:\/\/radioljubuski.ba\/index.php\/wp-json\/wp\/v2\/posts\/104356","targetHints":{"allow":["GET"]}}],"collection":[{"href":"https:\/\/radioljubuski.ba\/index.php\/wp-json\/wp\/v2\/posts"}],"about":[{"href":"https:\/\/radioljubuski.ba\/index.php\/wp-json\/wp\/v2\/types\/post"}],"author":[{"embeddable":true,"href":"https:\/\/radioljubuski.ba\/index.php\/wp-json\/wp\/v2\/users\/2"}],"replies":[{"embeddable":true,"href":"https:\/\/radioljubuski.ba\/index.php\/wp-json\/wp\/v2\/comments?post=104356"}],"version-history":[{"count":1,"href":"https:\/\/radioljubuski.ba\/index.php\/wp-json\/wp\/v2\/posts\/104356\/revisions"}],"predecessor-version":[{"id":104357,"href":"https:\/\/radioljubuski.ba\/index.php\/wp-json\/wp\/v2\/posts\/104356\/revisions\/104357"}],"wp:featuredmedia":[{"embeddable":true,"href":"https:\/\/radioljubuski.ba\/index.php\/wp-json\/wp\/v2\/media\/37250"}],"wp:attachment":[{"href":"https:\/\/radioljubuski.ba\/index.php\/wp-json\/wp\/v2\/media?parent=104356"}],"wp:term":[{"taxonomy":"category","embeddable":true,"href":"https:\/\/radioljubuski.ba\/index.php\/wp-json\/wp\/v2\/categories?post=104356"},{"taxonomy":"post_tag","embeddable":true,"href":"https:\/\/radioljubuski.ba\/index.php\/wp-json\/wp\/v2\/tags?post=104356"}],"curies":[{"name":"wp","href":"https:\/\/api.w.org\/{rel}","templated":true}]}}