{"id":104458,"date":"2022-01-01T18:11:17","date_gmt":"2022-01-01T17:11:17","guid":{"rendered":"https:\/\/radioljubuski.ba\/?p=104458"},"modified":"2022-01-01T18:11:19","modified_gmt":"2022-01-01T17:11:19","slug":"manekenka-otkrila-mracnu-tajnu-modne-industrije-znate-li-sto-rade-mrsavim-curama","status":"publish","type":"post","link":"https:\/\/radioljubuski.ba\/index.php\/2022\/01\/01\/manekenka-otkrila-mracnu-tajnu-modne-industrije-znate-li-sto-rade-mrsavim-curama\/","title":{"rendered":"Manekenka otkrila mra\u010dnu tajnu modne industrije: \u2018Znate li \u0161to rade mr\u0161avim curama?!\u2018"},"content":{"rendered":"\n<p>Nekoliko tjedana nakon \u0161to ju je u dobi od 15 godina uo\u010dio modni agent, Karoline Bjornelykke nosila je u Parizu reviju Chanela, pi\u0161e<a href=\"https:\/\/www.thetimes.co.uk\/article\/tiktok-expose-plus-size-fashion-brands-use-slim-models-in-fat-suits-ts7ddwxjd\" target=\"_blank\" rel=\"noreferrer noopener\">&nbsp;The Times.<\/a><\/p>\n\n\n\n<p>Ubrzo su stigli i poslovi za druge modne ku\u0107e, uklju\u010duju\u0107i Armani i Louis Vuitton, a crvenokosa je norve\u0161ka manekenka predstavljena u Vogueu Japan i u dokumentarcu o zvijezdama u usponu u modnoj industriji.<\/p>\n\n\n\n<p>Sada je ta 25-godi\u0161njakinja ponovno do\u0161la na naslovnice nakon \u0161to je na TikToku otkrila da vitkiji modeli \u010desto nose tzv. &#8216;fat suits&#8217; (&#8216;debela odijela&#8217;, prev. &#8211; podstavljena odijela u kojima modeli izgledaju deblje) kako bi osigurali posao plus size modela. Unato\u010d tome \u0161to nosi veli\u010dinu 10-12, Bjornelykke ka\u017ee da su je tijekom godina brendovi tra\u017eili da koristi to posebno odijelo ili podstavu kako bi mogla nositi i veli\u010dine od XL do 5XL.<\/p>\n\n\n\n<p>&#8216;Ako ima\u0161 o\u010di, vidi\u0161 da nisam te veli\u010dine. Dakle, kako da rije\u0161imo ovaj problem? Pa, u osnovi moram donijeti na posao ne\u0161to \u0161to se zove podstava, a \u0161to je zapravo debelo odijelo rastavljeno na vi\u0161e komada.&#8217;<\/p>\n\n\n\n<p>Tvrtke radije zapo\u0161ljavaju mr\u0161ave \u017eene u odnosu na stvarne modele malo izra\u017eenijih oblina, rekla je, &#8216;jer \u017eele da vrat i lice izgledaju stvarno vitko i definirano, a \u0161to stvara nemogu\u0107e standarde ljepote.&#8217;<\/p>\n\n\n\n<p>Odje\u0107a ve\u0107ih veli\u010dina mo\u017ee modnim markama donijeti mnogo novca. Predvi\u0111a se da \u0107e globalna industrija vrijedna 480 milijardi dolara u 2019. godini dosegnuti 696,71 milijardu dolara do 2027., prema izvje\u0161\u0107u Allied Market Researcha.<\/p>\n\n\n\n<p>Bjornelykke i dalje radi u modi, ali joj je sad primarna obaveza studij u Oslu. Rekla je da je imala iskustva s kori\u0161tenjem podstava i debelih odijela tijekom rada u SAD-u i Njema\u010dkoj, ali tvrdi da se &#8216;to doga\u0111a i u Engleskoj&#8217;.<\/p>\n\n\n\n<p>&#8216;To se \u010desto koristi ako je model manji od o\u010dekivanog jer klijent ne zna uvijek veli\u010dinu modela. Modna industrija je lica o\u0161trih crta odredila kao veliki standard ljepote, pa mislim da tra\u017ee mr\u0161ava lica o\u0161trih crta \u010dak i kada su na modelima ve\u0107ih veli\u010dina.&#8217;<\/p>\n\n\n\n<p><strong><a href=\"https:\/\/www.tiktok.com\/@coolquinn\/video\/7036344932415655173?referer_url=https%3A%2F%2Fwww.jutarnji.hr%2F&amp;referer_video_id=7036344932415655173&amp;refer=embed&amp;is_copy_url=1&amp;is_from_webapp=v1\" target=\"_blank\" rel=\"noreferrer noopener\">Video<\/a><\/strong>, koji je pregledan vi\u0161e od 300.000 puta, izazvao je o\u0161tre kritike modne industrije.<\/p>\n\n\n\n<p>&#8216;Modna industrija stvarno mrzi modele ve\u0107ih veli\u010dina&#8217;, napisala je jedna komentatorica, dok je druga dodala: &#8216;Zato i imam komplekse kad je u pitanju moj oblik lica.&#8217;<\/p>\n\n\n\n<p>No neki su okrivili i same modele, tvrde\u0107i da su svjesno sudjelovali u obmani javnosti. Bjornelykke je na to odgovorila da modeli ne bi trebali biti u fokusu kritika.<\/p>\n\n\n\n<p>&#8216;Mislim da nije u redu kriviti modele. Ako jedna manekenka odbije posao, prihvatit \u0107e ga druga poput nje. Model tako\u0111er ne zna ho\u0107e li se podstava koristiti ili ne prije nego \u0161to stigne na snimanje&#8217;, rekla je.<\/p>\n\n\n\n<p>&#8216;Sada vi\u0161e ne radim te reklame jer mislim da to nije u redu, a ni novac mi ne treba ba\u0161 o\u010dajni\u010dki. Prava mo\u0107 je kod potro\u0161a\u010da. \u017deljela sam da plus-size \u017eene budu svjesne toga kada kupuju kako bi mogle napraviti bolji izbor i ne osje\u0107ati se lo\u0161e kada vide ove nemogu\u0107e standarde ljepote&#8217;, kazala je.<\/p>\n\n\n\n<p>&#8216;Za ovakvo su stanje odgovorni samo brendovi, a ne modeli i ne agencije za modele. Modeli definitivno nisu na vrhu piramide mo\u0107i u modnoj industriji.&#8217;<\/p>\n\n\n\n<p>Bjornelykke nije prva koja je progovorila o ovoj praksi. Godine 2014. Katie Green, engleski model, progovorila je za Daily Mail o svom radu s podstavom, rekav\u0161i da je nosila odje\u0107u ve\u0107e veli\u010dine, iako sama nosi broj 10-12.<\/p>\n\n\n\n<p>&#8216;Ne smeta mi nositi podstavu. Samo \u017eelim biti zdrava, a ina\u010de nosim manje veli\u010dine.&#8217;, prenosi&nbsp;<a href=\"https:\/\/www.jutarnji.hr\/vijesti\/svijet\/manekenka-u-velikoj-ispovijesti-otkrila-mracnu-tajnu-modne-industrije-znate-li-sto-rade-mrsavim-curama-15140607\" target=\"_blank\" rel=\"noreferrer noopener\">Jutarnji list.<\/a><\/p>\n\n\n\n<p>Izvor:jutarnji.hr<\/p>\n","protected":false},"excerpt":{"rendered":"<p>Nekoliko tjedana nakon \u0161to ju je u dobi od 15 godina uo\u010dio modni agent, Karoline Bjornelykke nosila je u Parizu reviju Chanela, pi\u0161e&nbsp;The Times. Ubrzo su stigli i poslovi za druge modne ku\u0107e, uklju\u010duju\u0107i Armani i Louis Vuitton, a crvenokosa je norve\u0161ka manekenka predstavljena u Vogueu Japan i u dokumentarcu o zvijezdama u usponu u [&hellip;]<\/p>\n","protected":false},"author":2,"featured_media":104459,"comment_status":"closed","ping_status":"closed","sticky":false,"template":"","format":"standard","meta":{"h5ap_radio_sources":[],"footnotes":""},"categories":[1],"tags":[],"class_list":["post-104458","post","type-post","status-publish","format-standard","has-post-thumbnail","hentry","category-bihiregija"],"yoast_head":"<!-- This site is optimized with the Yoast SEO plugin v27.5 - https:\/\/yoast.com\/product\/yoast-seo-wordpress\/ -->\n<title>Manekenka otkrila mra\u010dnu tajnu modne industrije: \u2018Znate li \u0161to rade mr\u0161avim curama?!\u2018 - RADIO LJUBU\u0160KI<\/title>\n<meta name=\"robots\" content=\"index, follow, max-snippet:-1, max-image-preview:large, max-video-preview:-1\" \/>\n<link rel=\"canonical\" href=\"https:\/\/radioljubuski.ba\/index.php\/2022\/01\/01\/manekenka-otkrila-mracnu-tajnu-modne-industrije-znate-li-sto-rade-mrsavim-curama\/\" \/>\n<meta property=\"og:locale\" content=\"hr_HR\" \/>\n<meta property=\"og:type\" content=\"article\" \/>\n<meta property=\"og:title\" content=\"Manekenka otkrila mra\u010dnu tajnu modne industrije: \u2018Znate li \u0161to rade mr\u0161avim curama?!\u2018 - RADIO LJUBU\u0160KI\" \/>\n<meta property=\"og:description\" content=\"Nekoliko tjedana nakon \u0161to ju je u dobi od 15 godina uo\u010dio modni agent, Karoline Bjornelykke nosila je u Parizu reviju Chanela, pi\u0161e&nbsp;The Times. Ubrzo su stigli i poslovi za druge modne ku\u0107e, uklju\u010duju\u0107i Armani i Louis Vuitton, a crvenokosa je norve\u0161ka manekenka predstavljena u Vogueu Japan i u dokumentarcu o zvijezdama u usponu u [&hellip;]\" \/>\n<meta property=\"og:url\" content=\"https:\/\/radioljubuski.ba\/index.php\/2022\/01\/01\/manekenka-otkrila-mracnu-tajnu-modne-industrije-znate-li-sto-rade-mrsavim-curama\/\" \/>\n<meta property=\"og:site_name\" content=\"RADIO LJUBU\u0160KI\" \/>\n<meta property=\"article:publisher\" content=\"https:\/\/www.facebook.com\/Radiio-Ljubuski-1490835324566332\" \/>\n<meta property=\"article:published_time\" content=\"2022-01-01T17:11:17+00:00\" \/>\n<meta property=\"article:modified_time\" content=\"2022-01-01T17:11:19+00:00\" \/>\n<meta property=\"og:image\" content=\"https:\/\/radioljubuski.ba\/wp-content\/uploads\/2022\/01\/8-2021-12-31-20-46-47-karoline.jpg\" \/>\n\t<meta property=\"og:image:width\" content=\"1000\" \/>\n\t<meta property=\"og:image:height\" content=\"625\" \/>\n\t<meta property=\"og:image:type\" content=\"image\/jpeg\" \/>\n<meta name=\"author\" content=\"Radio Ljubu\u0161ki\" \/>\n<meta name=\"twitter:card\" content=\"summary_large_image\" \/>\n<meta name=\"twitter:creator\" content=\"@radioljubuski\" \/>\n<meta name=\"twitter:site\" content=\"@radioljubuski\" \/>\n<meta name=\"twitter:label1\" content=\"Napisao\/la\" \/>\n\t<meta name=\"twitter:data1\" content=\"Radio Ljubu\u0161ki\" \/>\n\t<meta name=\"twitter:label2\" content=\"Procijenjeno vrijeme \u010ditanja\" \/>\n\t<meta name=\"twitter:data2\" content=\"3 minute\" \/>\n<script type=\"application\/ld+json\" class=\"yoast-schema-graph\">{\"@context\":\"https:\\\/\\\/schema.org\",\"@graph\":[{\"@type\":\"Article\",\"@id\":\"https:\\\/\\\/radioljubuski.ba\\\/index.php\\\/2022\\\/01\\\/01\\\/manekenka-otkrila-mracnu-tajnu-modne-industrije-znate-li-sto-rade-mrsavim-curama\\\/#article\",\"isPartOf\":{\"@id\":\"https:\\\/\\\/radioljubuski.ba\\\/index.php\\\/2022\\\/01\\\/01\\\/manekenka-otkrila-mracnu-tajnu-modne-industrije-znate-li-sto-rade-mrsavim-curama\\\/\"},\"author\":{\"name\":\"Radio Ljubu\u0161ki\",\"@id\":\"https:\\\/\\\/radioljubuski.ba\\\/#\\\/schema\\\/person\\\/19fc700381a780f69665d7956c469e3b\"},\"headline\":\"Manekenka otkrila mra\u010dnu tajnu modne industrije: \u2018Znate li \u0161to rade mr\u0161avim curama?!\u2018\",\"datePublished\":\"2022-01-01T17:11:17+00:00\",\"dateModified\":\"2022-01-01T17:11:19+00:00\",\"mainEntityOfPage\":{\"@id\":\"https:\\\/\\\/radioljubuski.ba\\\/index.php\\\/2022\\\/01\\\/01\\\/manekenka-otkrila-mracnu-tajnu-modne-industrije-znate-li-sto-rade-mrsavim-curama\\\/\"},\"wordCount\":629,\"publisher\":{\"@id\":\"https:\\\/\\\/radioljubuski.ba\\\/#organization\"},\"image\":{\"@id\":\"https:\\\/\\\/radioljubuski.ba\\\/index.php\\\/2022\\\/01\\\/01\\\/manekenka-otkrila-mracnu-tajnu-modne-industrije-znate-li-sto-rade-mrsavim-curama\\\/#primaryimage\"},\"thumbnailUrl\":\"https:\\\/\\\/radioljubuski.ba\\\/wp-content\\\/uploads\\\/2022\\\/01\\\/8-2021-12-31-20-46-47-karoline.jpg\",\"articleSection\":[\"BIH i regija\"],\"inLanguage\":\"hr\"},{\"@type\":\"WebPage\",\"@id\":\"https:\\\/\\\/radioljubuski.ba\\\/index.php\\\/2022\\\/01\\\/01\\\/manekenka-otkrila-mracnu-tajnu-modne-industrije-znate-li-sto-rade-mrsavim-curama\\\/\",\"url\":\"https:\\\/\\\/radioljubuski.ba\\\/index.php\\\/2022\\\/01\\\/01\\\/manekenka-otkrila-mracnu-tajnu-modne-industrije-znate-li-sto-rade-mrsavim-curama\\\/\",\"name\":\"Manekenka otkrila mra\u010dnu tajnu modne industrije: \u2018Znate li \u0161to rade mr\u0161avim curama?!\u2018 - RADIO LJUBU\u0160KI\",\"isPartOf\":{\"@id\":\"https:\\\/\\\/radioljubuski.ba\\\/#website\"},\"primaryImageOfPage\":{\"@id\":\"https:\\\/\\\/radioljubuski.ba\\\/index.php\\\/2022\\\/01\\\/01\\\/manekenka-otkrila-mracnu-tajnu-modne-industrije-znate-li-sto-rade-mrsavim-curama\\\/#primaryimage\"},\"image\":{\"@id\":\"https:\\\/\\\/radioljubuski.ba\\\/index.php\\\/2022\\\/01\\\/01\\\/manekenka-otkrila-mracnu-tajnu-modne-industrije-znate-li-sto-rade-mrsavim-curama\\\/#primaryimage\"},\"thumbnailUrl\":\"https:\\\/\\\/radioljubuski.ba\\\/wp-content\\\/uploads\\\/2022\\\/01\\\/8-2021-12-31-20-46-47-karoline.jpg\",\"datePublished\":\"2022-01-01T17:11:17+00:00\",\"dateModified\":\"2022-01-01T17:11:19+00:00\",\"breadcrumb\":{\"@id\":\"https:\\\/\\\/radioljubuski.ba\\\/index.php\\\/2022\\\/01\\\/01\\\/manekenka-otkrila-mracnu-tajnu-modne-industrije-znate-li-sto-rade-mrsavim-curama\\\/#breadcrumb\"},\"inLanguage\":\"hr\",\"potentialAction\":[{\"@type\":\"ReadAction\",\"target\":[\"https:\\\/\\\/radioljubuski.ba\\\/index.php\\\/2022\\\/01\\\/01\\\/manekenka-otkrila-mracnu-tajnu-modne-industrije-znate-li-sto-rade-mrsavim-curama\\\/\"]}]},{\"@type\":\"ImageObject\",\"inLanguage\":\"hr\",\"@id\":\"https:\\\/\\\/radioljubuski.ba\\\/index.php\\\/2022\\\/01\\\/01\\\/manekenka-otkrila-mracnu-tajnu-modne-industrije-znate-li-sto-rade-mrsavim-curama\\\/#primaryimage\",\"url\":\"https:\\\/\\\/radioljubuski.ba\\\/wp-content\\\/uploads\\\/2022\\\/01\\\/8-2021-12-31-20-46-47-karoline.jpg\",\"contentUrl\":\"https:\\\/\\\/radioljubuski.ba\\\/wp-content\\\/uploads\\\/2022\\\/01\\\/8-2021-12-31-20-46-47-karoline.jpg\",\"width\":1000,\"height\":625},{\"@type\":\"BreadcrumbList\",\"@id\":\"https:\\\/\\\/radioljubuski.ba\\\/index.php\\\/2022\\\/01\\\/01\\\/manekenka-otkrila-mracnu-tajnu-modne-industrije-znate-li-sto-rade-mrsavim-curama\\\/#breadcrumb\",\"itemListElement\":[{\"@type\":\"ListItem\",\"position\":1,\"name\":\"Po\u010detna stranica\",\"item\":\"https:\\\/\\\/radioljubuski.ba\\\/\"},{\"@type\":\"ListItem\",\"position\":2,\"name\":\"Manekenka otkrila mra\u010dnu tajnu modne industrije: \u2018Znate li \u0161to rade mr\u0161avim curama?!\u2018\"}]},{\"@type\":\"WebSite\",\"@id\":\"https:\\\/\\\/radioljubuski.ba\\\/#website\",\"url\":\"https:\\\/\\\/radioljubuski.ba\\\/\",\"name\":\"Radio Ljubu\u0161ki\",\"description\":\"Sun\u010dana frekvencija Hercegovine\",\"publisher\":{\"@id\":\"https:\\\/\\\/radioljubuski.ba\\\/#organization\"},\"potentialAction\":[{\"@type\":\"SearchAction\",\"target\":{\"@type\":\"EntryPoint\",\"urlTemplate\":\"https:\\\/\\\/radioljubuski.ba\\\/?s={search_term_string}\"},\"query-input\":{\"@type\":\"PropertyValueSpecification\",\"valueRequired\":true,\"valueName\":\"search_term_string\"}}],\"inLanguage\":\"hr\"},{\"@type\":\"Organization\",\"@id\":\"https:\\\/\\\/radioljubuski.ba\\\/#organization\",\"name\":\"Radio Ljubu\u0161ki\",\"url\":\"https:\\\/\\\/radioljubuski.ba\\\/\",\"logo\":{\"@type\":\"ImageObject\",\"inLanguage\":\"hr\",\"@id\":\"https:\\\/\\\/radioljubuski.ba\\\/#\\\/schema\\\/logo\\\/image\\\/\",\"url\":\"https:\\\/\\\/radioljubuski.ba\\\/wp-content\\\/uploads\\\/2021\\\/02\\\/cropped-Radio_Ljubuski_logo1.jpg\",\"contentUrl\":\"https:\\\/\\\/radioljubuski.ba\\\/wp-content\\\/uploads\\\/2021\\\/02\\\/cropped-Radio_Ljubuski_logo1.jpg\",\"width\":512,\"height\":512,\"caption\":\"Radio Ljubu\u0161ki\"},\"image\":{\"@id\":\"https:\\\/\\\/radioljubuski.ba\\\/#\\\/schema\\\/logo\\\/image\\\/\"},\"sameAs\":[\"https:\\\/\\\/www.facebook.com\\\/Radiio-Ljubuski-1490835324566332\",\"https:\\\/\\\/x.com\\\/radioljubuski\",\"https:\\\/\\\/hr.linkedin.com\\\/company\\\/radio-ljubuski\",\"https:\\\/\\\/www.youtube.com\\\/channel\\\/UCHYaeO_n0Db3tjNGudGpXyw\"]},{\"@type\":\"Person\",\"@id\":\"https:\\\/\\\/radioljubuski.ba\\\/#\\\/schema\\\/person\\\/19fc700381a780f69665d7956c469e3b\",\"name\":\"Radio Ljubu\u0161ki\"}]}<\/script>\n<!-- \/ Yoast SEO plugin. -->","yoast_head_json":{"title":"Manekenka otkrila mra\u010dnu tajnu modne industrije: \u2018Znate li \u0161to rade mr\u0161avim curama?!\u2018 - RADIO LJUBU\u0160KI","robots":{"index":"index","follow":"follow","max-snippet":"max-snippet:-1","max-image-preview":"max-image-preview:large","max-video-preview":"max-video-preview:-1"},"canonical":"https:\/\/radioljubuski.ba\/index.php\/2022\/01\/01\/manekenka-otkrila-mracnu-tajnu-modne-industrije-znate-li-sto-rade-mrsavim-curama\/","og_locale":"hr_HR","og_type":"article","og_title":"Manekenka otkrila mra\u010dnu tajnu modne industrije: \u2018Znate li \u0161to rade mr\u0161avim curama?!\u2018 - RADIO LJUBU\u0160KI","og_description":"Nekoliko tjedana nakon \u0161to ju je u dobi od 15 godina uo\u010dio modni agent, Karoline Bjornelykke nosila je u Parizu reviju Chanela, pi\u0161e&nbsp;The Times. Ubrzo su stigli i poslovi za druge modne ku\u0107e, uklju\u010duju\u0107i Armani i Louis Vuitton, a crvenokosa je norve\u0161ka manekenka predstavljena u Vogueu Japan i u dokumentarcu o zvijezdama u usponu u [&hellip;]","og_url":"https:\/\/radioljubuski.ba\/index.php\/2022\/01\/01\/manekenka-otkrila-mracnu-tajnu-modne-industrije-znate-li-sto-rade-mrsavim-curama\/","og_site_name":"RADIO LJUBU\u0160KI","article_publisher":"https:\/\/www.facebook.com\/Radiio-Ljubuski-1490835324566332","article_published_time":"2022-01-01T17:11:17+00:00","article_modified_time":"2022-01-01T17:11:19+00:00","og_image":[{"width":1000,"height":625,"url":"https:\/\/radioljubuski.ba\/wp-content\/uploads\/2022\/01\/8-2021-12-31-20-46-47-karoline.jpg","type":"image\/jpeg"}],"author":"Radio Ljubu\u0161ki","twitter_card":"summary_large_image","twitter_creator":"@radioljubuski","twitter_site":"@radioljubuski","twitter_misc":{"Napisao\/la":"Radio Ljubu\u0161ki","Procijenjeno vrijeme \u010ditanja":"3 minute"},"schema":{"@context":"https:\/\/schema.org","@graph":[{"@type":"Article","@id":"https:\/\/radioljubuski.ba\/index.php\/2022\/01\/01\/manekenka-otkrila-mracnu-tajnu-modne-industrije-znate-li-sto-rade-mrsavim-curama\/#article","isPartOf":{"@id":"https:\/\/radioljubuski.ba\/index.php\/2022\/01\/01\/manekenka-otkrila-mracnu-tajnu-modne-industrije-znate-li-sto-rade-mrsavim-curama\/"},"author":{"name":"Radio Ljubu\u0161ki","@id":"https:\/\/radioljubuski.ba\/#\/schema\/person\/19fc700381a780f69665d7956c469e3b"},"headline":"Manekenka otkrila mra\u010dnu tajnu modne industrije: \u2018Znate li \u0161to rade mr\u0161avim curama?!\u2018","datePublished":"2022-01-01T17:11:17+00:00","dateModified":"2022-01-01T17:11:19+00:00","mainEntityOfPage":{"@id":"https:\/\/radioljubuski.ba\/index.php\/2022\/01\/01\/manekenka-otkrila-mracnu-tajnu-modne-industrije-znate-li-sto-rade-mrsavim-curama\/"},"wordCount":629,"publisher":{"@id":"https:\/\/radioljubuski.ba\/#organization"},"image":{"@id":"https:\/\/radioljubuski.ba\/index.php\/2022\/01\/01\/manekenka-otkrila-mracnu-tajnu-modne-industrije-znate-li-sto-rade-mrsavim-curama\/#primaryimage"},"thumbnailUrl":"https:\/\/radioljubuski.ba\/wp-content\/uploads\/2022\/01\/8-2021-12-31-20-46-47-karoline.jpg","articleSection":["BIH i regija"],"inLanguage":"hr"},{"@type":"WebPage","@id":"https:\/\/radioljubuski.ba\/index.php\/2022\/01\/01\/manekenka-otkrila-mracnu-tajnu-modne-industrije-znate-li-sto-rade-mrsavim-curama\/","url":"https:\/\/radioljubuski.ba\/index.php\/2022\/01\/01\/manekenka-otkrila-mracnu-tajnu-modne-industrije-znate-li-sto-rade-mrsavim-curama\/","name":"Manekenka otkrila mra\u010dnu tajnu modne industrije: \u2018Znate li \u0161to rade mr\u0161avim curama?!\u2018 - RADIO LJUBU\u0160KI","isPartOf":{"@id":"https:\/\/radioljubuski.ba\/#website"},"primaryImageOfPage":{"@id":"https:\/\/radioljubuski.ba\/index.php\/2022\/01\/01\/manekenka-otkrila-mracnu-tajnu-modne-industrije-znate-li-sto-rade-mrsavim-curama\/#primaryimage"},"image":{"@id":"https:\/\/radioljubuski.ba\/index.php\/2022\/01\/01\/manekenka-otkrila-mracnu-tajnu-modne-industrije-znate-li-sto-rade-mrsavim-curama\/#primaryimage"},"thumbnailUrl":"https:\/\/radioljubuski.ba\/wp-content\/uploads\/2022\/01\/8-2021-12-31-20-46-47-karoline.jpg","datePublished":"2022-01-01T17:11:17+00:00","dateModified":"2022-01-01T17:11:19+00:00","breadcrumb":{"@id":"https:\/\/radioljubuski.ba\/index.php\/2022\/01\/01\/manekenka-otkrila-mracnu-tajnu-modne-industrije-znate-li-sto-rade-mrsavim-curama\/#breadcrumb"},"inLanguage":"hr","potentialAction":[{"@type":"ReadAction","target":["https:\/\/radioljubuski.ba\/index.php\/2022\/01\/01\/manekenka-otkrila-mracnu-tajnu-modne-industrije-znate-li-sto-rade-mrsavim-curama\/"]}]},{"@type":"ImageObject","inLanguage":"hr","@id":"https:\/\/radioljubuski.ba\/index.php\/2022\/01\/01\/manekenka-otkrila-mracnu-tajnu-modne-industrije-znate-li-sto-rade-mrsavim-curama\/#primaryimage","url":"https:\/\/radioljubuski.ba\/wp-content\/uploads\/2022\/01\/8-2021-12-31-20-46-47-karoline.jpg","contentUrl":"https:\/\/radioljubuski.ba\/wp-content\/uploads\/2022\/01\/8-2021-12-31-20-46-47-karoline.jpg","width":1000,"height":625},{"@type":"BreadcrumbList","@id":"https:\/\/radioljubuski.ba\/index.php\/2022\/01\/01\/manekenka-otkrila-mracnu-tajnu-modne-industrije-znate-li-sto-rade-mrsavim-curama\/#breadcrumb","itemListElement":[{"@type":"ListItem","position":1,"name":"Po\u010detna stranica","item":"https:\/\/radioljubuski.ba\/"},{"@type":"ListItem","position":2,"name":"Manekenka otkrila mra\u010dnu tajnu modne industrije: \u2018Znate li \u0161to rade mr\u0161avim curama?!\u2018"}]},{"@type":"WebSite","@id":"https:\/\/radioljubuski.ba\/#website","url":"https:\/\/radioljubuski.ba\/","name":"Radio Ljubu\u0161ki","description":"Sun\u010dana frekvencija Hercegovine","publisher":{"@id":"https:\/\/radioljubuski.ba\/#organization"},"potentialAction":[{"@type":"SearchAction","target":{"@type":"EntryPoint","urlTemplate":"https:\/\/radioljubuski.ba\/?s={search_term_string}"},"query-input":{"@type":"PropertyValueSpecification","valueRequired":true,"valueName":"search_term_string"}}],"inLanguage":"hr"},{"@type":"Organization","@id":"https:\/\/radioljubuski.ba\/#organization","name":"Radio Ljubu\u0161ki","url":"https:\/\/radioljubuski.ba\/","logo":{"@type":"ImageObject","inLanguage":"hr","@id":"https:\/\/radioljubuski.ba\/#\/schema\/logo\/image\/","url":"https:\/\/radioljubuski.ba\/wp-content\/uploads\/2021\/02\/cropped-Radio_Ljubuski_logo1.jpg","contentUrl":"https:\/\/radioljubuski.ba\/wp-content\/uploads\/2021\/02\/cropped-Radio_Ljubuski_logo1.jpg","width":512,"height":512,"caption":"Radio Ljubu\u0161ki"},"image":{"@id":"https:\/\/radioljubuski.ba\/#\/schema\/logo\/image\/"},"sameAs":["https:\/\/www.facebook.com\/Radiio-Ljubuski-1490835324566332","https:\/\/x.com\/radioljubuski","https:\/\/hr.linkedin.com\/company\/radio-ljubuski","https:\/\/www.youtube.com\/channel\/UCHYaeO_n0Db3tjNGudGpXyw"]},{"@type":"Person","@id":"https:\/\/radioljubuski.ba\/#\/schema\/person\/19fc700381a780f69665d7956c469e3b","name":"Radio Ljubu\u0161ki"}]}},"_links":{"self":[{"href":"https:\/\/radioljubuski.ba\/index.php\/wp-json\/wp\/v2\/posts\/104458","targetHints":{"allow":["GET"]}}],"collection":[{"href":"https:\/\/radioljubuski.ba\/index.php\/wp-json\/wp\/v2\/posts"}],"about":[{"href":"https:\/\/radioljubuski.ba\/index.php\/wp-json\/wp\/v2\/types\/post"}],"author":[{"embeddable":true,"href":"https:\/\/radioljubuski.ba\/index.php\/wp-json\/wp\/v2\/users\/2"}],"replies":[{"embeddable":true,"href":"https:\/\/radioljubuski.ba\/index.php\/wp-json\/wp\/v2\/comments?post=104458"}],"version-history":[{"count":1,"href":"https:\/\/radioljubuski.ba\/index.php\/wp-json\/wp\/v2\/posts\/104458\/revisions"}],"predecessor-version":[{"id":104460,"href":"https:\/\/radioljubuski.ba\/index.php\/wp-json\/wp\/v2\/posts\/104458\/revisions\/104460"}],"wp:featuredmedia":[{"embeddable":true,"href":"https:\/\/radioljubuski.ba\/index.php\/wp-json\/wp\/v2\/media\/104459"}],"wp:attachment":[{"href":"https:\/\/radioljubuski.ba\/index.php\/wp-json\/wp\/v2\/media?parent=104458"}],"wp:term":[{"taxonomy":"category","embeddable":true,"href":"https:\/\/radioljubuski.ba\/index.php\/wp-json\/wp\/v2\/categories?post=104458"},{"taxonomy":"post_tag","embeddable":true,"href":"https:\/\/radioljubuski.ba\/index.php\/wp-json\/wp\/v2\/tags?post=104458"}],"curies":[{"name":"wp","href":"https:\/\/api.w.org\/{rel}","templated":true}]}}