{"id":104489,"date":"2022-01-01T19:19:08","date_gmt":"2022-01-01T18:19:08","guid":{"rendered":"https:\/\/radioljubuski.ba\/?p=104489"},"modified":"2022-01-01T19:19:10","modified_gmt":"2022-01-01T18:19:10","slug":"u-beogradu-na-staru-godinu-nestao-mladi-splicanin","status":"publish","type":"post","link":"https:\/\/radioljubuski.ba\/index.php\/2022\/01\/01\/u-beogradu-na-staru-godinu-nestao-mladi-splicanin\/","title":{"rendered":"U Beogradu na Staru godinu nestao mladi Spli\u0107anin"},"content":{"rendered":"\n<p>Na web stranici MUP-a posve\u0107enoj nestalim osobama, Nestali.hr, objavljena je informacija o Spli\u0107aninu koji je na Staru godinu nestao u Beogradu.<\/p>\n\n\n\n<p>Nestao je 27-godi\u0161nji Spli\u0107anin Matej Peri\u0161, koji je posljednji put vi\u0111en sino\u0107 u Beogradu.<\/p>\n\n\n\n<p>Visok je 188 centimetara, ja\u010de je tjelesne gra\u0111e, plave kose i o\u010diju.<\/p>\n\n\n\n<p>Ako imate informacije o Mateju Peri\u0161u, javite ih u najbli\u017eu policijsku postaju ili na broj telefona 192.<\/p>\n\n\n\n<figure class=\"wp-block-image\"><img decoding=\"async\" src=\"https:\/\/storage.pogled.ba\/images\/47f1\/d764\/220459\/original\/8-2022-01-01-17-23-13-29bf3f1146f2df6d0820d3061f7c829d.png\" alt=\"\"\/><\/figure>\n\n\n\n<p>Izvor:pogled.ba<\/p>\n","protected":false},"excerpt":{"rendered":"<p>Na web stranici MUP-a posve\u0107enoj nestalim osobama, Nestali.hr, objavljena je informacija o Spli\u0107aninu koji je na Staru godinu nestao u Beogradu. Nestao je 27-godi\u0161nji Spli\u0107anin Matej Peri\u0161, koji je posljednji put vi\u0111en sino\u0107 u Beogradu. Visok je 188 centimetara, ja\u010de je tjelesne gra\u0111e, plave kose i o\u010diju. Ako imate informacije o Mateju Peri\u0161u, javite ih [&hellip;]<\/p>\n","protected":false},"author":2,"featured_media":104490,"comment_status":"closed","ping_status":"closed","sticky":false,"template":"","format":"standard","meta":{"h5ap_radio_sources":[],"footnotes":""},"categories":[1],"tags":[],"class_list":["post-104489","post","type-post","status-publish","format-standard","has-post-thumbnail","hentry","category-bihiregija"],"yoast_head":"<!-- This site is optimized with the Yoast SEO plugin v27.4 - https:\/\/yoast.com\/product\/yoast-seo-wordpress\/ -->\n<title>U Beogradu na Staru godinu nestao mladi Spli\u0107anin - RADIO LJUBU\u0160KI<\/title>\n<meta name=\"robots\" content=\"index, follow, max-snippet:-1, max-image-preview:large, max-video-preview:-1\" \/>\n<link rel=\"canonical\" href=\"https:\/\/radioljubuski.ba\/index.php\/2022\/01\/01\/u-beogradu-na-staru-godinu-nestao-mladi-splicanin\/\" \/>\n<meta property=\"og:locale\" content=\"hr_HR\" \/>\n<meta property=\"og:type\" content=\"article\" \/>\n<meta property=\"og:title\" content=\"U Beogradu na Staru godinu nestao mladi Spli\u0107anin - RADIO LJUBU\u0160KI\" \/>\n<meta property=\"og:description\" content=\"Na web stranici MUP-a posve\u0107enoj nestalim osobama, Nestali.hr, objavljena je informacija o Spli\u0107aninu koji je na Staru godinu nestao u Beogradu. Nestao je 27-godi\u0161nji Spli\u0107anin Matej Peri\u0161, koji je posljednji put vi\u0111en sino\u0107 u Beogradu. Visok je 188 centimetara, ja\u010de je tjelesne gra\u0111e, plave kose i o\u010diju. Ako imate informacije o Mateju Peri\u0161u, javite ih [&hellip;]\" \/>\n<meta property=\"og:url\" content=\"https:\/\/radioljubuski.ba\/index.php\/2022\/01\/01\/u-beogradu-na-staru-godinu-nestao-mladi-splicanin\/\" \/>\n<meta property=\"og:site_name\" content=\"RADIO LJUBU\u0160KI\" \/>\n<meta property=\"article:publisher\" content=\"https:\/\/www.facebook.com\/Radiio-Ljubuski-1490835324566332\" \/>\n<meta property=\"article:published_time\" content=\"2022-01-01T18:19:08+00:00\" \/>\n<meta property=\"article:modified_time\" content=\"2022-01-01T18:19:10+00:00\" \/>\n<meta property=\"og:image\" content=\"https:\/\/radioljubuski.ba\/wp-content\/uploads\/2022\/01\/8-2022-01-01-17-23-17-matej-nestanak.jpg\" \/>\n\t<meta property=\"og:image:width\" content=\"1000\" \/>\n\t<meta property=\"og:image:height\" content=\"625\" \/>\n\t<meta property=\"og:image:type\" content=\"image\/jpeg\" \/>\n<meta name=\"author\" content=\"Radio Ljubu\u0161ki\" \/>\n<meta name=\"twitter:card\" content=\"summary_large_image\" \/>\n<meta name=\"twitter:creator\" content=\"@radioljubuski\" \/>\n<meta name=\"twitter:site\" content=\"@radioljubuski\" \/>\n<meta name=\"twitter:label1\" content=\"Napisao\/la\" \/>\n\t<meta name=\"twitter:data1\" content=\"Radio Ljubu\u0161ki\" \/>\n\t<meta name=\"twitter:label2\" content=\"Procijenjeno vrijeme \u010ditanja\" \/>\n\t<meta name=\"twitter:data2\" content=\"1 minuta\" \/>\n<script type=\"application\/ld+json\" class=\"yoast-schema-graph\">{\"@context\":\"https:\\\/\\\/schema.org\",\"@graph\":[{\"@type\":\"Article\",\"@id\":\"https:\\\/\\\/radioljubuski.ba\\\/index.php\\\/2022\\\/01\\\/01\\\/u-beogradu-na-staru-godinu-nestao-mladi-splicanin\\\/#article\",\"isPartOf\":{\"@id\":\"https:\\\/\\\/radioljubuski.ba\\\/index.php\\\/2022\\\/01\\\/01\\\/u-beogradu-na-staru-godinu-nestao-mladi-splicanin\\\/\"},\"author\":{\"name\":\"Radio Ljubu\u0161ki\",\"@id\":\"https:\\\/\\\/radioljubuski.ba\\\/#\\\/schema\\\/person\\\/19fc700381a780f69665d7956c469e3b\"},\"headline\":\"U Beogradu na Staru godinu nestao mladi Spli\u0107anin\",\"datePublished\":\"2022-01-01T18:19:08+00:00\",\"dateModified\":\"2022-01-01T18:19:10+00:00\",\"mainEntityOfPage\":{\"@id\":\"https:\\\/\\\/radioljubuski.ba\\\/index.php\\\/2022\\\/01\\\/01\\\/u-beogradu-na-staru-godinu-nestao-mladi-splicanin\\\/\"},\"wordCount\":85,\"publisher\":{\"@id\":\"https:\\\/\\\/radioljubuski.ba\\\/#organization\"},\"image\":{\"@id\":\"https:\\\/\\\/radioljubuski.ba\\\/index.php\\\/2022\\\/01\\\/01\\\/u-beogradu-na-staru-godinu-nestao-mladi-splicanin\\\/#primaryimage\"},\"thumbnailUrl\":\"https:\\\/\\\/radioljubuski.ba\\\/wp-content\\\/uploads\\\/2022\\\/01\\\/8-2022-01-01-17-23-17-matej-nestanak.jpg\",\"articleSection\":[\"BIH i regija\"],\"inLanguage\":\"hr\"},{\"@type\":\"WebPage\",\"@id\":\"https:\\\/\\\/radioljubuski.ba\\\/index.php\\\/2022\\\/01\\\/01\\\/u-beogradu-na-staru-godinu-nestao-mladi-splicanin\\\/\",\"url\":\"https:\\\/\\\/radioljubuski.ba\\\/index.php\\\/2022\\\/01\\\/01\\\/u-beogradu-na-staru-godinu-nestao-mladi-splicanin\\\/\",\"name\":\"U Beogradu na Staru godinu nestao mladi Spli\u0107anin - RADIO LJUBU\u0160KI\",\"isPartOf\":{\"@id\":\"https:\\\/\\\/radioljubuski.ba\\\/#website\"},\"primaryImageOfPage\":{\"@id\":\"https:\\\/\\\/radioljubuski.ba\\\/index.php\\\/2022\\\/01\\\/01\\\/u-beogradu-na-staru-godinu-nestao-mladi-splicanin\\\/#primaryimage\"},\"image\":{\"@id\":\"https:\\\/\\\/radioljubuski.ba\\\/index.php\\\/2022\\\/01\\\/01\\\/u-beogradu-na-staru-godinu-nestao-mladi-splicanin\\\/#primaryimage\"},\"thumbnailUrl\":\"https:\\\/\\\/radioljubuski.ba\\\/wp-content\\\/uploads\\\/2022\\\/01\\\/8-2022-01-01-17-23-17-matej-nestanak.jpg\",\"datePublished\":\"2022-01-01T18:19:08+00:00\",\"dateModified\":\"2022-01-01T18:19:10+00:00\",\"breadcrumb\":{\"@id\":\"https:\\\/\\\/radioljubuski.ba\\\/index.php\\\/2022\\\/01\\\/01\\\/u-beogradu-na-staru-godinu-nestao-mladi-splicanin\\\/#breadcrumb\"},\"inLanguage\":\"hr\",\"potentialAction\":[{\"@type\":\"ReadAction\",\"target\":[\"https:\\\/\\\/radioljubuski.ba\\\/index.php\\\/2022\\\/01\\\/01\\\/u-beogradu-na-staru-godinu-nestao-mladi-splicanin\\\/\"]}]},{\"@type\":\"ImageObject\",\"inLanguage\":\"hr\",\"@id\":\"https:\\\/\\\/radioljubuski.ba\\\/index.php\\\/2022\\\/01\\\/01\\\/u-beogradu-na-staru-godinu-nestao-mladi-splicanin\\\/#primaryimage\",\"url\":\"https:\\\/\\\/radioljubuski.ba\\\/wp-content\\\/uploads\\\/2022\\\/01\\\/8-2022-01-01-17-23-17-matej-nestanak.jpg\",\"contentUrl\":\"https:\\\/\\\/radioljubuski.ba\\\/wp-content\\\/uploads\\\/2022\\\/01\\\/8-2022-01-01-17-23-17-matej-nestanak.jpg\",\"width\":1000,\"height\":625},{\"@type\":\"BreadcrumbList\",\"@id\":\"https:\\\/\\\/radioljubuski.ba\\\/index.php\\\/2022\\\/01\\\/01\\\/u-beogradu-na-staru-godinu-nestao-mladi-splicanin\\\/#breadcrumb\",\"itemListElement\":[{\"@type\":\"ListItem\",\"position\":1,\"name\":\"Po\u010detna stranica\",\"item\":\"https:\\\/\\\/radioljubuski.ba\\\/\"},{\"@type\":\"ListItem\",\"position\":2,\"name\":\"U Beogradu na Staru godinu nestao mladi Spli\u0107anin\"}]},{\"@type\":\"WebSite\",\"@id\":\"https:\\\/\\\/radioljubuski.ba\\\/#website\",\"url\":\"https:\\\/\\\/radioljubuski.ba\\\/\",\"name\":\"Radio Ljubu\u0161ki\",\"description\":\"Sun\u010dana frekvencija Hercegovine\",\"publisher\":{\"@id\":\"https:\\\/\\\/radioljubuski.ba\\\/#organization\"},\"potentialAction\":[{\"@type\":\"SearchAction\",\"target\":{\"@type\":\"EntryPoint\",\"urlTemplate\":\"https:\\\/\\\/radioljubuski.ba\\\/?s={search_term_string}\"},\"query-input\":{\"@type\":\"PropertyValueSpecification\",\"valueRequired\":true,\"valueName\":\"search_term_string\"}}],\"inLanguage\":\"hr\"},{\"@type\":\"Organization\",\"@id\":\"https:\\\/\\\/radioljubuski.ba\\\/#organization\",\"name\":\"Radio Ljubu\u0161ki\",\"url\":\"https:\\\/\\\/radioljubuski.ba\\\/\",\"logo\":{\"@type\":\"ImageObject\",\"inLanguage\":\"hr\",\"@id\":\"https:\\\/\\\/radioljubuski.ba\\\/#\\\/schema\\\/logo\\\/image\\\/\",\"url\":\"https:\\\/\\\/radioljubuski.ba\\\/wp-content\\\/uploads\\\/2021\\\/02\\\/cropped-Radio_Ljubuski_logo1.jpg\",\"contentUrl\":\"https:\\\/\\\/radioljubuski.ba\\\/wp-content\\\/uploads\\\/2021\\\/02\\\/cropped-Radio_Ljubuski_logo1.jpg\",\"width\":512,\"height\":512,\"caption\":\"Radio Ljubu\u0161ki\"},\"image\":{\"@id\":\"https:\\\/\\\/radioljubuski.ba\\\/#\\\/schema\\\/logo\\\/image\\\/\"},\"sameAs\":[\"https:\\\/\\\/www.facebook.com\\\/Radiio-Ljubuski-1490835324566332\",\"https:\\\/\\\/x.com\\\/radioljubuski\",\"https:\\\/\\\/hr.linkedin.com\\\/company\\\/radio-ljubuski\",\"https:\\\/\\\/www.youtube.com\\\/channel\\\/UCHYaeO_n0Db3tjNGudGpXyw\"]},{\"@type\":\"Person\",\"@id\":\"https:\\\/\\\/radioljubuski.ba\\\/#\\\/schema\\\/person\\\/19fc700381a780f69665d7956c469e3b\",\"name\":\"Radio Ljubu\u0161ki\"}]}<\/script>\n<!-- \/ Yoast SEO plugin. -->","yoast_head_json":{"title":"U Beogradu na Staru godinu nestao mladi Spli\u0107anin - RADIO LJUBU\u0160KI","robots":{"index":"index","follow":"follow","max-snippet":"max-snippet:-1","max-image-preview":"max-image-preview:large","max-video-preview":"max-video-preview:-1"},"canonical":"https:\/\/radioljubuski.ba\/index.php\/2022\/01\/01\/u-beogradu-na-staru-godinu-nestao-mladi-splicanin\/","og_locale":"hr_HR","og_type":"article","og_title":"U Beogradu na Staru godinu nestao mladi Spli\u0107anin - RADIO LJUBU\u0160KI","og_description":"Na web stranici MUP-a posve\u0107enoj nestalim osobama, Nestali.hr, objavljena je informacija o Spli\u0107aninu koji je na Staru godinu nestao u Beogradu. Nestao je 27-godi\u0161nji Spli\u0107anin Matej Peri\u0161, koji je posljednji put vi\u0111en sino\u0107 u Beogradu. Visok je 188 centimetara, ja\u010de je tjelesne gra\u0111e, plave kose i o\u010diju. Ako imate informacije o Mateju Peri\u0161u, javite ih [&hellip;]","og_url":"https:\/\/radioljubuski.ba\/index.php\/2022\/01\/01\/u-beogradu-na-staru-godinu-nestao-mladi-splicanin\/","og_site_name":"RADIO LJUBU\u0160KI","article_publisher":"https:\/\/www.facebook.com\/Radiio-Ljubuski-1490835324566332","article_published_time":"2022-01-01T18:19:08+00:00","article_modified_time":"2022-01-01T18:19:10+00:00","og_image":[{"width":1000,"height":625,"url":"https:\/\/radioljubuski.ba\/wp-content\/uploads\/2022\/01\/8-2022-01-01-17-23-17-matej-nestanak.jpg","type":"image\/jpeg"}],"author":"Radio Ljubu\u0161ki","twitter_card":"summary_large_image","twitter_creator":"@radioljubuski","twitter_site":"@radioljubuski","twitter_misc":{"Napisao\/la":"Radio Ljubu\u0161ki","Procijenjeno vrijeme \u010ditanja":"1 minuta"},"schema":{"@context":"https:\/\/schema.org","@graph":[{"@type":"Article","@id":"https:\/\/radioljubuski.ba\/index.php\/2022\/01\/01\/u-beogradu-na-staru-godinu-nestao-mladi-splicanin\/#article","isPartOf":{"@id":"https:\/\/radioljubuski.ba\/index.php\/2022\/01\/01\/u-beogradu-na-staru-godinu-nestao-mladi-splicanin\/"},"author":{"name":"Radio Ljubu\u0161ki","@id":"https:\/\/radioljubuski.ba\/#\/schema\/person\/19fc700381a780f69665d7956c469e3b"},"headline":"U Beogradu na Staru godinu nestao mladi Spli\u0107anin","datePublished":"2022-01-01T18:19:08+00:00","dateModified":"2022-01-01T18:19:10+00:00","mainEntityOfPage":{"@id":"https:\/\/radioljubuski.ba\/index.php\/2022\/01\/01\/u-beogradu-na-staru-godinu-nestao-mladi-splicanin\/"},"wordCount":85,"publisher":{"@id":"https:\/\/radioljubuski.ba\/#organization"},"image":{"@id":"https:\/\/radioljubuski.ba\/index.php\/2022\/01\/01\/u-beogradu-na-staru-godinu-nestao-mladi-splicanin\/#primaryimage"},"thumbnailUrl":"https:\/\/radioljubuski.ba\/wp-content\/uploads\/2022\/01\/8-2022-01-01-17-23-17-matej-nestanak.jpg","articleSection":["BIH i regija"],"inLanguage":"hr"},{"@type":"WebPage","@id":"https:\/\/radioljubuski.ba\/index.php\/2022\/01\/01\/u-beogradu-na-staru-godinu-nestao-mladi-splicanin\/","url":"https:\/\/radioljubuski.ba\/index.php\/2022\/01\/01\/u-beogradu-na-staru-godinu-nestao-mladi-splicanin\/","name":"U Beogradu na Staru godinu nestao mladi Spli\u0107anin - RADIO LJUBU\u0160KI","isPartOf":{"@id":"https:\/\/radioljubuski.ba\/#website"},"primaryImageOfPage":{"@id":"https:\/\/radioljubuski.ba\/index.php\/2022\/01\/01\/u-beogradu-na-staru-godinu-nestao-mladi-splicanin\/#primaryimage"},"image":{"@id":"https:\/\/radioljubuski.ba\/index.php\/2022\/01\/01\/u-beogradu-na-staru-godinu-nestao-mladi-splicanin\/#primaryimage"},"thumbnailUrl":"https:\/\/radioljubuski.ba\/wp-content\/uploads\/2022\/01\/8-2022-01-01-17-23-17-matej-nestanak.jpg","datePublished":"2022-01-01T18:19:08+00:00","dateModified":"2022-01-01T18:19:10+00:00","breadcrumb":{"@id":"https:\/\/radioljubuski.ba\/index.php\/2022\/01\/01\/u-beogradu-na-staru-godinu-nestao-mladi-splicanin\/#breadcrumb"},"inLanguage":"hr","potentialAction":[{"@type":"ReadAction","target":["https:\/\/radioljubuski.ba\/index.php\/2022\/01\/01\/u-beogradu-na-staru-godinu-nestao-mladi-splicanin\/"]}]},{"@type":"ImageObject","inLanguage":"hr","@id":"https:\/\/radioljubuski.ba\/index.php\/2022\/01\/01\/u-beogradu-na-staru-godinu-nestao-mladi-splicanin\/#primaryimage","url":"https:\/\/radioljubuski.ba\/wp-content\/uploads\/2022\/01\/8-2022-01-01-17-23-17-matej-nestanak.jpg","contentUrl":"https:\/\/radioljubuski.ba\/wp-content\/uploads\/2022\/01\/8-2022-01-01-17-23-17-matej-nestanak.jpg","width":1000,"height":625},{"@type":"BreadcrumbList","@id":"https:\/\/radioljubuski.ba\/index.php\/2022\/01\/01\/u-beogradu-na-staru-godinu-nestao-mladi-splicanin\/#breadcrumb","itemListElement":[{"@type":"ListItem","position":1,"name":"Po\u010detna stranica","item":"https:\/\/radioljubuski.ba\/"},{"@type":"ListItem","position":2,"name":"U Beogradu na Staru godinu nestao mladi Spli\u0107anin"}]},{"@type":"WebSite","@id":"https:\/\/radioljubuski.ba\/#website","url":"https:\/\/radioljubuski.ba\/","name":"Radio Ljubu\u0161ki","description":"Sun\u010dana frekvencija Hercegovine","publisher":{"@id":"https:\/\/radioljubuski.ba\/#organization"},"potentialAction":[{"@type":"SearchAction","target":{"@type":"EntryPoint","urlTemplate":"https:\/\/radioljubuski.ba\/?s={search_term_string}"},"query-input":{"@type":"PropertyValueSpecification","valueRequired":true,"valueName":"search_term_string"}}],"inLanguage":"hr"},{"@type":"Organization","@id":"https:\/\/radioljubuski.ba\/#organization","name":"Radio Ljubu\u0161ki","url":"https:\/\/radioljubuski.ba\/","logo":{"@type":"ImageObject","inLanguage":"hr","@id":"https:\/\/radioljubuski.ba\/#\/schema\/logo\/image\/","url":"https:\/\/radioljubuski.ba\/wp-content\/uploads\/2021\/02\/cropped-Radio_Ljubuski_logo1.jpg","contentUrl":"https:\/\/radioljubuski.ba\/wp-content\/uploads\/2021\/02\/cropped-Radio_Ljubuski_logo1.jpg","width":512,"height":512,"caption":"Radio Ljubu\u0161ki"},"image":{"@id":"https:\/\/radioljubuski.ba\/#\/schema\/logo\/image\/"},"sameAs":["https:\/\/www.facebook.com\/Radiio-Ljubuski-1490835324566332","https:\/\/x.com\/radioljubuski","https:\/\/hr.linkedin.com\/company\/radio-ljubuski","https:\/\/www.youtube.com\/channel\/UCHYaeO_n0Db3tjNGudGpXyw"]},{"@type":"Person","@id":"https:\/\/radioljubuski.ba\/#\/schema\/person\/19fc700381a780f69665d7956c469e3b","name":"Radio Ljubu\u0161ki"}]}},"_links":{"self":[{"href":"https:\/\/radioljubuski.ba\/index.php\/wp-json\/wp\/v2\/posts\/104489","targetHints":{"allow":["GET"]}}],"collection":[{"href":"https:\/\/radioljubuski.ba\/index.php\/wp-json\/wp\/v2\/posts"}],"about":[{"href":"https:\/\/radioljubuski.ba\/index.php\/wp-json\/wp\/v2\/types\/post"}],"author":[{"embeddable":true,"href":"https:\/\/radioljubuski.ba\/index.php\/wp-json\/wp\/v2\/users\/2"}],"replies":[{"embeddable":true,"href":"https:\/\/radioljubuski.ba\/index.php\/wp-json\/wp\/v2\/comments?post=104489"}],"version-history":[{"count":1,"href":"https:\/\/radioljubuski.ba\/index.php\/wp-json\/wp\/v2\/posts\/104489\/revisions"}],"predecessor-version":[{"id":104491,"href":"https:\/\/radioljubuski.ba\/index.php\/wp-json\/wp\/v2\/posts\/104489\/revisions\/104491"}],"wp:featuredmedia":[{"embeddable":true,"href":"https:\/\/radioljubuski.ba\/index.php\/wp-json\/wp\/v2\/media\/104490"}],"wp:attachment":[{"href":"https:\/\/radioljubuski.ba\/index.php\/wp-json\/wp\/v2\/media?parent=104489"}],"wp:term":[{"taxonomy":"category","embeddable":true,"href":"https:\/\/radioljubuski.ba\/index.php\/wp-json\/wp\/v2\/categories?post=104489"},{"taxonomy":"post_tag","embeddable":true,"href":"https:\/\/radioljubuski.ba\/index.php\/wp-json\/wp\/v2\/tags?post=104489"}],"curies":[{"name":"wp","href":"https:\/\/api.w.org\/{rel}","templated":true}]}}