{"id":104510,"date":"2022-01-01T19:31:02","date_gmt":"2022-01-01T18:31:02","guid":{"rendered":"https:\/\/radioljubuski.ba\/?p=104510"},"modified":"2022-01-01T19:31:03","modified_gmt":"2022-01-01T18:31:03","slug":"nova-godina-uz-molitvu-u-medugorju-veliki-broj-vjernika","status":"publish","type":"post","link":"https:\/\/radioljubuski.ba\/index.php\/2022\/01\/01\/nova-godina-uz-molitvu-u-medugorju-veliki-broj-vjernika\/","title":{"rendered":"Nova godina uz molitvu: U Me\u0111ugorju veliki broj vjernika"},"content":{"rendered":"\n<p>U Me\u0111ugorju su posljednjeg dana 2021. godine bili hodo\u010dasnici iz \u0160vedske, Poljske, \u010ce\u0161ke, Rumunjske, Austrije, Ukrajine, Slova\u010dke, Slovenije, Njema\u010dke, Belgije, Italije, Meksika i Hrvatske, javlja<a href=\"https:\/\/radio-medjugorje.com\/vijesti\/medjugorje\/fra-massimo-fusarelli-hodocastim-ovdje-kako-bih-zazvao-zivlju-vjeru-u-isusa-krista\/\" target=\"_blank\" rel=\"noreferrer noopener\">&nbsp;Radio Mir Medjugorje.<\/a><\/p>\n\n\n\n<p>Molitveno bdijenje u crkvi sv. Jakova u Me\u0111ugorju pred svetkovinu Svete Marije Bogorodice i Svjetski dan mira po\u010delo je u 22 sata, a nakon toga je uslijedilo misno slavlje u 23:30 sati, kojim se i u\u0161lo u novu gra\u0111ansku godinu predslavio je general Reda manje bra\u0107e fra Massimo Fusarelli, uz koncelebraciju stotinjak sve\u0107enika. Njemu je dobrodo\u0161licu u Me\u0111ugorje po\u017eelio provincijal Hercegova\u010dke franjeva\u010dke provincije fra Miljenko \u0160teko, a za dolazak mu je zahvalio i me\u0111ugorski \u017eupnik fra Marinko \u0160akota, koji je na kraju brojnim hodo\u010dasnicima na njihovim jezicima \u010destitao novu godinu.<\/p>\n\n\n\n<p>\u201dNeka Gospodin svrati svoj pogled na te i mir ti podari! Ovoga, prvog dana godine posve\u0107enog Bogorodici i molitvi za mir, rije\u010di takozvanog Aronovog blagoslova daju nam svjetlo za novo vrijeme koje se otvara: to je lice Bo\u017eje koje nam pokazuje smjer i dariva nam mir. Godinu ne zapo\u010dinjemo uzdaju\u0107i se u sebe i u svoje mogu\u0107nosti da posijemo i postignemo mir. Znamo, taj mir \u2013 Krist je na\u0161 mir! \u2013 je dar koji dolazi odozgo, to je blagoslov upu\u0107en nama, to je obe\u0107anje dobra\u201d, rije\u010di su kojima je fra Massimo Fusarelli po\u010deo svoju homiliju te sve pozvao da \u201dprihvatimo ovaj dar mira\u201d.<\/p>\n\n\n\n<p>\u201dNa ovu svetkovinu kojom se zavr\u0161ava Bo\u017ei\u0107na osmina, dano nam je, kao \u0161to smo molili na po\u010detku Mise, ku\u0161ati prvine Njegove milosrdne ljubavi. Jer mir je uistinu Bo\u017eji dar, a ne rezultat na\u0161ih siroma\u0161nih nastojanja\u201d, pojasnio je fra Massimo.<\/p>\n\n\n\n<p>\u201dDo\u0161ao sam kao hodo\u010dasnik u ovo sveti\u0161te kako bih zapo\u010deo novu godinu i donio ovdje, s rado\u0161\u0107u i vjerom, prije svega bra\u0107u iz Reda manje bra\u0107e, Siroma\u0161ne Sestre svete Klare i brojne \u010dlanove Franjeva\u010dke obitelji. Hodo\u010dastim ovdje kako bih za sve nas zazvao jednu \u017eivlju vjeru u Isusa Krista, Utjelovljenu Rije\u010d, sredi\u0161te svemira i povijesti. Ovdje sam hodo\u010dasnik, kao nasljednik sv. Franje, koji je \u201eIsusovu je Majku obasipao neizrecivom ljubavlju zato \u0161to nam je dala brata, uzvi\u0161enoga &nbsp;Gospodina. Njoj je molio posebne pohvale, upravljao pro\u0161nje, prikazivao osje\u0107aje, koliko to i kako ljudski jezik ne mo\u017ee ni izraziti.\u201c Tako nam otkriva Toma \u010celanski.<\/p>\n\n\n\n<p>U ovome mjestu, u Me\u0111ugorju, ve\u0107 dugi niz godina brojne osobe vide kako se u njima ponovno pali plamen vjere u slu\u0161anju Bo\u017eje rije\u010di, u slavljenju sakramenata, posebno u sakramentu Pomirenja i Euharistije. I tu se otvara sloboda u otkrivanju dara molitve, osobito kroz \u0161utnju i klanjanje. I zbog toga su mnogi u ovome mjestu do\u017eivjeli dar pomirenja i mira\u201d, kazao je general Franjeva\u010dkog reda, poja\u0161njavaju\u0107i i kako sve to nalazimo \u201du Djevici Mariji, Bogorodici i na\u0161oj sestri u vjeri\u201d.<\/p>\n\n\n\n<p>\u201dKao \u0161to ka\u017ee sveti Franjo s Marijom uistinu mo\u017eemo postati ku\u0107a, pala\u010da, Bo\u017eje svetohrani\u0161te, usred svijeta. Kao i na Njoj, Duh Gospodnji \u0107e po\u010divati i \u200b\u200bna nama, i u nama \u0107e prona\u0107i dom i prebivali\u0161te\u201d, kazao je fra Massimo Fusareli i potom zaklju\u010dio: \u201dBogorodica, Kraljica Mira, koja je uzvi\u0161enoga Gospodina u\u010dinila na\u0161im bratom, neka nas nastavi blagoslivljati i pratiti u miru. Sretna vam nova godina! Amen.\u201d<\/p>\n\n\n\n<p>Izvor:radio mir medjugorje<\/p>\n","protected":false},"excerpt":{"rendered":"<p>U Me\u0111ugorju su posljednjeg dana 2021. godine bili hodo\u010dasnici iz \u0160vedske, Poljske, \u010ce\u0161ke, Rumunjske, Austrije, Ukrajine, Slova\u010dke, Slovenije, Njema\u010dke, Belgije, Italije, Meksika i Hrvatske, javlja&nbsp;Radio Mir Medjugorje. Molitveno bdijenje u crkvi sv. Jakova u Me\u0111ugorju pred svetkovinu Svete Marije Bogorodice i Svjetski dan mira po\u010delo je u 22 sata, a nakon toga je uslijedilo misno [&hellip;]<\/p>\n","protected":false},"author":2,"featured_media":104511,"comment_status":"closed","ping_status":"closed","sticky":false,"template":"","format":"standard","meta":{"h5ap_radio_sources":[],"footnotes":""},"categories":[1],"tags":[],"class_list":["post-104510","post","type-post","status-publish","format-standard","has-post-thumbnail","hentry","category-bihiregija"],"yoast_head":"<!-- This site is optimized with the Yoast SEO plugin v27.5 - https:\/\/yoast.com\/product\/yoast-seo-wordpress\/ -->\n<title>Nova godina uz molitvu: U Me\u0111ugorju veliki broj vjernika - RADIO LJUBU\u0160KI<\/title>\n<meta name=\"robots\" content=\"index, follow, max-snippet:-1, max-image-preview:large, max-video-preview:-1\" \/>\n<link rel=\"canonical\" href=\"https:\/\/radioljubuski.ba\/index.php\/2022\/01\/01\/nova-godina-uz-molitvu-u-medugorju-veliki-broj-vjernika\/\" \/>\n<meta property=\"og:locale\" content=\"hr_HR\" \/>\n<meta property=\"og:type\" content=\"article\" \/>\n<meta property=\"og:title\" content=\"Nova godina uz molitvu: U Me\u0111ugorju veliki broj vjernika - RADIO LJUBU\u0160KI\" \/>\n<meta property=\"og:description\" content=\"U Me\u0111ugorju su posljednjeg dana 2021. godine bili hodo\u010dasnici iz \u0160vedske, Poljske, \u010ce\u0161ke, Rumunjske, Austrije, Ukrajine, Slova\u010dke, Slovenije, Njema\u010dke, Belgije, Italije, Meksika i Hrvatske, javlja&nbsp;Radio Mir Medjugorje. Molitveno bdijenje u crkvi sv. Jakova u Me\u0111ugorju pred svetkovinu Svete Marije Bogorodice i Svjetski dan mira po\u010delo je u 22 sata, a nakon toga je uslijedilo misno [&hellip;]\" \/>\n<meta property=\"og:url\" content=\"https:\/\/radioljubuski.ba\/index.php\/2022\/01\/01\/nova-godina-uz-molitvu-u-medugorju-veliki-broj-vjernika\/\" \/>\n<meta property=\"og:site_name\" content=\"RADIO LJUBU\u0160KI\" \/>\n<meta property=\"article:publisher\" content=\"https:\/\/www.facebook.com\/Radiio-Ljubuski-1490835324566332\" \/>\n<meta property=\"article:published_time\" content=\"2022-01-01T18:31:02+00:00\" \/>\n<meta property=\"article:modified_time\" content=\"2022-01-01T18:31:03+00:00\" \/>\n<meta property=\"og:image\" content=\"https:\/\/radioljubuski.ba\/wp-content\/uploads\/2022\/01\/8-2022-01-01-14-30-49-novagodina2022122.jpg\" \/>\n\t<meta property=\"og:image:width\" content=\"1000\" \/>\n\t<meta property=\"og:image:height\" content=\"625\" \/>\n\t<meta property=\"og:image:type\" content=\"image\/jpeg\" \/>\n<meta name=\"author\" content=\"Radio Ljubu\u0161ki\" \/>\n<meta name=\"twitter:card\" content=\"summary_large_image\" \/>\n<meta name=\"twitter:creator\" content=\"@radioljubuski\" \/>\n<meta name=\"twitter:site\" content=\"@radioljubuski\" \/>\n<meta name=\"twitter:label1\" content=\"Napisao\/la\" \/>\n\t<meta name=\"twitter:data1\" content=\"Radio Ljubu\u0161ki\" \/>\n\t<meta name=\"twitter:label2\" content=\"Procijenjeno vrijeme \u010ditanja\" \/>\n\t<meta name=\"twitter:data2\" content=\"3 minute\" \/>\n<script type=\"application\/ld+json\" class=\"yoast-schema-graph\">{\"@context\":\"https:\\\/\\\/schema.org\",\"@graph\":[{\"@type\":\"Article\",\"@id\":\"https:\\\/\\\/radioljubuski.ba\\\/index.php\\\/2022\\\/01\\\/01\\\/nova-godina-uz-molitvu-u-medugorju-veliki-broj-vjernika\\\/#article\",\"isPartOf\":{\"@id\":\"https:\\\/\\\/radioljubuski.ba\\\/index.php\\\/2022\\\/01\\\/01\\\/nova-godina-uz-molitvu-u-medugorju-veliki-broj-vjernika\\\/\"},\"author\":{\"name\":\"Radio Ljubu\u0161ki\",\"@id\":\"https:\\\/\\\/radioljubuski.ba\\\/#\\\/schema\\\/person\\\/19fc700381a780f69665d7956c469e3b\"},\"headline\":\"Nova godina uz molitvu: U Me\u0111ugorju veliki broj vjernika\",\"datePublished\":\"2022-01-01T18:31:02+00:00\",\"dateModified\":\"2022-01-01T18:31:03+00:00\",\"mainEntityOfPage\":{\"@id\":\"https:\\\/\\\/radioljubuski.ba\\\/index.php\\\/2022\\\/01\\\/01\\\/nova-godina-uz-molitvu-u-medugorju-veliki-broj-vjernika\\\/\"},\"wordCount\":593,\"publisher\":{\"@id\":\"https:\\\/\\\/radioljubuski.ba\\\/#organization\"},\"image\":{\"@id\":\"https:\\\/\\\/radioljubuski.ba\\\/index.php\\\/2022\\\/01\\\/01\\\/nova-godina-uz-molitvu-u-medugorju-veliki-broj-vjernika\\\/#primaryimage\"},\"thumbnailUrl\":\"https:\\\/\\\/radioljubuski.ba\\\/wp-content\\\/uploads\\\/2022\\\/01\\\/8-2022-01-01-14-30-49-novagodina2022122.jpg\",\"articleSection\":[\"BIH i regija\"],\"inLanguage\":\"hr\"},{\"@type\":\"WebPage\",\"@id\":\"https:\\\/\\\/radioljubuski.ba\\\/index.php\\\/2022\\\/01\\\/01\\\/nova-godina-uz-molitvu-u-medugorju-veliki-broj-vjernika\\\/\",\"url\":\"https:\\\/\\\/radioljubuski.ba\\\/index.php\\\/2022\\\/01\\\/01\\\/nova-godina-uz-molitvu-u-medugorju-veliki-broj-vjernika\\\/\",\"name\":\"Nova godina uz molitvu: U Me\u0111ugorju veliki broj vjernika - RADIO LJUBU\u0160KI\",\"isPartOf\":{\"@id\":\"https:\\\/\\\/radioljubuski.ba\\\/#website\"},\"primaryImageOfPage\":{\"@id\":\"https:\\\/\\\/radioljubuski.ba\\\/index.php\\\/2022\\\/01\\\/01\\\/nova-godina-uz-molitvu-u-medugorju-veliki-broj-vjernika\\\/#primaryimage\"},\"image\":{\"@id\":\"https:\\\/\\\/radioljubuski.ba\\\/index.php\\\/2022\\\/01\\\/01\\\/nova-godina-uz-molitvu-u-medugorju-veliki-broj-vjernika\\\/#primaryimage\"},\"thumbnailUrl\":\"https:\\\/\\\/radioljubuski.ba\\\/wp-content\\\/uploads\\\/2022\\\/01\\\/8-2022-01-01-14-30-49-novagodina2022122.jpg\",\"datePublished\":\"2022-01-01T18:31:02+00:00\",\"dateModified\":\"2022-01-01T18:31:03+00:00\",\"breadcrumb\":{\"@id\":\"https:\\\/\\\/radioljubuski.ba\\\/index.php\\\/2022\\\/01\\\/01\\\/nova-godina-uz-molitvu-u-medugorju-veliki-broj-vjernika\\\/#breadcrumb\"},\"inLanguage\":\"hr\",\"potentialAction\":[{\"@type\":\"ReadAction\",\"target\":[\"https:\\\/\\\/radioljubuski.ba\\\/index.php\\\/2022\\\/01\\\/01\\\/nova-godina-uz-molitvu-u-medugorju-veliki-broj-vjernika\\\/\"]}]},{\"@type\":\"ImageObject\",\"inLanguage\":\"hr\",\"@id\":\"https:\\\/\\\/radioljubuski.ba\\\/index.php\\\/2022\\\/01\\\/01\\\/nova-godina-uz-molitvu-u-medugorju-veliki-broj-vjernika\\\/#primaryimage\",\"url\":\"https:\\\/\\\/radioljubuski.ba\\\/wp-content\\\/uploads\\\/2022\\\/01\\\/8-2022-01-01-14-30-49-novagodina2022122.jpg\",\"contentUrl\":\"https:\\\/\\\/radioljubuski.ba\\\/wp-content\\\/uploads\\\/2022\\\/01\\\/8-2022-01-01-14-30-49-novagodina2022122.jpg\",\"width\":1000,\"height\":625},{\"@type\":\"BreadcrumbList\",\"@id\":\"https:\\\/\\\/radioljubuski.ba\\\/index.php\\\/2022\\\/01\\\/01\\\/nova-godina-uz-molitvu-u-medugorju-veliki-broj-vjernika\\\/#breadcrumb\",\"itemListElement\":[{\"@type\":\"ListItem\",\"position\":1,\"name\":\"Po\u010detna stranica\",\"item\":\"https:\\\/\\\/radioljubuski.ba\\\/\"},{\"@type\":\"ListItem\",\"position\":2,\"name\":\"Nova godina uz molitvu: U Me\u0111ugorju veliki broj vjernika\"}]},{\"@type\":\"WebSite\",\"@id\":\"https:\\\/\\\/radioljubuski.ba\\\/#website\",\"url\":\"https:\\\/\\\/radioljubuski.ba\\\/\",\"name\":\"Radio Ljubu\u0161ki\",\"description\":\"Sun\u010dana frekvencija Hercegovine\",\"publisher\":{\"@id\":\"https:\\\/\\\/radioljubuski.ba\\\/#organization\"},\"potentialAction\":[{\"@type\":\"SearchAction\",\"target\":{\"@type\":\"EntryPoint\",\"urlTemplate\":\"https:\\\/\\\/radioljubuski.ba\\\/?s={search_term_string}\"},\"query-input\":{\"@type\":\"PropertyValueSpecification\",\"valueRequired\":true,\"valueName\":\"search_term_string\"}}],\"inLanguage\":\"hr\"},{\"@type\":\"Organization\",\"@id\":\"https:\\\/\\\/radioljubuski.ba\\\/#organization\",\"name\":\"Radio Ljubu\u0161ki\",\"url\":\"https:\\\/\\\/radioljubuski.ba\\\/\",\"logo\":{\"@type\":\"ImageObject\",\"inLanguage\":\"hr\",\"@id\":\"https:\\\/\\\/radioljubuski.ba\\\/#\\\/schema\\\/logo\\\/image\\\/\",\"url\":\"https:\\\/\\\/radioljubuski.ba\\\/wp-content\\\/uploads\\\/2021\\\/02\\\/cropped-Radio_Ljubuski_logo1.jpg\",\"contentUrl\":\"https:\\\/\\\/radioljubuski.ba\\\/wp-content\\\/uploads\\\/2021\\\/02\\\/cropped-Radio_Ljubuski_logo1.jpg\",\"width\":512,\"height\":512,\"caption\":\"Radio Ljubu\u0161ki\"},\"image\":{\"@id\":\"https:\\\/\\\/radioljubuski.ba\\\/#\\\/schema\\\/logo\\\/image\\\/\"},\"sameAs\":[\"https:\\\/\\\/www.facebook.com\\\/Radiio-Ljubuski-1490835324566332\",\"https:\\\/\\\/x.com\\\/radioljubuski\",\"https:\\\/\\\/hr.linkedin.com\\\/company\\\/radio-ljubuski\",\"https:\\\/\\\/www.youtube.com\\\/channel\\\/UCHYaeO_n0Db3tjNGudGpXyw\"]},{\"@type\":\"Person\",\"@id\":\"https:\\\/\\\/radioljubuski.ba\\\/#\\\/schema\\\/person\\\/19fc700381a780f69665d7956c469e3b\",\"name\":\"Radio Ljubu\u0161ki\"}]}<\/script>\n<!-- \/ Yoast SEO plugin. -->","yoast_head_json":{"title":"Nova godina uz molitvu: U Me\u0111ugorju veliki broj vjernika - RADIO LJUBU\u0160KI","robots":{"index":"index","follow":"follow","max-snippet":"max-snippet:-1","max-image-preview":"max-image-preview:large","max-video-preview":"max-video-preview:-1"},"canonical":"https:\/\/radioljubuski.ba\/index.php\/2022\/01\/01\/nova-godina-uz-molitvu-u-medugorju-veliki-broj-vjernika\/","og_locale":"hr_HR","og_type":"article","og_title":"Nova godina uz molitvu: U Me\u0111ugorju veliki broj vjernika - RADIO LJUBU\u0160KI","og_description":"U Me\u0111ugorju su posljednjeg dana 2021. godine bili hodo\u010dasnici iz \u0160vedske, Poljske, \u010ce\u0161ke, Rumunjske, Austrije, Ukrajine, Slova\u010dke, Slovenije, Njema\u010dke, Belgije, Italije, Meksika i Hrvatske, javlja&nbsp;Radio Mir Medjugorje. Molitveno bdijenje u crkvi sv. Jakova u Me\u0111ugorju pred svetkovinu Svete Marije Bogorodice i Svjetski dan mira po\u010delo je u 22 sata, a nakon toga je uslijedilo misno [&hellip;]","og_url":"https:\/\/radioljubuski.ba\/index.php\/2022\/01\/01\/nova-godina-uz-molitvu-u-medugorju-veliki-broj-vjernika\/","og_site_name":"RADIO LJUBU\u0160KI","article_publisher":"https:\/\/www.facebook.com\/Radiio-Ljubuski-1490835324566332","article_published_time":"2022-01-01T18:31:02+00:00","article_modified_time":"2022-01-01T18:31:03+00:00","og_image":[{"width":1000,"height":625,"url":"https:\/\/radioljubuski.ba\/wp-content\/uploads\/2022\/01\/8-2022-01-01-14-30-49-novagodina2022122.jpg","type":"image\/jpeg"}],"author":"Radio Ljubu\u0161ki","twitter_card":"summary_large_image","twitter_creator":"@radioljubuski","twitter_site":"@radioljubuski","twitter_misc":{"Napisao\/la":"Radio Ljubu\u0161ki","Procijenjeno vrijeme \u010ditanja":"3 minute"},"schema":{"@context":"https:\/\/schema.org","@graph":[{"@type":"Article","@id":"https:\/\/radioljubuski.ba\/index.php\/2022\/01\/01\/nova-godina-uz-molitvu-u-medugorju-veliki-broj-vjernika\/#article","isPartOf":{"@id":"https:\/\/radioljubuski.ba\/index.php\/2022\/01\/01\/nova-godina-uz-molitvu-u-medugorju-veliki-broj-vjernika\/"},"author":{"name":"Radio Ljubu\u0161ki","@id":"https:\/\/radioljubuski.ba\/#\/schema\/person\/19fc700381a780f69665d7956c469e3b"},"headline":"Nova godina uz molitvu: U Me\u0111ugorju veliki broj vjernika","datePublished":"2022-01-01T18:31:02+00:00","dateModified":"2022-01-01T18:31:03+00:00","mainEntityOfPage":{"@id":"https:\/\/radioljubuski.ba\/index.php\/2022\/01\/01\/nova-godina-uz-molitvu-u-medugorju-veliki-broj-vjernika\/"},"wordCount":593,"publisher":{"@id":"https:\/\/radioljubuski.ba\/#organization"},"image":{"@id":"https:\/\/radioljubuski.ba\/index.php\/2022\/01\/01\/nova-godina-uz-molitvu-u-medugorju-veliki-broj-vjernika\/#primaryimage"},"thumbnailUrl":"https:\/\/radioljubuski.ba\/wp-content\/uploads\/2022\/01\/8-2022-01-01-14-30-49-novagodina2022122.jpg","articleSection":["BIH i regija"],"inLanguage":"hr"},{"@type":"WebPage","@id":"https:\/\/radioljubuski.ba\/index.php\/2022\/01\/01\/nova-godina-uz-molitvu-u-medugorju-veliki-broj-vjernika\/","url":"https:\/\/radioljubuski.ba\/index.php\/2022\/01\/01\/nova-godina-uz-molitvu-u-medugorju-veliki-broj-vjernika\/","name":"Nova godina uz molitvu: U Me\u0111ugorju veliki broj vjernika - RADIO LJUBU\u0160KI","isPartOf":{"@id":"https:\/\/radioljubuski.ba\/#website"},"primaryImageOfPage":{"@id":"https:\/\/radioljubuski.ba\/index.php\/2022\/01\/01\/nova-godina-uz-molitvu-u-medugorju-veliki-broj-vjernika\/#primaryimage"},"image":{"@id":"https:\/\/radioljubuski.ba\/index.php\/2022\/01\/01\/nova-godina-uz-molitvu-u-medugorju-veliki-broj-vjernika\/#primaryimage"},"thumbnailUrl":"https:\/\/radioljubuski.ba\/wp-content\/uploads\/2022\/01\/8-2022-01-01-14-30-49-novagodina2022122.jpg","datePublished":"2022-01-01T18:31:02+00:00","dateModified":"2022-01-01T18:31:03+00:00","breadcrumb":{"@id":"https:\/\/radioljubuski.ba\/index.php\/2022\/01\/01\/nova-godina-uz-molitvu-u-medugorju-veliki-broj-vjernika\/#breadcrumb"},"inLanguage":"hr","potentialAction":[{"@type":"ReadAction","target":["https:\/\/radioljubuski.ba\/index.php\/2022\/01\/01\/nova-godina-uz-molitvu-u-medugorju-veliki-broj-vjernika\/"]}]},{"@type":"ImageObject","inLanguage":"hr","@id":"https:\/\/radioljubuski.ba\/index.php\/2022\/01\/01\/nova-godina-uz-molitvu-u-medugorju-veliki-broj-vjernika\/#primaryimage","url":"https:\/\/radioljubuski.ba\/wp-content\/uploads\/2022\/01\/8-2022-01-01-14-30-49-novagodina2022122.jpg","contentUrl":"https:\/\/radioljubuski.ba\/wp-content\/uploads\/2022\/01\/8-2022-01-01-14-30-49-novagodina2022122.jpg","width":1000,"height":625},{"@type":"BreadcrumbList","@id":"https:\/\/radioljubuski.ba\/index.php\/2022\/01\/01\/nova-godina-uz-molitvu-u-medugorju-veliki-broj-vjernika\/#breadcrumb","itemListElement":[{"@type":"ListItem","position":1,"name":"Po\u010detna stranica","item":"https:\/\/radioljubuski.ba\/"},{"@type":"ListItem","position":2,"name":"Nova godina uz molitvu: U Me\u0111ugorju veliki broj vjernika"}]},{"@type":"WebSite","@id":"https:\/\/radioljubuski.ba\/#website","url":"https:\/\/radioljubuski.ba\/","name":"Radio Ljubu\u0161ki","description":"Sun\u010dana frekvencija Hercegovine","publisher":{"@id":"https:\/\/radioljubuski.ba\/#organization"},"potentialAction":[{"@type":"SearchAction","target":{"@type":"EntryPoint","urlTemplate":"https:\/\/radioljubuski.ba\/?s={search_term_string}"},"query-input":{"@type":"PropertyValueSpecification","valueRequired":true,"valueName":"search_term_string"}}],"inLanguage":"hr"},{"@type":"Organization","@id":"https:\/\/radioljubuski.ba\/#organization","name":"Radio Ljubu\u0161ki","url":"https:\/\/radioljubuski.ba\/","logo":{"@type":"ImageObject","inLanguage":"hr","@id":"https:\/\/radioljubuski.ba\/#\/schema\/logo\/image\/","url":"https:\/\/radioljubuski.ba\/wp-content\/uploads\/2021\/02\/cropped-Radio_Ljubuski_logo1.jpg","contentUrl":"https:\/\/radioljubuski.ba\/wp-content\/uploads\/2021\/02\/cropped-Radio_Ljubuski_logo1.jpg","width":512,"height":512,"caption":"Radio Ljubu\u0161ki"},"image":{"@id":"https:\/\/radioljubuski.ba\/#\/schema\/logo\/image\/"},"sameAs":["https:\/\/www.facebook.com\/Radiio-Ljubuski-1490835324566332","https:\/\/x.com\/radioljubuski","https:\/\/hr.linkedin.com\/company\/radio-ljubuski","https:\/\/www.youtube.com\/channel\/UCHYaeO_n0Db3tjNGudGpXyw"]},{"@type":"Person","@id":"https:\/\/radioljubuski.ba\/#\/schema\/person\/19fc700381a780f69665d7956c469e3b","name":"Radio Ljubu\u0161ki"}]}},"_links":{"self":[{"href":"https:\/\/radioljubuski.ba\/index.php\/wp-json\/wp\/v2\/posts\/104510","targetHints":{"allow":["GET"]}}],"collection":[{"href":"https:\/\/radioljubuski.ba\/index.php\/wp-json\/wp\/v2\/posts"}],"about":[{"href":"https:\/\/radioljubuski.ba\/index.php\/wp-json\/wp\/v2\/types\/post"}],"author":[{"embeddable":true,"href":"https:\/\/radioljubuski.ba\/index.php\/wp-json\/wp\/v2\/users\/2"}],"replies":[{"embeddable":true,"href":"https:\/\/radioljubuski.ba\/index.php\/wp-json\/wp\/v2\/comments?post=104510"}],"version-history":[{"count":1,"href":"https:\/\/radioljubuski.ba\/index.php\/wp-json\/wp\/v2\/posts\/104510\/revisions"}],"predecessor-version":[{"id":104512,"href":"https:\/\/radioljubuski.ba\/index.php\/wp-json\/wp\/v2\/posts\/104510\/revisions\/104512"}],"wp:featuredmedia":[{"embeddable":true,"href":"https:\/\/radioljubuski.ba\/index.php\/wp-json\/wp\/v2\/media\/104511"}],"wp:attachment":[{"href":"https:\/\/radioljubuski.ba\/index.php\/wp-json\/wp\/v2\/media?parent=104510"}],"wp:term":[{"taxonomy":"category","embeddable":true,"href":"https:\/\/radioljubuski.ba\/index.php\/wp-json\/wp\/v2\/categories?post=104510"},{"taxonomy":"post_tag","embeddable":true,"href":"https:\/\/radioljubuski.ba\/index.php\/wp-json\/wp\/v2\/tags?post=104510"}],"curies":[{"name":"wp","href":"https:\/\/api.w.org\/{rel}","templated":true}]}}