{"id":104560,"date":"2022-01-01T21:32:25","date_gmt":"2022-01-01T20:32:25","guid":{"rendered":"https:\/\/radioljubuski.ba\/?p=104560"},"modified":"2022-01-01T21:32:26","modified_gmt":"2022-01-01T20:32:26","slug":"buran-odnos-dvojice-predsjednika-u-2021","status":"publish","type":"post","link":"https:\/\/radioljubuski.ba\/index.php\/2022\/01\/01\/buran-odnos-dvojice-predsjednika-u-2021\/","title":{"rendered":"Buran odnos dvojice predsjednika u 2021."},"content":{"rendered":"\n<p><strong>\u010ceste polemike predsjednika Republike i predsjednika Vlade oko izbora \u010delnika Vrhovnog suda, vojske i, me\u0111u ostalim, epidemiolo\u0161kih mjera obilje\u017eile su njihov odnos koji je u 2021. bio poprili\u010dno buran.<\/strong><\/p>\n\n\n\n<p>O sporu predsjednika Republike&nbsp;<strong>Zorana Milanovi\u0107a<\/strong>&nbsp;i premijera&nbsp;<strong>Andreja Plenkovi\u0107a<\/strong>&nbsp;tijekom godine ispisane su stotine tekstova i vijesti.<br><br>U nekim tjednima davali su izjave gotovo svakodnevno. Komunicirali su i putem Facebooka i priop\u0107enja, a u raspravi su aktivno sudjelovali i drugi \u010dlanovi Vlade kada bi predsjednik Milanovi\u0107 bocnuo njihov resor.<br><br>Milanovi\u0107 je u svom specifi\u010dnom stilu komunikacije, govore\u0107i o premijeru i ministrima, nabrojao dio \u017eivotinjskog carstva &#8211; orlove i nilske konje, vjeverice, pudlice i lavove, medvjede, ali i pokemone. No bilo je i mnogo te\u017eih rije\u010di i uvreda s obje strane.<br><br><strong>Saga oko Vrhovnog suda<\/strong><br><br>Najve\u0107i dio godine, od velja\u010de do listopada, javnost je svjedo\u010dila sukobu oko izbora predsjednika Vrhovnog suda zbog \u010dega su raspisana \u010dak tri javna poziva, a na kraju je izabran sudac&nbsp;<strong>Radovan Dobroni\u0107<\/strong>.<br><br>Problem je nastao kada je Milanovi\u0107 najavio da \u0107e predlo\u017eiti svoju kandidatkinju,&nbsp;<strong>Zlatu \u0110ur\u0111evi\u0107<\/strong>, izvan raspisanog javnog poziva, a premijer i vladaju\u0107a ve\u0107ina u startu je odbacili, dr\u017ee\u0107i kako je pristala biti dio protuzakonite procedure pa je to diskvalificira.<br><br>Milanovi\u0107 smatra da svoju ovlast predlaganja predsjednika Vrhovnog suda crpi izravno iz Ustava, Zakon o sudovima ocjenjuje neustavnim te inzistira da \u0110ur\u0111evi\u0107 nije prekr\u0161ila zakone i da je stru\u010dna.<br><br>Plenkovi\u0107 dr\u017ei da se mora po\u0161tovati zakon. Sli\u010dnog su mi\u0161ljenja bili i ministar pravosu\u0111a&nbsp;<strong>Ivan Malenica<\/strong>, predsjednik Sabora&nbsp;<strong>Gordan Jandrokovi\u0107<\/strong>, ali i Ustavni sud pa se rasprava pro\u0161irila i na druge sugovornike. Padale su veoma te\u0161ke rije\u010di i na osobnoj razini.<br><br>Tako je Milanovi\u0107 tvrdio da se nastavlja HDZ-ova opstrukcija promjena u pravosu\u0111u, da je HDZ u sukobu interesa zbog presude stranci, a ve\u0107inu ustavnih sudaca nazvao je HDZ-ovim \u017eetonima.<br><br>Plenkovi\u0107a, predsjednika SDSS-a&nbsp;<strong>Milorada Pupovca<\/strong>&nbsp;i Jandrokovi\u0107a prozvao je zbog vrije\u0111anja \u0110ur\u0111evi\u0107, uspore\u0111uju\u0107i ih s karakterima iz naslova filma &#8220;Ru\u017eni, prljavi, zli&#8221;. Rekao je i kako je njegov jedini medij komunikacije &#8211; javnost te da mu jedino preostaje da na ovakav na\u010din divlja pa bira biti Marlon Brando iz The Wild One (Divljak).<br><br><strong>\u0160teto\u010dina, divljak i mi\u0161i\u0107i<\/strong><br><br>Saborskim zastupnicima rekao je da \u0107e se &#8220;\u0107erati do kraja&#8221; ako odbiju \u0110ur\u0111evi\u0107. Premijera je jo\u0161 nazivao \u0161pijun\u010dinom, terminalno nesposobnim, obi\u010dnom \u0161teto\u010dinom, dobro uvje\u017ebanim la\u017eovom, komunisti\u010dkim gojencem te ga prozvao da ima paranoidne fiksacije.<br><br>S druge strane, Plenkovi\u0107 je tvrdio da je sve osim po\u0161tovanja zakona politiziranje, a raspravu je ocijenio nadrealnom i nenormalnom. Program \u0110ur\u0111evi\u0107 ocijenio je populisti\u010dko-politi\u010dkim te rekao kako je dopustila da je Milanovi\u0107 &#8220;provu\u010de kroz blato&#8221;.<br><br>Govorio je kako je Milanovi\u0107 prevarant jer nastupa kao lider ljevice, a ne kao predsjednik Republike, da su boze da se izborom \u010delnika Vrhovnog suda provodi reforma pravosu\u0111a, ali i da vr\u0161i pritisak na Vrhovni sud. Njegove medijske istupe ocijenio je neprihvatljivim politi\u010dkim divlja\u0161tvom, primitivizmom i talogom dru\u0161tvenih mre\u017ea.<br><br>Milanovi\u0107 je za Malenicu rekao kako je do\u0161ao &#8220;nju\u0161kati&#8221; u Ured predsjednika o njegovim namjerama, a osporio je i njegove sposobnosti kao predava\u010da na studiju, dok je Jandrokovi\u0107a prozvao da uvodi diktaturu u parlamentu, da je strana\u010dki dodvorica i nasilnik bez mi\u0161i\u0107a.<br><br>Jandrokovi\u0107 je ocijenio da Milanovi\u0107 ima o\u010dito poreme\u0107aj pona\u0161anja i vjerojatno poreme\u0107aj li\u010dnosti te da je zagadio javni prostor, a nazvao ga je i iskompleksiranim klaunom.<\/p>\n\n\n\n<p><strong>Nema zajedni\u010dkih vijenaca<\/strong><br><br>Potkraj o\u017eujka polemizirali su i oko odvojenog polaganja vijenaca na komemoracijama zbog epidemiolo\u0161kih razloga. Milanovi\u0107 je \u010dak razmi\u0161ljao o tome da vojni vrh ne sudjeluje u obilje\u017eavanju VRO &#8220;Bljesak&#8221; kako bi vojsku za\u0161titio od politizacije zbog sukcesivnog protokola.<br><br>Zbog predsjednikove retorike, premijer je poru\u010dio da do kraja mandata dr\u017eavni vrh ne\u0107e zajedno polagati vijence kako se ne bi glumatalo i fingiralo zajedni\u0161tvo.<br><br>U lipnju su Milanovi\u0107 i Plenkovi\u0107 sudjelovali na obilje\u017eavanju Dana antifa\u0161isti\u010dke borbe \u0161to je bio prvi zajedni\u010dki posjet nekom doga\u0111aju dvojice predsjednika nakon vi\u0161emjese\u010dnih prepirki. U studenome su ih kamere snimile kako se rukuju i kratko razgovaraju na obilje\u017eavanju Dana sje\u0107anja u Vukovaru.<br><br>Predsjednik Milanovi\u0107 i ministar obrane&nbsp;<strong>Mario Bano\u017ei\u0107<\/strong>&nbsp;tijekom godine relativno su se dobro slagali i zajedno sudjelovali na raznim vojnim doga\u0111ajima. Me\u0111utim, u listopadu dolaze u otvoreni sukob oko vojske, njihovih ovlasti i odluka, nakon \u0161to je Bano\u017ei\u0107 umirovio zapovjednika Po\u010dasno-za\u0161titne bojne brigadira&nbsp;<strong>Elvisa Bur\u010dula<\/strong>&nbsp;tako \u0161to je odbio produljiti njegovo imenovanje do kraja godine.<br><br><strong>Zaiskrilo oko vojske<\/strong><br><br>Milanovi\u0107 smatra da je umirovljen prijevremeno te je tra\u017eio da Bur\u010dul bude vra\u0107en i da na normalan na\u010din ode u mirovinu, dok Bano\u017ei\u0107 govori da je Bur\u010dulu ve\u0107 jednom produljen odlazak i da ga je umirovio u skladu sa zakonom.<br><br>Milanovi\u0107 je govorio kako je rije\u010d o nasrtaju dnevne politike na vojsku i to vidi kao zulum i \u0161ikaniranje vojnika, a o tome \u017eeli razgovarati samo s Plenkovi\u0107em.<br><br>Premijeru, kojeg je nazvao Bano\u017ei\u0107evim skrbnikom, poru\u010dio je da obuzda svog jarana. Mi\u0161ljenja je da je Bano\u017ei\u0107ev motiv osobna osveta, a nazvao ga je i politi\u010dkim besku\u0107nikom, d\u017eepnim ministrom, opu\u0161kom i zlostavlja\u010dem vojske.<br><br>Tako\u0111er, Bano\u017ei\u0107u je bilo zabranjeno obra\u0107anje na sve\u010danoj prisezi ro\u010dnika u Po\u017eegi zbog \u010dega je zatra\u017eio smjenu na\u010delnika Glavnog sto\u017eera Oru\u017eanih snaga&nbsp;<strong>Roberta Hranja<\/strong>&nbsp;&#8220;zbog nepo\u0161tovanja Zakona o obrani&#8221;, koji je djelovalo po Milanovi\u0107evoj zapovjedi kao vrhovnog zapovjednika.<br><br>Bano\u017ei\u0107 je govorio kako odluku o smjeni Bur\u010dula ne\u0107e promijeniti, da vojska nije predsjednikova igra\u010dka, da se Milanovi\u0107 pona\u0161a neprofesionalno, da je psihijatrijski slu\u010daj i da se koristi jezikom uli\u010dara.<br><br>Bano\u017ei\u0107 je zatim zabranio Milanovi\u0107u uporabu resursa HV-a bez njegove odluke, a iz Ureda predsjednika reagirali su da je ta odluka nezakonita i neustavna. Predsjednik je optu\u017eio ministra da se pona\u0161a kao kriminalac i da ga treba maknuti pod hitno jer vojnicima koji su u njegovoj pratnji uskra\u0107uje dnevnice.<br><br><strong>Premijer se ne \u017eeli mije\u0161ati<\/strong><br><br>Bano\u017ei\u0107 mu je poru\u010dio da koristi vojsku kao poligon za vrije\u0111anje i omalova\u017eavanje Vlade i da bi se Ured predsjednika trebao posvetiti racionalnijem tro\u0161enju svojeg prora\u010duna.<br><br>Premijer je rekao kako je Milanovi\u0107 napadima osna\u017eio polo\u017eaj Bano\u017ei\u0107a u Vladi. Milanovi\u0107eve izjave ocijenio je kao primitivno i brutalno vrije\u0111anje sugovornika, a predsjednika je nazvao i puzaju\u0107im dr\u017eavnim udarom.<br><br>Taj \u017eestoki povuci-potegni odnos malo se primirio u prosincu, a Bano\u017ei\u0107 je prije blagdana \u010dak rekao da Milanovi\u0107u opra\u0161ta za sve \u0161to mu je rekao i poziva ga na dijalog. Milanovi\u0107 je odgovorio &#8220;neka ide rokat&#8217; tamo s karabinom po divljim svinjama&#8221;, poru\u010div\u0161i da s njim nema dijaloga.<br><br>Dvojica predsjednika ipak su imala i pokoje slo\u017ene trenutke pa su se dogovorili oko imenovanja ravnatelja Ureda Vije\u0107a za nacionalnu sigurnost<strong>&nbsp;Valentina Franji\u0107a<\/strong>.<br><br><strong>Slo\u017eno-neslo\u017eno<br><br><\/strong>Milanovi\u0107 je govorio kako Vlada kasni s dono\u0161enjem odluke o vi\u0161enamjenskim borbenim avionima, zatim je podupro odluku o nabavi francuskih Rafalea, a zatim je rast njihove cijene nazvao skandalom, \u0161to su osudili Plenkovi\u0107 i Bano\u017ei\u0107.<br><br>Milanovi\u0107 isti\u010de da je od strate\u0161kog zna\u010daja i nabava borbenog vozila Bradley te upozorava kako povoljna ameri\u010dka ponuda istje\u010de u sije\u010dnju, ocjenjuju\u0107i da je mo\u017eda nekomu u interesu kupiti skuplja vozila. Iz Vlade je do\u0161lo priop\u0107enje kako je odr\u017ean sastanak na kojem su razmotrena tehni\u010dka pitanja ponude Vlade SAD-a.<br><br>Do spora dolazi i zbog epidemiolo\u0161ke situacije, ali je Milanovi\u0107 najesen ocijenio da se Hrvatska za sada iz financijske krize izvla\u010di &#8220;okej&#8221;, odav\u0161i priznanje Vladi na svemu \u0161to je napravila.<br><br>Milanovi\u0107 se cijepio i poziva gra\u0111ane da se cijepe, uklju\u010duju\u0107i i djecu, no mi\u0161ljenja je da zabrane nemaju smisla. COVID potvrde vidi kao pritisak na gra\u0111ane i ograni\u010davanje njihovih sloboda te tvrdi da o tome treba odlu\u010divati Sabor.<br><br>Premijer ga naziva antimaskerom i proziva da odvra\u0107a gra\u0111ane od po\u0161tovanja epidemiolo\u0161kih mjera. Milanovi\u0107 je ranije tvrdio kako svoje zaposlenike ne\u0107e maltretirati COVID potvrdama, ali ipak se provjeravaju, \u0161to je premijer pozdravio.<\/p>\n\n\n\n<p>Izvor:hrt.hr<\/p>\n","protected":false},"excerpt":{"rendered":"<p>\u010ceste polemike predsjednika Republike i predsjednika Vlade oko izbora \u010delnika Vrhovnog suda, vojske i, me\u0111u ostalim, epidemiolo\u0161kih mjera obilje\u017eile su njihov odnos koji je u 2021. bio poprili\u010dno buran. O sporu predsjednika Republike&nbsp;Zorana Milanovi\u0107a&nbsp;i premijera&nbsp;Andreja Plenkovi\u0107a&nbsp;tijekom godine ispisane su stotine tekstova i vijesti. U nekim tjednima davali su izjave gotovo svakodnevno. Komunicirali su i putem [&hellip;]<\/p>\n","protected":false},"author":2,"featured_media":104561,"comment_status":"closed","ping_status":"closed","sticky":false,"template":"","format":"standard","meta":{"h5ap_radio_sources":[],"footnotes":""},"categories":[1],"tags":[],"class_list":["post-104560","post","type-post","status-publish","format-standard","has-post-thumbnail","hentry","category-bihiregija"],"yoast_head":"<!-- This site is optimized with the Yoast SEO plugin v27.4 - https:\/\/yoast.com\/product\/yoast-seo-wordpress\/ -->\n<title>Buran odnos dvojice predsjednika u 2021. - RADIO LJUBU\u0160KI<\/title>\n<meta name=\"robots\" content=\"index, follow, max-snippet:-1, max-image-preview:large, max-video-preview:-1\" \/>\n<link rel=\"canonical\" href=\"https:\/\/radioljubuski.ba\/index.php\/2022\/01\/01\/buran-odnos-dvojice-predsjednika-u-2021\/\" \/>\n<meta property=\"og:locale\" content=\"hr_HR\" \/>\n<meta property=\"og:type\" content=\"article\" \/>\n<meta property=\"og:title\" content=\"Buran odnos dvojice predsjednika u 2021. - RADIO LJUBU\u0160KI\" \/>\n<meta property=\"og:description\" content=\"\u010ceste polemike predsjednika Republike i predsjednika Vlade oko izbora \u010delnika Vrhovnog suda, vojske i, me\u0111u ostalim, epidemiolo\u0161kih mjera obilje\u017eile su njihov odnos koji je u 2021. bio poprili\u010dno buran. O sporu predsjednika Republike&nbsp;Zorana Milanovi\u0107a&nbsp;i premijera&nbsp;Andreja Plenkovi\u0107a&nbsp;tijekom godine ispisane su stotine tekstova i vijesti. U nekim tjednima davali su izjave gotovo svakodnevno. Komunicirali su i putem [&hellip;]\" \/>\n<meta property=\"og:url\" content=\"https:\/\/radioljubuski.ba\/index.php\/2022\/01\/01\/buran-odnos-dvojice-predsjednika-u-2021\/\" \/>\n<meta property=\"og:site_name\" content=\"RADIO LJUBU\u0160KI\" \/>\n<meta property=\"article:publisher\" content=\"https:\/\/www.facebook.com\/Radiio-Ljubuski-1490835324566332\" \/>\n<meta property=\"article:published_time\" content=\"2022-01-01T20:32:25+00:00\" \/>\n<meta property=\"article:modified_time\" content=\"2022-01-01T20:32:26+00:00\" \/>\n<meta property=\"og:image\" content=\"https:\/\/radioljubuski.ba\/wp-content\/uploads\/2022\/01\/432b8533048c0d0bd5972bfd5e58daf8_view_article_new.jpg\" \/>\n\t<meta property=\"og:image:width\" content=\"860\" \/>\n\t<meta property=\"og:image:height\" content=\"460\" \/>\n\t<meta property=\"og:image:type\" content=\"image\/jpeg\" \/>\n<meta name=\"author\" content=\"Radio Ljubu\u0161ki\" \/>\n<meta name=\"twitter:card\" content=\"summary_large_image\" \/>\n<meta name=\"twitter:creator\" content=\"@radioljubuski\" \/>\n<meta name=\"twitter:site\" content=\"@radioljubuski\" \/>\n<meta name=\"twitter:label1\" content=\"Napisao\/la\" \/>\n\t<meta name=\"twitter:data1\" content=\"Radio Ljubu\u0161ki\" \/>\n\t<meta name=\"twitter:label2\" content=\"Procijenjeno vrijeme \u010ditanja\" \/>\n\t<meta name=\"twitter:data2\" content=\"6 minuta\" \/>\n<script type=\"application\/ld+json\" class=\"yoast-schema-graph\">{\"@context\":\"https:\\\/\\\/schema.org\",\"@graph\":[{\"@type\":\"Article\",\"@id\":\"https:\\\/\\\/radioljubuski.ba\\\/index.php\\\/2022\\\/01\\\/01\\\/buran-odnos-dvojice-predsjednika-u-2021\\\/#article\",\"isPartOf\":{\"@id\":\"https:\\\/\\\/radioljubuski.ba\\\/index.php\\\/2022\\\/01\\\/01\\\/buran-odnos-dvojice-predsjednika-u-2021\\\/\"},\"author\":{\"name\":\"Radio Ljubu\u0161ki\",\"@id\":\"https:\\\/\\\/radioljubuski.ba\\\/#\\\/schema\\\/person\\\/19fc700381a780f69665d7956c469e3b\"},\"headline\":\"Buran odnos dvojice predsjednika u 2021.\",\"datePublished\":\"2022-01-01T20:32:25+00:00\",\"dateModified\":\"2022-01-01T20:32:26+00:00\",\"mainEntityOfPage\":{\"@id\":\"https:\\\/\\\/radioljubuski.ba\\\/index.php\\\/2022\\\/01\\\/01\\\/buran-odnos-dvojice-predsjednika-u-2021\\\/\"},\"wordCount\":1461,\"publisher\":{\"@id\":\"https:\\\/\\\/radioljubuski.ba\\\/#organization\"},\"image\":{\"@id\":\"https:\\\/\\\/radioljubuski.ba\\\/index.php\\\/2022\\\/01\\\/01\\\/buran-odnos-dvojice-predsjednika-u-2021\\\/#primaryimage\"},\"thumbnailUrl\":\"https:\\\/\\\/radioljubuski.ba\\\/wp-content\\\/uploads\\\/2022\\\/01\\\/432b8533048c0d0bd5972bfd5e58daf8_view_article_new.jpg\",\"articleSection\":[\"BIH i regija\"],\"inLanguage\":\"hr\"},{\"@type\":\"WebPage\",\"@id\":\"https:\\\/\\\/radioljubuski.ba\\\/index.php\\\/2022\\\/01\\\/01\\\/buran-odnos-dvojice-predsjednika-u-2021\\\/\",\"url\":\"https:\\\/\\\/radioljubuski.ba\\\/index.php\\\/2022\\\/01\\\/01\\\/buran-odnos-dvojice-predsjednika-u-2021\\\/\",\"name\":\"Buran odnos dvojice predsjednika u 2021. - RADIO LJUBU\u0160KI\",\"isPartOf\":{\"@id\":\"https:\\\/\\\/radioljubuski.ba\\\/#website\"},\"primaryImageOfPage\":{\"@id\":\"https:\\\/\\\/radioljubuski.ba\\\/index.php\\\/2022\\\/01\\\/01\\\/buran-odnos-dvojice-predsjednika-u-2021\\\/#primaryimage\"},\"image\":{\"@id\":\"https:\\\/\\\/radioljubuski.ba\\\/index.php\\\/2022\\\/01\\\/01\\\/buran-odnos-dvojice-predsjednika-u-2021\\\/#primaryimage\"},\"thumbnailUrl\":\"https:\\\/\\\/radioljubuski.ba\\\/wp-content\\\/uploads\\\/2022\\\/01\\\/432b8533048c0d0bd5972bfd5e58daf8_view_article_new.jpg\",\"datePublished\":\"2022-01-01T20:32:25+00:00\",\"dateModified\":\"2022-01-01T20:32:26+00:00\",\"breadcrumb\":{\"@id\":\"https:\\\/\\\/radioljubuski.ba\\\/index.php\\\/2022\\\/01\\\/01\\\/buran-odnos-dvojice-predsjednika-u-2021\\\/#breadcrumb\"},\"inLanguage\":\"hr\",\"potentialAction\":[{\"@type\":\"ReadAction\",\"target\":[\"https:\\\/\\\/radioljubuski.ba\\\/index.php\\\/2022\\\/01\\\/01\\\/buran-odnos-dvojice-predsjednika-u-2021\\\/\"]}]},{\"@type\":\"ImageObject\",\"inLanguage\":\"hr\",\"@id\":\"https:\\\/\\\/radioljubuski.ba\\\/index.php\\\/2022\\\/01\\\/01\\\/buran-odnos-dvojice-predsjednika-u-2021\\\/#primaryimage\",\"url\":\"https:\\\/\\\/radioljubuski.ba\\\/wp-content\\\/uploads\\\/2022\\\/01\\\/432b8533048c0d0bd5972bfd5e58daf8_view_article_new.jpg\",\"contentUrl\":\"https:\\\/\\\/radioljubuski.ba\\\/wp-content\\\/uploads\\\/2022\\\/01\\\/432b8533048c0d0bd5972bfd5e58daf8_view_article_new.jpg\",\"width\":860,\"height\":460},{\"@type\":\"BreadcrumbList\",\"@id\":\"https:\\\/\\\/radioljubuski.ba\\\/index.php\\\/2022\\\/01\\\/01\\\/buran-odnos-dvojice-predsjednika-u-2021\\\/#breadcrumb\",\"itemListElement\":[{\"@type\":\"ListItem\",\"position\":1,\"name\":\"Po\u010detna stranica\",\"item\":\"https:\\\/\\\/radioljubuski.ba\\\/\"},{\"@type\":\"ListItem\",\"position\":2,\"name\":\"Buran odnos dvojice predsjednika u 2021.\"}]},{\"@type\":\"WebSite\",\"@id\":\"https:\\\/\\\/radioljubuski.ba\\\/#website\",\"url\":\"https:\\\/\\\/radioljubuski.ba\\\/\",\"name\":\"Radio Ljubu\u0161ki\",\"description\":\"Sun\u010dana frekvencija Hercegovine\",\"publisher\":{\"@id\":\"https:\\\/\\\/radioljubuski.ba\\\/#organization\"},\"potentialAction\":[{\"@type\":\"SearchAction\",\"target\":{\"@type\":\"EntryPoint\",\"urlTemplate\":\"https:\\\/\\\/radioljubuski.ba\\\/?s={search_term_string}\"},\"query-input\":{\"@type\":\"PropertyValueSpecification\",\"valueRequired\":true,\"valueName\":\"search_term_string\"}}],\"inLanguage\":\"hr\"},{\"@type\":\"Organization\",\"@id\":\"https:\\\/\\\/radioljubuski.ba\\\/#organization\",\"name\":\"Radio Ljubu\u0161ki\",\"url\":\"https:\\\/\\\/radioljubuski.ba\\\/\",\"logo\":{\"@type\":\"ImageObject\",\"inLanguage\":\"hr\",\"@id\":\"https:\\\/\\\/radioljubuski.ba\\\/#\\\/schema\\\/logo\\\/image\\\/\",\"url\":\"https:\\\/\\\/radioljubuski.ba\\\/wp-content\\\/uploads\\\/2021\\\/02\\\/cropped-Radio_Ljubuski_logo1.jpg\",\"contentUrl\":\"https:\\\/\\\/radioljubuski.ba\\\/wp-content\\\/uploads\\\/2021\\\/02\\\/cropped-Radio_Ljubuski_logo1.jpg\",\"width\":512,\"height\":512,\"caption\":\"Radio Ljubu\u0161ki\"},\"image\":{\"@id\":\"https:\\\/\\\/radioljubuski.ba\\\/#\\\/schema\\\/logo\\\/image\\\/\"},\"sameAs\":[\"https:\\\/\\\/www.facebook.com\\\/Radiio-Ljubuski-1490835324566332\",\"https:\\\/\\\/x.com\\\/radioljubuski\",\"https:\\\/\\\/hr.linkedin.com\\\/company\\\/radio-ljubuski\",\"https:\\\/\\\/www.youtube.com\\\/channel\\\/UCHYaeO_n0Db3tjNGudGpXyw\"]},{\"@type\":\"Person\",\"@id\":\"https:\\\/\\\/radioljubuski.ba\\\/#\\\/schema\\\/person\\\/19fc700381a780f69665d7956c469e3b\",\"name\":\"Radio Ljubu\u0161ki\"}]}<\/script>\n<!-- \/ Yoast SEO plugin. -->","yoast_head_json":{"title":"Buran odnos dvojice predsjednika u 2021. - RADIO LJUBU\u0160KI","robots":{"index":"index","follow":"follow","max-snippet":"max-snippet:-1","max-image-preview":"max-image-preview:large","max-video-preview":"max-video-preview:-1"},"canonical":"https:\/\/radioljubuski.ba\/index.php\/2022\/01\/01\/buran-odnos-dvojice-predsjednika-u-2021\/","og_locale":"hr_HR","og_type":"article","og_title":"Buran odnos dvojice predsjednika u 2021. - RADIO LJUBU\u0160KI","og_description":"\u010ceste polemike predsjednika Republike i predsjednika Vlade oko izbora \u010delnika Vrhovnog suda, vojske i, me\u0111u ostalim, epidemiolo\u0161kih mjera obilje\u017eile su njihov odnos koji je u 2021. bio poprili\u010dno buran. O sporu predsjednika Republike&nbsp;Zorana Milanovi\u0107a&nbsp;i premijera&nbsp;Andreja Plenkovi\u0107a&nbsp;tijekom godine ispisane su stotine tekstova i vijesti. U nekim tjednima davali su izjave gotovo svakodnevno. Komunicirali su i putem [&hellip;]","og_url":"https:\/\/radioljubuski.ba\/index.php\/2022\/01\/01\/buran-odnos-dvojice-predsjednika-u-2021\/","og_site_name":"RADIO LJUBU\u0160KI","article_publisher":"https:\/\/www.facebook.com\/Radiio-Ljubuski-1490835324566332","article_published_time":"2022-01-01T20:32:25+00:00","article_modified_time":"2022-01-01T20:32:26+00:00","og_image":[{"width":860,"height":460,"url":"https:\/\/radioljubuski.ba\/wp-content\/uploads\/2022\/01\/432b8533048c0d0bd5972bfd5e58daf8_view_article_new.jpg","type":"image\/jpeg"}],"author":"Radio Ljubu\u0161ki","twitter_card":"summary_large_image","twitter_creator":"@radioljubuski","twitter_site":"@radioljubuski","twitter_misc":{"Napisao\/la":"Radio Ljubu\u0161ki","Procijenjeno vrijeme \u010ditanja":"6 minuta"},"schema":{"@context":"https:\/\/schema.org","@graph":[{"@type":"Article","@id":"https:\/\/radioljubuski.ba\/index.php\/2022\/01\/01\/buran-odnos-dvojice-predsjednika-u-2021\/#article","isPartOf":{"@id":"https:\/\/radioljubuski.ba\/index.php\/2022\/01\/01\/buran-odnos-dvojice-predsjednika-u-2021\/"},"author":{"name":"Radio Ljubu\u0161ki","@id":"https:\/\/radioljubuski.ba\/#\/schema\/person\/19fc700381a780f69665d7956c469e3b"},"headline":"Buran odnos dvojice predsjednika u 2021.","datePublished":"2022-01-01T20:32:25+00:00","dateModified":"2022-01-01T20:32:26+00:00","mainEntityOfPage":{"@id":"https:\/\/radioljubuski.ba\/index.php\/2022\/01\/01\/buran-odnos-dvojice-predsjednika-u-2021\/"},"wordCount":1461,"publisher":{"@id":"https:\/\/radioljubuski.ba\/#organization"},"image":{"@id":"https:\/\/radioljubuski.ba\/index.php\/2022\/01\/01\/buran-odnos-dvojice-predsjednika-u-2021\/#primaryimage"},"thumbnailUrl":"https:\/\/radioljubuski.ba\/wp-content\/uploads\/2022\/01\/432b8533048c0d0bd5972bfd5e58daf8_view_article_new.jpg","articleSection":["BIH i regija"],"inLanguage":"hr"},{"@type":"WebPage","@id":"https:\/\/radioljubuski.ba\/index.php\/2022\/01\/01\/buran-odnos-dvojice-predsjednika-u-2021\/","url":"https:\/\/radioljubuski.ba\/index.php\/2022\/01\/01\/buran-odnos-dvojice-predsjednika-u-2021\/","name":"Buran odnos dvojice predsjednika u 2021. - RADIO LJUBU\u0160KI","isPartOf":{"@id":"https:\/\/radioljubuski.ba\/#website"},"primaryImageOfPage":{"@id":"https:\/\/radioljubuski.ba\/index.php\/2022\/01\/01\/buran-odnos-dvojice-predsjednika-u-2021\/#primaryimage"},"image":{"@id":"https:\/\/radioljubuski.ba\/index.php\/2022\/01\/01\/buran-odnos-dvojice-predsjednika-u-2021\/#primaryimage"},"thumbnailUrl":"https:\/\/radioljubuski.ba\/wp-content\/uploads\/2022\/01\/432b8533048c0d0bd5972bfd5e58daf8_view_article_new.jpg","datePublished":"2022-01-01T20:32:25+00:00","dateModified":"2022-01-01T20:32:26+00:00","breadcrumb":{"@id":"https:\/\/radioljubuski.ba\/index.php\/2022\/01\/01\/buran-odnos-dvojice-predsjednika-u-2021\/#breadcrumb"},"inLanguage":"hr","potentialAction":[{"@type":"ReadAction","target":["https:\/\/radioljubuski.ba\/index.php\/2022\/01\/01\/buran-odnos-dvojice-predsjednika-u-2021\/"]}]},{"@type":"ImageObject","inLanguage":"hr","@id":"https:\/\/radioljubuski.ba\/index.php\/2022\/01\/01\/buran-odnos-dvojice-predsjednika-u-2021\/#primaryimage","url":"https:\/\/radioljubuski.ba\/wp-content\/uploads\/2022\/01\/432b8533048c0d0bd5972bfd5e58daf8_view_article_new.jpg","contentUrl":"https:\/\/radioljubuski.ba\/wp-content\/uploads\/2022\/01\/432b8533048c0d0bd5972bfd5e58daf8_view_article_new.jpg","width":860,"height":460},{"@type":"BreadcrumbList","@id":"https:\/\/radioljubuski.ba\/index.php\/2022\/01\/01\/buran-odnos-dvojice-predsjednika-u-2021\/#breadcrumb","itemListElement":[{"@type":"ListItem","position":1,"name":"Po\u010detna stranica","item":"https:\/\/radioljubuski.ba\/"},{"@type":"ListItem","position":2,"name":"Buran odnos dvojice predsjednika u 2021."}]},{"@type":"WebSite","@id":"https:\/\/radioljubuski.ba\/#website","url":"https:\/\/radioljubuski.ba\/","name":"Radio Ljubu\u0161ki","description":"Sun\u010dana frekvencija Hercegovine","publisher":{"@id":"https:\/\/radioljubuski.ba\/#organization"},"potentialAction":[{"@type":"SearchAction","target":{"@type":"EntryPoint","urlTemplate":"https:\/\/radioljubuski.ba\/?s={search_term_string}"},"query-input":{"@type":"PropertyValueSpecification","valueRequired":true,"valueName":"search_term_string"}}],"inLanguage":"hr"},{"@type":"Organization","@id":"https:\/\/radioljubuski.ba\/#organization","name":"Radio Ljubu\u0161ki","url":"https:\/\/radioljubuski.ba\/","logo":{"@type":"ImageObject","inLanguage":"hr","@id":"https:\/\/radioljubuski.ba\/#\/schema\/logo\/image\/","url":"https:\/\/radioljubuski.ba\/wp-content\/uploads\/2021\/02\/cropped-Radio_Ljubuski_logo1.jpg","contentUrl":"https:\/\/radioljubuski.ba\/wp-content\/uploads\/2021\/02\/cropped-Radio_Ljubuski_logo1.jpg","width":512,"height":512,"caption":"Radio Ljubu\u0161ki"},"image":{"@id":"https:\/\/radioljubuski.ba\/#\/schema\/logo\/image\/"},"sameAs":["https:\/\/www.facebook.com\/Radiio-Ljubuski-1490835324566332","https:\/\/x.com\/radioljubuski","https:\/\/hr.linkedin.com\/company\/radio-ljubuski","https:\/\/www.youtube.com\/channel\/UCHYaeO_n0Db3tjNGudGpXyw"]},{"@type":"Person","@id":"https:\/\/radioljubuski.ba\/#\/schema\/person\/19fc700381a780f69665d7956c469e3b","name":"Radio Ljubu\u0161ki"}]}},"_links":{"self":[{"href":"https:\/\/radioljubuski.ba\/index.php\/wp-json\/wp\/v2\/posts\/104560","targetHints":{"allow":["GET"]}}],"collection":[{"href":"https:\/\/radioljubuski.ba\/index.php\/wp-json\/wp\/v2\/posts"}],"about":[{"href":"https:\/\/radioljubuski.ba\/index.php\/wp-json\/wp\/v2\/types\/post"}],"author":[{"embeddable":true,"href":"https:\/\/radioljubuski.ba\/index.php\/wp-json\/wp\/v2\/users\/2"}],"replies":[{"embeddable":true,"href":"https:\/\/radioljubuski.ba\/index.php\/wp-json\/wp\/v2\/comments?post=104560"}],"version-history":[{"count":1,"href":"https:\/\/radioljubuski.ba\/index.php\/wp-json\/wp\/v2\/posts\/104560\/revisions"}],"predecessor-version":[{"id":104562,"href":"https:\/\/radioljubuski.ba\/index.php\/wp-json\/wp\/v2\/posts\/104560\/revisions\/104562"}],"wp:featuredmedia":[{"embeddable":true,"href":"https:\/\/radioljubuski.ba\/index.php\/wp-json\/wp\/v2\/media\/104561"}],"wp:attachment":[{"href":"https:\/\/radioljubuski.ba\/index.php\/wp-json\/wp\/v2\/media?parent=104560"}],"wp:term":[{"taxonomy":"category","embeddable":true,"href":"https:\/\/radioljubuski.ba\/index.php\/wp-json\/wp\/v2\/categories?post=104560"},{"taxonomy":"post_tag","embeddable":true,"href":"https:\/\/radioljubuski.ba\/index.php\/wp-json\/wp\/v2\/tags?post=104560"}],"curies":[{"name":"wp","href":"https:\/\/api.w.org\/{rel}","templated":true}]}}