{"id":104612,"date":"2022-01-03T09:47:20","date_gmt":"2022-01-03T08:47:20","guid":{"rendered":"https:\/\/radioljubuski.ba\/?p=104612"},"modified":"2022-01-03T09:47:22","modified_gmt":"2022-01-03T08:47:22","slug":"brat-i-sestra-mu-igraju-za-austriju-a-on-je-odabrao-hrvatsku-ispricao-je-zbog-cega","status":"publish","type":"post","link":"https:\/\/radioljubuski.ba\/index.php\/2022\/01\/03\/brat-i-sestra-mu-igraju-za-austriju-a-on-je-odabrao-hrvatsku-ispricao-je-zbog-cega\/","title":{"rendered":"Brat i sestra mu igraju za Austriju, a on je odabrao Hrvatsku. Ispri\u010dao je zbog \u010dega"},"content":{"rendered":"\n<p>Ivan Martinovi\u0107 je sa samo 23 godine postao prvi desni vanjski igra\u010d hrvatske rukometne reprezentacije i od njega izbornik Hrvoje Horvat jako puno o\u010dekuje na Europskom prvenstvu u Ma\u0111arskoj i Slova\u010dkoj.<\/p>\n\n\n\n<p>Ivan Martinovi\u0107 \u0107e 6. sije\u010dnja napuniti 23 godine, a ve\u0107 je sto\u017eerni igra\u010d hrvatske rukometne reprezentacije. Za Hrvatsku je debitirao 2019. godine, a iza njega je jedno veliko natjecanje \u2013 Svjetsko prvenstvo u Egiptu. Zbog ozljede morao je propustiti Europsko prvenstvo 2020. godine \u0161to mu je posebno krivo jer je \u017eelio igrati pred svojom obitelji i prijateljima u Be\u010du, gdje je Hrvatska igrala drugi krug. Bio je jedan od na\u0161ih najboljih igra\u010da kada je Hrvatska osvojila kadetsko europsko te svjetsko juniorsko srebro. Nakon medalja u mla\u0111im dobnim kategorijama, vrijeme je i za prvu seniorsku medalju. Tko zna, mo\u017eda se to dogodi na Europskom prvenstvu koje 13. sije\u010dnja po\u010dinje u Ma\u0111arskoj i Slova\u010dkoj. Trebaju nam navija\u010di &#8211; Sad vi\u0161e nemamo puno vremena. Imamo puno posla da sve poslo\u017eimo do po\u010detka EP-a. A svi jedva \u010dekamo da Europsko prvenstvo po\u010dne. Igrat \u0107emo jo\u0161 i dvije prijateljske utakmice, s Bosnom i Hercegovinom i Rusijom. Prijateljske utakmice nisu toliko bitne koliko one slu\u017ebene. Opet, te prijateljske utakmice otkriju neke nedostatke koje jo\u0161 moramo popraviti. Znam da protiv Slovenije nedavno nije to izgledalo dobro, ali vjerujem da \u0107emo u Ma\u0111arsku oti\u0107i s dvije pobjede na Croatia kupu i, dakako, puni samopouzdanja &#8211; ka\u017ee Ivan. Reprezentacija je prili\u010dno promijenjena u odnosu na posljednje Europsko prvenstvo<\/p>\n\n\n\n<p>&#8211; Ima puno novih igra\u010da, ali se me\u0111usobno ve\u0107 dobro poznajemo. Prvi susret u skupini EP-a igramo protiv Francuske, reprezentacije koja nas je pobijedila u posljednjem me\u0111usobnom susretu, na kvalifikacijskom turniru u Montpellieru, za odlazak na Olimpisjke igre u Tokio. &#8211; Idemo na pobjedu u tom susretu, jo\u0161 od Montpelliera imamo otvoren ra\u010dun s njima. Svi jedva \u010dekamo taj susret, svi gorimo jer znamo kakvu su nam nepravdu napravili kada su izgubili od Portugala, a tri minute prije kraja vodili su sa tri pogotka prednosti. Vjerujem da \u0107e ih sada susti\u0107i kazna. Ina\u010de, skupina je vrlo zahtjevna. Srbija je sve ja\u010da, a Ukrajina je sve samo ne slaba. Ne smijemo nikoga podcijeniti, ali prvo gledamo Francusku. Bitna nam je pobjeda jer samo prve dvije reprezentacije odlaze u drugi krug &#8211; isti\u010de desni vanjski igra\u010d hrvatske reprezentacije. Na utakmici s Francuskom trebali biste imati i veliku podr\u0161ku navija\u010da? &#8211; Nadam se. Nije tajna da igramo puno bolje kada su uz nas navija\u010di. U Hannoveru igrate puno. &#8211; Da, hvala treneru koji mi daje priliku da igram u oba smjera. Na Europskom prvenstvu igrat \u0107e i Ivanov brat, Marin, ali za Austriju. \u017ddrijeb je takav da se Hrvatska i Austrija mogu najranije sresti tek u polufinalu. &#8211; Brat Marin i sestra Kristina odlu\u010dili su igrati rukomet za Austriju, a ja sam izabrao Hrvatsku. Meni je u po\u010detku bio cilj igrati s bratom. Me\u0111utim, brat je stariji pa mene tada nisu pozvali u austrijsku reprezentaciju. Bio sam im premlad i nedovoljno dobar. Oti\u0161ao sam u zadarski rukometni kamp gdje su me treneri primijetili i pozvali prvi put na pripreme &#8211; isti\u010de Ivan. S idolom postao cimer Ro\u0111en je u Be\u010du gdje je i po\u010deo rukometnu karijeru. Igrao je za mla\u0111e selekcije Fiversa, a potom je u istom klubu proveo i tri seniorske sezone te potom 2018. pre\u0161ao u njema\u010dki Gummersbach. &#8211; U Gummersbachu me do\u010dekao Drago Vukovi\u0107, legenda hrvatskog rukometa, osvaja\u010d olimpijske medalje 2004. godine. On mi je jako puno pomogao u po\u010detku. Ne samo na parketu ve\u0107 i izvan njega. Nije pro\u0161ao dan u gradu a da nismo popili barem kavu &#8211; ka\u017ee Ivan. Ondje se zadr\u017eao samo jednu sezonu jer je sjajnim igrama privukao pozornost nekoliko klubova, me\u0111u kojima je izabrao Hannover gdje trenuta\u010dno dijeli svla\u010dionicu s Ilijom Brozovi\u0107em. &#8211; Jo\u0161 dok sam bio dje\u010dak uzori su mi bili Duvnjak i Bali\u0107. Kada sam pozvan u A-reprezentaciju, u kvalifikacijama za EP 2020. u Osijeku, Dule i ja bili smo cimeri, \u0161to me odu\u0161evilo. Sa sobom uvijek imam fotografiju s EP-a u Be\u010du 2010. kada sam se fotografirao s njim. Pokazao sam mu je, a on nije mogao vjerovati &#8211; rekao je Martinovi\u0107.<\/p>\n\n\n\n<p>izvor: hrt.hr<\/p>\n\n\n\n<p><\/p>\n\n\n\n<p><\/p>\n\n\n\n<p><\/p>\n","protected":false},"excerpt":{"rendered":"<p>Ivan Martinovi\u0107 je sa samo 23 godine postao prvi desni vanjski igra\u010d hrvatske rukometne reprezentacije i od njega izbornik Hrvoje Horvat jako puno o\u010dekuje na Europskom prvenstvu u Ma\u0111arskoj i Slova\u010dkoj. Ivan Martinovi\u0107 \u0107e 6. sije\u010dnja napuniti 23 godine, a ve\u0107 je sto\u017eerni igra\u010d hrvatske rukometne reprezentacije. Za Hrvatsku je debitirao 2019. godine, a iza [&hellip;]<\/p>\n","protected":false},"author":2,"featured_media":104613,"comment_status":"closed","ping_status":"closed","sticky":false,"template":"","format":"standard","meta":{"h5ap_radio_sources":[],"footnotes":""},"categories":[7],"tags":[],"class_list":["post-104612","post","type-post","status-publish","format-standard","has-post-thumbnail","hentry","category-sport"],"yoast_head":"<!-- This site is optimized with the Yoast SEO plugin v27.4 - https:\/\/yoast.com\/product\/yoast-seo-wordpress\/ -->\n<title>Brat i sestra mu igraju za Austriju, a on je odabrao Hrvatsku. Ispri\u010dao je zbog \u010dega - RADIO LJUBU\u0160KI<\/title>\n<meta name=\"robots\" content=\"index, follow, max-snippet:-1, max-image-preview:large, max-video-preview:-1\" \/>\n<link rel=\"canonical\" href=\"https:\/\/radioljubuski.ba\/index.php\/2022\/01\/03\/brat-i-sestra-mu-igraju-za-austriju-a-on-je-odabrao-hrvatsku-ispricao-je-zbog-cega\/\" \/>\n<meta property=\"og:locale\" content=\"hr_HR\" \/>\n<meta property=\"og:type\" content=\"article\" \/>\n<meta property=\"og:title\" content=\"Brat i sestra mu igraju za Austriju, a on je odabrao Hrvatsku. Ispri\u010dao je zbog \u010dega - RADIO LJUBU\u0160KI\" \/>\n<meta property=\"og:description\" content=\"Ivan Martinovi\u0107 je sa samo 23 godine postao prvi desni vanjski igra\u010d hrvatske rukometne reprezentacije i od njega izbornik Hrvoje Horvat jako puno o\u010dekuje na Europskom prvenstvu u Ma\u0111arskoj i Slova\u010dkoj. Ivan Martinovi\u0107 \u0107e 6. sije\u010dnja napuniti 23 godine, a ve\u0107 je sto\u017eerni igra\u010d hrvatske rukometne reprezentacije. Za Hrvatsku je debitirao 2019. godine, a iza [&hellip;]\" \/>\n<meta property=\"og:url\" content=\"https:\/\/radioljubuski.ba\/index.php\/2022\/01\/03\/brat-i-sestra-mu-igraju-za-austriju-a-on-je-odabrao-hrvatsku-ispricao-je-zbog-cega\/\" \/>\n<meta property=\"og:site_name\" content=\"RADIO LJUBU\u0160KI\" \/>\n<meta property=\"article:publisher\" content=\"https:\/\/www.facebook.com\/Radiio-Ljubuski-1490835324566332\" \/>\n<meta property=\"article:published_time\" content=\"2022-01-03T08:47:20+00:00\" \/>\n<meta property=\"article:modified_time\" content=\"2022-01-03T08:47:22+00:00\" \/>\n<meta property=\"og:image\" content=\"https:\/\/radioljubuski.ba\/wp-content\/uploads\/2022\/01\/martinovic.jpg\" \/>\n\t<meta property=\"og:image:width\" content=\"225\" \/>\n\t<meta property=\"og:image:height\" content=\"225\" \/>\n\t<meta property=\"og:image:type\" content=\"image\/jpeg\" \/>\n<meta name=\"author\" content=\"Radio Ljubu\u0161ki\" \/>\n<meta name=\"twitter:card\" content=\"summary_large_image\" \/>\n<meta name=\"twitter:creator\" content=\"@radioljubuski\" \/>\n<meta name=\"twitter:site\" content=\"@radioljubuski\" \/>\n<meta name=\"twitter:label1\" content=\"Napisao\/la\" \/>\n\t<meta name=\"twitter:data1\" content=\"Radio Ljubu\u0161ki\" \/>\n\t<meta name=\"twitter:label2\" content=\"Procijenjeno vrijeme \u010ditanja\" \/>\n\t<meta name=\"twitter:data2\" content=\"3 minute\" \/>\n<script type=\"application\/ld+json\" class=\"yoast-schema-graph\">{\"@context\":\"https:\\\/\\\/schema.org\",\"@graph\":[{\"@type\":\"Article\",\"@id\":\"https:\\\/\\\/radioljubuski.ba\\\/index.php\\\/2022\\\/01\\\/03\\\/brat-i-sestra-mu-igraju-za-austriju-a-on-je-odabrao-hrvatsku-ispricao-je-zbog-cega\\\/#article\",\"isPartOf\":{\"@id\":\"https:\\\/\\\/radioljubuski.ba\\\/index.php\\\/2022\\\/01\\\/03\\\/brat-i-sestra-mu-igraju-za-austriju-a-on-je-odabrao-hrvatsku-ispricao-je-zbog-cega\\\/\"},\"author\":{\"name\":\"Radio Ljubu\u0161ki\",\"@id\":\"https:\\\/\\\/radioljubuski.ba\\\/#\\\/schema\\\/person\\\/19fc700381a780f69665d7956c469e3b\"},\"headline\":\"Brat i sestra mu igraju za Austriju, a on je odabrao Hrvatsku. Ispri\u010dao je zbog \u010dega\",\"datePublished\":\"2022-01-03T08:47:20+00:00\",\"dateModified\":\"2022-01-03T08:47:22+00:00\",\"mainEntityOfPage\":{\"@id\":\"https:\\\/\\\/radioljubuski.ba\\\/index.php\\\/2022\\\/01\\\/03\\\/brat-i-sestra-mu-igraju-za-austriju-a-on-je-odabrao-hrvatsku-ispricao-je-zbog-cega\\\/\"},\"wordCount\":748,\"publisher\":{\"@id\":\"https:\\\/\\\/radioljubuski.ba\\\/#organization\"},\"image\":{\"@id\":\"https:\\\/\\\/radioljubuski.ba\\\/index.php\\\/2022\\\/01\\\/03\\\/brat-i-sestra-mu-igraju-za-austriju-a-on-je-odabrao-hrvatsku-ispricao-je-zbog-cega\\\/#primaryimage\"},\"thumbnailUrl\":\"https:\\\/\\\/radioljubuski.ba\\\/wp-content\\\/uploads\\\/2022\\\/01\\\/martinovic.jpg\",\"articleSection\":[\"\u0160port\"],\"inLanguage\":\"hr\"},{\"@type\":\"WebPage\",\"@id\":\"https:\\\/\\\/radioljubuski.ba\\\/index.php\\\/2022\\\/01\\\/03\\\/brat-i-sestra-mu-igraju-za-austriju-a-on-je-odabrao-hrvatsku-ispricao-je-zbog-cega\\\/\",\"url\":\"https:\\\/\\\/radioljubuski.ba\\\/index.php\\\/2022\\\/01\\\/03\\\/brat-i-sestra-mu-igraju-za-austriju-a-on-je-odabrao-hrvatsku-ispricao-je-zbog-cega\\\/\",\"name\":\"Brat i sestra mu igraju za Austriju, a on je odabrao Hrvatsku. Ispri\u010dao je zbog \u010dega - RADIO LJUBU\u0160KI\",\"isPartOf\":{\"@id\":\"https:\\\/\\\/radioljubuski.ba\\\/#website\"},\"primaryImageOfPage\":{\"@id\":\"https:\\\/\\\/radioljubuski.ba\\\/index.php\\\/2022\\\/01\\\/03\\\/brat-i-sestra-mu-igraju-za-austriju-a-on-je-odabrao-hrvatsku-ispricao-je-zbog-cega\\\/#primaryimage\"},\"image\":{\"@id\":\"https:\\\/\\\/radioljubuski.ba\\\/index.php\\\/2022\\\/01\\\/03\\\/brat-i-sestra-mu-igraju-za-austriju-a-on-je-odabrao-hrvatsku-ispricao-je-zbog-cega\\\/#primaryimage\"},\"thumbnailUrl\":\"https:\\\/\\\/radioljubuski.ba\\\/wp-content\\\/uploads\\\/2022\\\/01\\\/martinovic.jpg\",\"datePublished\":\"2022-01-03T08:47:20+00:00\",\"dateModified\":\"2022-01-03T08:47:22+00:00\",\"breadcrumb\":{\"@id\":\"https:\\\/\\\/radioljubuski.ba\\\/index.php\\\/2022\\\/01\\\/03\\\/brat-i-sestra-mu-igraju-za-austriju-a-on-je-odabrao-hrvatsku-ispricao-je-zbog-cega\\\/#breadcrumb\"},\"inLanguage\":\"hr\",\"potentialAction\":[{\"@type\":\"ReadAction\",\"target\":[\"https:\\\/\\\/radioljubuski.ba\\\/index.php\\\/2022\\\/01\\\/03\\\/brat-i-sestra-mu-igraju-za-austriju-a-on-je-odabrao-hrvatsku-ispricao-je-zbog-cega\\\/\"]}]},{\"@type\":\"ImageObject\",\"inLanguage\":\"hr\",\"@id\":\"https:\\\/\\\/radioljubuski.ba\\\/index.php\\\/2022\\\/01\\\/03\\\/brat-i-sestra-mu-igraju-za-austriju-a-on-je-odabrao-hrvatsku-ispricao-je-zbog-cega\\\/#primaryimage\",\"url\":\"https:\\\/\\\/radioljubuski.ba\\\/wp-content\\\/uploads\\\/2022\\\/01\\\/martinovic.jpg\",\"contentUrl\":\"https:\\\/\\\/radioljubuski.ba\\\/wp-content\\\/uploads\\\/2022\\\/01\\\/martinovic.jpg\",\"width\":225,\"height\":225},{\"@type\":\"BreadcrumbList\",\"@id\":\"https:\\\/\\\/radioljubuski.ba\\\/index.php\\\/2022\\\/01\\\/03\\\/brat-i-sestra-mu-igraju-za-austriju-a-on-je-odabrao-hrvatsku-ispricao-je-zbog-cega\\\/#breadcrumb\",\"itemListElement\":[{\"@type\":\"ListItem\",\"position\":1,\"name\":\"Po\u010detna stranica\",\"item\":\"https:\\\/\\\/radioljubuski.ba\\\/\"},{\"@type\":\"ListItem\",\"position\":2,\"name\":\"Brat i sestra mu igraju za Austriju, a on je odabrao Hrvatsku. Ispri\u010dao je zbog \u010dega\"}]},{\"@type\":\"WebSite\",\"@id\":\"https:\\\/\\\/radioljubuski.ba\\\/#website\",\"url\":\"https:\\\/\\\/radioljubuski.ba\\\/\",\"name\":\"Radio Ljubu\u0161ki\",\"description\":\"Sun\u010dana frekvencija Hercegovine\",\"publisher\":{\"@id\":\"https:\\\/\\\/radioljubuski.ba\\\/#organization\"},\"potentialAction\":[{\"@type\":\"SearchAction\",\"target\":{\"@type\":\"EntryPoint\",\"urlTemplate\":\"https:\\\/\\\/radioljubuski.ba\\\/?s={search_term_string}\"},\"query-input\":{\"@type\":\"PropertyValueSpecification\",\"valueRequired\":true,\"valueName\":\"search_term_string\"}}],\"inLanguage\":\"hr\"},{\"@type\":\"Organization\",\"@id\":\"https:\\\/\\\/radioljubuski.ba\\\/#organization\",\"name\":\"Radio Ljubu\u0161ki\",\"url\":\"https:\\\/\\\/radioljubuski.ba\\\/\",\"logo\":{\"@type\":\"ImageObject\",\"inLanguage\":\"hr\",\"@id\":\"https:\\\/\\\/radioljubuski.ba\\\/#\\\/schema\\\/logo\\\/image\\\/\",\"url\":\"https:\\\/\\\/radioljubuski.ba\\\/wp-content\\\/uploads\\\/2021\\\/02\\\/cropped-Radio_Ljubuski_logo1.jpg\",\"contentUrl\":\"https:\\\/\\\/radioljubuski.ba\\\/wp-content\\\/uploads\\\/2021\\\/02\\\/cropped-Radio_Ljubuski_logo1.jpg\",\"width\":512,\"height\":512,\"caption\":\"Radio Ljubu\u0161ki\"},\"image\":{\"@id\":\"https:\\\/\\\/radioljubuski.ba\\\/#\\\/schema\\\/logo\\\/image\\\/\"},\"sameAs\":[\"https:\\\/\\\/www.facebook.com\\\/Radiio-Ljubuski-1490835324566332\",\"https:\\\/\\\/x.com\\\/radioljubuski\",\"https:\\\/\\\/hr.linkedin.com\\\/company\\\/radio-ljubuski\",\"https:\\\/\\\/www.youtube.com\\\/channel\\\/UCHYaeO_n0Db3tjNGudGpXyw\"]},{\"@type\":\"Person\",\"@id\":\"https:\\\/\\\/radioljubuski.ba\\\/#\\\/schema\\\/person\\\/19fc700381a780f69665d7956c469e3b\",\"name\":\"Radio Ljubu\u0161ki\"}]}<\/script>\n<!-- \/ Yoast SEO plugin. -->","yoast_head_json":{"title":"Brat i sestra mu igraju za Austriju, a on je odabrao Hrvatsku. Ispri\u010dao je zbog \u010dega - RADIO LJUBU\u0160KI","robots":{"index":"index","follow":"follow","max-snippet":"max-snippet:-1","max-image-preview":"max-image-preview:large","max-video-preview":"max-video-preview:-1"},"canonical":"https:\/\/radioljubuski.ba\/index.php\/2022\/01\/03\/brat-i-sestra-mu-igraju-za-austriju-a-on-je-odabrao-hrvatsku-ispricao-je-zbog-cega\/","og_locale":"hr_HR","og_type":"article","og_title":"Brat i sestra mu igraju za Austriju, a on je odabrao Hrvatsku. Ispri\u010dao je zbog \u010dega - RADIO LJUBU\u0160KI","og_description":"Ivan Martinovi\u0107 je sa samo 23 godine postao prvi desni vanjski igra\u010d hrvatske rukometne reprezentacije i od njega izbornik Hrvoje Horvat jako puno o\u010dekuje na Europskom prvenstvu u Ma\u0111arskoj i Slova\u010dkoj. Ivan Martinovi\u0107 \u0107e 6. sije\u010dnja napuniti 23 godine, a ve\u0107 je sto\u017eerni igra\u010d hrvatske rukometne reprezentacije. Za Hrvatsku je debitirao 2019. godine, a iza [&hellip;]","og_url":"https:\/\/radioljubuski.ba\/index.php\/2022\/01\/03\/brat-i-sestra-mu-igraju-za-austriju-a-on-je-odabrao-hrvatsku-ispricao-je-zbog-cega\/","og_site_name":"RADIO LJUBU\u0160KI","article_publisher":"https:\/\/www.facebook.com\/Radiio-Ljubuski-1490835324566332","article_published_time":"2022-01-03T08:47:20+00:00","article_modified_time":"2022-01-03T08:47:22+00:00","og_image":[{"width":225,"height":225,"url":"https:\/\/radioljubuski.ba\/wp-content\/uploads\/2022\/01\/martinovic.jpg","type":"image\/jpeg"}],"author":"Radio Ljubu\u0161ki","twitter_card":"summary_large_image","twitter_creator":"@radioljubuski","twitter_site":"@radioljubuski","twitter_misc":{"Napisao\/la":"Radio Ljubu\u0161ki","Procijenjeno vrijeme \u010ditanja":"3 minute"},"schema":{"@context":"https:\/\/schema.org","@graph":[{"@type":"Article","@id":"https:\/\/radioljubuski.ba\/index.php\/2022\/01\/03\/brat-i-sestra-mu-igraju-za-austriju-a-on-je-odabrao-hrvatsku-ispricao-je-zbog-cega\/#article","isPartOf":{"@id":"https:\/\/radioljubuski.ba\/index.php\/2022\/01\/03\/brat-i-sestra-mu-igraju-za-austriju-a-on-je-odabrao-hrvatsku-ispricao-je-zbog-cega\/"},"author":{"name":"Radio Ljubu\u0161ki","@id":"https:\/\/radioljubuski.ba\/#\/schema\/person\/19fc700381a780f69665d7956c469e3b"},"headline":"Brat i sestra mu igraju za Austriju, a on je odabrao Hrvatsku. Ispri\u010dao je zbog \u010dega","datePublished":"2022-01-03T08:47:20+00:00","dateModified":"2022-01-03T08:47:22+00:00","mainEntityOfPage":{"@id":"https:\/\/radioljubuski.ba\/index.php\/2022\/01\/03\/brat-i-sestra-mu-igraju-za-austriju-a-on-je-odabrao-hrvatsku-ispricao-je-zbog-cega\/"},"wordCount":748,"publisher":{"@id":"https:\/\/radioljubuski.ba\/#organization"},"image":{"@id":"https:\/\/radioljubuski.ba\/index.php\/2022\/01\/03\/brat-i-sestra-mu-igraju-za-austriju-a-on-je-odabrao-hrvatsku-ispricao-je-zbog-cega\/#primaryimage"},"thumbnailUrl":"https:\/\/radioljubuski.ba\/wp-content\/uploads\/2022\/01\/martinovic.jpg","articleSection":["\u0160port"],"inLanguage":"hr"},{"@type":"WebPage","@id":"https:\/\/radioljubuski.ba\/index.php\/2022\/01\/03\/brat-i-sestra-mu-igraju-za-austriju-a-on-je-odabrao-hrvatsku-ispricao-je-zbog-cega\/","url":"https:\/\/radioljubuski.ba\/index.php\/2022\/01\/03\/brat-i-sestra-mu-igraju-za-austriju-a-on-je-odabrao-hrvatsku-ispricao-je-zbog-cega\/","name":"Brat i sestra mu igraju za Austriju, a on je odabrao Hrvatsku. Ispri\u010dao je zbog \u010dega - RADIO LJUBU\u0160KI","isPartOf":{"@id":"https:\/\/radioljubuski.ba\/#website"},"primaryImageOfPage":{"@id":"https:\/\/radioljubuski.ba\/index.php\/2022\/01\/03\/brat-i-sestra-mu-igraju-za-austriju-a-on-je-odabrao-hrvatsku-ispricao-je-zbog-cega\/#primaryimage"},"image":{"@id":"https:\/\/radioljubuski.ba\/index.php\/2022\/01\/03\/brat-i-sestra-mu-igraju-za-austriju-a-on-je-odabrao-hrvatsku-ispricao-je-zbog-cega\/#primaryimage"},"thumbnailUrl":"https:\/\/radioljubuski.ba\/wp-content\/uploads\/2022\/01\/martinovic.jpg","datePublished":"2022-01-03T08:47:20+00:00","dateModified":"2022-01-03T08:47:22+00:00","breadcrumb":{"@id":"https:\/\/radioljubuski.ba\/index.php\/2022\/01\/03\/brat-i-sestra-mu-igraju-za-austriju-a-on-je-odabrao-hrvatsku-ispricao-je-zbog-cega\/#breadcrumb"},"inLanguage":"hr","potentialAction":[{"@type":"ReadAction","target":["https:\/\/radioljubuski.ba\/index.php\/2022\/01\/03\/brat-i-sestra-mu-igraju-za-austriju-a-on-je-odabrao-hrvatsku-ispricao-je-zbog-cega\/"]}]},{"@type":"ImageObject","inLanguage":"hr","@id":"https:\/\/radioljubuski.ba\/index.php\/2022\/01\/03\/brat-i-sestra-mu-igraju-za-austriju-a-on-je-odabrao-hrvatsku-ispricao-je-zbog-cega\/#primaryimage","url":"https:\/\/radioljubuski.ba\/wp-content\/uploads\/2022\/01\/martinovic.jpg","contentUrl":"https:\/\/radioljubuski.ba\/wp-content\/uploads\/2022\/01\/martinovic.jpg","width":225,"height":225},{"@type":"BreadcrumbList","@id":"https:\/\/radioljubuski.ba\/index.php\/2022\/01\/03\/brat-i-sestra-mu-igraju-za-austriju-a-on-je-odabrao-hrvatsku-ispricao-je-zbog-cega\/#breadcrumb","itemListElement":[{"@type":"ListItem","position":1,"name":"Po\u010detna stranica","item":"https:\/\/radioljubuski.ba\/"},{"@type":"ListItem","position":2,"name":"Brat i sestra mu igraju za Austriju, a on je odabrao Hrvatsku. Ispri\u010dao je zbog \u010dega"}]},{"@type":"WebSite","@id":"https:\/\/radioljubuski.ba\/#website","url":"https:\/\/radioljubuski.ba\/","name":"Radio Ljubu\u0161ki","description":"Sun\u010dana frekvencija Hercegovine","publisher":{"@id":"https:\/\/radioljubuski.ba\/#organization"},"potentialAction":[{"@type":"SearchAction","target":{"@type":"EntryPoint","urlTemplate":"https:\/\/radioljubuski.ba\/?s={search_term_string}"},"query-input":{"@type":"PropertyValueSpecification","valueRequired":true,"valueName":"search_term_string"}}],"inLanguage":"hr"},{"@type":"Organization","@id":"https:\/\/radioljubuski.ba\/#organization","name":"Radio Ljubu\u0161ki","url":"https:\/\/radioljubuski.ba\/","logo":{"@type":"ImageObject","inLanguage":"hr","@id":"https:\/\/radioljubuski.ba\/#\/schema\/logo\/image\/","url":"https:\/\/radioljubuski.ba\/wp-content\/uploads\/2021\/02\/cropped-Radio_Ljubuski_logo1.jpg","contentUrl":"https:\/\/radioljubuski.ba\/wp-content\/uploads\/2021\/02\/cropped-Radio_Ljubuski_logo1.jpg","width":512,"height":512,"caption":"Radio Ljubu\u0161ki"},"image":{"@id":"https:\/\/radioljubuski.ba\/#\/schema\/logo\/image\/"},"sameAs":["https:\/\/www.facebook.com\/Radiio-Ljubuski-1490835324566332","https:\/\/x.com\/radioljubuski","https:\/\/hr.linkedin.com\/company\/radio-ljubuski","https:\/\/www.youtube.com\/channel\/UCHYaeO_n0Db3tjNGudGpXyw"]},{"@type":"Person","@id":"https:\/\/radioljubuski.ba\/#\/schema\/person\/19fc700381a780f69665d7956c469e3b","name":"Radio Ljubu\u0161ki"}]}},"_links":{"self":[{"href":"https:\/\/radioljubuski.ba\/index.php\/wp-json\/wp\/v2\/posts\/104612","targetHints":{"allow":["GET"]}}],"collection":[{"href":"https:\/\/radioljubuski.ba\/index.php\/wp-json\/wp\/v2\/posts"}],"about":[{"href":"https:\/\/radioljubuski.ba\/index.php\/wp-json\/wp\/v2\/types\/post"}],"author":[{"embeddable":true,"href":"https:\/\/radioljubuski.ba\/index.php\/wp-json\/wp\/v2\/users\/2"}],"replies":[{"embeddable":true,"href":"https:\/\/radioljubuski.ba\/index.php\/wp-json\/wp\/v2\/comments?post=104612"}],"version-history":[{"count":1,"href":"https:\/\/radioljubuski.ba\/index.php\/wp-json\/wp\/v2\/posts\/104612\/revisions"}],"predecessor-version":[{"id":104614,"href":"https:\/\/radioljubuski.ba\/index.php\/wp-json\/wp\/v2\/posts\/104612\/revisions\/104614"}],"wp:featuredmedia":[{"embeddable":true,"href":"https:\/\/radioljubuski.ba\/index.php\/wp-json\/wp\/v2\/media\/104613"}],"wp:attachment":[{"href":"https:\/\/radioljubuski.ba\/index.php\/wp-json\/wp\/v2\/media?parent=104612"}],"wp:term":[{"taxonomy":"category","embeddable":true,"href":"https:\/\/radioljubuski.ba\/index.php\/wp-json\/wp\/v2\/categories?post=104612"},{"taxonomy":"post_tag","embeddable":true,"href":"https:\/\/radioljubuski.ba\/index.php\/wp-json\/wp\/v2\/tags?post=104612"}],"curies":[{"name":"wp","href":"https:\/\/api.w.org\/{rel}","templated":true}]}}