{"id":104675,"date":"2022-01-04T15:09:12","date_gmt":"2022-01-04T14:09:12","guid":{"rendered":"https:\/\/radioljubuski.ba\/?p=104675"},"modified":"2022-01-08T19:43:07","modified_gmt":"2022-01-08T18:43:07","slug":"ljubusanka-jelena-bukmir-nagrade-dozivljavam-kao-jedno-veliko-priznanje-za-svoj-trud-ali-i-za-put-koji-sam-odabrala","status":"publish","type":"post","link":"https:\/\/radioljubuski.ba\/index.php\/2022\/01\/04\/ljubusanka-jelena-bukmir-nagrade-dozivljavam-kao-jedno-veliko-priznanje-za-svoj-trud-ali-i-za-put-koji-sam-odabrala\/","title":{"rendered":"Ljubu\u0161anka Jelena Bukmir: Nagrade do\u017eivljavam kao jedno veliko priznanje za svoj trud, ali i za put koji sam odabrala"},"content":{"rendered":"\n<p>Jelena Bukmir, studentica \u010detvrte godine Farmaceutskog fakulteta Sveu\u010dili\u0161ta u Mostaru, dobitnica je ovogodi\u0161nje Rektorove, Dekanove, ali i nagrade koju dodjeljuje Federalno ministarstvo obrazovanja i znanosti za izniman uspjeh u studiranju.<\/p>\n\n\n\n<p>Uspjeh ove mlade Ljubu\u0161anke temeljen je na radu i upornosti, ali i \u017eelji za ulaganjem u znanje koje je temelj budu\u0107nosti.<\/p>\n\n\n\n<p><strong>Usavr\u0161avanje znanja<\/strong><\/p>\n\n\n\n<p>-Ove nagrade do\u017eivljavam kao jedno veliko priznanje za svoj trud, ali i za put koji sam odabrala kada sam upisivala Farmaceutski fakultet. Mnogo mi zna\u010de, pogotovo kada ula\u017eete i onaj posljednji atom snage da to bude ne\u0161to dobro, kazala je Jelena za Dnevni list, koja je s jo\u0161 13 studenata prigodno nagra\u0111ena i od Grada Ljubu\u0161kog.<\/p>\n\n\n\n<p>Za Farmaceutski fakultet, kako je pojasnila, odlu\u010dila se pred kraj gimnazijskog obrazovanja tijekom kojeg je dobila i pohvalnicu za odli\u010dan uspjeh, ali i Dekanovu nagradu na prvoj godini studija.<\/p>\n\n\n\n<p>-Bilo je tu prostora za svakojake snove, kako za sanjanje tako i za njihovo ostvarivanje, ali prevagnula je ljubav prema onome u \u010demu sutra mogu pomo\u0107i \u0161to ve\u0107em broju ljudi i gdje ne\u0107u samo raditi za sebe i na sebi, jer svoj uspjeh \u0107u brojati po onim ljudima koji odu od mene nasmije\u0161enih lica. Nakon zavr\u0161etka studija planiram oti\u0107i izvan granica BiH, odnosno u Hrvatsku, kako bih nadogradila i usavr\u0161ila znanje. Tko zna, mo\u017eda se i vratim ovdje s &nbsp;dodatnim ste\u010denim znanjima i napravim neku promjenu, a sve u cilju napretka za generacije koje dolaze, rekla je Jelena.<\/p>\n\n\n\n<p>Nadalje je dodala kako joj uskla\u0111ivanje svakodnevnih obveza s u\u010denjem ne predstavlja optere\u0107enje.<\/p>\n\n\n\n<p><strong>Organizacija kao klju\u010d uspjeha<\/strong><\/p>\n\n\n\n<p>-Smatram da je organizacija posla klju\u010d svakog uspjeha. Netko voli pisati svoj plan i program za svaki dan, \u010demu se divim i \u0161to uvelike podr\u017eavam, ali kod mene to uvijek nekako stoji u glavi, jo\u0161 od malena. Tomu je doprinio i sport, jer je bilo neizbje\u017eno da, ako \u017eelim trenirati, moram u svakom polju i\u0107i korak naprijed, bez vra\u0107anja unazad, istaknula je ova uspje\u0161na studentica od koje smo zatra\u017eili \u201erecept\u201c za uspje\u0161no i opu\u0161teno studiranje.<\/p>\n\n\n\n<p>-Prioriteti se uvijek trebaju poslo\u017eiti. Mi\u0161ljenja sam da se \u010dvrsto treba dr\u017eati onoga \u0161to smo naumili za svaki dan, jer svako skretanje s tog puta nije korak naprijed. Naravno, ovdje nije naglasak samo na nekim \u201estrogim\u201c granicama. Primjerice, svaku pauzu od knjige nastojim provesti u dobru i opu\u0161tenu dru\u0161tvu u kojem nema mjesta negativnim emocijama, ve\u0107 smijehu. I dobar trening tako\u0111er ne smije izostati, jer kako ka\u017eu na\u0161i: \u201eU zdravu tijelu \u2013 zdrav duh!\u201c, istaknula je Jelena.<\/p>\n\n\n\n<p>Uputila je i poruku svima onima koji planiraju upisati Farmaceutski fakultet.<\/p>\n\n\n\n<p>-Neka to bude poziv, ljubav, jer sutra u svojim rukama nosimo \u010dovjeka. Put je te\u017eak, ali uz \u017eelju, trud i volju sve to postaje lak\u0161e. Na kraju krajeva, lijepo \u0107e biti le\u0107i znaju\u0107i da si nekome olak\u0161ao \u017eivot, a mo\u017eda ga nekome i spasio. To i jest smisao na\u0161eg postojanja, jer uspjeh se udvostru\u010duje kada ga \u010dini vi\u0161e ljudi, zaklju\u010dila je Jelena.<\/p>\n\n\n\n<figure class=\"wp-block-image\"><a href=\"https:\/\/www.ljportal.com\/ljubusanka-jelena-bukmir-nagrade-dozivljavam-kao-jedno-veliko-priznanje-za-svoj-trud-ali-i-za-put-koji-sam-odabrala-49658\/jelena-rektorova\/\"><img decoding=\"async\" src=\"https:\/\/www.ljportal.com\/wp-content\/uploads\/2022\/01\/Jelena-rektorova.jpg\" alt=\"Jelena-rektorova\" class=\"wp-image-49661\" title=\"Jelena-rektorova\"\/><\/a><\/figure>\n\n\n\n<h1 class=\"wp-block-heading\">Autor: Antonela Marinovi\u0107 Musa \/ dnevni.ba<\/h1>\n","protected":false},"excerpt":{"rendered":"<p>Jelena Bukmir, studentica \u010detvrte godine Farmaceutskog fakulteta Sveu\u010dili\u0161ta u Mostaru, dobitnica je ovogodi\u0161nje Rektorove, Dekanove, ali i nagrade koju dodjeljuje Federalno ministarstvo obrazovanja i znanosti za izniman uspjeh u studiranju. Uspjeh ove mlade Ljubu\u0161anke temeljen je na radu i upornosti, ali i \u017eelji za ulaganjem u znanje koje je temelj budu\u0107nosti. Usavr\u0161avanje znanja -Ove nagrade [&hellip;]<\/p>\n","protected":false},"author":2,"featured_media":104676,"comment_status":"closed","ping_status":"closed","sticky":false,"template":"","format":"standard","meta":{"h5ap_radio_sources":[],"footnotes":""},"categories":[3],"tags":[],"class_list":["post-104675","post","type-post","status-publish","format-standard","has-post-thumbnail","hentry","category-ljubuski"],"yoast_head":"<!-- This site is optimized with the Yoast SEO plugin v27.5 - https:\/\/yoast.com\/product\/yoast-seo-wordpress\/ -->\n<title>Ljubu\u0161anka Jelena Bukmir: Nagrade do\u017eivljavam kao jedno veliko priznanje za svoj trud, ali i za put koji sam odabrala - RADIO LJUBU\u0160KI<\/title>\n<meta name=\"robots\" content=\"index, follow, max-snippet:-1, max-image-preview:large, max-video-preview:-1\" \/>\n<link rel=\"canonical\" href=\"https:\/\/radioljubuski.ba\/index.php\/2022\/01\/04\/ljubusanka-jelena-bukmir-nagrade-dozivljavam-kao-jedno-veliko-priznanje-za-svoj-trud-ali-i-za-put-koji-sam-odabrala\/\" \/>\n<meta property=\"og:locale\" content=\"hr_HR\" \/>\n<meta property=\"og:type\" content=\"article\" \/>\n<meta property=\"og:title\" content=\"Ljubu\u0161anka Jelena Bukmir: Nagrade do\u017eivljavam kao jedno veliko priznanje za svoj trud, ali i za put koji sam odabrala - RADIO LJUBU\u0160KI\" \/>\n<meta property=\"og:description\" content=\"Jelena Bukmir, studentica \u010detvrte godine Farmaceutskog fakulteta Sveu\u010dili\u0161ta u Mostaru, dobitnica je ovogodi\u0161nje Rektorove, Dekanove, ali i nagrade koju dodjeljuje Federalno ministarstvo obrazovanja i znanosti za izniman uspjeh u studiranju. Uspjeh ove mlade Ljubu\u0161anke temeljen je na radu i upornosti, ali i \u017eelji za ulaganjem u znanje koje je temelj budu\u0107nosti. Usavr\u0161avanje znanja -Ove nagrade [&hellip;]\" \/>\n<meta property=\"og:url\" content=\"https:\/\/radioljubuski.ba\/index.php\/2022\/01\/04\/ljubusanka-jelena-bukmir-nagrade-dozivljavam-kao-jedno-veliko-priznanje-za-svoj-trud-ali-i-za-put-koji-sam-odabrala\/\" \/>\n<meta property=\"og:site_name\" content=\"RADIO LJUBU\u0160KI\" \/>\n<meta property=\"article:publisher\" content=\"https:\/\/www.facebook.com\/Radiio-Ljubuski-1490835324566332\" \/>\n<meta property=\"article:published_time\" content=\"2022-01-04T14:09:12+00:00\" \/>\n<meta property=\"article:modified_time\" content=\"2022-01-08T18:43:07+00:00\" \/>\n<meta property=\"og:image\" content=\"https:\/\/radioljubuski.ba\/wp-content\/uploads\/2022\/01\/jelena-bukmir.jpg\" \/>\n\t<meta property=\"og:image:width\" content=\"600\" \/>\n\t<meta property=\"og:image:height\" content=\"400\" \/>\n\t<meta property=\"og:image:type\" content=\"image\/jpeg\" \/>\n<meta name=\"author\" content=\"Radio Ljubu\u0161ki\" \/>\n<meta name=\"twitter:card\" content=\"summary_large_image\" \/>\n<meta name=\"twitter:creator\" content=\"@radioljubuski\" \/>\n<meta name=\"twitter:site\" content=\"@radioljubuski\" \/>\n<meta name=\"twitter:label1\" content=\"Napisao\/la\" \/>\n\t<meta name=\"twitter:data1\" content=\"Radio Ljubu\u0161ki\" \/>\n\t<meta name=\"twitter:label2\" content=\"Procijenjeno vrijeme \u010ditanja\" \/>\n\t<meta name=\"twitter:data2\" content=\"3 minute\" \/>\n<script type=\"application\/ld+json\" class=\"yoast-schema-graph\">{\"@context\":\"https:\\\/\\\/schema.org\",\"@graph\":[{\"@type\":\"Article\",\"@id\":\"https:\\\/\\\/radioljubuski.ba\\\/index.php\\\/2022\\\/01\\\/04\\\/ljubusanka-jelena-bukmir-nagrade-dozivljavam-kao-jedno-veliko-priznanje-za-svoj-trud-ali-i-za-put-koji-sam-odabrala\\\/#article\",\"isPartOf\":{\"@id\":\"https:\\\/\\\/radioljubuski.ba\\\/index.php\\\/2022\\\/01\\\/04\\\/ljubusanka-jelena-bukmir-nagrade-dozivljavam-kao-jedno-veliko-priznanje-za-svoj-trud-ali-i-za-put-koji-sam-odabrala\\\/\"},\"author\":{\"name\":\"Radio Ljubu\u0161ki\",\"@id\":\"https:\\\/\\\/radioljubuski.ba\\\/#\\\/schema\\\/person\\\/19fc700381a780f69665d7956c469e3b\"},\"headline\":\"Ljubu\u0161anka Jelena Bukmir: Nagrade do\u017eivljavam kao jedno veliko priznanje za svoj trud, ali i za put koji sam odabrala\",\"datePublished\":\"2022-01-04T14:09:12+00:00\",\"dateModified\":\"2022-01-08T18:43:07+00:00\",\"mainEntityOfPage\":{\"@id\":\"https:\\\/\\\/radioljubuski.ba\\\/index.php\\\/2022\\\/01\\\/04\\\/ljubusanka-jelena-bukmir-nagrade-dozivljavam-kao-jedno-veliko-priznanje-za-svoj-trud-ali-i-za-put-koji-sam-odabrala\\\/\"},\"wordCount\":556,\"publisher\":{\"@id\":\"https:\\\/\\\/radioljubuski.ba\\\/#organization\"},\"image\":{\"@id\":\"https:\\\/\\\/radioljubuski.ba\\\/index.php\\\/2022\\\/01\\\/04\\\/ljubusanka-jelena-bukmir-nagrade-dozivljavam-kao-jedno-veliko-priznanje-za-svoj-trud-ali-i-za-put-koji-sam-odabrala\\\/#primaryimage\"},\"thumbnailUrl\":\"https:\\\/\\\/radioljubuski.ba\\\/wp-content\\\/uploads\\\/2022\\\/01\\\/jelena-bukmir.jpg\",\"articleSection\":[\"Ljubu\u0161ki\"],\"inLanguage\":\"hr\"},{\"@type\":\"WebPage\",\"@id\":\"https:\\\/\\\/radioljubuski.ba\\\/index.php\\\/2022\\\/01\\\/04\\\/ljubusanka-jelena-bukmir-nagrade-dozivljavam-kao-jedno-veliko-priznanje-za-svoj-trud-ali-i-za-put-koji-sam-odabrala\\\/\",\"url\":\"https:\\\/\\\/radioljubuski.ba\\\/index.php\\\/2022\\\/01\\\/04\\\/ljubusanka-jelena-bukmir-nagrade-dozivljavam-kao-jedno-veliko-priznanje-za-svoj-trud-ali-i-za-put-koji-sam-odabrala\\\/\",\"name\":\"Ljubu\u0161anka Jelena Bukmir: Nagrade do\u017eivljavam kao jedno veliko priznanje za svoj trud, ali i za put koji sam odabrala - RADIO LJUBU\u0160KI\",\"isPartOf\":{\"@id\":\"https:\\\/\\\/radioljubuski.ba\\\/#website\"},\"primaryImageOfPage\":{\"@id\":\"https:\\\/\\\/radioljubuski.ba\\\/index.php\\\/2022\\\/01\\\/04\\\/ljubusanka-jelena-bukmir-nagrade-dozivljavam-kao-jedno-veliko-priznanje-za-svoj-trud-ali-i-za-put-koji-sam-odabrala\\\/#primaryimage\"},\"image\":{\"@id\":\"https:\\\/\\\/radioljubuski.ba\\\/index.php\\\/2022\\\/01\\\/04\\\/ljubusanka-jelena-bukmir-nagrade-dozivljavam-kao-jedno-veliko-priznanje-za-svoj-trud-ali-i-za-put-koji-sam-odabrala\\\/#primaryimage\"},\"thumbnailUrl\":\"https:\\\/\\\/radioljubuski.ba\\\/wp-content\\\/uploads\\\/2022\\\/01\\\/jelena-bukmir.jpg\",\"datePublished\":\"2022-01-04T14:09:12+00:00\",\"dateModified\":\"2022-01-08T18:43:07+00:00\",\"breadcrumb\":{\"@id\":\"https:\\\/\\\/radioljubuski.ba\\\/index.php\\\/2022\\\/01\\\/04\\\/ljubusanka-jelena-bukmir-nagrade-dozivljavam-kao-jedno-veliko-priznanje-za-svoj-trud-ali-i-za-put-koji-sam-odabrala\\\/#breadcrumb\"},\"inLanguage\":\"hr\",\"potentialAction\":[{\"@type\":\"ReadAction\",\"target\":[\"https:\\\/\\\/radioljubuski.ba\\\/index.php\\\/2022\\\/01\\\/04\\\/ljubusanka-jelena-bukmir-nagrade-dozivljavam-kao-jedno-veliko-priznanje-za-svoj-trud-ali-i-za-put-koji-sam-odabrala\\\/\"]}]},{\"@type\":\"ImageObject\",\"inLanguage\":\"hr\",\"@id\":\"https:\\\/\\\/radioljubuski.ba\\\/index.php\\\/2022\\\/01\\\/04\\\/ljubusanka-jelena-bukmir-nagrade-dozivljavam-kao-jedno-veliko-priznanje-za-svoj-trud-ali-i-za-put-koji-sam-odabrala\\\/#primaryimage\",\"url\":\"https:\\\/\\\/radioljubuski.ba\\\/wp-content\\\/uploads\\\/2022\\\/01\\\/jelena-bukmir.jpg\",\"contentUrl\":\"https:\\\/\\\/radioljubuski.ba\\\/wp-content\\\/uploads\\\/2022\\\/01\\\/jelena-bukmir.jpg\",\"width\":600,\"height\":400},{\"@type\":\"BreadcrumbList\",\"@id\":\"https:\\\/\\\/radioljubuski.ba\\\/index.php\\\/2022\\\/01\\\/04\\\/ljubusanka-jelena-bukmir-nagrade-dozivljavam-kao-jedno-veliko-priznanje-za-svoj-trud-ali-i-za-put-koji-sam-odabrala\\\/#breadcrumb\",\"itemListElement\":[{\"@type\":\"ListItem\",\"position\":1,\"name\":\"Po\u010detna stranica\",\"item\":\"https:\\\/\\\/radioljubuski.ba\\\/\"},{\"@type\":\"ListItem\",\"position\":2,\"name\":\"Ljubu\u0161anka Jelena Bukmir: Nagrade do\u017eivljavam kao jedno veliko priznanje za svoj trud, ali i za put koji sam odabrala\"}]},{\"@type\":\"WebSite\",\"@id\":\"https:\\\/\\\/radioljubuski.ba\\\/#website\",\"url\":\"https:\\\/\\\/radioljubuski.ba\\\/\",\"name\":\"Radio Ljubu\u0161ki\",\"description\":\"Sun\u010dana frekvencija Hercegovine\",\"publisher\":{\"@id\":\"https:\\\/\\\/radioljubuski.ba\\\/#organization\"},\"potentialAction\":[{\"@type\":\"SearchAction\",\"target\":{\"@type\":\"EntryPoint\",\"urlTemplate\":\"https:\\\/\\\/radioljubuski.ba\\\/?s={search_term_string}\"},\"query-input\":{\"@type\":\"PropertyValueSpecification\",\"valueRequired\":true,\"valueName\":\"search_term_string\"}}],\"inLanguage\":\"hr\"},{\"@type\":\"Organization\",\"@id\":\"https:\\\/\\\/radioljubuski.ba\\\/#organization\",\"name\":\"Radio Ljubu\u0161ki\",\"url\":\"https:\\\/\\\/radioljubuski.ba\\\/\",\"logo\":{\"@type\":\"ImageObject\",\"inLanguage\":\"hr\",\"@id\":\"https:\\\/\\\/radioljubuski.ba\\\/#\\\/schema\\\/logo\\\/image\\\/\",\"url\":\"https:\\\/\\\/radioljubuski.ba\\\/wp-content\\\/uploads\\\/2021\\\/02\\\/cropped-Radio_Ljubuski_logo1.jpg\",\"contentUrl\":\"https:\\\/\\\/radioljubuski.ba\\\/wp-content\\\/uploads\\\/2021\\\/02\\\/cropped-Radio_Ljubuski_logo1.jpg\",\"width\":512,\"height\":512,\"caption\":\"Radio Ljubu\u0161ki\"},\"image\":{\"@id\":\"https:\\\/\\\/radioljubuski.ba\\\/#\\\/schema\\\/logo\\\/image\\\/\"},\"sameAs\":[\"https:\\\/\\\/www.facebook.com\\\/Radiio-Ljubuski-1490835324566332\",\"https:\\\/\\\/x.com\\\/radioljubuski\",\"https:\\\/\\\/hr.linkedin.com\\\/company\\\/radio-ljubuski\",\"https:\\\/\\\/www.youtube.com\\\/channel\\\/UCHYaeO_n0Db3tjNGudGpXyw\"]},{\"@type\":\"Person\",\"@id\":\"https:\\\/\\\/radioljubuski.ba\\\/#\\\/schema\\\/person\\\/19fc700381a780f69665d7956c469e3b\",\"name\":\"Radio Ljubu\u0161ki\"}]}<\/script>\n<!-- \/ Yoast SEO plugin. -->","yoast_head_json":{"title":"Ljubu\u0161anka Jelena Bukmir: Nagrade do\u017eivljavam kao jedno veliko priznanje za svoj trud, ali i za put koji sam odabrala - RADIO LJUBU\u0160KI","robots":{"index":"index","follow":"follow","max-snippet":"max-snippet:-1","max-image-preview":"max-image-preview:large","max-video-preview":"max-video-preview:-1"},"canonical":"https:\/\/radioljubuski.ba\/index.php\/2022\/01\/04\/ljubusanka-jelena-bukmir-nagrade-dozivljavam-kao-jedno-veliko-priznanje-za-svoj-trud-ali-i-za-put-koji-sam-odabrala\/","og_locale":"hr_HR","og_type":"article","og_title":"Ljubu\u0161anka Jelena Bukmir: Nagrade do\u017eivljavam kao jedno veliko priznanje za svoj trud, ali i za put koji sam odabrala - RADIO LJUBU\u0160KI","og_description":"Jelena Bukmir, studentica \u010detvrte godine Farmaceutskog fakulteta Sveu\u010dili\u0161ta u Mostaru, dobitnica je ovogodi\u0161nje Rektorove, Dekanove, ali i nagrade koju dodjeljuje Federalno ministarstvo obrazovanja i znanosti za izniman uspjeh u studiranju. Uspjeh ove mlade Ljubu\u0161anke temeljen je na radu i upornosti, ali i \u017eelji za ulaganjem u znanje koje je temelj budu\u0107nosti. Usavr\u0161avanje znanja -Ove nagrade [&hellip;]","og_url":"https:\/\/radioljubuski.ba\/index.php\/2022\/01\/04\/ljubusanka-jelena-bukmir-nagrade-dozivljavam-kao-jedno-veliko-priznanje-za-svoj-trud-ali-i-za-put-koji-sam-odabrala\/","og_site_name":"RADIO LJUBU\u0160KI","article_publisher":"https:\/\/www.facebook.com\/Radiio-Ljubuski-1490835324566332","article_published_time":"2022-01-04T14:09:12+00:00","article_modified_time":"2022-01-08T18:43:07+00:00","og_image":[{"width":600,"height":400,"url":"https:\/\/radioljubuski.ba\/wp-content\/uploads\/2022\/01\/jelena-bukmir.jpg","type":"image\/jpeg"}],"author":"Radio Ljubu\u0161ki","twitter_card":"summary_large_image","twitter_creator":"@radioljubuski","twitter_site":"@radioljubuski","twitter_misc":{"Napisao\/la":"Radio Ljubu\u0161ki","Procijenjeno vrijeme \u010ditanja":"3 minute"},"schema":{"@context":"https:\/\/schema.org","@graph":[{"@type":"Article","@id":"https:\/\/radioljubuski.ba\/index.php\/2022\/01\/04\/ljubusanka-jelena-bukmir-nagrade-dozivljavam-kao-jedno-veliko-priznanje-za-svoj-trud-ali-i-za-put-koji-sam-odabrala\/#article","isPartOf":{"@id":"https:\/\/radioljubuski.ba\/index.php\/2022\/01\/04\/ljubusanka-jelena-bukmir-nagrade-dozivljavam-kao-jedno-veliko-priznanje-za-svoj-trud-ali-i-za-put-koji-sam-odabrala\/"},"author":{"name":"Radio Ljubu\u0161ki","@id":"https:\/\/radioljubuski.ba\/#\/schema\/person\/19fc700381a780f69665d7956c469e3b"},"headline":"Ljubu\u0161anka Jelena Bukmir: Nagrade do\u017eivljavam kao jedno veliko priznanje za svoj trud, ali i za put koji sam odabrala","datePublished":"2022-01-04T14:09:12+00:00","dateModified":"2022-01-08T18:43:07+00:00","mainEntityOfPage":{"@id":"https:\/\/radioljubuski.ba\/index.php\/2022\/01\/04\/ljubusanka-jelena-bukmir-nagrade-dozivljavam-kao-jedno-veliko-priznanje-za-svoj-trud-ali-i-za-put-koji-sam-odabrala\/"},"wordCount":556,"publisher":{"@id":"https:\/\/radioljubuski.ba\/#organization"},"image":{"@id":"https:\/\/radioljubuski.ba\/index.php\/2022\/01\/04\/ljubusanka-jelena-bukmir-nagrade-dozivljavam-kao-jedno-veliko-priznanje-za-svoj-trud-ali-i-za-put-koji-sam-odabrala\/#primaryimage"},"thumbnailUrl":"https:\/\/radioljubuski.ba\/wp-content\/uploads\/2022\/01\/jelena-bukmir.jpg","articleSection":["Ljubu\u0161ki"],"inLanguage":"hr"},{"@type":"WebPage","@id":"https:\/\/radioljubuski.ba\/index.php\/2022\/01\/04\/ljubusanka-jelena-bukmir-nagrade-dozivljavam-kao-jedno-veliko-priznanje-za-svoj-trud-ali-i-za-put-koji-sam-odabrala\/","url":"https:\/\/radioljubuski.ba\/index.php\/2022\/01\/04\/ljubusanka-jelena-bukmir-nagrade-dozivljavam-kao-jedno-veliko-priznanje-za-svoj-trud-ali-i-za-put-koji-sam-odabrala\/","name":"Ljubu\u0161anka Jelena Bukmir: Nagrade do\u017eivljavam kao jedno veliko priznanje za svoj trud, ali i za put koji sam odabrala - RADIO LJUBU\u0160KI","isPartOf":{"@id":"https:\/\/radioljubuski.ba\/#website"},"primaryImageOfPage":{"@id":"https:\/\/radioljubuski.ba\/index.php\/2022\/01\/04\/ljubusanka-jelena-bukmir-nagrade-dozivljavam-kao-jedno-veliko-priznanje-za-svoj-trud-ali-i-za-put-koji-sam-odabrala\/#primaryimage"},"image":{"@id":"https:\/\/radioljubuski.ba\/index.php\/2022\/01\/04\/ljubusanka-jelena-bukmir-nagrade-dozivljavam-kao-jedno-veliko-priznanje-za-svoj-trud-ali-i-za-put-koji-sam-odabrala\/#primaryimage"},"thumbnailUrl":"https:\/\/radioljubuski.ba\/wp-content\/uploads\/2022\/01\/jelena-bukmir.jpg","datePublished":"2022-01-04T14:09:12+00:00","dateModified":"2022-01-08T18:43:07+00:00","breadcrumb":{"@id":"https:\/\/radioljubuski.ba\/index.php\/2022\/01\/04\/ljubusanka-jelena-bukmir-nagrade-dozivljavam-kao-jedno-veliko-priznanje-za-svoj-trud-ali-i-za-put-koji-sam-odabrala\/#breadcrumb"},"inLanguage":"hr","potentialAction":[{"@type":"ReadAction","target":["https:\/\/radioljubuski.ba\/index.php\/2022\/01\/04\/ljubusanka-jelena-bukmir-nagrade-dozivljavam-kao-jedno-veliko-priznanje-za-svoj-trud-ali-i-za-put-koji-sam-odabrala\/"]}]},{"@type":"ImageObject","inLanguage":"hr","@id":"https:\/\/radioljubuski.ba\/index.php\/2022\/01\/04\/ljubusanka-jelena-bukmir-nagrade-dozivljavam-kao-jedno-veliko-priznanje-za-svoj-trud-ali-i-za-put-koji-sam-odabrala\/#primaryimage","url":"https:\/\/radioljubuski.ba\/wp-content\/uploads\/2022\/01\/jelena-bukmir.jpg","contentUrl":"https:\/\/radioljubuski.ba\/wp-content\/uploads\/2022\/01\/jelena-bukmir.jpg","width":600,"height":400},{"@type":"BreadcrumbList","@id":"https:\/\/radioljubuski.ba\/index.php\/2022\/01\/04\/ljubusanka-jelena-bukmir-nagrade-dozivljavam-kao-jedno-veliko-priznanje-za-svoj-trud-ali-i-za-put-koji-sam-odabrala\/#breadcrumb","itemListElement":[{"@type":"ListItem","position":1,"name":"Po\u010detna stranica","item":"https:\/\/radioljubuski.ba\/"},{"@type":"ListItem","position":2,"name":"Ljubu\u0161anka Jelena Bukmir: Nagrade do\u017eivljavam kao jedno veliko priznanje za svoj trud, ali i za put koji sam odabrala"}]},{"@type":"WebSite","@id":"https:\/\/radioljubuski.ba\/#website","url":"https:\/\/radioljubuski.ba\/","name":"Radio Ljubu\u0161ki","description":"Sun\u010dana frekvencija Hercegovine","publisher":{"@id":"https:\/\/radioljubuski.ba\/#organization"},"potentialAction":[{"@type":"SearchAction","target":{"@type":"EntryPoint","urlTemplate":"https:\/\/radioljubuski.ba\/?s={search_term_string}"},"query-input":{"@type":"PropertyValueSpecification","valueRequired":true,"valueName":"search_term_string"}}],"inLanguage":"hr"},{"@type":"Organization","@id":"https:\/\/radioljubuski.ba\/#organization","name":"Radio Ljubu\u0161ki","url":"https:\/\/radioljubuski.ba\/","logo":{"@type":"ImageObject","inLanguage":"hr","@id":"https:\/\/radioljubuski.ba\/#\/schema\/logo\/image\/","url":"https:\/\/radioljubuski.ba\/wp-content\/uploads\/2021\/02\/cropped-Radio_Ljubuski_logo1.jpg","contentUrl":"https:\/\/radioljubuski.ba\/wp-content\/uploads\/2021\/02\/cropped-Radio_Ljubuski_logo1.jpg","width":512,"height":512,"caption":"Radio Ljubu\u0161ki"},"image":{"@id":"https:\/\/radioljubuski.ba\/#\/schema\/logo\/image\/"},"sameAs":["https:\/\/www.facebook.com\/Radiio-Ljubuski-1490835324566332","https:\/\/x.com\/radioljubuski","https:\/\/hr.linkedin.com\/company\/radio-ljubuski","https:\/\/www.youtube.com\/channel\/UCHYaeO_n0Db3tjNGudGpXyw"]},{"@type":"Person","@id":"https:\/\/radioljubuski.ba\/#\/schema\/person\/19fc700381a780f69665d7956c469e3b","name":"Radio Ljubu\u0161ki"}]}},"_links":{"self":[{"href":"https:\/\/radioljubuski.ba\/index.php\/wp-json\/wp\/v2\/posts\/104675","targetHints":{"allow":["GET"]}}],"collection":[{"href":"https:\/\/radioljubuski.ba\/index.php\/wp-json\/wp\/v2\/posts"}],"about":[{"href":"https:\/\/radioljubuski.ba\/index.php\/wp-json\/wp\/v2\/types\/post"}],"author":[{"embeddable":true,"href":"https:\/\/radioljubuski.ba\/index.php\/wp-json\/wp\/v2\/users\/2"}],"replies":[{"embeddable":true,"href":"https:\/\/radioljubuski.ba\/index.php\/wp-json\/wp\/v2\/comments?post=104675"}],"version-history":[{"count":1,"href":"https:\/\/radioljubuski.ba\/index.php\/wp-json\/wp\/v2\/posts\/104675\/revisions"}],"predecessor-version":[{"id":104677,"href":"https:\/\/radioljubuski.ba\/index.php\/wp-json\/wp\/v2\/posts\/104675\/revisions\/104677"}],"wp:featuredmedia":[{"embeddable":true,"href":"https:\/\/radioljubuski.ba\/index.php\/wp-json\/wp\/v2\/media\/104676"}],"wp:attachment":[{"href":"https:\/\/radioljubuski.ba\/index.php\/wp-json\/wp\/v2\/media?parent=104675"}],"wp:term":[{"taxonomy":"category","embeddable":true,"href":"https:\/\/radioljubuski.ba\/index.php\/wp-json\/wp\/v2\/categories?post=104675"},{"taxonomy":"post_tag","embeddable":true,"href":"https:\/\/radioljubuski.ba\/index.php\/wp-json\/wp\/v2\/tags?post=104675"}],"curies":[{"name":"wp","href":"https:\/\/api.w.org\/{rel}","templated":true}]}}