{"id":104724,"date":"2022-01-05T00:21:36","date_gmt":"2022-01-04T23:21:36","guid":{"rendered":"https:\/\/radioljubuski.ba\/?p=104724"},"modified":"2022-01-05T00:21:37","modified_gmt":"2022-01-04T23:21:37","slug":"kanada-ce-platiti-40-milijardi-dolara-odstete-djeci-starosjedilaca","status":"publish","type":"post","link":"https:\/\/radioljubuski.ba\/index.php\/2022\/01\/05\/kanada-ce-platiti-40-milijardi-dolara-odstete-djeci-starosjedilaca\/","title":{"rendered":"Kanada \u0107e platiti 40 milijardi dolara od\u0161tete djeci starosjedilaca"},"content":{"rendered":"\n<p><strong>Kanada je objavila kako je okvirno dogovorila 40 milijardi kanadskih dolara vrijednu od\u0161tetu djeci starosjedilaca koja su odvedena od obitelji i stavljena pod sustav socijalne skrbi.<\/strong><\/p>\n\n\n\n<p>Dogovori uklju\u010duju 20 milijardi kanadskih dolara za potencijalno stotine tisu\u0107a djece starosjedilaca koja su odvedena iz obitelji i nisu imale pristup javnim uslugama ili im je on bio ote\u017ean.<br><br>Dodatnih 20 milijardi dolara predvi\u0111eno je za reformu sustava socijalne skrbi u idu\u0107ih pet godina. Jedan kanadski dolar vrijedi oko 5.24 kuna.<br><br>Kanadska vlada je jo\u0161 pro\u0161li mjesec objavila da \u0107e za od\u0161tetu izdvojiti 40 milijardi dolara, no detalje je otkrila tek danas. Dogovor dolazi gotovo 15 godina nakon \u0161to je udruga kanadskih starosjedilaca podnijela tu\u017ebu zbog kr\u0161enja ljudskih prava.<br><br>Djeca starosjedilaca neproporcionalno su zastupljena u udomiteljskoj skrbi diljem dr\u017eave. Kanada je priznala da je njezin sustav diskriminatoran, no vi\u0161e je puta odbijala platiti od\u0161tetu i financirati reforme.<br><br>Ovo je najve\u0107a financijska nagodba te vrste u kanadskoj povijesti, a kona\u010dni dogovor se mora finalizirati do 31. o\u017eujka ove godine.<\/p>\n\n\n\n<p>Izvor:hrt.hr<\/p>\n","protected":false},"excerpt":{"rendered":"<p>Kanada je objavila kako je okvirno dogovorila 40 milijardi kanadskih dolara vrijednu od\u0161tetu djeci starosjedilaca koja su odvedena od obitelji i stavljena pod sustav socijalne skrbi. Dogovori uklju\u010duju 20 milijardi kanadskih dolara za potencijalno stotine tisu\u0107a djece starosjedilaca koja su odvedena iz obitelji i nisu imale pristup javnim uslugama ili im je on bio ote\u017ean. [&hellip;]<\/p>\n","protected":false},"author":2,"featured_media":104725,"comment_status":"closed","ping_status":"closed","sticky":false,"template":"","format":"standard","meta":{"h5ap_radio_sources":[],"footnotes":""},"categories":[1],"tags":[],"class_list":["post-104724","post","type-post","status-publish","format-standard","has-post-thumbnail","hentry","category-bihiregija"],"yoast_head":"<!-- This site is optimized with the Yoast SEO plugin v27.4 - https:\/\/yoast.com\/product\/yoast-seo-wordpress\/ -->\n<title>Kanada \u0107e platiti 40 milijardi dolara od\u0161tete djeci starosjedilaca - RADIO LJUBU\u0160KI<\/title>\n<meta name=\"robots\" content=\"index, follow, max-snippet:-1, max-image-preview:large, max-video-preview:-1\" \/>\n<link rel=\"canonical\" href=\"https:\/\/radioljubuski.ba\/index.php\/2022\/01\/05\/kanada-ce-platiti-40-milijardi-dolara-odstete-djeci-starosjedilaca\/\" \/>\n<meta property=\"og:locale\" content=\"hr_HR\" \/>\n<meta property=\"og:type\" content=\"article\" \/>\n<meta property=\"og:title\" content=\"Kanada \u0107e platiti 40 milijardi dolara od\u0161tete djeci starosjedilaca - RADIO LJUBU\u0160KI\" \/>\n<meta property=\"og:description\" content=\"Kanada je objavila kako je okvirno dogovorila 40 milijardi kanadskih dolara vrijednu od\u0161tetu djeci starosjedilaca koja su odvedena od obitelji i stavljena pod sustav socijalne skrbi. Dogovori uklju\u010duju 20 milijardi kanadskih dolara za potencijalno stotine tisu\u0107a djece starosjedilaca koja su odvedena iz obitelji i nisu imale pristup javnim uslugama ili im je on bio ote\u017ean. [&hellip;]\" \/>\n<meta property=\"og:url\" content=\"https:\/\/radioljubuski.ba\/index.php\/2022\/01\/05\/kanada-ce-platiti-40-milijardi-dolara-odstete-djeci-starosjedilaca\/\" \/>\n<meta property=\"og:site_name\" content=\"RADIO LJUBU\u0160KI\" \/>\n<meta property=\"article:publisher\" content=\"https:\/\/www.facebook.com\/Radiio-Ljubuski-1490835324566332\" \/>\n<meta property=\"article:published_time\" content=\"2022-01-04T23:21:36+00:00\" \/>\n<meta property=\"article:modified_time\" content=\"2022-01-04T23:21:37+00:00\" \/>\n<meta property=\"og:image\" content=\"https:\/\/radioljubuski.ba\/wp-content\/uploads\/2022\/01\/sebastiaan-stam-azIO-XUkfok-unsplash-750x500-1.jpg\" \/>\n\t<meta property=\"og:image:width\" content=\"750\" \/>\n\t<meta property=\"og:image:height\" content=\"500\" \/>\n\t<meta property=\"og:image:type\" content=\"image\/jpeg\" \/>\n<meta name=\"author\" content=\"Radio Ljubu\u0161ki\" \/>\n<meta name=\"twitter:card\" content=\"summary_large_image\" \/>\n<meta name=\"twitter:creator\" content=\"@radioljubuski\" \/>\n<meta name=\"twitter:site\" content=\"@radioljubuski\" \/>\n<meta name=\"twitter:label1\" content=\"Napisao\/la\" \/>\n\t<meta name=\"twitter:data1\" content=\"Radio Ljubu\u0161ki\" \/>\n\t<meta name=\"twitter:label2\" content=\"Procijenjeno vrijeme \u010ditanja\" \/>\n\t<meta name=\"twitter:data2\" content=\"1 minuta\" \/>\n<script type=\"application\/ld+json\" class=\"yoast-schema-graph\">{\"@context\":\"https:\\\/\\\/schema.org\",\"@graph\":[{\"@type\":\"Article\",\"@id\":\"https:\\\/\\\/radioljubuski.ba\\\/index.php\\\/2022\\\/01\\\/05\\\/kanada-ce-platiti-40-milijardi-dolara-odstete-djeci-starosjedilaca\\\/#article\",\"isPartOf\":{\"@id\":\"https:\\\/\\\/radioljubuski.ba\\\/index.php\\\/2022\\\/01\\\/05\\\/kanada-ce-platiti-40-milijardi-dolara-odstete-djeci-starosjedilaca\\\/\"},\"author\":{\"name\":\"Radio Ljubu\u0161ki\",\"@id\":\"https:\\\/\\\/radioljubuski.ba\\\/#\\\/schema\\\/person\\\/19fc700381a780f69665d7956c469e3b\"},\"headline\":\"Kanada \u0107e platiti 40 milijardi dolara od\u0161tete djeci starosjedilaca\",\"datePublished\":\"2022-01-04T23:21:36+00:00\",\"dateModified\":\"2022-01-04T23:21:37+00:00\",\"mainEntityOfPage\":{\"@id\":\"https:\\\/\\\/radioljubuski.ba\\\/index.php\\\/2022\\\/01\\\/05\\\/kanada-ce-platiti-40-milijardi-dolara-odstete-djeci-starosjedilaca\\\/\"},\"wordCount\":185,\"publisher\":{\"@id\":\"https:\\\/\\\/radioljubuski.ba\\\/#organization\"},\"image\":{\"@id\":\"https:\\\/\\\/radioljubuski.ba\\\/index.php\\\/2022\\\/01\\\/05\\\/kanada-ce-platiti-40-milijardi-dolara-odstete-djeci-starosjedilaca\\\/#primaryimage\"},\"thumbnailUrl\":\"https:\\\/\\\/radioljubuski.ba\\\/wp-content\\\/uploads\\\/2022\\\/01\\\/sebastiaan-stam-azIO-XUkfok-unsplash-750x500-1.jpg\",\"articleSection\":[\"BIH i regija\"],\"inLanguage\":\"hr\"},{\"@type\":\"WebPage\",\"@id\":\"https:\\\/\\\/radioljubuski.ba\\\/index.php\\\/2022\\\/01\\\/05\\\/kanada-ce-platiti-40-milijardi-dolara-odstete-djeci-starosjedilaca\\\/\",\"url\":\"https:\\\/\\\/radioljubuski.ba\\\/index.php\\\/2022\\\/01\\\/05\\\/kanada-ce-platiti-40-milijardi-dolara-odstete-djeci-starosjedilaca\\\/\",\"name\":\"Kanada \u0107e platiti 40 milijardi dolara od\u0161tete djeci starosjedilaca - RADIO LJUBU\u0160KI\",\"isPartOf\":{\"@id\":\"https:\\\/\\\/radioljubuski.ba\\\/#website\"},\"primaryImageOfPage\":{\"@id\":\"https:\\\/\\\/radioljubuski.ba\\\/index.php\\\/2022\\\/01\\\/05\\\/kanada-ce-platiti-40-milijardi-dolara-odstete-djeci-starosjedilaca\\\/#primaryimage\"},\"image\":{\"@id\":\"https:\\\/\\\/radioljubuski.ba\\\/index.php\\\/2022\\\/01\\\/05\\\/kanada-ce-platiti-40-milijardi-dolara-odstete-djeci-starosjedilaca\\\/#primaryimage\"},\"thumbnailUrl\":\"https:\\\/\\\/radioljubuski.ba\\\/wp-content\\\/uploads\\\/2022\\\/01\\\/sebastiaan-stam-azIO-XUkfok-unsplash-750x500-1.jpg\",\"datePublished\":\"2022-01-04T23:21:36+00:00\",\"dateModified\":\"2022-01-04T23:21:37+00:00\",\"breadcrumb\":{\"@id\":\"https:\\\/\\\/radioljubuski.ba\\\/index.php\\\/2022\\\/01\\\/05\\\/kanada-ce-platiti-40-milijardi-dolara-odstete-djeci-starosjedilaca\\\/#breadcrumb\"},\"inLanguage\":\"hr\",\"potentialAction\":[{\"@type\":\"ReadAction\",\"target\":[\"https:\\\/\\\/radioljubuski.ba\\\/index.php\\\/2022\\\/01\\\/05\\\/kanada-ce-platiti-40-milijardi-dolara-odstete-djeci-starosjedilaca\\\/\"]}]},{\"@type\":\"ImageObject\",\"inLanguage\":\"hr\",\"@id\":\"https:\\\/\\\/radioljubuski.ba\\\/index.php\\\/2022\\\/01\\\/05\\\/kanada-ce-platiti-40-milijardi-dolara-odstete-djeci-starosjedilaca\\\/#primaryimage\",\"url\":\"https:\\\/\\\/radioljubuski.ba\\\/wp-content\\\/uploads\\\/2022\\\/01\\\/sebastiaan-stam-azIO-XUkfok-unsplash-750x500-1.jpg\",\"contentUrl\":\"https:\\\/\\\/radioljubuski.ba\\\/wp-content\\\/uploads\\\/2022\\\/01\\\/sebastiaan-stam-azIO-XUkfok-unsplash-750x500-1.jpg\",\"width\":750,\"height\":500},{\"@type\":\"BreadcrumbList\",\"@id\":\"https:\\\/\\\/radioljubuski.ba\\\/index.php\\\/2022\\\/01\\\/05\\\/kanada-ce-platiti-40-milijardi-dolara-odstete-djeci-starosjedilaca\\\/#breadcrumb\",\"itemListElement\":[{\"@type\":\"ListItem\",\"position\":1,\"name\":\"Po\u010detna stranica\",\"item\":\"https:\\\/\\\/radioljubuski.ba\\\/\"},{\"@type\":\"ListItem\",\"position\":2,\"name\":\"Kanada \u0107e platiti 40 milijardi dolara od\u0161tete djeci starosjedilaca\"}]},{\"@type\":\"WebSite\",\"@id\":\"https:\\\/\\\/radioljubuski.ba\\\/#website\",\"url\":\"https:\\\/\\\/radioljubuski.ba\\\/\",\"name\":\"Radio Ljubu\u0161ki\",\"description\":\"Sun\u010dana frekvencija Hercegovine\",\"publisher\":{\"@id\":\"https:\\\/\\\/radioljubuski.ba\\\/#organization\"},\"potentialAction\":[{\"@type\":\"SearchAction\",\"target\":{\"@type\":\"EntryPoint\",\"urlTemplate\":\"https:\\\/\\\/radioljubuski.ba\\\/?s={search_term_string}\"},\"query-input\":{\"@type\":\"PropertyValueSpecification\",\"valueRequired\":true,\"valueName\":\"search_term_string\"}}],\"inLanguage\":\"hr\"},{\"@type\":\"Organization\",\"@id\":\"https:\\\/\\\/radioljubuski.ba\\\/#organization\",\"name\":\"Radio Ljubu\u0161ki\",\"url\":\"https:\\\/\\\/radioljubuski.ba\\\/\",\"logo\":{\"@type\":\"ImageObject\",\"inLanguage\":\"hr\",\"@id\":\"https:\\\/\\\/radioljubuski.ba\\\/#\\\/schema\\\/logo\\\/image\\\/\",\"url\":\"https:\\\/\\\/radioljubuski.ba\\\/wp-content\\\/uploads\\\/2021\\\/02\\\/cropped-Radio_Ljubuski_logo1.jpg\",\"contentUrl\":\"https:\\\/\\\/radioljubuski.ba\\\/wp-content\\\/uploads\\\/2021\\\/02\\\/cropped-Radio_Ljubuski_logo1.jpg\",\"width\":512,\"height\":512,\"caption\":\"Radio Ljubu\u0161ki\"},\"image\":{\"@id\":\"https:\\\/\\\/radioljubuski.ba\\\/#\\\/schema\\\/logo\\\/image\\\/\"},\"sameAs\":[\"https:\\\/\\\/www.facebook.com\\\/Radiio-Ljubuski-1490835324566332\",\"https:\\\/\\\/x.com\\\/radioljubuski\",\"https:\\\/\\\/hr.linkedin.com\\\/company\\\/radio-ljubuski\",\"https:\\\/\\\/www.youtube.com\\\/channel\\\/UCHYaeO_n0Db3tjNGudGpXyw\"]},{\"@type\":\"Person\",\"@id\":\"https:\\\/\\\/radioljubuski.ba\\\/#\\\/schema\\\/person\\\/19fc700381a780f69665d7956c469e3b\",\"name\":\"Radio Ljubu\u0161ki\"}]}<\/script>\n<!-- \/ Yoast SEO plugin. -->","yoast_head_json":{"title":"Kanada \u0107e platiti 40 milijardi dolara od\u0161tete djeci starosjedilaca - RADIO LJUBU\u0160KI","robots":{"index":"index","follow":"follow","max-snippet":"max-snippet:-1","max-image-preview":"max-image-preview:large","max-video-preview":"max-video-preview:-1"},"canonical":"https:\/\/radioljubuski.ba\/index.php\/2022\/01\/05\/kanada-ce-platiti-40-milijardi-dolara-odstete-djeci-starosjedilaca\/","og_locale":"hr_HR","og_type":"article","og_title":"Kanada \u0107e platiti 40 milijardi dolara od\u0161tete djeci starosjedilaca - RADIO LJUBU\u0160KI","og_description":"Kanada je objavila kako je okvirno dogovorila 40 milijardi kanadskih dolara vrijednu od\u0161tetu djeci starosjedilaca koja su odvedena od obitelji i stavljena pod sustav socijalne skrbi. Dogovori uklju\u010duju 20 milijardi kanadskih dolara za potencijalno stotine tisu\u0107a djece starosjedilaca koja su odvedena iz obitelji i nisu imale pristup javnim uslugama ili im je on bio ote\u017ean. [&hellip;]","og_url":"https:\/\/radioljubuski.ba\/index.php\/2022\/01\/05\/kanada-ce-platiti-40-milijardi-dolara-odstete-djeci-starosjedilaca\/","og_site_name":"RADIO LJUBU\u0160KI","article_publisher":"https:\/\/www.facebook.com\/Radiio-Ljubuski-1490835324566332","article_published_time":"2022-01-04T23:21:36+00:00","article_modified_time":"2022-01-04T23:21:37+00:00","og_image":[{"width":750,"height":500,"url":"https:\/\/radioljubuski.ba\/wp-content\/uploads\/2022\/01\/sebastiaan-stam-azIO-XUkfok-unsplash-750x500-1.jpg","type":"image\/jpeg"}],"author":"Radio Ljubu\u0161ki","twitter_card":"summary_large_image","twitter_creator":"@radioljubuski","twitter_site":"@radioljubuski","twitter_misc":{"Napisao\/la":"Radio Ljubu\u0161ki","Procijenjeno vrijeme \u010ditanja":"1 minuta"},"schema":{"@context":"https:\/\/schema.org","@graph":[{"@type":"Article","@id":"https:\/\/radioljubuski.ba\/index.php\/2022\/01\/05\/kanada-ce-platiti-40-milijardi-dolara-odstete-djeci-starosjedilaca\/#article","isPartOf":{"@id":"https:\/\/radioljubuski.ba\/index.php\/2022\/01\/05\/kanada-ce-platiti-40-milijardi-dolara-odstete-djeci-starosjedilaca\/"},"author":{"name":"Radio Ljubu\u0161ki","@id":"https:\/\/radioljubuski.ba\/#\/schema\/person\/19fc700381a780f69665d7956c469e3b"},"headline":"Kanada \u0107e platiti 40 milijardi dolara od\u0161tete djeci starosjedilaca","datePublished":"2022-01-04T23:21:36+00:00","dateModified":"2022-01-04T23:21:37+00:00","mainEntityOfPage":{"@id":"https:\/\/radioljubuski.ba\/index.php\/2022\/01\/05\/kanada-ce-platiti-40-milijardi-dolara-odstete-djeci-starosjedilaca\/"},"wordCount":185,"publisher":{"@id":"https:\/\/radioljubuski.ba\/#organization"},"image":{"@id":"https:\/\/radioljubuski.ba\/index.php\/2022\/01\/05\/kanada-ce-platiti-40-milijardi-dolara-odstete-djeci-starosjedilaca\/#primaryimage"},"thumbnailUrl":"https:\/\/radioljubuski.ba\/wp-content\/uploads\/2022\/01\/sebastiaan-stam-azIO-XUkfok-unsplash-750x500-1.jpg","articleSection":["BIH i regija"],"inLanguage":"hr"},{"@type":"WebPage","@id":"https:\/\/radioljubuski.ba\/index.php\/2022\/01\/05\/kanada-ce-platiti-40-milijardi-dolara-odstete-djeci-starosjedilaca\/","url":"https:\/\/radioljubuski.ba\/index.php\/2022\/01\/05\/kanada-ce-platiti-40-milijardi-dolara-odstete-djeci-starosjedilaca\/","name":"Kanada \u0107e platiti 40 milijardi dolara od\u0161tete djeci starosjedilaca - RADIO LJUBU\u0160KI","isPartOf":{"@id":"https:\/\/radioljubuski.ba\/#website"},"primaryImageOfPage":{"@id":"https:\/\/radioljubuski.ba\/index.php\/2022\/01\/05\/kanada-ce-platiti-40-milijardi-dolara-odstete-djeci-starosjedilaca\/#primaryimage"},"image":{"@id":"https:\/\/radioljubuski.ba\/index.php\/2022\/01\/05\/kanada-ce-platiti-40-milijardi-dolara-odstete-djeci-starosjedilaca\/#primaryimage"},"thumbnailUrl":"https:\/\/radioljubuski.ba\/wp-content\/uploads\/2022\/01\/sebastiaan-stam-azIO-XUkfok-unsplash-750x500-1.jpg","datePublished":"2022-01-04T23:21:36+00:00","dateModified":"2022-01-04T23:21:37+00:00","breadcrumb":{"@id":"https:\/\/radioljubuski.ba\/index.php\/2022\/01\/05\/kanada-ce-platiti-40-milijardi-dolara-odstete-djeci-starosjedilaca\/#breadcrumb"},"inLanguage":"hr","potentialAction":[{"@type":"ReadAction","target":["https:\/\/radioljubuski.ba\/index.php\/2022\/01\/05\/kanada-ce-platiti-40-milijardi-dolara-odstete-djeci-starosjedilaca\/"]}]},{"@type":"ImageObject","inLanguage":"hr","@id":"https:\/\/radioljubuski.ba\/index.php\/2022\/01\/05\/kanada-ce-platiti-40-milijardi-dolara-odstete-djeci-starosjedilaca\/#primaryimage","url":"https:\/\/radioljubuski.ba\/wp-content\/uploads\/2022\/01\/sebastiaan-stam-azIO-XUkfok-unsplash-750x500-1.jpg","contentUrl":"https:\/\/radioljubuski.ba\/wp-content\/uploads\/2022\/01\/sebastiaan-stam-azIO-XUkfok-unsplash-750x500-1.jpg","width":750,"height":500},{"@type":"BreadcrumbList","@id":"https:\/\/radioljubuski.ba\/index.php\/2022\/01\/05\/kanada-ce-platiti-40-milijardi-dolara-odstete-djeci-starosjedilaca\/#breadcrumb","itemListElement":[{"@type":"ListItem","position":1,"name":"Po\u010detna stranica","item":"https:\/\/radioljubuski.ba\/"},{"@type":"ListItem","position":2,"name":"Kanada \u0107e platiti 40 milijardi dolara od\u0161tete djeci starosjedilaca"}]},{"@type":"WebSite","@id":"https:\/\/radioljubuski.ba\/#website","url":"https:\/\/radioljubuski.ba\/","name":"Radio Ljubu\u0161ki","description":"Sun\u010dana frekvencija Hercegovine","publisher":{"@id":"https:\/\/radioljubuski.ba\/#organization"},"potentialAction":[{"@type":"SearchAction","target":{"@type":"EntryPoint","urlTemplate":"https:\/\/radioljubuski.ba\/?s={search_term_string}"},"query-input":{"@type":"PropertyValueSpecification","valueRequired":true,"valueName":"search_term_string"}}],"inLanguage":"hr"},{"@type":"Organization","@id":"https:\/\/radioljubuski.ba\/#organization","name":"Radio Ljubu\u0161ki","url":"https:\/\/radioljubuski.ba\/","logo":{"@type":"ImageObject","inLanguage":"hr","@id":"https:\/\/radioljubuski.ba\/#\/schema\/logo\/image\/","url":"https:\/\/radioljubuski.ba\/wp-content\/uploads\/2021\/02\/cropped-Radio_Ljubuski_logo1.jpg","contentUrl":"https:\/\/radioljubuski.ba\/wp-content\/uploads\/2021\/02\/cropped-Radio_Ljubuski_logo1.jpg","width":512,"height":512,"caption":"Radio Ljubu\u0161ki"},"image":{"@id":"https:\/\/radioljubuski.ba\/#\/schema\/logo\/image\/"},"sameAs":["https:\/\/www.facebook.com\/Radiio-Ljubuski-1490835324566332","https:\/\/x.com\/radioljubuski","https:\/\/hr.linkedin.com\/company\/radio-ljubuski","https:\/\/www.youtube.com\/channel\/UCHYaeO_n0Db3tjNGudGpXyw"]},{"@type":"Person","@id":"https:\/\/radioljubuski.ba\/#\/schema\/person\/19fc700381a780f69665d7956c469e3b","name":"Radio Ljubu\u0161ki"}]}},"_links":{"self":[{"href":"https:\/\/radioljubuski.ba\/index.php\/wp-json\/wp\/v2\/posts\/104724","targetHints":{"allow":["GET"]}}],"collection":[{"href":"https:\/\/radioljubuski.ba\/index.php\/wp-json\/wp\/v2\/posts"}],"about":[{"href":"https:\/\/radioljubuski.ba\/index.php\/wp-json\/wp\/v2\/types\/post"}],"author":[{"embeddable":true,"href":"https:\/\/radioljubuski.ba\/index.php\/wp-json\/wp\/v2\/users\/2"}],"replies":[{"embeddable":true,"href":"https:\/\/radioljubuski.ba\/index.php\/wp-json\/wp\/v2\/comments?post=104724"}],"version-history":[{"count":1,"href":"https:\/\/radioljubuski.ba\/index.php\/wp-json\/wp\/v2\/posts\/104724\/revisions"}],"predecessor-version":[{"id":104726,"href":"https:\/\/radioljubuski.ba\/index.php\/wp-json\/wp\/v2\/posts\/104724\/revisions\/104726"}],"wp:featuredmedia":[{"embeddable":true,"href":"https:\/\/radioljubuski.ba\/index.php\/wp-json\/wp\/v2\/media\/104725"}],"wp:attachment":[{"href":"https:\/\/radioljubuski.ba\/index.php\/wp-json\/wp\/v2\/media?parent=104724"}],"wp:term":[{"taxonomy":"category","embeddable":true,"href":"https:\/\/radioljubuski.ba\/index.php\/wp-json\/wp\/v2\/categories?post=104724"},{"taxonomy":"post_tag","embeddable":true,"href":"https:\/\/radioljubuski.ba\/index.php\/wp-json\/wp\/v2\/tags?post=104724"}],"curies":[{"name":"wp","href":"https:\/\/api.w.org\/{rel}","templated":true}]}}