{"id":104759,"date":"2022-01-05T00:40:32","date_gmt":"2022-01-04T23:40:32","guid":{"rendered":"https:\/\/radioljubuski.ba\/?p=104759"},"modified":"2022-01-05T00:40:33","modified_gmt":"2022-01-04T23:40:33","slug":"dodik-rehabilitirati-nekadasnji-bergerov-pristup-o-pripajanju-rs-srbiji","status":"publish","type":"post","link":"https:\/\/radioljubuski.ba\/index.php\/2022\/01\/05\/dodik-rehabilitirati-nekadasnji-bergerov-pristup-o-pripajanju-rs-srbiji\/","title":{"rendered":"Dodik: Rehabilitirati nekada\u0161nji Bergerov pristup o pripajanju RS Srbiji"},"content":{"rendered":"\n<p><strong>Srpski \u010dlan Predsjedni\u0161tva BiH Milorad Dodik ocijenio je da \u0107e sada\u0161nji koncept BiH, koji se pokazao kao neuspje\u0161an, trajati jo\u0161 par godina i da s dolaskom druge ameri\u010dke administracije Republika Srpska treba rehabilitirati pristup nekada\u0161njeg ameri\u010dkog du\u017enosnika Sandiya Bergera koji je govorio o pripajanju Srba iz BiH Srbiji kao odr\u017eivom rje\u0161enju.<\/strong><\/p>\n\n\n\n<p>Dodik navodi da je Berger, koji je 1995. godine predvodio grupu ameri\u010dkih du\u017enosnika, bio realista i smatrao da, ukoliko muslimani ne uvjere Srbe da trebaju ostati u BiH, a Srbi u roku od tri godine ne iska\u017eu \u017eelju da to u\u010dine, treba dozvoliti referendum o njihovom statusu i prihvatiti realnost da se oni trebaju pripojiti Srbiji, da bi to bilo odr\u017eivo i trajno rje\u0161enje i usmjereno ka o\u010duvanju regionalnog mira.<\/p>\n\n\n\n<p>On je napomenuo da je, s druge strane bila grupa diplomata nekada\u0161nje ameri\u010dke dr\u017eavne tajnice Madeleine Albright na \u010delu sa Richardom Hollbrookom koji su smisli koncept koji se sada pokazuje neuspje\u0161an.<\/p>\n\n\n\n<p>\u201cNjihov koncept je u su\u0161tini bio la\u017ean. Oni su ponudili Daytonski sporazum, i u njemu dali odre\u0111ene koncesije svima, napravili su BiH od dva entiteta i tri naroda i rekli da smo mi ravnopravni, ali kasnije u implementaciji sve u\u010dinili da to nije tako\u201d, rekao je Dodik za TV \u201cHappy\u201d.<\/p>\n\n\n\n<p>Dana\u0161nja situacija je takva da su Hrvati potpuno nezadovoljni situacijom u BiH, a Srbi su potpuno nepovjerljivi prema tim \u201cdobrim namjerama\u201d, prije svega Amerike i njihovih saveznika u kojima su oni nama ponudili sporazum a onda sve u\u010dinili da ga izvitopere i pod pla\u0161tom funkcionalne BiH naprave unitarnu i centraliziranu zemlju.<\/p>\n\n\n\n<p>\u201cMislim da dolazi vrijeme kraju tog koncepta, da \u0107e taj koncept mo\u017eda jo\u0161 \u017eivjeti par godina, dvije-tri, dok je administracije Jozefa Bidena. S dolaskom neke druge administracije mi trebamo rehabilitirati upravo ovaj Bergerov pristup i da ne bude to neka zlo\u0107a, ne\u0161to \u0161to smo mi smislili, nego je to bio jedan realisti\u010dki pristup, o tome je bila napisana studija\u201d, naveo je Dodik, te podsjetio da je Berger bio ameri\u010dki tajnik za nacionalnu sigurnost.<\/p>\n\n\n\n<p>On je ponovio da je oko 450 ljudi u tada\u0161njoj ameri\u010dkoj administraciji napravili karijere, motivirane na sterotipima o Srbima kao lo\u0161em narodu, remetila\u010dkom narodu koji treba biti ka\u017enjen putem sankcija, pa na kraju i bombardiranjem.<\/p>\n\n\n\n<p>\u201cTi isti ljudi se vra\u0107aju u ameri\u010dku administraciju s pri\u010dom o nezavr\u0161enom poslu\u201d, rekao je Dodik i napomenuo da je Palmer napisao roman \u2018Vuk u Sarajevu\u2019, u kojem opisuje kako se ameri\u010dki diplomata vra\u0107a u Sarajevo da natjera na poslu\u0161nost neposlu\u0161nog \u201cbosanskog Srbina\u201d, koji prijeti da uru\u0161i njihova dostignu\u0107a, dodaju\u0107i da je sigurno njega opisivao.<\/p>\n\n\n\n<p>Dodik je naglasio da je BiH velika nevolja, regresivna ideja, nema nikakvu viziju i povjesni defekt na ovom prostoru.<\/p>\n\n\n\n<p>On je naglasio da je ponosan na svoje porijeklo, da su Srbi uvijek bili na strani ideja o slobodi \u2013 ku\u0107e, obitelji, zavi\u010daja, da su se borili za svoje vrijednosti i nisu ni\u010dije uzimali, a tako je i sada.<\/p>\n\n\n\n<p>Dodik je ponovio da se Srpska samo tra\u017ei da se po\u0161tuje Ustav BiH, dok je Amerika optu\u017euje za antidejtonske postupke.<\/p>\n\n\n\n<p>\/Srna\/HMS\/<\/p>\n","protected":false},"excerpt":{"rendered":"<p>Srpski \u010dlan Predsjedni\u0161tva BiH Milorad Dodik ocijenio je da \u0107e sada\u0161nji koncept BiH, koji se pokazao kao neuspje\u0161an, trajati jo\u0161 par godina i da s dolaskom druge ameri\u010dke administracije Republika Srpska treba rehabilitirati pristup nekada\u0161njeg ameri\u010dkog du\u017enosnika Sandiya Bergera koji je govorio o pripajanju Srba iz BiH Srbiji kao odr\u017eivom rje\u0161enju. Dodik navodi da je [&hellip;]<\/p>\n","protected":false},"author":2,"featured_media":59618,"comment_status":"closed","ping_status":"closed","sticky":false,"template":"","format":"standard","meta":{"h5ap_radio_sources":[],"footnotes":""},"categories":[1],"tags":[],"class_list":["post-104759","post","type-post","status-publish","format-standard","has-post-thumbnail","hentry","category-bihiregija"],"yoast_head":"<!-- This site is optimized with the Yoast SEO plugin v27.4 - https:\/\/yoast.com\/product\/yoast-seo-wordpress\/ -->\n<title>Dodik: Rehabilitirati nekada\u0161nji Bergerov pristup o pripajanju RS Srbiji - RADIO LJUBU\u0160KI<\/title>\n<meta name=\"robots\" content=\"index, follow, max-snippet:-1, max-image-preview:large, max-video-preview:-1\" \/>\n<link rel=\"canonical\" href=\"https:\/\/radioljubuski.ba\/index.php\/2022\/01\/05\/dodik-rehabilitirati-nekadasnji-bergerov-pristup-o-pripajanju-rs-srbiji\/\" \/>\n<meta property=\"og:locale\" content=\"hr_HR\" \/>\n<meta property=\"og:type\" content=\"article\" \/>\n<meta property=\"og:title\" content=\"Dodik: Rehabilitirati nekada\u0161nji Bergerov pristup o pripajanju RS Srbiji - RADIO LJUBU\u0160KI\" \/>\n<meta property=\"og:description\" content=\"Srpski \u010dlan Predsjedni\u0161tva BiH Milorad Dodik ocijenio je da \u0107e sada\u0161nji koncept BiH, koji se pokazao kao neuspje\u0161an, trajati jo\u0161 par godina i da s dolaskom druge ameri\u010dke administracije Republika Srpska treba rehabilitirati pristup nekada\u0161njeg ameri\u010dkog du\u017enosnika Sandiya Bergera koji je govorio o pripajanju Srba iz BiH Srbiji kao odr\u017eivom rje\u0161enju. Dodik navodi da je [&hellip;]\" \/>\n<meta property=\"og:url\" content=\"https:\/\/radioljubuski.ba\/index.php\/2022\/01\/05\/dodik-rehabilitirati-nekadasnji-bergerov-pristup-o-pripajanju-rs-srbiji\/\" \/>\n<meta property=\"og:site_name\" content=\"RADIO LJUBU\u0160KI\" \/>\n<meta property=\"article:publisher\" content=\"https:\/\/www.facebook.com\/Radiio-Ljubuski-1490835324566332\" \/>\n<meta property=\"article:published_time\" content=\"2022-01-04T23:40:32+00:00\" \/>\n<meta property=\"article:modified_time\" content=\"2022-01-04T23:40:33+00:00\" \/>\n<meta property=\"og:image\" content=\"https:\/\/radioljubuski.ba\/wp-content\/uploads\/2021\/08\/dodik-ured1.jpg\" \/>\n\t<meta property=\"og:image:width\" content=\"658\" \/>\n\t<meta property=\"og:image:height\" content=\"494\" \/>\n\t<meta property=\"og:image:type\" content=\"image\/jpeg\" \/>\n<meta name=\"author\" content=\"Radio Ljubu\u0161ki\" \/>\n<meta name=\"twitter:card\" content=\"summary_large_image\" \/>\n<meta name=\"twitter:creator\" content=\"@radioljubuski\" \/>\n<meta name=\"twitter:site\" content=\"@radioljubuski\" \/>\n<meta name=\"twitter:label1\" content=\"Napisao\/la\" \/>\n\t<meta name=\"twitter:data1\" content=\"Radio Ljubu\u0161ki\" \/>\n\t<meta name=\"twitter:label2\" content=\"Procijenjeno vrijeme \u010ditanja\" \/>\n\t<meta name=\"twitter:data2\" content=\"3 minute\" \/>\n<script type=\"application\/ld+json\" class=\"yoast-schema-graph\">{\"@context\":\"https:\\\/\\\/schema.org\",\"@graph\":[{\"@type\":\"Article\",\"@id\":\"https:\\\/\\\/radioljubuski.ba\\\/index.php\\\/2022\\\/01\\\/05\\\/dodik-rehabilitirati-nekadasnji-bergerov-pristup-o-pripajanju-rs-srbiji\\\/#article\",\"isPartOf\":{\"@id\":\"https:\\\/\\\/radioljubuski.ba\\\/index.php\\\/2022\\\/01\\\/05\\\/dodik-rehabilitirati-nekadasnji-bergerov-pristup-o-pripajanju-rs-srbiji\\\/\"},\"author\":{\"name\":\"Radio Ljubu\u0161ki\",\"@id\":\"https:\\\/\\\/radioljubuski.ba\\\/#\\\/schema\\\/person\\\/19fc700381a780f69665d7956c469e3b\"},\"headline\":\"Dodik: Rehabilitirati nekada\u0161nji Bergerov pristup o pripajanju RS Srbiji\",\"datePublished\":\"2022-01-04T23:40:32+00:00\",\"dateModified\":\"2022-01-04T23:40:33+00:00\",\"mainEntityOfPage\":{\"@id\":\"https:\\\/\\\/radioljubuski.ba\\\/index.php\\\/2022\\\/01\\\/05\\\/dodik-rehabilitirati-nekadasnji-bergerov-pristup-o-pripajanju-rs-srbiji\\\/\"},\"wordCount\":557,\"publisher\":{\"@id\":\"https:\\\/\\\/radioljubuski.ba\\\/#organization\"},\"image\":{\"@id\":\"https:\\\/\\\/radioljubuski.ba\\\/index.php\\\/2022\\\/01\\\/05\\\/dodik-rehabilitirati-nekadasnji-bergerov-pristup-o-pripajanju-rs-srbiji\\\/#primaryimage\"},\"thumbnailUrl\":\"https:\\\/\\\/radioljubuski.ba\\\/wp-content\\\/uploads\\\/2021\\\/08\\\/dodik-ured1.jpg\",\"articleSection\":[\"BIH i regija\"],\"inLanguage\":\"hr\"},{\"@type\":\"WebPage\",\"@id\":\"https:\\\/\\\/radioljubuski.ba\\\/index.php\\\/2022\\\/01\\\/05\\\/dodik-rehabilitirati-nekadasnji-bergerov-pristup-o-pripajanju-rs-srbiji\\\/\",\"url\":\"https:\\\/\\\/radioljubuski.ba\\\/index.php\\\/2022\\\/01\\\/05\\\/dodik-rehabilitirati-nekadasnji-bergerov-pristup-o-pripajanju-rs-srbiji\\\/\",\"name\":\"Dodik: Rehabilitirati nekada\u0161nji Bergerov pristup o pripajanju RS Srbiji - RADIO LJUBU\u0160KI\",\"isPartOf\":{\"@id\":\"https:\\\/\\\/radioljubuski.ba\\\/#website\"},\"primaryImageOfPage\":{\"@id\":\"https:\\\/\\\/radioljubuski.ba\\\/index.php\\\/2022\\\/01\\\/05\\\/dodik-rehabilitirati-nekadasnji-bergerov-pristup-o-pripajanju-rs-srbiji\\\/#primaryimage\"},\"image\":{\"@id\":\"https:\\\/\\\/radioljubuski.ba\\\/index.php\\\/2022\\\/01\\\/05\\\/dodik-rehabilitirati-nekadasnji-bergerov-pristup-o-pripajanju-rs-srbiji\\\/#primaryimage\"},\"thumbnailUrl\":\"https:\\\/\\\/radioljubuski.ba\\\/wp-content\\\/uploads\\\/2021\\\/08\\\/dodik-ured1.jpg\",\"datePublished\":\"2022-01-04T23:40:32+00:00\",\"dateModified\":\"2022-01-04T23:40:33+00:00\",\"breadcrumb\":{\"@id\":\"https:\\\/\\\/radioljubuski.ba\\\/index.php\\\/2022\\\/01\\\/05\\\/dodik-rehabilitirati-nekadasnji-bergerov-pristup-o-pripajanju-rs-srbiji\\\/#breadcrumb\"},\"inLanguage\":\"hr\",\"potentialAction\":[{\"@type\":\"ReadAction\",\"target\":[\"https:\\\/\\\/radioljubuski.ba\\\/index.php\\\/2022\\\/01\\\/05\\\/dodik-rehabilitirati-nekadasnji-bergerov-pristup-o-pripajanju-rs-srbiji\\\/\"]}]},{\"@type\":\"ImageObject\",\"inLanguage\":\"hr\",\"@id\":\"https:\\\/\\\/radioljubuski.ba\\\/index.php\\\/2022\\\/01\\\/05\\\/dodik-rehabilitirati-nekadasnji-bergerov-pristup-o-pripajanju-rs-srbiji\\\/#primaryimage\",\"url\":\"https:\\\/\\\/radioljubuski.ba\\\/wp-content\\\/uploads\\\/2021\\\/08\\\/dodik-ured1.jpg\",\"contentUrl\":\"https:\\\/\\\/radioljubuski.ba\\\/wp-content\\\/uploads\\\/2021\\\/08\\\/dodik-ured1.jpg\",\"width\":658,\"height\":494},{\"@type\":\"BreadcrumbList\",\"@id\":\"https:\\\/\\\/radioljubuski.ba\\\/index.php\\\/2022\\\/01\\\/05\\\/dodik-rehabilitirati-nekadasnji-bergerov-pristup-o-pripajanju-rs-srbiji\\\/#breadcrumb\",\"itemListElement\":[{\"@type\":\"ListItem\",\"position\":1,\"name\":\"Po\u010detna stranica\",\"item\":\"https:\\\/\\\/radioljubuski.ba\\\/\"},{\"@type\":\"ListItem\",\"position\":2,\"name\":\"Dodik: Rehabilitirati nekada\u0161nji Bergerov pristup o pripajanju RS Srbiji\"}]},{\"@type\":\"WebSite\",\"@id\":\"https:\\\/\\\/radioljubuski.ba\\\/#website\",\"url\":\"https:\\\/\\\/radioljubuski.ba\\\/\",\"name\":\"Radio Ljubu\u0161ki\",\"description\":\"Sun\u010dana frekvencija Hercegovine\",\"publisher\":{\"@id\":\"https:\\\/\\\/radioljubuski.ba\\\/#organization\"},\"potentialAction\":[{\"@type\":\"SearchAction\",\"target\":{\"@type\":\"EntryPoint\",\"urlTemplate\":\"https:\\\/\\\/radioljubuski.ba\\\/?s={search_term_string}\"},\"query-input\":{\"@type\":\"PropertyValueSpecification\",\"valueRequired\":true,\"valueName\":\"search_term_string\"}}],\"inLanguage\":\"hr\"},{\"@type\":\"Organization\",\"@id\":\"https:\\\/\\\/radioljubuski.ba\\\/#organization\",\"name\":\"Radio Ljubu\u0161ki\",\"url\":\"https:\\\/\\\/radioljubuski.ba\\\/\",\"logo\":{\"@type\":\"ImageObject\",\"inLanguage\":\"hr\",\"@id\":\"https:\\\/\\\/radioljubuski.ba\\\/#\\\/schema\\\/logo\\\/image\\\/\",\"url\":\"https:\\\/\\\/radioljubuski.ba\\\/wp-content\\\/uploads\\\/2021\\\/02\\\/cropped-Radio_Ljubuski_logo1.jpg\",\"contentUrl\":\"https:\\\/\\\/radioljubuski.ba\\\/wp-content\\\/uploads\\\/2021\\\/02\\\/cropped-Radio_Ljubuski_logo1.jpg\",\"width\":512,\"height\":512,\"caption\":\"Radio Ljubu\u0161ki\"},\"image\":{\"@id\":\"https:\\\/\\\/radioljubuski.ba\\\/#\\\/schema\\\/logo\\\/image\\\/\"},\"sameAs\":[\"https:\\\/\\\/www.facebook.com\\\/Radiio-Ljubuski-1490835324566332\",\"https:\\\/\\\/x.com\\\/radioljubuski\",\"https:\\\/\\\/hr.linkedin.com\\\/company\\\/radio-ljubuski\",\"https:\\\/\\\/www.youtube.com\\\/channel\\\/UCHYaeO_n0Db3tjNGudGpXyw\"]},{\"@type\":\"Person\",\"@id\":\"https:\\\/\\\/radioljubuski.ba\\\/#\\\/schema\\\/person\\\/19fc700381a780f69665d7956c469e3b\",\"name\":\"Radio Ljubu\u0161ki\"}]}<\/script>\n<!-- \/ Yoast SEO plugin. -->","yoast_head_json":{"title":"Dodik: Rehabilitirati nekada\u0161nji Bergerov pristup o pripajanju RS Srbiji - RADIO LJUBU\u0160KI","robots":{"index":"index","follow":"follow","max-snippet":"max-snippet:-1","max-image-preview":"max-image-preview:large","max-video-preview":"max-video-preview:-1"},"canonical":"https:\/\/radioljubuski.ba\/index.php\/2022\/01\/05\/dodik-rehabilitirati-nekadasnji-bergerov-pristup-o-pripajanju-rs-srbiji\/","og_locale":"hr_HR","og_type":"article","og_title":"Dodik: Rehabilitirati nekada\u0161nji Bergerov pristup o pripajanju RS Srbiji - RADIO LJUBU\u0160KI","og_description":"Srpski \u010dlan Predsjedni\u0161tva BiH Milorad Dodik ocijenio je da \u0107e sada\u0161nji koncept BiH, koji se pokazao kao neuspje\u0161an, trajati jo\u0161 par godina i da s dolaskom druge ameri\u010dke administracije Republika Srpska treba rehabilitirati pristup nekada\u0161njeg ameri\u010dkog du\u017enosnika Sandiya Bergera koji je govorio o pripajanju Srba iz BiH Srbiji kao odr\u017eivom rje\u0161enju. Dodik navodi da je [&hellip;]","og_url":"https:\/\/radioljubuski.ba\/index.php\/2022\/01\/05\/dodik-rehabilitirati-nekadasnji-bergerov-pristup-o-pripajanju-rs-srbiji\/","og_site_name":"RADIO LJUBU\u0160KI","article_publisher":"https:\/\/www.facebook.com\/Radiio-Ljubuski-1490835324566332","article_published_time":"2022-01-04T23:40:32+00:00","article_modified_time":"2022-01-04T23:40:33+00:00","og_image":[{"width":658,"height":494,"url":"https:\/\/radioljubuski.ba\/wp-content\/uploads\/2021\/08\/dodik-ured1.jpg","type":"image\/jpeg"}],"author":"Radio Ljubu\u0161ki","twitter_card":"summary_large_image","twitter_creator":"@radioljubuski","twitter_site":"@radioljubuski","twitter_misc":{"Napisao\/la":"Radio Ljubu\u0161ki","Procijenjeno vrijeme \u010ditanja":"3 minute"},"schema":{"@context":"https:\/\/schema.org","@graph":[{"@type":"Article","@id":"https:\/\/radioljubuski.ba\/index.php\/2022\/01\/05\/dodik-rehabilitirati-nekadasnji-bergerov-pristup-o-pripajanju-rs-srbiji\/#article","isPartOf":{"@id":"https:\/\/radioljubuski.ba\/index.php\/2022\/01\/05\/dodik-rehabilitirati-nekadasnji-bergerov-pristup-o-pripajanju-rs-srbiji\/"},"author":{"name":"Radio Ljubu\u0161ki","@id":"https:\/\/radioljubuski.ba\/#\/schema\/person\/19fc700381a780f69665d7956c469e3b"},"headline":"Dodik: Rehabilitirati nekada\u0161nji Bergerov pristup o pripajanju RS Srbiji","datePublished":"2022-01-04T23:40:32+00:00","dateModified":"2022-01-04T23:40:33+00:00","mainEntityOfPage":{"@id":"https:\/\/radioljubuski.ba\/index.php\/2022\/01\/05\/dodik-rehabilitirati-nekadasnji-bergerov-pristup-o-pripajanju-rs-srbiji\/"},"wordCount":557,"publisher":{"@id":"https:\/\/radioljubuski.ba\/#organization"},"image":{"@id":"https:\/\/radioljubuski.ba\/index.php\/2022\/01\/05\/dodik-rehabilitirati-nekadasnji-bergerov-pristup-o-pripajanju-rs-srbiji\/#primaryimage"},"thumbnailUrl":"https:\/\/radioljubuski.ba\/wp-content\/uploads\/2021\/08\/dodik-ured1.jpg","articleSection":["BIH i regija"],"inLanguage":"hr"},{"@type":"WebPage","@id":"https:\/\/radioljubuski.ba\/index.php\/2022\/01\/05\/dodik-rehabilitirati-nekadasnji-bergerov-pristup-o-pripajanju-rs-srbiji\/","url":"https:\/\/radioljubuski.ba\/index.php\/2022\/01\/05\/dodik-rehabilitirati-nekadasnji-bergerov-pristup-o-pripajanju-rs-srbiji\/","name":"Dodik: Rehabilitirati nekada\u0161nji Bergerov pristup o pripajanju RS Srbiji - RADIO LJUBU\u0160KI","isPartOf":{"@id":"https:\/\/radioljubuski.ba\/#website"},"primaryImageOfPage":{"@id":"https:\/\/radioljubuski.ba\/index.php\/2022\/01\/05\/dodik-rehabilitirati-nekadasnji-bergerov-pristup-o-pripajanju-rs-srbiji\/#primaryimage"},"image":{"@id":"https:\/\/radioljubuski.ba\/index.php\/2022\/01\/05\/dodik-rehabilitirati-nekadasnji-bergerov-pristup-o-pripajanju-rs-srbiji\/#primaryimage"},"thumbnailUrl":"https:\/\/radioljubuski.ba\/wp-content\/uploads\/2021\/08\/dodik-ured1.jpg","datePublished":"2022-01-04T23:40:32+00:00","dateModified":"2022-01-04T23:40:33+00:00","breadcrumb":{"@id":"https:\/\/radioljubuski.ba\/index.php\/2022\/01\/05\/dodik-rehabilitirati-nekadasnji-bergerov-pristup-o-pripajanju-rs-srbiji\/#breadcrumb"},"inLanguage":"hr","potentialAction":[{"@type":"ReadAction","target":["https:\/\/radioljubuski.ba\/index.php\/2022\/01\/05\/dodik-rehabilitirati-nekadasnji-bergerov-pristup-o-pripajanju-rs-srbiji\/"]}]},{"@type":"ImageObject","inLanguage":"hr","@id":"https:\/\/radioljubuski.ba\/index.php\/2022\/01\/05\/dodik-rehabilitirati-nekadasnji-bergerov-pristup-o-pripajanju-rs-srbiji\/#primaryimage","url":"https:\/\/radioljubuski.ba\/wp-content\/uploads\/2021\/08\/dodik-ured1.jpg","contentUrl":"https:\/\/radioljubuski.ba\/wp-content\/uploads\/2021\/08\/dodik-ured1.jpg","width":658,"height":494},{"@type":"BreadcrumbList","@id":"https:\/\/radioljubuski.ba\/index.php\/2022\/01\/05\/dodik-rehabilitirati-nekadasnji-bergerov-pristup-o-pripajanju-rs-srbiji\/#breadcrumb","itemListElement":[{"@type":"ListItem","position":1,"name":"Po\u010detna stranica","item":"https:\/\/radioljubuski.ba\/"},{"@type":"ListItem","position":2,"name":"Dodik: Rehabilitirati nekada\u0161nji Bergerov pristup o pripajanju RS Srbiji"}]},{"@type":"WebSite","@id":"https:\/\/radioljubuski.ba\/#website","url":"https:\/\/radioljubuski.ba\/","name":"Radio Ljubu\u0161ki","description":"Sun\u010dana frekvencija Hercegovine","publisher":{"@id":"https:\/\/radioljubuski.ba\/#organization"},"potentialAction":[{"@type":"SearchAction","target":{"@type":"EntryPoint","urlTemplate":"https:\/\/radioljubuski.ba\/?s={search_term_string}"},"query-input":{"@type":"PropertyValueSpecification","valueRequired":true,"valueName":"search_term_string"}}],"inLanguage":"hr"},{"@type":"Organization","@id":"https:\/\/radioljubuski.ba\/#organization","name":"Radio Ljubu\u0161ki","url":"https:\/\/radioljubuski.ba\/","logo":{"@type":"ImageObject","inLanguage":"hr","@id":"https:\/\/radioljubuski.ba\/#\/schema\/logo\/image\/","url":"https:\/\/radioljubuski.ba\/wp-content\/uploads\/2021\/02\/cropped-Radio_Ljubuski_logo1.jpg","contentUrl":"https:\/\/radioljubuski.ba\/wp-content\/uploads\/2021\/02\/cropped-Radio_Ljubuski_logo1.jpg","width":512,"height":512,"caption":"Radio Ljubu\u0161ki"},"image":{"@id":"https:\/\/radioljubuski.ba\/#\/schema\/logo\/image\/"},"sameAs":["https:\/\/www.facebook.com\/Radiio-Ljubuski-1490835324566332","https:\/\/x.com\/radioljubuski","https:\/\/hr.linkedin.com\/company\/radio-ljubuski","https:\/\/www.youtube.com\/channel\/UCHYaeO_n0Db3tjNGudGpXyw"]},{"@type":"Person","@id":"https:\/\/radioljubuski.ba\/#\/schema\/person\/19fc700381a780f69665d7956c469e3b","name":"Radio Ljubu\u0161ki"}]}},"_links":{"self":[{"href":"https:\/\/radioljubuski.ba\/index.php\/wp-json\/wp\/v2\/posts\/104759","targetHints":{"allow":["GET"]}}],"collection":[{"href":"https:\/\/radioljubuski.ba\/index.php\/wp-json\/wp\/v2\/posts"}],"about":[{"href":"https:\/\/radioljubuski.ba\/index.php\/wp-json\/wp\/v2\/types\/post"}],"author":[{"embeddable":true,"href":"https:\/\/radioljubuski.ba\/index.php\/wp-json\/wp\/v2\/users\/2"}],"replies":[{"embeddable":true,"href":"https:\/\/radioljubuski.ba\/index.php\/wp-json\/wp\/v2\/comments?post=104759"}],"version-history":[{"count":1,"href":"https:\/\/radioljubuski.ba\/index.php\/wp-json\/wp\/v2\/posts\/104759\/revisions"}],"predecessor-version":[{"id":104760,"href":"https:\/\/radioljubuski.ba\/index.php\/wp-json\/wp\/v2\/posts\/104759\/revisions\/104760"}],"wp:featuredmedia":[{"embeddable":true,"href":"https:\/\/radioljubuski.ba\/index.php\/wp-json\/wp\/v2\/media\/59618"}],"wp:attachment":[{"href":"https:\/\/radioljubuski.ba\/index.php\/wp-json\/wp\/v2\/media?parent=104759"}],"wp:term":[{"taxonomy":"category","embeddable":true,"href":"https:\/\/radioljubuski.ba\/index.php\/wp-json\/wp\/v2\/categories?post=104759"},{"taxonomy":"post_tag","embeddable":true,"href":"https:\/\/radioljubuski.ba\/index.php\/wp-json\/wp\/v2\/tags?post=104759"}],"curies":[{"name":"wp","href":"https:\/\/api.w.org\/{rel}","templated":true}]}}