{"id":104764,"date":"2022-01-05T00:42:33","date_gmt":"2022-01-04T23:42:33","guid":{"rendered":"https:\/\/radioljubuski.ba\/?p=104764"},"modified":"2022-01-05T00:42:34","modified_gmt":"2022-01-04T23:42:34","slug":"u-federaciji-bih-u-11-godina-80-000-ucenika-manje","status":"publish","type":"post","link":"https:\/\/radioljubuski.ba\/index.php\/2022\/01\/05\/u-federaciji-bih-u-11-godina-80-000-ucenika-manje\/","title":{"rendered":"U Federaciji BiH u 11 godina 80.000 u\u010denika manje"},"content":{"rendered":"\n<p><strong>Podaci su ve\u0107 odavno alarmantni. Zbog iseljavanja i pada nataliteta radikalno se smanjuje i broj upisane djece u \u0161kole. Sve vi\u0161e mladih bra\u010dnih parova odlu\u010duje se dijete roditi i odgajati izvan BiH. Sociolozi upozoravaju na to da posljedice ovog trenda mogu biti vi\u0161estruke i pogubne za dru\u0161tvo, pi\u0161e Ve\u010dernji list BiH.<\/strong><\/p>\n\n\n\n<p><strong>Podaci za ovu godinu<\/strong><\/p>\n\n\n\n<p>Na podru\u010dju FBiH u \u0161kolskoj 2021.\/2022. godini radilo je 1045 redovitih osnovnih \u0161kola u kojima je upisano 173.009 u\u010denika, \u0161to je manje za 2438 ili 1,4 posto u odnosu na 2020.\/2021. godinu. U ovoj \u0161kolskoj godini broj razrednih odjela bio je 9337 i manji je za 119 u odnosu na \u0161kolsku 2020.\/2021., objavio je Federalni zavod za statistiku.<\/p>\n\n\n\n<p>U \u0161kolskoj 2021.\/2022. godini broj nastavnog kadra iznosio je 15.824, dok je odnos broja nastavnog osoblja i u\u010denika u redovitom osnovnom obrazovanju u \u0161kolskoj 2021.\/2022. godini 1:11. Kad je rije\u010d o srednjem obrazovanju, na podru\u010dju FBiH u \u0161kolskoj 2021.\/2022. godini djeluje 214 srednjih \u0161kola, u kojima nastavu poha\u0111aju 70.094 u\u010denika, \u0161to je manje za 1364 u\u010denika ili 1,9 posto u odnosu na stanje prethodne \u0161kolske godine, dok je broj razrednih odjela manji za 40 u odnosu na \u0161kolsku 2020.\/2021. godinu.<\/p>\n\n\n\n<p>U \u0161kolama za obrazovanje za mlade s posebnim potrebama broj u\u010denika manji je za 21,1 posto, odnosno za 52 u\u010denika. Odnos broja nastavnog osoblja i u\u010denika u redovitom srednjem obrazovanju u \u0161kolskoj 2021.\/2022. godini iznosi jedan naprema 8,2, a u obrazovanju za mlade s posebnim potrebama taj odnos je 1:2,6.<\/p>\n\n\n\n<p><strong>Ranije statistike<\/strong><\/p>\n\n\n\n<p>Koliko je drasti\u010dno pao broj djece, najbolje pokazuju podaci da je u \u0161kolskoj 2010.\/2011. godini u osnovne \u0161kole u Federaciji BiH upisano 223.566 djece. Dakle, 50.557 vi\u0161e nego ove godine. Kad su u pitanju srednje \u0161kole, u \u0161kolskoj 2010.\/2011. godini u Federaciji BiH bila su 99.272 srednjo\u0161kolaca, a danas su 70.094, dakle manje za \u010dak 29.178. Slu\u017ebeni podaci pokazuju kako je u navedenom razdoblju broj djece u \u0161kolama samo u Federaciji BiH manji za gotovo 80 tisu\u0107a, to\u010dnije za 79.735.<\/p>\n\n\n\n<p>Trend smanjenja broja u\u010denika prisutan je godinama i postao je kroni\u010dan te ozbiljan problem bosanskohercegova\u010dkoga dru\u0161tva, a vlasti ne \u010dine ni\u0161ta kako bi pobolj\u0161ale demografsku sliku i olak\u0161ale \u017eivot obiteljima s djecom. \u010cak i mjere koje se donesu samo izazovu \u0161ok i nevjericu, a gra\u0111ani se zapitaju je li nova mjera signal da trebaju i\u0107i daleko odavde.<\/p>\n\n\n\n<p>\/HMS\/<\/p>\n","protected":false},"excerpt":{"rendered":"<p>Podaci su ve\u0107 odavno alarmantni. Zbog iseljavanja i pada nataliteta radikalno se smanjuje i broj upisane djece u \u0161kole. Sve vi\u0161e mladih bra\u010dnih parova odlu\u010duje se dijete roditi i odgajati izvan BiH. Sociolozi upozoravaju na to da posljedice ovog trenda mogu biti vi\u0161estruke i pogubne za dru\u0161tvo, pi\u0161e Ve\u010dernji list BiH. Podaci za ovu godinu [&hellip;]<\/p>\n","protected":false},"author":2,"featured_media":72845,"comment_status":"closed","ping_status":"closed","sticky":false,"template":"","format":"standard","meta":{"h5ap_radio_sources":[],"footnotes":""},"categories":[1],"tags":[],"class_list":["post-104764","post","type-post","status-publish","format-standard","has-post-thumbnail","hentry","category-bihiregija"],"yoast_head":"<!-- This site is optimized with the Yoast SEO plugin v27.4 - https:\/\/yoast.com\/product\/yoast-seo-wordpress\/ -->\n<title>U Federaciji BiH u 11 godina 80.000 u\u010denika manje - RADIO LJUBU\u0160KI<\/title>\n<meta name=\"robots\" content=\"index, follow, max-snippet:-1, max-image-preview:large, max-video-preview:-1\" \/>\n<link rel=\"canonical\" href=\"https:\/\/radioljubuski.ba\/index.php\/2022\/01\/05\/u-federaciji-bih-u-11-godina-80-000-ucenika-manje\/\" \/>\n<meta property=\"og:locale\" content=\"hr_HR\" \/>\n<meta property=\"og:type\" content=\"article\" \/>\n<meta property=\"og:title\" content=\"U Federaciji BiH u 11 godina 80.000 u\u010denika manje - RADIO LJUBU\u0160KI\" \/>\n<meta property=\"og:description\" content=\"Podaci su ve\u0107 odavno alarmantni. Zbog iseljavanja i pada nataliteta radikalno se smanjuje i broj upisane djece u \u0161kole. Sve vi\u0161e mladih bra\u010dnih parova odlu\u010duje se dijete roditi i odgajati izvan BiH. Sociolozi upozoravaju na to da posljedice ovog trenda mogu biti vi\u0161estruke i pogubne za dru\u0161tvo, pi\u0161e Ve\u010dernji list BiH. Podaci za ovu godinu [&hellip;]\" \/>\n<meta property=\"og:url\" content=\"https:\/\/radioljubuski.ba\/index.php\/2022\/01\/05\/u-federaciji-bih-u-11-godina-80-000-ucenika-manje\/\" \/>\n<meta property=\"og:site_name\" content=\"RADIO LJUBU\u0160KI\" \/>\n<meta property=\"article:publisher\" content=\"https:\/\/www.facebook.com\/Radiio-Ljubuski-1490835324566332\" \/>\n<meta property=\"article:published_time\" content=\"2022-01-04T23:42:33+00:00\" \/>\n<meta property=\"article:modified_time\" content=\"2022-01-04T23:42:34+00:00\" \/>\n<meta property=\"og:image\" content=\"https:\/\/radioljubuski.ba\/wp-content\/uploads\/2021\/10\/jV0aKYAF_skola.jpg\" \/>\n\t<meta property=\"og:image:width\" content=\"1000\" \/>\n\t<meta property=\"og:image:height\" content=\"625\" \/>\n\t<meta property=\"og:image:type\" content=\"image\/jpeg\" \/>\n<meta name=\"author\" content=\"Radio Ljubu\u0161ki\" \/>\n<meta name=\"twitter:card\" content=\"summary_large_image\" \/>\n<meta name=\"twitter:creator\" content=\"@radioljubuski\" \/>\n<meta name=\"twitter:site\" content=\"@radioljubuski\" \/>\n<meta name=\"twitter:label1\" content=\"Napisao\/la\" \/>\n\t<meta name=\"twitter:data1\" content=\"Radio Ljubu\u0161ki\" \/>\n\t<meta name=\"twitter:label2\" content=\"Procijenjeno vrijeme \u010ditanja\" \/>\n\t<meta name=\"twitter:data2\" content=\"2 minute\" \/>\n<script type=\"application\/ld+json\" class=\"yoast-schema-graph\">{\"@context\":\"https:\\\/\\\/schema.org\",\"@graph\":[{\"@type\":\"Article\",\"@id\":\"https:\\\/\\\/radioljubuski.ba\\\/index.php\\\/2022\\\/01\\\/05\\\/u-federaciji-bih-u-11-godina-80-000-ucenika-manje\\\/#article\",\"isPartOf\":{\"@id\":\"https:\\\/\\\/radioljubuski.ba\\\/index.php\\\/2022\\\/01\\\/05\\\/u-federaciji-bih-u-11-godina-80-000-ucenika-manje\\\/\"},\"author\":{\"name\":\"Radio Ljubu\u0161ki\",\"@id\":\"https:\\\/\\\/radioljubuski.ba\\\/#\\\/schema\\\/person\\\/19fc700381a780f69665d7956c469e3b\"},\"headline\":\"U Federaciji BiH u 11 godina 80.000 u\u010denika manje\",\"datePublished\":\"2022-01-04T23:42:33+00:00\",\"dateModified\":\"2022-01-04T23:42:34+00:00\",\"mainEntityOfPage\":{\"@id\":\"https:\\\/\\\/radioljubuski.ba\\\/index.php\\\/2022\\\/01\\\/05\\\/u-federaciji-bih-u-11-godina-80-000-ucenika-manje\\\/\"},\"wordCount\":389,\"publisher\":{\"@id\":\"https:\\\/\\\/radioljubuski.ba\\\/#organization\"},\"image\":{\"@id\":\"https:\\\/\\\/radioljubuski.ba\\\/index.php\\\/2022\\\/01\\\/05\\\/u-federaciji-bih-u-11-godina-80-000-ucenika-manje\\\/#primaryimage\"},\"thumbnailUrl\":\"https:\\\/\\\/radioljubuski.ba\\\/wp-content\\\/uploads\\\/2021\\\/10\\\/jV0aKYAF_skola.jpg\",\"articleSection\":[\"BIH i regija\"],\"inLanguage\":\"hr\"},{\"@type\":\"WebPage\",\"@id\":\"https:\\\/\\\/radioljubuski.ba\\\/index.php\\\/2022\\\/01\\\/05\\\/u-federaciji-bih-u-11-godina-80-000-ucenika-manje\\\/\",\"url\":\"https:\\\/\\\/radioljubuski.ba\\\/index.php\\\/2022\\\/01\\\/05\\\/u-federaciji-bih-u-11-godina-80-000-ucenika-manje\\\/\",\"name\":\"U Federaciji BiH u 11 godina 80.000 u\u010denika manje - RADIO LJUBU\u0160KI\",\"isPartOf\":{\"@id\":\"https:\\\/\\\/radioljubuski.ba\\\/#website\"},\"primaryImageOfPage\":{\"@id\":\"https:\\\/\\\/radioljubuski.ba\\\/index.php\\\/2022\\\/01\\\/05\\\/u-federaciji-bih-u-11-godina-80-000-ucenika-manje\\\/#primaryimage\"},\"image\":{\"@id\":\"https:\\\/\\\/radioljubuski.ba\\\/index.php\\\/2022\\\/01\\\/05\\\/u-federaciji-bih-u-11-godina-80-000-ucenika-manje\\\/#primaryimage\"},\"thumbnailUrl\":\"https:\\\/\\\/radioljubuski.ba\\\/wp-content\\\/uploads\\\/2021\\\/10\\\/jV0aKYAF_skola.jpg\",\"datePublished\":\"2022-01-04T23:42:33+00:00\",\"dateModified\":\"2022-01-04T23:42:34+00:00\",\"breadcrumb\":{\"@id\":\"https:\\\/\\\/radioljubuski.ba\\\/index.php\\\/2022\\\/01\\\/05\\\/u-federaciji-bih-u-11-godina-80-000-ucenika-manje\\\/#breadcrumb\"},\"inLanguage\":\"hr\",\"potentialAction\":[{\"@type\":\"ReadAction\",\"target\":[\"https:\\\/\\\/radioljubuski.ba\\\/index.php\\\/2022\\\/01\\\/05\\\/u-federaciji-bih-u-11-godina-80-000-ucenika-manje\\\/\"]}]},{\"@type\":\"ImageObject\",\"inLanguage\":\"hr\",\"@id\":\"https:\\\/\\\/radioljubuski.ba\\\/index.php\\\/2022\\\/01\\\/05\\\/u-federaciji-bih-u-11-godina-80-000-ucenika-manje\\\/#primaryimage\",\"url\":\"https:\\\/\\\/radioljubuski.ba\\\/wp-content\\\/uploads\\\/2021\\\/10\\\/jV0aKYAF_skola.jpg\",\"contentUrl\":\"https:\\\/\\\/radioljubuski.ba\\\/wp-content\\\/uploads\\\/2021\\\/10\\\/jV0aKYAF_skola.jpg\",\"width\":1000,\"height\":625},{\"@type\":\"BreadcrumbList\",\"@id\":\"https:\\\/\\\/radioljubuski.ba\\\/index.php\\\/2022\\\/01\\\/05\\\/u-federaciji-bih-u-11-godina-80-000-ucenika-manje\\\/#breadcrumb\",\"itemListElement\":[{\"@type\":\"ListItem\",\"position\":1,\"name\":\"Po\u010detna stranica\",\"item\":\"https:\\\/\\\/radioljubuski.ba\\\/\"},{\"@type\":\"ListItem\",\"position\":2,\"name\":\"U Federaciji BiH u 11 godina 80.000 u\u010denika manje\"}]},{\"@type\":\"WebSite\",\"@id\":\"https:\\\/\\\/radioljubuski.ba\\\/#website\",\"url\":\"https:\\\/\\\/radioljubuski.ba\\\/\",\"name\":\"Radio Ljubu\u0161ki\",\"description\":\"Sun\u010dana frekvencija Hercegovine\",\"publisher\":{\"@id\":\"https:\\\/\\\/radioljubuski.ba\\\/#organization\"},\"potentialAction\":[{\"@type\":\"SearchAction\",\"target\":{\"@type\":\"EntryPoint\",\"urlTemplate\":\"https:\\\/\\\/radioljubuski.ba\\\/?s={search_term_string}\"},\"query-input\":{\"@type\":\"PropertyValueSpecification\",\"valueRequired\":true,\"valueName\":\"search_term_string\"}}],\"inLanguage\":\"hr\"},{\"@type\":\"Organization\",\"@id\":\"https:\\\/\\\/radioljubuski.ba\\\/#organization\",\"name\":\"Radio Ljubu\u0161ki\",\"url\":\"https:\\\/\\\/radioljubuski.ba\\\/\",\"logo\":{\"@type\":\"ImageObject\",\"inLanguage\":\"hr\",\"@id\":\"https:\\\/\\\/radioljubuski.ba\\\/#\\\/schema\\\/logo\\\/image\\\/\",\"url\":\"https:\\\/\\\/radioljubuski.ba\\\/wp-content\\\/uploads\\\/2021\\\/02\\\/cropped-Radio_Ljubuski_logo1.jpg\",\"contentUrl\":\"https:\\\/\\\/radioljubuski.ba\\\/wp-content\\\/uploads\\\/2021\\\/02\\\/cropped-Radio_Ljubuski_logo1.jpg\",\"width\":512,\"height\":512,\"caption\":\"Radio Ljubu\u0161ki\"},\"image\":{\"@id\":\"https:\\\/\\\/radioljubuski.ba\\\/#\\\/schema\\\/logo\\\/image\\\/\"},\"sameAs\":[\"https:\\\/\\\/www.facebook.com\\\/Radiio-Ljubuski-1490835324566332\",\"https:\\\/\\\/x.com\\\/radioljubuski\",\"https:\\\/\\\/hr.linkedin.com\\\/company\\\/radio-ljubuski\",\"https:\\\/\\\/www.youtube.com\\\/channel\\\/UCHYaeO_n0Db3tjNGudGpXyw\"]},{\"@type\":\"Person\",\"@id\":\"https:\\\/\\\/radioljubuski.ba\\\/#\\\/schema\\\/person\\\/19fc700381a780f69665d7956c469e3b\",\"name\":\"Radio Ljubu\u0161ki\"}]}<\/script>\n<!-- \/ Yoast SEO plugin. -->","yoast_head_json":{"title":"U Federaciji BiH u 11 godina 80.000 u\u010denika manje - RADIO LJUBU\u0160KI","robots":{"index":"index","follow":"follow","max-snippet":"max-snippet:-1","max-image-preview":"max-image-preview:large","max-video-preview":"max-video-preview:-1"},"canonical":"https:\/\/radioljubuski.ba\/index.php\/2022\/01\/05\/u-federaciji-bih-u-11-godina-80-000-ucenika-manje\/","og_locale":"hr_HR","og_type":"article","og_title":"U Federaciji BiH u 11 godina 80.000 u\u010denika manje - RADIO LJUBU\u0160KI","og_description":"Podaci su ve\u0107 odavno alarmantni. Zbog iseljavanja i pada nataliteta radikalno se smanjuje i broj upisane djece u \u0161kole. Sve vi\u0161e mladih bra\u010dnih parova odlu\u010duje se dijete roditi i odgajati izvan BiH. Sociolozi upozoravaju na to da posljedice ovog trenda mogu biti vi\u0161estruke i pogubne za dru\u0161tvo, pi\u0161e Ve\u010dernji list BiH. Podaci za ovu godinu [&hellip;]","og_url":"https:\/\/radioljubuski.ba\/index.php\/2022\/01\/05\/u-federaciji-bih-u-11-godina-80-000-ucenika-manje\/","og_site_name":"RADIO LJUBU\u0160KI","article_publisher":"https:\/\/www.facebook.com\/Radiio-Ljubuski-1490835324566332","article_published_time":"2022-01-04T23:42:33+00:00","article_modified_time":"2022-01-04T23:42:34+00:00","og_image":[{"width":1000,"height":625,"url":"https:\/\/radioljubuski.ba\/wp-content\/uploads\/2021\/10\/jV0aKYAF_skola.jpg","type":"image\/jpeg"}],"author":"Radio Ljubu\u0161ki","twitter_card":"summary_large_image","twitter_creator":"@radioljubuski","twitter_site":"@radioljubuski","twitter_misc":{"Napisao\/la":"Radio Ljubu\u0161ki","Procijenjeno vrijeme \u010ditanja":"2 minute"},"schema":{"@context":"https:\/\/schema.org","@graph":[{"@type":"Article","@id":"https:\/\/radioljubuski.ba\/index.php\/2022\/01\/05\/u-federaciji-bih-u-11-godina-80-000-ucenika-manje\/#article","isPartOf":{"@id":"https:\/\/radioljubuski.ba\/index.php\/2022\/01\/05\/u-federaciji-bih-u-11-godina-80-000-ucenika-manje\/"},"author":{"name":"Radio Ljubu\u0161ki","@id":"https:\/\/radioljubuski.ba\/#\/schema\/person\/19fc700381a780f69665d7956c469e3b"},"headline":"U Federaciji BiH u 11 godina 80.000 u\u010denika manje","datePublished":"2022-01-04T23:42:33+00:00","dateModified":"2022-01-04T23:42:34+00:00","mainEntityOfPage":{"@id":"https:\/\/radioljubuski.ba\/index.php\/2022\/01\/05\/u-federaciji-bih-u-11-godina-80-000-ucenika-manje\/"},"wordCount":389,"publisher":{"@id":"https:\/\/radioljubuski.ba\/#organization"},"image":{"@id":"https:\/\/radioljubuski.ba\/index.php\/2022\/01\/05\/u-federaciji-bih-u-11-godina-80-000-ucenika-manje\/#primaryimage"},"thumbnailUrl":"https:\/\/radioljubuski.ba\/wp-content\/uploads\/2021\/10\/jV0aKYAF_skola.jpg","articleSection":["BIH i regija"],"inLanguage":"hr"},{"@type":"WebPage","@id":"https:\/\/radioljubuski.ba\/index.php\/2022\/01\/05\/u-federaciji-bih-u-11-godina-80-000-ucenika-manje\/","url":"https:\/\/radioljubuski.ba\/index.php\/2022\/01\/05\/u-federaciji-bih-u-11-godina-80-000-ucenika-manje\/","name":"U Federaciji BiH u 11 godina 80.000 u\u010denika manje - RADIO LJUBU\u0160KI","isPartOf":{"@id":"https:\/\/radioljubuski.ba\/#website"},"primaryImageOfPage":{"@id":"https:\/\/radioljubuski.ba\/index.php\/2022\/01\/05\/u-federaciji-bih-u-11-godina-80-000-ucenika-manje\/#primaryimage"},"image":{"@id":"https:\/\/radioljubuski.ba\/index.php\/2022\/01\/05\/u-federaciji-bih-u-11-godina-80-000-ucenika-manje\/#primaryimage"},"thumbnailUrl":"https:\/\/radioljubuski.ba\/wp-content\/uploads\/2021\/10\/jV0aKYAF_skola.jpg","datePublished":"2022-01-04T23:42:33+00:00","dateModified":"2022-01-04T23:42:34+00:00","breadcrumb":{"@id":"https:\/\/radioljubuski.ba\/index.php\/2022\/01\/05\/u-federaciji-bih-u-11-godina-80-000-ucenika-manje\/#breadcrumb"},"inLanguage":"hr","potentialAction":[{"@type":"ReadAction","target":["https:\/\/radioljubuski.ba\/index.php\/2022\/01\/05\/u-federaciji-bih-u-11-godina-80-000-ucenika-manje\/"]}]},{"@type":"ImageObject","inLanguage":"hr","@id":"https:\/\/radioljubuski.ba\/index.php\/2022\/01\/05\/u-federaciji-bih-u-11-godina-80-000-ucenika-manje\/#primaryimage","url":"https:\/\/radioljubuski.ba\/wp-content\/uploads\/2021\/10\/jV0aKYAF_skola.jpg","contentUrl":"https:\/\/radioljubuski.ba\/wp-content\/uploads\/2021\/10\/jV0aKYAF_skola.jpg","width":1000,"height":625},{"@type":"BreadcrumbList","@id":"https:\/\/radioljubuski.ba\/index.php\/2022\/01\/05\/u-federaciji-bih-u-11-godina-80-000-ucenika-manje\/#breadcrumb","itemListElement":[{"@type":"ListItem","position":1,"name":"Po\u010detna stranica","item":"https:\/\/radioljubuski.ba\/"},{"@type":"ListItem","position":2,"name":"U Federaciji BiH u 11 godina 80.000 u\u010denika manje"}]},{"@type":"WebSite","@id":"https:\/\/radioljubuski.ba\/#website","url":"https:\/\/radioljubuski.ba\/","name":"Radio Ljubu\u0161ki","description":"Sun\u010dana frekvencija Hercegovine","publisher":{"@id":"https:\/\/radioljubuski.ba\/#organization"},"potentialAction":[{"@type":"SearchAction","target":{"@type":"EntryPoint","urlTemplate":"https:\/\/radioljubuski.ba\/?s={search_term_string}"},"query-input":{"@type":"PropertyValueSpecification","valueRequired":true,"valueName":"search_term_string"}}],"inLanguage":"hr"},{"@type":"Organization","@id":"https:\/\/radioljubuski.ba\/#organization","name":"Radio Ljubu\u0161ki","url":"https:\/\/radioljubuski.ba\/","logo":{"@type":"ImageObject","inLanguage":"hr","@id":"https:\/\/radioljubuski.ba\/#\/schema\/logo\/image\/","url":"https:\/\/radioljubuski.ba\/wp-content\/uploads\/2021\/02\/cropped-Radio_Ljubuski_logo1.jpg","contentUrl":"https:\/\/radioljubuski.ba\/wp-content\/uploads\/2021\/02\/cropped-Radio_Ljubuski_logo1.jpg","width":512,"height":512,"caption":"Radio Ljubu\u0161ki"},"image":{"@id":"https:\/\/radioljubuski.ba\/#\/schema\/logo\/image\/"},"sameAs":["https:\/\/www.facebook.com\/Radiio-Ljubuski-1490835324566332","https:\/\/x.com\/radioljubuski","https:\/\/hr.linkedin.com\/company\/radio-ljubuski","https:\/\/www.youtube.com\/channel\/UCHYaeO_n0Db3tjNGudGpXyw"]},{"@type":"Person","@id":"https:\/\/radioljubuski.ba\/#\/schema\/person\/19fc700381a780f69665d7956c469e3b","name":"Radio Ljubu\u0161ki"}]}},"_links":{"self":[{"href":"https:\/\/radioljubuski.ba\/index.php\/wp-json\/wp\/v2\/posts\/104764","targetHints":{"allow":["GET"]}}],"collection":[{"href":"https:\/\/radioljubuski.ba\/index.php\/wp-json\/wp\/v2\/posts"}],"about":[{"href":"https:\/\/radioljubuski.ba\/index.php\/wp-json\/wp\/v2\/types\/post"}],"author":[{"embeddable":true,"href":"https:\/\/radioljubuski.ba\/index.php\/wp-json\/wp\/v2\/users\/2"}],"replies":[{"embeddable":true,"href":"https:\/\/radioljubuski.ba\/index.php\/wp-json\/wp\/v2\/comments?post=104764"}],"version-history":[{"count":1,"href":"https:\/\/radioljubuski.ba\/index.php\/wp-json\/wp\/v2\/posts\/104764\/revisions"}],"predecessor-version":[{"id":104765,"href":"https:\/\/radioljubuski.ba\/index.php\/wp-json\/wp\/v2\/posts\/104764\/revisions\/104765"}],"wp:featuredmedia":[{"embeddable":true,"href":"https:\/\/radioljubuski.ba\/index.php\/wp-json\/wp\/v2\/media\/72845"}],"wp:attachment":[{"href":"https:\/\/radioljubuski.ba\/index.php\/wp-json\/wp\/v2\/media?parent=104764"}],"wp:term":[{"taxonomy":"category","embeddable":true,"href":"https:\/\/radioljubuski.ba\/index.php\/wp-json\/wp\/v2\/categories?post=104764"},{"taxonomy":"post_tag","embeddable":true,"href":"https:\/\/radioljubuski.ba\/index.php\/wp-json\/wp\/v2\/tags?post=104764"}],"curies":[{"name":"wp","href":"https:\/\/api.w.org\/{rel}","templated":true}]}}