{"id":104766,"date":"2022-01-05T00:44:30","date_gmt":"2022-01-04T23:44:30","guid":{"rendered":"https:\/\/radioljubuski.ba\/?p=104766"},"modified":"2022-01-05T00:44:30","modified_gmt":"2022-01-04T23:44:30","slug":"kasumovic-u-sipa-i-su-mi-rekli-mi-nemamo-nista-s-tim-to-je-vas-medubosnjacki-obracun","status":"publish","type":"post","link":"https:\/\/radioljubuski.ba\/index.php\/2022\/01\/05\/kasumovic-u-sipa-i-su-mi-rekli-mi-nemamo-nista-s-tim-to-je-vas-medubosnjacki-obracun\/","title":{"rendered":"Kasumovi\u0107: U SIPA-i su mi rekli mi nemamo ni\u0161ta s tim to je va\u0161 me\u0111ubo\u0161nja\u010dki obra\u010dun"},"content":{"rendered":"\n<p><strong>Gradona\u010delnik Zenice Fuad Kasumovi\u0107 obratio se prvi put Gradskom vije\u0107u i gra\u0111anima nakon \u0161to je nedavno uhi\u0107en u okviru predmeta \u201cZenicatrans\u201d. Uputio je niz optu\u017ebi prvenstveno na ra\u010dun SDA kazav\u0161i i to kako su mu nudili, dok je bio pritvoren, da podnese ostavku, a zauzvrat \u201cbi mu na\u0161li neko mjesto u Sarajevu i oslobodili ga\u201d. Upitao ih je \u201cZar ste toliko glupi?\u201d.<\/strong><\/p>\n\n\n\n<p>Kasumovi\u0107 je, kako prenosi N1, kazao kako i \u201cnajmanje dijete u ovom gradu zna tko je oplja\u010dako Zenicatrans\u201d te da je SDA na svojim slu\u017ebenim i neslu\u017ebenim stranicama najavljivala njegovo uhi\u0107enje.<\/p>\n\n\n\n<p>\u201cDobro se sje\u0107am prije tri godine sudac dr\u017eavnog suda BiH Branko Peri\u0107 u jednom intervjuu na nekoj televiziji ka\u017ee \u2018postoji praovsudna mafija\u2019. I ja sam se tada iznenadio da je slu\u017ebeno rekao to. SDA zajedno sa A-SDA dvije godine radi na ovom predmetu zahvaljuju\u0107i svojim krojenima koje imaju u tu\u017eiteljstvu itd. Da je sve ne\u010dasno i kompromitiraju\u0107e za to pravosu\u0111e govori sljede\u0107e \u2013 od listopada pro\u0161le godine, od izbora, na slu\u017ebenim i neslu\u017ebenim stranicama SDA se spominje da \u0107u biti uhi\u0107en\u201d, rekao je Kasumovi\u0107.<\/p>\n\n\n\n<p><strong>O sastanku s glavnom tu\u017eiteljicom Tu\u017eiteljstva ZD\u017d<\/strong><\/p>\n\n\n\n<p>Kasumovi\u0107 je rekao kako je prije 4-5 mjeseci bio na sastanku s glavnom tu\u017eiteljicom Tu\u017eiteljstva ZD\u017d Vesnom Kaknjom. Sastanku su, kako ka\u017ee, prisustovali njegov tajnik Selver Kele\u0161tura, tu\u017eitelji\u010din zamjenik Deli\u0107 i tajnica Sal\u010dinovi\u0107.<\/p>\n\n\n\n<p>\u201cKazao sam \u2018gospo\u0111o, mi smo udaljeni sto i ne\u0161to metara, nema potrebe ovo \u0161to va\u0161i mediji SDA govore da \u0107e hapsiti. Pozovite i odzavat \u0107u se kao i uvijek\u2019. Ali to nije imalo nikakvog efekta\u201d, rekao je.<\/p>\n\n\n\n<p>Isti\u010de i to kako je sve ono za \u0161to ga terete demantirano u dokumentu drugostupanjskog organa Federalnog ministarstva financija koje je taj dokument dostavilo prije 15-20 dana, ali da su ga oni sakrili.<\/p>\n\n\n\n<p>\u201cNisu me mogli pobijediti politi\u010dki, onda su htjeli poniziti ovaj narod, ne samo mene. Otkako sam vas pobijedio pravite probleme ovom gradu. To \u0161to ste naredili da me pritvore kao najve\u0107eg dilera i kriminalca u dr\u017eavi, to samo prili\u010di vama. Ispri\u010davam se ljudima koji su bili samo kolateralna \u0161teta, da ne bi bilo da a\u0161\u0107arile idu samo na mene, pritvorili su jo\u0161 10 ljudi. Na \u010dasti tim institucijama, SDA-u i A-SDA-u\u201d, rekao je.<\/p>\n\n\n\n<p><strong>\u201cDa im Allah nije javio?\u201d<\/strong><\/p>\n\n\n\n<p>Istaknuo je kako nije bila to\u010dna informacija da je bio u bjekstvu ve\u0107 da je poslom bio izvan Zenice te da se odmah vratio kada je vidio u medijima da ga tra\u017ee.<\/p>\n\n\n\n<p>\u201cObjavljivanjem la\u017ene informacije da sam u bjekstvu, stavili su mi metu na \u010delo. Svaki policajac je mogao pucati na mene\u201d, rekao je.<\/p>\n\n\n\n<p>A potom je upitao: \u201cOdakle fotoaparati i kamere u pola \u0161est ujutro pred mojom ku\u0107om ako tu\u017eiteljstvo nije javilo SDA medijima? Da im Allah nije javio?\u201d.<\/p>\n\n\n\n<p>Naveo je kako je, \u010dim je stigao u Zenicu oti\u0161ao u SIPA-u i zahvalio im se na tretmanu. Kasnije, kada su ga predali, ka\u017ee da su ga dr\u017eali u nehumanim uvjetima gdje i dobio, kako ka\u017ee, upalu plu\u0107a.<\/p>\n\n\n\n<p>\u201cJedan od policajaca, koji \u010dini mi se nije bio na du\u017enosti, a ima videonadzor pa se mo\u017ee provjeriti, poslali su ga iz te vladaju\u0107e kriminalne stranke, mi je rekao \u2018daj ostavku na to mjesto, dat \u0107emo ti bilo koje mjesto u Sarajevu i bit \u0107e\u0161 oslobo\u0111en\u2019. Znate kakav sam i rekao sam \u2018 ti koji su te poslali, neka \u0107a\u0107u svog nagovaraju, mene ne\u0107e\u2019. Sve \u0161to je ura\u0111eno, ura\u0111eno je po \u017eelji onih koji su gra\u0111ane ponizili. Stotine gra\u0111ana ste natjerali na pla\u010d. Zar ste toliko glupi? Znao sam da su istro\u0161eni, ali toliko glupi da tako ne\u0161to urade, ne vidim razloga\u201d, rekao je Kasumovi\u0107.<\/p>\n\n\n\n<p><strong>\u201cMe\u0111ubo\u0161nja\u010dki obra\u010dun\u201d<\/strong><\/p>\n\n\n\n<p>Poru\u010dio je da nema ni\u0161ta protiv istraga koje radi pravosu\u0111e, ali da je on \u201cmoralna vertikala\u201d.<\/p>\n\n\n\n<p>\u201cFuad Kasumovi\u0107 je, dragi gra\u0111ani, moralna vertikala za ove. Niti sam kad bio u kriminalu niti planiram biti. To poni\u017eenje koje su napravili vama, mojim suradnicima i meni, na \u010dast neka vam bude\u201d, rekao je Kasumovi\u0107.<\/p>\n\n\n\n<p>Poru\u010dio je SDA i A-SDA, koje je nazvao \u201cosovinom zla\u201d da vi\u0161e nikada ne\u0107e razgovarati, pregovarati niti i\u0161ta, a da \u0107e i njihov \u201cselam smatrati atakom na sebe\u201d.<\/p>\n\n\n\n<p>\u201cU SIPA-i sretne me jedan od visokih du\u017enosnika SIPA-e i decidno mi je re\u010deno \u2018mi nemamo ni\u0161ta s ovim, ovo je va\u0161 me\u0111ubo\u0161nmja\u010dki obra\u010dun\u2019. To mi je te\u017ee palo od upale plu\u0107a\u201d, zaklju\u010dio je Kasumovi\u0107.<\/p>\n\n\n\n<p>\/HMS\/<\/p>\n","protected":false},"excerpt":{"rendered":"<p>Gradona\u010delnik Zenice Fuad Kasumovi\u0107 obratio se prvi put Gradskom vije\u0107u i gra\u0111anima nakon \u0161to je nedavno uhi\u0107en u okviru predmeta \u201cZenicatrans\u201d. Uputio je niz optu\u017ebi prvenstveno na ra\u010dun SDA kazav\u0161i i to kako su mu nudili, dok je bio pritvoren, da podnese ostavku, a zauzvrat \u201cbi mu na\u0161li neko mjesto u Sarajevu i oslobodili ga\u201d. [&hellip;]<\/p>\n","protected":false},"author":2,"featured_media":104767,"comment_status":"closed","ping_status":"closed","sticky":false,"template":"","format":"standard","meta":{"h5ap_radio_sources":[],"footnotes":""},"categories":[1],"tags":[],"class_list":["post-104766","post","type-post","status-publish","format-standard","has-post-thumbnail","hentry","category-bihiregija"],"yoast_head":"<!-- This site is optimized with the Yoast SEO plugin v27.4 - https:\/\/yoast.com\/product\/yoast-seo-wordpress\/ -->\n<title>Kasumovi\u0107: U SIPA-i su mi rekli mi nemamo ni\u0161ta s tim to je va\u0161 me\u0111ubo\u0161nja\u010dki obra\u010dun - RADIO LJUBU\u0160KI<\/title>\n<meta name=\"robots\" content=\"index, follow, max-snippet:-1, max-image-preview:large, max-video-preview:-1\" \/>\n<link rel=\"canonical\" href=\"https:\/\/radioljubuski.ba\/index.php\/2022\/01\/05\/kasumovic-u-sipa-i-su-mi-rekli-mi-nemamo-nista-s-tim-to-je-vas-medubosnjacki-obracun\/\" \/>\n<meta property=\"og:locale\" content=\"hr_HR\" \/>\n<meta property=\"og:type\" content=\"article\" \/>\n<meta property=\"og:title\" content=\"Kasumovi\u0107: U SIPA-i su mi rekli mi nemamo ni\u0161ta s tim to je va\u0161 me\u0111ubo\u0161nja\u010dki obra\u010dun - RADIO LJUBU\u0160KI\" \/>\n<meta property=\"og:description\" content=\"Gradona\u010delnik Zenice Fuad Kasumovi\u0107 obratio se prvi put Gradskom vije\u0107u i gra\u0111anima nakon \u0161to je nedavno uhi\u0107en u okviru predmeta \u201cZenicatrans\u201d. Uputio je niz optu\u017ebi prvenstveno na ra\u010dun SDA kazav\u0161i i to kako su mu nudili, dok je bio pritvoren, da podnese ostavku, a zauzvrat \u201cbi mu na\u0161li neko mjesto u Sarajevu i oslobodili ga\u201d. [&hellip;]\" \/>\n<meta property=\"og:url\" content=\"https:\/\/radioljubuski.ba\/index.php\/2022\/01\/05\/kasumovic-u-sipa-i-su-mi-rekli-mi-nemamo-nista-s-tim-to-je-vas-medubosnjacki-obracun\/\" \/>\n<meta property=\"og:site_name\" content=\"RADIO LJUBU\u0160KI\" \/>\n<meta property=\"article:publisher\" content=\"https:\/\/www.facebook.com\/Radiio-Ljubuski-1490835324566332\" \/>\n<meta property=\"article:published_time\" content=\"2022-01-04T23:44:30+00:00\" \/>\n<meta property=\"og:image\" content=\"https:\/\/radioljubuski.ba\/wp-content\/uploads\/2022\/01\/kasumovic-1068x632-1.png\" \/>\n\t<meta property=\"og:image:width\" content=\"1068\" \/>\n\t<meta property=\"og:image:height\" content=\"632\" \/>\n\t<meta property=\"og:image:type\" content=\"image\/png\" \/>\n<meta name=\"author\" content=\"Radio Ljubu\u0161ki\" \/>\n<meta name=\"twitter:card\" content=\"summary_large_image\" \/>\n<meta name=\"twitter:creator\" content=\"@radioljubuski\" \/>\n<meta name=\"twitter:site\" content=\"@radioljubuski\" \/>\n<meta name=\"twitter:label1\" content=\"Napisao\/la\" \/>\n\t<meta name=\"twitter:data1\" content=\"Radio Ljubu\u0161ki\" \/>\n\t<meta name=\"twitter:label2\" content=\"Procijenjeno vrijeme \u010ditanja\" \/>\n\t<meta name=\"twitter:data2\" content=\"4 minute\" \/>\n<script type=\"application\/ld+json\" class=\"yoast-schema-graph\">{\"@context\":\"https:\\\/\\\/schema.org\",\"@graph\":[{\"@type\":\"Article\",\"@id\":\"https:\\\/\\\/radioljubuski.ba\\\/index.php\\\/2022\\\/01\\\/05\\\/kasumovic-u-sipa-i-su-mi-rekli-mi-nemamo-nista-s-tim-to-je-vas-medubosnjacki-obracun\\\/#article\",\"isPartOf\":{\"@id\":\"https:\\\/\\\/radioljubuski.ba\\\/index.php\\\/2022\\\/01\\\/05\\\/kasumovic-u-sipa-i-su-mi-rekli-mi-nemamo-nista-s-tim-to-je-vas-medubosnjacki-obracun\\\/\"},\"author\":{\"name\":\"Radio Ljubu\u0161ki\",\"@id\":\"https:\\\/\\\/radioljubuski.ba\\\/#\\\/schema\\\/person\\\/19fc700381a780f69665d7956c469e3b\"},\"headline\":\"Kasumovi\u0107: U SIPA-i su mi rekli mi nemamo ni\u0161ta s tim to je va\u0161 me\u0111ubo\u0161nja\u010dki obra\u010dun\",\"datePublished\":\"2022-01-04T23:44:30+00:00\",\"mainEntityOfPage\":{\"@id\":\"https:\\\/\\\/radioljubuski.ba\\\/index.php\\\/2022\\\/01\\\/05\\\/kasumovic-u-sipa-i-su-mi-rekli-mi-nemamo-nista-s-tim-to-je-vas-medubosnjacki-obracun\\\/\"},\"wordCount\":814,\"publisher\":{\"@id\":\"https:\\\/\\\/radioljubuski.ba\\\/#organization\"},\"image\":{\"@id\":\"https:\\\/\\\/radioljubuski.ba\\\/index.php\\\/2022\\\/01\\\/05\\\/kasumovic-u-sipa-i-su-mi-rekli-mi-nemamo-nista-s-tim-to-je-vas-medubosnjacki-obracun\\\/#primaryimage\"},\"thumbnailUrl\":\"https:\\\/\\\/radioljubuski.ba\\\/wp-content\\\/uploads\\\/2022\\\/01\\\/kasumovic-1068x632-1.png\",\"articleSection\":[\"BIH i regija\"],\"inLanguage\":\"hr\"},{\"@type\":\"WebPage\",\"@id\":\"https:\\\/\\\/radioljubuski.ba\\\/index.php\\\/2022\\\/01\\\/05\\\/kasumovic-u-sipa-i-su-mi-rekli-mi-nemamo-nista-s-tim-to-je-vas-medubosnjacki-obracun\\\/\",\"url\":\"https:\\\/\\\/radioljubuski.ba\\\/index.php\\\/2022\\\/01\\\/05\\\/kasumovic-u-sipa-i-su-mi-rekli-mi-nemamo-nista-s-tim-to-je-vas-medubosnjacki-obracun\\\/\",\"name\":\"Kasumovi\u0107: U SIPA-i su mi rekli mi nemamo ni\u0161ta s tim to je va\u0161 me\u0111ubo\u0161nja\u010dki obra\u010dun - RADIO LJUBU\u0160KI\",\"isPartOf\":{\"@id\":\"https:\\\/\\\/radioljubuski.ba\\\/#website\"},\"primaryImageOfPage\":{\"@id\":\"https:\\\/\\\/radioljubuski.ba\\\/index.php\\\/2022\\\/01\\\/05\\\/kasumovic-u-sipa-i-su-mi-rekli-mi-nemamo-nista-s-tim-to-je-vas-medubosnjacki-obracun\\\/#primaryimage\"},\"image\":{\"@id\":\"https:\\\/\\\/radioljubuski.ba\\\/index.php\\\/2022\\\/01\\\/05\\\/kasumovic-u-sipa-i-su-mi-rekli-mi-nemamo-nista-s-tim-to-je-vas-medubosnjacki-obracun\\\/#primaryimage\"},\"thumbnailUrl\":\"https:\\\/\\\/radioljubuski.ba\\\/wp-content\\\/uploads\\\/2022\\\/01\\\/kasumovic-1068x632-1.png\",\"datePublished\":\"2022-01-04T23:44:30+00:00\",\"breadcrumb\":{\"@id\":\"https:\\\/\\\/radioljubuski.ba\\\/index.php\\\/2022\\\/01\\\/05\\\/kasumovic-u-sipa-i-su-mi-rekli-mi-nemamo-nista-s-tim-to-je-vas-medubosnjacki-obracun\\\/#breadcrumb\"},\"inLanguage\":\"hr\",\"potentialAction\":[{\"@type\":\"ReadAction\",\"target\":[\"https:\\\/\\\/radioljubuski.ba\\\/index.php\\\/2022\\\/01\\\/05\\\/kasumovic-u-sipa-i-su-mi-rekli-mi-nemamo-nista-s-tim-to-je-vas-medubosnjacki-obracun\\\/\"]}]},{\"@type\":\"ImageObject\",\"inLanguage\":\"hr\",\"@id\":\"https:\\\/\\\/radioljubuski.ba\\\/index.php\\\/2022\\\/01\\\/05\\\/kasumovic-u-sipa-i-su-mi-rekli-mi-nemamo-nista-s-tim-to-je-vas-medubosnjacki-obracun\\\/#primaryimage\",\"url\":\"https:\\\/\\\/radioljubuski.ba\\\/wp-content\\\/uploads\\\/2022\\\/01\\\/kasumovic-1068x632-1.png\",\"contentUrl\":\"https:\\\/\\\/radioljubuski.ba\\\/wp-content\\\/uploads\\\/2022\\\/01\\\/kasumovic-1068x632-1.png\",\"width\":1068,\"height\":632},{\"@type\":\"BreadcrumbList\",\"@id\":\"https:\\\/\\\/radioljubuski.ba\\\/index.php\\\/2022\\\/01\\\/05\\\/kasumovic-u-sipa-i-su-mi-rekli-mi-nemamo-nista-s-tim-to-je-vas-medubosnjacki-obracun\\\/#breadcrumb\",\"itemListElement\":[{\"@type\":\"ListItem\",\"position\":1,\"name\":\"Po\u010detna stranica\",\"item\":\"https:\\\/\\\/radioljubuski.ba\\\/\"},{\"@type\":\"ListItem\",\"position\":2,\"name\":\"Kasumovi\u0107: U SIPA-i su mi rekli mi nemamo ni\u0161ta s tim to je va\u0161 me\u0111ubo\u0161nja\u010dki obra\u010dun\"}]},{\"@type\":\"WebSite\",\"@id\":\"https:\\\/\\\/radioljubuski.ba\\\/#website\",\"url\":\"https:\\\/\\\/radioljubuski.ba\\\/\",\"name\":\"Radio Ljubu\u0161ki\",\"description\":\"Sun\u010dana frekvencija Hercegovine\",\"publisher\":{\"@id\":\"https:\\\/\\\/radioljubuski.ba\\\/#organization\"},\"potentialAction\":[{\"@type\":\"SearchAction\",\"target\":{\"@type\":\"EntryPoint\",\"urlTemplate\":\"https:\\\/\\\/radioljubuski.ba\\\/?s={search_term_string}\"},\"query-input\":{\"@type\":\"PropertyValueSpecification\",\"valueRequired\":true,\"valueName\":\"search_term_string\"}}],\"inLanguage\":\"hr\"},{\"@type\":\"Organization\",\"@id\":\"https:\\\/\\\/radioljubuski.ba\\\/#organization\",\"name\":\"Radio Ljubu\u0161ki\",\"url\":\"https:\\\/\\\/radioljubuski.ba\\\/\",\"logo\":{\"@type\":\"ImageObject\",\"inLanguage\":\"hr\",\"@id\":\"https:\\\/\\\/radioljubuski.ba\\\/#\\\/schema\\\/logo\\\/image\\\/\",\"url\":\"https:\\\/\\\/radioljubuski.ba\\\/wp-content\\\/uploads\\\/2021\\\/02\\\/cropped-Radio_Ljubuski_logo1.jpg\",\"contentUrl\":\"https:\\\/\\\/radioljubuski.ba\\\/wp-content\\\/uploads\\\/2021\\\/02\\\/cropped-Radio_Ljubuski_logo1.jpg\",\"width\":512,\"height\":512,\"caption\":\"Radio Ljubu\u0161ki\"},\"image\":{\"@id\":\"https:\\\/\\\/radioljubuski.ba\\\/#\\\/schema\\\/logo\\\/image\\\/\"},\"sameAs\":[\"https:\\\/\\\/www.facebook.com\\\/Radiio-Ljubuski-1490835324566332\",\"https:\\\/\\\/x.com\\\/radioljubuski\",\"https:\\\/\\\/hr.linkedin.com\\\/company\\\/radio-ljubuski\",\"https:\\\/\\\/www.youtube.com\\\/channel\\\/UCHYaeO_n0Db3tjNGudGpXyw\"]},{\"@type\":\"Person\",\"@id\":\"https:\\\/\\\/radioljubuski.ba\\\/#\\\/schema\\\/person\\\/19fc700381a780f69665d7956c469e3b\",\"name\":\"Radio Ljubu\u0161ki\"}]}<\/script>\n<!-- \/ Yoast SEO plugin. -->","yoast_head_json":{"title":"Kasumovi\u0107: U SIPA-i su mi rekli mi nemamo ni\u0161ta s tim to je va\u0161 me\u0111ubo\u0161nja\u010dki obra\u010dun - RADIO LJUBU\u0160KI","robots":{"index":"index","follow":"follow","max-snippet":"max-snippet:-1","max-image-preview":"max-image-preview:large","max-video-preview":"max-video-preview:-1"},"canonical":"https:\/\/radioljubuski.ba\/index.php\/2022\/01\/05\/kasumovic-u-sipa-i-su-mi-rekli-mi-nemamo-nista-s-tim-to-je-vas-medubosnjacki-obracun\/","og_locale":"hr_HR","og_type":"article","og_title":"Kasumovi\u0107: U SIPA-i su mi rekli mi nemamo ni\u0161ta s tim to je va\u0161 me\u0111ubo\u0161nja\u010dki obra\u010dun - RADIO LJUBU\u0160KI","og_description":"Gradona\u010delnik Zenice Fuad Kasumovi\u0107 obratio se prvi put Gradskom vije\u0107u i gra\u0111anima nakon \u0161to je nedavno uhi\u0107en u okviru predmeta \u201cZenicatrans\u201d. Uputio je niz optu\u017ebi prvenstveno na ra\u010dun SDA kazav\u0161i i to kako su mu nudili, dok je bio pritvoren, da podnese ostavku, a zauzvrat \u201cbi mu na\u0161li neko mjesto u Sarajevu i oslobodili ga\u201d. [&hellip;]","og_url":"https:\/\/radioljubuski.ba\/index.php\/2022\/01\/05\/kasumovic-u-sipa-i-su-mi-rekli-mi-nemamo-nista-s-tim-to-je-vas-medubosnjacki-obracun\/","og_site_name":"RADIO LJUBU\u0160KI","article_publisher":"https:\/\/www.facebook.com\/Radiio-Ljubuski-1490835324566332","article_published_time":"2022-01-04T23:44:30+00:00","og_image":[{"width":1068,"height":632,"url":"https:\/\/radioljubuski.ba\/wp-content\/uploads\/2022\/01\/kasumovic-1068x632-1.png","type":"image\/png"}],"author":"Radio Ljubu\u0161ki","twitter_card":"summary_large_image","twitter_creator":"@radioljubuski","twitter_site":"@radioljubuski","twitter_misc":{"Napisao\/la":"Radio Ljubu\u0161ki","Procijenjeno vrijeme \u010ditanja":"4 minute"},"schema":{"@context":"https:\/\/schema.org","@graph":[{"@type":"Article","@id":"https:\/\/radioljubuski.ba\/index.php\/2022\/01\/05\/kasumovic-u-sipa-i-su-mi-rekli-mi-nemamo-nista-s-tim-to-je-vas-medubosnjacki-obracun\/#article","isPartOf":{"@id":"https:\/\/radioljubuski.ba\/index.php\/2022\/01\/05\/kasumovic-u-sipa-i-su-mi-rekli-mi-nemamo-nista-s-tim-to-je-vas-medubosnjacki-obracun\/"},"author":{"name":"Radio Ljubu\u0161ki","@id":"https:\/\/radioljubuski.ba\/#\/schema\/person\/19fc700381a780f69665d7956c469e3b"},"headline":"Kasumovi\u0107: U SIPA-i su mi rekli mi nemamo ni\u0161ta s tim to je va\u0161 me\u0111ubo\u0161nja\u010dki obra\u010dun","datePublished":"2022-01-04T23:44:30+00:00","mainEntityOfPage":{"@id":"https:\/\/radioljubuski.ba\/index.php\/2022\/01\/05\/kasumovic-u-sipa-i-su-mi-rekli-mi-nemamo-nista-s-tim-to-je-vas-medubosnjacki-obracun\/"},"wordCount":814,"publisher":{"@id":"https:\/\/radioljubuski.ba\/#organization"},"image":{"@id":"https:\/\/radioljubuski.ba\/index.php\/2022\/01\/05\/kasumovic-u-sipa-i-su-mi-rekli-mi-nemamo-nista-s-tim-to-je-vas-medubosnjacki-obracun\/#primaryimage"},"thumbnailUrl":"https:\/\/radioljubuski.ba\/wp-content\/uploads\/2022\/01\/kasumovic-1068x632-1.png","articleSection":["BIH i regija"],"inLanguage":"hr"},{"@type":"WebPage","@id":"https:\/\/radioljubuski.ba\/index.php\/2022\/01\/05\/kasumovic-u-sipa-i-su-mi-rekli-mi-nemamo-nista-s-tim-to-je-vas-medubosnjacki-obracun\/","url":"https:\/\/radioljubuski.ba\/index.php\/2022\/01\/05\/kasumovic-u-sipa-i-su-mi-rekli-mi-nemamo-nista-s-tim-to-je-vas-medubosnjacki-obracun\/","name":"Kasumovi\u0107: U SIPA-i su mi rekli mi nemamo ni\u0161ta s tim to je va\u0161 me\u0111ubo\u0161nja\u010dki obra\u010dun - RADIO LJUBU\u0160KI","isPartOf":{"@id":"https:\/\/radioljubuski.ba\/#website"},"primaryImageOfPage":{"@id":"https:\/\/radioljubuski.ba\/index.php\/2022\/01\/05\/kasumovic-u-sipa-i-su-mi-rekli-mi-nemamo-nista-s-tim-to-je-vas-medubosnjacki-obracun\/#primaryimage"},"image":{"@id":"https:\/\/radioljubuski.ba\/index.php\/2022\/01\/05\/kasumovic-u-sipa-i-su-mi-rekli-mi-nemamo-nista-s-tim-to-je-vas-medubosnjacki-obracun\/#primaryimage"},"thumbnailUrl":"https:\/\/radioljubuski.ba\/wp-content\/uploads\/2022\/01\/kasumovic-1068x632-1.png","datePublished":"2022-01-04T23:44:30+00:00","breadcrumb":{"@id":"https:\/\/radioljubuski.ba\/index.php\/2022\/01\/05\/kasumovic-u-sipa-i-su-mi-rekli-mi-nemamo-nista-s-tim-to-je-vas-medubosnjacki-obracun\/#breadcrumb"},"inLanguage":"hr","potentialAction":[{"@type":"ReadAction","target":["https:\/\/radioljubuski.ba\/index.php\/2022\/01\/05\/kasumovic-u-sipa-i-su-mi-rekli-mi-nemamo-nista-s-tim-to-je-vas-medubosnjacki-obracun\/"]}]},{"@type":"ImageObject","inLanguage":"hr","@id":"https:\/\/radioljubuski.ba\/index.php\/2022\/01\/05\/kasumovic-u-sipa-i-su-mi-rekli-mi-nemamo-nista-s-tim-to-je-vas-medubosnjacki-obracun\/#primaryimage","url":"https:\/\/radioljubuski.ba\/wp-content\/uploads\/2022\/01\/kasumovic-1068x632-1.png","contentUrl":"https:\/\/radioljubuski.ba\/wp-content\/uploads\/2022\/01\/kasumovic-1068x632-1.png","width":1068,"height":632},{"@type":"BreadcrumbList","@id":"https:\/\/radioljubuski.ba\/index.php\/2022\/01\/05\/kasumovic-u-sipa-i-su-mi-rekli-mi-nemamo-nista-s-tim-to-je-vas-medubosnjacki-obracun\/#breadcrumb","itemListElement":[{"@type":"ListItem","position":1,"name":"Po\u010detna stranica","item":"https:\/\/radioljubuski.ba\/"},{"@type":"ListItem","position":2,"name":"Kasumovi\u0107: U SIPA-i su mi rekli mi nemamo ni\u0161ta s tim to je va\u0161 me\u0111ubo\u0161nja\u010dki obra\u010dun"}]},{"@type":"WebSite","@id":"https:\/\/radioljubuski.ba\/#website","url":"https:\/\/radioljubuski.ba\/","name":"Radio Ljubu\u0161ki","description":"Sun\u010dana frekvencija Hercegovine","publisher":{"@id":"https:\/\/radioljubuski.ba\/#organization"},"potentialAction":[{"@type":"SearchAction","target":{"@type":"EntryPoint","urlTemplate":"https:\/\/radioljubuski.ba\/?s={search_term_string}"},"query-input":{"@type":"PropertyValueSpecification","valueRequired":true,"valueName":"search_term_string"}}],"inLanguage":"hr"},{"@type":"Organization","@id":"https:\/\/radioljubuski.ba\/#organization","name":"Radio Ljubu\u0161ki","url":"https:\/\/radioljubuski.ba\/","logo":{"@type":"ImageObject","inLanguage":"hr","@id":"https:\/\/radioljubuski.ba\/#\/schema\/logo\/image\/","url":"https:\/\/radioljubuski.ba\/wp-content\/uploads\/2021\/02\/cropped-Radio_Ljubuski_logo1.jpg","contentUrl":"https:\/\/radioljubuski.ba\/wp-content\/uploads\/2021\/02\/cropped-Radio_Ljubuski_logo1.jpg","width":512,"height":512,"caption":"Radio Ljubu\u0161ki"},"image":{"@id":"https:\/\/radioljubuski.ba\/#\/schema\/logo\/image\/"},"sameAs":["https:\/\/www.facebook.com\/Radiio-Ljubuski-1490835324566332","https:\/\/x.com\/radioljubuski","https:\/\/hr.linkedin.com\/company\/radio-ljubuski","https:\/\/www.youtube.com\/channel\/UCHYaeO_n0Db3tjNGudGpXyw"]},{"@type":"Person","@id":"https:\/\/radioljubuski.ba\/#\/schema\/person\/19fc700381a780f69665d7956c469e3b","name":"Radio Ljubu\u0161ki"}]}},"_links":{"self":[{"href":"https:\/\/radioljubuski.ba\/index.php\/wp-json\/wp\/v2\/posts\/104766","targetHints":{"allow":["GET"]}}],"collection":[{"href":"https:\/\/radioljubuski.ba\/index.php\/wp-json\/wp\/v2\/posts"}],"about":[{"href":"https:\/\/radioljubuski.ba\/index.php\/wp-json\/wp\/v2\/types\/post"}],"author":[{"embeddable":true,"href":"https:\/\/radioljubuski.ba\/index.php\/wp-json\/wp\/v2\/users\/2"}],"replies":[{"embeddable":true,"href":"https:\/\/radioljubuski.ba\/index.php\/wp-json\/wp\/v2\/comments?post=104766"}],"version-history":[{"count":1,"href":"https:\/\/radioljubuski.ba\/index.php\/wp-json\/wp\/v2\/posts\/104766\/revisions"}],"predecessor-version":[{"id":104768,"href":"https:\/\/radioljubuski.ba\/index.php\/wp-json\/wp\/v2\/posts\/104766\/revisions\/104768"}],"wp:featuredmedia":[{"embeddable":true,"href":"https:\/\/radioljubuski.ba\/index.php\/wp-json\/wp\/v2\/media\/104767"}],"wp:attachment":[{"href":"https:\/\/radioljubuski.ba\/index.php\/wp-json\/wp\/v2\/media?parent=104766"}],"wp:term":[{"taxonomy":"category","embeddable":true,"href":"https:\/\/radioljubuski.ba\/index.php\/wp-json\/wp\/v2\/categories?post=104766"},{"taxonomy":"post_tag","embeddable":true,"href":"https:\/\/radioljubuski.ba\/index.php\/wp-json\/wp\/v2\/tags?post=104766"}],"curies":[{"name":"wp","href":"https:\/\/api.w.org\/{rel}","templated":true}]}}