{"id":104787,"date":"2022-01-05T09:19:18","date_gmt":"2022-01-05T08:19:18","guid":{"rendered":"https:\/\/radioljubuski.ba\/?p=104787"},"modified":"2022-01-05T09:19:19","modified_gmt":"2022-01-05T08:19:19","slug":"pirotehnika-najveca-opasnost-u-doba-slavlja-djecaku-raketa-otkinula-prste","status":"publish","type":"post","link":"https:\/\/radioljubuski.ba\/index.php\/2022\/01\/05\/pirotehnika-najveca-opasnost-u-doba-slavlja-djecaku-raketa-otkinula-prste\/","title":{"rendered":"Pirotehnika najve\u0107a opasnost u doba slavlja: Dje\u010daku raketa otkinula prste"},"content":{"rendered":"\n<p>Da su vatrometi i petarde, koji su postali nezaobilazan dio slavlja, veoma opasna zabava koja usljed nestru\u010dnog rukovanja mo\u017ee dovesti do trajnih posljedica, svjedo\u010di slu\u010daj iz Doboja, gdje je trinaestogodi\u0161njak tijekom ispaljivanja rakete ostao bez dva prsta.<\/p>\n\n\n\n<p>Povrije\u0111eni dje\u010dak je u novogodi\u0161njoj no\u0107i ispaljivao pirotehni\u010dka sredstva ispred obiteljske ku\u0107e.<\/p>\n\n\n\n<p>-Dje\u010dak je zajedno sa ocem ispaljivao rakete, da bi u jednom trenutku rakete koje je dr\u017eao u rukama eksplodirale &#8211; ispri\u010dao je izvor \u201cGlasa Srpske\u201d.<\/p>\n\n\n\n<p>Povodom ovog slu\u010daja oglasili su se i iz Policijske uprave Doboj, gdje su ne iznose\u0107i detalje potvrdili da je povrije\u0111eni maloljetnik iz Doboja nakon incidenta i povrede u predjelu lijeve \u0161ake prevezen u Op\u0107u bolnicu \u201cSveti apostol Luka\u201d u ovom gradu.<\/p>\n\n\n\n<p>-Utvr\u0111eno je da je maloljetnik zajedno sa \u010dlanom porodice ispaljivao pirotehni\u010dka sredstva, tzv. rakete, da bi u jednom trenutku rakete eksplodirale u ruci usljed \u010dega su maloljetniku amputirani \u010detvrti i peti prst, dok je na tre\u0107em prstu nastupila fraktura &#8211; potvrdili su u PU Doboj dodaju\u0107i da je o svemu informiran i de\u017eurni tu\u017eitelj Okru\u017enog javnog tu\u017eiteljstva Doboj.<\/p>\n\n\n\n<p>U Op\u0107oj bolnici \u201cSveti apostol Luka\u201d potvrdili su da je dje\u010dak, nakon \u0161to je zbrinut, pu\u0161ten na ku\u0107no lije\u010denje.<\/p>\n\n\n\n<p>Posla zbog pirotehnike imali su i medicinari u Domu zdravlja u Banja Luci, kada se prvog dana ove godine u Slu\u017ebu hitne medicinske pomo\u0107i javila jedna osoba sa povredom desne \u0161ake.<\/p>\n\n\n\n<p>-Osoba starosti oko 30 godina zadobila je povrede desne \u0161ake usljed upotrebe pirotehni\u010dkih sredstava. Pacijent je nakon povrede oti\u0161ao u UKC Republike Srpske, gdje je zbrinut, a u Slu\u017ebu hitne medicinske pomo\u0107i se javilo poslije radi antitetanus za\u0161tite &#8211; kazali su u banjalu\u010dkom Domu zdravlja.<\/p>\n\n\n\n<p>Izvor:glas srpske<\/p>\n","protected":false},"excerpt":{"rendered":"<p>Da su vatrometi i petarde, koji su postali nezaobilazan dio slavlja, veoma opasna zabava koja usljed nestru\u010dnog rukovanja mo\u017ee dovesti do trajnih posljedica, svjedo\u010di slu\u010daj iz Doboja, gdje je trinaestogodi\u0161njak tijekom ispaljivanja rakete ostao bez dva prsta. Povrije\u0111eni dje\u010dak je u novogodi\u0161njoj no\u0107i ispaljivao pirotehni\u010dka sredstva ispred obiteljske ku\u0107e. -Dje\u010dak je zajedno sa ocem ispaljivao [&hellip;]<\/p>\n","protected":false},"author":2,"featured_media":104788,"comment_status":"closed","ping_status":"closed","sticky":false,"template":"","format":"standard","meta":{"h5ap_radio_sources":[],"footnotes":""},"categories":[1],"tags":[],"class_list":["post-104787","post","type-post","status-publish","format-standard","has-post-thumbnail","hentry","category-bihiregija"],"yoast_head":"<!-- This site is optimized with the Yoast SEO plugin v27.4 - https:\/\/yoast.com\/product\/yoast-seo-wordpress\/ -->\n<title>Pirotehnika najve\u0107a opasnost u doba slavlja: Dje\u010daku raketa otkinula prste - RADIO LJUBU\u0160KI<\/title>\n<meta name=\"robots\" content=\"index, follow, max-snippet:-1, max-image-preview:large, max-video-preview:-1\" \/>\n<link rel=\"canonical\" href=\"https:\/\/radioljubuski.ba\/index.php\/2022\/01\/05\/pirotehnika-najveca-opasnost-u-doba-slavlja-djecaku-raketa-otkinula-prste\/\" \/>\n<meta property=\"og:locale\" content=\"hr_HR\" \/>\n<meta property=\"og:type\" content=\"article\" \/>\n<meta property=\"og:title\" content=\"Pirotehnika najve\u0107a opasnost u doba slavlja: Dje\u010daku raketa otkinula prste - RADIO LJUBU\u0160KI\" \/>\n<meta property=\"og:description\" content=\"Da su vatrometi i petarde, koji su postali nezaobilazan dio slavlja, veoma opasna zabava koja usljed nestru\u010dnog rukovanja mo\u017ee dovesti do trajnih posljedica, svjedo\u010di slu\u010daj iz Doboja, gdje je trinaestogodi\u0161njak tijekom ispaljivanja rakete ostao bez dva prsta. Povrije\u0111eni dje\u010dak je u novogodi\u0161njoj no\u0107i ispaljivao pirotehni\u010dka sredstva ispred obiteljske ku\u0107e. -Dje\u010dak je zajedno sa ocem ispaljivao [&hellip;]\" \/>\n<meta property=\"og:url\" content=\"https:\/\/radioljubuski.ba\/index.php\/2022\/01\/05\/pirotehnika-najveca-opasnost-u-doba-slavlja-djecaku-raketa-otkinula-prste\/\" \/>\n<meta property=\"og:site_name\" content=\"RADIO LJUBU\u0160KI\" \/>\n<meta property=\"article:publisher\" content=\"https:\/\/www.facebook.com\/Radiio-Ljubuski-1490835324566332\" \/>\n<meta property=\"article:published_time\" content=\"2022-01-05T08:19:18+00:00\" \/>\n<meta property=\"article:modified_time\" content=\"2022-01-05T08:19:19+00:00\" \/>\n<meta property=\"og:image\" content=\"https:\/\/radioljubuski.ba\/wp-content\/uploads\/2022\/01\/2T06QVKv_Policija_upozorava_Koristite_pirotehniku_u_skladu_sa_zakonom_ne_bacajte_petarde_na_zivotinje_ca_large-1.jpg\" \/>\n\t<meta property=\"og:image:width\" content=\"1000\" \/>\n\t<meta property=\"og:image:height\" content=\"625\" \/>\n\t<meta property=\"og:image:type\" content=\"image\/jpeg\" \/>\n<meta name=\"author\" content=\"Radio Ljubu\u0161ki\" \/>\n<meta name=\"twitter:card\" content=\"summary_large_image\" \/>\n<meta name=\"twitter:creator\" content=\"@radioljubuski\" \/>\n<meta name=\"twitter:site\" content=\"@radioljubuski\" \/>\n<meta name=\"twitter:label1\" content=\"Napisao\/la\" \/>\n\t<meta name=\"twitter:data1\" content=\"Radio Ljubu\u0161ki\" \/>\n\t<meta name=\"twitter:label2\" content=\"Procijenjeno vrijeme \u010ditanja\" \/>\n\t<meta name=\"twitter:data2\" content=\"2 minute\" \/>\n<script type=\"application\/ld+json\" class=\"yoast-schema-graph\">{\"@context\":\"https:\\\/\\\/schema.org\",\"@graph\":[{\"@type\":\"Article\",\"@id\":\"https:\\\/\\\/radioljubuski.ba\\\/index.php\\\/2022\\\/01\\\/05\\\/pirotehnika-najveca-opasnost-u-doba-slavlja-djecaku-raketa-otkinula-prste\\\/#article\",\"isPartOf\":{\"@id\":\"https:\\\/\\\/radioljubuski.ba\\\/index.php\\\/2022\\\/01\\\/05\\\/pirotehnika-najveca-opasnost-u-doba-slavlja-djecaku-raketa-otkinula-prste\\\/\"},\"author\":{\"name\":\"Radio Ljubu\u0161ki\",\"@id\":\"https:\\\/\\\/radioljubuski.ba\\\/#\\\/schema\\\/person\\\/19fc700381a780f69665d7956c469e3b\"},\"headline\":\"Pirotehnika najve\u0107a opasnost u doba slavlja: Dje\u010daku raketa otkinula prste\",\"datePublished\":\"2022-01-05T08:19:18+00:00\",\"dateModified\":\"2022-01-05T08:19:19+00:00\",\"mainEntityOfPage\":{\"@id\":\"https:\\\/\\\/radioljubuski.ba\\\/index.php\\\/2022\\\/01\\\/05\\\/pirotehnika-najveca-opasnost-u-doba-slavlja-djecaku-raketa-otkinula-prste\\\/\"},\"wordCount\":321,\"publisher\":{\"@id\":\"https:\\\/\\\/radioljubuski.ba\\\/#organization\"},\"image\":{\"@id\":\"https:\\\/\\\/radioljubuski.ba\\\/index.php\\\/2022\\\/01\\\/05\\\/pirotehnika-najveca-opasnost-u-doba-slavlja-djecaku-raketa-otkinula-prste\\\/#primaryimage\"},\"thumbnailUrl\":\"https:\\\/\\\/radioljubuski.ba\\\/wp-content\\\/uploads\\\/2022\\\/01\\\/2T06QVKv_Policija_upozorava_Koristite_pirotehniku_u_skladu_sa_zakonom_ne_bacajte_petarde_na_zivotinje_ca_large-1.jpg\",\"articleSection\":[\"BIH i regija\"],\"inLanguage\":\"hr\"},{\"@type\":\"WebPage\",\"@id\":\"https:\\\/\\\/radioljubuski.ba\\\/index.php\\\/2022\\\/01\\\/05\\\/pirotehnika-najveca-opasnost-u-doba-slavlja-djecaku-raketa-otkinula-prste\\\/\",\"url\":\"https:\\\/\\\/radioljubuski.ba\\\/index.php\\\/2022\\\/01\\\/05\\\/pirotehnika-najveca-opasnost-u-doba-slavlja-djecaku-raketa-otkinula-prste\\\/\",\"name\":\"Pirotehnika najve\u0107a opasnost u doba slavlja: Dje\u010daku raketa otkinula prste - RADIO LJUBU\u0160KI\",\"isPartOf\":{\"@id\":\"https:\\\/\\\/radioljubuski.ba\\\/#website\"},\"primaryImageOfPage\":{\"@id\":\"https:\\\/\\\/radioljubuski.ba\\\/index.php\\\/2022\\\/01\\\/05\\\/pirotehnika-najveca-opasnost-u-doba-slavlja-djecaku-raketa-otkinula-prste\\\/#primaryimage\"},\"image\":{\"@id\":\"https:\\\/\\\/radioljubuski.ba\\\/index.php\\\/2022\\\/01\\\/05\\\/pirotehnika-najveca-opasnost-u-doba-slavlja-djecaku-raketa-otkinula-prste\\\/#primaryimage\"},\"thumbnailUrl\":\"https:\\\/\\\/radioljubuski.ba\\\/wp-content\\\/uploads\\\/2022\\\/01\\\/2T06QVKv_Policija_upozorava_Koristite_pirotehniku_u_skladu_sa_zakonom_ne_bacajte_petarde_na_zivotinje_ca_large-1.jpg\",\"datePublished\":\"2022-01-05T08:19:18+00:00\",\"dateModified\":\"2022-01-05T08:19:19+00:00\",\"breadcrumb\":{\"@id\":\"https:\\\/\\\/radioljubuski.ba\\\/index.php\\\/2022\\\/01\\\/05\\\/pirotehnika-najveca-opasnost-u-doba-slavlja-djecaku-raketa-otkinula-prste\\\/#breadcrumb\"},\"inLanguage\":\"hr\",\"potentialAction\":[{\"@type\":\"ReadAction\",\"target\":[\"https:\\\/\\\/radioljubuski.ba\\\/index.php\\\/2022\\\/01\\\/05\\\/pirotehnika-najveca-opasnost-u-doba-slavlja-djecaku-raketa-otkinula-prste\\\/\"]}]},{\"@type\":\"ImageObject\",\"inLanguage\":\"hr\",\"@id\":\"https:\\\/\\\/radioljubuski.ba\\\/index.php\\\/2022\\\/01\\\/05\\\/pirotehnika-najveca-opasnost-u-doba-slavlja-djecaku-raketa-otkinula-prste\\\/#primaryimage\",\"url\":\"https:\\\/\\\/radioljubuski.ba\\\/wp-content\\\/uploads\\\/2022\\\/01\\\/2T06QVKv_Policija_upozorava_Koristite_pirotehniku_u_skladu_sa_zakonom_ne_bacajte_petarde_na_zivotinje_ca_large-1.jpg\",\"contentUrl\":\"https:\\\/\\\/radioljubuski.ba\\\/wp-content\\\/uploads\\\/2022\\\/01\\\/2T06QVKv_Policija_upozorava_Koristite_pirotehniku_u_skladu_sa_zakonom_ne_bacajte_petarde_na_zivotinje_ca_large-1.jpg\",\"width\":1000,\"height\":625},{\"@type\":\"BreadcrumbList\",\"@id\":\"https:\\\/\\\/radioljubuski.ba\\\/index.php\\\/2022\\\/01\\\/05\\\/pirotehnika-najveca-opasnost-u-doba-slavlja-djecaku-raketa-otkinula-prste\\\/#breadcrumb\",\"itemListElement\":[{\"@type\":\"ListItem\",\"position\":1,\"name\":\"Po\u010detna stranica\",\"item\":\"https:\\\/\\\/radioljubuski.ba\\\/\"},{\"@type\":\"ListItem\",\"position\":2,\"name\":\"Pirotehnika najve\u0107a opasnost u doba slavlja: Dje\u010daku raketa otkinula prste\"}]},{\"@type\":\"WebSite\",\"@id\":\"https:\\\/\\\/radioljubuski.ba\\\/#website\",\"url\":\"https:\\\/\\\/radioljubuski.ba\\\/\",\"name\":\"Radio Ljubu\u0161ki\",\"description\":\"Sun\u010dana frekvencija Hercegovine\",\"publisher\":{\"@id\":\"https:\\\/\\\/radioljubuski.ba\\\/#organization\"},\"potentialAction\":[{\"@type\":\"SearchAction\",\"target\":{\"@type\":\"EntryPoint\",\"urlTemplate\":\"https:\\\/\\\/radioljubuski.ba\\\/?s={search_term_string}\"},\"query-input\":{\"@type\":\"PropertyValueSpecification\",\"valueRequired\":true,\"valueName\":\"search_term_string\"}}],\"inLanguage\":\"hr\"},{\"@type\":\"Organization\",\"@id\":\"https:\\\/\\\/radioljubuski.ba\\\/#organization\",\"name\":\"Radio Ljubu\u0161ki\",\"url\":\"https:\\\/\\\/radioljubuski.ba\\\/\",\"logo\":{\"@type\":\"ImageObject\",\"inLanguage\":\"hr\",\"@id\":\"https:\\\/\\\/radioljubuski.ba\\\/#\\\/schema\\\/logo\\\/image\\\/\",\"url\":\"https:\\\/\\\/radioljubuski.ba\\\/wp-content\\\/uploads\\\/2021\\\/02\\\/cropped-Radio_Ljubuski_logo1.jpg\",\"contentUrl\":\"https:\\\/\\\/radioljubuski.ba\\\/wp-content\\\/uploads\\\/2021\\\/02\\\/cropped-Radio_Ljubuski_logo1.jpg\",\"width\":512,\"height\":512,\"caption\":\"Radio Ljubu\u0161ki\"},\"image\":{\"@id\":\"https:\\\/\\\/radioljubuski.ba\\\/#\\\/schema\\\/logo\\\/image\\\/\"},\"sameAs\":[\"https:\\\/\\\/www.facebook.com\\\/Radiio-Ljubuski-1490835324566332\",\"https:\\\/\\\/x.com\\\/radioljubuski\",\"https:\\\/\\\/hr.linkedin.com\\\/company\\\/radio-ljubuski\",\"https:\\\/\\\/www.youtube.com\\\/channel\\\/UCHYaeO_n0Db3tjNGudGpXyw\"]},{\"@type\":\"Person\",\"@id\":\"https:\\\/\\\/radioljubuski.ba\\\/#\\\/schema\\\/person\\\/19fc700381a780f69665d7956c469e3b\",\"name\":\"Radio Ljubu\u0161ki\"}]}<\/script>\n<!-- \/ Yoast SEO plugin. -->","yoast_head_json":{"title":"Pirotehnika najve\u0107a opasnost u doba slavlja: Dje\u010daku raketa otkinula prste - RADIO LJUBU\u0160KI","robots":{"index":"index","follow":"follow","max-snippet":"max-snippet:-1","max-image-preview":"max-image-preview:large","max-video-preview":"max-video-preview:-1"},"canonical":"https:\/\/radioljubuski.ba\/index.php\/2022\/01\/05\/pirotehnika-najveca-opasnost-u-doba-slavlja-djecaku-raketa-otkinula-prste\/","og_locale":"hr_HR","og_type":"article","og_title":"Pirotehnika najve\u0107a opasnost u doba slavlja: Dje\u010daku raketa otkinula prste - RADIO LJUBU\u0160KI","og_description":"Da su vatrometi i petarde, koji su postali nezaobilazan dio slavlja, veoma opasna zabava koja usljed nestru\u010dnog rukovanja mo\u017ee dovesti do trajnih posljedica, svjedo\u010di slu\u010daj iz Doboja, gdje je trinaestogodi\u0161njak tijekom ispaljivanja rakete ostao bez dva prsta. Povrije\u0111eni dje\u010dak je u novogodi\u0161njoj no\u0107i ispaljivao pirotehni\u010dka sredstva ispred obiteljske ku\u0107e. -Dje\u010dak je zajedno sa ocem ispaljivao [&hellip;]","og_url":"https:\/\/radioljubuski.ba\/index.php\/2022\/01\/05\/pirotehnika-najveca-opasnost-u-doba-slavlja-djecaku-raketa-otkinula-prste\/","og_site_name":"RADIO LJUBU\u0160KI","article_publisher":"https:\/\/www.facebook.com\/Radiio-Ljubuski-1490835324566332","article_published_time":"2022-01-05T08:19:18+00:00","article_modified_time":"2022-01-05T08:19:19+00:00","og_image":[{"width":1000,"height":625,"url":"https:\/\/radioljubuski.ba\/wp-content\/uploads\/2022\/01\/2T06QVKv_Policija_upozorava_Koristite_pirotehniku_u_skladu_sa_zakonom_ne_bacajte_petarde_na_zivotinje_ca_large-1.jpg","type":"image\/jpeg"}],"author":"Radio Ljubu\u0161ki","twitter_card":"summary_large_image","twitter_creator":"@radioljubuski","twitter_site":"@radioljubuski","twitter_misc":{"Napisao\/la":"Radio Ljubu\u0161ki","Procijenjeno vrijeme \u010ditanja":"2 minute"},"schema":{"@context":"https:\/\/schema.org","@graph":[{"@type":"Article","@id":"https:\/\/radioljubuski.ba\/index.php\/2022\/01\/05\/pirotehnika-najveca-opasnost-u-doba-slavlja-djecaku-raketa-otkinula-prste\/#article","isPartOf":{"@id":"https:\/\/radioljubuski.ba\/index.php\/2022\/01\/05\/pirotehnika-najveca-opasnost-u-doba-slavlja-djecaku-raketa-otkinula-prste\/"},"author":{"name":"Radio Ljubu\u0161ki","@id":"https:\/\/radioljubuski.ba\/#\/schema\/person\/19fc700381a780f69665d7956c469e3b"},"headline":"Pirotehnika najve\u0107a opasnost u doba slavlja: Dje\u010daku raketa otkinula prste","datePublished":"2022-01-05T08:19:18+00:00","dateModified":"2022-01-05T08:19:19+00:00","mainEntityOfPage":{"@id":"https:\/\/radioljubuski.ba\/index.php\/2022\/01\/05\/pirotehnika-najveca-opasnost-u-doba-slavlja-djecaku-raketa-otkinula-prste\/"},"wordCount":321,"publisher":{"@id":"https:\/\/radioljubuski.ba\/#organization"},"image":{"@id":"https:\/\/radioljubuski.ba\/index.php\/2022\/01\/05\/pirotehnika-najveca-opasnost-u-doba-slavlja-djecaku-raketa-otkinula-prste\/#primaryimage"},"thumbnailUrl":"https:\/\/radioljubuski.ba\/wp-content\/uploads\/2022\/01\/2T06QVKv_Policija_upozorava_Koristite_pirotehniku_u_skladu_sa_zakonom_ne_bacajte_petarde_na_zivotinje_ca_large-1.jpg","articleSection":["BIH i regija"],"inLanguage":"hr"},{"@type":"WebPage","@id":"https:\/\/radioljubuski.ba\/index.php\/2022\/01\/05\/pirotehnika-najveca-opasnost-u-doba-slavlja-djecaku-raketa-otkinula-prste\/","url":"https:\/\/radioljubuski.ba\/index.php\/2022\/01\/05\/pirotehnika-najveca-opasnost-u-doba-slavlja-djecaku-raketa-otkinula-prste\/","name":"Pirotehnika najve\u0107a opasnost u doba slavlja: Dje\u010daku raketa otkinula prste - RADIO LJUBU\u0160KI","isPartOf":{"@id":"https:\/\/radioljubuski.ba\/#website"},"primaryImageOfPage":{"@id":"https:\/\/radioljubuski.ba\/index.php\/2022\/01\/05\/pirotehnika-najveca-opasnost-u-doba-slavlja-djecaku-raketa-otkinula-prste\/#primaryimage"},"image":{"@id":"https:\/\/radioljubuski.ba\/index.php\/2022\/01\/05\/pirotehnika-najveca-opasnost-u-doba-slavlja-djecaku-raketa-otkinula-prste\/#primaryimage"},"thumbnailUrl":"https:\/\/radioljubuski.ba\/wp-content\/uploads\/2022\/01\/2T06QVKv_Policija_upozorava_Koristite_pirotehniku_u_skladu_sa_zakonom_ne_bacajte_petarde_na_zivotinje_ca_large-1.jpg","datePublished":"2022-01-05T08:19:18+00:00","dateModified":"2022-01-05T08:19:19+00:00","breadcrumb":{"@id":"https:\/\/radioljubuski.ba\/index.php\/2022\/01\/05\/pirotehnika-najveca-opasnost-u-doba-slavlja-djecaku-raketa-otkinula-prste\/#breadcrumb"},"inLanguage":"hr","potentialAction":[{"@type":"ReadAction","target":["https:\/\/radioljubuski.ba\/index.php\/2022\/01\/05\/pirotehnika-najveca-opasnost-u-doba-slavlja-djecaku-raketa-otkinula-prste\/"]}]},{"@type":"ImageObject","inLanguage":"hr","@id":"https:\/\/radioljubuski.ba\/index.php\/2022\/01\/05\/pirotehnika-najveca-opasnost-u-doba-slavlja-djecaku-raketa-otkinula-prste\/#primaryimage","url":"https:\/\/radioljubuski.ba\/wp-content\/uploads\/2022\/01\/2T06QVKv_Policija_upozorava_Koristite_pirotehniku_u_skladu_sa_zakonom_ne_bacajte_petarde_na_zivotinje_ca_large-1.jpg","contentUrl":"https:\/\/radioljubuski.ba\/wp-content\/uploads\/2022\/01\/2T06QVKv_Policija_upozorava_Koristite_pirotehniku_u_skladu_sa_zakonom_ne_bacajte_petarde_na_zivotinje_ca_large-1.jpg","width":1000,"height":625},{"@type":"BreadcrumbList","@id":"https:\/\/radioljubuski.ba\/index.php\/2022\/01\/05\/pirotehnika-najveca-opasnost-u-doba-slavlja-djecaku-raketa-otkinula-prste\/#breadcrumb","itemListElement":[{"@type":"ListItem","position":1,"name":"Po\u010detna stranica","item":"https:\/\/radioljubuski.ba\/"},{"@type":"ListItem","position":2,"name":"Pirotehnika najve\u0107a opasnost u doba slavlja: Dje\u010daku raketa otkinula prste"}]},{"@type":"WebSite","@id":"https:\/\/radioljubuski.ba\/#website","url":"https:\/\/radioljubuski.ba\/","name":"Radio Ljubu\u0161ki","description":"Sun\u010dana frekvencija Hercegovine","publisher":{"@id":"https:\/\/radioljubuski.ba\/#organization"},"potentialAction":[{"@type":"SearchAction","target":{"@type":"EntryPoint","urlTemplate":"https:\/\/radioljubuski.ba\/?s={search_term_string}"},"query-input":{"@type":"PropertyValueSpecification","valueRequired":true,"valueName":"search_term_string"}}],"inLanguage":"hr"},{"@type":"Organization","@id":"https:\/\/radioljubuski.ba\/#organization","name":"Radio Ljubu\u0161ki","url":"https:\/\/radioljubuski.ba\/","logo":{"@type":"ImageObject","inLanguage":"hr","@id":"https:\/\/radioljubuski.ba\/#\/schema\/logo\/image\/","url":"https:\/\/radioljubuski.ba\/wp-content\/uploads\/2021\/02\/cropped-Radio_Ljubuski_logo1.jpg","contentUrl":"https:\/\/radioljubuski.ba\/wp-content\/uploads\/2021\/02\/cropped-Radio_Ljubuski_logo1.jpg","width":512,"height":512,"caption":"Radio Ljubu\u0161ki"},"image":{"@id":"https:\/\/radioljubuski.ba\/#\/schema\/logo\/image\/"},"sameAs":["https:\/\/www.facebook.com\/Radiio-Ljubuski-1490835324566332","https:\/\/x.com\/radioljubuski","https:\/\/hr.linkedin.com\/company\/radio-ljubuski","https:\/\/www.youtube.com\/channel\/UCHYaeO_n0Db3tjNGudGpXyw"]},{"@type":"Person","@id":"https:\/\/radioljubuski.ba\/#\/schema\/person\/19fc700381a780f69665d7956c469e3b","name":"Radio Ljubu\u0161ki"}]}},"_links":{"self":[{"href":"https:\/\/radioljubuski.ba\/index.php\/wp-json\/wp\/v2\/posts\/104787","targetHints":{"allow":["GET"]}}],"collection":[{"href":"https:\/\/radioljubuski.ba\/index.php\/wp-json\/wp\/v2\/posts"}],"about":[{"href":"https:\/\/radioljubuski.ba\/index.php\/wp-json\/wp\/v2\/types\/post"}],"author":[{"embeddable":true,"href":"https:\/\/radioljubuski.ba\/index.php\/wp-json\/wp\/v2\/users\/2"}],"replies":[{"embeddable":true,"href":"https:\/\/radioljubuski.ba\/index.php\/wp-json\/wp\/v2\/comments?post=104787"}],"version-history":[{"count":1,"href":"https:\/\/radioljubuski.ba\/index.php\/wp-json\/wp\/v2\/posts\/104787\/revisions"}],"predecessor-version":[{"id":104789,"href":"https:\/\/radioljubuski.ba\/index.php\/wp-json\/wp\/v2\/posts\/104787\/revisions\/104789"}],"wp:featuredmedia":[{"embeddable":true,"href":"https:\/\/radioljubuski.ba\/index.php\/wp-json\/wp\/v2\/media\/104788"}],"wp:attachment":[{"href":"https:\/\/radioljubuski.ba\/index.php\/wp-json\/wp\/v2\/media?parent=104787"}],"wp:term":[{"taxonomy":"category","embeddable":true,"href":"https:\/\/radioljubuski.ba\/index.php\/wp-json\/wp\/v2\/categories?post=104787"},{"taxonomy":"post_tag","embeddable":true,"href":"https:\/\/radioljubuski.ba\/index.php\/wp-json\/wp\/v2\/tags?post=104787"}],"curies":[{"name":"wp","href":"https:\/\/api.w.org\/{rel}","templated":true}]}}