{"id":104795,"date":"2022-01-05T09:23:35","date_gmt":"2022-01-05T08:23:35","guid":{"rendered":"https:\/\/radioljubuski.ba\/?p=104795"},"modified":"2022-01-05T09:23:36","modified_gmt":"2022-01-05T08:23:36","slug":"ez-tvrdi-odgodena-gradnja-novog-plinovoda-s-hrvatskom","status":"publish","type":"post","link":"https:\/\/radioljubuski.ba\/index.php\/2022\/01\/05\/ez-tvrdi-odgodena-gradnja-novog-plinovoda-s-hrvatskom\/","title":{"rendered":"EZ tvrdi: Odgo\u0111ena gradnja novog plinovoda s Hrvatskom"},"content":{"rendered":"\n<p>U posljednjem izvje\u0161\u0107u Glavnog tajni\u0161tva Energetske zajednice (EZ) navodi se kako \u0107e biti odgo\u0111en po\u010detak radova izgradnje plinovoda izme\u0111u Bosne i Hercegovine i Republike Hrvatske, \u0161to predstavlja iznena\u0111enje s obzirom na tvrdnje i poteze vlasti u Federaciji BiH. Naime, u izvje\u0161\u0107u predstavljenom po\u010detkom studenoga pro\u0161le godine navedeno je kako je Ju\u017ena plinska interkonekcija &#8220;odgo\u0111ena&#8221;. Tako Energetska zajednica, koja predstavlja svojevrsni pravni regulator koji radi na povezivanju unutarnjeg energetskog tr\u017ei\u0161ta EU-a i jugoisto\u010dne Europe, isti\u010de kako \u0107e opskrba plinom preko ovoga plinovoda koji predstavlja novi pravac opskrbe za BiH po\u010deti tek 2026. godine. Treba re\u0107i kako je biv\u0161a uprava BH-Gasa, predvo\u0111ena Jasminom Salki\u0107em, isticala upravo da \u0107e radovi izgradnje plinovoda zapo\u010deti ove godine te da \u0107e biti okon\u010dani krajem 2024. godine, pi\u0161e Ve\u010dernji list BiH.<\/p>\n\n\n\n<p>Odvojak za Mostar<\/p>\n\n\n\n<p>&nbsp;No, nakon njegove ostavke\/smjene stvari su se bitno zakomplicirale, ponajprije zbog odluke Energoinvesta o raskidu ugovora o opskrbi plinom koji je trebao biti na snazi do 2023. godine preko Ma\u0111arske te izravnim dogovorom s ruskim Gazpromom preko tzv. Turskog toka, a \u0161to ima izravan utjecaj i na projekt Ju\u017ene plinske interkonekcije. Naime, planirano je da se kreditima iz europskih bankarskih institucija te uz potporu Europske komisije gradi ovaj plinovod, dok bi otplata i\u0161la iz sredstava koja ostvari BH-Gas. No, s obzirom na \u010dinjenicu da je cijena plina u me\u0111uvremenu sko\u010dila, da su vlasti Federacije BiH potpisale \u0161tetan ugovor s Gazpromom o prijelazu na Turski tok, kao i to da sada ma\u0111arski operator plina tu\u017ei Federaciju BiH za vi\u0161e od 40 milijuna maraka, stvari \u0107e se, po svemu, dodatno zakomplicirati. \u010cak i unato\u010d \u010dinjenici da se, nakon vi\u0161emjese\u010dnog dr\u017eanja u ladici Ministarstva energetike, industrije i rudarstva, Zakon o ju\u017enoj plinskoj interkonekciji ipak na\u0161ao na dnevnome redu te neposredno prije Nove godine dobio prolaz u federalnom Parlamentu, ovaj projekt predstavljan je kao klju\u010dni za odr\u017eavanje sigurnosti opskrbe prirodnim plinom na podru\u010dju cijele FBiH, kao i za diverzifikaciju izvora i pravaca opskrbe prirodnim plinom. Iz Vlade Federacije BiH naveli su kako razlog za realizaciju ovog projekta nije samo \u010dinjenica da je Federacija BiH ovisna o samo jednom izvoru i pravcu opskrbe ve\u0107 i to \u0161to postoje\u0107i plinovod izgra\u0111en 1979. godine karakteriziraju zastarjelost i velika optere\u0107enost tijekom zimskih razdoblja, kada je potro\u0161nja plina najve\u0107a. Zakonom se ure\u0111uju pitanja od zna\u010daja za realizaciju projekta izgradnje plinovoda na pravcu Zagvozd u Hrvatskoj do Posu\u0161ja na jugozapadu BiH i dalje prema Tomislavgradu, Kupresu, Bugojnu te Novom Travniku i Travniku, odnosno s posebnim odvojkom za Mostar. No, kada zakon i bude usvojen u federalnom Parlamentu, jer ga sada treba prihvatiti i Dom naroda, slijedi najva\u017eniji korak. Naime, BH-Gas i Plinacro trebaju potpisati sporazum kojim bi se ispunili svi formalni uvjeti za po\u010detak izgradnje ovog projekta od kapitalnoga zna\u010daja za Federaciju BiH.<\/p>\n\n\n\n<p>Arbitra\u017ea 21 mil. $<\/p>\n\n\n\n<p>Nije poznato kakav \u0107e biti ishod arbitra\u017enoga postupka ma\u0111arskoga operatora FGSZ s Energoinvestom, niti koliko \u0107e trajati, no sada je posve jasno kako su vlasti u Federaciji BiH bez ikakvog logi\u010dnog razloga ove godine s ma\u0111arskog pre\u0161le na Turski tok. Zbog promjene te rute Uprava kompanije BH-Gas podnijela je po\u010detkom travnja kaznene prijave Federalnoj upravi policije (FUP) protiv odgovornih u kompaniji Energoinvest. Zbog prekida ugovora s ma\u0111arskim plinskim operatorom FGSZ pokrenut je spor pred Arbitra\u017enim sudom u Z\u00fcrichu te FBiH o\u010dekuju penali od 21 milijun dolara. Ni\u0161ta od tih poteza Energoinvest nije radio bez slu\u017ebenog blagoslova iz dijela vlasti u FBiH. Na kraju se ipak Vlada ogradila od samoubila\u010dkih poteza Energoinvesta koji ugro\u017eavaju plinski sustav FBiH.<\/p>\n\n\n\n<p>Izvor:Vecernji.ba<\/p>\n","protected":false},"excerpt":{"rendered":"<p>U posljednjem izvje\u0161\u0107u Glavnog tajni\u0161tva Energetske zajednice (EZ) navodi se kako \u0107e biti odgo\u0111en po\u010detak radova izgradnje plinovoda izme\u0111u Bosne i Hercegovine i Republike Hrvatske, \u0161to predstavlja iznena\u0111enje s obzirom na tvrdnje i poteze vlasti u Federaciji BiH. Naime, u izvje\u0161\u0107u predstavljenom po\u010detkom studenoga pro\u0161le godine navedeno je kako je Ju\u017ena plinska interkonekcija &#8220;odgo\u0111ena&#8221;. Tako [&hellip;]<\/p>\n","protected":false},"author":2,"featured_media":104796,"comment_status":"closed","ping_status":"closed","sticky":false,"template":"","format":"standard","meta":{"h5ap_radio_sources":[],"footnotes":""},"categories":[1],"tags":[],"class_list":["post-104795","post","type-post","status-publish","format-standard","has-post-thumbnail","hentry","category-bihiregija"],"yoast_head":"<!-- This site is optimized with the Yoast SEO plugin v27.4 - https:\/\/yoast.com\/product\/yoast-seo-wordpress\/ -->\n<title>EZ tvrdi: Odgo\u0111ena gradnja novog plinovoda s Hrvatskom - RADIO LJUBU\u0160KI<\/title>\n<meta name=\"robots\" content=\"index, follow, max-snippet:-1, max-image-preview:large, max-video-preview:-1\" \/>\n<link rel=\"canonical\" href=\"https:\/\/radioljubuski.ba\/index.php\/2022\/01\/05\/ez-tvrdi-odgodena-gradnja-novog-plinovoda-s-hrvatskom\/\" \/>\n<meta property=\"og:locale\" content=\"hr_HR\" \/>\n<meta property=\"og:type\" content=\"article\" \/>\n<meta property=\"og:title\" content=\"EZ tvrdi: Odgo\u0111ena gradnja novog plinovoda s Hrvatskom - RADIO LJUBU\u0160KI\" \/>\n<meta property=\"og:description\" content=\"U posljednjem izvje\u0161\u0107u Glavnog tajni\u0161tva Energetske zajednice (EZ) navodi se kako \u0107e biti odgo\u0111en po\u010detak radova izgradnje plinovoda izme\u0111u Bosne i Hercegovine i Republike Hrvatske, \u0161to predstavlja iznena\u0111enje s obzirom na tvrdnje i poteze vlasti u Federaciji BiH. Naime, u izvje\u0161\u0107u predstavljenom po\u010detkom studenoga pro\u0161le godine navedeno je kako je Ju\u017ena plinska interkonekcija &#8220;odgo\u0111ena&#8221;. Tako [&hellip;]\" \/>\n<meta property=\"og:url\" content=\"https:\/\/radioljubuski.ba\/index.php\/2022\/01\/05\/ez-tvrdi-odgodena-gradnja-novog-plinovoda-s-hrvatskom\/\" \/>\n<meta property=\"og:site_name\" content=\"RADIO LJUBU\u0160KI\" \/>\n<meta property=\"article:publisher\" content=\"https:\/\/www.facebook.com\/Radiio-Ljubuski-1490835324566332\" \/>\n<meta property=\"article:published_time\" content=\"2022-01-05T08:23:35+00:00\" \/>\n<meta property=\"article:modified_time\" content=\"2022-01-05T08:23:36+00:00\" \/>\n<meta property=\"og:image\" content=\"https:\/\/radioljubuski.ba\/wp-content\/uploads\/2022\/01\/7-2022-01-04-19-28-57-ez.jpg\" \/>\n\t<meta property=\"og:image:width\" content=\"1000\" \/>\n\t<meta property=\"og:image:height\" content=\"625\" \/>\n\t<meta property=\"og:image:type\" content=\"image\/jpeg\" \/>\n<meta name=\"author\" content=\"Radio Ljubu\u0161ki\" \/>\n<meta name=\"twitter:card\" content=\"summary_large_image\" \/>\n<meta name=\"twitter:creator\" content=\"@radioljubuski\" \/>\n<meta name=\"twitter:site\" content=\"@radioljubuski\" \/>\n<meta name=\"twitter:label1\" content=\"Napisao\/la\" \/>\n\t<meta name=\"twitter:data1\" content=\"Radio Ljubu\u0161ki\" \/>\n\t<meta name=\"twitter:label2\" content=\"Procijenjeno vrijeme \u010ditanja\" \/>\n\t<meta name=\"twitter:data2\" content=\"3 minute\" \/>\n<script type=\"application\/ld+json\" class=\"yoast-schema-graph\">{\"@context\":\"https:\\\/\\\/schema.org\",\"@graph\":[{\"@type\":\"Article\",\"@id\":\"https:\\\/\\\/radioljubuski.ba\\\/index.php\\\/2022\\\/01\\\/05\\\/ez-tvrdi-odgodena-gradnja-novog-plinovoda-s-hrvatskom\\\/#article\",\"isPartOf\":{\"@id\":\"https:\\\/\\\/radioljubuski.ba\\\/index.php\\\/2022\\\/01\\\/05\\\/ez-tvrdi-odgodena-gradnja-novog-plinovoda-s-hrvatskom\\\/\"},\"author\":{\"name\":\"Radio Ljubu\u0161ki\",\"@id\":\"https:\\\/\\\/radioljubuski.ba\\\/#\\\/schema\\\/person\\\/19fc700381a780f69665d7956c469e3b\"},\"headline\":\"EZ tvrdi: Odgo\u0111ena gradnja novog plinovoda s Hrvatskom\",\"datePublished\":\"2022-01-05T08:23:35+00:00\",\"dateModified\":\"2022-01-05T08:23:36+00:00\",\"mainEntityOfPage\":{\"@id\":\"https:\\\/\\\/radioljubuski.ba\\\/index.php\\\/2022\\\/01\\\/05\\\/ez-tvrdi-odgodena-gradnja-novog-plinovoda-s-hrvatskom\\\/\"},\"wordCount\":642,\"publisher\":{\"@id\":\"https:\\\/\\\/radioljubuski.ba\\\/#organization\"},\"image\":{\"@id\":\"https:\\\/\\\/radioljubuski.ba\\\/index.php\\\/2022\\\/01\\\/05\\\/ez-tvrdi-odgodena-gradnja-novog-plinovoda-s-hrvatskom\\\/#primaryimage\"},\"thumbnailUrl\":\"https:\\\/\\\/radioljubuski.ba\\\/wp-content\\\/uploads\\\/2022\\\/01\\\/7-2022-01-04-19-28-57-ez.jpg\",\"articleSection\":[\"BIH i regija\"],\"inLanguage\":\"hr\"},{\"@type\":\"WebPage\",\"@id\":\"https:\\\/\\\/radioljubuski.ba\\\/index.php\\\/2022\\\/01\\\/05\\\/ez-tvrdi-odgodena-gradnja-novog-plinovoda-s-hrvatskom\\\/\",\"url\":\"https:\\\/\\\/radioljubuski.ba\\\/index.php\\\/2022\\\/01\\\/05\\\/ez-tvrdi-odgodena-gradnja-novog-plinovoda-s-hrvatskom\\\/\",\"name\":\"EZ tvrdi: Odgo\u0111ena gradnja novog plinovoda s Hrvatskom - RADIO LJUBU\u0160KI\",\"isPartOf\":{\"@id\":\"https:\\\/\\\/radioljubuski.ba\\\/#website\"},\"primaryImageOfPage\":{\"@id\":\"https:\\\/\\\/radioljubuski.ba\\\/index.php\\\/2022\\\/01\\\/05\\\/ez-tvrdi-odgodena-gradnja-novog-plinovoda-s-hrvatskom\\\/#primaryimage\"},\"image\":{\"@id\":\"https:\\\/\\\/radioljubuski.ba\\\/index.php\\\/2022\\\/01\\\/05\\\/ez-tvrdi-odgodena-gradnja-novog-plinovoda-s-hrvatskom\\\/#primaryimage\"},\"thumbnailUrl\":\"https:\\\/\\\/radioljubuski.ba\\\/wp-content\\\/uploads\\\/2022\\\/01\\\/7-2022-01-04-19-28-57-ez.jpg\",\"datePublished\":\"2022-01-05T08:23:35+00:00\",\"dateModified\":\"2022-01-05T08:23:36+00:00\",\"breadcrumb\":{\"@id\":\"https:\\\/\\\/radioljubuski.ba\\\/index.php\\\/2022\\\/01\\\/05\\\/ez-tvrdi-odgodena-gradnja-novog-plinovoda-s-hrvatskom\\\/#breadcrumb\"},\"inLanguage\":\"hr\",\"potentialAction\":[{\"@type\":\"ReadAction\",\"target\":[\"https:\\\/\\\/radioljubuski.ba\\\/index.php\\\/2022\\\/01\\\/05\\\/ez-tvrdi-odgodena-gradnja-novog-plinovoda-s-hrvatskom\\\/\"]}]},{\"@type\":\"ImageObject\",\"inLanguage\":\"hr\",\"@id\":\"https:\\\/\\\/radioljubuski.ba\\\/index.php\\\/2022\\\/01\\\/05\\\/ez-tvrdi-odgodena-gradnja-novog-plinovoda-s-hrvatskom\\\/#primaryimage\",\"url\":\"https:\\\/\\\/radioljubuski.ba\\\/wp-content\\\/uploads\\\/2022\\\/01\\\/7-2022-01-04-19-28-57-ez.jpg\",\"contentUrl\":\"https:\\\/\\\/radioljubuski.ba\\\/wp-content\\\/uploads\\\/2022\\\/01\\\/7-2022-01-04-19-28-57-ez.jpg\",\"width\":1000,\"height\":625},{\"@type\":\"BreadcrumbList\",\"@id\":\"https:\\\/\\\/radioljubuski.ba\\\/index.php\\\/2022\\\/01\\\/05\\\/ez-tvrdi-odgodena-gradnja-novog-plinovoda-s-hrvatskom\\\/#breadcrumb\",\"itemListElement\":[{\"@type\":\"ListItem\",\"position\":1,\"name\":\"Po\u010detna stranica\",\"item\":\"https:\\\/\\\/radioljubuski.ba\\\/\"},{\"@type\":\"ListItem\",\"position\":2,\"name\":\"EZ tvrdi: Odgo\u0111ena gradnja novog plinovoda s Hrvatskom\"}]},{\"@type\":\"WebSite\",\"@id\":\"https:\\\/\\\/radioljubuski.ba\\\/#website\",\"url\":\"https:\\\/\\\/radioljubuski.ba\\\/\",\"name\":\"Radio Ljubu\u0161ki\",\"description\":\"Sun\u010dana frekvencija Hercegovine\",\"publisher\":{\"@id\":\"https:\\\/\\\/radioljubuski.ba\\\/#organization\"},\"potentialAction\":[{\"@type\":\"SearchAction\",\"target\":{\"@type\":\"EntryPoint\",\"urlTemplate\":\"https:\\\/\\\/radioljubuski.ba\\\/?s={search_term_string}\"},\"query-input\":{\"@type\":\"PropertyValueSpecification\",\"valueRequired\":true,\"valueName\":\"search_term_string\"}}],\"inLanguage\":\"hr\"},{\"@type\":\"Organization\",\"@id\":\"https:\\\/\\\/radioljubuski.ba\\\/#organization\",\"name\":\"Radio Ljubu\u0161ki\",\"url\":\"https:\\\/\\\/radioljubuski.ba\\\/\",\"logo\":{\"@type\":\"ImageObject\",\"inLanguage\":\"hr\",\"@id\":\"https:\\\/\\\/radioljubuski.ba\\\/#\\\/schema\\\/logo\\\/image\\\/\",\"url\":\"https:\\\/\\\/radioljubuski.ba\\\/wp-content\\\/uploads\\\/2021\\\/02\\\/cropped-Radio_Ljubuski_logo1.jpg\",\"contentUrl\":\"https:\\\/\\\/radioljubuski.ba\\\/wp-content\\\/uploads\\\/2021\\\/02\\\/cropped-Radio_Ljubuski_logo1.jpg\",\"width\":512,\"height\":512,\"caption\":\"Radio Ljubu\u0161ki\"},\"image\":{\"@id\":\"https:\\\/\\\/radioljubuski.ba\\\/#\\\/schema\\\/logo\\\/image\\\/\"},\"sameAs\":[\"https:\\\/\\\/www.facebook.com\\\/Radiio-Ljubuski-1490835324566332\",\"https:\\\/\\\/x.com\\\/radioljubuski\",\"https:\\\/\\\/hr.linkedin.com\\\/company\\\/radio-ljubuski\",\"https:\\\/\\\/www.youtube.com\\\/channel\\\/UCHYaeO_n0Db3tjNGudGpXyw\"]},{\"@type\":\"Person\",\"@id\":\"https:\\\/\\\/radioljubuski.ba\\\/#\\\/schema\\\/person\\\/19fc700381a780f69665d7956c469e3b\",\"name\":\"Radio Ljubu\u0161ki\"}]}<\/script>\n<!-- \/ Yoast SEO plugin. -->","yoast_head_json":{"title":"EZ tvrdi: Odgo\u0111ena gradnja novog plinovoda s Hrvatskom - RADIO LJUBU\u0160KI","robots":{"index":"index","follow":"follow","max-snippet":"max-snippet:-1","max-image-preview":"max-image-preview:large","max-video-preview":"max-video-preview:-1"},"canonical":"https:\/\/radioljubuski.ba\/index.php\/2022\/01\/05\/ez-tvrdi-odgodena-gradnja-novog-plinovoda-s-hrvatskom\/","og_locale":"hr_HR","og_type":"article","og_title":"EZ tvrdi: Odgo\u0111ena gradnja novog plinovoda s Hrvatskom - RADIO LJUBU\u0160KI","og_description":"U posljednjem izvje\u0161\u0107u Glavnog tajni\u0161tva Energetske zajednice (EZ) navodi se kako \u0107e biti odgo\u0111en po\u010detak radova izgradnje plinovoda izme\u0111u Bosne i Hercegovine i Republike Hrvatske, \u0161to predstavlja iznena\u0111enje s obzirom na tvrdnje i poteze vlasti u Federaciji BiH. Naime, u izvje\u0161\u0107u predstavljenom po\u010detkom studenoga pro\u0161le godine navedeno je kako je Ju\u017ena plinska interkonekcija &#8220;odgo\u0111ena&#8221;. Tako [&hellip;]","og_url":"https:\/\/radioljubuski.ba\/index.php\/2022\/01\/05\/ez-tvrdi-odgodena-gradnja-novog-plinovoda-s-hrvatskom\/","og_site_name":"RADIO LJUBU\u0160KI","article_publisher":"https:\/\/www.facebook.com\/Radiio-Ljubuski-1490835324566332","article_published_time":"2022-01-05T08:23:35+00:00","article_modified_time":"2022-01-05T08:23:36+00:00","og_image":[{"width":1000,"height":625,"url":"https:\/\/radioljubuski.ba\/wp-content\/uploads\/2022\/01\/7-2022-01-04-19-28-57-ez.jpg","type":"image\/jpeg"}],"author":"Radio Ljubu\u0161ki","twitter_card":"summary_large_image","twitter_creator":"@radioljubuski","twitter_site":"@radioljubuski","twitter_misc":{"Napisao\/la":"Radio Ljubu\u0161ki","Procijenjeno vrijeme \u010ditanja":"3 minute"},"schema":{"@context":"https:\/\/schema.org","@graph":[{"@type":"Article","@id":"https:\/\/radioljubuski.ba\/index.php\/2022\/01\/05\/ez-tvrdi-odgodena-gradnja-novog-plinovoda-s-hrvatskom\/#article","isPartOf":{"@id":"https:\/\/radioljubuski.ba\/index.php\/2022\/01\/05\/ez-tvrdi-odgodena-gradnja-novog-plinovoda-s-hrvatskom\/"},"author":{"name":"Radio Ljubu\u0161ki","@id":"https:\/\/radioljubuski.ba\/#\/schema\/person\/19fc700381a780f69665d7956c469e3b"},"headline":"EZ tvrdi: Odgo\u0111ena gradnja novog plinovoda s Hrvatskom","datePublished":"2022-01-05T08:23:35+00:00","dateModified":"2022-01-05T08:23:36+00:00","mainEntityOfPage":{"@id":"https:\/\/radioljubuski.ba\/index.php\/2022\/01\/05\/ez-tvrdi-odgodena-gradnja-novog-plinovoda-s-hrvatskom\/"},"wordCount":642,"publisher":{"@id":"https:\/\/radioljubuski.ba\/#organization"},"image":{"@id":"https:\/\/radioljubuski.ba\/index.php\/2022\/01\/05\/ez-tvrdi-odgodena-gradnja-novog-plinovoda-s-hrvatskom\/#primaryimage"},"thumbnailUrl":"https:\/\/radioljubuski.ba\/wp-content\/uploads\/2022\/01\/7-2022-01-04-19-28-57-ez.jpg","articleSection":["BIH i regija"],"inLanguage":"hr"},{"@type":"WebPage","@id":"https:\/\/radioljubuski.ba\/index.php\/2022\/01\/05\/ez-tvrdi-odgodena-gradnja-novog-plinovoda-s-hrvatskom\/","url":"https:\/\/radioljubuski.ba\/index.php\/2022\/01\/05\/ez-tvrdi-odgodena-gradnja-novog-plinovoda-s-hrvatskom\/","name":"EZ tvrdi: Odgo\u0111ena gradnja novog plinovoda s Hrvatskom - RADIO LJUBU\u0160KI","isPartOf":{"@id":"https:\/\/radioljubuski.ba\/#website"},"primaryImageOfPage":{"@id":"https:\/\/radioljubuski.ba\/index.php\/2022\/01\/05\/ez-tvrdi-odgodena-gradnja-novog-plinovoda-s-hrvatskom\/#primaryimage"},"image":{"@id":"https:\/\/radioljubuski.ba\/index.php\/2022\/01\/05\/ez-tvrdi-odgodena-gradnja-novog-plinovoda-s-hrvatskom\/#primaryimage"},"thumbnailUrl":"https:\/\/radioljubuski.ba\/wp-content\/uploads\/2022\/01\/7-2022-01-04-19-28-57-ez.jpg","datePublished":"2022-01-05T08:23:35+00:00","dateModified":"2022-01-05T08:23:36+00:00","breadcrumb":{"@id":"https:\/\/radioljubuski.ba\/index.php\/2022\/01\/05\/ez-tvrdi-odgodena-gradnja-novog-plinovoda-s-hrvatskom\/#breadcrumb"},"inLanguage":"hr","potentialAction":[{"@type":"ReadAction","target":["https:\/\/radioljubuski.ba\/index.php\/2022\/01\/05\/ez-tvrdi-odgodena-gradnja-novog-plinovoda-s-hrvatskom\/"]}]},{"@type":"ImageObject","inLanguage":"hr","@id":"https:\/\/radioljubuski.ba\/index.php\/2022\/01\/05\/ez-tvrdi-odgodena-gradnja-novog-plinovoda-s-hrvatskom\/#primaryimage","url":"https:\/\/radioljubuski.ba\/wp-content\/uploads\/2022\/01\/7-2022-01-04-19-28-57-ez.jpg","contentUrl":"https:\/\/radioljubuski.ba\/wp-content\/uploads\/2022\/01\/7-2022-01-04-19-28-57-ez.jpg","width":1000,"height":625},{"@type":"BreadcrumbList","@id":"https:\/\/radioljubuski.ba\/index.php\/2022\/01\/05\/ez-tvrdi-odgodena-gradnja-novog-plinovoda-s-hrvatskom\/#breadcrumb","itemListElement":[{"@type":"ListItem","position":1,"name":"Po\u010detna stranica","item":"https:\/\/radioljubuski.ba\/"},{"@type":"ListItem","position":2,"name":"EZ tvrdi: Odgo\u0111ena gradnja novog plinovoda s Hrvatskom"}]},{"@type":"WebSite","@id":"https:\/\/radioljubuski.ba\/#website","url":"https:\/\/radioljubuski.ba\/","name":"Radio Ljubu\u0161ki","description":"Sun\u010dana frekvencija Hercegovine","publisher":{"@id":"https:\/\/radioljubuski.ba\/#organization"},"potentialAction":[{"@type":"SearchAction","target":{"@type":"EntryPoint","urlTemplate":"https:\/\/radioljubuski.ba\/?s={search_term_string}"},"query-input":{"@type":"PropertyValueSpecification","valueRequired":true,"valueName":"search_term_string"}}],"inLanguage":"hr"},{"@type":"Organization","@id":"https:\/\/radioljubuski.ba\/#organization","name":"Radio Ljubu\u0161ki","url":"https:\/\/radioljubuski.ba\/","logo":{"@type":"ImageObject","inLanguage":"hr","@id":"https:\/\/radioljubuski.ba\/#\/schema\/logo\/image\/","url":"https:\/\/radioljubuski.ba\/wp-content\/uploads\/2021\/02\/cropped-Radio_Ljubuski_logo1.jpg","contentUrl":"https:\/\/radioljubuski.ba\/wp-content\/uploads\/2021\/02\/cropped-Radio_Ljubuski_logo1.jpg","width":512,"height":512,"caption":"Radio Ljubu\u0161ki"},"image":{"@id":"https:\/\/radioljubuski.ba\/#\/schema\/logo\/image\/"},"sameAs":["https:\/\/www.facebook.com\/Radiio-Ljubuski-1490835324566332","https:\/\/x.com\/radioljubuski","https:\/\/hr.linkedin.com\/company\/radio-ljubuski","https:\/\/www.youtube.com\/channel\/UCHYaeO_n0Db3tjNGudGpXyw"]},{"@type":"Person","@id":"https:\/\/radioljubuski.ba\/#\/schema\/person\/19fc700381a780f69665d7956c469e3b","name":"Radio Ljubu\u0161ki"}]}},"_links":{"self":[{"href":"https:\/\/radioljubuski.ba\/index.php\/wp-json\/wp\/v2\/posts\/104795","targetHints":{"allow":["GET"]}}],"collection":[{"href":"https:\/\/radioljubuski.ba\/index.php\/wp-json\/wp\/v2\/posts"}],"about":[{"href":"https:\/\/radioljubuski.ba\/index.php\/wp-json\/wp\/v2\/types\/post"}],"author":[{"embeddable":true,"href":"https:\/\/radioljubuski.ba\/index.php\/wp-json\/wp\/v2\/users\/2"}],"replies":[{"embeddable":true,"href":"https:\/\/radioljubuski.ba\/index.php\/wp-json\/wp\/v2\/comments?post=104795"}],"version-history":[{"count":1,"href":"https:\/\/radioljubuski.ba\/index.php\/wp-json\/wp\/v2\/posts\/104795\/revisions"}],"predecessor-version":[{"id":104797,"href":"https:\/\/radioljubuski.ba\/index.php\/wp-json\/wp\/v2\/posts\/104795\/revisions\/104797"}],"wp:featuredmedia":[{"embeddable":true,"href":"https:\/\/radioljubuski.ba\/index.php\/wp-json\/wp\/v2\/media\/104796"}],"wp:attachment":[{"href":"https:\/\/radioljubuski.ba\/index.php\/wp-json\/wp\/v2\/media?parent=104795"}],"wp:term":[{"taxonomy":"category","embeddable":true,"href":"https:\/\/radioljubuski.ba\/index.php\/wp-json\/wp\/v2\/categories?post=104795"},{"taxonomy":"post_tag","embeddable":true,"href":"https:\/\/radioljubuski.ba\/index.php\/wp-json\/wp\/v2\/tags?post=104795"}],"curies":[{"name":"wp","href":"https:\/\/api.w.org\/{rel}","templated":true}]}}