{"id":104806,"date":"2022-01-05T09:26:26","date_gmt":"2022-01-05T08:26:26","guid":{"rendered":"https:\/\/radioljubuski.ba\/?p=104806"},"modified":"2022-01-05T09:26:52","modified_gmt":"2022-01-05T08:26:52","slug":"danas-isplata-mirivina-plus-fadilovih-50-km","status":"publish","type":"post","link":"https:\/\/radioljubuski.ba\/index.php\/2022\/01\/05\/danas-isplata-mirivina-plus-fadilovih-50-km\/","title":{"rendered":"Danas isplata mirivina plus Fadilovih 50 KM"},"content":{"rendered":"\n<p>U skladu sa Zakonom o mirovinskom i invalidskom osiguranju, mirovine za prosinac bit \u0107e ispla\u0107ene u danas, 5. sije\u010dnja, preko jedinstvenog ra\u010duna riznice Federacije BiH, objavio je Federalni zavod (FZ) MIO\/PIO.<\/p>\n\n\n\n<p>Temeljem Uredbe Vlade Federacije BiH o nov\u010danom iznosu mirovine kao podr\u0161ka umirovljenicima u FBIH, svim korisnicima mirovine FZ MIO\/PIO koji su rezidenti Bosne i Hercegovine, uz mirovinu za prosinac bit \u0107e ispla\u0107en i jednokratni nov\u010dani iznos od 50 KM.<\/p>\n\n\n\n<p>Nov\u010dani iznos ispla\u0107uje se samo korisnicima mirovina koji su zate\u010deni u isplati na dan stupanja ove uredbe na snagu. <\/p>\n\n\n\n<p>Korisnicima prava na djeljivu obiteljsku mirovinu pripada isplata djeljivog nov\u010danog iznosa.<\/p>\n\n\n\n<p>Prosje\u010dna samostalna mirovina iznosi 489,70KM, koju \u0107e primiti 355.210 korisnika. Najni\u017ea mirovina iznosi 382,18 KM, zajam\u010dena 478,91 KM, a najvi\u0161a 2.174,48 KM. Mirovinu za prosinac \u0107e primiti 429.545 korisnika, dok je pravo na jednokratni nov\u010dani iznos ostvarilo 362.995 umirovljenika.<\/p>\n\n\n\n<p>Ukupno potrebna sredstva za isplatu mirovina s ura\u010dunatim tro\u0161kovima za prosinac iznose oko 214 milijuna KM.<\/p>\n\n\n\n<p><strong>Izvor: Pogled.ba<\/strong><\/p>\n","protected":false},"excerpt":{"rendered":"<p>U skladu sa Zakonom o mirovinskom i invalidskom osiguranju, mirovine za prosinac bit \u0107e ispla\u0107ene u danas, 5. sije\u010dnja, preko jedinstvenog ra\u010duna riznice Federacije BiH, objavio je Federalni zavod (FZ) MIO\/PIO. Temeljem Uredbe Vlade Federacije BiH o nov\u010danom iznosu mirovine kao podr\u0161ka umirovljenicima u FBIH, svim korisnicima mirovine FZ MIO\/PIO koji su rezidenti Bosne i [&hellip;]<\/p>\n","protected":false},"author":2,"featured_media":50348,"comment_status":"closed","ping_status":"closed","sticky":false,"template":"","format":"standard","meta":{"h5ap_radio_sources":[],"footnotes":""},"categories":[1],"tags":[],"class_list":["post-104806","post","type-post","status-publish","format-standard","has-post-thumbnail","hentry","category-bihiregija"],"yoast_head":"<!-- This site is optimized with the Yoast SEO plugin v27.4 - https:\/\/yoast.com\/product\/yoast-seo-wordpress\/ -->\n<title>Danas isplata mirivina plus Fadilovih 50 KM - RADIO LJUBU\u0160KI<\/title>\n<meta name=\"robots\" content=\"index, follow, max-snippet:-1, max-image-preview:large, max-video-preview:-1\" \/>\n<link rel=\"canonical\" href=\"https:\/\/radioljubuski.ba\/index.php\/2022\/01\/05\/danas-isplata-mirivina-plus-fadilovih-50-km\/\" \/>\n<meta property=\"og:locale\" content=\"hr_HR\" \/>\n<meta property=\"og:type\" content=\"article\" \/>\n<meta property=\"og:title\" content=\"Danas isplata mirivina plus Fadilovih 50 KM - RADIO LJUBU\u0160KI\" \/>\n<meta property=\"og:description\" content=\"U skladu sa Zakonom o mirovinskom i invalidskom osiguranju, mirovine za prosinac bit \u0107e ispla\u0107ene u danas, 5. sije\u010dnja, preko jedinstvenog ra\u010duna riznice Federacije BiH, objavio je Federalni zavod (FZ) MIO\/PIO. Temeljem Uredbe Vlade Federacije BiH o nov\u010danom iznosu mirovine kao podr\u0161ka umirovljenicima u FBIH, svim korisnicima mirovine FZ MIO\/PIO koji su rezidenti Bosne i [&hellip;]\" \/>\n<meta property=\"og:url\" content=\"https:\/\/radioljubuski.ba\/index.php\/2022\/01\/05\/danas-isplata-mirivina-plus-fadilovih-50-km\/\" \/>\n<meta property=\"og:site_name\" content=\"RADIO LJUBU\u0160KI\" \/>\n<meta property=\"article:publisher\" content=\"https:\/\/www.facebook.com\/Radiio-Ljubuski-1490835324566332\" \/>\n<meta property=\"article:published_time\" content=\"2022-01-05T08:26:26+00:00\" \/>\n<meta property=\"article:modified_time\" content=\"2022-01-05T08:26:52+00:00\" \/>\n<meta property=\"og:image\" content=\"https:\/\/radioljubuski.ba\/wp-content\/uploads\/2021\/08\/fDmLbQRK_mirovina_umirovljenik_penzija_addc1b1c590a4570d037d2f2dc21fcba_view_article_new.jpg\" \/>\n\t<meta property=\"og:image:width\" content=\"1000\" \/>\n\t<meta property=\"og:image:height\" content=\"625\" \/>\n\t<meta property=\"og:image:type\" content=\"image\/jpeg\" \/>\n<meta name=\"author\" content=\"Radio Ljubu\u0161ki\" \/>\n<meta name=\"twitter:card\" content=\"summary_large_image\" \/>\n<meta name=\"twitter:creator\" content=\"@radioljubuski\" \/>\n<meta name=\"twitter:site\" content=\"@radioljubuski\" \/>\n<meta name=\"twitter:label1\" content=\"Napisao\/la\" \/>\n\t<meta name=\"twitter:data1\" content=\"Radio Ljubu\u0161ki\" \/>\n\t<meta name=\"twitter:label2\" content=\"Procijenjeno vrijeme \u010ditanja\" \/>\n\t<meta name=\"twitter:data2\" content=\"1 minuta\" \/>\n<script type=\"application\/ld+json\" class=\"yoast-schema-graph\">{\"@context\":\"https:\\\/\\\/schema.org\",\"@graph\":[{\"@type\":\"Article\",\"@id\":\"https:\\\/\\\/radioljubuski.ba\\\/index.php\\\/2022\\\/01\\\/05\\\/danas-isplata-mirivina-plus-fadilovih-50-km\\\/#article\",\"isPartOf\":{\"@id\":\"https:\\\/\\\/radioljubuski.ba\\\/index.php\\\/2022\\\/01\\\/05\\\/danas-isplata-mirivina-plus-fadilovih-50-km\\\/\"},\"author\":{\"name\":\"Radio Ljubu\u0161ki\",\"@id\":\"https:\\\/\\\/radioljubuski.ba\\\/#\\\/schema\\\/person\\\/19fc700381a780f69665d7956c469e3b\"},\"headline\":\"Danas isplata mirivina plus Fadilovih 50 KM\",\"datePublished\":\"2022-01-05T08:26:26+00:00\",\"dateModified\":\"2022-01-05T08:26:52+00:00\",\"mainEntityOfPage\":{\"@id\":\"https:\\\/\\\/radioljubuski.ba\\\/index.php\\\/2022\\\/01\\\/05\\\/danas-isplata-mirivina-plus-fadilovih-50-km\\\/\"},\"wordCount\":175,\"publisher\":{\"@id\":\"https:\\\/\\\/radioljubuski.ba\\\/#organization\"},\"image\":{\"@id\":\"https:\\\/\\\/radioljubuski.ba\\\/index.php\\\/2022\\\/01\\\/05\\\/danas-isplata-mirivina-plus-fadilovih-50-km\\\/#primaryimage\"},\"thumbnailUrl\":\"https:\\\/\\\/radioljubuski.ba\\\/wp-content\\\/uploads\\\/2021\\\/08\\\/fDmLbQRK_mirovina_umirovljenik_penzija_addc1b1c590a4570d037d2f2dc21fcba_view_article_new.jpg\",\"articleSection\":[\"BIH i regija\"],\"inLanguage\":\"hr\"},{\"@type\":\"WebPage\",\"@id\":\"https:\\\/\\\/radioljubuski.ba\\\/index.php\\\/2022\\\/01\\\/05\\\/danas-isplata-mirivina-plus-fadilovih-50-km\\\/\",\"url\":\"https:\\\/\\\/radioljubuski.ba\\\/index.php\\\/2022\\\/01\\\/05\\\/danas-isplata-mirivina-plus-fadilovih-50-km\\\/\",\"name\":\"Danas isplata mirivina plus Fadilovih 50 KM - RADIO LJUBU\u0160KI\",\"isPartOf\":{\"@id\":\"https:\\\/\\\/radioljubuski.ba\\\/#website\"},\"primaryImageOfPage\":{\"@id\":\"https:\\\/\\\/radioljubuski.ba\\\/index.php\\\/2022\\\/01\\\/05\\\/danas-isplata-mirivina-plus-fadilovih-50-km\\\/#primaryimage\"},\"image\":{\"@id\":\"https:\\\/\\\/radioljubuski.ba\\\/index.php\\\/2022\\\/01\\\/05\\\/danas-isplata-mirivina-plus-fadilovih-50-km\\\/#primaryimage\"},\"thumbnailUrl\":\"https:\\\/\\\/radioljubuski.ba\\\/wp-content\\\/uploads\\\/2021\\\/08\\\/fDmLbQRK_mirovina_umirovljenik_penzija_addc1b1c590a4570d037d2f2dc21fcba_view_article_new.jpg\",\"datePublished\":\"2022-01-05T08:26:26+00:00\",\"dateModified\":\"2022-01-05T08:26:52+00:00\",\"breadcrumb\":{\"@id\":\"https:\\\/\\\/radioljubuski.ba\\\/index.php\\\/2022\\\/01\\\/05\\\/danas-isplata-mirivina-plus-fadilovih-50-km\\\/#breadcrumb\"},\"inLanguage\":\"hr\",\"potentialAction\":[{\"@type\":\"ReadAction\",\"target\":[\"https:\\\/\\\/radioljubuski.ba\\\/index.php\\\/2022\\\/01\\\/05\\\/danas-isplata-mirivina-plus-fadilovih-50-km\\\/\"]}]},{\"@type\":\"ImageObject\",\"inLanguage\":\"hr\",\"@id\":\"https:\\\/\\\/radioljubuski.ba\\\/index.php\\\/2022\\\/01\\\/05\\\/danas-isplata-mirivina-plus-fadilovih-50-km\\\/#primaryimage\",\"url\":\"https:\\\/\\\/radioljubuski.ba\\\/wp-content\\\/uploads\\\/2021\\\/08\\\/fDmLbQRK_mirovina_umirovljenik_penzija_addc1b1c590a4570d037d2f2dc21fcba_view_article_new.jpg\",\"contentUrl\":\"https:\\\/\\\/radioljubuski.ba\\\/wp-content\\\/uploads\\\/2021\\\/08\\\/fDmLbQRK_mirovina_umirovljenik_penzija_addc1b1c590a4570d037d2f2dc21fcba_view_article_new.jpg\",\"width\":1000,\"height\":625},{\"@type\":\"BreadcrumbList\",\"@id\":\"https:\\\/\\\/radioljubuski.ba\\\/index.php\\\/2022\\\/01\\\/05\\\/danas-isplata-mirivina-plus-fadilovih-50-km\\\/#breadcrumb\",\"itemListElement\":[{\"@type\":\"ListItem\",\"position\":1,\"name\":\"Po\u010detna stranica\",\"item\":\"https:\\\/\\\/radioljubuski.ba\\\/\"},{\"@type\":\"ListItem\",\"position\":2,\"name\":\"Danas isplata mirivina plus Fadilovih 50 KM\"}]},{\"@type\":\"WebSite\",\"@id\":\"https:\\\/\\\/radioljubuski.ba\\\/#website\",\"url\":\"https:\\\/\\\/radioljubuski.ba\\\/\",\"name\":\"Radio Ljubu\u0161ki\",\"description\":\"Sun\u010dana frekvencija Hercegovine\",\"publisher\":{\"@id\":\"https:\\\/\\\/radioljubuski.ba\\\/#organization\"},\"potentialAction\":[{\"@type\":\"SearchAction\",\"target\":{\"@type\":\"EntryPoint\",\"urlTemplate\":\"https:\\\/\\\/radioljubuski.ba\\\/?s={search_term_string}\"},\"query-input\":{\"@type\":\"PropertyValueSpecification\",\"valueRequired\":true,\"valueName\":\"search_term_string\"}}],\"inLanguage\":\"hr\"},{\"@type\":\"Organization\",\"@id\":\"https:\\\/\\\/radioljubuski.ba\\\/#organization\",\"name\":\"Radio Ljubu\u0161ki\",\"url\":\"https:\\\/\\\/radioljubuski.ba\\\/\",\"logo\":{\"@type\":\"ImageObject\",\"inLanguage\":\"hr\",\"@id\":\"https:\\\/\\\/radioljubuski.ba\\\/#\\\/schema\\\/logo\\\/image\\\/\",\"url\":\"https:\\\/\\\/radioljubuski.ba\\\/wp-content\\\/uploads\\\/2021\\\/02\\\/cropped-Radio_Ljubuski_logo1.jpg\",\"contentUrl\":\"https:\\\/\\\/radioljubuski.ba\\\/wp-content\\\/uploads\\\/2021\\\/02\\\/cropped-Radio_Ljubuski_logo1.jpg\",\"width\":512,\"height\":512,\"caption\":\"Radio Ljubu\u0161ki\"},\"image\":{\"@id\":\"https:\\\/\\\/radioljubuski.ba\\\/#\\\/schema\\\/logo\\\/image\\\/\"},\"sameAs\":[\"https:\\\/\\\/www.facebook.com\\\/Radiio-Ljubuski-1490835324566332\",\"https:\\\/\\\/x.com\\\/radioljubuski\",\"https:\\\/\\\/hr.linkedin.com\\\/company\\\/radio-ljubuski\",\"https:\\\/\\\/www.youtube.com\\\/channel\\\/UCHYaeO_n0Db3tjNGudGpXyw\"]},{\"@type\":\"Person\",\"@id\":\"https:\\\/\\\/radioljubuski.ba\\\/#\\\/schema\\\/person\\\/19fc700381a780f69665d7956c469e3b\",\"name\":\"Radio Ljubu\u0161ki\"}]}<\/script>\n<!-- \/ Yoast SEO plugin. -->","yoast_head_json":{"title":"Danas isplata mirivina plus Fadilovih 50 KM - RADIO LJUBU\u0160KI","robots":{"index":"index","follow":"follow","max-snippet":"max-snippet:-1","max-image-preview":"max-image-preview:large","max-video-preview":"max-video-preview:-1"},"canonical":"https:\/\/radioljubuski.ba\/index.php\/2022\/01\/05\/danas-isplata-mirivina-plus-fadilovih-50-km\/","og_locale":"hr_HR","og_type":"article","og_title":"Danas isplata mirivina plus Fadilovih 50 KM - RADIO LJUBU\u0160KI","og_description":"U skladu sa Zakonom o mirovinskom i invalidskom osiguranju, mirovine za prosinac bit \u0107e ispla\u0107ene u danas, 5. sije\u010dnja, preko jedinstvenog ra\u010duna riznice Federacije BiH, objavio je Federalni zavod (FZ) MIO\/PIO. Temeljem Uredbe Vlade Federacije BiH o nov\u010danom iznosu mirovine kao podr\u0161ka umirovljenicima u FBIH, svim korisnicima mirovine FZ MIO\/PIO koji su rezidenti Bosne i [&hellip;]","og_url":"https:\/\/radioljubuski.ba\/index.php\/2022\/01\/05\/danas-isplata-mirivina-plus-fadilovih-50-km\/","og_site_name":"RADIO LJUBU\u0160KI","article_publisher":"https:\/\/www.facebook.com\/Radiio-Ljubuski-1490835324566332","article_published_time":"2022-01-05T08:26:26+00:00","article_modified_time":"2022-01-05T08:26:52+00:00","og_image":[{"width":1000,"height":625,"url":"https:\/\/radioljubuski.ba\/wp-content\/uploads\/2021\/08\/fDmLbQRK_mirovina_umirovljenik_penzija_addc1b1c590a4570d037d2f2dc21fcba_view_article_new.jpg","type":"image\/jpeg"}],"author":"Radio Ljubu\u0161ki","twitter_card":"summary_large_image","twitter_creator":"@radioljubuski","twitter_site":"@radioljubuski","twitter_misc":{"Napisao\/la":"Radio Ljubu\u0161ki","Procijenjeno vrijeme \u010ditanja":"1 minuta"},"schema":{"@context":"https:\/\/schema.org","@graph":[{"@type":"Article","@id":"https:\/\/radioljubuski.ba\/index.php\/2022\/01\/05\/danas-isplata-mirivina-plus-fadilovih-50-km\/#article","isPartOf":{"@id":"https:\/\/radioljubuski.ba\/index.php\/2022\/01\/05\/danas-isplata-mirivina-plus-fadilovih-50-km\/"},"author":{"name":"Radio Ljubu\u0161ki","@id":"https:\/\/radioljubuski.ba\/#\/schema\/person\/19fc700381a780f69665d7956c469e3b"},"headline":"Danas isplata mirivina plus Fadilovih 50 KM","datePublished":"2022-01-05T08:26:26+00:00","dateModified":"2022-01-05T08:26:52+00:00","mainEntityOfPage":{"@id":"https:\/\/radioljubuski.ba\/index.php\/2022\/01\/05\/danas-isplata-mirivina-plus-fadilovih-50-km\/"},"wordCount":175,"publisher":{"@id":"https:\/\/radioljubuski.ba\/#organization"},"image":{"@id":"https:\/\/radioljubuski.ba\/index.php\/2022\/01\/05\/danas-isplata-mirivina-plus-fadilovih-50-km\/#primaryimage"},"thumbnailUrl":"https:\/\/radioljubuski.ba\/wp-content\/uploads\/2021\/08\/fDmLbQRK_mirovina_umirovljenik_penzija_addc1b1c590a4570d037d2f2dc21fcba_view_article_new.jpg","articleSection":["BIH i regija"],"inLanguage":"hr"},{"@type":"WebPage","@id":"https:\/\/radioljubuski.ba\/index.php\/2022\/01\/05\/danas-isplata-mirivina-plus-fadilovih-50-km\/","url":"https:\/\/radioljubuski.ba\/index.php\/2022\/01\/05\/danas-isplata-mirivina-plus-fadilovih-50-km\/","name":"Danas isplata mirivina plus Fadilovih 50 KM - RADIO LJUBU\u0160KI","isPartOf":{"@id":"https:\/\/radioljubuski.ba\/#website"},"primaryImageOfPage":{"@id":"https:\/\/radioljubuski.ba\/index.php\/2022\/01\/05\/danas-isplata-mirivina-plus-fadilovih-50-km\/#primaryimage"},"image":{"@id":"https:\/\/radioljubuski.ba\/index.php\/2022\/01\/05\/danas-isplata-mirivina-plus-fadilovih-50-km\/#primaryimage"},"thumbnailUrl":"https:\/\/radioljubuski.ba\/wp-content\/uploads\/2021\/08\/fDmLbQRK_mirovina_umirovljenik_penzija_addc1b1c590a4570d037d2f2dc21fcba_view_article_new.jpg","datePublished":"2022-01-05T08:26:26+00:00","dateModified":"2022-01-05T08:26:52+00:00","breadcrumb":{"@id":"https:\/\/radioljubuski.ba\/index.php\/2022\/01\/05\/danas-isplata-mirivina-plus-fadilovih-50-km\/#breadcrumb"},"inLanguage":"hr","potentialAction":[{"@type":"ReadAction","target":["https:\/\/radioljubuski.ba\/index.php\/2022\/01\/05\/danas-isplata-mirivina-plus-fadilovih-50-km\/"]}]},{"@type":"ImageObject","inLanguage":"hr","@id":"https:\/\/radioljubuski.ba\/index.php\/2022\/01\/05\/danas-isplata-mirivina-plus-fadilovih-50-km\/#primaryimage","url":"https:\/\/radioljubuski.ba\/wp-content\/uploads\/2021\/08\/fDmLbQRK_mirovina_umirovljenik_penzija_addc1b1c590a4570d037d2f2dc21fcba_view_article_new.jpg","contentUrl":"https:\/\/radioljubuski.ba\/wp-content\/uploads\/2021\/08\/fDmLbQRK_mirovina_umirovljenik_penzija_addc1b1c590a4570d037d2f2dc21fcba_view_article_new.jpg","width":1000,"height":625},{"@type":"BreadcrumbList","@id":"https:\/\/radioljubuski.ba\/index.php\/2022\/01\/05\/danas-isplata-mirivina-plus-fadilovih-50-km\/#breadcrumb","itemListElement":[{"@type":"ListItem","position":1,"name":"Po\u010detna stranica","item":"https:\/\/radioljubuski.ba\/"},{"@type":"ListItem","position":2,"name":"Danas isplata mirivina plus Fadilovih 50 KM"}]},{"@type":"WebSite","@id":"https:\/\/radioljubuski.ba\/#website","url":"https:\/\/radioljubuski.ba\/","name":"Radio Ljubu\u0161ki","description":"Sun\u010dana frekvencija Hercegovine","publisher":{"@id":"https:\/\/radioljubuski.ba\/#organization"},"potentialAction":[{"@type":"SearchAction","target":{"@type":"EntryPoint","urlTemplate":"https:\/\/radioljubuski.ba\/?s={search_term_string}"},"query-input":{"@type":"PropertyValueSpecification","valueRequired":true,"valueName":"search_term_string"}}],"inLanguage":"hr"},{"@type":"Organization","@id":"https:\/\/radioljubuski.ba\/#organization","name":"Radio Ljubu\u0161ki","url":"https:\/\/radioljubuski.ba\/","logo":{"@type":"ImageObject","inLanguage":"hr","@id":"https:\/\/radioljubuski.ba\/#\/schema\/logo\/image\/","url":"https:\/\/radioljubuski.ba\/wp-content\/uploads\/2021\/02\/cropped-Radio_Ljubuski_logo1.jpg","contentUrl":"https:\/\/radioljubuski.ba\/wp-content\/uploads\/2021\/02\/cropped-Radio_Ljubuski_logo1.jpg","width":512,"height":512,"caption":"Radio Ljubu\u0161ki"},"image":{"@id":"https:\/\/radioljubuski.ba\/#\/schema\/logo\/image\/"},"sameAs":["https:\/\/www.facebook.com\/Radiio-Ljubuski-1490835324566332","https:\/\/x.com\/radioljubuski","https:\/\/hr.linkedin.com\/company\/radio-ljubuski","https:\/\/www.youtube.com\/channel\/UCHYaeO_n0Db3tjNGudGpXyw"]},{"@type":"Person","@id":"https:\/\/radioljubuski.ba\/#\/schema\/person\/19fc700381a780f69665d7956c469e3b","name":"Radio Ljubu\u0161ki"}]}},"_links":{"self":[{"href":"https:\/\/radioljubuski.ba\/index.php\/wp-json\/wp\/v2\/posts\/104806","targetHints":{"allow":["GET"]}}],"collection":[{"href":"https:\/\/radioljubuski.ba\/index.php\/wp-json\/wp\/v2\/posts"}],"about":[{"href":"https:\/\/radioljubuski.ba\/index.php\/wp-json\/wp\/v2\/types\/post"}],"author":[{"embeddable":true,"href":"https:\/\/radioljubuski.ba\/index.php\/wp-json\/wp\/v2\/users\/2"}],"replies":[{"embeddable":true,"href":"https:\/\/radioljubuski.ba\/index.php\/wp-json\/wp\/v2\/comments?post=104806"}],"version-history":[{"count":2,"href":"https:\/\/radioljubuski.ba\/index.php\/wp-json\/wp\/v2\/posts\/104806\/revisions"}],"predecessor-version":[{"id":104811,"href":"https:\/\/radioljubuski.ba\/index.php\/wp-json\/wp\/v2\/posts\/104806\/revisions\/104811"}],"wp:featuredmedia":[{"embeddable":true,"href":"https:\/\/radioljubuski.ba\/index.php\/wp-json\/wp\/v2\/media\/50348"}],"wp:attachment":[{"href":"https:\/\/radioljubuski.ba\/index.php\/wp-json\/wp\/v2\/media?parent=104806"}],"wp:term":[{"taxonomy":"category","embeddable":true,"href":"https:\/\/radioljubuski.ba\/index.php\/wp-json\/wp\/v2\/categories?post=104806"},{"taxonomy":"post_tag","embeddable":true,"href":"https:\/\/radioljubuski.ba\/index.php\/wp-json\/wp\/v2\/tags?post=104806"}],"curies":[{"name":"wp","href":"https:\/\/api.w.org\/{rel}","templated":true}]}}