{"id":104807,"date":"2022-01-05T09:26:44","date_gmt":"2022-01-05T08:26:44","guid":{"rendered":"https:\/\/radioljubuski.ba\/?p=104807"},"modified":"2022-01-05T09:26:44","modified_gmt":"2022-01-05T08:26:44","slug":"lukavac-postaje-grad-a-nema-pitku-vodu","status":"publish","type":"post","link":"https:\/\/radioljubuski.ba\/index.php\/2022\/01\/05\/lukavac-postaje-grad-a-nema-pitku-vodu\/","title":{"rendered":"Lukavac postaje grad, a nema pitku vodu"},"content":{"rendered":"\n<p>Krajem sije\u010dnja bi trebale po\u010deti aktivnosti za izgradnju postrojenja za tretman pitke vode u Lukavcu, \u0161to bi bio uvod da ovaj grad kona\u010dno vrati pitku vodu u svoje slavine. Naime, Lukavac oko 20 godina nema pitke vode.<\/p>\n\n\n\n<p>Vlada FBiH u kolovozu pro\u0161le godine je predlo\u017eila da \u0161est op\u0107ina dobije status grada i \u010deka se potvrda Doma naroda. Rije\u010d je o Stocu, Bosanskoj Krupi, Lukavcu, Konjicu, Ora\u0161ju i Zavidovi\u0107ima.<\/p>\n\n\n\n<p>Kriteriji su najmanje 30.000 stanovnika, status sjedi\u0161ta \u017eupanije i povijesna i kulturna va\u017enost nekog mjesta. Lukavac je jo\u0161 2018. godine ispunjavao uvjete da dobije status grada.<\/p>\n\n\n\n<p>Edin Deli\u0107, na\u010delnik Lukavca, smatra kako je ova op\u0107tina bila diskriminirana dok su mnogo manja mjesta postajali gradovi.<\/p>\n\n\n\n<p>&#8220;Hvala svima koji su doprinijeli da se ta nepravda ispravi. Mi smo se i ranije osje\u0107ali gradom. Drago nam je da pored gradova koji nas okru\u017euju i mi do\u010dekamo taj \u010din. Poku\u0161at \u0107emo u\u010diniti da nam to \u0161to vi\u0161e zna\u010di i pona\u0161ati se kao gradska sredina&#8221;, ka\u017ee Deli\u0107.<\/p>\n\n\n\n<p>Lukavac ima 35 mjesnih zajednica i oko 44.500 stanovnika. &nbsp;Ima i velika industrijska postrojenja poput GIKIL-a, Sosecam sode i Fabrike cementa, te se bori sa velikim problemom zaga\u0111enog zraka, vode i tla.<\/p>\n\n\n\n<p>Ipak, moglo bi se re\u0107i da je jo\u0161 ve\u0107i problem \u0161to voda u Lukavcu nije pitka ni kada je ovo bila op\u0107ina, pa ni sada kada postaje grad.&nbsp;<\/p>\n\n\n\n<p>Prioritet lokalne vlasti je upravo da se taj problem rije\u0161i dugoro\u010dno. Kako na\u010delnik isti\u010de, prva javna nabava u ovoj godini bi trebala biti postrojenje za tretman pitke vode. Podsje\u0107amo, Lukavac je prije dva desetlje\u0107a ostao bez pitke vode odlukama za koje Deli\u0107 tvrdi da su \u010dudne.<\/p>\n\n\n\n<p>&#8220;Lukavac je sve vrijeme prodavao svoju vodu Tuzli. Isporu\u010divao iz jezera Modrac, slabofiltriranu. To su stvari protiv kojih sam se borio godinama i borim se i sada. Na\u017ealost, vrlo je zahtjevan proces projektiranja, izrade i konstrukcije financiranja tvornice vode. Obavili smo puno priprema da ne bismo pogrije\u0161ili. O\u010dekujemo da ta utrka krene ove godine&#8221;, isti\u010de Deli\u0107 i dodaje da je odre\u0111ena i lokacija za tvornicu te obnovljen vodovod Toplice, s kojeg se Lukavac prije napajao.<\/p>\n\n\n\n<p>On bi mogao ove godine biti stavljen u funkciju, ukoliko se postigne dogovor o dodatnim koli\u010dinama vode.<\/p>\n\n\n\n<p><br>Uglavnom, u BIH ne mora\u0161 imati pitku vodu da bi dobio status grada. Nevjerojatno, zar ne?<\/p>\n\n\n\n<p>Izvor:nezavisne.com<\/p>\n","protected":false},"excerpt":{"rendered":"<p>Krajem sije\u010dnja bi trebale po\u010deti aktivnosti za izgradnju postrojenja za tretman pitke vode u Lukavcu, \u0161to bi bio uvod da ovaj grad kona\u010dno vrati pitku vodu u svoje slavine. Naime, Lukavac oko 20 godina nema pitke vode. Vlada FBiH u kolovozu pro\u0161le godine je predlo\u017eila da \u0161est op\u0107ina dobije status grada i \u010deka se potvrda [&hellip;]<\/p>\n","protected":false},"author":2,"featured_media":104809,"comment_status":"closed","ping_status":"closed","sticky":false,"template":"","format":"standard","meta":{"h5ap_radio_sources":[],"footnotes":""},"categories":[1],"tags":[],"class_list":["post-104807","post","type-post","status-publish","format-standard","has-post-thumbnail","hentry","category-bihiregija"],"yoast_head":"<!-- This site is optimized with the Yoast SEO plugin v27.4 - https:\/\/yoast.com\/product\/yoast-seo-wordpress\/ -->\n<title>Lukavac postaje grad, a nema pitku vodu - RADIO LJUBU\u0160KI<\/title>\n<meta name=\"robots\" content=\"index, follow, max-snippet:-1, max-image-preview:large, max-video-preview:-1\" \/>\n<link rel=\"canonical\" href=\"https:\/\/radioljubuski.ba\/index.php\/2022\/01\/05\/lukavac-postaje-grad-a-nema-pitku-vodu\/\" \/>\n<meta property=\"og:locale\" content=\"hr_HR\" \/>\n<meta property=\"og:type\" content=\"article\" \/>\n<meta property=\"og:title\" content=\"Lukavac postaje grad, a nema pitku vodu - RADIO LJUBU\u0160KI\" \/>\n<meta property=\"og:description\" content=\"Krajem sije\u010dnja bi trebale po\u010deti aktivnosti za izgradnju postrojenja za tretman pitke vode u Lukavcu, \u0161to bi bio uvod da ovaj grad kona\u010dno vrati pitku vodu u svoje slavine. Naime, Lukavac oko 20 godina nema pitke vode. Vlada FBiH u kolovozu pro\u0161le godine je predlo\u017eila da \u0161est op\u0107ina dobije status grada i \u010deka se potvrda [&hellip;]\" \/>\n<meta property=\"og:url\" content=\"https:\/\/radioljubuski.ba\/index.php\/2022\/01\/05\/lukavac-postaje-grad-a-nema-pitku-vodu\/\" \/>\n<meta property=\"og:site_name\" content=\"RADIO LJUBU\u0160KI\" \/>\n<meta property=\"article:publisher\" content=\"https:\/\/www.facebook.com\/Radiio-Ljubuski-1490835324566332\" \/>\n<meta property=\"article:published_time\" content=\"2022-01-05T08:26:44+00:00\" \/>\n<meta property=\"og:image\" content=\"https:\/\/radioljubuski.ba\/wp-content\/uploads\/2022\/01\/2-2022-01-05-08-07-34-lukavac.jpg\" \/>\n\t<meta property=\"og:image:width\" content=\"1000\" \/>\n\t<meta property=\"og:image:height\" content=\"625\" \/>\n\t<meta property=\"og:image:type\" content=\"image\/jpeg\" \/>\n<meta name=\"author\" content=\"Radio Ljubu\u0161ki\" \/>\n<meta name=\"twitter:card\" content=\"summary_large_image\" \/>\n<meta name=\"twitter:creator\" content=\"@radioljubuski\" \/>\n<meta name=\"twitter:site\" content=\"@radioljubuski\" \/>\n<meta name=\"twitter:label1\" content=\"Napisao\/la\" \/>\n\t<meta name=\"twitter:data1\" content=\"Radio Ljubu\u0161ki\" \/>\n\t<meta name=\"twitter:label2\" content=\"Procijenjeno vrijeme \u010ditanja\" \/>\n\t<meta name=\"twitter:data2\" content=\"2 minute\" \/>\n<script type=\"application\/ld+json\" class=\"yoast-schema-graph\">{\"@context\":\"https:\\\/\\\/schema.org\",\"@graph\":[{\"@type\":\"Article\",\"@id\":\"https:\\\/\\\/radioljubuski.ba\\\/index.php\\\/2022\\\/01\\\/05\\\/lukavac-postaje-grad-a-nema-pitku-vodu\\\/#article\",\"isPartOf\":{\"@id\":\"https:\\\/\\\/radioljubuski.ba\\\/index.php\\\/2022\\\/01\\\/05\\\/lukavac-postaje-grad-a-nema-pitku-vodu\\\/\"},\"author\":{\"name\":\"Radio Ljubu\u0161ki\",\"@id\":\"https:\\\/\\\/radioljubuski.ba\\\/#\\\/schema\\\/person\\\/19fc700381a780f69665d7956c469e3b\"},\"headline\":\"Lukavac postaje grad, a nema pitku vodu\",\"datePublished\":\"2022-01-05T08:26:44+00:00\",\"mainEntityOfPage\":{\"@id\":\"https:\\\/\\\/radioljubuski.ba\\\/index.php\\\/2022\\\/01\\\/05\\\/lukavac-postaje-grad-a-nema-pitku-vodu\\\/\"},\"wordCount\":419,\"publisher\":{\"@id\":\"https:\\\/\\\/radioljubuski.ba\\\/#organization\"},\"image\":{\"@id\":\"https:\\\/\\\/radioljubuski.ba\\\/index.php\\\/2022\\\/01\\\/05\\\/lukavac-postaje-grad-a-nema-pitku-vodu\\\/#primaryimage\"},\"thumbnailUrl\":\"https:\\\/\\\/radioljubuski.ba\\\/wp-content\\\/uploads\\\/2022\\\/01\\\/2-2022-01-05-08-07-34-lukavac.jpg\",\"articleSection\":[\"BIH i regija\"],\"inLanguage\":\"hr\"},{\"@type\":\"WebPage\",\"@id\":\"https:\\\/\\\/radioljubuski.ba\\\/index.php\\\/2022\\\/01\\\/05\\\/lukavac-postaje-grad-a-nema-pitku-vodu\\\/\",\"url\":\"https:\\\/\\\/radioljubuski.ba\\\/index.php\\\/2022\\\/01\\\/05\\\/lukavac-postaje-grad-a-nema-pitku-vodu\\\/\",\"name\":\"Lukavac postaje grad, a nema pitku vodu - RADIO LJUBU\u0160KI\",\"isPartOf\":{\"@id\":\"https:\\\/\\\/radioljubuski.ba\\\/#website\"},\"primaryImageOfPage\":{\"@id\":\"https:\\\/\\\/radioljubuski.ba\\\/index.php\\\/2022\\\/01\\\/05\\\/lukavac-postaje-grad-a-nema-pitku-vodu\\\/#primaryimage\"},\"image\":{\"@id\":\"https:\\\/\\\/radioljubuski.ba\\\/index.php\\\/2022\\\/01\\\/05\\\/lukavac-postaje-grad-a-nema-pitku-vodu\\\/#primaryimage\"},\"thumbnailUrl\":\"https:\\\/\\\/radioljubuski.ba\\\/wp-content\\\/uploads\\\/2022\\\/01\\\/2-2022-01-05-08-07-34-lukavac.jpg\",\"datePublished\":\"2022-01-05T08:26:44+00:00\",\"breadcrumb\":{\"@id\":\"https:\\\/\\\/radioljubuski.ba\\\/index.php\\\/2022\\\/01\\\/05\\\/lukavac-postaje-grad-a-nema-pitku-vodu\\\/#breadcrumb\"},\"inLanguage\":\"hr\",\"potentialAction\":[{\"@type\":\"ReadAction\",\"target\":[\"https:\\\/\\\/radioljubuski.ba\\\/index.php\\\/2022\\\/01\\\/05\\\/lukavac-postaje-grad-a-nema-pitku-vodu\\\/\"]}]},{\"@type\":\"ImageObject\",\"inLanguage\":\"hr\",\"@id\":\"https:\\\/\\\/radioljubuski.ba\\\/index.php\\\/2022\\\/01\\\/05\\\/lukavac-postaje-grad-a-nema-pitku-vodu\\\/#primaryimage\",\"url\":\"https:\\\/\\\/radioljubuski.ba\\\/wp-content\\\/uploads\\\/2022\\\/01\\\/2-2022-01-05-08-07-34-lukavac.jpg\",\"contentUrl\":\"https:\\\/\\\/radioljubuski.ba\\\/wp-content\\\/uploads\\\/2022\\\/01\\\/2-2022-01-05-08-07-34-lukavac.jpg\",\"width\":1000,\"height\":625},{\"@type\":\"BreadcrumbList\",\"@id\":\"https:\\\/\\\/radioljubuski.ba\\\/index.php\\\/2022\\\/01\\\/05\\\/lukavac-postaje-grad-a-nema-pitku-vodu\\\/#breadcrumb\",\"itemListElement\":[{\"@type\":\"ListItem\",\"position\":1,\"name\":\"Po\u010detna stranica\",\"item\":\"https:\\\/\\\/radioljubuski.ba\\\/\"},{\"@type\":\"ListItem\",\"position\":2,\"name\":\"Lukavac postaje grad, a nema pitku vodu\"}]},{\"@type\":\"WebSite\",\"@id\":\"https:\\\/\\\/radioljubuski.ba\\\/#website\",\"url\":\"https:\\\/\\\/radioljubuski.ba\\\/\",\"name\":\"Radio Ljubu\u0161ki\",\"description\":\"Sun\u010dana frekvencija Hercegovine\",\"publisher\":{\"@id\":\"https:\\\/\\\/radioljubuski.ba\\\/#organization\"},\"potentialAction\":[{\"@type\":\"SearchAction\",\"target\":{\"@type\":\"EntryPoint\",\"urlTemplate\":\"https:\\\/\\\/radioljubuski.ba\\\/?s={search_term_string}\"},\"query-input\":{\"@type\":\"PropertyValueSpecification\",\"valueRequired\":true,\"valueName\":\"search_term_string\"}}],\"inLanguage\":\"hr\"},{\"@type\":\"Organization\",\"@id\":\"https:\\\/\\\/radioljubuski.ba\\\/#organization\",\"name\":\"Radio Ljubu\u0161ki\",\"url\":\"https:\\\/\\\/radioljubuski.ba\\\/\",\"logo\":{\"@type\":\"ImageObject\",\"inLanguage\":\"hr\",\"@id\":\"https:\\\/\\\/radioljubuski.ba\\\/#\\\/schema\\\/logo\\\/image\\\/\",\"url\":\"https:\\\/\\\/radioljubuski.ba\\\/wp-content\\\/uploads\\\/2021\\\/02\\\/cropped-Radio_Ljubuski_logo1.jpg\",\"contentUrl\":\"https:\\\/\\\/radioljubuski.ba\\\/wp-content\\\/uploads\\\/2021\\\/02\\\/cropped-Radio_Ljubuski_logo1.jpg\",\"width\":512,\"height\":512,\"caption\":\"Radio Ljubu\u0161ki\"},\"image\":{\"@id\":\"https:\\\/\\\/radioljubuski.ba\\\/#\\\/schema\\\/logo\\\/image\\\/\"},\"sameAs\":[\"https:\\\/\\\/www.facebook.com\\\/Radiio-Ljubuski-1490835324566332\",\"https:\\\/\\\/x.com\\\/radioljubuski\",\"https:\\\/\\\/hr.linkedin.com\\\/company\\\/radio-ljubuski\",\"https:\\\/\\\/www.youtube.com\\\/channel\\\/UCHYaeO_n0Db3tjNGudGpXyw\"]},{\"@type\":\"Person\",\"@id\":\"https:\\\/\\\/radioljubuski.ba\\\/#\\\/schema\\\/person\\\/19fc700381a780f69665d7956c469e3b\",\"name\":\"Radio Ljubu\u0161ki\"}]}<\/script>\n<!-- \/ Yoast SEO plugin. -->","yoast_head_json":{"title":"Lukavac postaje grad, a nema pitku vodu - RADIO LJUBU\u0160KI","robots":{"index":"index","follow":"follow","max-snippet":"max-snippet:-1","max-image-preview":"max-image-preview:large","max-video-preview":"max-video-preview:-1"},"canonical":"https:\/\/radioljubuski.ba\/index.php\/2022\/01\/05\/lukavac-postaje-grad-a-nema-pitku-vodu\/","og_locale":"hr_HR","og_type":"article","og_title":"Lukavac postaje grad, a nema pitku vodu - RADIO LJUBU\u0160KI","og_description":"Krajem sije\u010dnja bi trebale po\u010deti aktivnosti za izgradnju postrojenja za tretman pitke vode u Lukavcu, \u0161to bi bio uvod da ovaj grad kona\u010dno vrati pitku vodu u svoje slavine. Naime, Lukavac oko 20 godina nema pitke vode. Vlada FBiH u kolovozu pro\u0161le godine je predlo\u017eila da \u0161est op\u0107ina dobije status grada i \u010deka se potvrda [&hellip;]","og_url":"https:\/\/radioljubuski.ba\/index.php\/2022\/01\/05\/lukavac-postaje-grad-a-nema-pitku-vodu\/","og_site_name":"RADIO LJUBU\u0160KI","article_publisher":"https:\/\/www.facebook.com\/Radiio-Ljubuski-1490835324566332","article_published_time":"2022-01-05T08:26:44+00:00","og_image":[{"width":1000,"height":625,"url":"https:\/\/radioljubuski.ba\/wp-content\/uploads\/2022\/01\/2-2022-01-05-08-07-34-lukavac.jpg","type":"image\/jpeg"}],"author":"Radio Ljubu\u0161ki","twitter_card":"summary_large_image","twitter_creator":"@radioljubuski","twitter_site":"@radioljubuski","twitter_misc":{"Napisao\/la":"Radio Ljubu\u0161ki","Procijenjeno vrijeme \u010ditanja":"2 minute"},"schema":{"@context":"https:\/\/schema.org","@graph":[{"@type":"Article","@id":"https:\/\/radioljubuski.ba\/index.php\/2022\/01\/05\/lukavac-postaje-grad-a-nema-pitku-vodu\/#article","isPartOf":{"@id":"https:\/\/radioljubuski.ba\/index.php\/2022\/01\/05\/lukavac-postaje-grad-a-nema-pitku-vodu\/"},"author":{"name":"Radio Ljubu\u0161ki","@id":"https:\/\/radioljubuski.ba\/#\/schema\/person\/19fc700381a780f69665d7956c469e3b"},"headline":"Lukavac postaje grad, a nema pitku vodu","datePublished":"2022-01-05T08:26:44+00:00","mainEntityOfPage":{"@id":"https:\/\/radioljubuski.ba\/index.php\/2022\/01\/05\/lukavac-postaje-grad-a-nema-pitku-vodu\/"},"wordCount":419,"publisher":{"@id":"https:\/\/radioljubuski.ba\/#organization"},"image":{"@id":"https:\/\/radioljubuski.ba\/index.php\/2022\/01\/05\/lukavac-postaje-grad-a-nema-pitku-vodu\/#primaryimage"},"thumbnailUrl":"https:\/\/radioljubuski.ba\/wp-content\/uploads\/2022\/01\/2-2022-01-05-08-07-34-lukavac.jpg","articleSection":["BIH i regija"],"inLanguage":"hr"},{"@type":"WebPage","@id":"https:\/\/radioljubuski.ba\/index.php\/2022\/01\/05\/lukavac-postaje-grad-a-nema-pitku-vodu\/","url":"https:\/\/radioljubuski.ba\/index.php\/2022\/01\/05\/lukavac-postaje-grad-a-nema-pitku-vodu\/","name":"Lukavac postaje grad, a nema pitku vodu - RADIO LJUBU\u0160KI","isPartOf":{"@id":"https:\/\/radioljubuski.ba\/#website"},"primaryImageOfPage":{"@id":"https:\/\/radioljubuski.ba\/index.php\/2022\/01\/05\/lukavac-postaje-grad-a-nema-pitku-vodu\/#primaryimage"},"image":{"@id":"https:\/\/radioljubuski.ba\/index.php\/2022\/01\/05\/lukavac-postaje-grad-a-nema-pitku-vodu\/#primaryimage"},"thumbnailUrl":"https:\/\/radioljubuski.ba\/wp-content\/uploads\/2022\/01\/2-2022-01-05-08-07-34-lukavac.jpg","datePublished":"2022-01-05T08:26:44+00:00","breadcrumb":{"@id":"https:\/\/radioljubuski.ba\/index.php\/2022\/01\/05\/lukavac-postaje-grad-a-nema-pitku-vodu\/#breadcrumb"},"inLanguage":"hr","potentialAction":[{"@type":"ReadAction","target":["https:\/\/radioljubuski.ba\/index.php\/2022\/01\/05\/lukavac-postaje-grad-a-nema-pitku-vodu\/"]}]},{"@type":"ImageObject","inLanguage":"hr","@id":"https:\/\/radioljubuski.ba\/index.php\/2022\/01\/05\/lukavac-postaje-grad-a-nema-pitku-vodu\/#primaryimage","url":"https:\/\/radioljubuski.ba\/wp-content\/uploads\/2022\/01\/2-2022-01-05-08-07-34-lukavac.jpg","contentUrl":"https:\/\/radioljubuski.ba\/wp-content\/uploads\/2022\/01\/2-2022-01-05-08-07-34-lukavac.jpg","width":1000,"height":625},{"@type":"BreadcrumbList","@id":"https:\/\/radioljubuski.ba\/index.php\/2022\/01\/05\/lukavac-postaje-grad-a-nema-pitku-vodu\/#breadcrumb","itemListElement":[{"@type":"ListItem","position":1,"name":"Po\u010detna stranica","item":"https:\/\/radioljubuski.ba\/"},{"@type":"ListItem","position":2,"name":"Lukavac postaje grad, a nema pitku vodu"}]},{"@type":"WebSite","@id":"https:\/\/radioljubuski.ba\/#website","url":"https:\/\/radioljubuski.ba\/","name":"Radio Ljubu\u0161ki","description":"Sun\u010dana frekvencija Hercegovine","publisher":{"@id":"https:\/\/radioljubuski.ba\/#organization"},"potentialAction":[{"@type":"SearchAction","target":{"@type":"EntryPoint","urlTemplate":"https:\/\/radioljubuski.ba\/?s={search_term_string}"},"query-input":{"@type":"PropertyValueSpecification","valueRequired":true,"valueName":"search_term_string"}}],"inLanguage":"hr"},{"@type":"Organization","@id":"https:\/\/radioljubuski.ba\/#organization","name":"Radio Ljubu\u0161ki","url":"https:\/\/radioljubuski.ba\/","logo":{"@type":"ImageObject","inLanguage":"hr","@id":"https:\/\/radioljubuski.ba\/#\/schema\/logo\/image\/","url":"https:\/\/radioljubuski.ba\/wp-content\/uploads\/2021\/02\/cropped-Radio_Ljubuski_logo1.jpg","contentUrl":"https:\/\/radioljubuski.ba\/wp-content\/uploads\/2021\/02\/cropped-Radio_Ljubuski_logo1.jpg","width":512,"height":512,"caption":"Radio Ljubu\u0161ki"},"image":{"@id":"https:\/\/radioljubuski.ba\/#\/schema\/logo\/image\/"},"sameAs":["https:\/\/www.facebook.com\/Radiio-Ljubuski-1490835324566332","https:\/\/x.com\/radioljubuski","https:\/\/hr.linkedin.com\/company\/radio-ljubuski","https:\/\/www.youtube.com\/channel\/UCHYaeO_n0Db3tjNGudGpXyw"]},{"@type":"Person","@id":"https:\/\/radioljubuski.ba\/#\/schema\/person\/19fc700381a780f69665d7956c469e3b","name":"Radio Ljubu\u0161ki"}]}},"_links":{"self":[{"href":"https:\/\/radioljubuski.ba\/index.php\/wp-json\/wp\/v2\/posts\/104807","targetHints":{"allow":["GET"]}}],"collection":[{"href":"https:\/\/radioljubuski.ba\/index.php\/wp-json\/wp\/v2\/posts"}],"about":[{"href":"https:\/\/radioljubuski.ba\/index.php\/wp-json\/wp\/v2\/types\/post"}],"author":[{"embeddable":true,"href":"https:\/\/radioljubuski.ba\/index.php\/wp-json\/wp\/v2\/users\/2"}],"replies":[{"embeddable":true,"href":"https:\/\/radioljubuski.ba\/index.php\/wp-json\/wp\/v2\/comments?post=104807"}],"version-history":[{"count":1,"href":"https:\/\/radioljubuski.ba\/index.php\/wp-json\/wp\/v2\/posts\/104807\/revisions"}],"predecessor-version":[{"id":104810,"href":"https:\/\/radioljubuski.ba\/index.php\/wp-json\/wp\/v2\/posts\/104807\/revisions\/104810"}],"wp:featuredmedia":[{"embeddable":true,"href":"https:\/\/radioljubuski.ba\/index.php\/wp-json\/wp\/v2\/media\/104809"}],"wp:attachment":[{"href":"https:\/\/radioljubuski.ba\/index.php\/wp-json\/wp\/v2\/media?parent=104807"}],"wp:term":[{"taxonomy":"category","embeddable":true,"href":"https:\/\/radioljubuski.ba\/index.php\/wp-json\/wp\/v2\/categories?post=104807"},{"taxonomy":"post_tag","embeddable":true,"href":"https:\/\/radioljubuski.ba\/index.php\/wp-json\/wp\/v2\/tags?post=104807"}],"curies":[{"name":"wp","href":"https:\/\/api.w.org\/{rel}","templated":true}]}}