{"id":104812,"date":"2022-01-05T09:27:43","date_gmt":"2022-01-05T08:27:43","guid":{"rendered":"https:\/\/radioljubuski.ba\/?p=104812"},"modified":"2022-01-05T09:27:44","modified_gmt":"2022-01-05T08:27:44","slug":"povucene-kineske-lampice-na-bh-trzistu-zbog-opasnosti","status":"publish","type":"post","link":"https:\/\/radioljubuski.ba\/index.php\/2022\/01\/05\/povucene-kineske-lampice-na-bh-trzistu-zbog-opasnosti\/","title":{"rendered":"Povu\u010dene kineske lampice na bh. tr\u017ei\u0161tu zbog opasnosti"},"content":{"rendered":"\n<p>Sa tr\u017ei\u0161ta BiH povu\u010deni su svjetlosni lanac sa 100 lampica, jer predstavlja opasnost od strujnog udara i po\u017eara, kao i dva modela bicikla za djecu zbog rizika od ozljeda, a kupcima se preporu\u010duje da ove kineske proizvode vrate u trgovine.<\/p>\n\n\n\n<p>Svjetlosni lanac sa 100 lampica, bez oznake modela i tipa, te nepoznatog bar koda, predstavlja opasnost od strujnog udara i po\u017eara, jer napojni kabal ne ispunjava zahtjeve elektri\u010dne izdr\u017eljivosti i nema propisanu du\u017einu, a proizvod ne sadr\u017ei neophodna upozorenja.<\/p>\n\n\n\n<p>Svjetlosni lanac nije propisno ozna\u010den, a ni uskla\u0111en sa Naredbom o elektri\u010dnoj opremi namijenjenoj za upotrebu unutar odre\u0111enih naponskih granica i standardom BAS EN 60598-2-20:2016, objavila je Agencija za nadzor nad tr\u017ei\u0161tem BiH.<\/p>\n\n\n\n<p>Nadle\u017ena inspekcija je nalo\u017eila mjere povla\u010denja proizvoda sa tr\u017ei\u0161ta i njegovo uni\u0161tavanje, navode iz Agencije.<\/p>\n\n\n\n<p>Bicikl za djecu &#8220;smart 12&#8221; , \u010diji je bar kod 8602090030121 predstavlja rizik od ozljede, jer sile ko\u010denja na prednjem i zadnjem to\u010dku nisu dovoljne, zahtjevi za ozna\u010davanje i upute za upotrebu nisu u skladu sa propisanim zahtjevima, a proizvod ne ispunjava sigurnosne zahtjeve propisane u standardu BAS EN ISO 8098:2015.<\/p>\n\n\n\n<p>Ni bicikl za djecu &#8220;john speed 618-16&#8221; ne ispunjava zahtjeve propisane u navedenom standardu, ni njemu sile ko\u010denja na prednjem i zadnjem to\u010dku nisu dovoljne, dr\u017ea\u010di na upravlja\u010dima ne ispunjavaju propisane zahtjeve, za\u0161tita na lancu nije u skladu sa propisanim zahtjevima, a zahtjevi vezani za ozna\u010davanje i upute za upotrebu nisu u skladu sa propisanim.<\/p>\n\n\n\n<p>Izvor:nezavisne.com<\/p>\n","protected":false},"excerpt":{"rendered":"<p>Sa tr\u017ei\u0161ta BiH povu\u010deni su svjetlosni lanac sa 100 lampica, jer predstavlja opasnost od strujnog udara i po\u017eara, kao i dva modela bicikla za djecu zbog rizika od ozljeda, a kupcima se preporu\u010duje da ove kineske proizvode vrate u trgovine. Svjetlosni lanac sa 100 lampica, bez oznake modela i tipa, te nepoznatog bar koda, predstavlja [&hellip;]<\/p>\n","protected":false},"author":2,"featured_media":104813,"comment_status":"closed","ping_status":"closed","sticky":false,"template":"","format":"standard","meta":{"h5ap_radio_sources":[],"footnotes":""},"categories":[1],"tags":[],"class_list":["post-104812","post","type-post","status-publish","format-standard","has-post-thumbnail","hentry","category-bihiregija"],"yoast_head":"<!-- This site is optimized with the Yoast SEO plugin v27.4 - https:\/\/yoast.com\/product\/yoast-seo-wordpress\/ -->\n<title>Povu\u010dene kineske lampice na bh. tr\u017ei\u0161tu zbog opasnosti - RADIO LJUBU\u0160KI<\/title>\n<meta name=\"robots\" content=\"index, follow, max-snippet:-1, max-image-preview:large, max-video-preview:-1\" \/>\n<link rel=\"canonical\" href=\"https:\/\/radioljubuski.ba\/index.php\/2022\/01\/05\/povucene-kineske-lampice-na-bh-trzistu-zbog-opasnosti\/\" \/>\n<meta property=\"og:locale\" content=\"hr_HR\" \/>\n<meta property=\"og:type\" content=\"article\" \/>\n<meta property=\"og:title\" content=\"Povu\u010dene kineske lampice na bh. tr\u017ei\u0161tu zbog opasnosti - RADIO LJUBU\u0160KI\" \/>\n<meta property=\"og:description\" content=\"Sa tr\u017ei\u0161ta BiH povu\u010deni su svjetlosni lanac sa 100 lampica, jer predstavlja opasnost od strujnog udara i po\u017eara, kao i dva modela bicikla za djecu zbog rizika od ozljeda, a kupcima se preporu\u010duje da ove kineske proizvode vrate u trgovine. Svjetlosni lanac sa 100 lampica, bez oznake modela i tipa, te nepoznatog bar koda, predstavlja [&hellip;]\" \/>\n<meta property=\"og:url\" content=\"https:\/\/radioljubuski.ba\/index.php\/2022\/01\/05\/povucene-kineske-lampice-na-bh-trzistu-zbog-opasnosti\/\" \/>\n<meta property=\"og:site_name\" content=\"RADIO LJUBU\u0160KI\" \/>\n<meta property=\"article:publisher\" content=\"https:\/\/www.facebook.com\/Radiio-Ljubuski-1490835324566332\" \/>\n<meta property=\"article:published_time\" content=\"2022-01-05T08:27:43+00:00\" \/>\n<meta property=\"article:modified_time\" content=\"2022-01-05T08:27:44+00:00\" \/>\n<meta property=\"og:image\" content=\"https:\/\/radioljubuski.ba\/wp-content\/uploads\/2022\/01\/7-2022-01-04-18-21-46-christmaslights.jpg\" \/>\n\t<meta property=\"og:image:width\" content=\"1000\" \/>\n\t<meta property=\"og:image:height\" content=\"625\" \/>\n\t<meta property=\"og:image:type\" content=\"image\/jpeg\" \/>\n<meta name=\"author\" content=\"Radio Ljubu\u0161ki\" \/>\n<meta name=\"twitter:card\" content=\"summary_large_image\" \/>\n<meta name=\"twitter:creator\" content=\"@radioljubuski\" \/>\n<meta name=\"twitter:site\" content=\"@radioljubuski\" \/>\n<meta name=\"twitter:label1\" content=\"Napisao\/la\" \/>\n\t<meta name=\"twitter:data1\" content=\"Radio Ljubu\u0161ki\" \/>\n\t<meta name=\"twitter:label2\" content=\"Procijenjeno vrijeme \u010ditanja\" \/>\n\t<meta name=\"twitter:data2\" content=\"2 minute\" \/>\n<script type=\"application\/ld+json\" class=\"yoast-schema-graph\">{\"@context\":\"https:\\\/\\\/schema.org\",\"@graph\":[{\"@type\":\"Article\",\"@id\":\"https:\\\/\\\/radioljubuski.ba\\\/index.php\\\/2022\\\/01\\\/05\\\/povucene-kineske-lampice-na-bh-trzistu-zbog-opasnosti\\\/#article\",\"isPartOf\":{\"@id\":\"https:\\\/\\\/radioljubuski.ba\\\/index.php\\\/2022\\\/01\\\/05\\\/povucene-kineske-lampice-na-bh-trzistu-zbog-opasnosti\\\/\"},\"author\":{\"name\":\"Radio Ljubu\u0161ki\",\"@id\":\"https:\\\/\\\/radioljubuski.ba\\\/#\\\/schema\\\/person\\\/19fc700381a780f69665d7956c469e3b\"},\"headline\":\"Povu\u010dene kineske lampice na bh. tr\u017ei\u0161tu zbog opasnosti\",\"datePublished\":\"2022-01-05T08:27:43+00:00\",\"dateModified\":\"2022-01-05T08:27:44+00:00\",\"mainEntityOfPage\":{\"@id\":\"https:\\\/\\\/radioljubuski.ba\\\/index.php\\\/2022\\\/01\\\/05\\\/povucene-kineske-lampice-na-bh-trzistu-zbog-opasnosti\\\/\"},\"wordCount\":274,\"publisher\":{\"@id\":\"https:\\\/\\\/radioljubuski.ba\\\/#organization\"},\"image\":{\"@id\":\"https:\\\/\\\/radioljubuski.ba\\\/index.php\\\/2022\\\/01\\\/05\\\/povucene-kineske-lampice-na-bh-trzistu-zbog-opasnosti\\\/#primaryimage\"},\"thumbnailUrl\":\"https:\\\/\\\/radioljubuski.ba\\\/wp-content\\\/uploads\\\/2022\\\/01\\\/7-2022-01-04-18-21-46-christmaslights.jpg\",\"articleSection\":[\"BIH i regija\"],\"inLanguage\":\"hr\"},{\"@type\":\"WebPage\",\"@id\":\"https:\\\/\\\/radioljubuski.ba\\\/index.php\\\/2022\\\/01\\\/05\\\/povucene-kineske-lampice-na-bh-trzistu-zbog-opasnosti\\\/\",\"url\":\"https:\\\/\\\/radioljubuski.ba\\\/index.php\\\/2022\\\/01\\\/05\\\/povucene-kineske-lampice-na-bh-trzistu-zbog-opasnosti\\\/\",\"name\":\"Povu\u010dene kineske lampice na bh. tr\u017ei\u0161tu zbog opasnosti - RADIO LJUBU\u0160KI\",\"isPartOf\":{\"@id\":\"https:\\\/\\\/radioljubuski.ba\\\/#website\"},\"primaryImageOfPage\":{\"@id\":\"https:\\\/\\\/radioljubuski.ba\\\/index.php\\\/2022\\\/01\\\/05\\\/povucene-kineske-lampice-na-bh-trzistu-zbog-opasnosti\\\/#primaryimage\"},\"image\":{\"@id\":\"https:\\\/\\\/radioljubuski.ba\\\/index.php\\\/2022\\\/01\\\/05\\\/povucene-kineske-lampice-na-bh-trzistu-zbog-opasnosti\\\/#primaryimage\"},\"thumbnailUrl\":\"https:\\\/\\\/radioljubuski.ba\\\/wp-content\\\/uploads\\\/2022\\\/01\\\/7-2022-01-04-18-21-46-christmaslights.jpg\",\"datePublished\":\"2022-01-05T08:27:43+00:00\",\"dateModified\":\"2022-01-05T08:27:44+00:00\",\"breadcrumb\":{\"@id\":\"https:\\\/\\\/radioljubuski.ba\\\/index.php\\\/2022\\\/01\\\/05\\\/povucene-kineske-lampice-na-bh-trzistu-zbog-opasnosti\\\/#breadcrumb\"},\"inLanguage\":\"hr\",\"potentialAction\":[{\"@type\":\"ReadAction\",\"target\":[\"https:\\\/\\\/radioljubuski.ba\\\/index.php\\\/2022\\\/01\\\/05\\\/povucene-kineske-lampice-na-bh-trzistu-zbog-opasnosti\\\/\"]}]},{\"@type\":\"ImageObject\",\"inLanguage\":\"hr\",\"@id\":\"https:\\\/\\\/radioljubuski.ba\\\/index.php\\\/2022\\\/01\\\/05\\\/povucene-kineske-lampice-na-bh-trzistu-zbog-opasnosti\\\/#primaryimage\",\"url\":\"https:\\\/\\\/radioljubuski.ba\\\/wp-content\\\/uploads\\\/2022\\\/01\\\/7-2022-01-04-18-21-46-christmaslights.jpg\",\"contentUrl\":\"https:\\\/\\\/radioljubuski.ba\\\/wp-content\\\/uploads\\\/2022\\\/01\\\/7-2022-01-04-18-21-46-christmaslights.jpg\",\"width\":1000,\"height\":625},{\"@type\":\"BreadcrumbList\",\"@id\":\"https:\\\/\\\/radioljubuski.ba\\\/index.php\\\/2022\\\/01\\\/05\\\/povucene-kineske-lampice-na-bh-trzistu-zbog-opasnosti\\\/#breadcrumb\",\"itemListElement\":[{\"@type\":\"ListItem\",\"position\":1,\"name\":\"Po\u010detna stranica\",\"item\":\"https:\\\/\\\/radioljubuski.ba\\\/\"},{\"@type\":\"ListItem\",\"position\":2,\"name\":\"Povu\u010dene kineske lampice na bh. tr\u017ei\u0161tu zbog opasnosti\"}]},{\"@type\":\"WebSite\",\"@id\":\"https:\\\/\\\/radioljubuski.ba\\\/#website\",\"url\":\"https:\\\/\\\/radioljubuski.ba\\\/\",\"name\":\"Radio Ljubu\u0161ki\",\"description\":\"Sun\u010dana frekvencija Hercegovine\",\"publisher\":{\"@id\":\"https:\\\/\\\/radioljubuski.ba\\\/#organization\"},\"potentialAction\":[{\"@type\":\"SearchAction\",\"target\":{\"@type\":\"EntryPoint\",\"urlTemplate\":\"https:\\\/\\\/radioljubuski.ba\\\/?s={search_term_string}\"},\"query-input\":{\"@type\":\"PropertyValueSpecification\",\"valueRequired\":true,\"valueName\":\"search_term_string\"}}],\"inLanguage\":\"hr\"},{\"@type\":\"Organization\",\"@id\":\"https:\\\/\\\/radioljubuski.ba\\\/#organization\",\"name\":\"Radio Ljubu\u0161ki\",\"url\":\"https:\\\/\\\/radioljubuski.ba\\\/\",\"logo\":{\"@type\":\"ImageObject\",\"inLanguage\":\"hr\",\"@id\":\"https:\\\/\\\/radioljubuski.ba\\\/#\\\/schema\\\/logo\\\/image\\\/\",\"url\":\"https:\\\/\\\/radioljubuski.ba\\\/wp-content\\\/uploads\\\/2021\\\/02\\\/cropped-Radio_Ljubuski_logo1.jpg\",\"contentUrl\":\"https:\\\/\\\/radioljubuski.ba\\\/wp-content\\\/uploads\\\/2021\\\/02\\\/cropped-Radio_Ljubuski_logo1.jpg\",\"width\":512,\"height\":512,\"caption\":\"Radio Ljubu\u0161ki\"},\"image\":{\"@id\":\"https:\\\/\\\/radioljubuski.ba\\\/#\\\/schema\\\/logo\\\/image\\\/\"},\"sameAs\":[\"https:\\\/\\\/www.facebook.com\\\/Radiio-Ljubuski-1490835324566332\",\"https:\\\/\\\/x.com\\\/radioljubuski\",\"https:\\\/\\\/hr.linkedin.com\\\/company\\\/radio-ljubuski\",\"https:\\\/\\\/www.youtube.com\\\/channel\\\/UCHYaeO_n0Db3tjNGudGpXyw\"]},{\"@type\":\"Person\",\"@id\":\"https:\\\/\\\/radioljubuski.ba\\\/#\\\/schema\\\/person\\\/19fc700381a780f69665d7956c469e3b\",\"name\":\"Radio Ljubu\u0161ki\"}]}<\/script>\n<!-- \/ Yoast SEO plugin. -->","yoast_head_json":{"title":"Povu\u010dene kineske lampice na bh. tr\u017ei\u0161tu zbog opasnosti - RADIO LJUBU\u0160KI","robots":{"index":"index","follow":"follow","max-snippet":"max-snippet:-1","max-image-preview":"max-image-preview:large","max-video-preview":"max-video-preview:-1"},"canonical":"https:\/\/radioljubuski.ba\/index.php\/2022\/01\/05\/povucene-kineske-lampice-na-bh-trzistu-zbog-opasnosti\/","og_locale":"hr_HR","og_type":"article","og_title":"Povu\u010dene kineske lampice na bh. tr\u017ei\u0161tu zbog opasnosti - RADIO LJUBU\u0160KI","og_description":"Sa tr\u017ei\u0161ta BiH povu\u010deni su svjetlosni lanac sa 100 lampica, jer predstavlja opasnost od strujnog udara i po\u017eara, kao i dva modela bicikla za djecu zbog rizika od ozljeda, a kupcima se preporu\u010duje da ove kineske proizvode vrate u trgovine. Svjetlosni lanac sa 100 lampica, bez oznake modela i tipa, te nepoznatog bar koda, predstavlja [&hellip;]","og_url":"https:\/\/radioljubuski.ba\/index.php\/2022\/01\/05\/povucene-kineske-lampice-na-bh-trzistu-zbog-opasnosti\/","og_site_name":"RADIO LJUBU\u0160KI","article_publisher":"https:\/\/www.facebook.com\/Radiio-Ljubuski-1490835324566332","article_published_time":"2022-01-05T08:27:43+00:00","article_modified_time":"2022-01-05T08:27:44+00:00","og_image":[{"width":1000,"height":625,"url":"https:\/\/radioljubuski.ba\/wp-content\/uploads\/2022\/01\/7-2022-01-04-18-21-46-christmaslights.jpg","type":"image\/jpeg"}],"author":"Radio Ljubu\u0161ki","twitter_card":"summary_large_image","twitter_creator":"@radioljubuski","twitter_site":"@radioljubuski","twitter_misc":{"Napisao\/la":"Radio Ljubu\u0161ki","Procijenjeno vrijeme \u010ditanja":"2 minute"},"schema":{"@context":"https:\/\/schema.org","@graph":[{"@type":"Article","@id":"https:\/\/radioljubuski.ba\/index.php\/2022\/01\/05\/povucene-kineske-lampice-na-bh-trzistu-zbog-opasnosti\/#article","isPartOf":{"@id":"https:\/\/radioljubuski.ba\/index.php\/2022\/01\/05\/povucene-kineske-lampice-na-bh-trzistu-zbog-opasnosti\/"},"author":{"name":"Radio Ljubu\u0161ki","@id":"https:\/\/radioljubuski.ba\/#\/schema\/person\/19fc700381a780f69665d7956c469e3b"},"headline":"Povu\u010dene kineske lampice na bh. tr\u017ei\u0161tu zbog opasnosti","datePublished":"2022-01-05T08:27:43+00:00","dateModified":"2022-01-05T08:27:44+00:00","mainEntityOfPage":{"@id":"https:\/\/radioljubuski.ba\/index.php\/2022\/01\/05\/povucene-kineske-lampice-na-bh-trzistu-zbog-opasnosti\/"},"wordCount":274,"publisher":{"@id":"https:\/\/radioljubuski.ba\/#organization"},"image":{"@id":"https:\/\/radioljubuski.ba\/index.php\/2022\/01\/05\/povucene-kineske-lampice-na-bh-trzistu-zbog-opasnosti\/#primaryimage"},"thumbnailUrl":"https:\/\/radioljubuski.ba\/wp-content\/uploads\/2022\/01\/7-2022-01-04-18-21-46-christmaslights.jpg","articleSection":["BIH i regija"],"inLanguage":"hr"},{"@type":"WebPage","@id":"https:\/\/radioljubuski.ba\/index.php\/2022\/01\/05\/povucene-kineske-lampice-na-bh-trzistu-zbog-opasnosti\/","url":"https:\/\/radioljubuski.ba\/index.php\/2022\/01\/05\/povucene-kineske-lampice-na-bh-trzistu-zbog-opasnosti\/","name":"Povu\u010dene kineske lampice na bh. tr\u017ei\u0161tu zbog opasnosti - RADIO LJUBU\u0160KI","isPartOf":{"@id":"https:\/\/radioljubuski.ba\/#website"},"primaryImageOfPage":{"@id":"https:\/\/radioljubuski.ba\/index.php\/2022\/01\/05\/povucene-kineske-lampice-na-bh-trzistu-zbog-opasnosti\/#primaryimage"},"image":{"@id":"https:\/\/radioljubuski.ba\/index.php\/2022\/01\/05\/povucene-kineske-lampice-na-bh-trzistu-zbog-opasnosti\/#primaryimage"},"thumbnailUrl":"https:\/\/radioljubuski.ba\/wp-content\/uploads\/2022\/01\/7-2022-01-04-18-21-46-christmaslights.jpg","datePublished":"2022-01-05T08:27:43+00:00","dateModified":"2022-01-05T08:27:44+00:00","breadcrumb":{"@id":"https:\/\/radioljubuski.ba\/index.php\/2022\/01\/05\/povucene-kineske-lampice-na-bh-trzistu-zbog-opasnosti\/#breadcrumb"},"inLanguage":"hr","potentialAction":[{"@type":"ReadAction","target":["https:\/\/radioljubuski.ba\/index.php\/2022\/01\/05\/povucene-kineske-lampice-na-bh-trzistu-zbog-opasnosti\/"]}]},{"@type":"ImageObject","inLanguage":"hr","@id":"https:\/\/radioljubuski.ba\/index.php\/2022\/01\/05\/povucene-kineske-lampice-na-bh-trzistu-zbog-opasnosti\/#primaryimage","url":"https:\/\/radioljubuski.ba\/wp-content\/uploads\/2022\/01\/7-2022-01-04-18-21-46-christmaslights.jpg","contentUrl":"https:\/\/radioljubuski.ba\/wp-content\/uploads\/2022\/01\/7-2022-01-04-18-21-46-christmaslights.jpg","width":1000,"height":625},{"@type":"BreadcrumbList","@id":"https:\/\/radioljubuski.ba\/index.php\/2022\/01\/05\/povucene-kineske-lampice-na-bh-trzistu-zbog-opasnosti\/#breadcrumb","itemListElement":[{"@type":"ListItem","position":1,"name":"Po\u010detna stranica","item":"https:\/\/radioljubuski.ba\/"},{"@type":"ListItem","position":2,"name":"Povu\u010dene kineske lampice na bh. tr\u017ei\u0161tu zbog opasnosti"}]},{"@type":"WebSite","@id":"https:\/\/radioljubuski.ba\/#website","url":"https:\/\/radioljubuski.ba\/","name":"Radio Ljubu\u0161ki","description":"Sun\u010dana frekvencija Hercegovine","publisher":{"@id":"https:\/\/radioljubuski.ba\/#organization"},"potentialAction":[{"@type":"SearchAction","target":{"@type":"EntryPoint","urlTemplate":"https:\/\/radioljubuski.ba\/?s={search_term_string}"},"query-input":{"@type":"PropertyValueSpecification","valueRequired":true,"valueName":"search_term_string"}}],"inLanguage":"hr"},{"@type":"Organization","@id":"https:\/\/radioljubuski.ba\/#organization","name":"Radio Ljubu\u0161ki","url":"https:\/\/radioljubuski.ba\/","logo":{"@type":"ImageObject","inLanguage":"hr","@id":"https:\/\/radioljubuski.ba\/#\/schema\/logo\/image\/","url":"https:\/\/radioljubuski.ba\/wp-content\/uploads\/2021\/02\/cropped-Radio_Ljubuski_logo1.jpg","contentUrl":"https:\/\/radioljubuski.ba\/wp-content\/uploads\/2021\/02\/cropped-Radio_Ljubuski_logo1.jpg","width":512,"height":512,"caption":"Radio Ljubu\u0161ki"},"image":{"@id":"https:\/\/radioljubuski.ba\/#\/schema\/logo\/image\/"},"sameAs":["https:\/\/www.facebook.com\/Radiio-Ljubuski-1490835324566332","https:\/\/x.com\/radioljubuski","https:\/\/hr.linkedin.com\/company\/radio-ljubuski","https:\/\/www.youtube.com\/channel\/UCHYaeO_n0Db3tjNGudGpXyw"]},{"@type":"Person","@id":"https:\/\/radioljubuski.ba\/#\/schema\/person\/19fc700381a780f69665d7956c469e3b","name":"Radio Ljubu\u0161ki"}]}},"_links":{"self":[{"href":"https:\/\/radioljubuski.ba\/index.php\/wp-json\/wp\/v2\/posts\/104812","targetHints":{"allow":["GET"]}}],"collection":[{"href":"https:\/\/radioljubuski.ba\/index.php\/wp-json\/wp\/v2\/posts"}],"about":[{"href":"https:\/\/radioljubuski.ba\/index.php\/wp-json\/wp\/v2\/types\/post"}],"author":[{"embeddable":true,"href":"https:\/\/radioljubuski.ba\/index.php\/wp-json\/wp\/v2\/users\/2"}],"replies":[{"embeddable":true,"href":"https:\/\/radioljubuski.ba\/index.php\/wp-json\/wp\/v2\/comments?post=104812"}],"version-history":[{"count":1,"href":"https:\/\/radioljubuski.ba\/index.php\/wp-json\/wp\/v2\/posts\/104812\/revisions"}],"predecessor-version":[{"id":104814,"href":"https:\/\/radioljubuski.ba\/index.php\/wp-json\/wp\/v2\/posts\/104812\/revisions\/104814"}],"wp:featuredmedia":[{"embeddable":true,"href":"https:\/\/radioljubuski.ba\/index.php\/wp-json\/wp\/v2\/media\/104813"}],"wp:attachment":[{"href":"https:\/\/radioljubuski.ba\/index.php\/wp-json\/wp\/v2\/media?parent=104812"}],"wp:term":[{"taxonomy":"category","embeddable":true,"href":"https:\/\/radioljubuski.ba\/index.php\/wp-json\/wp\/v2\/categories?post=104812"},{"taxonomy":"post_tag","embeddable":true,"href":"https:\/\/radioljubuski.ba\/index.php\/wp-json\/wp\/v2\/tags?post=104812"}],"curies":[{"name":"wp","href":"https:\/\/api.w.org\/{rel}","templated":true}]}}