{"id":104826,"date":"2022-01-05T09:35:24","date_gmt":"2022-01-05T08:35:24","guid":{"rendered":"https:\/\/radioljubuski.ba\/?p=104826"},"modified":"2022-01-05T09:35:24","modified_gmt":"2022-01-05T08:35:24","slug":"rast-inflacije-u-bih-najveci-od-1997-godine","status":"publish","type":"post","link":"https:\/\/radioljubuski.ba\/index.php\/2022\/01\/05\/rast-inflacije-u-bih-najveci-od-1997-godine\/","title":{"rendered":"Rast inflacije u BiH najve\u0107i od 1997. godine"},"content":{"rendered":"\n<p>Godi\u0161nja inflacija u BiH, koja je krajem pro\u0161le godine dostigla rast od 5,5 posto, predstavlja najve\u0107i rast inflacije jo\u0161 od 1997. godine, pi\u0161u Nezavisne novine navode\u0107i kako \u0107e to gospodarstvenicima donijeti ulazak u zonu nesigurnosti, a i dovesti do rasta cijena krajnjih proizvoda i usluga, \u0161to \u0107e biti ponovni udar na d\u017eep gra\u0111ana. <\/p>\n\n\n\n<p>Mi\u0161ljenja su ovo ekonomskih stru\u010dnjaka, koji su u razgovoru za Nezavisne novine govorili o rastu inflacije, koja se bilje\u017ei posebno u zadnjem kvartalu 2021. godine, te njenom utjecaju kako na privredu, tako i na gra\u0111ane. <\/p>\n\n\n\n<p><strong>Sretna okolnost <\/strong><\/p>\n\n\n\n<p>Kako je za banjalu\u010dke novine kazao Marko \u0110ogo, profesor na Ekonomskom fakultetu Univerziteta u Isto\u010dnom Sarajevu, olak\u0161avaju\u0107a okolnost je \u0161to je inflacija u eurozoni u zadnjem kvartalu 2021. godine tako\u0111er porasla na pet posto. <\/p>\n\n\n\n<p>&#8220;Na\u0161a inflacija je i dalje ne\u0161to vi\u0161a nego ona u eurozoni, ali da je kod nas pet posto, a tamo i dalje na dva posto, to bi bila katastrofalna vijest, ovako je to ne\u0161to manje negativna vijest&#8221;, rekao je \u0110ogo. <\/p>\n\n\n\n<p>Dodao je da se postavlja pitanje pogor\u0161ava li se na\u0161a cjenovna konkurentnost pri izvozu naspram drugih regija svijeta ovime. <\/p>\n\n\n\n<p>&#8220;Ako je u Rusiji, na primjer, inflacija ni\u017ea od toga, to bi zna\u010dilo da na\u0161 izvoz u Rusiju gubi cjenovnu konkurentnost&#8221;, kazao je \u0110ogo, dodaju\u0107i da je sretna okolnost \u0161to se vi\u0161e od 70 posto trgovine izme\u0111u BiH odvija sa zemljama Europske unije. <\/p>\n\n\n\n<p><strong>Realna zarada <\/strong><\/p>\n\n\n\n<p>&#8220;To su zemlje koje su svoje valute tako\u0111er vezale za euro, \u0161to zna\u010di da te zemlje ili su ve\u0107 zabilje\u017eile ili mogu da o\u010dekuju povi\u0161ene stope inflacije. Ako bh. gospodarstvo uspije da u odnosima s ino-partnerima prenese povi\u0161enu inflaciju, onda \u0107e imati neutralan efekt na izvoz&#8221;, naveo je \u0110ogo. <\/p>\n\n\n\n<p>Dodao je da, ako se ipak desi da bh. proizvo\u0111a\u010di i izvoznici ovo ne postignu, onda \u0107e se cjenovna konkurentnost smanjiti i smanjit \u0107e se i koli\u010dina izvoza. <\/p>\n\n\n\n<p>Kada je rije\u010d o efektu koji \u0107e rast inflacije imati na gra\u0111ane BiH, \u0110ogo je kazao da je pitanje raste li ili opada realna zarada bh. gra\u0111ana. <\/p>\n\n\n\n<p>&#8220;Inflacija je o\u010dito uzela maha, me\u0111utim imamo i neki rast pla\u0107a. Trebalo bi ta dva faktora ukrstiti, provjeriti je li potro\u0161a\u010dka korpa realno ono \u0161to gra\u0111ani tro\u0161e, i ako nam pla\u0107a raste, koliko raste osnovna potro\u0161a\u010dka korpa, onda imamo neutralan efekt. Ali za to je potrebna jedna dublja analiza, to bi mogao biti posao sindikata&#8221;, zaklju\u010dio je \u0110ogo. <\/p>\n\n\n\n<p>Ekonomski analiti\u010dar Admir \u010cavali\u0107 za Nezavisne novine je rekao da inflacija predstavlja nevidljivi namet i podrazumijeva da se poremete normalni tr\u017ei\u0161ni indikatori, \u0161to u kona\u010dnici ote\u017eava ekonomsku kalkulaciju. <\/p>\n\n\n\n<p><strong>Padanje kamatnih stopa <\/strong><\/p>\n\n\n\n<p>&#8220;To zna\u010di da je te\u017ee planirati proizvodnju i investicije ili bilo kakve druge ekonomske aktivnosti. Period inflacije \u010desto demotivira gospodarske aktivnosti, te vodi usporavanju ovih aktivnosti&#8221;, kazao je \u010cavali\u0107, dodaju\u0107i da mo\u017ee dovesti i do pozitivnih efekata, poput kreditiranja. <\/p>\n\n\n\n<p>&#8220;Inflacija vodi padanju prinosa novca, odnosno dugoro\u010dnih kamatnih stopa&#8221;, rekao je \u010cavali\u0107. <\/p>\n\n\n\n<p>Istaknuo je da su posljedice inflacije na gra\u0111ane evidentne u vidu poskupljenja finalnih proizvoda i usluga, bez obzira na druge probleme, kao \u0161to su globalni lanci snabdijevanja, pad ekonomskih parametara, energetske krize, te pove\u0107anja transportnih tro\u0161kova. <\/p>\n\n\n\n<p>Na pitanje mo\u017eemo li o\u010dekivati dalji rast inflacije, \u010cavali\u0107 ka\u017ee da su opre\u010dna mi\u0161ljenja ekonomskih stru\u010dnjaka na ovu temu. <\/p>\n\n\n\n<p>&#8220;Postoje razli\u010dite prognoze, one optimisti\u010dne nagla\u0161avaju da \u0107e se tr\u017ei\u0161ne prilike stabilizirati do prolje\u0107a ove godine, iako \u0107e ovaj prvi kvartal biti zaista izazovan. S druge strane, imamo prognoze koje navode da \u0107e se efekti inflacije nastaviti tijekom cijele godine&#8221;, rekao je \u010cavali\u0107. <\/p>\n\n\n\n<p><strong>Zona nesigurnosti <\/strong><\/p>\n\n\n\n<p>Kako je naveo Sa\u0161a Trivi\u0107, predsjednik Unije udru\u017eenja poslodavaca RS, godi\u0161nja inflacija se u zadnjem kvartalu 2021. godine intenzivirala. <\/p>\n\n\n\n<p>&#8220;Svaka inflacija preko tri posto pravi probleme, jer onda gospodarstvenici moraju podizati cijene, te pregovarati s kupcima, kao i s dobavlja\u010dima, gdje se gubi velika energija&#8221;, kazao je Trivi\u0107. <\/p>\n\n\n\n<p>Naveo je da gospodarstvenici ovako ulaze u zonu nesigurnosti, te da mo\u017ee dovesti do pada ili rasta proizvodnje. <\/p>\n\n\n\n<p><strong>Izvor: Bljesak.info<\/strong><\/p>\n","protected":false},"excerpt":{"rendered":"<p>Godi\u0161nja inflacija u BiH, koja je krajem pro\u0161le godine dostigla rast od 5,5 posto, predstavlja najve\u0107i rast inflacije jo\u0161 od 1997. godine, pi\u0161u Nezavisne novine navode\u0107i kako \u0107e to gospodarstvenicima donijeti ulazak u zonu nesigurnosti, a i dovesti do rasta cijena krajnjih proizvoda i usluga, \u0161to \u0107e biti ponovni udar na d\u017eep gra\u0111ana. Mi\u0161ljenja su [&hellip;]<\/p>\n","protected":false},"author":2,"featured_media":76022,"comment_status":"closed","ping_status":"closed","sticky":false,"template":"","format":"standard","meta":{"h5ap_radio_sources":[],"footnotes":""},"categories":[1],"tags":[],"class_list":["post-104826","post","type-post","status-publish","format-standard","has-post-thumbnail","hentry","category-bihiregija"],"yoast_head":"<!-- This site is optimized with the Yoast SEO plugin v27.4 - https:\/\/yoast.com\/product\/yoast-seo-wordpress\/ -->\n<title>Rast inflacije u BiH najve\u0107i od 1997. godine - RADIO LJUBU\u0160KI<\/title>\n<meta name=\"robots\" content=\"index, follow, max-snippet:-1, max-image-preview:large, max-video-preview:-1\" \/>\n<link rel=\"canonical\" href=\"https:\/\/radioljubuski.ba\/index.php\/2022\/01\/05\/rast-inflacije-u-bih-najveci-od-1997-godine\/\" \/>\n<meta property=\"og:locale\" content=\"hr_HR\" \/>\n<meta property=\"og:type\" content=\"article\" \/>\n<meta property=\"og:title\" content=\"Rast inflacije u BiH najve\u0107i od 1997. godine - RADIO LJUBU\u0160KI\" \/>\n<meta property=\"og:description\" content=\"Godi\u0161nja inflacija u BiH, koja je krajem pro\u0161le godine dostigla rast od 5,5 posto, predstavlja najve\u0107i rast inflacije jo\u0161 od 1997. godine, pi\u0161u Nezavisne novine navode\u0107i kako \u0107e to gospodarstvenicima donijeti ulazak u zonu nesigurnosti, a i dovesti do rasta cijena krajnjih proizvoda i usluga, \u0161to \u0107e biti ponovni udar na d\u017eep gra\u0111ana. Mi\u0161ljenja su [&hellip;]\" \/>\n<meta property=\"og:url\" content=\"https:\/\/radioljubuski.ba\/index.php\/2022\/01\/05\/rast-inflacije-u-bih-najveci-od-1997-godine\/\" \/>\n<meta property=\"og:site_name\" content=\"RADIO LJUBU\u0160KI\" \/>\n<meta property=\"article:publisher\" content=\"https:\/\/www.facebook.com\/Radiio-Ljubuski-1490835324566332\" \/>\n<meta property=\"article:published_time\" content=\"2022-01-05T08:35:24+00:00\" \/>\n<meta property=\"og:image\" content=\"https:\/\/radioljubuski.ba\/wp-content\/uploads\/2021\/10\/8-2021-09-28-07-23-20-novac_marke_ilustracija_RSA-1.jpg\" \/>\n\t<meta property=\"og:image:width\" content=\"1000\" \/>\n\t<meta property=\"og:image:height\" content=\"625\" \/>\n\t<meta property=\"og:image:type\" content=\"image\/jpeg\" \/>\n<meta name=\"author\" content=\"Radio Ljubu\u0161ki\" \/>\n<meta name=\"twitter:card\" content=\"summary_large_image\" \/>\n<meta name=\"twitter:creator\" content=\"@radioljubuski\" \/>\n<meta name=\"twitter:site\" content=\"@radioljubuski\" \/>\n<meta name=\"twitter:label1\" content=\"Napisao\/la\" \/>\n\t<meta name=\"twitter:data1\" content=\"Radio Ljubu\u0161ki\" \/>\n\t<meta name=\"twitter:label2\" content=\"Procijenjeno vrijeme \u010ditanja\" \/>\n\t<meta name=\"twitter:data2\" content=\"3 minute\" \/>\n<script type=\"application\/ld+json\" class=\"yoast-schema-graph\">{\"@context\":\"https:\\\/\\\/schema.org\",\"@graph\":[{\"@type\":\"Article\",\"@id\":\"https:\\\/\\\/radioljubuski.ba\\\/index.php\\\/2022\\\/01\\\/05\\\/rast-inflacije-u-bih-najveci-od-1997-godine\\\/#article\",\"isPartOf\":{\"@id\":\"https:\\\/\\\/radioljubuski.ba\\\/index.php\\\/2022\\\/01\\\/05\\\/rast-inflacije-u-bih-najveci-od-1997-godine\\\/\"},\"author\":{\"name\":\"Radio Ljubu\u0161ki\",\"@id\":\"https:\\\/\\\/radioljubuski.ba\\\/#\\\/schema\\\/person\\\/19fc700381a780f69665d7956c469e3b\"},\"headline\":\"Rast inflacije u BiH najve\u0107i od 1997. godine\",\"datePublished\":\"2022-01-05T08:35:24+00:00\",\"mainEntityOfPage\":{\"@id\":\"https:\\\/\\\/radioljubuski.ba\\\/index.php\\\/2022\\\/01\\\/05\\\/rast-inflacije-u-bih-najveci-od-1997-godine\\\/\"},\"wordCount\":722,\"publisher\":{\"@id\":\"https:\\\/\\\/radioljubuski.ba\\\/#organization\"},\"image\":{\"@id\":\"https:\\\/\\\/radioljubuski.ba\\\/index.php\\\/2022\\\/01\\\/05\\\/rast-inflacije-u-bih-najveci-od-1997-godine\\\/#primaryimage\"},\"thumbnailUrl\":\"https:\\\/\\\/radioljubuski.ba\\\/wp-content\\\/uploads\\\/2021\\\/10\\\/8-2021-09-28-07-23-20-novac_marke_ilustracija_RSA-1.jpg\",\"articleSection\":[\"BIH i regija\"],\"inLanguage\":\"hr\"},{\"@type\":\"WebPage\",\"@id\":\"https:\\\/\\\/radioljubuski.ba\\\/index.php\\\/2022\\\/01\\\/05\\\/rast-inflacije-u-bih-najveci-od-1997-godine\\\/\",\"url\":\"https:\\\/\\\/radioljubuski.ba\\\/index.php\\\/2022\\\/01\\\/05\\\/rast-inflacije-u-bih-najveci-od-1997-godine\\\/\",\"name\":\"Rast inflacije u BiH najve\u0107i od 1997. godine - RADIO LJUBU\u0160KI\",\"isPartOf\":{\"@id\":\"https:\\\/\\\/radioljubuski.ba\\\/#website\"},\"primaryImageOfPage\":{\"@id\":\"https:\\\/\\\/radioljubuski.ba\\\/index.php\\\/2022\\\/01\\\/05\\\/rast-inflacije-u-bih-najveci-od-1997-godine\\\/#primaryimage\"},\"image\":{\"@id\":\"https:\\\/\\\/radioljubuski.ba\\\/index.php\\\/2022\\\/01\\\/05\\\/rast-inflacije-u-bih-najveci-od-1997-godine\\\/#primaryimage\"},\"thumbnailUrl\":\"https:\\\/\\\/radioljubuski.ba\\\/wp-content\\\/uploads\\\/2021\\\/10\\\/8-2021-09-28-07-23-20-novac_marke_ilustracija_RSA-1.jpg\",\"datePublished\":\"2022-01-05T08:35:24+00:00\",\"breadcrumb\":{\"@id\":\"https:\\\/\\\/radioljubuski.ba\\\/index.php\\\/2022\\\/01\\\/05\\\/rast-inflacije-u-bih-najveci-od-1997-godine\\\/#breadcrumb\"},\"inLanguage\":\"hr\",\"potentialAction\":[{\"@type\":\"ReadAction\",\"target\":[\"https:\\\/\\\/radioljubuski.ba\\\/index.php\\\/2022\\\/01\\\/05\\\/rast-inflacije-u-bih-najveci-od-1997-godine\\\/\"]}]},{\"@type\":\"ImageObject\",\"inLanguage\":\"hr\",\"@id\":\"https:\\\/\\\/radioljubuski.ba\\\/index.php\\\/2022\\\/01\\\/05\\\/rast-inflacije-u-bih-najveci-od-1997-godine\\\/#primaryimage\",\"url\":\"https:\\\/\\\/radioljubuski.ba\\\/wp-content\\\/uploads\\\/2021\\\/10\\\/8-2021-09-28-07-23-20-novac_marke_ilustracija_RSA-1.jpg\",\"contentUrl\":\"https:\\\/\\\/radioljubuski.ba\\\/wp-content\\\/uploads\\\/2021\\\/10\\\/8-2021-09-28-07-23-20-novac_marke_ilustracija_RSA-1.jpg\",\"width\":1000,\"height\":625},{\"@type\":\"BreadcrumbList\",\"@id\":\"https:\\\/\\\/radioljubuski.ba\\\/index.php\\\/2022\\\/01\\\/05\\\/rast-inflacije-u-bih-najveci-od-1997-godine\\\/#breadcrumb\",\"itemListElement\":[{\"@type\":\"ListItem\",\"position\":1,\"name\":\"Po\u010detna stranica\",\"item\":\"https:\\\/\\\/radioljubuski.ba\\\/\"},{\"@type\":\"ListItem\",\"position\":2,\"name\":\"Rast inflacije u BiH najve\u0107i od 1997. godine\"}]},{\"@type\":\"WebSite\",\"@id\":\"https:\\\/\\\/radioljubuski.ba\\\/#website\",\"url\":\"https:\\\/\\\/radioljubuski.ba\\\/\",\"name\":\"Radio Ljubu\u0161ki\",\"description\":\"Sun\u010dana frekvencija Hercegovine\",\"publisher\":{\"@id\":\"https:\\\/\\\/radioljubuski.ba\\\/#organization\"},\"potentialAction\":[{\"@type\":\"SearchAction\",\"target\":{\"@type\":\"EntryPoint\",\"urlTemplate\":\"https:\\\/\\\/radioljubuski.ba\\\/?s={search_term_string}\"},\"query-input\":{\"@type\":\"PropertyValueSpecification\",\"valueRequired\":true,\"valueName\":\"search_term_string\"}}],\"inLanguage\":\"hr\"},{\"@type\":\"Organization\",\"@id\":\"https:\\\/\\\/radioljubuski.ba\\\/#organization\",\"name\":\"Radio Ljubu\u0161ki\",\"url\":\"https:\\\/\\\/radioljubuski.ba\\\/\",\"logo\":{\"@type\":\"ImageObject\",\"inLanguage\":\"hr\",\"@id\":\"https:\\\/\\\/radioljubuski.ba\\\/#\\\/schema\\\/logo\\\/image\\\/\",\"url\":\"https:\\\/\\\/radioljubuski.ba\\\/wp-content\\\/uploads\\\/2021\\\/02\\\/cropped-Radio_Ljubuski_logo1.jpg\",\"contentUrl\":\"https:\\\/\\\/radioljubuski.ba\\\/wp-content\\\/uploads\\\/2021\\\/02\\\/cropped-Radio_Ljubuski_logo1.jpg\",\"width\":512,\"height\":512,\"caption\":\"Radio Ljubu\u0161ki\"},\"image\":{\"@id\":\"https:\\\/\\\/radioljubuski.ba\\\/#\\\/schema\\\/logo\\\/image\\\/\"},\"sameAs\":[\"https:\\\/\\\/www.facebook.com\\\/Radiio-Ljubuski-1490835324566332\",\"https:\\\/\\\/x.com\\\/radioljubuski\",\"https:\\\/\\\/hr.linkedin.com\\\/company\\\/radio-ljubuski\",\"https:\\\/\\\/www.youtube.com\\\/channel\\\/UCHYaeO_n0Db3tjNGudGpXyw\"]},{\"@type\":\"Person\",\"@id\":\"https:\\\/\\\/radioljubuski.ba\\\/#\\\/schema\\\/person\\\/19fc700381a780f69665d7956c469e3b\",\"name\":\"Radio Ljubu\u0161ki\"}]}<\/script>\n<!-- \/ Yoast SEO plugin. -->","yoast_head_json":{"title":"Rast inflacije u BiH najve\u0107i od 1997. godine - RADIO LJUBU\u0160KI","robots":{"index":"index","follow":"follow","max-snippet":"max-snippet:-1","max-image-preview":"max-image-preview:large","max-video-preview":"max-video-preview:-1"},"canonical":"https:\/\/radioljubuski.ba\/index.php\/2022\/01\/05\/rast-inflacije-u-bih-najveci-od-1997-godine\/","og_locale":"hr_HR","og_type":"article","og_title":"Rast inflacije u BiH najve\u0107i od 1997. godine - RADIO LJUBU\u0160KI","og_description":"Godi\u0161nja inflacija u BiH, koja je krajem pro\u0161le godine dostigla rast od 5,5 posto, predstavlja najve\u0107i rast inflacije jo\u0161 od 1997. godine, pi\u0161u Nezavisne novine navode\u0107i kako \u0107e to gospodarstvenicima donijeti ulazak u zonu nesigurnosti, a i dovesti do rasta cijena krajnjih proizvoda i usluga, \u0161to \u0107e biti ponovni udar na d\u017eep gra\u0111ana. Mi\u0161ljenja su [&hellip;]","og_url":"https:\/\/radioljubuski.ba\/index.php\/2022\/01\/05\/rast-inflacije-u-bih-najveci-od-1997-godine\/","og_site_name":"RADIO LJUBU\u0160KI","article_publisher":"https:\/\/www.facebook.com\/Radiio-Ljubuski-1490835324566332","article_published_time":"2022-01-05T08:35:24+00:00","og_image":[{"width":1000,"height":625,"url":"https:\/\/radioljubuski.ba\/wp-content\/uploads\/2021\/10\/8-2021-09-28-07-23-20-novac_marke_ilustracija_RSA-1.jpg","type":"image\/jpeg"}],"author":"Radio Ljubu\u0161ki","twitter_card":"summary_large_image","twitter_creator":"@radioljubuski","twitter_site":"@radioljubuski","twitter_misc":{"Napisao\/la":"Radio Ljubu\u0161ki","Procijenjeno vrijeme \u010ditanja":"3 minute"},"schema":{"@context":"https:\/\/schema.org","@graph":[{"@type":"Article","@id":"https:\/\/radioljubuski.ba\/index.php\/2022\/01\/05\/rast-inflacije-u-bih-najveci-od-1997-godine\/#article","isPartOf":{"@id":"https:\/\/radioljubuski.ba\/index.php\/2022\/01\/05\/rast-inflacije-u-bih-najveci-od-1997-godine\/"},"author":{"name":"Radio Ljubu\u0161ki","@id":"https:\/\/radioljubuski.ba\/#\/schema\/person\/19fc700381a780f69665d7956c469e3b"},"headline":"Rast inflacije u BiH najve\u0107i od 1997. godine","datePublished":"2022-01-05T08:35:24+00:00","mainEntityOfPage":{"@id":"https:\/\/radioljubuski.ba\/index.php\/2022\/01\/05\/rast-inflacije-u-bih-najveci-od-1997-godine\/"},"wordCount":722,"publisher":{"@id":"https:\/\/radioljubuski.ba\/#organization"},"image":{"@id":"https:\/\/radioljubuski.ba\/index.php\/2022\/01\/05\/rast-inflacije-u-bih-najveci-od-1997-godine\/#primaryimage"},"thumbnailUrl":"https:\/\/radioljubuski.ba\/wp-content\/uploads\/2021\/10\/8-2021-09-28-07-23-20-novac_marke_ilustracija_RSA-1.jpg","articleSection":["BIH i regija"],"inLanguage":"hr"},{"@type":"WebPage","@id":"https:\/\/radioljubuski.ba\/index.php\/2022\/01\/05\/rast-inflacije-u-bih-najveci-od-1997-godine\/","url":"https:\/\/radioljubuski.ba\/index.php\/2022\/01\/05\/rast-inflacije-u-bih-najveci-od-1997-godine\/","name":"Rast inflacije u BiH najve\u0107i od 1997. godine - RADIO LJUBU\u0160KI","isPartOf":{"@id":"https:\/\/radioljubuski.ba\/#website"},"primaryImageOfPage":{"@id":"https:\/\/radioljubuski.ba\/index.php\/2022\/01\/05\/rast-inflacije-u-bih-najveci-od-1997-godine\/#primaryimage"},"image":{"@id":"https:\/\/radioljubuski.ba\/index.php\/2022\/01\/05\/rast-inflacije-u-bih-najveci-od-1997-godine\/#primaryimage"},"thumbnailUrl":"https:\/\/radioljubuski.ba\/wp-content\/uploads\/2021\/10\/8-2021-09-28-07-23-20-novac_marke_ilustracija_RSA-1.jpg","datePublished":"2022-01-05T08:35:24+00:00","breadcrumb":{"@id":"https:\/\/radioljubuski.ba\/index.php\/2022\/01\/05\/rast-inflacije-u-bih-najveci-od-1997-godine\/#breadcrumb"},"inLanguage":"hr","potentialAction":[{"@type":"ReadAction","target":["https:\/\/radioljubuski.ba\/index.php\/2022\/01\/05\/rast-inflacije-u-bih-najveci-od-1997-godine\/"]}]},{"@type":"ImageObject","inLanguage":"hr","@id":"https:\/\/radioljubuski.ba\/index.php\/2022\/01\/05\/rast-inflacije-u-bih-najveci-od-1997-godine\/#primaryimage","url":"https:\/\/radioljubuski.ba\/wp-content\/uploads\/2021\/10\/8-2021-09-28-07-23-20-novac_marke_ilustracija_RSA-1.jpg","contentUrl":"https:\/\/radioljubuski.ba\/wp-content\/uploads\/2021\/10\/8-2021-09-28-07-23-20-novac_marke_ilustracija_RSA-1.jpg","width":1000,"height":625},{"@type":"BreadcrumbList","@id":"https:\/\/radioljubuski.ba\/index.php\/2022\/01\/05\/rast-inflacije-u-bih-najveci-od-1997-godine\/#breadcrumb","itemListElement":[{"@type":"ListItem","position":1,"name":"Po\u010detna stranica","item":"https:\/\/radioljubuski.ba\/"},{"@type":"ListItem","position":2,"name":"Rast inflacije u BiH najve\u0107i od 1997. godine"}]},{"@type":"WebSite","@id":"https:\/\/radioljubuski.ba\/#website","url":"https:\/\/radioljubuski.ba\/","name":"Radio Ljubu\u0161ki","description":"Sun\u010dana frekvencija Hercegovine","publisher":{"@id":"https:\/\/radioljubuski.ba\/#organization"},"potentialAction":[{"@type":"SearchAction","target":{"@type":"EntryPoint","urlTemplate":"https:\/\/radioljubuski.ba\/?s={search_term_string}"},"query-input":{"@type":"PropertyValueSpecification","valueRequired":true,"valueName":"search_term_string"}}],"inLanguage":"hr"},{"@type":"Organization","@id":"https:\/\/radioljubuski.ba\/#organization","name":"Radio Ljubu\u0161ki","url":"https:\/\/radioljubuski.ba\/","logo":{"@type":"ImageObject","inLanguage":"hr","@id":"https:\/\/radioljubuski.ba\/#\/schema\/logo\/image\/","url":"https:\/\/radioljubuski.ba\/wp-content\/uploads\/2021\/02\/cropped-Radio_Ljubuski_logo1.jpg","contentUrl":"https:\/\/radioljubuski.ba\/wp-content\/uploads\/2021\/02\/cropped-Radio_Ljubuski_logo1.jpg","width":512,"height":512,"caption":"Radio Ljubu\u0161ki"},"image":{"@id":"https:\/\/radioljubuski.ba\/#\/schema\/logo\/image\/"},"sameAs":["https:\/\/www.facebook.com\/Radiio-Ljubuski-1490835324566332","https:\/\/x.com\/radioljubuski","https:\/\/hr.linkedin.com\/company\/radio-ljubuski","https:\/\/www.youtube.com\/channel\/UCHYaeO_n0Db3tjNGudGpXyw"]},{"@type":"Person","@id":"https:\/\/radioljubuski.ba\/#\/schema\/person\/19fc700381a780f69665d7956c469e3b","name":"Radio Ljubu\u0161ki"}]}},"_links":{"self":[{"href":"https:\/\/radioljubuski.ba\/index.php\/wp-json\/wp\/v2\/posts\/104826","targetHints":{"allow":["GET"]}}],"collection":[{"href":"https:\/\/radioljubuski.ba\/index.php\/wp-json\/wp\/v2\/posts"}],"about":[{"href":"https:\/\/radioljubuski.ba\/index.php\/wp-json\/wp\/v2\/types\/post"}],"author":[{"embeddable":true,"href":"https:\/\/radioljubuski.ba\/index.php\/wp-json\/wp\/v2\/users\/2"}],"replies":[{"embeddable":true,"href":"https:\/\/radioljubuski.ba\/index.php\/wp-json\/wp\/v2\/comments?post=104826"}],"version-history":[{"count":1,"href":"https:\/\/radioljubuski.ba\/index.php\/wp-json\/wp\/v2\/posts\/104826\/revisions"}],"predecessor-version":[{"id":104834,"href":"https:\/\/radioljubuski.ba\/index.php\/wp-json\/wp\/v2\/posts\/104826\/revisions\/104834"}],"wp:featuredmedia":[{"embeddable":true,"href":"https:\/\/radioljubuski.ba\/index.php\/wp-json\/wp\/v2\/media\/76022"}],"wp:attachment":[{"href":"https:\/\/radioljubuski.ba\/index.php\/wp-json\/wp\/v2\/media?parent=104826"}],"wp:term":[{"taxonomy":"category","embeddable":true,"href":"https:\/\/radioljubuski.ba\/index.php\/wp-json\/wp\/v2\/categories?post=104826"},{"taxonomy":"post_tag","embeddable":true,"href":"https:\/\/radioljubuski.ba\/index.php\/wp-json\/wp\/v2\/tags?post=104826"}],"curies":[{"name":"wp","href":"https:\/\/api.w.org\/{rel}","templated":true}]}}