{"id":104830,"date":"2022-01-05T09:34:40","date_gmt":"2022-01-05T08:34:40","guid":{"rendered":"https:\/\/radioljubuski.ba\/?p=104830"},"modified":"2022-01-05T09:34:42","modified_gmt":"2022-01-05T08:34:42","slug":"izborni-zakon-se-rjesava-iza-scene-bosnjaci-pokusavaju-i-dalje-proces-blokirati","status":"publish","type":"post","link":"https:\/\/radioljubuski.ba\/index.php\/2022\/01\/05\/izborni-zakon-se-rjesava-iza-scene-bosnjaci-pokusavaju-i-dalje-proces-blokirati\/","title":{"rendered":"Izborni zakon se rje\u0161ava iza scene, Bo\u0161njaci poku\u0161avaju i dalje proces blokirati"},"content":{"rendered":"\n<p>Me\u0111unarodna zajednica iza scene poku\u0161ava prona\u0107i rje\u0161enje za Izborni zakon, kako bi se idu\u0107i izbori odr\u017eali na na\u010din da bude implementirana odluka &#8220;Sejdi\u0107 i Finci&#8221;, saznaju&nbsp;<a href=\"https:\/\/www.nezavisne.com\/novosti\/bih\/Izborni-zakon-se-rjesava-iza-scene\/699055\">Nezavisne novine<\/a>.<\/p>\n\n\n\n<p>Osnovni principi su usugla\u0161eni, ali se \u010deka rje\u0161enje &#8220;u paketu&#8221;, odnosno rje\u0161enje koje bi zna\u010dilo potpun zavr\u0161etak krize u BiH. Problem predstavlja \u0161to Bo\u0161njaci ote\u017eu s Izbornim zakonom jer \u017eele da se zavr\u0161i blokada institucija BiH, dok Srbi \u017eele da se ukloni Inzkov zakon, da bi se srpski predstavnici mogli vratiti u institucije.&nbsp;<\/p>\n\n\n\n<p>Situaciju dodatno komplicira \u010dinjenica da bi Inzkov zakon vjerovatno pao na Sudu u Strasbourgu jer je Venecijanska komisija odavno rekla da visoki predstavnik ne mo\u017ee na ovaj na\u010din djelovati u pravnom sustavu zemlje, a i Europska komisija je u svojim dokumentima u vi\u0161e navrata naglasila da OHR nije kompatibilan s europskim putem BiH.<\/p>\n\n\n\n<p>Mogu\u0107e je zamisliti scenario da bi, u slu\u010daju da netko bude osu\u0111en po Inzkovom zakonu, ta osoba mogla dobiti od\u0161tetu pred Sudom u Strasbourgu ako u me\u0111uvremenu ne bude usvojen doma\u0107i zakon u parlamentu, s tim da bi za taj pravni put bilo potrebno vi\u0161e godina.&nbsp;<\/p>\n\n\n\n<p>\u0160to se ti\u010de Izbornog zakona,&nbsp;<a href=\"https:\/\/www.nezavisne.com\/novosti\/bih\/Izborni-zakon-se-rjesava-iza-scene\/699055\">Nezavisne<\/a>&nbsp;pi\u0161u kako im je nekoliko diplomata naglasilo da je jedna od opcija uvo\u0111enje sustava elektora, kojima bi se formalno obrisala etni\u010dka pripadnost, \u0161to \u017eele Bo\u0161njaci, ali bi se osiguralo da na prostoru gdje \u017eive Hrvati bude izabran onaj \u010dlan Predsjedni\u0161tva kojeg oni \u017eele.<\/p>\n\n\n\n<p>\u0160to se ti\u010de Doma naroda BiH, bio bi promijenjen na\u010din na koji se biraju izaslanici u federalni Dom naroda, s tim da ne bi, kao sada, svaka \u017eupanija davala odre\u0111eni broj hrvatskih izaslanika, \u010dak i ako tamo Hrvati ne \u017eive u ve\u0107em broju, ve\u0107 bi se izaslanici odre\u0111ivali u skladu s teritorijom na kojoj Hrvati \u017eive.&nbsp;<\/p>\n\n\n\n<p>U drugi plan su pale tehni\u010dke izmjene, koje bi zna\u010dile transparentniji i po\u0161teniji izborni sustav. Me\u0111unarodna zajednica inzistira na sna\u017enim tehni\u010dkim rje\u0161enjima, ali doma\u0107i lideri, posebno u dijelu vladaju\u0107e koalicije, inzistiraju da se prvo rije\u0161i &#8220;Sejdi\u0107 i Finci&#8221;, a da tehni\u010dka rje\u0161enja mogu i da \u010dekaju.<\/p>\n\n\n\n<p>Izvor:nezavisne.com<\/p>\n","protected":false},"excerpt":{"rendered":"<p>Me\u0111unarodna zajednica iza scene poku\u0161ava prona\u0107i rje\u0161enje za Izborni zakon, kako bi se idu\u0107i izbori odr\u017eali na na\u010din da bude implementirana odluka &#8220;Sejdi\u0107 i Finci&#8221;, saznaju&nbsp;Nezavisne novine. Osnovni principi su usugla\u0161eni, ali se \u010deka rje\u0161enje &#8220;u paketu&#8221;, odnosno rje\u0161enje koje bi zna\u010dilo potpun zavr\u0161etak krize u BiH. Problem predstavlja \u0161to Bo\u0161njaci ote\u017eu s Izbornim zakonom [&hellip;]<\/p>\n","protected":false},"author":2,"featured_media":104831,"comment_status":"closed","ping_status":"closed","sticky":false,"template":"","format":"standard","meta":{"h5ap_radio_sources":[],"footnotes":""},"categories":[1],"tags":[],"class_list":["post-104830","post","type-post","status-publish","format-standard","has-post-thumbnail","hentry","category-bihiregija"],"yoast_head":"<!-- This site is optimized with the Yoast SEO plugin v27.4 - https:\/\/yoast.com\/product\/yoast-seo-wordpress\/ -->\n<title>Izborni zakon se rje\u0161ava iza scene, Bo\u0161njaci poku\u0161avaju i dalje proces blokirati - RADIO LJUBU\u0160KI<\/title>\n<meta name=\"robots\" content=\"index, follow, max-snippet:-1, max-image-preview:large, max-video-preview:-1\" \/>\n<link rel=\"canonical\" href=\"https:\/\/radioljubuski.ba\/index.php\/2022\/01\/05\/izborni-zakon-se-rjesava-iza-scene-bosnjaci-pokusavaju-i-dalje-proces-blokirati\/\" \/>\n<meta property=\"og:locale\" content=\"hr_HR\" \/>\n<meta property=\"og:type\" content=\"article\" \/>\n<meta property=\"og:title\" content=\"Izborni zakon se rje\u0161ava iza scene, Bo\u0161njaci poku\u0161avaju i dalje proces blokirati - RADIO LJUBU\u0160KI\" \/>\n<meta property=\"og:description\" content=\"Me\u0111unarodna zajednica iza scene poku\u0161ava prona\u0107i rje\u0161enje za Izborni zakon, kako bi se idu\u0107i izbori odr\u017eali na na\u010din da bude implementirana odluka &#8220;Sejdi\u0107 i Finci&#8221;, saznaju&nbsp;Nezavisne novine. Osnovni principi su usugla\u0161eni, ali se \u010deka rje\u0161enje &#8220;u paketu&#8221;, odnosno rje\u0161enje koje bi zna\u010dilo potpun zavr\u0161etak krize u BiH. Problem predstavlja \u0161to Bo\u0161njaci ote\u017eu s Izbornim zakonom [&hellip;]\" \/>\n<meta property=\"og:url\" content=\"https:\/\/radioljubuski.ba\/index.php\/2022\/01\/05\/izborni-zakon-se-rjesava-iza-scene-bosnjaci-pokusavaju-i-dalje-proces-blokirati\/\" \/>\n<meta property=\"og:site_name\" content=\"RADIO LJUBU\u0160KI\" \/>\n<meta property=\"article:publisher\" content=\"https:\/\/www.facebook.com\/Radiio-Ljubuski-1490835324566332\" \/>\n<meta property=\"article:published_time\" content=\"2022-01-05T08:34:40+00:00\" \/>\n<meta property=\"article:modified_time\" content=\"2022-01-05T08:34:42+00:00\" \/>\n<meta property=\"og:image\" content=\"https:\/\/radioljubuski.ba\/wp-content\/uploads\/2022\/01\/G6yzbYrp_izbornipapiri280614.jpg\" \/>\n\t<meta property=\"og:image:width\" content=\"1000\" \/>\n\t<meta property=\"og:image:height\" content=\"625\" \/>\n\t<meta property=\"og:image:type\" content=\"image\/jpeg\" \/>\n<meta name=\"author\" content=\"Radio Ljubu\u0161ki\" \/>\n<meta name=\"twitter:card\" content=\"summary_large_image\" \/>\n<meta name=\"twitter:creator\" content=\"@radioljubuski\" \/>\n<meta name=\"twitter:site\" content=\"@radioljubuski\" \/>\n<meta name=\"twitter:label1\" content=\"Napisao\/la\" \/>\n\t<meta name=\"twitter:data1\" content=\"Radio Ljubu\u0161ki\" \/>\n\t<meta name=\"twitter:label2\" content=\"Procijenjeno vrijeme \u010ditanja\" \/>\n\t<meta name=\"twitter:data2\" content=\"2 minute\" \/>\n<script type=\"application\/ld+json\" class=\"yoast-schema-graph\">{\"@context\":\"https:\\\/\\\/schema.org\",\"@graph\":[{\"@type\":\"Article\",\"@id\":\"https:\\\/\\\/radioljubuski.ba\\\/index.php\\\/2022\\\/01\\\/05\\\/izborni-zakon-se-rjesava-iza-scene-bosnjaci-pokusavaju-i-dalje-proces-blokirati\\\/#article\",\"isPartOf\":{\"@id\":\"https:\\\/\\\/radioljubuski.ba\\\/index.php\\\/2022\\\/01\\\/05\\\/izborni-zakon-se-rjesava-iza-scene-bosnjaci-pokusavaju-i-dalje-proces-blokirati\\\/\"},\"author\":{\"name\":\"Radio Ljubu\u0161ki\",\"@id\":\"https:\\\/\\\/radioljubuski.ba\\\/#\\\/schema\\\/person\\\/19fc700381a780f69665d7956c469e3b\"},\"headline\":\"Izborni zakon se rje\u0161ava iza scene, Bo\u0161njaci poku\u0161avaju i dalje proces blokirati\",\"datePublished\":\"2022-01-05T08:34:40+00:00\",\"dateModified\":\"2022-01-05T08:34:42+00:00\",\"mainEntityOfPage\":{\"@id\":\"https:\\\/\\\/radioljubuski.ba\\\/index.php\\\/2022\\\/01\\\/05\\\/izborni-zakon-se-rjesava-iza-scene-bosnjaci-pokusavaju-i-dalje-proces-blokirati\\\/\"},\"wordCount\":403,\"publisher\":{\"@id\":\"https:\\\/\\\/radioljubuski.ba\\\/#organization\"},\"image\":{\"@id\":\"https:\\\/\\\/radioljubuski.ba\\\/index.php\\\/2022\\\/01\\\/05\\\/izborni-zakon-se-rjesava-iza-scene-bosnjaci-pokusavaju-i-dalje-proces-blokirati\\\/#primaryimage\"},\"thumbnailUrl\":\"https:\\\/\\\/radioljubuski.ba\\\/wp-content\\\/uploads\\\/2022\\\/01\\\/G6yzbYrp_izbornipapiri280614.jpg\",\"articleSection\":[\"BIH i regija\"],\"inLanguage\":\"hr\"},{\"@type\":\"WebPage\",\"@id\":\"https:\\\/\\\/radioljubuski.ba\\\/index.php\\\/2022\\\/01\\\/05\\\/izborni-zakon-se-rjesava-iza-scene-bosnjaci-pokusavaju-i-dalje-proces-blokirati\\\/\",\"url\":\"https:\\\/\\\/radioljubuski.ba\\\/index.php\\\/2022\\\/01\\\/05\\\/izborni-zakon-se-rjesava-iza-scene-bosnjaci-pokusavaju-i-dalje-proces-blokirati\\\/\",\"name\":\"Izborni zakon se rje\u0161ava iza scene, Bo\u0161njaci poku\u0161avaju i dalje proces blokirati - RADIO LJUBU\u0160KI\",\"isPartOf\":{\"@id\":\"https:\\\/\\\/radioljubuski.ba\\\/#website\"},\"primaryImageOfPage\":{\"@id\":\"https:\\\/\\\/radioljubuski.ba\\\/index.php\\\/2022\\\/01\\\/05\\\/izborni-zakon-se-rjesava-iza-scene-bosnjaci-pokusavaju-i-dalje-proces-blokirati\\\/#primaryimage\"},\"image\":{\"@id\":\"https:\\\/\\\/radioljubuski.ba\\\/index.php\\\/2022\\\/01\\\/05\\\/izborni-zakon-se-rjesava-iza-scene-bosnjaci-pokusavaju-i-dalje-proces-blokirati\\\/#primaryimage\"},\"thumbnailUrl\":\"https:\\\/\\\/radioljubuski.ba\\\/wp-content\\\/uploads\\\/2022\\\/01\\\/G6yzbYrp_izbornipapiri280614.jpg\",\"datePublished\":\"2022-01-05T08:34:40+00:00\",\"dateModified\":\"2022-01-05T08:34:42+00:00\",\"breadcrumb\":{\"@id\":\"https:\\\/\\\/radioljubuski.ba\\\/index.php\\\/2022\\\/01\\\/05\\\/izborni-zakon-se-rjesava-iza-scene-bosnjaci-pokusavaju-i-dalje-proces-blokirati\\\/#breadcrumb\"},\"inLanguage\":\"hr\",\"potentialAction\":[{\"@type\":\"ReadAction\",\"target\":[\"https:\\\/\\\/radioljubuski.ba\\\/index.php\\\/2022\\\/01\\\/05\\\/izborni-zakon-se-rjesava-iza-scene-bosnjaci-pokusavaju-i-dalje-proces-blokirati\\\/\"]}]},{\"@type\":\"ImageObject\",\"inLanguage\":\"hr\",\"@id\":\"https:\\\/\\\/radioljubuski.ba\\\/index.php\\\/2022\\\/01\\\/05\\\/izborni-zakon-se-rjesava-iza-scene-bosnjaci-pokusavaju-i-dalje-proces-blokirati\\\/#primaryimage\",\"url\":\"https:\\\/\\\/radioljubuski.ba\\\/wp-content\\\/uploads\\\/2022\\\/01\\\/G6yzbYrp_izbornipapiri280614.jpg\",\"contentUrl\":\"https:\\\/\\\/radioljubuski.ba\\\/wp-content\\\/uploads\\\/2022\\\/01\\\/G6yzbYrp_izbornipapiri280614.jpg\",\"width\":1000,\"height\":625},{\"@type\":\"BreadcrumbList\",\"@id\":\"https:\\\/\\\/radioljubuski.ba\\\/index.php\\\/2022\\\/01\\\/05\\\/izborni-zakon-se-rjesava-iza-scene-bosnjaci-pokusavaju-i-dalje-proces-blokirati\\\/#breadcrumb\",\"itemListElement\":[{\"@type\":\"ListItem\",\"position\":1,\"name\":\"Po\u010detna stranica\",\"item\":\"https:\\\/\\\/radioljubuski.ba\\\/\"},{\"@type\":\"ListItem\",\"position\":2,\"name\":\"Izborni zakon se rje\u0161ava iza scene, Bo\u0161njaci poku\u0161avaju i dalje proces blokirati\"}]},{\"@type\":\"WebSite\",\"@id\":\"https:\\\/\\\/radioljubuski.ba\\\/#website\",\"url\":\"https:\\\/\\\/radioljubuski.ba\\\/\",\"name\":\"Radio Ljubu\u0161ki\",\"description\":\"Sun\u010dana frekvencija Hercegovine\",\"publisher\":{\"@id\":\"https:\\\/\\\/radioljubuski.ba\\\/#organization\"},\"potentialAction\":[{\"@type\":\"SearchAction\",\"target\":{\"@type\":\"EntryPoint\",\"urlTemplate\":\"https:\\\/\\\/radioljubuski.ba\\\/?s={search_term_string}\"},\"query-input\":{\"@type\":\"PropertyValueSpecification\",\"valueRequired\":true,\"valueName\":\"search_term_string\"}}],\"inLanguage\":\"hr\"},{\"@type\":\"Organization\",\"@id\":\"https:\\\/\\\/radioljubuski.ba\\\/#organization\",\"name\":\"Radio Ljubu\u0161ki\",\"url\":\"https:\\\/\\\/radioljubuski.ba\\\/\",\"logo\":{\"@type\":\"ImageObject\",\"inLanguage\":\"hr\",\"@id\":\"https:\\\/\\\/radioljubuski.ba\\\/#\\\/schema\\\/logo\\\/image\\\/\",\"url\":\"https:\\\/\\\/radioljubuski.ba\\\/wp-content\\\/uploads\\\/2021\\\/02\\\/cropped-Radio_Ljubuski_logo1.jpg\",\"contentUrl\":\"https:\\\/\\\/radioljubuski.ba\\\/wp-content\\\/uploads\\\/2021\\\/02\\\/cropped-Radio_Ljubuski_logo1.jpg\",\"width\":512,\"height\":512,\"caption\":\"Radio Ljubu\u0161ki\"},\"image\":{\"@id\":\"https:\\\/\\\/radioljubuski.ba\\\/#\\\/schema\\\/logo\\\/image\\\/\"},\"sameAs\":[\"https:\\\/\\\/www.facebook.com\\\/Radiio-Ljubuski-1490835324566332\",\"https:\\\/\\\/x.com\\\/radioljubuski\",\"https:\\\/\\\/hr.linkedin.com\\\/company\\\/radio-ljubuski\",\"https:\\\/\\\/www.youtube.com\\\/channel\\\/UCHYaeO_n0Db3tjNGudGpXyw\"]},{\"@type\":\"Person\",\"@id\":\"https:\\\/\\\/radioljubuski.ba\\\/#\\\/schema\\\/person\\\/19fc700381a780f69665d7956c469e3b\",\"name\":\"Radio Ljubu\u0161ki\"}]}<\/script>\n<!-- \/ Yoast SEO plugin. -->","yoast_head_json":{"title":"Izborni zakon se rje\u0161ava iza scene, Bo\u0161njaci poku\u0161avaju i dalje proces blokirati - RADIO LJUBU\u0160KI","robots":{"index":"index","follow":"follow","max-snippet":"max-snippet:-1","max-image-preview":"max-image-preview:large","max-video-preview":"max-video-preview:-1"},"canonical":"https:\/\/radioljubuski.ba\/index.php\/2022\/01\/05\/izborni-zakon-se-rjesava-iza-scene-bosnjaci-pokusavaju-i-dalje-proces-blokirati\/","og_locale":"hr_HR","og_type":"article","og_title":"Izborni zakon se rje\u0161ava iza scene, Bo\u0161njaci poku\u0161avaju i dalje proces blokirati - RADIO LJUBU\u0160KI","og_description":"Me\u0111unarodna zajednica iza scene poku\u0161ava prona\u0107i rje\u0161enje za Izborni zakon, kako bi se idu\u0107i izbori odr\u017eali na na\u010din da bude implementirana odluka &#8220;Sejdi\u0107 i Finci&#8221;, saznaju&nbsp;Nezavisne novine. Osnovni principi su usugla\u0161eni, ali se \u010deka rje\u0161enje &#8220;u paketu&#8221;, odnosno rje\u0161enje koje bi zna\u010dilo potpun zavr\u0161etak krize u BiH. Problem predstavlja \u0161to Bo\u0161njaci ote\u017eu s Izbornim zakonom [&hellip;]","og_url":"https:\/\/radioljubuski.ba\/index.php\/2022\/01\/05\/izborni-zakon-se-rjesava-iza-scene-bosnjaci-pokusavaju-i-dalje-proces-blokirati\/","og_site_name":"RADIO LJUBU\u0160KI","article_publisher":"https:\/\/www.facebook.com\/Radiio-Ljubuski-1490835324566332","article_published_time":"2022-01-05T08:34:40+00:00","article_modified_time":"2022-01-05T08:34:42+00:00","og_image":[{"width":1000,"height":625,"url":"https:\/\/radioljubuski.ba\/wp-content\/uploads\/2022\/01\/G6yzbYrp_izbornipapiri280614.jpg","type":"image\/jpeg"}],"author":"Radio Ljubu\u0161ki","twitter_card":"summary_large_image","twitter_creator":"@radioljubuski","twitter_site":"@radioljubuski","twitter_misc":{"Napisao\/la":"Radio Ljubu\u0161ki","Procijenjeno vrijeme \u010ditanja":"2 minute"},"schema":{"@context":"https:\/\/schema.org","@graph":[{"@type":"Article","@id":"https:\/\/radioljubuski.ba\/index.php\/2022\/01\/05\/izborni-zakon-se-rjesava-iza-scene-bosnjaci-pokusavaju-i-dalje-proces-blokirati\/#article","isPartOf":{"@id":"https:\/\/radioljubuski.ba\/index.php\/2022\/01\/05\/izborni-zakon-se-rjesava-iza-scene-bosnjaci-pokusavaju-i-dalje-proces-blokirati\/"},"author":{"name":"Radio Ljubu\u0161ki","@id":"https:\/\/radioljubuski.ba\/#\/schema\/person\/19fc700381a780f69665d7956c469e3b"},"headline":"Izborni zakon se rje\u0161ava iza scene, Bo\u0161njaci poku\u0161avaju i dalje proces blokirati","datePublished":"2022-01-05T08:34:40+00:00","dateModified":"2022-01-05T08:34:42+00:00","mainEntityOfPage":{"@id":"https:\/\/radioljubuski.ba\/index.php\/2022\/01\/05\/izborni-zakon-se-rjesava-iza-scene-bosnjaci-pokusavaju-i-dalje-proces-blokirati\/"},"wordCount":403,"publisher":{"@id":"https:\/\/radioljubuski.ba\/#organization"},"image":{"@id":"https:\/\/radioljubuski.ba\/index.php\/2022\/01\/05\/izborni-zakon-se-rjesava-iza-scene-bosnjaci-pokusavaju-i-dalje-proces-blokirati\/#primaryimage"},"thumbnailUrl":"https:\/\/radioljubuski.ba\/wp-content\/uploads\/2022\/01\/G6yzbYrp_izbornipapiri280614.jpg","articleSection":["BIH i regija"],"inLanguage":"hr"},{"@type":"WebPage","@id":"https:\/\/radioljubuski.ba\/index.php\/2022\/01\/05\/izborni-zakon-se-rjesava-iza-scene-bosnjaci-pokusavaju-i-dalje-proces-blokirati\/","url":"https:\/\/radioljubuski.ba\/index.php\/2022\/01\/05\/izborni-zakon-se-rjesava-iza-scene-bosnjaci-pokusavaju-i-dalje-proces-blokirati\/","name":"Izborni zakon se rje\u0161ava iza scene, Bo\u0161njaci poku\u0161avaju i dalje proces blokirati - RADIO LJUBU\u0160KI","isPartOf":{"@id":"https:\/\/radioljubuski.ba\/#website"},"primaryImageOfPage":{"@id":"https:\/\/radioljubuski.ba\/index.php\/2022\/01\/05\/izborni-zakon-se-rjesava-iza-scene-bosnjaci-pokusavaju-i-dalje-proces-blokirati\/#primaryimage"},"image":{"@id":"https:\/\/radioljubuski.ba\/index.php\/2022\/01\/05\/izborni-zakon-se-rjesava-iza-scene-bosnjaci-pokusavaju-i-dalje-proces-blokirati\/#primaryimage"},"thumbnailUrl":"https:\/\/radioljubuski.ba\/wp-content\/uploads\/2022\/01\/G6yzbYrp_izbornipapiri280614.jpg","datePublished":"2022-01-05T08:34:40+00:00","dateModified":"2022-01-05T08:34:42+00:00","breadcrumb":{"@id":"https:\/\/radioljubuski.ba\/index.php\/2022\/01\/05\/izborni-zakon-se-rjesava-iza-scene-bosnjaci-pokusavaju-i-dalje-proces-blokirati\/#breadcrumb"},"inLanguage":"hr","potentialAction":[{"@type":"ReadAction","target":["https:\/\/radioljubuski.ba\/index.php\/2022\/01\/05\/izborni-zakon-se-rjesava-iza-scene-bosnjaci-pokusavaju-i-dalje-proces-blokirati\/"]}]},{"@type":"ImageObject","inLanguage":"hr","@id":"https:\/\/radioljubuski.ba\/index.php\/2022\/01\/05\/izborni-zakon-se-rjesava-iza-scene-bosnjaci-pokusavaju-i-dalje-proces-blokirati\/#primaryimage","url":"https:\/\/radioljubuski.ba\/wp-content\/uploads\/2022\/01\/G6yzbYrp_izbornipapiri280614.jpg","contentUrl":"https:\/\/radioljubuski.ba\/wp-content\/uploads\/2022\/01\/G6yzbYrp_izbornipapiri280614.jpg","width":1000,"height":625},{"@type":"BreadcrumbList","@id":"https:\/\/radioljubuski.ba\/index.php\/2022\/01\/05\/izborni-zakon-se-rjesava-iza-scene-bosnjaci-pokusavaju-i-dalje-proces-blokirati\/#breadcrumb","itemListElement":[{"@type":"ListItem","position":1,"name":"Po\u010detna stranica","item":"https:\/\/radioljubuski.ba\/"},{"@type":"ListItem","position":2,"name":"Izborni zakon se rje\u0161ava iza scene, Bo\u0161njaci poku\u0161avaju i dalje proces blokirati"}]},{"@type":"WebSite","@id":"https:\/\/radioljubuski.ba\/#website","url":"https:\/\/radioljubuski.ba\/","name":"Radio Ljubu\u0161ki","description":"Sun\u010dana frekvencija Hercegovine","publisher":{"@id":"https:\/\/radioljubuski.ba\/#organization"},"potentialAction":[{"@type":"SearchAction","target":{"@type":"EntryPoint","urlTemplate":"https:\/\/radioljubuski.ba\/?s={search_term_string}"},"query-input":{"@type":"PropertyValueSpecification","valueRequired":true,"valueName":"search_term_string"}}],"inLanguage":"hr"},{"@type":"Organization","@id":"https:\/\/radioljubuski.ba\/#organization","name":"Radio Ljubu\u0161ki","url":"https:\/\/radioljubuski.ba\/","logo":{"@type":"ImageObject","inLanguage":"hr","@id":"https:\/\/radioljubuski.ba\/#\/schema\/logo\/image\/","url":"https:\/\/radioljubuski.ba\/wp-content\/uploads\/2021\/02\/cropped-Radio_Ljubuski_logo1.jpg","contentUrl":"https:\/\/radioljubuski.ba\/wp-content\/uploads\/2021\/02\/cropped-Radio_Ljubuski_logo1.jpg","width":512,"height":512,"caption":"Radio Ljubu\u0161ki"},"image":{"@id":"https:\/\/radioljubuski.ba\/#\/schema\/logo\/image\/"},"sameAs":["https:\/\/www.facebook.com\/Radiio-Ljubuski-1490835324566332","https:\/\/x.com\/radioljubuski","https:\/\/hr.linkedin.com\/company\/radio-ljubuski","https:\/\/www.youtube.com\/channel\/UCHYaeO_n0Db3tjNGudGpXyw"]},{"@type":"Person","@id":"https:\/\/radioljubuski.ba\/#\/schema\/person\/19fc700381a780f69665d7956c469e3b","name":"Radio Ljubu\u0161ki"}]}},"_links":{"self":[{"href":"https:\/\/radioljubuski.ba\/index.php\/wp-json\/wp\/v2\/posts\/104830","targetHints":{"allow":["GET"]}}],"collection":[{"href":"https:\/\/radioljubuski.ba\/index.php\/wp-json\/wp\/v2\/posts"}],"about":[{"href":"https:\/\/radioljubuski.ba\/index.php\/wp-json\/wp\/v2\/types\/post"}],"author":[{"embeddable":true,"href":"https:\/\/radioljubuski.ba\/index.php\/wp-json\/wp\/v2\/users\/2"}],"replies":[{"embeddable":true,"href":"https:\/\/radioljubuski.ba\/index.php\/wp-json\/wp\/v2\/comments?post=104830"}],"version-history":[{"count":1,"href":"https:\/\/radioljubuski.ba\/index.php\/wp-json\/wp\/v2\/posts\/104830\/revisions"}],"predecessor-version":[{"id":104832,"href":"https:\/\/radioljubuski.ba\/index.php\/wp-json\/wp\/v2\/posts\/104830\/revisions\/104832"}],"wp:featuredmedia":[{"embeddable":true,"href":"https:\/\/radioljubuski.ba\/index.php\/wp-json\/wp\/v2\/media\/104831"}],"wp:attachment":[{"href":"https:\/\/radioljubuski.ba\/index.php\/wp-json\/wp\/v2\/media?parent=104830"}],"wp:term":[{"taxonomy":"category","embeddable":true,"href":"https:\/\/radioljubuski.ba\/index.php\/wp-json\/wp\/v2\/categories?post=104830"},{"taxonomy":"post_tag","embeddable":true,"href":"https:\/\/radioljubuski.ba\/index.php\/wp-json\/wp\/v2\/tags?post=104830"}],"curies":[{"name":"wp","href":"https:\/\/api.w.org\/{rel}","templated":true}]}}