{"id":104961,"date":"2022-01-06T01:43:18","date_gmt":"2022-01-06T00:43:18","guid":{"rendered":"https:\/\/radioljubuski.ba\/?p=104961"},"modified":"2022-01-06T01:43:19","modified_gmt":"2022-01-06T00:43:19","slug":"izbrisati-narode-ili-ukinuti-dom-naroda-moze-se-samo-s-daytonom-2","status":"publish","type":"post","link":"https:\/\/radioljubuski.ba\/index.php\/2022\/01\/06\/izbrisati-narode-ili-ukinuti-dom-naroda-moze-se-samo-s-daytonom-2\/","title":{"rendered":"Izbrisati narode ili ukinuti Dom naroda mo\u017ee se samo s Daytonom 2"},"content":{"rendered":"\n<p>Izvori\u0161te za ograni\u010denu ustavnu reformu koja se svodi na uklanjanje naroda iz Ustava BiH, a \u0161to je jedna od fundamentalnih i vrlo osjetljivih sastavnica Daytonskog mirovnog sporazuma, Venecijanska komisija je predlo\u017eila o\u010dito smatraju\u0107i da bi se na taj na\u010din provela i presuda &#8220;Azra Zorni\u0107 protiv BiH&#8221;. Radi se o presudi u kojoj se inzistira na mogu\u0107nosti da se predstavnici manjina kandidiraju na najvi\u0161e pozicije u dr\u017eavi u Predsjedni\u0161tvu BiH, ali i u Domu naroda koji su pak Daytonom zami\u0161ljeni kao institucije u kojima \u0107e tri naroda imati jednaku zastupljenost i na taj na\u010din imati jednak utjecaj, pi\u0161e&nbsp;<a href=\"https:\/\/www.vecernji.ba\/vijesti\/izbrisati-narode-ili-ukinuti-dom-naroda-moze-se-samo-s-daytonom-2-1552758\">Ve\u010dernji list BiH<\/a>. O tome bi se trebalo, uz ostalo, razgovarati i u nastavku razgovora o ustavnoj i izbornoj reformi u zemlji \u0161to se o\u010dekuje ve\u0107 tijekom sije\u010dnja. &#8220;Osamnaest godina nakon tragi\u010dnog sukoba u Bosni i Hercegovini do\u0161lo je vrijeme za usvajanje politi\u010dkog sustava koji bi svim gra\u0111anima te zemlje omogu\u0107io pravo kandidirati se za Dom naroda i Predsjedni\u0161tvo bez bilo kakvog razlikovanja u pogledu etni\u010dkog podrijetla&#8221;, stoji u izdvojenome obja\u0161njenju o slu\u010daju &#8220;Zorni\u0107&#8221;.<\/p>\n\n\n\n<p>To se nalazi u svojevrsnome javno dostupnome kompendiju presuda koje je donosio Sud u Strasbourgu diljem Europe u pogledu nemogu\u0107nosti ostvarenja prava vezanih za izborni proces, a jedan dio se odnosi i na BiH. Zajedno s time u tome dokumentu navode se i druge presude, ali se krajnje oprezno govori o tome \u010dime treba rezultirati izborna i ustavna reforma te da se trebaju uva\u017eavati posebnosti svake dr\u017eave, \u0161to Venecijanska komisija o\u010dito u slu\u010daju BiH ne radi. &#8220;Iako imaju zajedni\u010dko izvori\u0161te i potrebu da se osigura i neovisnost izabranih predstavnika i sloboda izbora bira\u010da, kriteriji prihvatljivosti razlikuju se u skladu s povijesnim, dru\u0161tvenim i politi\u010dkim \u010dimbenicima koji su specifi\u010dni za svaku dr\u017eavu. Mno\u0161tvo situacija predvi\u0111enih ustavima i izbornim zakonodavstvom brojnih dr\u017eava \u010dlanica Vije\u0107a Europe pokazuje raznolikost mogu\u0107ih pristupa u ovom podru\u010dju. Stoga, u svrhu primjene \u010dlanka 3. protokola br. 1, svako izborno zakonodavstvo mora se ocijeniti u svjetlu politi\u010dke evolucije doti\u010dne zemlje&#8221;, navodi se u ovome dokumentu. U jednome od paragrafa se jo\u0161 jasnije isti\u010de kako se mora pozorno imati na umu povijesni i politi\u010dki kontekst svake zemlje na koju se odnosi ovakve odluke. &#8220;Osim toga, kada ispituje izborni sustav neke zemlje \u2013 bilo da se radi o aktivnom ili pasivnom aspektu \u2013 Sud uzima u obzir raznolikost povijesnih konteksta dr\u017eava. Ti razli\u010diti konteksti mogu stoga dovesti Sud do prihva\u0107anja razlika u izbornim pravilima od jedne zemlje do druge, ali i do obja\u0161njenja bilo kakvog razvoja razine zahtjeva ovisno o razdoblju koje se razmatra&#8221;, navodi se. U dokumentu se navode i razli\u010diti slu\u010dajevi, odnosno postojanja neproporcionalnosti, ali i primjeri presuda koje tako\u0111er nisu primijenjene, a odnose se na prijepore na Cipru. U kontekstu BiH \u010dini se kako se posve stavlja po strani kontekst nastanka dr\u017eave i aktualnog dr\u017eavnopravnog re\u017eima. Posebice ako se imaju na umu neka ranija razmatranja Venecijanske komisije, stru\u010dnog tijela Vije\u0107a Europe, koja se sada postavlja kao &#8220;prijatelj&#8221; procesa reformi. No, ako se ima na umu kontinuitet prijedloga ovoga tijela, koje se do sada postavljalo kao tijelo koje poku\u0161ava udovoljiti volji ve\u0107ine (Bo\u0161njaka), onda se te\u0161ko mo\u017ee govoriti o prijedlozima koji mogu polu\u010diti uspjeh, radije vratiti BiH u podjele i eskalaciju.<\/p>\n\n\n\n<p>Prijedlog da se bri\u0161u narodi iz Doma naroda o\u010dito ima na umu ranije korake koje su radikalnije predlagali iz ove komisije. &#8220;Glavni cilj amandmana je pomak od dvodomnosti s dva jednaka doma na novi sustav u kojem bi Dom naroda imao samo ograni\u010dene ovlasti s fokusom na veto vitalnih nacionalnih interesa. Reforma bi bila korak u smjeru preporuka Venecijanske komisije da se ukine Dom naroda i da se pojednostavi dono\u0161enje odluka unutar dr\u017eavnih institucija&#8221;, stoji u stavu iz 2006. godine. Na taj se na\u010din na najizravniji na\u010din ugro\u017eava Daytonski mirovni sporazum, ameri\u010dki projekt kojim je okon\u010dan rat i dana prilika razvoju dr\u017eave i dru\u0161tva. Naru\u0161avanjem temeljnih postavki konstitutivnih naroda, Doma naroda, riskira se sve do sada u\u010dinjeno. No, i takve reforme su mogu\u0107e. Ali &#8211; samo uz Dayton 2.<\/p>\n\n\n\n<p>Izvor:Vecernji.ba<\/p>\n","protected":false},"excerpt":{"rendered":"<p>Izvori\u0161te za ograni\u010denu ustavnu reformu koja se svodi na uklanjanje naroda iz Ustava BiH, a \u0161to je jedna od fundamentalnih i vrlo osjetljivih sastavnica Daytonskog mirovnog sporazuma, Venecijanska komisija je predlo\u017eila o\u010dito smatraju\u0107i da bi se na taj na\u010din provela i presuda &#8220;Azra Zorni\u0107 protiv BiH&#8221;. Radi se o presudi u kojoj se inzistira na [&hellip;]<\/p>\n","protected":false},"author":2,"featured_media":104962,"comment_status":"closed","ping_status":"closed","sticky":false,"template":"","format":"standard","meta":{"h5ap_radio_sources":[],"footnotes":""},"categories":[1],"tags":[],"class_list":["post-104961","post","type-post","status-publish","format-standard","has-post-thumbnail","hentry","category-bihiregija"],"yoast_head":"<!-- This site is optimized with the Yoast SEO plugin v27.5 - https:\/\/yoast.com\/product\/yoast-seo-wordpress\/ -->\n<title>Izbrisati narode ili ukinuti Dom naroda mo\u017ee se samo s Daytonom 2 - RADIO LJUBU\u0160KI<\/title>\n<meta name=\"robots\" content=\"index, follow, max-snippet:-1, max-image-preview:large, max-video-preview:-1\" \/>\n<link rel=\"canonical\" href=\"https:\/\/radioljubuski.ba\/index.php\/2022\/01\/06\/izbrisati-narode-ili-ukinuti-dom-naroda-moze-se-samo-s-daytonom-2\/\" \/>\n<meta property=\"og:locale\" content=\"hr_HR\" \/>\n<meta property=\"og:type\" content=\"article\" \/>\n<meta property=\"og:title\" content=\"Izbrisati narode ili ukinuti Dom naroda mo\u017ee se samo s Daytonom 2 - RADIO LJUBU\u0160KI\" \/>\n<meta property=\"og:description\" content=\"Izvori\u0161te za ograni\u010denu ustavnu reformu koja se svodi na uklanjanje naroda iz Ustava BiH, a \u0161to je jedna od fundamentalnih i vrlo osjetljivih sastavnica Daytonskog mirovnog sporazuma, Venecijanska komisija je predlo\u017eila o\u010dito smatraju\u0107i da bi se na taj na\u010din provela i presuda &#8220;Azra Zorni\u0107 protiv BiH&#8221;. Radi se o presudi u kojoj se inzistira na [&hellip;]\" \/>\n<meta property=\"og:url\" content=\"https:\/\/radioljubuski.ba\/index.php\/2022\/01\/06\/izbrisati-narode-ili-ukinuti-dom-naroda-moze-se-samo-s-daytonom-2\/\" \/>\n<meta property=\"og:site_name\" content=\"RADIO LJUBU\u0160KI\" \/>\n<meta property=\"article:publisher\" content=\"https:\/\/www.facebook.com\/Radiio-Ljubuski-1490835324566332\" \/>\n<meta property=\"article:published_time\" content=\"2022-01-06T00:43:18+00:00\" \/>\n<meta property=\"article:modified_time\" content=\"2022-01-06T00:43:19+00:00\" \/>\n<meta property=\"og:image\" content=\"https:\/\/radioljubuski.ba\/wp-content\/uploads\/2022\/01\/8-2021-12-15-15-38-57-palmer.jpg\" \/>\n\t<meta property=\"og:image:width\" content=\"1000\" \/>\n\t<meta property=\"og:image:height\" content=\"625\" \/>\n\t<meta property=\"og:image:type\" content=\"image\/jpeg\" \/>\n<meta name=\"author\" content=\"Radio Ljubu\u0161ki\" \/>\n<meta name=\"twitter:card\" content=\"summary_large_image\" \/>\n<meta name=\"twitter:creator\" content=\"@radioljubuski\" \/>\n<meta name=\"twitter:site\" content=\"@radioljubuski\" \/>\n<meta name=\"twitter:label1\" content=\"Napisao\/la\" \/>\n\t<meta name=\"twitter:data1\" content=\"Radio Ljubu\u0161ki\" \/>\n\t<meta name=\"twitter:label2\" content=\"Procijenjeno vrijeme \u010ditanja\" \/>\n\t<meta name=\"twitter:data2\" content=\"3 minute\" \/>\n<script type=\"application\/ld+json\" class=\"yoast-schema-graph\">{\"@context\":\"https:\\\/\\\/schema.org\",\"@graph\":[{\"@type\":\"Article\",\"@id\":\"https:\\\/\\\/radioljubuski.ba\\\/index.php\\\/2022\\\/01\\\/06\\\/izbrisati-narode-ili-ukinuti-dom-naroda-moze-se-samo-s-daytonom-2\\\/#article\",\"isPartOf\":{\"@id\":\"https:\\\/\\\/radioljubuski.ba\\\/index.php\\\/2022\\\/01\\\/06\\\/izbrisati-narode-ili-ukinuti-dom-naroda-moze-se-samo-s-daytonom-2\\\/\"},\"author\":{\"name\":\"Radio Ljubu\u0161ki\",\"@id\":\"https:\\\/\\\/radioljubuski.ba\\\/#\\\/schema\\\/person\\\/19fc700381a780f69665d7956c469e3b\"},\"headline\":\"Izbrisati narode ili ukinuti Dom naroda mo\u017ee se samo s Daytonom 2\",\"datePublished\":\"2022-01-06T00:43:18+00:00\",\"dateModified\":\"2022-01-06T00:43:19+00:00\",\"mainEntityOfPage\":{\"@id\":\"https:\\\/\\\/radioljubuski.ba\\\/index.php\\\/2022\\\/01\\\/06\\\/izbrisati-narode-ili-ukinuti-dom-naroda-moze-se-samo-s-daytonom-2\\\/\"},\"wordCount\":742,\"publisher\":{\"@id\":\"https:\\\/\\\/radioljubuski.ba\\\/#organization\"},\"image\":{\"@id\":\"https:\\\/\\\/radioljubuski.ba\\\/index.php\\\/2022\\\/01\\\/06\\\/izbrisati-narode-ili-ukinuti-dom-naroda-moze-se-samo-s-daytonom-2\\\/#primaryimage\"},\"thumbnailUrl\":\"https:\\\/\\\/radioljubuski.ba\\\/wp-content\\\/uploads\\\/2022\\\/01\\\/8-2021-12-15-15-38-57-palmer.jpg\",\"articleSection\":[\"BIH i regija\"],\"inLanguage\":\"hr\"},{\"@type\":\"WebPage\",\"@id\":\"https:\\\/\\\/radioljubuski.ba\\\/index.php\\\/2022\\\/01\\\/06\\\/izbrisati-narode-ili-ukinuti-dom-naroda-moze-se-samo-s-daytonom-2\\\/\",\"url\":\"https:\\\/\\\/radioljubuski.ba\\\/index.php\\\/2022\\\/01\\\/06\\\/izbrisati-narode-ili-ukinuti-dom-naroda-moze-se-samo-s-daytonom-2\\\/\",\"name\":\"Izbrisati narode ili ukinuti Dom naroda mo\u017ee se samo s Daytonom 2 - RADIO LJUBU\u0160KI\",\"isPartOf\":{\"@id\":\"https:\\\/\\\/radioljubuski.ba\\\/#website\"},\"primaryImageOfPage\":{\"@id\":\"https:\\\/\\\/radioljubuski.ba\\\/index.php\\\/2022\\\/01\\\/06\\\/izbrisati-narode-ili-ukinuti-dom-naroda-moze-se-samo-s-daytonom-2\\\/#primaryimage\"},\"image\":{\"@id\":\"https:\\\/\\\/radioljubuski.ba\\\/index.php\\\/2022\\\/01\\\/06\\\/izbrisati-narode-ili-ukinuti-dom-naroda-moze-se-samo-s-daytonom-2\\\/#primaryimage\"},\"thumbnailUrl\":\"https:\\\/\\\/radioljubuski.ba\\\/wp-content\\\/uploads\\\/2022\\\/01\\\/8-2021-12-15-15-38-57-palmer.jpg\",\"datePublished\":\"2022-01-06T00:43:18+00:00\",\"dateModified\":\"2022-01-06T00:43:19+00:00\",\"breadcrumb\":{\"@id\":\"https:\\\/\\\/radioljubuski.ba\\\/index.php\\\/2022\\\/01\\\/06\\\/izbrisati-narode-ili-ukinuti-dom-naroda-moze-se-samo-s-daytonom-2\\\/#breadcrumb\"},\"inLanguage\":\"hr\",\"potentialAction\":[{\"@type\":\"ReadAction\",\"target\":[\"https:\\\/\\\/radioljubuski.ba\\\/index.php\\\/2022\\\/01\\\/06\\\/izbrisati-narode-ili-ukinuti-dom-naroda-moze-se-samo-s-daytonom-2\\\/\"]}]},{\"@type\":\"ImageObject\",\"inLanguage\":\"hr\",\"@id\":\"https:\\\/\\\/radioljubuski.ba\\\/index.php\\\/2022\\\/01\\\/06\\\/izbrisati-narode-ili-ukinuti-dom-naroda-moze-se-samo-s-daytonom-2\\\/#primaryimage\",\"url\":\"https:\\\/\\\/radioljubuski.ba\\\/wp-content\\\/uploads\\\/2022\\\/01\\\/8-2021-12-15-15-38-57-palmer.jpg\",\"contentUrl\":\"https:\\\/\\\/radioljubuski.ba\\\/wp-content\\\/uploads\\\/2022\\\/01\\\/8-2021-12-15-15-38-57-palmer.jpg\",\"width\":1000,\"height\":625},{\"@type\":\"BreadcrumbList\",\"@id\":\"https:\\\/\\\/radioljubuski.ba\\\/index.php\\\/2022\\\/01\\\/06\\\/izbrisati-narode-ili-ukinuti-dom-naroda-moze-se-samo-s-daytonom-2\\\/#breadcrumb\",\"itemListElement\":[{\"@type\":\"ListItem\",\"position\":1,\"name\":\"Po\u010detna stranica\",\"item\":\"https:\\\/\\\/radioljubuski.ba\\\/\"},{\"@type\":\"ListItem\",\"position\":2,\"name\":\"Izbrisati narode ili ukinuti Dom naroda mo\u017ee se samo s Daytonom 2\"}]},{\"@type\":\"WebSite\",\"@id\":\"https:\\\/\\\/radioljubuski.ba\\\/#website\",\"url\":\"https:\\\/\\\/radioljubuski.ba\\\/\",\"name\":\"Radio Ljubu\u0161ki\",\"description\":\"Sun\u010dana frekvencija Hercegovine\",\"publisher\":{\"@id\":\"https:\\\/\\\/radioljubuski.ba\\\/#organization\"},\"potentialAction\":[{\"@type\":\"SearchAction\",\"target\":{\"@type\":\"EntryPoint\",\"urlTemplate\":\"https:\\\/\\\/radioljubuski.ba\\\/?s={search_term_string}\"},\"query-input\":{\"@type\":\"PropertyValueSpecification\",\"valueRequired\":true,\"valueName\":\"search_term_string\"}}],\"inLanguage\":\"hr\"},{\"@type\":\"Organization\",\"@id\":\"https:\\\/\\\/radioljubuski.ba\\\/#organization\",\"name\":\"Radio Ljubu\u0161ki\",\"url\":\"https:\\\/\\\/radioljubuski.ba\\\/\",\"logo\":{\"@type\":\"ImageObject\",\"inLanguage\":\"hr\",\"@id\":\"https:\\\/\\\/radioljubuski.ba\\\/#\\\/schema\\\/logo\\\/image\\\/\",\"url\":\"https:\\\/\\\/radioljubuski.ba\\\/wp-content\\\/uploads\\\/2021\\\/02\\\/cropped-Radio_Ljubuski_logo1.jpg\",\"contentUrl\":\"https:\\\/\\\/radioljubuski.ba\\\/wp-content\\\/uploads\\\/2021\\\/02\\\/cropped-Radio_Ljubuski_logo1.jpg\",\"width\":512,\"height\":512,\"caption\":\"Radio Ljubu\u0161ki\"},\"image\":{\"@id\":\"https:\\\/\\\/radioljubuski.ba\\\/#\\\/schema\\\/logo\\\/image\\\/\"},\"sameAs\":[\"https:\\\/\\\/www.facebook.com\\\/Radiio-Ljubuski-1490835324566332\",\"https:\\\/\\\/x.com\\\/radioljubuski\",\"https:\\\/\\\/hr.linkedin.com\\\/company\\\/radio-ljubuski\",\"https:\\\/\\\/www.youtube.com\\\/channel\\\/UCHYaeO_n0Db3tjNGudGpXyw\"]},{\"@type\":\"Person\",\"@id\":\"https:\\\/\\\/radioljubuski.ba\\\/#\\\/schema\\\/person\\\/19fc700381a780f69665d7956c469e3b\",\"name\":\"Radio Ljubu\u0161ki\"}]}<\/script>\n<!-- \/ Yoast SEO plugin. -->","yoast_head_json":{"title":"Izbrisati narode ili ukinuti Dom naroda mo\u017ee se samo s Daytonom 2 - RADIO LJUBU\u0160KI","robots":{"index":"index","follow":"follow","max-snippet":"max-snippet:-1","max-image-preview":"max-image-preview:large","max-video-preview":"max-video-preview:-1"},"canonical":"https:\/\/radioljubuski.ba\/index.php\/2022\/01\/06\/izbrisati-narode-ili-ukinuti-dom-naroda-moze-se-samo-s-daytonom-2\/","og_locale":"hr_HR","og_type":"article","og_title":"Izbrisati narode ili ukinuti Dom naroda mo\u017ee se samo s Daytonom 2 - RADIO LJUBU\u0160KI","og_description":"Izvori\u0161te za ograni\u010denu ustavnu reformu koja se svodi na uklanjanje naroda iz Ustava BiH, a \u0161to je jedna od fundamentalnih i vrlo osjetljivih sastavnica Daytonskog mirovnog sporazuma, Venecijanska komisija je predlo\u017eila o\u010dito smatraju\u0107i da bi se na taj na\u010din provela i presuda &#8220;Azra Zorni\u0107 protiv BiH&#8221;. Radi se o presudi u kojoj se inzistira na [&hellip;]","og_url":"https:\/\/radioljubuski.ba\/index.php\/2022\/01\/06\/izbrisati-narode-ili-ukinuti-dom-naroda-moze-se-samo-s-daytonom-2\/","og_site_name":"RADIO LJUBU\u0160KI","article_publisher":"https:\/\/www.facebook.com\/Radiio-Ljubuski-1490835324566332","article_published_time":"2022-01-06T00:43:18+00:00","article_modified_time":"2022-01-06T00:43:19+00:00","og_image":[{"width":1000,"height":625,"url":"https:\/\/radioljubuski.ba\/wp-content\/uploads\/2022\/01\/8-2021-12-15-15-38-57-palmer.jpg","type":"image\/jpeg"}],"author":"Radio Ljubu\u0161ki","twitter_card":"summary_large_image","twitter_creator":"@radioljubuski","twitter_site":"@radioljubuski","twitter_misc":{"Napisao\/la":"Radio Ljubu\u0161ki","Procijenjeno vrijeme \u010ditanja":"3 minute"},"schema":{"@context":"https:\/\/schema.org","@graph":[{"@type":"Article","@id":"https:\/\/radioljubuski.ba\/index.php\/2022\/01\/06\/izbrisati-narode-ili-ukinuti-dom-naroda-moze-se-samo-s-daytonom-2\/#article","isPartOf":{"@id":"https:\/\/radioljubuski.ba\/index.php\/2022\/01\/06\/izbrisati-narode-ili-ukinuti-dom-naroda-moze-se-samo-s-daytonom-2\/"},"author":{"name":"Radio Ljubu\u0161ki","@id":"https:\/\/radioljubuski.ba\/#\/schema\/person\/19fc700381a780f69665d7956c469e3b"},"headline":"Izbrisati narode ili ukinuti Dom naroda mo\u017ee se samo s Daytonom 2","datePublished":"2022-01-06T00:43:18+00:00","dateModified":"2022-01-06T00:43:19+00:00","mainEntityOfPage":{"@id":"https:\/\/radioljubuski.ba\/index.php\/2022\/01\/06\/izbrisati-narode-ili-ukinuti-dom-naroda-moze-se-samo-s-daytonom-2\/"},"wordCount":742,"publisher":{"@id":"https:\/\/radioljubuski.ba\/#organization"},"image":{"@id":"https:\/\/radioljubuski.ba\/index.php\/2022\/01\/06\/izbrisati-narode-ili-ukinuti-dom-naroda-moze-se-samo-s-daytonom-2\/#primaryimage"},"thumbnailUrl":"https:\/\/radioljubuski.ba\/wp-content\/uploads\/2022\/01\/8-2021-12-15-15-38-57-palmer.jpg","articleSection":["BIH i regija"],"inLanguage":"hr"},{"@type":"WebPage","@id":"https:\/\/radioljubuski.ba\/index.php\/2022\/01\/06\/izbrisati-narode-ili-ukinuti-dom-naroda-moze-se-samo-s-daytonom-2\/","url":"https:\/\/radioljubuski.ba\/index.php\/2022\/01\/06\/izbrisati-narode-ili-ukinuti-dom-naroda-moze-se-samo-s-daytonom-2\/","name":"Izbrisati narode ili ukinuti Dom naroda mo\u017ee se samo s Daytonom 2 - RADIO LJUBU\u0160KI","isPartOf":{"@id":"https:\/\/radioljubuski.ba\/#website"},"primaryImageOfPage":{"@id":"https:\/\/radioljubuski.ba\/index.php\/2022\/01\/06\/izbrisati-narode-ili-ukinuti-dom-naroda-moze-se-samo-s-daytonom-2\/#primaryimage"},"image":{"@id":"https:\/\/radioljubuski.ba\/index.php\/2022\/01\/06\/izbrisati-narode-ili-ukinuti-dom-naroda-moze-se-samo-s-daytonom-2\/#primaryimage"},"thumbnailUrl":"https:\/\/radioljubuski.ba\/wp-content\/uploads\/2022\/01\/8-2021-12-15-15-38-57-palmer.jpg","datePublished":"2022-01-06T00:43:18+00:00","dateModified":"2022-01-06T00:43:19+00:00","breadcrumb":{"@id":"https:\/\/radioljubuski.ba\/index.php\/2022\/01\/06\/izbrisati-narode-ili-ukinuti-dom-naroda-moze-se-samo-s-daytonom-2\/#breadcrumb"},"inLanguage":"hr","potentialAction":[{"@type":"ReadAction","target":["https:\/\/radioljubuski.ba\/index.php\/2022\/01\/06\/izbrisati-narode-ili-ukinuti-dom-naroda-moze-se-samo-s-daytonom-2\/"]}]},{"@type":"ImageObject","inLanguage":"hr","@id":"https:\/\/radioljubuski.ba\/index.php\/2022\/01\/06\/izbrisati-narode-ili-ukinuti-dom-naroda-moze-se-samo-s-daytonom-2\/#primaryimage","url":"https:\/\/radioljubuski.ba\/wp-content\/uploads\/2022\/01\/8-2021-12-15-15-38-57-palmer.jpg","contentUrl":"https:\/\/radioljubuski.ba\/wp-content\/uploads\/2022\/01\/8-2021-12-15-15-38-57-palmer.jpg","width":1000,"height":625},{"@type":"BreadcrumbList","@id":"https:\/\/radioljubuski.ba\/index.php\/2022\/01\/06\/izbrisati-narode-ili-ukinuti-dom-naroda-moze-se-samo-s-daytonom-2\/#breadcrumb","itemListElement":[{"@type":"ListItem","position":1,"name":"Po\u010detna stranica","item":"https:\/\/radioljubuski.ba\/"},{"@type":"ListItem","position":2,"name":"Izbrisati narode ili ukinuti Dom naroda mo\u017ee se samo s Daytonom 2"}]},{"@type":"WebSite","@id":"https:\/\/radioljubuski.ba\/#website","url":"https:\/\/radioljubuski.ba\/","name":"Radio Ljubu\u0161ki","description":"Sun\u010dana frekvencija Hercegovine","publisher":{"@id":"https:\/\/radioljubuski.ba\/#organization"},"potentialAction":[{"@type":"SearchAction","target":{"@type":"EntryPoint","urlTemplate":"https:\/\/radioljubuski.ba\/?s={search_term_string}"},"query-input":{"@type":"PropertyValueSpecification","valueRequired":true,"valueName":"search_term_string"}}],"inLanguage":"hr"},{"@type":"Organization","@id":"https:\/\/radioljubuski.ba\/#organization","name":"Radio Ljubu\u0161ki","url":"https:\/\/radioljubuski.ba\/","logo":{"@type":"ImageObject","inLanguage":"hr","@id":"https:\/\/radioljubuski.ba\/#\/schema\/logo\/image\/","url":"https:\/\/radioljubuski.ba\/wp-content\/uploads\/2021\/02\/cropped-Radio_Ljubuski_logo1.jpg","contentUrl":"https:\/\/radioljubuski.ba\/wp-content\/uploads\/2021\/02\/cropped-Radio_Ljubuski_logo1.jpg","width":512,"height":512,"caption":"Radio Ljubu\u0161ki"},"image":{"@id":"https:\/\/radioljubuski.ba\/#\/schema\/logo\/image\/"},"sameAs":["https:\/\/www.facebook.com\/Radiio-Ljubuski-1490835324566332","https:\/\/x.com\/radioljubuski","https:\/\/hr.linkedin.com\/company\/radio-ljubuski","https:\/\/www.youtube.com\/channel\/UCHYaeO_n0Db3tjNGudGpXyw"]},{"@type":"Person","@id":"https:\/\/radioljubuski.ba\/#\/schema\/person\/19fc700381a780f69665d7956c469e3b","name":"Radio Ljubu\u0161ki"}]}},"_links":{"self":[{"href":"https:\/\/radioljubuski.ba\/index.php\/wp-json\/wp\/v2\/posts\/104961","targetHints":{"allow":["GET"]}}],"collection":[{"href":"https:\/\/radioljubuski.ba\/index.php\/wp-json\/wp\/v2\/posts"}],"about":[{"href":"https:\/\/radioljubuski.ba\/index.php\/wp-json\/wp\/v2\/types\/post"}],"author":[{"embeddable":true,"href":"https:\/\/radioljubuski.ba\/index.php\/wp-json\/wp\/v2\/users\/2"}],"replies":[{"embeddable":true,"href":"https:\/\/radioljubuski.ba\/index.php\/wp-json\/wp\/v2\/comments?post=104961"}],"version-history":[{"count":1,"href":"https:\/\/radioljubuski.ba\/index.php\/wp-json\/wp\/v2\/posts\/104961\/revisions"}],"predecessor-version":[{"id":104963,"href":"https:\/\/radioljubuski.ba\/index.php\/wp-json\/wp\/v2\/posts\/104961\/revisions\/104963"}],"wp:featuredmedia":[{"embeddable":true,"href":"https:\/\/radioljubuski.ba\/index.php\/wp-json\/wp\/v2\/media\/104962"}],"wp:attachment":[{"href":"https:\/\/radioljubuski.ba\/index.php\/wp-json\/wp\/v2\/media?parent=104961"}],"wp:term":[{"taxonomy":"category","embeddable":true,"href":"https:\/\/radioljubuski.ba\/index.php\/wp-json\/wp\/v2\/categories?post=104961"},{"taxonomy":"post_tag","embeddable":true,"href":"https:\/\/radioljubuski.ba\/index.php\/wp-json\/wp\/v2\/tags?post=104961"}],"curies":[{"name":"wp","href":"https:\/\/api.w.org\/{rel}","templated":true}]}}