{"id":105190,"date":"2022-01-07T00:29:08","date_gmt":"2022-01-06T23:29:08","guid":{"rendered":"https:\/\/radioljubuski.ba\/?p=105190"},"modified":"2022-01-07T00:29:09","modified_gmt":"2022-01-06T23:29:09","slug":"dokovic-nije-kriminalac-ali-je-tako-tretiran-od-australskih-vlasti","status":"publish","type":"post","link":"https:\/\/radioljubuski.ba\/index.php\/2022\/01\/07\/dokovic-nije-kriminalac-ali-je-tako-tretiran-od-australskih-vlasti\/","title":{"rendered":"&#8220;\u0110okovi\u0107 nije kriminalac, ali je tako tretiran od australskih vlasti&#8221;"},"content":{"rendered":"\n<p><strong>Srbijansko ministarstvo vanjskih poslova u \u010detvrtak je australskom veleposlaniku u Beogradu izrazilo prosvjed zbog &#8220;nedoli\u010dnog tretmana&#8221; kojem je u Melbourneu izlo\u017een najbolji tenisa\u010d svijeta Novak \u0110okovi\u0107, priop\u0107ilo je ministarstvo.<\/strong><\/p>\n\n\n\n<p>Devetorostrukom pobjedniku Australian Opena, koji je na ovogodi\u0161njem turniru mogao sudjelovati u borbi za rekordni 21. Grand Slam naslov, poni\u0161tena je australska viza jer nije imao dokaz o cijepljenju protiv covida-19 ili vjerodostojno medicinsko izuze\u0107e od cijepljenja.<br><br>\u0110okovi\u0107evi odvjetnici vode pred lokalnim sudom postupak za poni\u0161tenje odluke koja, bude li potvr\u0111ena, za 33-godi\u0161njeg srbijanskog tenisa\u010da zna\u010di deportaciju iz Australije.<br><br>Njome je ranije u \u010detvrtak zaprijetio australski premijer Scott Morisson, pozivaju\u0107i se na stroge grani\u010dne propise za necjepljene strance.<br><br>\u0110okovi\u0107 se u me\u0111uvremenu nalazi u Melbourneu u hotelu za imigrante koji \u010dekaju azil.<br><br>Dr\u017eavni tajnik srbijanskog ministarstva<strong>&nbsp;Nemanja Starovi\u0107&nbsp;<\/strong>rekao je australskom veleposlaniku<strong>&nbsp;Danielu Emeryu da Beograd&nbsp;<\/strong>od njega o\u010dekuje &#8220;osobne napore&#8221; kako bi se \u0110okovi\u0107u omogu\u0107ilo da &#8220;u smje\u0161taju koji odgovara sporta\u0161u njegova ranga sa\u010deka dono\u0161enje sudske odluke&#8221; o tome mo\u017ee li boraviti na tlu Australije ili ne.<br><br>Srbija ne \u017eeli ni na koji na\u010din utjecati na odluku australskih sudskih vlasti, ali o\u010dekuje da izvr\u0161ne vlasti te zemlje, u duhu dobrih bilateralnih odnosa Australije i Srbije, a sukladno svojim nadle\u017enostima, dozvole \u0110okovi\u0107u da Bo\u017ei\u0107 provede u boljem smje\u0161taju, stoji u priop\u0107enju.<br><br>Slu\u017ebeni Beograd isti\u010de da &#8220;u srpskoj javnosti postoji sna\u017ean dojam da je \u0110okovi\u0107 protiv svoje volje \u017ertva politi\u010dke igre&#8221; i da je &#8220;namamljen da doputuje u Australiju kako bi potom bio poni\u017een&#8221;. &nbsp;<br>&nbsp;<br>&#8211; \u0110okovi\u0107 nije kriminalac, terorist ili ilegalni migrant, ali je tako tretiran od australskih vlasti, rekao je Starovi\u0107 dodaju\u0107i da to &#8220;izaziva razumljivo ogor\u010denje&#8221; njegovih navija\u010da i gra\u0111ana Srbije.<br><br>\u0110okovi\u0107eva obitelj je ranije u \u010detvrtak odluku australskih vlasti nazvala &#8220;najve\u0107im sportsko-diplomatskim skandalom u povijesti&#8221; i pred parlamentom u Beogradu organizirala skup potpore tenisa\u010du te za petak najavila novi.<br><br>Srbijanski predsjednik<strong>&nbsp;Aleksandar Vu\u010di\u0107&nbsp;<\/strong>rekao je u \u010detvrtak da \u0107e premijerka Ana Brnabi\u0107 zatra\u017eiti od australskih vlasti da se \u0110okovi\u0107u, dok traje sudska procedura, dopusti da pod nadzorom boravi u ku\u0107i koju je unajmio, &#8220;a ne u ozlogla\u0161enom hotelu u kojem borave oni koji \u010dekaju azil&#8221;.<\/p>\n\n\n\n<p>Izvor:hrt.hr<\/p>\n","protected":false},"excerpt":{"rendered":"<p>Srbijansko ministarstvo vanjskih poslova u \u010detvrtak je australskom veleposlaniku u Beogradu izrazilo prosvjed zbog &#8220;nedoli\u010dnog tretmana&#8221; kojem je u Melbourneu izlo\u017een najbolji tenisa\u010d svijeta Novak \u0110okovi\u0107, priop\u0107ilo je ministarstvo. Devetorostrukom pobjedniku Australian Opena, koji je na ovogodi\u0161njem turniru mogao sudjelovati u borbi za rekordni 21. Grand Slam naslov, poni\u0161tena je australska viza jer nije imao [&hellip;]<\/p>\n","protected":false},"author":2,"featured_media":75657,"comment_status":"closed","ping_status":"closed","sticky":false,"template":"","format":"standard","meta":{"h5ap_radio_sources":[],"footnotes":""},"categories":[7],"tags":[],"class_list":["post-105190","post","type-post","status-publish","format-standard","has-post-thumbnail","hentry","category-sport"],"yoast_head":"<!-- This site is optimized with the Yoast SEO plugin v27.5 - https:\/\/yoast.com\/product\/yoast-seo-wordpress\/ -->\n<title>&quot;\u0110okovi\u0107 nije kriminalac, ali je tako tretiran od australskih vlasti&quot; - RADIO LJUBU\u0160KI<\/title>\n<meta name=\"robots\" content=\"index, follow, max-snippet:-1, max-image-preview:large, max-video-preview:-1\" \/>\n<link rel=\"canonical\" href=\"https:\/\/radioljubuski.ba\/index.php\/2022\/01\/07\/dokovic-nije-kriminalac-ali-je-tako-tretiran-od-australskih-vlasti\/\" \/>\n<meta property=\"og:locale\" content=\"hr_HR\" \/>\n<meta property=\"og:type\" content=\"article\" \/>\n<meta property=\"og:title\" content=\"&quot;\u0110okovi\u0107 nije kriminalac, ali je tako tretiran od australskih vlasti&quot; - RADIO LJUBU\u0160KI\" \/>\n<meta property=\"og:description\" content=\"Srbijansko ministarstvo vanjskih poslova u \u010detvrtak je australskom veleposlaniku u Beogradu izrazilo prosvjed zbog &#8220;nedoli\u010dnog tretmana&#8221; kojem je u Melbourneu izlo\u017een najbolji tenisa\u010d svijeta Novak \u0110okovi\u0107, priop\u0107ilo je ministarstvo. Devetorostrukom pobjedniku Australian Opena, koji je na ovogodi\u0161njem turniru mogao sudjelovati u borbi za rekordni 21. Grand Slam naslov, poni\u0161tena je australska viza jer nije imao [&hellip;]\" \/>\n<meta property=\"og:url\" content=\"https:\/\/radioljubuski.ba\/index.php\/2022\/01\/07\/dokovic-nije-kriminalac-ali-je-tako-tretiran-od-australskih-vlasti\/\" \/>\n<meta property=\"og:site_name\" content=\"RADIO LJUBU\u0160KI\" \/>\n<meta property=\"article:publisher\" content=\"https:\/\/www.facebook.com\/Radiio-Ljubuski-1490835324566332\" \/>\n<meta property=\"article:published_time\" content=\"2022-01-06T23:29:08+00:00\" \/>\n<meta property=\"article:modified_time\" content=\"2022-01-06T23:29:09+00:00\" \/>\n<meta property=\"og:image\" content=\"https:\/\/radioljubuski.ba\/wp-content\/uploads\/2021\/10\/djokovic.jpg\" \/>\n\t<meta property=\"og:image:width\" content=\"275\" \/>\n\t<meta property=\"og:image:height\" content=\"183\" \/>\n\t<meta property=\"og:image:type\" content=\"image\/jpeg\" \/>\n<meta name=\"author\" content=\"Radio Ljubu\u0161ki\" \/>\n<meta name=\"twitter:card\" content=\"summary_large_image\" \/>\n<meta name=\"twitter:creator\" content=\"@radioljubuski\" \/>\n<meta name=\"twitter:site\" content=\"@radioljubuski\" \/>\n<meta name=\"twitter:label1\" content=\"Napisao\/la\" \/>\n\t<meta name=\"twitter:data1\" content=\"Radio Ljubu\u0161ki\" \/>\n\t<meta name=\"twitter:label2\" content=\"Procijenjeno vrijeme \u010ditanja\" \/>\n\t<meta name=\"twitter:data2\" content=\"2 minute\" \/>\n<script type=\"application\/ld+json\" class=\"yoast-schema-graph\">{\"@context\":\"https:\\\/\\\/schema.org\",\"@graph\":[{\"@type\":\"Article\",\"@id\":\"https:\\\/\\\/radioljubuski.ba\\\/index.php\\\/2022\\\/01\\\/07\\\/dokovic-nije-kriminalac-ali-je-tako-tretiran-od-australskih-vlasti\\\/#article\",\"isPartOf\":{\"@id\":\"https:\\\/\\\/radioljubuski.ba\\\/index.php\\\/2022\\\/01\\\/07\\\/dokovic-nije-kriminalac-ali-je-tako-tretiran-od-australskih-vlasti\\\/\"},\"author\":{\"name\":\"Radio Ljubu\u0161ki\",\"@id\":\"https:\\\/\\\/radioljubuski.ba\\\/#\\\/schema\\\/person\\\/19fc700381a780f69665d7956c469e3b\"},\"headline\":\"&#8220;\u0110okovi\u0107 nije kriminalac, ali je tako tretiran od australskih vlasti&#8221;\",\"datePublished\":\"2022-01-06T23:29:08+00:00\",\"dateModified\":\"2022-01-06T23:29:09+00:00\",\"mainEntityOfPage\":{\"@id\":\"https:\\\/\\\/radioljubuski.ba\\\/index.php\\\/2022\\\/01\\\/07\\\/dokovic-nije-kriminalac-ali-je-tako-tretiran-od-australskih-vlasti\\\/\"},\"wordCount\":415,\"publisher\":{\"@id\":\"https:\\\/\\\/radioljubuski.ba\\\/#organization\"},\"image\":{\"@id\":\"https:\\\/\\\/radioljubuski.ba\\\/index.php\\\/2022\\\/01\\\/07\\\/dokovic-nije-kriminalac-ali-je-tako-tretiran-od-australskih-vlasti\\\/#primaryimage\"},\"thumbnailUrl\":\"https:\\\/\\\/radioljubuski.ba\\\/wp-content\\\/uploads\\\/2021\\\/10\\\/djokovic.jpg\",\"articleSection\":[\"\u0160port\"],\"inLanguage\":\"hr\"},{\"@type\":\"WebPage\",\"@id\":\"https:\\\/\\\/radioljubuski.ba\\\/index.php\\\/2022\\\/01\\\/07\\\/dokovic-nije-kriminalac-ali-je-tako-tretiran-od-australskih-vlasti\\\/\",\"url\":\"https:\\\/\\\/radioljubuski.ba\\\/index.php\\\/2022\\\/01\\\/07\\\/dokovic-nije-kriminalac-ali-je-tako-tretiran-od-australskih-vlasti\\\/\",\"name\":\"\\\"\u0110okovi\u0107 nije kriminalac, ali je tako tretiran od australskih vlasti\\\" - RADIO LJUBU\u0160KI\",\"isPartOf\":{\"@id\":\"https:\\\/\\\/radioljubuski.ba\\\/#website\"},\"primaryImageOfPage\":{\"@id\":\"https:\\\/\\\/radioljubuski.ba\\\/index.php\\\/2022\\\/01\\\/07\\\/dokovic-nije-kriminalac-ali-je-tako-tretiran-od-australskih-vlasti\\\/#primaryimage\"},\"image\":{\"@id\":\"https:\\\/\\\/radioljubuski.ba\\\/index.php\\\/2022\\\/01\\\/07\\\/dokovic-nije-kriminalac-ali-je-tako-tretiran-od-australskih-vlasti\\\/#primaryimage\"},\"thumbnailUrl\":\"https:\\\/\\\/radioljubuski.ba\\\/wp-content\\\/uploads\\\/2021\\\/10\\\/djokovic.jpg\",\"datePublished\":\"2022-01-06T23:29:08+00:00\",\"dateModified\":\"2022-01-06T23:29:09+00:00\",\"breadcrumb\":{\"@id\":\"https:\\\/\\\/radioljubuski.ba\\\/index.php\\\/2022\\\/01\\\/07\\\/dokovic-nije-kriminalac-ali-je-tako-tretiran-od-australskih-vlasti\\\/#breadcrumb\"},\"inLanguage\":\"hr\",\"potentialAction\":[{\"@type\":\"ReadAction\",\"target\":[\"https:\\\/\\\/radioljubuski.ba\\\/index.php\\\/2022\\\/01\\\/07\\\/dokovic-nije-kriminalac-ali-je-tako-tretiran-od-australskih-vlasti\\\/\"]}]},{\"@type\":\"ImageObject\",\"inLanguage\":\"hr\",\"@id\":\"https:\\\/\\\/radioljubuski.ba\\\/index.php\\\/2022\\\/01\\\/07\\\/dokovic-nije-kriminalac-ali-je-tako-tretiran-od-australskih-vlasti\\\/#primaryimage\",\"url\":\"https:\\\/\\\/radioljubuski.ba\\\/wp-content\\\/uploads\\\/2021\\\/10\\\/djokovic.jpg\",\"contentUrl\":\"https:\\\/\\\/radioljubuski.ba\\\/wp-content\\\/uploads\\\/2021\\\/10\\\/djokovic.jpg\",\"width\":275,\"height\":183},{\"@type\":\"BreadcrumbList\",\"@id\":\"https:\\\/\\\/radioljubuski.ba\\\/index.php\\\/2022\\\/01\\\/07\\\/dokovic-nije-kriminalac-ali-je-tako-tretiran-od-australskih-vlasti\\\/#breadcrumb\",\"itemListElement\":[{\"@type\":\"ListItem\",\"position\":1,\"name\":\"Po\u010detna stranica\",\"item\":\"https:\\\/\\\/radioljubuski.ba\\\/\"},{\"@type\":\"ListItem\",\"position\":2,\"name\":\"&#8220;\u0110okovi\u0107 nije kriminalac, ali je tako tretiran od australskih vlasti&#8221;\"}]},{\"@type\":\"WebSite\",\"@id\":\"https:\\\/\\\/radioljubuski.ba\\\/#website\",\"url\":\"https:\\\/\\\/radioljubuski.ba\\\/\",\"name\":\"Radio Ljubu\u0161ki\",\"description\":\"Sun\u010dana frekvencija Hercegovine\",\"publisher\":{\"@id\":\"https:\\\/\\\/radioljubuski.ba\\\/#organization\"},\"potentialAction\":[{\"@type\":\"SearchAction\",\"target\":{\"@type\":\"EntryPoint\",\"urlTemplate\":\"https:\\\/\\\/radioljubuski.ba\\\/?s={search_term_string}\"},\"query-input\":{\"@type\":\"PropertyValueSpecification\",\"valueRequired\":true,\"valueName\":\"search_term_string\"}}],\"inLanguage\":\"hr\"},{\"@type\":\"Organization\",\"@id\":\"https:\\\/\\\/radioljubuski.ba\\\/#organization\",\"name\":\"Radio Ljubu\u0161ki\",\"url\":\"https:\\\/\\\/radioljubuski.ba\\\/\",\"logo\":{\"@type\":\"ImageObject\",\"inLanguage\":\"hr\",\"@id\":\"https:\\\/\\\/radioljubuski.ba\\\/#\\\/schema\\\/logo\\\/image\\\/\",\"url\":\"https:\\\/\\\/radioljubuski.ba\\\/wp-content\\\/uploads\\\/2021\\\/02\\\/cropped-Radio_Ljubuski_logo1.jpg\",\"contentUrl\":\"https:\\\/\\\/radioljubuski.ba\\\/wp-content\\\/uploads\\\/2021\\\/02\\\/cropped-Radio_Ljubuski_logo1.jpg\",\"width\":512,\"height\":512,\"caption\":\"Radio Ljubu\u0161ki\"},\"image\":{\"@id\":\"https:\\\/\\\/radioljubuski.ba\\\/#\\\/schema\\\/logo\\\/image\\\/\"},\"sameAs\":[\"https:\\\/\\\/www.facebook.com\\\/Radiio-Ljubuski-1490835324566332\",\"https:\\\/\\\/x.com\\\/radioljubuski\",\"https:\\\/\\\/hr.linkedin.com\\\/company\\\/radio-ljubuski\",\"https:\\\/\\\/www.youtube.com\\\/channel\\\/UCHYaeO_n0Db3tjNGudGpXyw\"]},{\"@type\":\"Person\",\"@id\":\"https:\\\/\\\/radioljubuski.ba\\\/#\\\/schema\\\/person\\\/19fc700381a780f69665d7956c469e3b\",\"name\":\"Radio Ljubu\u0161ki\"}]}<\/script>\n<!-- \/ Yoast SEO plugin. -->","yoast_head_json":{"title":"\"\u0110okovi\u0107 nije kriminalac, ali je tako tretiran od australskih vlasti\" - RADIO LJUBU\u0160KI","robots":{"index":"index","follow":"follow","max-snippet":"max-snippet:-1","max-image-preview":"max-image-preview:large","max-video-preview":"max-video-preview:-1"},"canonical":"https:\/\/radioljubuski.ba\/index.php\/2022\/01\/07\/dokovic-nije-kriminalac-ali-je-tako-tretiran-od-australskih-vlasti\/","og_locale":"hr_HR","og_type":"article","og_title":"\"\u0110okovi\u0107 nije kriminalac, ali je tako tretiran od australskih vlasti\" - RADIO LJUBU\u0160KI","og_description":"Srbijansko ministarstvo vanjskih poslova u \u010detvrtak je australskom veleposlaniku u Beogradu izrazilo prosvjed zbog &#8220;nedoli\u010dnog tretmana&#8221; kojem je u Melbourneu izlo\u017een najbolji tenisa\u010d svijeta Novak \u0110okovi\u0107, priop\u0107ilo je ministarstvo. Devetorostrukom pobjedniku Australian Opena, koji je na ovogodi\u0161njem turniru mogao sudjelovati u borbi za rekordni 21. Grand Slam naslov, poni\u0161tena je australska viza jer nije imao [&hellip;]","og_url":"https:\/\/radioljubuski.ba\/index.php\/2022\/01\/07\/dokovic-nije-kriminalac-ali-je-tako-tretiran-od-australskih-vlasti\/","og_site_name":"RADIO LJUBU\u0160KI","article_publisher":"https:\/\/www.facebook.com\/Radiio-Ljubuski-1490835324566332","article_published_time":"2022-01-06T23:29:08+00:00","article_modified_time":"2022-01-06T23:29:09+00:00","og_image":[{"width":275,"height":183,"url":"https:\/\/radioljubuski.ba\/wp-content\/uploads\/2021\/10\/djokovic.jpg","type":"image\/jpeg"}],"author":"Radio Ljubu\u0161ki","twitter_card":"summary_large_image","twitter_creator":"@radioljubuski","twitter_site":"@radioljubuski","twitter_misc":{"Napisao\/la":"Radio Ljubu\u0161ki","Procijenjeno vrijeme \u010ditanja":"2 minute"},"schema":{"@context":"https:\/\/schema.org","@graph":[{"@type":"Article","@id":"https:\/\/radioljubuski.ba\/index.php\/2022\/01\/07\/dokovic-nije-kriminalac-ali-je-tako-tretiran-od-australskih-vlasti\/#article","isPartOf":{"@id":"https:\/\/radioljubuski.ba\/index.php\/2022\/01\/07\/dokovic-nije-kriminalac-ali-je-tako-tretiran-od-australskih-vlasti\/"},"author":{"name":"Radio Ljubu\u0161ki","@id":"https:\/\/radioljubuski.ba\/#\/schema\/person\/19fc700381a780f69665d7956c469e3b"},"headline":"&#8220;\u0110okovi\u0107 nije kriminalac, ali je tako tretiran od australskih vlasti&#8221;","datePublished":"2022-01-06T23:29:08+00:00","dateModified":"2022-01-06T23:29:09+00:00","mainEntityOfPage":{"@id":"https:\/\/radioljubuski.ba\/index.php\/2022\/01\/07\/dokovic-nije-kriminalac-ali-je-tako-tretiran-od-australskih-vlasti\/"},"wordCount":415,"publisher":{"@id":"https:\/\/radioljubuski.ba\/#organization"},"image":{"@id":"https:\/\/radioljubuski.ba\/index.php\/2022\/01\/07\/dokovic-nije-kriminalac-ali-je-tako-tretiran-od-australskih-vlasti\/#primaryimage"},"thumbnailUrl":"https:\/\/radioljubuski.ba\/wp-content\/uploads\/2021\/10\/djokovic.jpg","articleSection":["\u0160port"],"inLanguage":"hr"},{"@type":"WebPage","@id":"https:\/\/radioljubuski.ba\/index.php\/2022\/01\/07\/dokovic-nije-kriminalac-ali-je-tako-tretiran-od-australskih-vlasti\/","url":"https:\/\/radioljubuski.ba\/index.php\/2022\/01\/07\/dokovic-nije-kriminalac-ali-je-tako-tretiran-od-australskih-vlasti\/","name":"\"\u0110okovi\u0107 nije kriminalac, ali je tako tretiran od australskih vlasti\" - RADIO LJUBU\u0160KI","isPartOf":{"@id":"https:\/\/radioljubuski.ba\/#website"},"primaryImageOfPage":{"@id":"https:\/\/radioljubuski.ba\/index.php\/2022\/01\/07\/dokovic-nije-kriminalac-ali-je-tako-tretiran-od-australskih-vlasti\/#primaryimage"},"image":{"@id":"https:\/\/radioljubuski.ba\/index.php\/2022\/01\/07\/dokovic-nije-kriminalac-ali-je-tako-tretiran-od-australskih-vlasti\/#primaryimage"},"thumbnailUrl":"https:\/\/radioljubuski.ba\/wp-content\/uploads\/2021\/10\/djokovic.jpg","datePublished":"2022-01-06T23:29:08+00:00","dateModified":"2022-01-06T23:29:09+00:00","breadcrumb":{"@id":"https:\/\/radioljubuski.ba\/index.php\/2022\/01\/07\/dokovic-nije-kriminalac-ali-je-tako-tretiran-od-australskih-vlasti\/#breadcrumb"},"inLanguage":"hr","potentialAction":[{"@type":"ReadAction","target":["https:\/\/radioljubuski.ba\/index.php\/2022\/01\/07\/dokovic-nije-kriminalac-ali-je-tako-tretiran-od-australskih-vlasti\/"]}]},{"@type":"ImageObject","inLanguage":"hr","@id":"https:\/\/radioljubuski.ba\/index.php\/2022\/01\/07\/dokovic-nije-kriminalac-ali-je-tako-tretiran-od-australskih-vlasti\/#primaryimage","url":"https:\/\/radioljubuski.ba\/wp-content\/uploads\/2021\/10\/djokovic.jpg","contentUrl":"https:\/\/radioljubuski.ba\/wp-content\/uploads\/2021\/10\/djokovic.jpg","width":275,"height":183},{"@type":"BreadcrumbList","@id":"https:\/\/radioljubuski.ba\/index.php\/2022\/01\/07\/dokovic-nije-kriminalac-ali-je-tako-tretiran-od-australskih-vlasti\/#breadcrumb","itemListElement":[{"@type":"ListItem","position":1,"name":"Po\u010detna stranica","item":"https:\/\/radioljubuski.ba\/"},{"@type":"ListItem","position":2,"name":"&#8220;\u0110okovi\u0107 nije kriminalac, ali je tako tretiran od australskih vlasti&#8221;"}]},{"@type":"WebSite","@id":"https:\/\/radioljubuski.ba\/#website","url":"https:\/\/radioljubuski.ba\/","name":"Radio Ljubu\u0161ki","description":"Sun\u010dana frekvencija Hercegovine","publisher":{"@id":"https:\/\/radioljubuski.ba\/#organization"},"potentialAction":[{"@type":"SearchAction","target":{"@type":"EntryPoint","urlTemplate":"https:\/\/radioljubuski.ba\/?s={search_term_string}"},"query-input":{"@type":"PropertyValueSpecification","valueRequired":true,"valueName":"search_term_string"}}],"inLanguage":"hr"},{"@type":"Organization","@id":"https:\/\/radioljubuski.ba\/#organization","name":"Radio Ljubu\u0161ki","url":"https:\/\/radioljubuski.ba\/","logo":{"@type":"ImageObject","inLanguage":"hr","@id":"https:\/\/radioljubuski.ba\/#\/schema\/logo\/image\/","url":"https:\/\/radioljubuski.ba\/wp-content\/uploads\/2021\/02\/cropped-Radio_Ljubuski_logo1.jpg","contentUrl":"https:\/\/radioljubuski.ba\/wp-content\/uploads\/2021\/02\/cropped-Radio_Ljubuski_logo1.jpg","width":512,"height":512,"caption":"Radio Ljubu\u0161ki"},"image":{"@id":"https:\/\/radioljubuski.ba\/#\/schema\/logo\/image\/"},"sameAs":["https:\/\/www.facebook.com\/Radiio-Ljubuski-1490835324566332","https:\/\/x.com\/radioljubuski","https:\/\/hr.linkedin.com\/company\/radio-ljubuski","https:\/\/www.youtube.com\/channel\/UCHYaeO_n0Db3tjNGudGpXyw"]},{"@type":"Person","@id":"https:\/\/radioljubuski.ba\/#\/schema\/person\/19fc700381a780f69665d7956c469e3b","name":"Radio Ljubu\u0161ki"}]}},"_links":{"self":[{"href":"https:\/\/radioljubuski.ba\/index.php\/wp-json\/wp\/v2\/posts\/105190","targetHints":{"allow":["GET"]}}],"collection":[{"href":"https:\/\/radioljubuski.ba\/index.php\/wp-json\/wp\/v2\/posts"}],"about":[{"href":"https:\/\/radioljubuski.ba\/index.php\/wp-json\/wp\/v2\/types\/post"}],"author":[{"embeddable":true,"href":"https:\/\/radioljubuski.ba\/index.php\/wp-json\/wp\/v2\/users\/2"}],"replies":[{"embeddable":true,"href":"https:\/\/radioljubuski.ba\/index.php\/wp-json\/wp\/v2\/comments?post=105190"}],"version-history":[{"count":1,"href":"https:\/\/radioljubuski.ba\/index.php\/wp-json\/wp\/v2\/posts\/105190\/revisions"}],"predecessor-version":[{"id":105191,"href":"https:\/\/radioljubuski.ba\/index.php\/wp-json\/wp\/v2\/posts\/105190\/revisions\/105191"}],"wp:featuredmedia":[{"embeddable":true,"href":"https:\/\/radioljubuski.ba\/index.php\/wp-json\/wp\/v2\/media\/75657"}],"wp:attachment":[{"href":"https:\/\/radioljubuski.ba\/index.php\/wp-json\/wp\/v2\/media?parent=105190"}],"wp:term":[{"taxonomy":"category","embeddable":true,"href":"https:\/\/radioljubuski.ba\/index.php\/wp-json\/wp\/v2\/categories?post=105190"},{"taxonomy":"post_tag","embeddable":true,"href":"https:\/\/radioljubuski.ba\/index.php\/wp-json\/wp\/v2\/tags?post=105190"}],"curies":[{"name":"wp","href":"https:\/\/api.w.org\/{rel}","templated":true}]}}