{"id":10582,"date":"2021-04-07T23:35:12","date_gmt":"2021-04-07T22:35:12","guid":{"rendered":"https:\/\/radioljubuski.ba\/?p=10582"},"modified":"2021-04-07T23:35:13","modified_gmt":"2021-04-07T22:35:13","slug":"vikanje-i-nazivanje-pogrdnim-imenima-seksualno-uznemiravanje-sve-to-uz-placu-od-565-km-i-prekovremeni-rad","status":"publish","type":"post","link":"https:\/\/radioljubuski.ba\/index.php\/2021\/04\/07\/vikanje-i-nazivanje-pogrdnim-imenima-seksualno-uznemiravanje-sve-to-uz-placu-od-565-km-i-prekovremeni-rad\/","title":{"rendered":"Vikanje i nazivanje pogrdnim imenima, seksualno uznemiravanje, sve to uz pla\u0107u od 565 KM i prekovremeni rad"},"content":{"rendered":"\n<p>Moram raditi dodatni posao kako bih osigurao dovoljno novca za svoju obitelj. Ja \u010desto re\u017eem drva i tako zaradim dodatnih 500 KM\/256 EUR. Ali kada sve sastavim, to skoro jedva pokrije na\u0161e tro\u0161kove&#8221;, Marko, 48.<\/p>\n\n\n\n<p>&#8220;Moja djeca imaju 5 i 7 godina i nikada nisu bila na moru. To im je neostvarena \u017eelja. Mi \u010dak nemamo dovoljno novca ni da ih odvedemo samo na vikend. \u017divimo s roditeljima moga mu\u017ea i na\u0161e pla\u0107e nisu dovoljne za sve na\u0161e potrebe, tako da ne mo\u017eemo ni pomisliti na odlazak na more&#8221;, Mirjana, 33.<\/p>\n\n\n\n<p>&#8220;Iako sam se \u017ealila na seksualno uznemiravanje, niko nije reagirao. Ovakvo pona\u0161anje je poznato u tvornici i \u010duva se kao javna tajna, a neke radnice ga odobravaju i dobile su unaprije\u0111enje na taj na\u010din. Ja se ne sla\u017eem s ovakvim pona\u0161anjem i, \u010dim na\u0111em drugi posao, ovaj \u0107u napustiti. Sada moram raditi pod ovakvim okolnostima jer sam samohrana majka troje djece&#8221;, Almedina, 33.<\/p>\n\n\n\n<p>Ovo je samo dio pri\u010da radnica i radnika iz tri privatne tvornice (dvije u Republici Srpskoj i jedna u Federaciji BiH) koje proizvode odje\u0107u i obu\u0107u za zapadnoeuropske brendove do kojih je do\u0161ao&nbsp;<a href=\"http:\/\/hcabl.org\/wp-content\/uploads\/2021\/03\/Country-profile-BiH_2020-BHS.pdf\" target=\"_blank\" rel=\"noreferrer noopener\">Helsin\u0161ki parlament gra\u0111ana Banjaluka u suradnji sa Friedrich Ebert Stiftung BiH<\/a>&nbsp;tijekom istra\u017eivanja kome je za cilj bilo pokazati kakav je polo\u017eaj radnika i radnica u tekstilnoj industriji, za kolike pla\u0107e rade, po\u0161tuju li se zakoni i njihova prava, pi\u0161e&nbsp;<a href=\"https:\/\/6yka.com\/novosti\/i-to-je-bih-vikanje-i-nazivanje-pogrdnim-imenima-seksualno-uznemiravanje-sve-to-uz-platu-od-565-km-i-prekovremeni-rad?fbclid=IwAR3ULaOSBsD6aouODHBcrT_5Oi_2xIjRT-518ewXI6NFgeuxJbkOOqHyePs\" target=\"_blank\" rel=\"noreferrer noopener\">Buka<\/a>.&nbsp;<\/p>\n\n\n\n<p>Svi intervjui su ra\u0111eni izvan tvornica.<\/p>\n\n\n\n<p>PRAVA KOJA SE KR\u0160E<\/p>\n\n\n\n<p>Kako se navodi u istra\u017eivanju prosje\u010dna neto pla\u0107a intervjuiranih radnika\/ca je iznosi 565 BAM\/289 EUR, dok je prosje\u010dna neto pla\u0107a s prekovremenim radom 598 BAM\/306 EUR. To zna\u010di da radnici u tekstilnoj industriji svojom pla\u0107om mogu pokriti tek tre\u0107inu onoga \u0161to im je neophodno za osnovne \u017eivotne potrebe. Tako\u0111er utvr\u0111eno je i da je prekovremeni rad ili nepla\u0107en ili je pla\u0107en ispod zakonskog minimuma (30% uve\u0107anje u odnosu na redovan rad). Naj\u010de\u0161\u0107e je obavezan, a ne volonterski.<br>\u201cRadnici\/ce ne dobivaju platne liste i potpuno su neupoznati s na\u010dinom obra\u010duna pla\u0107e. Radno vrijeme je od 7 do 15 sati, ali ve\u0107inu dana radnici\/ce ostaju prekovremeno, kako bi zavr\u0161ili narud\u017ebe. 80% ispitanika izjavilo je da ostaje raditi do 17 sati najmanje 2-3 puta tjedno, a usto im je i svaka subota radna\u201d, &nbsp;evidentno je u jednoj od tri tvornice koje su bile predmet istra\u017eivanja.<\/p>\n\n\n\n<p>\u0160to se ti\u010de godi\u0161njeg odmora on je \u010desto kolektivni, tako da radnici\/e ne mogu birati kada ga \u017eele koristiti, a postoje i pote\u0161ko\u0107e za dobijanje zakonom propisanog godi\u0161njeg odmora, kao i slobodnih dana. Zanimljivo je da je samo jedan od intervjuiranih radnika rekao da je iskoristio svoj puni godi\u0161nji odmor, definiran zakonom. Svi ostali su izjavili da su koristili samo 7 do 10 dana godi\u0161njeg odmora od minimalno 20 dana definiranih zakonom.<br>Nadalje u jednoj od tvornica prona\u0111en je dio radnika\/ca bez ugovora o radu, i tako\u0111er u jednoj tvornici radnice su ucjenjivane da pru\u017eaju seksualne usluge, dok su u sve tri tvornice radnici\/e do\u017eivjeli verbalno zlostavljanje (vikanje i nazivanje pogrdnim imenima).<\/p>\n\n\n\n<p>Kao jedan od problema u Republici Srpskoj identificiran je nepostojanja sektorskog kolektivnog ugovora.<\/p>\n\n\n\n<p>RADNICI NE VJERUJU SINDIKATIMA<\/p>\n\n\n\n<p>\u201cSindikat radnika\/ca bi trebao \u0161tititi prava radnika\/ca, ali radnici\/e koje smo ispitivali ka\u017eu da ne vjeruju sindikatima. Skoro svi intervjuirani radnici\/e iz tvornica u kojima postoji sindikalno organiziranje rekli su da nemaju povjerenja u svoje predstavnike zato \u0161to su sindikalni predstavnici povezani s vlasnicima tvornice i zato \u0161to nikada ozbiljno ne rade na rje\u0161avanju njihovih pritu\u017ebi. Radnici\/e se boje pristupiti sindikatu zbog pritiska menad\u017ementa tvornice. Inspekcija rada je druga institucija od koje se radnici\/e osje\u0107aju izdanim. Radnici\/e su nam rekli da inspektori nikada ne razgovaraju s radnicima\/ cama o uvjetima rada u tvornici nego samo razgovaraju s menad\u017ementom tvornice\u201d, navodi se u istra\u017eivanju.<\/p>\n\n\n\n<p>PREPORUKE<\/p>\n\n\n\n<p>Istra\u017eiva\u010di su na kraju i dali preporuke za izlazak iz ove situacije.<br>Jedan dio odnosi se na brendove &#8211; pla\u0107ati vi\u0161u otkupnu cijenu proizvoda i voditi ra\u010duna o tome da radnici\/e primaju dostojanstvenu pla\u0107u; Vr\u0161iti nadzor dobavlja\u010da u BiH vezano za kr\u0161enje radnih prava; voditi ra\u010duna o tome da se s radnicima\/cama postupa dostojanstveno, a drugi dio preporuka za vlasti BiH- usvajanje novog\/izmjena trenutnog zakona o radu ili usvajanje podzakonskih akata kojima \u0107e se definirati minimalna radna prava i tako prevazi\u0107i kr\u0161enje radnih prava zbog nepostojanja kolektivnog ugovora; pove\u0107ati minimalnu pla\u0107u na nivo dostojanstvene plate i intenzivirati rad inspekcije rada.<\/p>\n\n\n\n<p>Izvor:pogled.ba<\/p>\n","protected":false},"excerpt":{"rendered":"<p>Moram raditi dodatni posao kako bih osigurao dovoljno novca za svoju obitelj. Ja \u010desto re\u017eem drva i tako zaradim dodatnih 500 KM\/256 EUR. Ali kada sve sastavim, to skoro jedva pokrije na\u0161e tro\u0161kove&#8221;, Marko, 48. &#8220;Moja djeca imaju 5 i 7 godina i nikada nisu bila na moru. To im je neostvarena \u017eelja. Mi \u010dak [&hellip;]<\/p>\n","protected":false},"author":2,"featured_media":10583,"comment_status":"closed","ping_status":"closed","sticky":false,"template":"","format":"standard","meta":{"h5ap_radio_sources":[],"footnotes":""},"categories":[1],"tags":[],"class_list":["post-10582","post","type-post","status-publish","format-standard","has-post-thumbnail","hentry","category-bihiregija"],"yoast_head":"<!-- This site is optimized with the Yoast SEO plugin v27.5 - https:\/\/yoast.com\/product\/yoast-seo-wordpress\/ -->\n<title>Vikanje i nazivanje pogrdnim imenima, seksualno uznemiravanje, sve to uz pla\u0107u od 565 KM i prekovremeni rad - RADIO LJUBU\u0160KI<\/title>\n<meta name=\"robots\" content=\"index, follow, max-snippet:-1, max-image-preview:large, max-video-preview:-1\" \/>\n<link rel=\"canonical\" href=\"https:\/\/radioljubuski.ba\/index.php\/2021\/04\/07\/vikanje-i-nazivanje-pogrdnim-imenima-seksualno-uznemiravanje-sve-to-uz-placu-od-565-km-i-prekovremeni-rad\/\" \/>\n<meta property=\"og:locale\" content=\"hr_HR\" \/>\n<meta property=\"og:type\" content=\"article\" \/>\n<meta property=\"og:title\" content=\"Vikanje i nazivanje pogrdnim imenima, seksualno uznemiravanje, sve to uz pla\u0107u od 565 KM i prekovremeni rad - RADIO LJUBU\u0160KI\" \/>\n<meta property=\"og:description\" content=\"Moram raditi dodatni posao kako bih osigurao dovoljno novca za svoju obitelj. Ja \u010desto re\u017eem drva i tako zaradim dodatnih 500 KM\/256 EUR. Ali kada sve sastavim, to skoro jedva pokrije na\u0161e tro\u0161kove&#8221;, Marko, 48. &#8220;Moja djeca imaju 5 i 7 godina i nikada nisu bila na moru. To im je neostvarena \u017eelja. Mi \u010dak [&hellip;]\" \/>\n<meta property=\"og:url\" content=\"https:\/\/radioljubuski.ba\/index.php\/2021\/04\/07\/vikanje-i-nazivanje-pogrdnim-imenima-seksualno-uznemiravanje-sve-to-uz-placu-od-565-km-i-prekovremeni-rad\/\" \/>\n<meta property=\"og:site_name\" content=\"RADIO LJUBU\u0160KI\" \/>\n<meta property=\"article:publisher\" content=\"https:\/\/www.facebook.com\/Radiio-Ljubuski-1490835324566332\" \/>\n<meta property=\"article:published_time\" content=\"2021-04-07T22:35:12+00:00\" \/>\n<meta property=\"article:modified_time\" content=\"2021-04-07T22:35:13+00:00\" \/>\n<meta property=\"og:image\" content=\"https:\/\/radioljubuski.ba\/wp-content\/uploads\/2021\/04\/2-2021-04-07-14-31-52-TEKSTILNA-INDUSTRIJA.jpeg\" \/>\n\t<meta property=\"og:image:width\" content=\"1000\" \/>\n\t<meta property=\"og:image:height\" content=\"625\" \/>\n\t<meta property=\"og:image:type\" content=\"image\/jpeg\" \/>\n<meta name=\"author\" content=\"Radio Ljubu\u0161ki\" \/>\n<meta name=\"twitter:card\" content=\"summary_large_image\" \/>\n<meta name=\"twitter:creator\" content=\"@radioljubuski\" \/>\n<meta name=\"twitter:site\" content=\"@radioljubuski\" \/>\n<meta name=\"twitter:label1\" content=\"Napisao\/la\" \/>\n\t<meta name=\"twitter:data1\" content=\"Radio Ljubu\u0161ki\" \/>\n\t<meta name=\"twitter:label2\" content=\"Procijenjeno vrijeme \u010ditanja\" \/>\n\t<meta name=\"twitter:data2\" content=\"4 minute\" \/>\n<script type=\"application\/ld+json\" class=\"yoast-schema-graph\">{\"@context\":\"https:\\\/\\\/schema.org\",\"@graph\":[{\"@type\":\"Article\",\"@id\":\"https:\\\/\\\/radioljubuski.ba\\\/index.php\\\/2021\\\/04\\\/07\\\/vikanje-i-nazivanje-pogrdnim-imenima-seksualno-uznemiravanje-sve-to-uz-placu-od-565-km-i-prekovremeni-rad\\\/#article\",\"isPartOf\":{\"@id\":\"https:\\\/\\\/radioljubuski.ba\\\/index.php\\\/2021\\\/04\\\/07\\\/vikanje-i-nazivanje-pogrdnim-imenima-seksualno-uznemiravanje-sve-to-uz-placu-od-565-km-i-prekovremeni-rad\\\/\"},\"author\":{\"name\":\"Radio Ljubu\u0161ki\",\"@id\":\"https:\\\/\\\/radioljubuski.ba\\\/#\\\/schema\\\/person\\\/19fc700381a780f69665d7956c469e3b\"},\"headline\":\"Vikanje i nazivanje pogrdnim imenima, seksualno uznemiravanje, sve to uz pla\u0107u od 565 KM i prekovremeni rad\",\"datePublished\":\"2021-04-07T22:35:12+00:00\",\"dateModified\":\"2021-04-07T22:35:13+00:00\",\"mainEntityOfPage\":{\"@id\":\"https:\\\/\\\/radioljubuski.ba\\\/index.php\\\/2021\\\/04\\\/07\\\/vikanje-i-nazivanje-pogrdnim-imenima-seksualno-uznemiravanje-sve-to-uz-placu-od-565-km-i-prekovremeni-rad\\\/\"},\"wordCount\":819,\"publisher\":{\"@id\":\"https:\\\/\\\/radioljubuski.ba\\\/#organization\"},\"image\":{\"@id\":\"https:\\\/\\\/radioljubuski.ba\\\/index.php\\\/2021\\\/04\\\/07\\\/vikanje-i-nazivanje-pogrdnim-imenima-seksualno-uznemiravanje-sve-to-uz-placu-od-565-km-i-prekovremeni-rad\\\/#primaryimage\"},\"thumbnailUrl\":\"https:\\\/\\\/radioljubuski.ba\\\/wp-content\\\/uploads\\\/2021\\\/04\\\/2-2021-04-07-14-31-52-TEKSTILNA-INDUSTRIJA.jpeg\",\"articleSection\":[\"BIH i regija\"],\"inLanguage\":\"hr\"},{\"@type\":\"WebPage\",\"@id\":\"https:\\\/\\\/radioljubuski.ba\\\/index.php\\\/2021\\\/04\\\/07\\\/vikanje-i-nazivanje-pogrdnim-imenima-seksualno-uznemiravanje-sve-to-uz-placu-od-565-km-i-prekovremeni-rad\\\/\",\"url\":\"https:\\\/\\\/radioljubuski.ba\\\/index.php\\\/2021\\\/04\\\/07\\\/vikanje-i-nazivanje-pogrdnim-imenima-seksualno-uznemiravanje-sve-to-uz-placu-od-565-km-i-prekovremeni-rad\\\/\",\"name\":\"Vikanje i nazivanje pogrdnim imenima, seksualno uznemiravanje, sve to uz pla\u0107u od 565 KM i prekovremeni rad - RADIO LJUBU\u0160KI\",\"isPartOf\":{\"@id\":\"https:\\\/\\\/radioljubuski.ba\\\/#website\"},\"primaryImageOfPage\":{\"@id\":\"https:\\\/\\\/radioljubuski.ba\\\/index.php\\\/2021\\\/04\\\/07\\\/vikanje-i-nazivanje-pogrdnim-imenima-seksualno-uznemiravanje-sve-to-uz-placu-od-565-km-i-prekovremeni-rad\\\/#primaryimage\"},\"image\":{\"@id\":\"https:\\\/\\\/radioljubuski.ba\\\/index.php\\\/2021\\\/04\\\/07\\\/vikanje-i-nazivanje-pogrdnim-imenima-seksualno-uznemiravanje-sve-to-uz-placu-od-565-km-i-prekovremeni-rad\\\/#primaryimage\"},\"thumbnailUrl\":\"https:\\\/\\\/radioljubuski.ba\\\/wp-content\\\/uploads\\\/2021\\\/04\\\/2-2021-04-07-14-31-52-TEKSTILNA-INDUSTRIJA.jpeg\",\"datePublished\":\"2021-04-07T22:35:12+00:00\",\"dateModified\":\"2021-04-07T22:35:13+00:00\",\"breadcrumb\":{\"@id\":\"https:\\\/\\\/radioljubuski.ba\\\/index.php\\\/2021\\\/04\\\/07\\\/vikanje-i-nazivanje-pogrdnim-imenima-seksualno-uznemiravanje-sve-to-uz-placu-od-565-km-i-prekovremeni-rad\\\/#breadcrumb\"},\"inLanguage\":\"hr\",\"potentialAction\":[{\"@type\":\"ReadAction\",\"target\":[\"https:\\\/\\\/radioljubuski.ba\\\/index.php\\\/2021\\\/04\\\/07\\\/vikanje-i-nazivanje-pogrdnim-imenima-seksualno-uznemiravanje-sve-to-uz-placu-od-565-km-i-prekovremeni-rad\\\/\"]}]},{\"@type\":\"ImageObject\",\"inLanguage\":\"hr\",\"@id\":\"https:\\\/\\\/radioljubuski.ba\\\/index.php\\\/2021\\\/04\\\/07\\\/vikanje-i-nazivanje-pogrdnim-imenima-seksualno-uznemiravanje-sve-to-uz-placu-od-565-km-i-prekovremeni-rad\\\/#primaryimage\",\"url\":\"https:\\\/\\\/radioljubuski.ba\\\/wp-content\\\/uploads\\\/2021\\\/04\\\/2-2021-04-07-14-31-52-TEKSTILNA-INDUSTRIJA.jpeg\",\"contentUrl\":\"https:\\\/\\\/radioljubuski.ba\\\/wp-content\\\/uploads\\\/2021\\\/04\\\/2-2021-04-07-14-31-52-TEKSTILNA-INDUSTRIJA.jpeg\",\"width\":1000,\"height\":625},{\"@type\":\"BreadcrumbList\",\"@id\":\"https:\\\/\\\/radioljubuski.ba\\\/index.php\\\/2021\\\/04\\\/07\\\/vikanje-i-nazivanje-pogrdnim-imenima-seksualno-uznemiravanje-sve-to-uz-placu-od-565-km-i-prekovremeni-rad\\\/#breadcrumb\",\"itemListElement\":[{\"@type\":\"ListItem\",\"position\":1,\"name\":\"Po\u010detna stranica\",\"item\":\"https:\\\/\\\/radioljubuski.ba\\\/\"},{\"@type\":\"ListItem\",\"position\":2,\"name\":\"Vikanje i nazivanje pogrdnim imenima, seksualno uznemiravanje, sve to uz pla\u0107u od 565 KM i prekovremeni rad\"}]},{\"@type\":\"WebSite\",\"@id\":\"https:\\\/\\\/radioljubuski.ba\\\/#website\",\"url\":\"https:\\\/\\\/radioljubuski.ba\\\/\",\"name\":\"Radio Ljubu\u0161ki\",\"description\":\"Sun\u010dana frekvencija Hercegovine\",\"publisher\":{\"@id\":\"https:\\\/\\\/radioljubuski.ba\\\/#organization\"},\"potentialAction\":[{\"@type\":\"SearchAction\",\"target\":{\"@type\":\"EntryPoint\",\"urlTemplate\":\"https:\\\/\\\/radioljubuski.ba\\\/?s={search_term_string}\"},\"query-input\":{\"@type\":\"PropertyValueSpecification\",\"valueRequired\":true,\"valueName\":\"search_term_string\"}}],\"inLanguage\":\"hr\"},{\"@type\":\"Organization\",\"@id\":\"https:\\\/\\\/radioljubuski.ba\\\/#organization\",\"name\":\"Radio Ljubu\u0161ki\",\"url\":\"https:\\\/\\\/radioljubuski.ba\\\/\",\"logo\":{\"@type\":\"ImageObject\",\"inLanguage\":\"hr\",\"@id\":\"https:\\\/\\\/radioljubuski.ba\\\/#\\\/schema\\\/logo\\\/image\\\/\",\"url\":\"https:\\\/\\\/radioljubuski.ba\\\/wp-content\\\/uploads\\\/2021\\\/02\\\/cropped-Radio_Ljubuski_logo1.jpg\",\"contentUrl\":\"https:\\\/\\\/radioljubuski.ba\\\/wp-content\\\/uploads\\\/2021\\\/02\\\/cropped-Radio_Ljubuski_logo1.jpg\",\"width\":512,\"height\":512,\"caption\":\"Radio Ljubu\u0161ki\"},\"image\":{\"@id\":\"https:\\\/\\\/radioljubuski.ba\\\/#\\\/schema\\\/logo\\\/image\\\/\"},\"sameAs\":[\"https:\\\/\\\/www.facebook.com\\\/Radiio-Ljubuski-1490835324566332\",\"https:\\\/\\\/x.com\\\/radioljubuski\",\"https:\\\/\\\/hr.linkedin.com\\\/company\\\/radio-ljubuski\",\"https:\\\/\\\/www.youtube.com\\\/channel\\\/UCHYaeO_n0Db3tjNGudGpXyw\"]},{\"@type\":\"Person\",\"@id\":\"https:\\\/\\\/radioljubuski.ba\\\/#\\\/schema\\\/person\\\/19fc700381a780f69665d7956c469e3b\",\"name\":\"Radio Ljubu\u0161ki\"}]}<\/script>\n<!-- \/ Yoast SEO plugin. -->","yoast_head_json":{"title":"Vikanje i nazivanje pogrdnim imenima, seksualno uznemiravanje, sve to uz pla\u0107u od 565 KM i prekovremeni rad - RADIO LJUBU\u0160KI","robots":{"index":"index","follow":"follow","max-snippet":"max-snippet:-1","max-image-preview":"max-image-preview:large","max-video-preview":"max-video-preview:-1"},"canonical":"https:\/\/radioljubuski.ba\/index.php\/2021\/04\/07\/vikanje-i-nazivanje-pogrdnim-imenima-seksualno-uznemiravanje-sve-to-uz-placu-od-565-km-i-prekovremeni-rad\/","og_locale":"hr_HR","og_type":"article","og_title":"Vikanje i nazivanje pogrdnim imenima, seksualno uznemiravanje, sve to uz pla\u0107u od 565 KM i prekovremeni rad - RADIO LJUBU\u0160KI","og_description":"Moram raditi dodatni posao kako bih osigurao dovoljno novca za svoju obitelj. Ja \u010desto re\u017eem drva i tako zaradim dodatnih 500 KM\/256 EUR. Ali kada sve sastavim, to skoro jedva pokrije na\u0161e tro\u0161kove&#8221;, Marko, 48. &#8220;Moja djeca imaju 5 i 7 godina i nikada nisu bila na moru. To im je neostvarena \u017eelja. Mi \u010dak [&hellip;]","og_url":"https:\/\/radioljubuski.ba\/index.php\/2021\/04\/07\/vikanje-i-nazivanje-pogrdnim-imenima-seksualno-uznemiravanje-sve-to-uz-placu-od-565-km-i-prekovremeni-rad\/","og_site_name":"RADIO LJUBU\u0160KI","article_publisher":"https:\/\/www.facebook.com\/Radiio-Ljubuski-1490835324566332","article_published_time":"2021-04-07T22:35:12+00:00","article_modified_time":"2021-04-07T22:35:13+00:00","og_image":[{"width":1000,"height":625,"url":"https:\/\/radioljubuski.ba\/wp-content\/uploads\/2021\/04\/2-2021-04-07-14-31-52-TEKSTILNA-INDUSTRIJA.jpeg","type":"image\/jpeg"}],"author":"Radio Ljubu\u0161ki","twitter_card":"summary_large_image","twitter_creator":"@radioljubuski","twitter_site":"@radioljubuski","twitter_misc":{"Napisao\/la":"Radio Ljubu\u0161ki","Procijenjeno vrijeme \u010ditanja":"4 minute"},"schema":{"@context":"https:\/\/schema.org","@graph":[{"@type":"Article","@id":"https:\/\/radioljubuski.ba\/index.php\/2021\/04\/07\/vikanje-i-nazivanje-pogrdnim-imenima-seksualno-uznemiravanje-sve-to-uz-placu-od-565-km-i-prekovremeni-rad\/#article","isPartOf":{"@id":"https:\/\/radioljubuski.ba\/index.php\/2021\/04\/07\/vikanje-i-nazivanje-pogrdnim-imenima-seksualno-uznemiravanje-sve-to-uz-placu-od-565-km-i-prekovremeni-rad\/"},"author":{"name":"Radio Ljubu\u0161ki","@id":"https:\/\/radioljubuski.ba\/#\/schema\/person\/19fc700381a780f69665d7956c469e3b"},"headline":"Vikanje i nazivanje pogrdnim imenima, seksualno uznemiravanje, sve to uz pla\u0107u od 565 KM i prekovremeni rad","datePublished":"2021-04-07T22:35:12+00:00","dateModified":"2021-04-07T22:35:13+00:00","mainEntityOfPage":{"@id":"https:\/\/radioljubuski.ba\/index.php\/2021\/04\/07\/vikanje-i-nazivanje-pogrdnim-imenima-seksualno-uznemiravanje-sve-to-uz-placu-od-565-km-i-prekovremeni-rad\/"},"wordCount":819,"publisher":{"@id":"https:\/\/radioljubuski.ba\/#organization"},"image":{"@id":"https:\/\/radioljubuski.ba\/index.php\/2021\/04\/07\/vikanje-i-nazivanje-pogrdnim-imenima-seksualno-uznemiravanje-sve-to-uz-placu-od-565-km-i-prekovremeni-rad\/#primaryimage"},"thumbnailUrl":"https:\/\/radioljubuski.ba\/wp-content\/uploads\/2021\/04\/2-2021-04-07-14-31-52-TEKSTILNA-INDUSTRIJA.jpeg","articleSection":["BIH i regija"],"inLanguage":"hr"},{"@type":"WebPage","@id":"https:\/\/radioljubuski.ba\/index.php\/2021\/04\/07\/vikanje-i-nazivanje-pogrdnim-imenima-seksualno-uznemiravanje-sve-to-uz-placu-od-565-km-i-prekovremeni-rad\/","url":"https:\/\/radioljubuski.ba\/index.php\/2021\/04\/07\/vikanje-i-nazivanje-pogrdnim-imenima-seksualno-uznemiravanje-sve-to-uz-placu-od-565-km-i-prekovremeni-rad\/","name":"Vikanje i nazivanje pogrdnim imenima, seksualno uznemiravanje, sve to uz pla\u0107u od 565 KM i prekovremeni rad - RADIO LJUBU\u0160KI","isPartOf":{"@id":"https:\/\/radioljubuski.ba\/#website"},"primaryImageOfPage":{"@id":"https:\/\/radioljubuski.ba\/index.php\/2021\/04\/07\/vikanje-i-nazivanje-pogrdnim-imenima-seksualno-uznemiravanje-sve-to-uz-placu-od-565-km-i-prekovremeni-rad\/#primaryimage"},"image":{"@id":"https:\/\/radioljubuski.ba\/index.php\/2021\/04\/07\/vikanje-i-nazivanje-pogrdnim-imenima-seksualno-uznemiravanje-sve-to-uz-placu-od-565-km-i-prekovremeni-rad\/#primaryimage"},"thumbnailUrl":"https:\/\/radioljubuski.ba\/wp-content\/uploads\/2021\/04\/2-2021-04-07-14-31-52-TEKSTILNA-INDUSTRIJA.jpeg","datePublished":"2021-04-07T22:35:12+00:00","dateModified":"2021-04-07T22:35:13+00:00","breadcrumb":{"@id":"https:\/\/radioljubuski.ba\/index.php\/2021\/04\/07\/vikanje-i-nazivanje-pogrdnim-imenima-seksualno-uznemiravanje-sve-to-uz-placu-od-565-km-i-prekovremeni-rad\/#breadcrumb"},"inLanguage":"hr","potentialAction":[{"@type":"ReadAction","target":["https:\/\/radioljubuski.ba\/index.php\/2021\/04\/07\/vikanje-i-nazivanje-pogrdnim-imenima-seksualno-uznemiravanje-sve-to-uz-placu-od-565-km-i-prekovremeni-rad\/"]}]},{"@type":"ImageObject","inLanguage":"hr","@id":"https:\/\/radioljubuski.ba\/index.php\/2021\/04\/07\/vikanje-i-nazivanje-pogrdnim-imenima-seksualno-uznemiravanje-sve-to-uz-placu-od-565-km-i-prekovremeni-rad\/#primaryimage","url":"https:\/\/radioljubuski.ba\/wp-content\/uploads\/2021\/04\/2-2021-04-07-14-31-52-TEKSTILNA-INDUSTRIJA.jpeg","contentUrl":"https:\/\/radioljubuski.ba\/wp-content\/uploads\/2021\/04\/2-2021-04-07-14-31-52-TEKSTILNA-INDUSTRIJA.jpeg","width":1000,"height":625},{"@type":"BreadcrumbList","@id":"https:\/\/radioljubuski.ba\/index.php\/2021\/04\/07\/vikanje-i-nazivanje-pogrdnim-imenima-seksualno-uznemiravanje-sve-to-uz-placu-od-565-km-i-prekovremeni-rad\/#breadcrumb","itemListElement":[{"@type":"ListItem","position":1,"name":"Po\u010detna stranica","item":"https:\/\/radioljubuski.ba\/"},{"@type":"ListItem","position":2,"name":"Vikanje i nazivanje pogrdnim imenima, seksualno uznemiravanje, sve to uz pla\u0107u od 565 KM i prekovremeni rad"}]},{"@type":"WebSite","@id":"https:\/\/radioljubuski.ba\/#website","url":"https:\/\/radioljubuski.ba\/","name":"Radio Ljubu\u0161ki","description":"Sun\u010dana frekvencija Hercegovine","publisher":{"@id":"https:\/\/radioljubuski.ba\/#organization"},"potentialAction":[{"@type":"SearchAction","target":{"@type":"EntryPoint","urlTemplate":"https:\/\/radioljubuski.ba\/?s={search_term_string}"},"query-input":{"@type":"PropertyValueSpecification","valueRequired":true,"valueName":"search_term_string"}}],"inLanguage":"hr"},{"@type":"Organization","@id":"https:\/\/radioljubuski.ba\/#organization","name":"Radio Ljubu\u0161ki","url":"https:\/\/radioljubuski.ba\/","logo":{"@type":"ImageObject","inLanguage":"hr","@id":"https:\/\/radioljubuski.ba\/#\/schema\/logo\/image\/","url":"https:\/\/radioljubuski.ba\/wp-content\/uploads\/2021\/02\/cropped-Radio_Ljubuski_logo1.jpg","contentUrl":"https:\/\/radioljubuski.ba\/wp-content\/uploads\/2021\/02\/cropped-Radio_Ljubuski_logo1.jpg","width":512,"height":512,"caption":"Radio Ljubu\u0161ki"},"image":{"@id":"https:\/\/radioljubuski.ba\/#\/schema\/logo\/image\/"},"sameAs":["https:\/\/www.facebook.com\/Radiio-Ljubuski-1490835324566332","https:\/\/x.com\/radioljubuski","https:\/\/hr.linkedin.com\/company\/radio-ljubuski","https:\/\/www.youtube.com\/channel\/UCHYaeO_n0Db3tjNGudGpXyw"]},{"@type":"Person","@id":"https:\/\/radioljubuski.ba\/#\/schema\/person\/19fc700381a780f69665d7956c469e3b","name":"Radio Ljubu\u0161ki"}]}},"_links":{"self":[{"href":"https:\/\/radioljubuski.ba\/index.php\/wp-json\/wp\/v2\/posts\/10582","targetHints":{"allow":["GET"]}}],"collection":[{"href":"https:\/\/radioljubuski.ba\/index.php\/wp-json\/wp\/v2\/posts"}],"about":[{"href":"https:\/\/radioljubuski.ba\/index.php\/wp-json\/wp\/v2\/types\/post"}],"author":[{"embeddable":true,"href":"https:\/\/radioljubuski.ba\/index.php\/wp-json\/wp\/v2\/users\/2"}],"replies":[{"embeddable":true,"href":"https:\/\/radioljubuski.ba\/index.php\/wp-json\/wp\/v2\/comments?post=10582"}],"version-history":[{"count":1,"href":"https:\/\/radioljubuski.ba\/index.php\/wp-json\/wp\/v2\/posts\/10582\/revisions"}],"predecessor-version":[{"id":10584,"href":"https:\/\/radioljubuski.ba\/index.php\/wp-json\/wp\/v2\/posts\/10582\/revisions\/10584"}],"wp:featuredmedia":[{"embeddable":true,"href":"https:\/\/radioljubuski.ba\/index.php\/wp-json\/wp\/v2\/media\/10583"}],"wp:attachment":[{"href":"https:\/\/radioljubuski.ba\/index.php\/wp-json\/wp\/v2\/media?parent=10582"}],"wp:term":[{"taxonomy":"category","embeddable":true,"href":"https:\/\/radioljubuski.ba\/index.php\/wp-json\/wp\/v2\/categories?post=10582"},{"taxonomy":"post_tag","embeddable":true,"href":"https:\/\/radioljubuski.ba\/index.php\/wp-json\/wp\/v2\/tags?post=10582"}],"curies":[{"name":"wp","href":"https:\/\/api.w.org\/{rel}","templated":true}]}}