{"id":10606,"date":"2021-04-08T00:31:21","date_gmt":"2021-04-07T23:31:21","guid":{"rendered":"https:\/\/radioljubuski.ba\/?p=10606"},"modified":"2021-04-08T10:45:56","modified_gmt":"2021-04-08T09:45:56","slug":"hazu-u-bih-inicijativa-eu-i-sad-povijesna-prilika-za-izmjenu-izbornog-zakona-kako-bi-se-zaustavilo-preglasavanje-hrvata","status":"publish","type":"post","link":"https:\/\/radioljubuski.ba\/index.php\/2021\/04\/08\/hazu-u-bih-inicijativa-eu-i-sad-povijesna-prilika-za-izmjenu-izbornog-zakona-kako-bi-se-zaustavilo-preglasavanje-hrvata\/","title":{"rendered":"HAZU u BiH: Inicijativa EU i SAD povijesna prilika za izmjenu Izbornog zakona kako bi se zaustavilo preglasavanje Hrvata"},"content":{"rendered":"\n<p><strong>Vodstvo Hrvatske akademije za znanost i umjetnost (HAZU) u BiH ocijenilo je povijesnom prigodom inicijativu SAD i Europske unije za izmjenama Izbornog zakona u BiH isti\u010du\u0107i pri tome kako bi politi\u010dki dogovor trebao rezultirati zaustavljanjem preglasavanja najmalobrojnijih Hrvata.<\/strong><\/p>\n\n\n\n<p>\u201cRaduje nas da je BiH u fokusu na\u0161ih strate\u0161kih geopoliti\u010dkih partnera SAD i EU. Posljednje pismo koje je uputio ameri\u010dki dr\u017eavni tajnik Anthony Blinken dokaz je da postoji sna\u017ena volja prijatelja BiH i da se radi o povijesnoj prilici za na\u0161u domovinu\u201d, navodi se u priop\u0107enju nakon odr\u017eane sjednice Predsjedni\u0161tva HAZU-a BiH u Mostaru.<\/p>\n\n\n\n<p>Naime, ameri\u010dki dr\u017eavni tajnik Antony Blinken pro\u0161loga je tjedna potaknuo vlasti BiH da pokrenu reforme koje uklju\u010duju izmjene Izbornog zakona te ograni\u010dene promjene Daytonskog ustava.<\/p>\n\n\n\n<p>\u010clanovi vodstva Hrvatske akademije za znanost i umjetnost u BiH pozvali su predstavnike me\u0111unarodne zajednice da pomognu postizanju dogovora o izmjeni Izbornog zakona, kojega su ocijenili nepravednim jer omogu\u0107ava nametanje politi\u010dkih predstavnika Hrvatima u BiH zakon.<\/p>\n\n\n\n<p>\u201cNe nalazimo ni jedan valjan argument kojim bi se opravdala ovakva praksa koja drugog obespravljuje, poni\u017eava, uskra\u0107uje mu temeljna prava da bira svoje predstavnike. Ako bi se nastavila ova praksa, izbori bi postali besmisleni\u201d, smatraju u HAZU BiH. Po njihovu tuma\u010denju nastavak ove prakse doveo bi BiH u poziciju apsolutne dominacije \u010dime bi se \u201dmalobrojniji hrvatski narod potpuno obespravio i ponizio\u201d.<\/p>\n\n\n\n<p>Pozvali su doma\u0107e politi\u010dare da iskoriste trenutak kako bi zemlja krenula prema euroatlantskim integracijama.<\/p>\n\n\n\n<p>\u201cPostizanje kona\u010dnog dogovora kojim se onemogu\u0107ava diskriminacija bilo koga i koji omogu\u0107ava puni dru\u0161tveni, politi\u010dki, ustavni i politi\u010dki legitimitet i predstavljanje svih triju konstitutivnih naroda upravo je taj test zrelosti\u201d, dodali su.<\/p>\n\n\n\n<p>Hina podsje\u0107a kako su lideri SDA i HDZ BiH u lipnju pro\u0161le godine potpisali sporazum o novim izbornim pravilima za Mostar kojim su se istodobno obvezali na me\u0111ustrana\u010dke pregovore \u010diji je cilj promijeniti izborni zakon BiH kako bi se provelo pet presuda Europskog suda za ljudska prava te presuda Ustavnog suda BiH u slu\u010daju \u201cLjubi\u0107\u201d.<\/p>\n\n\n\n<p>Dvije stranke i njihovi lideri odr\u017eali su nekoliko sastanaka na kojima su poku\u0161ali pribli\u017eiti stajali\u0161ta. Izetbegovi\u0107 tvrdi da mu se dogovor ne \u010dini mogu\u0107, dok je pak \u010covi\u0107 \u010delnika SDA optu\u017eio da izbjegava postizanje sporazuma.<\/p>\n\n\n\n<p>O stanju u BiH ovoga mjeseca trebalo bi se raspravljati na Vije\u0107u EU na razini ministara vanjskih poslova na temelju non papera kojega je dostavio hrvatski \u0161ef diplomacije Gordan Grli\u0107 Radman.<\/p>\n\n\n\n<p>\/HMS\/<\/p>\n","protected":false},"excerpt":{"rendered":"<p>Vodstvo Hrvatske akademije za znanost i umjetnost (HAZU) u BiH ocijenilo je povijesnom prigodom inicijativu SAD i Europske unije za izmjenama Izbornog zakona u BiH isti\u010du\u0107i pri tome kako bi politi\u010dki dogovor trebao rezultirati zaustavljanjem preglasavanja najmalobrojnijih Hrvata. \u201cRaduje nas da je BiH u fokusu na\u0161ih strate\u0161kih geopoliti\u010dkih partnera SAD i EU. Posljednje pismo koje [&hellip;]<\/p>\n","protected":false},"author":2,"featured_media":10607,"comment_status":"closed","ping_status":"closed","sticky":false,"template":"","format":"standard","meta":{"h5ap_radio_sources":[],"footnotes":""},"categories":[1],"tags":[],"class_list":["post-10606","post","type-post","status-publish","format-standard","has-post-thumbnail","hentry","category-bihiregija"],"yoast_head":"<!-- This site is optimized with the Yoast SEO plugin v27.5 - https:\/\/yoast.com\/product\/yoast-seo-wordpress\/ -->\n<title>HAZU u BiH: Inicijativa EU i SAD povijesna prilika za izmjenu Izbornog zakona kako bi se zaustavilo preglasavanje Hrvata - RADIO LJUBU\u0160KI<\/title>\n<meta name=\"robots\" content=\"index, follow, max-snippet:-1, max-image-preview:large, max-video-preview:-1\" \/>\n<link rel=\"canonical\" href=\"https:\/\/radioljubuski.ba\/index.php\/2021\/04\/08\/hazu-u-bih-inicijativa-eu-i-sad-povijesna-prilika-za-izmjenu-izbornog-zakona-kako-bi-se-zaustavilo-preglasavanje-hrvata\/\" \/>\n<meta property=\"og:locale\" content=\"hr_HR\" \/>\n<meta property=\"og:type\" content=\"article\" \/>\n<meta property=\"og:title\" content=\"HAZU u BiH: Inicijativa EU i SAD povijesna prilika za izmjenu Izbornog zakona kako bi se zaustavilo preglasavanje Hrvata - RADIO LJUBU\u0160KI\" \/>\n<meta property=\"og:description\" content=\"Vodstvo Hrvatske akademije za znanost i umjetnost (HAZU) u BiH ocijenilo je povijesnom prigodom inicijativu SAD i Europske unije za izmjenama Izbornog zakona u BiH isti\u010du\u0107i pri tome kako bi politi\u010dki dogovor trebao rezultirati zaustavljanjem preglasavanja najmalobrojnijih Hrvata. \u201cRaduje nas da je BiH u fokusu na\u0161ih strate\u0161kih geopoliti\u010dkih partnera SAD i EU. Posljednje pismo koje [&hellip;]\" \/>\n<meta property=\"og:url\" content=\"https:\/\/radioljubuski.ba\/index.php\/2021\/04\/08\/hazu-u-bih-inicijativa-eu-i-sad-povijesna-prilika-za-izmjenu-izbornog-zakona-kako-bi-se-zaustavilo-preglasavanje-hrvata\/\" \/>\n<meta property=\"og:site_name\" content=\"RADIO LJUBU\u0160KI\" \/>\n<meta property=\"article:publisher\" content=\"https:\/\/www.facebook.com\/Radiio-Ljubuski-1490835324566332\" \/>\n<meta property=\"article:published_time\" content=\"2021-04-07T23:31:21+00:00\" \/>\n<meta property=\"article:modified_time\" content=\"2021-04-08T09:45:56+00:00\" \/>\n<meta property=\"og:image\" content=\"https:\/\/radioljubuski.ba\/wp-content\/uploads\/2021\/04\/hazu-bih.jpg\" \/>\n\t<meta property=\"og:image:width\" content=\"600\" \/>\n\t<meta property=\"og:image:height\" content=\"300\" \/>\n\t<meta property=\"og:image:type\" content=\"image\/jpeg\" \/>\n<meta name=\"author\" content=\"Radio Ljubu\u0161ki\" \/>\n<meta name=\"twitter:card\" content=\"summary_large_image\" \/>\n<meta name=\"twitter:creator\" content=\"@radioljubuski\" \/>\n<meta name=\"twitter:site\" content=\"@radioljubuski\" \/>\n<meta name=\"twitter:label1\" content=\"Napisao\/la\" \/>\n\t<meta name=\"twitter:data1\" content=\"Radio Ljubu\u0161ki\" \/>\n\t<meta name=\"twitter:label2\" content=\"Procijenjeno vrijeme \u010ditanja\" \/>\n\t<meta name=\"twitter:data2\" content=\"2 minute\" \/>\n<script type=\"application\/ld+json\" class=\"yoast-schema-graph\">{\"@context\":\"https:\\\/\\\/schema.org\",\"@graph\":[{\"@type\":\"Article\",\"@id\":\"https:\\\/\\\/radioljubuski.ba\\\/index.php\\\/2021\\\/04\\\/08\\\/hazu-u-bih-inicijativa-eu-i-sad-povijesna-prilika-za-izmjenu-izbornog-zakona-kako-bi-se-zaustavilo-preglasavanje-hrvata\\\/#article\",\"isPartOf\":{\"@id\":\"https:\\\/\\\/radioljubuski.ba\\\/index.php\\\/2021\\\/04\\\/08\\\/hazu-u-bih-inicijativa-eu-i-sad-povijesna-prilika-za-izmjenu-izbornog-zakona-kako-bi-se-zaustavilo-preglasavanje-hrvata\\\/\"},\"author\":{\"name\":\"Radio Ljubu\u0161ki\",\"@id\":\"https:\\\/\\\/radioljubuski.ba\\\/#\\\/schema\\\/person\\\/19fc700381a780f69665d7956c469e3b\"},\"headline\":\"HAZU u BiH: Inicijativa EU i SAD povijesna prilika za izmjenu Izbornog zakona kako bi se zaustavilo preglasavanje Hrvata\",\"datePublished\":\"2021-04-07T23:31:21+00:00\",\"dateModified\":\"2021-04-08T09:45:56+00:00\",\"mainEntityOfPage\":{\"@id\":\"https:\\\/\\\/radioljubuski.ba\\\/index.php\\\/2021\\\/04\\\/08\\\/hazu-u-bih-inicijativa-eu-i-sad-povijesna-prilika-za-izmjenu-izbornog-zakona-kako-bi-se-zaustavilo-preglasavanje-hrvata\\\/\"},\"wordCount\":444,\"publisher\":{\"@id\":\"https:\\\/\\\/radioljubuski.ba\\\/#organization\"},\"image\":{\"@id\":\"https:\\\/\\\/radioljubuski.ba\\\/index.php\\\/2021\\\/04\\\/08\\\/hazu-u-bih-inicijativa-eu-i-sad-povijesna-prilika-za-izmjenu-izbornog-zakona-kako-bi-se-zaustavilo-preglasavanje-hrvata\\\/#primaryimage\"},\"thumbnailUrl\":\"https:\\\/\\\/radioljubuski.ba\\\/wp-content\\\/uploads\\\/2021\\\/04\\\/hazu-bih.jpg\",\"articleSection\":[\"BIH i regija\"],\"inLanguage\":\"hr\"},{\"@type\":\"WebPage\",\"@id\":\"https:\\\/\\\/radioljubuski.ba\\\/index.php\\\/2021\\\/04\\\/08\\\/hazu-u-bih-inicijativa-eu-i-sad-povijesna-prilika-za-izmjenu-izbornog-zakona-kako-bi-se-zaustavilo-preglasavanje-hrvata\\\/\",\"url\":\"https:\\\/\\\/radioljubuski.ba\\\/index.php\\\/2021\\\/04\\\/08\\\/hazu-u-bih-inicijativa-eu-i-sad-povijesna-prilika-za-izmjenu-izbornog-zakona-kako-bi-se-zaustavilo-preglasavanje-hrvata\\\/\",\"name\":\"HAZU u BiH: Inicijativa EU i SAD povijesna prilika za izmjenu Izbornog zakona kako bi se zaustavilo preglasavanje Hrvata - RADIO LJUBU\u0160KI\",\"isPartOf\":{\"@id\":\"https:\\\/\\\/radioljubuski.ba\\\/#website\"},\"primaryImageOfPage\":{\"@id\":\"https:\\\/\\\/radioljubuski.ba\\\/index.php\\\/2021\\\/04\\\/08\\\/hazu-u-bih-inicijativa-eu-i-sad-povijesna-prilika-za-izmjenu-izbornog-zakona-kako-bi-se-zaustavilo-preglasavanje-hrvata\\\/#primaryimage\"},\"image\":{\"@id\":\"https:\\\/\\\/radioljubuski.ba\\\/index.php\\\/2021\\\/04\\\/08\\\/hazu-u-bih-inicijativa-eu-i-sad-povijesna-prilika-za-izmjenu-izbornog-zakona-kako-bi-se-zaustavilo-preglasavanje-hrvata\\\/#primaryimage\"},\"thumbnailUrl\":\"https:\\\/\\\/radioljubuski.ba\\\/wp-content\\\/uploads\\\/2021\\\/04\\\/hazu-bih.jpg\",\"datePublished\":\"2021-04-07T23:31:21+00:00\",\"dateModified\":\"2021-04-08T09:45:56+00:00\",\"breadcrumb\":{\"@id\":\"https:\\\/\\\/radioljubuski.ba\\\/index.php\\\/2021\\\/04\\\/08\\\/hazu-u-bih-inicijativa-eu-i-sad-povijesna-prilika-za-izmjenu-izbornog-zakona-kako-bi-se-zaustavilo-preglasavanje-hrvata\\\/#breadcrumb\"},\"inLanguage\":\"hr\",\"potentialAction\":[{\"@type\":\"ReadAction\",\"target\":[\"https:\\\/\\\/radioljubuski.ba\\\/index.php\\\/2021\\\/04\\\/08\\\/hazu-u-bih-inicijativa-eu-i-sad-povijesna-prilika-za-izmjenu-izbornog-zakona-kako-bi-se-zaustavilo-preglasavanje-hrvata\\\/\"]}]},{\"@type\":\"ImageObject\",\"inLanguage\":\"hr\",\"@id\":\"https:\\\/\\\/radioljubuski.ba\\\/index.php\\\/2021\\\/04\\\/08\\\/hazu-u-bih-inicijativa-eu-i-sad-povijesna-prilika-za-izmjenu-izbornog-zakona-kako-bi-se-zaustavilo-preglasavanje-hrvata\\\/#primaryimage\",\"url\":\"https:\\\/\\\/radioljubuski.ba\\\/wp-content\\\/uploads\\\/2021\\\/04\\\/hazu-bih.jpg\",\"contentUrl\":\"https:\\\/\\\/radioljubuski.ba\\\/wp-content\\\/uploads\\\/2021\\\/04\\\/hazu-bih.jpg\",\"width\":600,\"height\":300},{\"@type\":\"BreadcrumbList\",\"@id\":\"https:\\\/\\\/radioljubuski.ba\\\/index.php\\\/2021\\\/04\\\/08\\\/hazu-u-bih-inicijativa-eu-i-sad-povijesna-prilika-za-izmjenu-izbornog-zakona-kako-bi-se-zaustavilo-preglasavanje-hrvata\\\/#breadcrumb\",\"itemListElement\":[{\"@type\":\"ListItem\",\"position\":1,\"name\":\"Po\u010detna stranica\",\"item\":\"https:\\\/\\\/radioljubuski.ba\\\/\"},{\"@type\":\"ListItem\",\"position\":2,\"name\":\"HAZU u BiH: Inicijativa EU i SAD povijesna prilika za izmjenu Izbornog zakona kako bi se zaustavilo preglasavanje Hrvata\"}]},{\"@type\":\"WebSite\",\"@id\":\"https:\\\/\\\/radioljubuski.ba\\\/#website\",\"url\":\"https:\\\/\\\/radioljubuski.ba\\\/\",\"name\":\"Radio Ljubu\u0161ki\",\"description\":\"Sun\u010dana frekvencija Hercegovine\",\"publisher\":{\"@id\":\"https:\\\/\\\/radioljubuski.ba\\\/#organization\"},\"potentialAction\":[{\"@type\":\"SearchAction\",\"target\":{\"@type\":\"EntryPoint\",\"urlTemplate\":\"https:\\\/\\\/radioljubuski.ba\\\/?s={search_term_string}\"},\"query-input\":{\"@type\":\"PropertyValueSpecification\",\"valueRequired\":true,\"valueName\":\"search_term_string\"}}],\"inLanguage\":\"hr\"},{\"@type\":\"Organization\",\"@id\":\"https:\\\/\\\/radioljubuski.ba\\\/#organization\",\"name\":\"Radio Ljubu\u0161ki\",\"url\":\"https:\\\/\\\/radioljubuski.ba\\\/\",\"logo\":{\"@type\":\"ImageObject\",\"inLanguage\":\"hr\",\"@id\":\"https:\\\/\\\/radioljubuski.ba\\\/#\\\/schema\\\/logo\\\/image\\\/\",\"url\":\"https:\\\/\\\/radioljubuski.ba\\\/wp-content\\\/uploads\\\/2021\\\/02\\\/cropped-Radio_Ljubuski_logo1.jpg\",\"contentUrl\":\"https:\\\/\\\/radioljubuski.ba\\\/wp-content\\\/uploads\\\/2021\\\/02\\\/cropped-Radio_Ljubuski_logo1.jpg\",\"width\":512,\"height\":512,\"caption\":\"Radio Ljubu\u0161ki\"},\"image\":{\"@id\":\"https:\\\/\\\/radioljubuski.ba\\\/#\\\/schema\\\/logo\\\/image\\\/\"},\"sameAs\":[\"https:\\\/\\\/www.facebook.com\\\/Radiio-Ljubuski-1490835324566332\",\"https:\\\/\\\/x.com\\\/radioljubuski\",\"https:\\\/\\\/hr.linkedin.com\\\/company\\\/radio-ljubuski\",\"https:\\\/\\\/www.youtube.com\\\/channel\\\/UCHYaeO_n0Db3tjNGudGpXyw\"]},{\"@type\":\"Person\",\"@id\":\"https:\\\/\\\/radioljubuski.ba\\\/#\\\/schema\\\/person\\\/19fc700381a780f69665d7956c469e3b\",\"name\":\"Radio Ljubu\u0161ki\"}]}<\/script>\n<!-- \/ Yoast SEO plugin. -->","yoast_head_json":{"title":"HAZU u BiH: Inicijativa EU i SAD povijesna prilika za izmjenu Izbornog zakona kako bi se zaustavilo preglasavanje Hrvata - RADIO LJUBU\u0160KI","robots":{"index":"index","follow":"follow","max-snippet":"max-snippet:-1","max-image-preview":"max-image-preview:large","max-video-preview":"max-video-preview:-1"},"canonical":"https:\/\/radioljubuski.ba\/index.php\/2021\/04\/08\/hazu-u-bih-inicijativa-eu-i-sad-povijesna-prilika-za-izmjenu-izbornog-zakona-kako-bi-se-zaustavilo-preglasavanje-hrvata\/","og_locale":"hr_HR","og_type":"article","og_title":"HAZU u BiH: Inicijativa EU i SAD povijesna prilika za izmjenu Izbornog zakona kako bi se zaustavilo preglasavanje Hrvata - RADIO LJUBU\u0160KI","og_description":"Vodstvo Hrvatske akademije za znanost i umjetnost (HAZU) u BiH ocijenilo je povijesnom prigodom inicijativu SAD i Europske unije za izmjenama Izbornog zakona u BiH isti\u010du\u0107i pri tome kako bi politi\u010dki dogovor trebao rezultirati zaustavljanjem preglasavanja najmalobrojnijih Hrvata. \u201cRaduje nas da je BiH u fokusu na\u0161ih strate\u0161kih geopoliti\u010dkih partnera SAD i EU. Posljednje pismo koje [&hellip;]","og_url":"https:\/\/radioljubuski.ba\/index.php\/2021\/04\/08\/hazu-u-bih-inicijativa-eu-i-sad-povijesna-prilika-za-izmjenu-izbornog-zakona-kako-bi-se-zaustavilo-preglasavanje-hrvata\/","og_site_name":"RADIO LJUBU\u0160KI","article_publisher":"https:\/\/www.facebook.com\/Radiio-Ljubuski-1490835324566332","article_published_time":"2021-04-07T23:31:21+00:00","article_modified_time":"2021-04-08T09:45:56+00:00","og_image":[{"width":600,"height":300,"url":"https:\/\/radioljubuski.ba\/wp-content\/uploads\/2021\/04\/hazu-bih.jpg","type":"image\/jpeg"}],"author":"Radio Ljubu\u0161ki","twitter_card":"summary_large_image","twitter_creator":"@radioljubuski","twitter_site":"@radioljubuski","twitter_misc":{"Napisao\/la":"Radio Ljubu\u0161ki","Procijenjeno vrijeme \u010ditanja":"2 minute"},"schema":{"@context":"https:\/\/schema.org","@graph":[{"@type":"Article","@id":"https:\/\/radioljubuski.ba\/index.php\/2021\/04\/08\/hazu-u-bih-inicijativa-eu-i-sad-povijesna-prilika-za-izmjenu-izbornog-zakona-kako-bi-se-zaustavilo-preglasavanje-hrvata\/#article","isPartOf":{"@id":"https:\/\/radioljubuski.ba\/index.php\/2021\/04\/08\/hazu-u-bih-inicijativa-eu-i-sad-povijesna-prilika-za-izmjenu-izbornog-zakona-kako-bi-se-zaustavilo-preglasavanje-hrvata\/"},"author":{"name":"Radio Ljubu\u0161ki","@id":"https:\/\/radioljubuski.ba\/#\/schema\/person\/19fc700381a780f69665d7956c469e3b"},"headline":"HAZU u BiH: Inicijativa EU i SAD povijesna prilika za izmjenu Izbornog zakona kako bi se zaustavilo preglasavanje Hrvata","datePublished":"2021-04-07T23:31:21+00:00","dateModified":"2021-04-08T09:45:56+00:00","mainEntityOfPage":{"@id":"https:\/\/radioljubuski.ba\/index.php\/2021\/04\/08\/hazu-u-bih-inicijativa-eu-i-sad-povijesna-prilika-za-izmjenu-izbornog-zakona-kako-bi-se-zaustavilo-preglasavanje-hrvata\/"},"wordCount":444,"publisher":{"@id":"https:\/\/radioljubuski.ba\/#organization"},"image":{"@id":"https:\/\/radioljubuski.ba\/index.php\/2021\/04\/08\/hazu-u-bih-inicijativa-eu-i-sad-povijesna-prilika-za-izmjenu-izbornog-zakona-kako-bi-se-zaustavilo-preglasavanje-hrvata\/#primaryimage"},"thumbnailUrl":"https:\/\/radioljubuski.ba\/wp-content\/uploads\/2021\/04\/hazu-bih.jpg","articleSection":["BIH i regija"],"inLanguage":"hr"},{"@type":"WebPage","@id":"https:\/\/radioljubuski.ba\/index.php\/2021\/04\/08\/hazu-u-bih-inicijativa-eu-i-sad-povijesna-prilika-za-izmjenu-izbornog-zakona-kako-bi-se-zaustavilo-preglasavanje-hrvata\/","url":"https:\/\/radioljubuski.ba\/index.php\/2021\/04\/08\/hazu-u-bih-inicijativa-eu-i-sad-povijesna-prilika-za-izmjenu-izbornog-zakona-kako-bi-se-zaustavilo-preglasavanje-hrvata\/","name":"HAZU u BiH: Inicijativa EU i SAD povijesna prilika za izmjenu Izbornog zakona kako bi se zaustavilo preglasavanje Hrvata - RADIO LJUBU\u0160KI","isPartOf":{"@id":"https:\/\/radioljubuski.ba\/#website"},"primaryImageOfPage":{"@id":"https:\/\/radioljubuski.ba\/index.php\/2021\/04\/08\/hazu-u-bih-inicijativa-eu-i-sad-povijesna-prilika-za-izmjenu-izbornog-zakona-kako-bi-se-zaustavilo-preglasavanje-hrvata\/#primaryimage"},"image":{"@id":"https:\/\/radioljubuski.ba\/index.php\/2021\/04\/08\/hazu-u-bih-inicijativa-eu-i-sad-povijesna-prilika-za-izmjenu-izbornog-zakona-kako-bi-se-zaustavilo-preglasavanje-hrvata\/#primaryimage"},"thumbnailUrl":"https:\/\/radioljubuski.ba\/wp-content\/uploads\/2021\/04\/hazu-bih.jpg","datePublished":"2021-04-07T23:31:21+00:00","dateModified":"2021-04-08T09:45:56+00:00","breadcrumb":{"@id":"https:\/\/radioljubuski.ba\/index.php\/2021\/04\/08\/hazu-u-bih-inicijativa-eu-i-sad-povijesna-prilika-za-izmjenu-izbornog-zakona-kako-bi-se-zaustavilo-preglasavanje-hrvata\/#breadcrumb"},"inLanguage":"hr","potentialAction":[{"@type":"ReadAction","target":["https:\/\/radioljubuski.ba\/index.php\/2021\/04\/08\/hazu-u-bih-inicijativa-eu-i-sad-povijesna-prilika-za-izmjenu-izbornog-zakona-kako-bi-se-zaustavilo-preglasavanje-hrvata\/"]}]},{"@type":"ImageObject","inLanguage":"hr","@id":"https:\/\/radioljubuski.ba\/index.php\/2021\/04\/08\/hazu-u-bih-inicijativa-eu-i-sad-povijesna-prilika-za-izmjenu-izbornog-zakona-kako-bi-se-zaustavilo-preglasavanje-hrvata\/#primaryimage","url":"https:\/\/radioljubuski.ba\/wp-content\/uploads\/2021\/04\/hazu-bih.jpg","contentUrl":"https:\/\/radioljubuski.ba\/wp-content\/uploads\/2021\/04\/hazu-bih.jpg","width":600,"height":300},{"@type":"BreadcrumbList","@id":"https:\/\/radioljubuski.ba\/index.php\/2021\/04\/08\/hazu-u-bih-inicijativa-eu-i-sad-povijesna-prilika-za-izmjenu-izbornog-zakona-kako-bi-se-zaustavilo-preglasavanje-hrvata\/#breadcrumb","itemListElement":[{"@type":"ListItem","position":1,"name":"Po\u010detna stranica","item":"https:\/\/radioljubuski.ba\/"},{"@type":"ListItem","position":2,"name":"HAZU u BiH: Inicijativa EU i SAD povijesna prilika za izmjenu Izbornog zakona kako bi se zaustavilo preglasavanje Hrvata"}]},{"@type":"WebSite","@id":"https:\/\/radioljubuski.ba\/#website","url":"https:\/\/radioljubuski.ba\/","name":"Radio Ljubu\u0161ki","description":"Sun\u010dana frekvencija Hercegovine","publisher":{"@id":"https:\/\/radioljubuski.ba\/#organization"},"potentialAction":[{"@type":"SearchAction","target":{"@type":"EntryPoint","urlTemplate":"https:\/\/radioljubuski.ba\/?s={search_term_string}"},"query-input":{"@type":"PropertyValueSpecification","valueRequired":true,"valueName":"search_term_string"}}],"inLanguage":"hr"},{"@type":"Organization","@id":"https:\/\/radioljubuski.ba\/#organization","name":"Radio Ljubu\u0161ki","url":"https:\/\/radioljubuski.ba\/","logo":{"@type":"ImageObject","inLanguage":"hr","@id":"https:\/\/radioljubuski.ba\/#\/schema\/logo\/image\/","url":"https:\/\/radioljubuski.ba\/wp-content\/uploads\/2021\/02\/cropped-Radio_Ljubuski_logo1.jpg","contentUrl":"https:\/\/radioljubuski.ba\/wp-content\/uploads\/2021\/02\/cropped-Radio_Ljubuski_logo1.jpg","width":512,"height":512,"caption":"Radio Ljubu\u0161ki"},"image":{"@id":"https:\/\/radioljubuski.ba\/#\/schema\/logo\/image\/"},"sameAs":["https:\/\/www.facebook.com\/Radiio-Ljubuski-1490835324566332","https:\/\/x.com\/radioljubuski","https:\/\/hr.linkedin.com\/company\/radio-ljubuski","https:\/\/www.youtube.com\/channel\/UCHYaeO_n0Db3tjNGudGpXyw"]},{"@type":"Person","@id":"https:\/\/radioljubuski.ba\/#\/schema\/person\/19fc700381a780f69665d7956c469e3b","name":"Radio Ljubu\u0161ki"}]}},"_links":{"self":[{"href":"https:\/\/radioljubuski.ba\/index.php\/wp-json\/wp\/v2\/posts\/10606","targetHints":{"allow":["GET"]}}],"collection":[{"href":"https:\/\/radioljubuski.ba\/index.php\/wp-json\/wp\/v2\/posts"}],"about":[{"href":"https:\/\/radioljubuski.ba\/index.php\/wp-json\/wp\/v2\/types\/post"}],"author":[{"embeddable":true,"href":"https:\/\/radioljubuski.ba\/index.php\/wp-json\/wp\/v2\/users\/2"}],"replies":[{"embeddable":true,"href":"https:\/\/radioljubuski.ba\/index.php\/wp-json\/wp\/v2\/comments?post=10606"}],"version-history":[{"count":1,"href":"https:\/\/radioljubuski.ba\/index.php\/wp-json\/wp\/v2\/posts\/10606\/revisions"}],"predecessor-version":[{"id":10608,"href":"https:\/\/radioljubuski.ba\/index.php\/wp-json\/wp\/v2\/posts\/10606\/revisions\/10608"}],"wp:featuredmedia":[{"embeddable":true,"href":"https:\/\/radioljubuski.ba\/index.php\/wp-json\/wp\/v2\/media\/10607"}],"wp:attachment":[{"href":"https:\/\/radioljubuski.ba\/index.php\/wp-json\/wp\/v2\/media?parent=10606"}],"wp:term":[{"taxonomy":"category","embeddable":true,"href":"https:\/\/radioljubuski.ba\/index.php\/wp-json\/wp\/v2\/categories?post=10606"},{"taxonomy":"post_tag","embeddable":true,"href":"https:\/\/radioljubuski.ba\/index.php\/wp-json\/wp\/v2\/tags?post=10606"}],"curies":[{"name":"wp","href":"https:\/\/api.w.org\/{rel}","templated":true}]}}