{"id":10609,"date":"2021-04-08T00:32:42","date_gmt":"2021-04-07T23:32:42","guid":{"rendered":"https:\/\/radioljubuski.ba\/?p=10609"},"modified":"2021-04-08T00:32:43","modified_gmt":"2021-04-07T23:32:43","slug":"zovko-institut-za-mjeriteljstvo-bih-nije-bio-nadlezan-za-davanje-misljenja-o-respiratorima-i-dzemic-je-upetljan-u-njihovu-nabavku","status":"publish","type":"post","link":"https:\/\/radioljubuski.ba\/index.php\/2021\/04\/08\/zovko-institut-za-mjeriteljstvo-bih-nije-bio-nadlezan-za-davanje-misljenja-o-respiratorima-i-dzemic-je-upetljan-u-njihovu-nabavku\/","title":{"rendered":"Zovko: Institut za mjeriteljstvo BiH nije bio nadle\u017ean za davanje mi\u0161ljenja o respiratorima, i D\u017eemi\u0107 je upetljan u njihovu nabavku"},"content":{"rendered":"\n<p><strong>Direktor Zavoda za mjeriteljstvo Federacije BiH \u017deljko Zovko, rekao je danas za portal \u201cAvaza\u201d da Institut za mjeriteljstvo BiH na \u010delu sa Zijadom D\u017eemi\u0107em (kadar SDA) uop\u0107e nije bio nadle\u017ean davati mi\u0161ljenja o tome je li 100 respiratora \u201cSrebrene maline\u201d, koje je nabavila Federalna vlada, namijenjeno za lije\u010denje te\u0161kih pacijenata u jedinicama intenzivne njege.<\/strong><\/p>\n\n\n\n<p>Zovko nam je rekao da ovo njegovo mi\u0161ljenje u svojstvu uposlenika, a ne direktora ove institucije.<\/p>\n\n\n\n<p><strong>Zaobi\u0161ao sve institucije<\/strong><\/p>\n\n\n\n<p>Zovko tvrdi da je D\u017eemi\u0107 zaobi\u0161ao sve institucije da da svoje mi\u0161ljenja, zbog \u010dega je kako tvrdi ogor\u010den takvim pona\u0161anjem.<\/p>\n\n\n\n<p>\u2013 Nadzor nad verifikacijom je u nadle\u017enosti Zavoda za mjeriteljstvo FBiH, a nadzora tu uop\u0107e nije bilo. Ti respiratori uop\u0107e nisu ni obilje\u017eeni ni ozna\u010deni s validnim \u017eigom koji je na snazi u Federaciji BiH. D\u017eemi\u0107 je preuzeo na\u0161u nadle\u017enost i sam napravio duple \u017eigove, tako da radi \u0161to i kako ho\u0107e. To neka sve ispita Tu\u017eiteljstvo koje vodi istragu \u2013 ka\u017ee Zovko.<\/p>\n\n\n\n<p>Zovko ka\u017ee da je ovdje niz okolnosti sporno, a Institut je sebi dao za pravo i preuzeo sve nadle\u017enosti Zavoda, pa izme\u0111u ostalog i verifikaciju respiratora.<\/p>\n\n\n\n<p>\u2013 Ne znam samo kako ih je D\u017eemi\u0107 proglasio ispravnim? Tko je obavio nadzor? On uop\u0107e nije ispo\u0161tovao proceduru. Sve je uradio mimo konsultacija s Savjetom za mjeriteljstvo, koje u tome momentu nije ni postojalo, jer im je istekao mandat. Oni uop\u0107e ni ne rade, a D\u017eemi\u0107 je donio sve ove akte koji su sada pod znakom pitanja. Mene zanima tko je vr\u0161io nadzor nad \u201cVerlabom\u201d. I propis da je rije\u010d o zakonskom mjerilu \u2013 ka\u017ee Zovko.<\/p>\n\n\n\n<p>Smatra da svaka tvrtka \u0161alje svoje servisere \u201cjer nitko ne\u0107e dati besplatno kod da im \u010da\u010dkaju po ure\u0111aju\u201d.<\/p>\n\n\n\n<p>-Po mojim saznanjima D\u017eemi\u0107 je od samog po\u010detka upetljan u nabavku ovih ure\u0111aja. Sve \u0161to je radio, radio je ad hoc. Kako je on dao akreditacije \u201cVerlabu\u201d da se obavi mjeriteljstvo. Nas nitko o tome nije konsultirao. Mi smo imali svoje mi\u0161ljenje i na\u0161 stav je da je dovoljno da ovla\u0161teni serviser mora imati svoj licenci broj i biti prijavljen i licenciran. Njegov je potpis zakon i on za sve odgovora i nitko drugi \u2013 ka\u017ee Zovko.<\/p>\n\n\n\n<p><strong>Nitko ih ne\u0107e<\/strong><\/p>\n\n\n\n<p>Ocijenio je \u201cnema \u0161anse da se ovi respiratori mogu koristiti u jedinicama intenzivne njege\u201d.<\/p>\n\n\n\n<p>\u2013 Oni daju \u010das jedno mi\u0161ljenje, \u010das drugo. To ljude baca u ambis. Neka Tu\u017eiteljstvo samo analizira izjave tih ljudi i sve je onda jasno. Moje mi\u0161ljenje, na osnovu stava anesteziologa, mi\u0161ljenja stru\u010dnjaka, lije\u010dnika, da su ti ure\u0111aji ograni\u010denog kapaciteta i oni ne mogu biti s namjenom stacionarnog respiratora niti mogu svojim karakteristikama zadovoljiti pritisak kisika. Oni ga ne mogu posti\u0107i s tim ure\u0111ajem. Vojna bolnica je dobila donaciju iz Emirata i ne koriste ih \u2013 dodao je.<\/p>\n\n\n\n<p>\/HMS\/<\/p>\n","protected":false},"excerpt":{"rendered":"<p>Direktor Zavoda za mjeriteljstvo Federacije BiH \u017deljko Zovko, rekao je danas za portal \u201cAvaza\u201d da Institut za mjeriteljstvo BiH na \u010delu sa Zijadom D\u017eemi\u0107em (kadar SDA) uop\u0107e nije bio nadle\u017ean davati mi\u0161ljenja o tome je li 100 respiratora \u201cSrebrene maline\u201d, koje je nabavila Federalna vlada, namijenjeno za lije\u010denje te\u0161kih pacijenata u jedinicama intenzivne njege. Zovko [&hellip;]<\/p>\n","protected":false},"author":2,"featured_media":10610,"comment_status":"closed","ping_status":"closed","sticky":false,"template":"","format":"standard","meta":{"h5ap_radio_sources":[],"footnotes":""},"categories":[1],"tags":[],"class_list":["post-10609","post","type-post","status-publish","format-standard","has-post-thumbnail","hentry","category-bihiregija"],"yoast_head":"<!-- This site is optimized with the Yoast SEO plugin v27.5 - https:\/\/yoast.com\/product\/yoast-seo-wordpress\/ -->\n<title>Zovko: Institut za mjeriteljstvo BiH nije bio nadle\u017ean za davanje mi\u0161ljenja o respiratorima, i D\u017eemi\u0107 je upetljan u njihovu nabavku - RADIO LJUBU\u0160KI<\/title>\n<meta name=\"robots\" content=\"index, follow, max-snippet:-1, max-image-preview:large, max-video-preview:-1\" \/>\n<link rel=\"canonical\" href=\"https:\/\/radioljubuski.ba\/index.php\/2021\/04\/08\/zovko-institut-za-mjeriteljstvo-bih-nije-bio-nadlezan-za-davanje-misljenja-o-respiratorima-i-dzemic-je-upetljan-u-njihovu-nabavku\/\" \/>\n<meta property=\"og:locale\" content=\"hr_HR\" \/>\n<meta property=\"og:type\" content=\"article\" \/>\n<meta property=\"og:title\" content=\"Zovko: Institut za mjeriteljstvo BiH nije bio nadle\u017ean za davanje mi\u0161ljenja o respiratorima, i D\u017eemi\u0107 je upetljan u njihovu nabavku - RADIO LJUBU\u0160KI\" \/>\n<meta property=\"og:description\" content=\"Direktor Zavoda za mjeriteljstvo Federacije BiH \u017deljko Zovko, rekao je danas za portal \u201cAvaza\u201d da Institut za mjeriteljstvo BiH na \u010delu sa Zijadom D\u017eemi\u0107em (kadar SDA) uop\u0107e nije bio nadle\u017ean davati mi\u0161ljenja o tome je li 100 respiratora \u201cSrebrene maline\u201d, koje je nabavila Federalna vlada, namijenjeno za lije\u010denje te\u0161kih pacijenata u jedinicama intenzivne njege. Zovko [&hellip;]\" \/>\n<meta property=\"og:url\" content=\"https:\/\/radioljubuski.ba\/index.php\/2021\/04\/08\/zovko-institut-za-mjeriteljstvo-bih-nije-bio-nadlezan-za-davanje-misljenja-o-respiratorima-i-dzemic-je-upetljan-u-njihovu-nabavku\/\" \/>\n<meta property=\"og:site_name\" content=\"RADIO LJUBU\u0160KI\" \/>\n<meta property=\"article:publisher\" content=\"https:\/\/www.facebook.com\/Radiio-Ljubuski-1490835324566332\" \/>\n<meta property=\"article:published_time\" content=\"2021-04-07T23:32:42+00:00\" \/>\n<meta property=\"article:modified_time\" content=\"2021-04-07T23:32:43+00:00\" \/>\n<meta property=\"og:image\" content=\"https:\/\/radioljubuski.ba\/wp-content\/uploads\/2021\/04\/dzemic.jpg\" \/>\n\t<meta property=\"og:image:width\" content=\"738\" \/>\n\t<meta property=\"og:image:height\" content=\"492\" \/>\n\t<meta property=\"og:image:type\" content=\"image\/jpeg\" \/>\n<meta name=\"author\" content=\"Radio Ljubu\u0161ki\" \/>\n<meta name=\"twitter:card\" content=\"summary_large_image\" \/>\n<meta name=\"twitter:creator\" content=\"@radioljubuski\" \/>\n<meta name=\"twitter:site\" content=\"@radioljubuski\" \/>\n<meta name=\"twitter:label1\" content=\"Napisao\/la\" \/>\n\t<meta name=\"twitter:data1\" content=\"Radio Ljubu\u0161ki\" \/>\n\t<meta name=\"twitter:label2\" content=\"Procijenjeno vrijeme \u010ditanja\" \/>\n\t<meta name=\"twitter:data2\" content=\"2 minute\" \/>\n<script type=\"application\/ld+json\" class=\"yoast-schema-graph\">{\"@context\":\"https:\\\/\\\/schema.org\",\"@graph\":[{\"@type\":\"Article\",\"@id\":\"https:\\\/\\\/radioljubuski.ba\\\/index.php\\\/2021\\\/04\\\/08\\\/zovko-institut-za-mjeriteljstvo-bih-nije-bio-nadlezan-za-davanje-misljenja-o-respiratorima-i-dzemic-je-upetljan-u-njihovu-nabavku\\\/#article\",\"isPartOf\":{\"@id\":\"https:\\\/\\\/radioljubuski.ba\\\/index.php\\\/2021\\\/04\\\/08\\\/zovko-institut-za-mjeriteljstvo-bih-nije-bio-nadlezan-za-davanje-misljenja-o-respiratorima-i-dzemic-je-upetljan-u-njihovu-nabavku\\\/\"},\"author\":{\"name\":\"Radio Ljubu\u0161ki\",\"@id\":\"https:\\\/\\\/radioljubuski.ba\\\/#\\\/schema\\\/person\\\/19fc700381a780f69665d7956c469e3b\"},\"headline\":\"Zovko: Institut za mjeriteljstvo BiH nije bio nadle\u017ean za davanje mi\u0161ljenja o respiratorima, i D\u017eemi\u0107 je upetljan u njihovu nabavku\",\"datePublished\":\"2021-04-07T23:32:42+00:00\",\"dateModified\":\"2021-04-07T23:32:43+00:00\",\"mainEntityOfPage\":{\"@id\":\"https:\\\/\\\/radioljubuski.ba\\\/index.php\\\/2021\\\/04\\\/08\\\/zovko-institut-za-mjeriteljstvo-bih-nije-bio-nadlezan-za-davanje-misljenja-o-respiratorima-i-dzemic-je-upetljan-u-njihovu-nabavku\\\/\"},\"wordCount\":520,\"publisher\":{\"@id\":\"https:\\\/\\\/radioljubuski.ba\\\/#organization\"},\"image\":{\"@id\":\"https:\\\/\\\/radioljubuski.ba\\\/index.php\\\/2021\\\/04\\\/08\\\/zovko-institut-za-mjeriteljstvo-bih-nije-bio-nadlezan-za-davanje-misljenja-o-respiratorima-i-dzemic-je-upetljan-u-njihovu-nabavku\\\/#primaryimage\"},\"thumbnailUrl\":\"https:\\\/\\\/radioljubuski.ba\\\/wp-content\\\/uploads\\\/2021\\\/04\\\/dzemic.jpg\",\"articleSection\":[\"BIH i regija\"],\"inLanguage\":\"hr\"},{\"@type\":\"WebPage\",\"@id\":\"https:\\\/\\\/radioljubuski.ba\\\/index.php\\\/2021\\\/04\\\/08\\\/zovko-institut-za-mjeriteljstvo-bih-nije-bio-nadlezan-za-davanje-misljenja-o-respiratorima-i-dzemic-je-upetljan-u-njihovu-nabavku\\\/\",\"url\":\"https:\\\/\\\/radioljubuski.ba\\\/index.php\\\/2021\\\/04\\\/08\\\/zovko-institut-za-mjeriteljstvo-bih-nije-bio-nadlezan-za-davanje-misljenja-o-respiratorima-i-dzemic-je-upetljan-u-njihovu-nabavku\\\/\",\"name\":\"Zovko: Institut za mjeriteljstvo BiH nije bio nadle\u017ean za davanje mi\u0161ljenja o respiratorima, i D\u017eemi\u0107 je upetljan u njihovu nabavku - RADIO LJUBU\u0160KI\",\"isPartOf\":{\"@id\":\"https:\\\/\\\/radioljubuski.ba\\\/#website\"},\"primaryImageOfPage\":{\"@id\":\"https:\\\/\\\/radioljubuski.ba\\\/index.php\\\/2021\\\/04\\\/08\\\/zovko-institut-za-mjeriteljstvo-bih-nije-bio-nadlezan-za-davanje-misljenja-o-respiratorima-i-dzemic-je-upetljan-u-njihovu-nabavku\\\/#primaryimage\"},\"image\":{\"@id\":\"https:\\\/\\\/radioljubuski.ba\\\/index.php\\\/2021\\\/04\\\/08\\\/zovko-institut-za-mjeriteljstvo-bih-nije-bio-nadlezan-za-davanje-misljenja-o-respiratorima-i-dzemic-je-upetljan-u-njihovu-nabavku\\\/#primaryimage\"},\"thumbnailUrl\":\"https:\\\/\\\/radioljubuski.ba\\\/wp-content\\\/uploads\\\/2021\\\/04\\\/dzemic.jpg\",\"datePublished\":\"2021-04-07T23:32:42+00:00\",\"dateModified\":\"2021-04-07T23:32:43+00:00\",\"breadcrumb\":{\"@id\":\"https:\\\/\\\/radioljubuski.ba\\\/index.php\\\/2021\\\/04\\\/08\\\/zovko-institut-za-mjeriteljstvo-bih-nije-bio-nadlezan-za-davanje-misljenja-o-respiratorima-i-dzemic-je-upetljan-u-njihovu-nabavku\\\/#breadcrumb\"},\"inLanguage\":\"hr\",\"potentialAction\":[{\"@type\":\"ReadAction\",\"target\":[\"https:\\\/\\\/radioljubuski.ba\\\/index.php\\\/2021\\\/04\\\/08\\\/zovko-institut-za-mjeriteljstvo-bih-nije-bio-nadlezan-za-davanje-misljenja-o-respiratorima-i-dzemic-je-upetljan-u-njihovu-nabavku\\\/\"]}]},{\"@type\":\"ImageObject\",\"inLanguage\":\"hr\",\"@id\":\"https:\\\/\\\/radioljubuski.ba\\\/index.php\\\/2021\\\/04\\\/08\\\/zovko-institut-za-mjeriteljstvo-bih-nije-bio-nadlezan-za-davanje-misljenja-o-respiratorima-i-dzemic-je-upetljan-u-njihovu-nabavku\\\/#primaryimage\",\"url\":\"https:\\\/\\\/radioljubuski.ba\\\/wp-content\\\/uploads\\\/2021\\\/04\\\/dzemic.jpg\",\"contentUrl\":\"https:\\\/\\\/radioljubuski.ba\\\/wp-content\\\/uploads\\\/2021\\\/04\\\/dzemic.jpg\",\"width\":738,\"height\":492},{\"@type\":\"BreadcrumbList\",\"@id\":\"https:\\\/\\\/radioljubuski.ba\\\/index.php\\\/2021\\\/04\\\/08\\\/zovko-institut-za-mjeriteljstvo-bih-nije-bio-nadlezan-za-davanje-misljenja-o-respiratorima-i-dzemic-je-upetljan-u-njihovu-nabavku\\\/#breadcrumb\",\"itemListElement\":[{\"@type\":\"ListItem\",\"position\":1,\"name\":\"Po\u010detna stranica\",\"item\":\"https:\\\/\\\/radioljubuski.ba\\\/\"},{\"@type\":\"ListItem\",\"position\":2,\"name\":\"Zovko: Institut za mjeriteljstvo BiH nije bio nadle\u017ean za davanje mi\u0161ljenja o respiratorima, i D\u017eemi\u0107 je upetljan u njihovu nabavku\"}]},{\"@type\":\"WebSite\",\"@id\":\"https:\\\/\\\/radioljubuski.ba\\\/#website\",\"url\":\"https:\\\/\\\/radioljubuski.ba\\\/\",\"name\":\"Radio Ljubu\u0161ki\",\"description\":\"Sun\u010dana frekvencija Hercegovine\",\"publisher\":{\"@id\":\"https:\\\/\\\/radioljubuski.ba\\\/#organization\"},\"potentialAction\":[{\"@type\":\"SearchAction\",\"target\":{\"@type\":\"EntryPoint\",\"urlTemplate\":\"https:\\\/\\\/radioljubuski.ba\\\/?s={search_term_string}\"},\"query-input\":{\"@type\":\"PropertyValueSpecification\",\"valueRequired\":true,\"valueName\":\"search_term_string\"}}],\"inLanguage\":\"hr\"},{\"@type\":\"Organization\",\"@id\":\"https:\\\/\\\/radioljubuski.ba\\\/#organization\",\"name\":\"Radio Ljubu\u0161ki\",\"url\":\"https:\\\/\\\/radioljubuski.ba\\\/\",\"logo\":{\"@type\":\"ImageObject\",\"inLanguage\":\"hr\",\"@id\":\"https:\\\/\\\/radioljubuski.ba\\\/#\\\/schema\\\/logo\\\/image\\\/\",\"url\":\"https:\\\/\\\/radioljubuski.ba\\\/wp-content\\\/uploads\\\/2021\\\/02\\\/cropped-Radio_Ljubuski_logo1.jpg\",\"contentUrl\":\"https:\\\/\\\/radioljubuski.ba\\\/wp-content\\\/uploads\\\/2021\\\/02\\\/cropped-Radio_Ljubuski_logo1.jpg\",\"width\":512,\"height\":512,\"caption\":\"Radio Ljubu\u0161ki\"},\"image\":{\"@id\":\"https:\\\/\\\/radioljubuski.ba\\\/#\\\/schema\\\/logo\\\/image\\\/\"},\"sameAs\":[\"https:\\\/\\\/www.facebook.com\\\/Radiio-Ljubuski-1490835324566332\",\"https:\\\/\\\/x.com\\\/radioljubuski\",\"https:\\\/\\\/hr.linkedin.com\\\/company\\\/radio-ljubuski\",\"https:\\\/\\\/www.youtube.com\\\/channel\\\/UCHYaeO_n0Db3tjNGudGpXyw\"]},{\"@type\":\"Person\",\"@id\":\"https:\\\/\\\/radioljubuski.ba\\\/#\\\/schema\\\/person\\\/19fc700381a780f69665d7956c469e3b\",\"name\":\"Radio Ljubu\u0161ki\"}]}<\/script>\n<!-- \/ Yoast SEO plugin. -->","yoast_head_json":{"title":"Zovko: Institut za mjeriteljstvo BiH nije bio nadle\u017ean za davanje mi\u0161ljenja o respiratorima, i D\u017eemi\u0107 je upetljan u njihovu nabavku - RADIO LJUBU\u0160KI","robots":{"index":"index","follow":"follow","max-snippet":"max-snippet:-1","max-image-preview":"max-image-preview:large","max-video-preview":"max-video-preview:-1"},"canonical":"https:\/\/radioljubuski.ba\/index.php\/2021\/04\/08\/zovko-institut-za-mjeriteljstvo-bih-nije-bio-nadlezan-za-davanje-misljenja-o-respiratorima-i-dzemic-je-upetljan-u-njihovu-nabavku\/","og_locale":"hr_HR","og_type":"article","og_title":"Zovko: Institut za mjeriteljstvo BiH nije bio nadle\u017ean za davanje mi\u0161ljenja o respiratorima, i D\u017eemi\u0107 je upetljan u njihovu nabavku - RADIO LJUBU\u0160KI","og_description":"Direktor Zavoda za mjeriteljstvo Federacije BiH \u017deljko Zovko, rekao je danas za portal \u201cAvaza\u201d da Institut za mjeriteljstvo BiH na \u010delu sa Zijadom D\u017eemi\u0107em (kadar SDA) uop\u0107e nije bio nadle\u017ean davati mi\u0161ljenja o tome je li 100 respiratora \u201cSrebrene maline\u201d, koje je nabavila Federalna vlada, namijenjeno za lije\u010denje te\u0161kih pacijenata u jedinicama intenzivne njege. Zovko [&hellip;]","og_url":"https:\/\/radioljubuski.ba\/index.php\/2021\/04\/08\/zovko-institut-za-mjeriteljstvo-bih-nije-bio-nadlezan-za-davanje-misljenja-o-respiratorima-i-dzemic-je-upetljan-u-njihovu-nabavku\/","og_site_name":"RADIO LJUBU\u0160KI","article_publisher":"https:\/\/www.facebook.com\/Radiio-Ljubuski-1490835324566332","article_published_time":"2021-04-07T23:32:42+00:00","article_modified_time":"2021-04-07T23:32:43+00:00","og_image":[{"width":738,"height":492,"url":"https:\/\/radioljubuski.ba\/wp-content\/uploads\/2021\/04\/dzemic.jpg","type":"image\/jpeg"}],"author":"Radio Ljubu\u0161ki","twitter_card":"summary_large_image","twitter_creator":"@radioljubuski","twitter_site":"@radioljubuski","twitter_misc":{"Napisao\/la":"Radio Ljubu\u0161ki","Procijenjeno vrijeme \u010ditanja":"2 minute"},"schema":{"@context":"https:\/\/schema.org","@graph":[{"@type":"Article","@id":"https:\/\/radioljubuski.ba\/index.php\/2021\/04\/08\/zovko-institut-za-mjeriteljstvo-bih-nije-bio-nadlezan-za-davanje-misljenja-o-respiratorima-i-dzemic-je-upetljan-u-njihovu-nabavku\/#article","isPartOf":{"@id":"https:\/\/radioljubuski.ba\/index.php\/2021\/04\/08\/zovko-institut-za-mjeriteljstvo-bih-nije-bio-nadlezan-za-davanje-misljenja-o-respiratorima-i-dzemic-je-upetljan-u-njihovu-nabavku\/"},"author":{"name":"Radio Ljubu\u0161ki","@id":"https:\/\/radioljubuski.ba\/#\/schema\/person\/19fc700381a780f69665d7956c469e3b"},"headline":"Zovko: Institut za mjeriteljstvo BiH nije bio nadle\u017ean za davanje mi\u0161ljenja o respiratorima, i D\u017eemi\u0107 je upetljan u njihovu nabavku","datePublished":"2021-04-07T23:32:42+00:00","dateModified":"2021-04-07T23:32:43+00:00","mainEntityOfPage":{"@id":"https:\/\/radioljubuski.ba\/index.php\/2021\/04\/08\/zovko-institut-za-mjeriteljstvo-bih-nije-bio-nadlezan-za-davanje-misljenja-o-respiratorima-i-dzemic-je-upetljan-u-njihovu-nabavku\/"},"wordCount":520,"publisher":{"@id":"https:\/\/radioljubuski.ba\/#organization"},"image":{"@id":"https:\/\/radioljubuski.ba\/index.php\/2021\/04\/08\/zovko-institut-za-mjeriteljstvo-bih-nije-bio-nadlezan-za-davanje-misljenja-o-respiratorima-i-dzemic-je-upetljan-u-njihovu-nabavku\/#primaryimage"},"thumbnailUrl":"https:\/\/radioljubuski.ba\/wp-content\/uploads\/2021\/04\/dzemic.jpg","articleSection":["BIH i regija"],"inLanguage":"hr"},{"@type":"WebPage","@id":"https:\/\/radioljubuski.ba\/index.php\/2021\/04\/08\/zovko-institut-za-mjeriteljstvo-bih-nije-bio-nadlezan-za-davanje-misljenja-o-respiratorima-i-dzemic-je-upetljan-u-njihovu-nabavku\/","url":"https:\/\/radioljubuski.ba\/index.php\/2021\/04\/08\/zovko-institut-za-mjeriteljstvo-bih-nije-bio-nadlezan-za-davanje-misljenja-o-respiratorima-i-dzemic-je-upetljan-u-njihovu-nabavku\/","name":"Zovko: Institut za mjeriteljstvo BiH nije bio nadle\u017ean za davanje mi\u0161ljenja o respiratorima, i D\u017eemi\u0107 je upetljan u njihovu nabavku - RADIO LJUBU\u0160KI","isPartOf":{"@id":"https:\/\/radioljubuski.ba\/#website"},"primaryImageOfPage":{"@id":"https:\/\/radioljubuski.ba\/index.php\/2021\/04\/08\/zovko-institut-za-mjeriteljstvo-bih-nije-bio-nadlezan-za-davanje-misljenja-o-respiratorima-i-dzemic-je-upetljan-u-njihovu-nabavku\/#primaryimage"},"image":{"@id":"https:\/\/radioljubuski.ba\/index.php\/2021\/04\/08\/zovko-institut-za-mjeriteljstvo-bih-nije-bio-nadlezan-za-davanje-misljenja-o-respiratorima-i-dzemic-je-upetljan-u-njihovu-nabavku\/#primaryimage"},"thumbnailUrl":"https:\/\/radioljubuski.ba\/wp-content\/uploads\/2021\/04\/dzemic.jpg","datePublished":"2021-04-07T23:32:42+00:00","dateModified":"2021-04-07T23:32:43+00:00","breadcrumb":{"@id":"https:\/\/radioljubuski.ba\/index.php\/2021\/04\/08\/zovko-institut-za-mjeriteljstvo-bih-nije-bio-nadlezan-za-davanje-misljenja-o-respiratorima-i-dzemic-je-upetljan-u-njihovu-nabavku\/#breadcrumb"},"inLanguage":"hr","potentialAction":[{"@type":"ReadAction","target":["https:\/\/radioljubuski.ba\/index.php\/2021\/04\/08\/zovko-institut-za-mjeriteljstvo-bih-nije-bio-nadlezan-za-davanje-misljenja-o-respiratorima-i-dzemic-je-upetljan-u-njihovu-nabavku\/"]}]},{"@type":"ImageObject","inLanguage":"hr","@id":"https:\/\/radioljubuski.ba\/index.php\/2021\/04\/08\/zovko-institut-za-mjeriteljstvo-bih-nije-bio-nadlezan-za-davanje-misljenja-o-respiratorima-i-dzemic-je-upetljan-u-njihovu-nabavku\/#primaryimage","url":"https:\/\/radioljubuski.ba\/wp-content\/uploads\/2021\/04\/dzemic.jpg","contentUrl":"https:\/\/radioljubuski.ba\/wp-content\/uploads\/2021\/04\/dzemic.jpg","width":738,"height":492},{"@type":"BreadcrumbList","@id":"https:\/\/radioljubuski.ba\/index.php\/2021\/04\/08\/zovko-institut-za-mjeriteljstvo-bih-nije-bio-nadlezan-za-davanje-misljenja-o-respiratorima-i-dzemic-je-upetljan-u-njihovu-nabavku\/#breadcrumb","itemListElement":[{"@type":"ListItem","position":1,"name":"Po\u010detna stranica","item":"https:\/\/radioljubuski.ba\/"},{"@type":"ListItem","position":2,"name":"Zovko: Institut za mjeriteljstvo BiH nije bio nadle\u017ean za davanje mi\u0161ljenja o respiratorima, i D\u017eemi\u0107 je upetljan u njihovu nabavku"}]},{"@type":"WebSite","@id":"https:\/\/radioljubuski.ba\/#website","url":"https:\/\/radioljubuski.ba\/","name":"Radio Ljubu\u0161ki","description":"Sun\u010dana frekvencija Hercegovine","publisher":{"@id":"https:\/\/radioljubuski.ba\/#organization"},"potentialAction":[{"@type":"SearchAction","target":{"@type":"EntryPoint","urlTemplate":"https:\/\/radioljubuski.ba\/?s={search_term_string}"},"query-input":{"@type":"PropertyValueSpecification","valueRequired":true,"valueName":"search_term_string"}}],"inLanguage":"hr"},{"@type":"Organization","@id":"https:\/\/radioljubuski.ba\/#organization","name":"Radio Ljubu\u0161ki","url":"https:\/\/radioljubuski.ba\/","logo":{"@type":"ImageObject","inLanguage":"hr","@id":"https:\/\/radioljubuski.ba\/#\/schema\/logo\/image\/","url":"https:\/\/radioljubuski.ba\/wp-content\/uploads\/2021\/02\/cropped-Radio_Ljubuski_logo1.jpg","contentUrl":"https:\/\/radioljubuski.ba\/wp-content\/uploads\/2021\/02\/cropped-Radio_Ljubuski_logo1.jpg","width":512,"height":512,"caption":"Radio Ljubu\u0161ki"},"image":{"@id":"https:\/\/radioljubuski.ba\/#\/schema\/logo\/image\/"},"sameAs":["https:\/\/www.facebook.com\/Radiio-Ljubuski-1490835324566332","https:\/\/x.com\/radioljubuski","https:\/\/hr.linkedin.com\/company\/radio-ljubuski","https:\/\/www.youtube.com\/channel\/UCHYaeO_n0Db3tjNGudGpXyw"]},{"@type":"Person","@id":"https:\/\/radioljubuski.ba\/#\/schema\/person\/19fc700381a780f69665d7956c469e3b","name":"Radio Ljubu\u0161ki"}]}},"_links":{"self":[{"href":"https:\/\/radioljubuski.ba\/index.php\/wp-json\/wp\/v2\/posts\/10609","targetHints":{"allow":["GET"]}}],"collection":[{"href":"https:\/\/radioljubuski.ba\/index.php\/wp-json\/wp\/v2\/posts"}],"about":[{"href":"https:\/\/radioljubuski.ba\/index.php\/wp-json\/wp\/v2\/types\/post"}],"author":[{"embeddable":true,"href":"https:\/\/radioljubuski.ba\/index.php\/wp-json\/wp\/v2\/users\/2"}],"replies":[{"embeddable":true,"href":"https:\/\/radioljubuski.ba\/index.php\/wp-json\/wp\/v2\/comments?post=10609"}],"version-history":[{"count":1,"href":"https:\/\/radioljubuski.ba\/index.php\/wp-json\/wp\/v2\/posts\/10609\/revisions"}],"predecessor-version":[{"id":10611,"href":"https:\/\/radioljubuski.ba\/index.php\/wp-json\/wp\/v2\/posts\/10609\/revisions\/10611"}],"wp:featuredmedia":[{"embeddable":true,"href":"https:\/\/radioljubuski.ba\/index.php\/wp-json\/wp\/v2\/media\/10610"}],"wp:attachment":[{"href":"https:\/\/radioljubuski.ba\/index.php\/wp-json\/wp\/v2\/media?parent=10609"}],"wp:term":[{"taxonomy":"category","embeddable":true,"href":"https:\/\/radioljubuski.ba\/index.php\/wp-json\/wp\/v2\/categories?post=10609"},{"taxonomy":"post_tag","embeddable":true,"href":"https:\/\/radioljubuski.ba\/index.php\/wp-json\/wp\/v2\/tags?post=10609"}],"curies":[{"name":"wp","href":"https:\/\/api.w.org\/{rel}","templated":true}]}}