{"id":10636,"date":"2021-04-08T00:51:01","date_gmt":"2021-04-07T23:51:01","guid":{"rendered":"https:\/\/radioljubuski.ba\/?p=10636"},"modified":"2021-04-08T00:51:02","modified_gmt":"2021-04-07T23:51:02","slug":"poslodavci-traze-sivace-vozace-varioce-obucare-it-strucnjake-arhitekte","status":"publish","type":"post","link":"https:\/\/radioljubuski.ba\/index.php\/2021\/04\/08\/poslodavci-traze-sivace-vozace-varioce-obucare-it-strucnjake-arhitekte\/","title":{"rendered":"Poslodavci tra\u017ee \u0161iva\u010de, voza\u010de, varioce, obu\u0107are, IT stru\u010dnjake, arhitekte\u2026"},"content":{"rendered":"\n<p>\u0160iva\u010di, konobari, trgovci, kuhari, pekari, obu\u0107ari, mehani\u010dari, bravari, autolakireri, frizeri, pa i knjigovo\u0111e\u2026 zanimanja su koja \u0107e ove godine, ako se situacija ne stabilizira, naj\u010de\u0161\u0107e predstavljati vi\u0161ak jednom dijelu poslodavaca, me\u0111utim, u isto vrijeme drugi dio njih iskazuje potrebu za dodatnim zapo\u0161ljavanjem upravo navedenih kadrova, pi\u0161e Ve\u010dernji list BiH.<\/p>\n\n\n\n<p>&nbsp;Dodatni kadar<\/p>\n\n\n\n<p>Istra\u017eivanje Federalnoga zavoda za zapo\u0161ljavanje 43 posto poslodavaca, koji su sudjelovali u istra\u017eivanju tr\u017ei\u0161ta rada u Federaciji BiH 2020.\/2021. &#8211; analiza potreba i kretanja na tr\u017ei\u0161tu rada, pokazalo je kako \u0107e odre\u0111en broj poslodavaca u ovoj godini imati vi\u0161ak radnika te \u0107e biti primoran na dijeljenje otkaza. Kao razloge za vi\u0161ak radne snage navode smanjenje obujma poslovanja, zatvaranje tvrtki i promjenu u sustavu poslovanja, \u0161to se mo\u017ee pripisati utjecaju pandemije koronavirusa. Unutar spomenutog istra\u017eivanja anketirana su 1232 poslodavca koja zapo\u0161ljavaju 75.100 radnika, a o\u010dekuje se da vi\u0161ak bude 165 radnika. Naime, dio poslodavaca \u0107e, kako bi izbjegao davanje otkaza, u ovoj neizvjesnoj i kriznoj situaciji primjenjivati metode skra\u0107ivanja radnog vremena, prekvalifikacije i dokvalifikacije te premje\u0161tanja. Kada je rije\u010d o samim \u017eupanijama, \u201cnajve\u0107i\u201d vi\u0161ak predstavljat \u0107e 80 \u0161iva\u010da u Bosansko-podrinjskoj \u017eupaniji. U ZH\u017d-u se me\u0111u vi\u0161kom radne snage na\u0161lo troje kozmeti\u010dara, autolakirer, nekoliko konobara, dva bravara, po jedan administrator, kuhar, frizer\u2026, u Srednjobosanskoj \u017eupaniji bez posla bi mogla ostati \u010detiri voza\u010da, ali i dva kroja\u010da. U Posavini se na otkaz trebaju spremiti \u010detiri dizajnera, ali i dva strojarska tehni\u010dara\u2026 Unato\u010d najavama dijeljenja otkaza, poslodavci iskazuju potrebe za zapo\u0161ljavanjem dodatnog kadra. Poslodavci koji su sudjelovali u istra\u017eivanju Federalnog zavoda za zapo\u0161ljavanje tako su naveli kako imaju potrebu u 2021. godini zaposliti 4560 radnika, a najvi\u0161e u Sarajevskoj, Tuzlanskoj i Zeni\u010dko-dobojskoj \u017eupaniji jer ve\u0107ina anketiranih tvrtki na tim prostorima o\u010dekuje rast obujma poslovanja. Prema podacima Federalnoga zavoda za zapo\u0161ljavanje za pro\u0161lu godinu, poslodavci, koji su anketirani, zaposlili su 4076 radnika, ali je dan otkaz 6058 radnika. Od broja radnika koji su ostali bez posla, deset posto ih je oti\u0161lo izvan Bosne i Hercegovine, a deset posto kasnije je vra\u0107eno na posao. Prema iskazanim potrebama poslodavaca u 2021. godini, trgovci \u0107e biti najtra\u017eeniji radnici. Potreba za njima bit \u0107e ne\u0161to izra\u017eenija nego godinu ranije.<\/p>\n\n\n\n<p>&nbsp;Jednostavni poslovi<\/p>\n\n\n\n<p>&#8211; Ovo zanimanje zauzima prvo mjesto, dok su pro\u0161le godine to bili \u0161iva\u010di koji sada zauzimaju drugu poziciju prema broju iskazanih potreba anketiranih poslodavaca &#8211; navodi se u istra\u017eivanju. Iako neki poslodavci najavljuju otkaze, kuhari i konobari jo\u0161 su uvijek me\u0111u najtra\u017eenijim zanimanjima me\u0111u poslodavcima. Tako\u0111er, poslodavci su iskazali veliku potrebu za voza\u010dima, bravarima, mesarima, variocima, tesarima, za\u0161titarima, operaterima u call centru i slasti\u010darima. Zanimljivo je spomenuti kako je iskazana potreba za 240 pomo\u0107nih radnika za jednostavne poslove. Kad je rije\u010d o kadrovima s visokom stru\u010dnom spremom, i dalje su najtra\u017eeniji radnici iz IT sektora. Zatim je iskazana potra\u017enja za arhitektima, in\u017eenjerima elektrotehnike, ekonomistima, strojarskim i gra\u0111evinskim in\u017eenjerima. &#8211; Ve\u0107ina poslodavaca procjenjuje da \u0107e u 2021. imati rast obujma poslovanja, \u0161to upu\u0107uje na njihov optimizam, o\u010dekivanje i nadanje da \u0107e ipak do\u0107i do pobolj\u0161anja poslovnog ambijenta &#8211; istaknula je ravnateljica Federalnog zavoda za zapo\u0161ljavanje Helena Lon\u010dar nakon dobivenih rezultata istra\u017eivanja tr\u017ei\u0161ta rada u FBiH koje je provedeno u sije\u010dnju ove godine. Istra\u017eivanje, u okviru kojeg su anketirana 1232 poslodavca koja imaju pet i vi\u0161e zaposlenih, realizirali su Federalni zavod za zapo\u0161ljavanje i \u017eupanijske slu\u017ebe za zapo\u0161ljavanje uz tehni\u010dku potporu projekta \u201cIstra\u017eivanje tr\u017ei\u0161ta rada\u201d koji financira EU.<\/p>\n\n\n\n<p>Izvor:vecernji.ba<\/p>\n","protected":false},"excerpt":{"rendered":"<p>\u0160iva\u010di, konobari, trgovci, kuhari, pekari, obu\u0107ari, mehani\u010dari, bravari, autolakireri, frizeri, pa i knjigovo\u0111e\u2026 zanimanja su koja \u0107e ove godine, ako se situacija ne stabilizira, naj\u010de\u0161\u0107e predstavljati vi\u0161ak jednom dijelu poslodavaca, me\u0111utim, u isto vrijeme drugi dio njih iskazuje potrebu za dodatnim zapo\u0161ljavanjem upravo navedenih kadrova, pi\u0161e Ve\u010dernji list BiH. &nbsp;Dodatni kadar Istra\u017eivanje Federalnoga zavoda za [&hellip;]<\/p>\n","protected":false},"author":2,"featured_media":10637,"comment_status":"closed","ping_status":"closed","sticky":false,"template":"","format":"standard","meta":{"h5ap_radio_sources":[],"footnotes":""},"categories":[1],"tags":[],"class_list":["post-10636","post","type-post","status-publish","format-standard","has-post-thumbnail","hentry","category-bihiregija"],"yoast_head":"<!-- This site is optimized with the Yoast SEO plugin v27.5 - https:\/\/yoast.com\/product\/yoast-seo-wordpress\/ -->\n<title>Poslodavci tra\u017ee \u0161iva\u010de, voza\u010de, varioce, obu\u0107are, IT stru\u010dnjake, arhitekte\u2026 - RADIO LJUBU\u0160KI<\/title>\n<meta name=\"robots\" content=\"index, follow, max-snippet:-1, max-image-preview:large, max-video-preview:-1\" \/>\n<link rel=\"canonical\" href=\"https:\/\/radioljubuski.ba\/index.php\/2021\/04\/08\/poslodavci-traze-sivace-vozace-varioce-obucare-it-strucnjake-arhitekte\/\" \/>\n<meta property=\"og:locale\" content=\"hr_HR\" \/>\n<meta property=\"og:type\" content=\"article\" \/>\n<meta property=\"og:title\" content=\"Poslodavci tra\u017ee \u0161iva\u010de, voza\u010de, varioce, obu\u0107are, IT stru\u010dnjake, arhitekte\u2026 - RADIO LJUBU\u0160KI\" \/>\n<meta property=\"og:description\" content=\"\u0160iva\u010di, konobari, trgovci, kuhari, pekari, obu\u0107ari, mehani\u010dari, bravari, autolakireri, frizeri, pa i knjigovo\u0111e\u2026 zanimanja su koja \u0107e ove godine, ako se situacija ne stabilizira, naj\u010de\u0161\u0107e predstavljati vi\u0161ak jednom dijelu poslodavaca, me\u0111utim, u isto vrijeme drugi dio njih iskazuje potrebu za dodatnim zapo\u0161ljavanjem upravo navedenih kadrova, pi\u0161e Ve\u010dernji list BiH. &nbsp;Dodatni kadar Istra\u017eivanje Federalnoga zavoda za [&hellip;]\" \/>\n<meta property=\"og:url\" content=\"https:\/\/radioljubuski.ba\/index.php\/2021\/04\/08\/poslodavci-traze-sivace-vozace-varioce-obucare-it-strucnjake-arhitekte\/\" \/>\n<meta property=\"og:site_name\" content=\"RADIO LJUBU\u0160KI\" \/>\n<meta property=\"article:publisher\" content=\"https:\/\/www.facebook.com\/Radiio-Ljubuski-1490835324566332\" \/>\n<meta property=\"article:published_time\" content=\"2021-04-07T23:51:01+00:00\" \/>\n<meta property=\"article:modified_time\" content=\"2021-04-07T23:51:02+00:00\" \/>\n<meta property=\"og:image\" content=\"https:\/\/radioljubuski.ba\/wp-content\/uploads\/2021\/04\/7-2021-04-07-15-41-00-8965896.jpg\" \/>\n\t<meta property=\"og:image:width\" content=\"1000\" \/>\n\t<meta property=\"og:image:height\" content=\"625\" \/>\n\t<meta property=\"og:image:type\" content=\"image\/jpeg\" \/>\n<meta name=\"author\" content=\"Radio Ljubu\u0161ki\" \/>\n<meta name=\"twitter:card\" content=\"summary_large_image\" \/>\n<meta name=\"twitter:creator\" content=\"@radioljubuski\" \/>\n<meta name=\"twitter:site\" content=\"@radioljubuski\" \/>\n<meta name=\"twitter:label1\" content=\"Napisao\/la\" \/>\n\t<meta name=\"twitter:data1\" content=\"Radio Ljubu\u0161ki\" \/>\n\t<meta name=\"twitter:label2\" content=\"Procijenjeno vrijeme \u010ditanja\" \/>\n\t<meta name=\"twitter:data2\" content=\"3 minute\" \/>\n<script type=\"application\/ld+json\" class=\"yoast-schema-graph\">{\"@context\":\"https:\\\/\\\/schema.org\",\"@graph\":[{\"@type\":\"Article\",\"@id\":\"https:\\\/\\\/radioljubuski.ba\\\/index.php\\\/2021\\\/04\\\/08\\\/poslodavci-traze-sivace-vozace-varioce-obucare-it-strucnjake-arhitekte\\\/#article\",\"isPartOf\":{\"@id\":\"https:\\\/\\\/radioljubuski.ba\\\/index.php\\\/2021\\\/04\\\/08\\\/poslodavci-traze-sivace-vozace-varioce-obucare-it-strucnjake-arhitekte\\\/\"},\"author\":{\"name\":\"Radio Ljubu\u0161ki\",\"@id\":\"https:\\\/\\\/radioljubuski.ba\\\/#\\\/schema\\\/person\\\/19fc700381a780f69665d7956c469e3b\"},\"headline\":\"Poslodavci tra\u017ee \u0161iva\u010de, voza\u010de, varioce, obu\u0107are, IT stru\u010dnjake, arhitekte\u2026\",\"datePublished\":\"2021-04-07T23:51:01+00:00\",\"dateModified\":\"2021-04-07T23:51:02+00:00\",\"mainEntityOfPage\":{\"@id\":\"https:\\\/\\\/radioljubuski.ba\\\/index.php\\\/2021\\\/04\\\/08\\\/poslodavci-traze-sivace-vozace-varioce-obucare-it-strucnjake-arhitekte\\\/\"},\"wordCount\":644,\"publisher\":{\"@id\":\"https:\\\/\\\/radioljubuski.ba\\\/#organization\"},\"image\":{\"@id\":\"https:\\\/\\\/radioljubuski.ba\\\/index.php\\\/2021\\\/04\\\/08\\\/poslodavci-traze-sivace-vozace-varioce-obucare-it-strucnjake-arhitekte\\\/#primaryimage\"},\"thumbnailUrl\":\"https:\\\/\\\/radioljubuski.ba\\\/wp-content\\\/uploads\\\/2021\\\/04\\\/7-2021-04-07-15-41-00-8965896.jpg\",\"articleSection\":[\"BIH i regija\"],\"inLanguage\":\"hr\"},{\"@type\":\"WebPage\",\"@id\":\"https:\\\/\\\/radioljubuski.ba\\\/index.php\\\/2021\\\/04\\\/08\\\/poslodavci-traze-sivace-vozace-varioce-obucare-it-strucnjake-arhitekte\\\/\",\"url\":\"https:\\\/\\\/radioljubuski.ba\\\/index.php\\\/2021\\\/04\\\/08\\\/poslodavci-traze-sivace-vozace-varioce-obucare-it-strucnjake-arhitekte\\\/\",\"name\":\"Poslodavci tra\u017ee \u0161iva\u010de, voza\u010de, varioce, obu\u0107are, IT stru\u010dnjake, arhitekte\u2026 - RADIO LJUBU\u0160KI\",\"isPartOf\":{\"@id\":\"https:\\\/\\\/radioljubuski.ba\\\/#website\"},\"primaryImageOfPage\":{\"@id\":\"https:\\\/\\\/radioljubuski.ba\\\/index.php\\\/2021\\\/04\\\/08\\\/poslodavci-traze-sivace-vozace-varioce-obucare-it-strucnjake-arhitekte\\\/#primaryimage\"},\"image\":{\"@id\":\"https:\\\/\\\/radioljubuski.ba\\\/index.php\\\/2021\\\/04\\\/08\\\/poslodavci-traze-sivace-vozace-varioce-obucare-it-strucnjake-arhitekte\\\/#primaryimage\"},\"thumbnailUrl\":\"https:\\\/\\\/radioljubuski.ba\\\/wp-content\\\/uploads\\\/2021\\\/04\\\/7-2021-04-07-15-41-00-8965896.jpg\",\"datePublished\":\"2021-04-07T23:51:01+00:00\",\"dateModified\":\"2021-04-07T23:51:02+00:00\",\"breadcrumb\":{\"@id\":\"https:\\\/\\\/radioljubuski.ba\\\/index.php\\\/2021\\\/04\\\/08\\\/poslodavci-traze-sivace-vozace-varioce-obucare-it-strucnjake-arhitekte\\\/#breadcrumb\"},\"inLanguage\":\"hr\",\"potentialAction\":[{\"@type\":\"ReadAction\",\"target\":[\"https:\\\/\\\/radioljubuski.ba\\\/index.php\\\/2021\\\/04\\\/08\\\/poslodavci-traze-sivace-vozace-varioce-obucare-it-strucnjake-arhitekte\\\/\"]}]},{\"@type\":\"ImageObject\",\"inLanguage\":\"hr\",\"@id\":\"https:\\\/\\\/radioljubuski.ba\\\/index.php\\\/2021\\\/04\\\/08\\\/poslodavci-traze-sivace-vozace-varioce-obucare-it-strucnjake-arhitekte\\\/#primaryimage\",\"url\":\"https:\\\/\\\/radioljubuski.ba\\\/wp-content\\\/uploads\\\/2021\\\/04\\\/7-2021-04-07-15-41-00-8965896.jpg\",\"contentUrl\":\"https:\\\/\\\/radioljubuski.ba\\\/wp-content\\\/uploads\\\/2021\\\/04\\\/7-2021-04-07-15-41-00-8965896.jpg\",\"width\":1000,\"height\":625},{\"@type\":\"BreadcrumbList\",\"@id\":\"https:\\\/\\\/radioljubuski.ba\\\/index.php\\\/2021\\\/04\\\/08\\\/poslodavci-traze-sivace-vozace-varioce-obucare-it-strucnjake-arhitekte\\\/#breadcrumb\",\"itemListElement\":[{\"@type\":\"ListItem\",\"position\":1,\"name\":\"Po\u010detna stranica\",\"item\":\"https:\\\/\\\/radioljubuski.ba\\\/\"},{\"@type\":\"ListItem\",\"position\":2,\"name\":\"Poslodavci tra\u017ee \u0161iva\u010de, voza\u010de, varioce, obu\u0107are, IT stru\u010dnjake, arhitekte\u2026\"}]},{\"@type\":\"WebSite\",\"@id\":\"https:\\\/\\\/radioljubuski.ba\\\/#website\",\"url\":\"https:\\\/\\\/radioljubuski.ba\\\/\",\"name\":\"Radio Ljubu\u0161ki\",\"description\":\"Sun\u010dana frekvencija Hercegovine\",\"publisher\":{\"@id\":\"https:\\\/\\\/radioljubuski.ba\\\/#organization\"},\"potentialAction\":[{\"@type\":\"SearchAction\",\"target\":{\"@type\":\"EntryPoint\",\"urlTemplate\":\"https:\\\/\\\/radioljubuski.ba\\\/?s={search_term_string}\"},\"query-input\":{\"@type\":\"PropertyValueSpecification\",\"valueRequired\":true,\"valueName\":\"search_term_string\"}}],\"inLanguage\":\"hr\"},{\"@type\":\"Organization\",\"@id\":\"https:\\\/\\\/radioljubuski.ba\\\/#organization\",\"name\":\"Radio Ljubu\u0161ki\",\"url\":\"https:\\\/\\\/radioljubuski.ba\\\/\",\"logo\":{\"@type\":\"ImageObject\",\"inLanguage\":\"hr\",\"@id\":\"https:\\\/\\\/radioljubuski.ba\\\/#\\\/schema\\\/logo\\\/image\\\/\",\"url\":\"https:\\\/\\\/radioljubuski.ba\\\/wp-content\\\/uploads\\\/2021\\\/02\\\/cropped-Radio_Ljubuski_logo1.jpg\",\"contentUrl\":\"https:\\\/\\\/radioljubuski.ba\\\/wp-content\\\/uploads\\\/2021\\\/02\\\/cropped-Radio_Ljubuski_logo1.jpg\",\"width\":512,\"height\":512,\"caption\":\"Radio Ljubu\u0161ki\"},\"image\":{\"@id\":\"https:\\\/\\\/radioljubuski.ba\\\/#\\\/schema\\\/logo\\\/image\\\/\"},\"sameAs\":[\"https:\\\/\\\/www.facebook.com\\\/Radiio-Ljubuski-1490835324566332\",\"https:\\\/\\\/x.com\\\/radioljubuski\",\"https:\\\/\\\/hr.linkedin.com\\\/company\\\/radio-ljubuski\",\"https:\\\/\\\/www.youtube.com\\\/channel\\\/UCHYaeO_n0Db3tjNGudGpXyw\"]},{\"@type\":\"Person\",\"@id\":\"https:\\\/\\\/radioljubuski.ba\\\/#\\\/schema\\\/person\\\/19fc700381a780f69665d7956c469e3b\",\"name\":\"Radio Ljubu\u0161ki\"}]}<\/script>\n<!-- \/ Yoast SEO plugin. -->","yoast_head_json":{"title":"Poslodavci tra\u017ee \u0161iva\u010de, voza\u010de, varioce, obu\u0107are, IT stru\u010dnjake, arhitekte\u2026 - RADIO LJUBU\u0160KI","robots":{"index":"index","follow":"follow","max-snippet":"max-snippet:-1","max-image-preview":"max-image-preview:large","max-video-preview":"max-video-preview:-1"},"canonical":"https:\/\/radioljubuski.ba\/index.php\/2021\/04\/08\/poslodavci-traze-sivace-vozace-varioce-obucare-it-strucnjake-arhitekte\/","og_locale":"hr_HR","og_type":"article","og_title":"Poslodavci tra\u017ee \u0161iva\u010de, voza\u010de, varioce, obu\u0107are, IT stru\u010dnjake, arhitekte\u2026 - RADIO LJUBU\u0160KI","og_description":"\u0160iva\u010di, konobari, trgovci, kuhari, pekari, obu\u0107ari, mehani\u010dari, bravari, autolakireri, frizeri, pa i knjigovo\u0111e\u2026 zanimanja su koja \u0107e ove godine, ako se situacija ne stabilizira, naj\u010de\u0161\u0107e predstavljati vi\u0161ak jednom dijelu poslodavaca, me\u0111utim, u isto vrijeme drugi dio njih iskazuje potrebu za dodatnim zapo\u0161ljavanjem upravo navedenih kadrova, pi\u0161e Ve\u010dernji list BiH. &nbsp;Dodatni kadar Istra\u017eivanje Federalnoga zavoda za [&hellip;]","og_url":"https:\/\/radioljubuski.ba\/index.php\/2021\/04\/08\/poslodavci-traze-sivace-vozace-varioce-obucare-it-strucnjake-arhitekte\/","og_site_name":"RADIO LJUBU\u0160KI","article_publisher":"https:\/\/www.facebook.com\/Radiio-Ljubuski-1490835324566332","article_published_time":"2021-04-07T23:51:01+00:00","article_modified_time":"2021-04-07T23:51:02+00:00","og_image":[{"width":1000,"height":625,"url":"https:\/\/radioljubuski.ba\/wp-content\/uploads\/2021\/04\/7-2021-04-07-15-41-00-8965896.jpg","type":"image\/jpeg"}],"author":"Radio Ljubu\u0161ki","twitter_card":"summary_large_image","twitter_creator":"@radioljubuski","twitter_site":"@radioljubuski","twitter_misc":{"Napisao\/la":"Radio Ljubu\u0161ki","Procijenjeno vrijeme \u010ditanja":"3 minute"},"schema":{"@context":"https:\/\/schema.org","@graph":[{"@type":"Article","@id":"https:\/\/radioljubuski.ba\/index.php\/2021\/04\/08\/poslodavci-traze-sivace-vozace-varioce-obucare-it-strucnjake-arhitekte\/#article","isPartOf":{"@id":"https:\/\/radioljubuski.ba\/index.php\/2021\/04\/08\/poslodavci-traze-sivace-vozace-varioce-obucare-it-strucnjake-arhitekte\/"},"author":{"name":"Radio Ljubu\u0161ki","@id":"https:\/\/radioljubuski.ba\/#\/schema\/person\/19fc700381a780f69665d7956c469e3b"},"headline":"Poslodavci tra\u017ee \u0161iva\u010de, voza\u010de, varioce, obu\u0107are, IT stru\u010dnjake, arhitekte\u2026","datePublished":"2021-04-07T23:51:01+00:00","dateModified":"2021-04-07T23:51:02+00:00","mainEntityOfPage":{"@id":"https:\/\/radioljubuski.ba\/index.php\/2021\/04\/08\/poslodavci-traze-sivace-vozace-varioce-obucare-it-strucnjake-arhitekte\/"},"wordCount":644,"publisher":{"@id":"https:\/\/radioljubuski.ba\/#organization"},"image":{"@id":"https:\/\/radioljubuski.ba\/index.php\/2021\/04\/08\/poslodavci-traze-sivace-vozace-varioce-obucare-it-strucnjake-arhitekte\/#primaryimage"},"thumbnailUrl":"https:\/\/radioljubuski.ba\/wp-content\/uploads\/2021\/04\/7-2021-04-07-15-41-00-8965896.jpg","articleSection":["BIH i regija"],"inLanguage":"hr"},{"@type":"WebPage","@id":"https:\/\/radioljubuski.ba\/index.php\/2021\/04\/08\/poslodavci-traze-sivace-vozace-varioce-obucare-it-strucnjake-arhitekte\/","url":"https:\/\/radioljubuski.ba\/index.php\/2021\/04\/08\/poslodavci-traze-sivace-vozace-varioce-obucare-it-strucnjake-arhitekte\/","name":"Poslodavci tra\u017ee \u0161iva\u010de, voza\u010de, varioce, obu\u0107are, IT stru\u010dnjake, arhitekte\u2026 - RADIO LJUBU\u0160KI","isPartOf":{"@id":"https:\/\/radioljubuski.ba\/#website"},"primaryImageOfPage":{"@id":"https:\/\/radioljubuski.ba\/index.php\/2021\/04\/08\/poslodavci-traze-sivace-vozace-varioce-obucare-it-strucnjake-arhitekte\/#primaryimage"},"image":{"@id":"https:\/\/radioljubuski.ba\/index.php\/2021\/04\/08\/poslodavci-traze-sivace-vozace-varioce-obucare-it-strucnjake-arhitekte\/#primaryimage"},"thumbnailUrl":"https:\/\/radioljubuski.ba\/wp-content\/uploads\/2021\/04\/7-2021-04-07-15-41-00-8965896.jpg","datePublished":"2021-04-07T23:51:01+00:00","dateModified":"2021-04-07T23:51:02+00:00","breadcrumb":{"@id":"https:\/\/radioljubuski.ba\/index.php\/2021\/04\/08\/poslodavci-traze-sivace-vozace-varioce-obucare-it-strucnjake-arhitekte\/#breadcrumb"},"inLanguage":"hr","potentialAction":[{"@type":"ReadAction","target":["https:\/\/radioljubuski.ba\/index.php\/2021\/04\/08\/poslodavci-traze-sivace-vozace-varioce-obucare-it-strucnjake-arhitekte\/"]}]},{"@type":"ImageObject","inLanguage":"hr","@id":"https:\/\/radioljubuski.ba\/index.php\/2021\/04\/08\/poslodavci-traze-sivace-vozace-varioce-obucare-it-strucnjake-arhitekte\/#primaryimage","url":"https:\/\/radioljubuski.ba\/wp-content\/uploads\/2021\/04\/7-2021-04-07-15-41-00-8965896.jpg","contentUrl":"https:\/\/radioljubuski.ba\/wp-content\/uploads\/2021\/04\/7-2021-04-07-15-41-00-8965896.jpg","width":1000,"height":625},{"@type":"BreadcrumbList","@id":"https:\/\/radioljubuski.ba\/index.php\/2021\/04\/08\/poslodavci-traze-sivace-vozace-varioce-obucare-it-strucnjake-arhitekte\/#breadcrumb","itemListElement":[{"@type":"ListItem","position":1,"name":"Po\u010detna stranica","item":"https:\/\/radioljubuski.ba\/"},{"@type":"ListItem","position":2,"name":"Poslodavci tra\u017ee \u0161iva\u010de, voza\u010de, varioce, obu\u0107are, IT stru\u010dnjake, arhitekte\u2026"}]},{"@type":"WebSite","@id":"https:\/\/radioljubuski.ba\/#website","url":"https:\/\/radioljubuski.ba\/","name":"Radio Ljubu\u0161ki","description":"Sun\u010dana frekvencija Hercegovine","publisher":{"@id":"https:\/\/radioljubuski.ba\/#organization"},"potentialAction":[{"@type":"SearchAction","target":{"@type":"EntryPoint","urlTemplate":"https:\/\/radioljubuski.ba\/?s={search_term_string}"},"query-input":{"@type":"PropertyValueSpecification","valueRequired":true,"valueName":"search_term_string"}}],"inLanguage":"hr"},{"@type":"Organization","@id":"https:\/\/radioljubuski.ba\/#organization","name":"Radio Ljubu\u0161ki","url":"https:\/\/radioljubuski.ba\/","logo":{"@type":"ImageObject","inLanguage":"hr","@id":"https:\/\/radioljubuski.ba\/#\/schema\/logo\/image\/","url":"https:\/\/radioljubuski.ba\/wp-content\/uploads\/2021\/02\/cropped-Radio_Ljubuski_logo1.jpg","contentUrl":"https:\/\/radioljubuski.ba\/wp-content\/uploads\/2021\/02\/cropped-Radio_Ljubuski_logo1.jpg","width":512,"height":512,"caption":"Radio Ljubu\u0161ki"},"image":{"@id":"https:\/\/radioljubuski.ba\/#\/schema\/logo\/image\/"},"sameAs":["https:\/\/www.facebook.com\/Radiio-Ljubuski-1490835324566332","https:\/\/x.com\/radioljubuski","https:\/\/hr.linkedin.com\/company\/radio-ljubuski","https:\/\/www.youtube.com\/channel\/UCHYaeO_n0Db3tjNGudGpXyw"]},{"@type":"Person","@id":"https:\/\/radioljubuski.ba\/#\/schema\/person\/19fc700381a780f69665d7956c469e3b","name":"Radio Ljubu\u0161ki"}]}},"_links":{"self":[{"href":"https:\/\/radioljubuski.ba\/index.php\/wp-json\/wp\/v2\/posts\/10636","targetHints":{"allow":["GET"]}}],"collection":[{"href":"https:\/\/radioljubuski.ba\/index.php\/wp-json\/wp\/v2\/posts"}],"about":[{"href":"https:\/\/radioljubuski.ba\/index.php\/wp-json\/wp\/v2\/types\/post"}],"author":[{"embeddable":true,"href":"https:\/\/radioljubuski.ba\/index.php\/wp-json\/wp\/v2\/users\/2"}],"replies":[{"embeddable":true,"href":"https:\/\/radioljubuski.ba\/index.php\/wp-json\/wp\/v2\/comments?post=10636"}],"version-history":[{"count":1,"href":"https:\/\/radioljubuski.ba\/index.php\/wp-json\/wp\/v2\/posts\/10636\/revisions"}],"predecessor-version":[{"id":10638,"href":"https:\/\/radioljubuski.ba\/index.php\/wp-json\/wp\/v2\/posts\/10636\/revisions\/10638"}],"wp:featuredmedia":[{"embeddable":true,"href":"https:\/\/radioljubuski.ba\/index.php\/wp-json\/wp\/v2\/media\/10637"}],"wp:attachment":[{"href":"https:\/\/radioljubuski.ba\/index.php\/wp-json\/wp\/v2\/media?parent=10636"}],"wp:term":[{"taxonomy":"category","embeddable":true,"href":"https:\/\/radioljubuski.ba\/index.php\/wp-json\/wp\/v2\/categories?post=10636"},{"taxonomy":"post_tag","embeddable":true,"href":"https:\/\/radioljubuski.ba\/index.php\/wp-json\/wp\/v2\/tags?post=10636"}],"curies":[{"name":"wp","href":"https:\/\/api.w.org\/{rel}","templated":true}]}}