{"id":10685,"date":"2021-04-08T10:20:36","date_gmt":"2021-04-08T09:20:36","guid":{"rendered":"https:\/\/radioljubuski.ba\/?p=10685"},"modified":"2021-04-08T10:20:37","modified_gmt":"2021-04-08T09:20:37","slug":"dinamo-protiv-villarreala-za-povijest","status":"publish","type":"post","link":"https:\/\/radioljubuski.ba\/index.php\/2021\/04\/08\/dinamo-protiv-villarreala-za-povijest\/","title":{"rendered":"Dinamo protiv Villarreala za povijest"},"content":{"rendered":"\n<p>Ve\u010deras se igraju prve utakmice \u010detvrtfinala Europa lige. Dinamo od 21 sat na Maksimiru do\u010dekuje \u0161panjolski Villarreal.&nbsp;<\/p>\n\n\n\n<p>Na ju\u010dera\u0161njoj press konferenciji trener Dinama <strong>Damir Krznar<\/strong> rekao je kako je te\u0161ko za o\u010dekivati da \u0107e u napadu protiv Villarreala istr\u010dati <strong>Mario Gavranovi\u0107<\/strong>, a reprezentativac <strong>Bruno Petkovi\u0107<\/strong> je odradio dva treninga i nije jo\u0161 na sto posto pripremljenosti. Rekao je Krznar kako \u0107e Petkovi\u0107 mo\u017eda zaigrati na 15-20 minuta.<br><br>Kakav Dinamo mo\u017eemo o\u010dekivati?<br><br>&#8211; Dinamo \u0107e, iskreno re\u010deno, biti malo prilago\u0111en stilu igre Villarreala, poku\u0161at \u0107emo im parirati u sredi\u0161njici. Morat \u0107emo paziti na Pareja i Morena koji ulazi u me\u0111uprostor i stvara jako puno nemira najboljim mom\u010dadima na svijetu, pa tako i Barceloni, Realu i Atleticu. Nije to laka zada\u0107a, ali imamo nekakve planove kako parirati. Probat \u0107emo kroz kontinuirani napad i posjed, ugroziti Villarreal, koliko nam budu dopustili. Bit \u0107e nekakvih uloga koje nisu uobi\u010dajene za na\u0161e vezne igra\u010de u fazi obrane, priznao je.<br><br>&#8211; Na\u0161a strategija je suziti prostor u zadnjoj tre\u0107ini, tu ne smijemo dati prostora Morenu. Tu je i Bacca, Mano i mi o\u010dekujemo taj &#8220;rat &#8220;u sredini terena, tko bolje odgovori, tko se bolje sna\u0111e u tome, taj ima \u0161anse za uspjeh, rekao je Krznar.<br><br>Dinamo se ve\u0107 susreo s Villarrealom u sezoni 2010\/2011. u Europskoj ligi u skupini D. Modri su na Maksimiru slavili s 2:0, golovima<strong> Ante Rukavine<\/strong> i<strong> Sammira<\/strong>, na klupi je sjedio <strong>Vahid Halilhod\u017ei\u0107<\/strong>, dok je u \u0160panjolskoj doma\u0107in slavio uvjerljivo s 3:0. Strijelci su bili <strong>Giuseppe Rossi<\/strong> (25, 80) i <strong>Marco Ruben<\/strong> (62).<br><br>Villarreal je mom\u010dad koja &#8220;te\u017ei&#8221; na tr\u017ei\u0161tu 246, 7 milijuna eura. U Primeri se trenutno nalazi na sedmom mjestu s 46 bodova, 20 boda manje od vode\u0107eg Atletica. Vodi je prekaljeni 49-godi\u0161nji trener <strong>Unai Emery<\/strong>, koji ima iskustva u kup natjecanjima, pogotovo Europskoj ligi gdje je sa Sevillom triput osvajao trofej u sezonama 2013\/14., 2014\/15., 2015\/2016. Najskuplji na tr\u017ei\u0161tu u mom\u010dadi su brani\u010d <strong>Pau Torres<\/strong> s 50 milijuna eura i <strong>Gerard Moreno<\/strong> koji vrijedi 30 milijuna eura. Upravo je Gerard Moreno najbolji strijelac mom\u010dadi s 15 postignutih golova.<br><br>Villarreal je grupnu fazu zavr\u0161io kao prvi sa 16 bodova u Skupini I. Upisao je pet pobjeda iz \u0161est susreta u skupini s Maccabi Tel-Avivom, Sivassporom i Qarabagom. U nokaut fazi izbacio je Red Bull Salzburg s ukupnih 4:1 i ju\u010der Dinamo Kijev s ukupnih 4:0.<\/p>\n\n\n\n<p>Izvor:hrt.hr<\/p>\n","protected":false},"excerpt":{"rendered":"<p>Ve\u010deras se igraju prve utakmice \u010detvrtfinala Europa lige. Dinamo od 21 sat na Maksimiru do\u010dekuje \u0161panjolski Villarreal.&nbsp; Na ju\u010dera\u0161njoj press konferenciji trener Dinama Damir Krznar rekao je kako je te\u0161ko za o\u010dekivati da \u0107e u napadu protiv Villarreala istr\u010dati Mario Gavranovi\u0107, a reprezentativac Bruno Petkovi\u0107 je odradio dva treninga i nije jo\u0161 na sto posto [&hellip;]<\/p>\n","protected":false},"author":2,"featured_media":10686,"comment_status":"closed","ping_status":"closed","sticky":false,"template":"","format":"standard","meta":{"h5ap_radio_sources":[],"footnotes":""},"categories":[1],"tags":[],"class_list":["post-10685","post","type-post","status-publish","format-standard","has-post-thumbnail","hentry","category-bihiregija"],"yoast_head":"<!-- This site is optimized with the Yoast SEO plugin v27.5 - https:\/\/yoast.com\/product\/yoast-seo-wordpress\/ -->\n<title>Dinamo protiv Villarreala za povijest - RADIO LJUBU\u0160KI<\/title>\n<meta name=\"robots\" content=\"index, follow, max-snippet:-1, max-image-preview:large, max-video-preview:-1\" \/>\n<link rel=\"canonical\" href=\"https:\/\/radioljubuski.ba\/index.php\/2021\/04\/08\/dinamo-protiv-villarreala-za-povijest\/\" \/>\n<meta property=\"og:locale\" content=\"hr_HR\" \/>\n<meta property=\"og:type\" content=\"article\" \/>\n<meta property=\"og:title\" content=\"Dinamo protiv Villarreala za povijest - RADIO LJUBU\u0160KI\" \/>\n<meta property=\"og:description\" content=\"Ve\u010deras se igraju prve utakmice \u010detvrtfinala Europa lige. Dinamo od 21 sat na Maksimiru do\u010dekuje \u0161panjolski Villarreal.&nbsp; Na ju\u010dera\u0161njoj press konferenciji trener Dinama Damir Krznar rekao je kako je te\u0161ko za o\u010dekivati da \u0107e u napadu protiv Villarreala istr\u010dati Mario Gavranovi\u0107, a reprezentativac Bruno Petkovi\u0107 je odradio dva treninga i nije jo\u0161 na sto posto [&hellip;]\" \/>\n<meta property=\"og:url\" content=\"https:\/\/radioljubuski.ba\/index.php\/2021\/04\/08\/dinamo-protiv-villarreala-za-povijest\/\" \/>\n<meta property=\"og:site_name\" content=\"RADIO LJUBU\u0160KI\" \/>\n<meta property=\"article:publisher\" content=\"https:\/\/www.facebook.com\/Radiio-Ljubuski-1490835324566332\" \/>\n<meta property=\"article:published_time\" content=\"2021-04-08T09:20:36+00:00\" \/>\n<meta property=\"article:modified_time\" content=\"2021-04-08T09:20:37+00:00\" \/>\n<meta property=\"og:image\" content=\"https:\/\/radioljubuski.ba\/wp-content\/uploads\/2021\/04\/44-9.png\" \/>\n\t<meta property=\"og:image:width\" content=\"648\" \/>\n\t<meta property=\"og:image:height\" content=\"363\" \/>\n\t<meta property=\"og:image:type\" content=\"image\/png\" \/>\n<meta name=\"author\" content=\"Radio Ljubu\u0161ki\" \/>\n<meta name=\"twitter:card\" content=\"summary_large_image\" \/>\n<meta name=\"twitter:creator\" content=\"@radioljubuski\" \/>\n<meta name=\"twitter:site\" content=\"@radioljubuski\" \/>\n<meta name=\"twitter:label1\" content=\"Napisao\/la\" \/>\n\t<meta name=\"twitter:data1\" content=\"Radio Ljubu\u0161ki\" \/>\n\t<meta name=\"twitter:label2\" content=\"Procijenjeno vrijeme \u010ditanja\" \/>\n\t<meta name=\"twitter:data2\" content=\"2 minute\" \/>\n<script type=\"application\/ld+json\" class=\"yoast-schema-graph\">{\"@context\":\"https:\\\/\\\/schema.org\",\"@graph\":[{\"@type\":\"Article\",\"@id\":\"https:\\\/\\\/radioljubuski.ba\\\/index.php\\\/2021\\\/04\\\/08\\\/dinamo-protiv-villarreala-za-povijest\\\/#article\",\"isPartOf\":{\"@id\":\"https:\\\/\\\/radioljubuski.ba\\\/index.php\\\/2021\\\/04\\\/08\\\/dinamo-protiv-villarreala-za-povijest\\\/\"},\"author\":{\"name\":\"Radio Ljubu\u0161ki\",\"@id\":\"https:\\\/\\\/radioljubuski.ba\\\/#\\\/schema\\\/person\\\/19fc700381a780f69665d7956c469e3b\"},\"headline\":\"Dinamo protiv Villarreala za povijest\",\"datePublished\":\"2021-04-08T09:20:36+00:00\",\"dateModified\":\"2021-04-08T09:20:37+00:00\",\"mainEntityOfPage\":{\"@id\":\"https:\\\/\\\/radioljubuski.ba\\\/index.php\\\/2021\\\/04\\\/08\\\/dinamo-protiv-villarreala-za-povijest\\\/\"},\"wordCount\":413,\"publisher\":{\"@id\":\"https:\\\/\\\/radioljubuski.ba\\\/#organization\"},\"image\":{\"@id\":\"https:\\\/\\\/radioljubuski.ba\\\/index.php\\\/2021\\\/04\\\/08\\\/dinamo-protiv-villarreala-za-povijest\\\/#primaryimage\"},\"thumbnailUrl\":\"https:\\\/\\\/radioljubuski.ba\\\/wp-content\\\/uploads\\\/2021\\\/04\\\/44-9.png\",\"articleSection\":[\"BIH i regija\"],\"inLanguage\":\"hr\"},{\"@type\":\"WebPage\",\"@id\":\"https:\\\/\\\/radioljubuski.ba\\\/index.php\\\/2021\\\/04\\\/08\\\/dinamo-protiv-villarreala-za-povijest\\\/\",\"url\":\"https:\\\/\\\/radioljubuski.ba\\\/index.php\\\/2021\\\/04\\\/08\\\/dinamo-protiv-villarreala-za-povijest\\\/\",\"name\":\"Dinamo protiv Villarreala za povijest - RADIO LJUBU\u0160KI\",\"isPartOf\":{\"@id\":\"https:\\\/\\\/radioljubuski.ba\\\/#website\"},\"primaryImageOfPage\":{\"@id\":\"https:\\\/\\\/radioljubuski.ba\\\/index.php\\\/2021\\\/04\\\/08\\\/dinamo-protiv-villarreala-za-povijest\\\/#primaryimage\"},\"image\":{\"@id\":\"https:\\\/\\\/radioljubuski.ba\\\/index.php\\\/2021\\\/04\\\/08\\\/dinamo-protiv-villarreala-za-povijest\\\/#primaryimage\"},\"thumbnailUrl\":\"https:\\\/\\\/radioljubuski.ba\\\/wp-content\\\/uploads\\\/2021\\\/04\\\/44-9.png\",\"datePublished\":\"2021-04-08T09:20:36+00:00\",\"dateModified\":\"2021-04-08T09:20:37+00:00\",\"breadcrumb\":{\"@id\":\"https:\\\/\\\/radioljubuski.ba\\\/index.php\\\/2021\\\/04\\\/08\\\/dinamo-protiv-villarreala-za-povijest\\\/#breadcrumb\"},\"inLanguage\":\"hr\",\"potentialAction\":[{\"@type\":\"ReadAction\",\"target\":[\"https:\\\/\\\/radioljubuski.ba\\\/index.php\\\/2021\\\/04\\\/08\\\/dinamo-protiv-villarreala-za-povijest\\\/\"]}]},{\"@type\":\"ImageObject\",\"inLanguage\":\"hr\",\"@id\":\"https:\\\/\\\/radioljubuski.ba\\\/index.php\\\/2021\\\/04\\\/08\\\/dinamo-protiv-villarreala-za-povijest\\\/#primaryimage\",\"url\":\"https:\\\/\\\/radioljubuski.ba\\\/wp-content\\\/uploads\\\/2021\\\/04\\\/44-9.png\",\"contentUrl\":\"https:\\\/\\\/radioljubuski.ba\\\/wp-content\\\/uploads\\\/2021\\\/04\\\/44-9.png\",\"width\":648,\"height\":363},{\"@type\":\"BreadcrumbList\",\"@id\":\"https:\\\/\\\/radioljubuski.ba\\\/index.php\\\/2021\\\/04\\\/08\\\/dinamo-protiv-villarreala-za-povijest\\\/#breadcrumb\",\"itemListElement\":[{\"@type\":\"ListItem\",\"position\":1,\"name\":\"Po\u010detna stranica\",\"item\":\"https:\\\/\\\/radioljubuski.ba\\\/\"},{\"@type\":\"ListItem\",\"position\":2,\"name\":\"Dinamo protiv Villarreala za povijest\"}]},{\"@type\":\"WebSite\",\"@id\":\"https:\\\/\\\/radioljubuski.ba\\\/#website\",\"url\":\"https:\\\/\\\/radioljubuski.ba\\\/\",\"name\":\"Radio Ljubu\u0161ki\",\"description\":\"Sun\u010dana frekvencija Hercegovine\",\"publisher\":{\"@id\":\"https:\\\/\\\/radioljubuski.ba\\\/#organization\"},\"potentialAction\":[{\"@type\":\"SearchAction\",\"target\":{\"@type\":\"EntryPoint\",\"urlTemplate\":\"https:\\\/\\\/radioljubuski.ba\\\/?s={search_term_string}\"},\"query-input\":{\"@type\":\"PropertyValueSpecification\",\"valueRequired\":true,\"valueName\":\"search_term_string\"}}],\"inLanguage\":\"hr\"},{\"@type\":\"Organization\",\"@id\":\"https:\\\/\\\/radioljubuski.ba\\\/#organization\",\"name\":\"Radio Ljubu\u0161ki\",\"url\":\"https:\\\/\\\/radioljubuski.ba\\\/\",\"logo\":{\"@type\":\"ImageObject\",\"inLanguage\":\"hr\",\"@id\":\"https:\\\/\\\/radioljubuski.ba\\\/#\\\/schema\\\/logo\\\/image\\\/\",\"url\":\"https:\\\/\\\/radioljubuski.ba\\\/wp-content\\\/uploads\\\/2021\\\/02\\\/cropped-Radio_Ljubuski_logo1.jpg\",\"contentUrl\":\"https:\\\/\\\/radioljubuski.ba\\\/wp-content\\\/uploads\\\/2021\\\/02\\\/cropped-Radio_Ljubuski_logo1.jpg\",\"width\":512,\"height\":512,\"caption\":\"Radio Ljubu\u0161ki\"},\"image\":{\"@id\":\"https:\\\/\\\/radioljubuski.ba\\\/#\\\/schema\\\/logo\\\/image\\\/\"},\"sameAs\":[\"https:\\\/\\\/www.facebook.com\\\/Radiio-Ljubuski-1490835324566332\",\"https:\\\/\\\/x.com\\\/radioljubuski\",\"https:\\\/\\\/hr.linkedin.com\\\/company\\\/radio-ljubuski\",\"https:\\\/\\\/www.youtube.com\\\/channel\\\/UCHYaeO_n0Db3tjNGudGpXyw\"]},{\"@type\":\"Person\",\"@id\":\"https:\\\/\\\/radioljubuski.ba\\\/#\\\/schema\\\/person\\\/19fc700381a780f69665d7956c469e3b\",\"name\":\"Radio Ljubu\u0161ki\"}]}<\/script>\n<!-- \/ Yoast SEO plugin. -->","yoast_head_json":{"title":"Dinamo protiv Villarreala za povijest - RADIO LJUBU\u0160KI","robots":{"index":"index","follow":"follow","max-snippet":"max-snippet:-1","max-image-preview":"max-image-preview:large","max-video-preview":"max-video-preview:-1"},"canonical":"https:\/\/radioljubuski.ba\/index.php\/2021\/04\/08\/dinamo-protiv-villarreala-za-povijest\/","og_locale":"hr_HR","og_type":"article","og_title":"Dinamo protiv Villarreala za povijest - RADIO LJUBU\u0160KI","og_description":"Ve\u010deras se igraju prve utakmice \u010detvrtfinala Europa lige. Dinamo od 21 sat na Maksimiru do\u010dekuje \u0161panjolski Villarreal.&nbsp; Na ju\u010dera\u0161njoj press konferenciji trener Dinama Damir Krznar rekao je kako je te\u0161ko za o\u010dekivati da \u0107e u napadu protiv Villarreala istr\u010dati Mario Gavranovi\u0107, a reprezentativac Bruno Petkovi\u0107 je odradio dva treninga i nije jo\u0161 na sto posto [&hellip;]","og_url":"https:\/\/radioljubuski.ba\/index.php\/2021\/04\/08\/dinamo-protiv-villarreala-za-povijest\/","og_site_name":"RADIO LJUBU\u0160KI","article_publisher":"https:\/\/www.facebook.com\/Radiio-Ljubuski-1490835324566332","article_published_time":"2021-04-08T09:20:36+00:00","article_modified_time":"2021-04-08T09:20:37+00:00","og_image":[{"width":648,"height":363,"url":"https:\/\/radioljubuski.ba\/wp-content\/uploads\/2021\/04\/44-9.png","type":"image\/png"}],"author":"Radio Ljubu\u0161ki","twitter_card":"summary_large_image","twitter_creator":"@radioljubuski","twitter_site":"@radioljubuski","twitter_misc":{"Napisao\/la":"Radio Ljubu\u0161ki","Procijenjeno vrijeme \u010ditanja":"2 minute"},"schema":{"@context":"https:\/\/schema.org","@graph":[{"@type":"Article","@id":"https:\/\/radioljubuski.ba\/index.php\/2021\/04\/08\/dinamo-protiv-villarreala-za-povijest\/#article","isPartOf":{"@id":"https:\/\/radioljubuski.ba\/index.php\/2021\/04\/08\/dinamo-protiv-villarreala-za-povijest\/"},"author":{"name":"Radio Ljubu\u0161ki","@id":"https:\/\/radioljubuski.ba\/#\/schema\/person\/19fc700381a780f69665d7956c469e3b"},"headline":"Dinamo protiv Villarreala za povijest","datePublished":"2021-04-08T09:20:36+00:00","dateModified":"2021-04-08T09:20:37+00:00","mainEntityOfPage":{"@id":"https:\/\/radioljubuski.ba\/index.php\/2021\/04\/08\/dinamo-protiv-villarreala-za-povijest\/"},"wordCount":413,"publisher":{"@id":"https:\/\/radioljubuski.ba\/#organization"},"image":{"@id":"https:\/\/radioljubuski.ba\/index.php\/2021\/04\/08\/dinamo-protiv-villarreala-za-povijest\/#primaryimage"},"thumbnailUrl":"https:\/\/radioljubuski.ba\/wp-content\/uploads\/2021\/04\/44-9.png","articleSection":["BIH i regija"],"inLanguage":"hr"},{"@type":"WebPage","@id":"https:\/\/radioljubuski.ba\/index.php\/2021\/04\/08\/dinamo-protiv-villarreala-za-povijest\/","url":"https:\/\/radioljubuski.ba\/index.php\/2021\/04\/08\/dinamo-protiv-villarreala-za-povijest\/","name":"Dinamo protiv Villarreala za povijest - RADIO LJUBU\u0160KI","isPartOf":{"@id":"https:\/\/radioljubuski.ba\/#website"},"primaryImageOfPage":{"@id":"https:\/\/radioljubuski.ba\/index.php\/2021\/04\/08\/dinamo-protiv-villarreala-za-povijest\/#primaryimage"},"image":{"@id":"https:\/\/radioljubuski.ba\/index.php\/2021\/04\/08\/dinamo-protiv-villarreala-za-povijest\/#primaryimage"},"thumbnailUrl":"https:\/\/radioljubuski.ba\/wp-content\/uploads\/2021\/04\/44-9.png","datePublished":"2021-04-08T09:20:36+00:00","dateModified":"2021-04-08T09:20:37+00:00","breadcrumb":{"@id":"https:\/\/radioljubuski.ba\/index.php\/2021\/04\/08\/dinamo-protiv-villarreala-za-povijest\/#breadcrumb"},"inLanguage":"hr","potentialAction":[{"@type":"ReadAction","target":["https:\/\/radioljubuski.ba\/index.php\/2021\/04\/08\/dinamo-protiv-villarreala-za-povijest\/"]}]},{"@type":"ImageObject","inLanguage":"hr","@id":"https:\/\/radioljubuski.ba\/index.php\/2021\/04\/08\/dinamo-protiv-villarreala-za-povijest\/#primaryimage","url":"https:\/\/radioljubuski.ba\/wp-content\/uploads\/2021\/04\/44-9.png","contentUrl":"https:\/\/radioljubuski.ba\/wp-content\/uploads\/2021\/04\/44-9.png","width":648,"height":363},{"@type":"BreadcrumbList","@id":"https:\/\/radioljubuski.ba\/index.php\/2021\/04\/08\/dinamo-protiv-villarreala-za-povijest\/#breadcrumb","itemListElement":[{"@type":"ListItem","position":1,"name":"Po\u010detna stranica","item":"https:\/\/radioljubuski.ba\/"},{"@type":"ListItem","position":2,"name":"Dinamo protiv Villarreala za povijest"}]},{"@type":"WebSite","@id":"https:\/\/radioljubuski.ba\/#website","url":"https:\/\/radioljubuski.ba\/","name":"Radio Ljubu\u0161ki","description":"Sun\u010dana frekvencija Hercegovine","publisher":{"@id":"https:\/\/radioljubuski.ba\/#organization"},"potentialAction":[{"@type":"SearchAction","target":{"@type":"EntryPoint","urlTemplate":"https:\/\/radioljubuski.ba\/?s={search_term_string}"},"query-input":{"@type":"PropertyValueSpecification","valueRequired":true,"valueName":"search_term_string"}}],"inLanguage":"hr"},{"@type":"Organization","@id":"https:\/\/radioljubuski.ba\/#organization","name":"Radio Ljubu\u0161ki","url":"https:\/\/radioljubuski.ba\/","logo":{"@type":"ImageObject","inLanguage":"hr","@id":"https:\/\/radioljubuski.ba\/#\/schema\/logo\/image\/","url":"https:\/\/radioljubuski.ba\/wp-content\/uploads\/2021\/02\/cropped-Radio_Ljubuski_logo1.jpg","contentUrl":"https:\/\/radioljubuski.ba\/wp-content\/uploads\/2021\/02\/cropped-Radio_Ljubuski_logo1.jpg","width":512,"height":512,"caption":"Radio Ljubu\u0161ki"},"image":{"@id":"https:\/\/radioljubuski.ba\/#\/schema\/logo\/image\/"},"sameAs":["https:\/\/www.facebook.com\/Radiio-Ljubuski-1490835324566332","https:\/\/x.com\/radioljubuski","https:\/\/hr.linkedin.com\/company\/radio-ljubuski","https:\/\/www.youtube.com\/channel\/UCHYaeO_n0Db3tjNGudGpXyw"]},{"@type":"Person","@id":"https:\/\/radioljubuski.ba\/#\/schema\/person\/19fc700381a780f69665d7956c469e3b","name":"Radio Ljubu\u0161ki"}]}},"_links":{"self":[{"href":"https:\/\/radioljubuski.ba\/index.php\/wp-json\/wp\/v2\/posts\/10685","targetHints":{"allow":["GET"]}}],"collection":[{"href":"https:\/\/radioljubuski.ba\/index.php\/wp-json\/wp\/v2\/posts"}],"about":[{"href":"https:\/\/radioljubuski.ba\/index.php\/wp-json\/wp\/v2\/types\/post"}],"author":[{"embeddable":true,"href":"https:\/\/radioljubuski.ba\/index.php\/wp-json\/wp\/v2\/users\/2"}],"replies":[{"embeddable":true,"href":"https:\/\/radioljubuski.ba\/index.php\/wp-json\/wp\/v2\/comments?post=10685"}],"version-history":[{"count":1,"href":"https:\/\/radioljubuski.ba\/index.php\/wp-json\/wp\/v2\/posts\/10685\/revisions"}],"predecessor-version":[{"id":10687,"href":"https:\/\/radioljubuski.ba\/index.php\/wp-json\/wp\/v2\/posts\/10685\/revisions\/10687"}],"wp:featuredmedia":[{"embeddable":true,"href":"https:\/\/radioljubuski.ba\/index.php\/wp-json\/wp\/v2\/media\/10686"}],"wp:attachment":[{"href":"https:\/\/radioljubuski.ba\/index.php\/wp-json\/wp\/v2\/media?parent=10685"}],"wp:term":[{"taxonomy":"category","embeddable":true,"href":"https:\/\/radioljubuski.ba\/index.php\/wp-json\/wp\/v2\/categories?post=10685"},{"taxonomy":"post_tag","embeddable":true,"href":"https:\/\/radioljubuski.ba\/index.php\/wp-json\/wp\/v2\/tags?post=10685"}],"curies":[{"name":"wp","href":"https:\/\/api.w.org\/{rel}","templated":true}]}}