{"id":10688,"date":"2021-04-08T10:22:21","date_gmt":"2021-04-08T09:22:21","guid":{"rendered":"https:\/\/radioljubuski.ba\/?p=10688"},"modified":"2021-04-08T10:22:22","modified_gmt":"2021-04-08T09:22:22","slug":"vahid-halilhodzic-dinamo-ima-sanse-protiv-villarreala","status":"publish","type":"post","link":"https:\/\/radioljubuski.ba\/index.php\/2021\/04\/08\/vahid-halilhodzic-dinamo-ima-sanse-protiv-villarreala\/","title":{"rendered":"Vahid Halilhod\u017ei\u0107: Dinamo ima \u0161anse protiv Villarreala"},"content":{"rendered":"\n<p>Stjepan Balog, sportski komentator HRT-a i Vahid Halilhod\u017ei\u0107, izbornik Maroka, gostovali su u emisiji HTV-a Dobro jutro, Hrvatska i govorili o ve\u010dera\u0161njoj utakmici Dinama i Villarreala u \u010detvrtfinalu Europa lige.<\/p>\n\n\n\n<p><strong>Stjepan Balog<\/strong> je rekao kako nakon Tottenhama ni\u0161ta nije nemogu\u0107e i Dinamo ima pravo na svoj san.<br><br>&#8211; I protiv Villarreala, \u010dvrste \u0161panjolske mom\u010dadi koja igra malo druga\u010diji nogomet od Tottenhama. Ljudski je sanajti o jo\u0161 jednom prolasku dalje. Prije ove sezone nitko nije mogao ni ra\u010dunati da bi se Dinamo mogao na\u0107i u \u010detvrtfinalu Europske lige, to je bio nedosanjani san mnogih generacija pa i one odli\u010dne koju je vodio <strong>Vahid Halilhod\u017ei\u0107<\/strong>. Tada je malo nedostajalo da se pro\u0111e skupina. Bila je sjajna pobjeda upravo protiv Villarreala u Zagrebu. Tada je gol zabio <strong>Ante Rukavina<\/strong>, pomalo zaboravljeni nogometa\u0161, a drugi gol je zabio<strong> Sammir<\/strong>. To je mo\u017eda recept kako bi se danas trebalo igrati. \u010cvrsto otraga, kako je tada Vaha postavio. I onda brzi igra\u010d, kao \u0161to je tada bio Rukavina, a sada je Or\u0161i\u0107, rekao je.<br><strong><br>Problemi u napadu<br><\/strong><br>Istaknuo je kako Dinamo ima probleme u napada\u010dkoj liniji.<br><br>&#8211; Jasno je da <strong>Mario Gavranovi\u0107<\/strong> ne\u0107e igrati, upitan je i <strong>Bruno Petkovi\u0107<\/strong>. On bi i htio igrati, ali treba vidjeti treba li staviti igra\u010da koji nije sto posto spreman u ovakvu utakmicu. Nedostaje jedan &#8220;killer&#8221;.<br><strong><br>Vahid Halilhod\u017ei\u0107 <\/strong>je vodio Dinamo s klupe protiv Villarreala prije 11 godina u pobjedi od 2:0 na Maksimiru.<br><br>&#8211; Ne poznajem dovoljno Dinamo, posebno Villarreal da bih neke pojedinosti takti\u010dke davao. Vjerojatno stru\u010dni sto\u017eer Dinama radi na tome. Za takvu utakmicu treba pripremiti svaki detalj. Obrambeno i napada\u010dki. Villarreal je tipi\u010dan primjer \u0161panjolskog nogometa. Igraju brzi tehni\u010dki nogomet, od noge do noge s puno izmjena i dodavanja po zemlji. Dinamo tu treba \u0161to se ti\u010de obrambene linije postaviti dobru organizaciju. Dinamo se ne smije nisko braniti jer je Villarreala tu vrlo snala\u017eljiv u kombinatorici. Villarreal ima dva odli\u010dna napada\u010da, rekao je.<br><br>Naglasio je kako je vrlo va\u017eno da svi igra\u010di Dinama sudjeluju obrambeno u rekuperaciji lopte i da su u uskom bloku u \u0161irini i dubini.<br><br>&#8211; Kad je Dinamo u posjedu lopte, treba i\u0107i \u0161to br\u017ee i jednostavnije prema protivni\u010dkom golu. Treba imati realnosti i sre\u0107e. Najva\u017enije u svemu tome je psiholo\u0161ka priprema i motivacija. Vrlo je va\u017eno da po\u010detak utakmice bude dobar i anga\u017eiran i mora biti prisutna koncentracija, rekao je.<br><strong><br>&#8220;Vjera u prolaz&#8221;<br><\/strong><br>Halilhod\u017ei\u0107 smatra kako je mom\u010dad Dinama nagomilala pozitivnog iskustva i pobjeda protiv Tottenhama je samo podstrijeh za daljnje pobjede.<br><br>&#8211; Dinamo ima \u0161anse protiv Villarreala. Treba samo vjerovati u prolaz. U moje vrijeme je bio veliki strah kad sam rekao da se pripremamo pobijediti Villarreal, mnogi mi nisu vjerovali. Mora\u0161 odigrati dobru utakmicu i vjerovati. Mora se imati i sre\u0107e kao \u0161to je imao Dinamo protiv Tottenhama u zadnje dvije-tri minute. Sre\u0107u treba zaslu\u017eiti, rekao je.<br><br>Balog je rekao kako je prije bio slu\u010daj da na press konferencijama uo\u010di utakmica, Dinamovi protivnici uglavnom govore o sebi.<br><br>&#8211; Sada se doga\u0111a da te press konferencije prolaze u komplementiranju Dinama i uva\u017eava se kao jaka europska mom\u010dad. Nije to vi\u0161e klub koji je iznenadio, nego je realnost. To je dokaz koliko je Dinamo stekao ugled u Europi. \u0160teta je da u ovakvoj Dinamovoj fantasti\u010dnoj sezoni nema gledatelja, rekao je.<br><strong><br>Halilhod\u017ei\u0107: Dinamo ima kvalitetu i iskustvo da napravi jo\u0161 jedan podvig<br><\/strong><br>Vahid Halilhod\u017ei\u0107 je istaknuo kako je u Dinamu proveo divan period \u017eivota.<br><br>&#8211; Imali smo uspje\u0161an period. Ostao sam navija\u010d Dinama i pratim sve \u0161to se doga\u0111a. \u010cesto se telefonom \u010dujem s ljudima u klubu. Dinamo ima kvalitetu i iskustvo da napravi ve\u010deras jo\u0161 jedan podvig i u\u0111e u povijest \u0161to \u0107e biti lijep doprinos za hrvatski nogomet koji je zadnjih godina napravio fantasti\u010dne rezultate, rekao je.<\/p>\n\n\n\n<p>Izvor:hrt.hr<\/p>\n","protected":false},"excerpt":{"rendered":"<p>Stjepan Balog, sportski komentator HRT-a i Vahid Halilhod\u017ei\u0107, izbornik Maroka, gostovali su u emisiji HTV-a Dobro jutro, Hrvatska i govorili o ve\u010dera\u0161njoj utakmici Dinama i Villarreala u \u010detvrtfinalu Europa lige. Stjepan Balog je rekao kako nakon Tottenhama ni\u0161ta nije nemogu\u0107e i Dinamo ima pravo na svoj san. &#8211; I protiv Villarreala, \u010dvrste \u0161panjolske mom\u010dadi koja [&hellip;]<\/p>\n","protected":false},"author":2,"featured_media":10689,"comment_status":"closed","ping_status":"closed","sticky":false,"template":"","format":"standard","meta":{"h5ap_radio_sources":[],"footnotes":""},"categories":[1],"tags":[],"class_list":["post-10688","post","type-post","status-publish","format-standard","has-post-thumbnail","hentry","category-bihiregija"],"yoast_head":"<!-- This site is optimized with the Yoast SEO plugin v27.5 - https:\/\/yoast.com\/product\/yoast-seo-wordpress\/ -->\n<title>Vahid Halilhod\u017ei\u0107: Dinamo ima \u0161anse protiv Villarreala - RADIO LJUBU\u0160KI<\/title>\n<meta name=\"robots\" content=\"index, follow, max-snippet:-1, max-image-preview:large, max-video-preview:-1\" \/>\n<link rel=\"canonical\" href=\"https:\/\/radioljubuski.ba\/index.php\/2021\/04\/08\/vahid-halilhodzic-dinamo-ima-sanse-protiv-villarreala\/\" \/>\n<meta property=\"og:locale\" content=\"hr_HR\" \/>\n<meta property=\"og:type\" content=\"article\" \/>\n<meta property=\"og:title\" content=\"Vahid Halilhod\u017ei\u0107: Dinamo ima \u0161anse protiv Villarreala - RADIO LJUBU\u0160KI\" \/>\n<meta property=\"og:description\" content=\"Stjepan Balog, sportski komentator HRT-a i Vahid Halilhod\u017ei\u0107, izbornik Maroka, gostovali su u emisiji HTV-a Dobro jutro, Hrvatska i govorili o ve\u010dera\u0161njoj utakmici Dinama i Villarreala u \u010detvrtfinalu Europa lige. Stjepan Balog je rekao kako nakon Tottenhama ni\u0161ta nije nemogu\u0107e i Dinamo ima pravo na svoj san. &#8211; I protiv Villarreala, \u010dvrste \u0161panjolske mom\u010dadi koja [&hellip;]\" \/>\n<meta property=\"og:url\" content=\"https:\/\/radioljubuski.ba\/index.php\/2021\/04\/08\/vahid-halilhodzic-dinamo-ima-sanse-protiv-villarreala\/\" \/>\n<meta property=\"og:site_name\" content=\"RADIO LJUBU\u0160KI\" \/>\n<meta property=\"article:publisher\" content=\"https:\/\/www.facebook.com\/Radiio-Ljubuski-1490835324566332\" \/>\n<meta property=\"article:published_time\" content=\"2021-04-08T09:22:21+00:00\" \/>\n<meta property=\"article:modified_time\" content=\"2021-04-08T09:22:22+00:00\" \/>\n<meta property=\"og:image\" content=\"https:\/\/radioljubuski.ba\/wp-content\/uploads\/2021\/04\/444-3.png\" \/>\n\t<meta property=\"og:image:width\" content=\"646\" \/>\n\t<meta property=\"og:image:height\" content=\"363\" \/>\n\t<meta property=\"og:image:type\" content=\"image\/png\" \/>\n<meta name=\"author\" content=\"Radio Ljubu\u0161ki\" \/>\n<meta name=\"twitter:card\" content=\"summary_large_image\" \/>\n<meta name=\"twitter:creator\" content=\"@radioljubuski\" \/>\n<meta name=\"twitter:site\" content=\"@radioljubuski\" \/>\n<meta name=\"twitter:label1\" content=\"Napisao\/la\" \/>\n\t<meta name=\"twitter:data1\" content=\"Radio Ljubu\u0161ki\" \/>\n\t<meta name=\"twitter:label2\" content=\"Procijenjeno vrijeme \u010ditanja\" \/>\n\t<meta name=\"twitter:data2\" content=\"3 minute\" \/>\n<script type=\"application\/ld+json\" class=\"yoast-schema-graph\">{\"@context\":\"https:\\\/\\\/schema.org\",\"@graph\":[{\"@type\":\"Article\",\"@id\":\"https:\\\/\\\/radioljubuski.ba\\\/index.php\\\/2021\\\/04\\\/08\\\/vahid-halilhodzic-dinamo-ima-sanse-protiv-villarreala\\\/#article\",\"isPartOf\":{\"@id\":\"https:\\\/\\\/radioljubuski.ba\\\/index.php\\\/2021\\\/04\\\/08\\\/vahid-halilhodzic-dinamo-ima-sanse-protiv-villarreala\\\/\"},\"author\":{\"name\":\"Radio Ljubu\u0161ki\",\"@id\":\"https:\\\/\\\/radioljubuski.ba\\\/#\\\/schema\\\/person\\\/19fc700381a780f69665d7956c469e3b\"},\"headline\":\"Vahid Halilhod\u017ei\u0107: Dinamo ima \u0161anse protiv Villarreala\",\"datePublished\":\"2021-04-08T09:22:21+00:00\",\"dateModified\":\"2021-04-08T09:22:22+00:00\",\"mainEntityOfPage\":{\"@id\":\"https:\\\/\\\/radioljubuski.ba\\\/index.php\\\/2021\\\/04\\\/08\\\/vahid-halilhodzic-dinamo-ima-sanse-protiv-villarreala\\\/\"},\"wordCount\":684,\"publisher\":{\"@id\":\"https:\\\/\\\/radioljubuski.ba\\\/#organization\"},\"image\":{\"@id\":\"https:\\\/\\\/radioljubuski.ba\\\/index.php\\\/2021\\\/04\\\/08\\\/vahid-halilhodzic-dinamo-ima-sanse-protiv-villarreala\\\/#primaryimage\"},\"thumbnailUrl\":\"https:\\\/\\\/radioljubuski.ba\\\/wp-content\\\/uploads\\\/2021\\\/04\\\/444-3.png\",\"articleSection\":[\"BIH i regija\"],\"inLanguage\":\"hr\"},{\"@type\":\"WebPage\",\"@id\":\"https:\\\/\\\/radioljubuski.ba\\\/index.php\\\/2021\\\/04\\\/08\\\/vahid-halilhodzic-dinamo-ima-sanse-protiv-villarreala\\\/\",\"url\":\"https:\\\/\\\/radioljubuski.ba\\\/index.php\\\/2021\\\/04\\\/08\\\/vahid-halilhodzic-dinamo-ima-sanse-protiv-villarreala\\\/\",\"name\":\"Vahid Halilhod\u017ei\u0107: Dinamo ima \u0161anse protiv Villarreala - RADIO LJUBU\u0160KI\",\"isPartOf\":{\"@id\":\"https:\\\/\\\/radioljubuski.ba\\\/#website\"},\"primaryImageOfPage\":{\"@id\":\"https:\\\/\\\/radioljubuski.ba\\\/index.php\\\/2021\\\/04\\\/08\\\/vahid-halilhodzic-dinamo-ima-sanse-protiv-villarreala\\\/#primaryimage\"},\"image\":{\"@id\":\"https:\\\/\\\/radioljubuski.ba\\\/index.php\\\/2021\\\/04\\\/08\\\/vahid-halilhodzic-dinamo-ima-sanse-protiv-villarreala\\\/#primaryimage\"},\"thumbnailUrl\":\"https:\\\/\\\/radioljubuski.ba\\\/wp-content\\\/uploads\\\/2021\\\/04\\\/444-3.png\",\"datePublished\":\"2021-04-08T09:22:21+00:00\",\"dateModified\":\"2021-04-08T09:22:22+00:00\",\"breadcrumb\":{\"@id\":\"https:\\\/\\\/radioljubuski.ba\\\/index.php\\\/2021\\\/04\\\/08\\\/vahid-halilhodzic-dinamo-ima-sanse-protiv-villarreala\\\/#breadcrumb\"},\"inLanguage\":\"hr\",\"potentialAction\":[{\"@type\":\"ReadAction\",\"target\":[\"https:\\\/\\\/radioljubuski.ba\\\/index.php\\\/2021\\\/04\\\/08\\\/vahid-halilhodzic-dinamo-ima-sanse-protiv-villarreala\\\/\"]}]},{\"@type\":\"ImageObject\",\"inLanguage\":\"hr\",\"@id\":\"https:\\\/\\\/radioljubuski.ba\\\/index.php\\\/2021\\\/04\\\/08\\\/vahid-halilhodzic-dinamo-ima-sanse-protiv-villarreala\\\/#primaryimage\",\"url\":\"https:\\\/\\\/radioljubuski.ba\\\/wp-content\\\/uploads\\\/2021\\\/04\\\/444-3.png\",\"contentUrl\":\"https:\\\/\\\/radioljubuski.ba\\\/wp-content\\\/uploads\\\/2021\\\/04\\\/444-3.png\",\"width\":646,\"height\":363},{\"@type\":\"BreadcrumbList\",\"@id\":\"https:\\\/\\\/radioljubuski.ba\\\/index.php\\\/2021\\\/04\\\/08\\\/vahid-halilhodzic-dinamo-ima-sanse-protiv-villarreala\\\/#breadcrumb\",\"itemListElement\":[{\"@type\":\"ListItem\",\"position\":1,\"name\":\"Po\u010detna stranica\",\"item\":\"https:\\\/\\\/radioljubuski.ba\\\/\"},{\"@type\":\"ListItem\",\"position\":2,\"name\":\"Vahid Halilhod\u017ei\u0107: Dinamo ima \u0161anse protiv Villarreala\"}]},{\"@type\":\"WebSite\",\"@id\":\"https:\\\/\\\/radioljubuski.ba\\\/#website\",\"url\":\"https:\\\/\\\/radioljubuski.ba\\\/\",\"name\":\"Radio Ljubu\u0161ki\",\"description\":\"Sun\u010dana frekvencija Hercegovine\",\"publisher\":{\"@id\":\"https:\\\/\\\/radioljubuski.ba\\\/#organization\"},\"potentialAction\":[{\"@type\":\"SearchAction\",\"target\":{\"@type\":\"EntryPoint\",\"urlTemplate\":\"https:\\\/\\\/radioljubuski.ba\\\/?s={search_term_string}\"},\"query-input\":{\"@type\":\"PropertyValueSpecification\",\"valueRequired\":true,\"valueName\":\"search_term_string\"}}],\"inLanguage\":\"hr\"},{\"@type\":\"Organization\",\"@id\":\"https:\\\/\\\/radioljubuski.ba\\\/#organization\",\"name\":\"Radio Ljubu\u0161ki\",\"url\":\"https:\\\/\\\/radioljubuski.ba\\\/\",\"logo\":{\"@type\":\"ImageObject\",\"inLanguage\":\"hr\",\"@id\":\"https:\\\/\\\/radioljubuski.ba\\\/#\\\/schema\\\/logo\\\/image\\\/\",\"url\":\"https:\\\/\\\/radioljubuski.ba\\\/wp-content\\\/uploads\\\/2021\\\/02\\\/cropped-Radio_Ljubuski_logo1.jpg\",\"contentUrl\":\"https:\\\/\\\/radioljubuski.ba\\\/wp-content\\\/uploads\\\/2021\\\/02\\\/cropped-Radio_Ljubuski_logo1.jpg\",\"width\":512,\"height\":512,\"caption\":\"Radio Ljubu\u0161ki\"},\"image\":{\"@id\":\"https:\\\/\\\/radioljubuski.ba\\\/#\\\/schema\\\/logo\\\/image\\\/\"},\"sameAs\":[\"https:\\\/\\\/www.facebook.com\\\/Radiio-Ljubuski-1490835324566332\",\"https:\\\/\\\/x.com\\\/radioljubuski\",\"https:\\\/\\\/hr.linkedin.com\\\/company\\\/radio-ljubuski\",\"https:\\\/\\\/www.youtube.com\\\/channel\\\/UCHYaeO_n0Db3tjNGudGpXyw\"]},{\"@type\":\"Person\",\"@id\":\"https:\\\/\\\/radioljubuski.ba\\\/#\\\/schema\\\/person\\\/19fc700381a780f69665d7956c469e3b\",\"name\":\"Radio Ljubu\u0161ki\"}]}<\/script>\n<!-- \/ Yoast SEO plugin. -->","yoast_head_json":{"title":"Vahid Halilhod\u017ei\u0107: Dinamo ima \u0161anse protiv Villarreala - RADIO LJUBU\u0160KI","robots":{"index":"index","follow":"follow","max-snippet":"max-snippet:-1","max-image-preview":"max-image-preview:large","max-video-preview":"max-video-preview:-1"},"canonical":"https:\/\/radioljubuski.ba\/index.php\/2021\/04\/08\/vahid-halilhodzic-dinamo-ima-sanse-protiv-villarreala\/","og_locale":"hr_HR","og_type":"article","og_title":"Vahid Halilhod\u017ei\u0107: Dinamo ima \u0161anse protiv Villarreala - RADIO LJUBU\u0160KI","og_description":"Stjepan Balog, sportski komentator HRT-a i Vahid Halilhod\u017ei\u0107, izbornik Maroka, gostovali su u emisiji HTV-a Dobro jutro, Hrvatska i govorili o ve\u010dera\u0161njoj utakmici Dinama i Villarreala u \u010detvrtfinalu Europa lige. Stjepan Balog je rekao kako nakon Tottenhama ni\u0161ta nije nemogu\u0107e i Dinamo ima pravo na svoj san. &#8211; I protiv Villarreala, \u010dvrste \u0161panjolske mom\u010dadi koja [&hellip;]","og_url":"https:\/\/radioljubuski.ba\/index.php\/2021\/04\/08\/vahid-halilhodzic-dinamo-ima-sanse-protiv-villarreala\/","og_site_name":"RADIO LJUBU\u0160KI","article_publisher":"https:\/\/www.facebook.com\/Radiio-Ljubuski-1490835324566332","article_published_time":"2021-04-08T09:22:21+00:00","article_modified_time":"2021-04-08T09:22:22+00:00","og_image":[{"width":646,"height":363,"url":"https:\/\/radioljubuski.ba\/wp-content\/uploads\/2021\/04\/444-3.png","type":"image\/png"}],"author":"Radio Ljubu\u0161ki","twitter_card":"summary_large_image","twitter_creator":"@radioljubuski","twitter_site":"@radioljubuski","twitter_misc":{"Napisao\/la":"Radio Ljubu\u0161ki","Procijenjeno vrijeme \u010ditanja":"3 minute"},"schema":{"@context":"https:\/\/schema.org","@graph":[{"@type":"Article","@id":"https:\/\/radioljubuski.ba\/index.php\/2021\/04\/08\/vahid-halilhodzic-dinamo-ima-sanse-protiv-villarreala\/#article","isPartOf":{"@id":"https:\/\/radioljubuski.ba\/index.php\/2021\/04\/08\/vahid-halilhodzic-dinamo-ima-sanse-protiv-villarreala\/"},"author":{"name":"Radio Ljubu\u0161ki","@id":"https:\/\/radioljubuski.ba\/#\/schema\/person\/19fc700381a780f69665d7956c469e3b"},"headline":"Vahid Halilhod\u017ei\u0107: Dinamo ima \u0161anse protiv Villarreala","datePublished":"2021-04-08T09:22:21+00:00","dateModified":"2021-04-08T09:22:22+00:00","mainEntityOfPage":{"@id":"https:\/\/radioljubuski.ba\/index.php\/2021\/04\/08\/vahid-halilhodzic-dinamo-ima-sanse-protiv-villarreala\/"},"wordCount":684,"publisher":{"@id":"https:\/\/radioljubuski.ba\/#organization"},"image":{"@id":"https:\/\/radioljubuski.ba\/index.php\/2021\/04\/08\/vahid-halilhodzic-dinamo-ima-sanse-protiv-villarreala\/#primaryimage"},"thumbnailUrl":"https:\/\/radioljubuski.ba\/wp-content\/uploads\/2021\/04\/444-3.png","articleSection":["BIH i regija"],"inLanguage":"hr"},{"@type":"WebPage","@id":"https:\/\/radioljubuski.ba\/index.php\/2021\/04\/08\/vahid-halilhodzic-dinamo-ima-sanse-protiv-villarreala\/","url":"https:\/\/radioljubuski.ba\/index.php\/2021\/04\/08\/vahid-halilhodzic-dinamo-ima-sanse-protiv-villarreala\/","name":"Vahid Halilhod\u017ei\u0107: Dinamo ima \u0161anse protiv Villarreala - RADIO LJUBU\u0160KI","isPartOf":{"@id":"https:\/\/radioljubuski.ba\/#website"},"primaryImageOfPage":{"@id":"https:\/\/radioljubuski.ba\/index.php\/2021\/04\/08\/vahid-halilhodzic-dinamo-ima-sanse-protiv-villarreala\/#primaryimage"},"image":{"@id":"https:\/\/radioljubuski.ba\/index.php\/2021\/04\/08\/vahid-halilhodzic-dinamo-ima-sanse-protiv-villarreala\/#primaryimage"},"thumbnailUrl":"https:\/\/radioljubuski.ba\/wp-content\/uploads\/2021\/04\/444-3.png","datePublished":"2021-04-08T09:22:21+00:00","dateModified":"2021-04-08T09:22:22+00:00","breadcrumb":{"@id":"https:\/\/radioljubuski.ba\/index.php\/2021\/04\/08\/vahid-halilhodzic-dinamo-ima-sanse-protiv-villarreala\/#breadcrumb"},"inLanguage":"hr","potentialAction":[{"@type":"ReadAction","target":["https:\/\/radioljubuski.ba\/index.php\/2021\/04\/08\/vahid-halilhodzic-dinamo-ima-sanse-protiv-villarreala\/"]}]},{"@type":"ImageObject","inLanguage":"hr","@id":"https:\/\/radioljubuski.ba\/index.php\/2021\/04\/08\/vahid-halilhodzic-dinamo-ima-sanse-protiv-villarreala\/#primaryimage","url":"https:\/\/radioljubuski.ba\/wp-content\/uploads\/2021\/04\/444-3.png","contentUrl":"https:\/\/radioljubuski.ba\/wp-content\/uploads\/2021\/04\/444-3.png","width":646,"height":363},{"@type":"BreadcrumbList","@id":"https:\/\/radioljubuski.ba\/index.php\/2021\/04\/08\/vahid-halilhodzic-dinamo-ima-sanse-protiv-villarreala\/#breadcrumb","itemListElement":[{"@type":"ListItem","position":1,"name":"Po\u010detna stranica","item":"https:\/\/radioljubuski.ba\/"},{"@type":"ListItem","position":2,"name":"Vahid Halilhod\u017ei\u0107: Dinamo ima \u0161anse protiv Villarreala"}]},{"@type":"WebSite","@id":"https:\/\/radioljubuski.ba\/#website","url":"https:\/\/radioljubuski.ba\/","name":"Radio Ljubu\u0161ki","description":"Sun\u010dana frekvencija Hercegovine","publisher":{"@id":"https:\/\/radioljubuski.ba\/#organization"},"potentialAction":[{"@type":"SearchAction","target":{"@type":"EntryPoint","urlTemplate":"https:\/\/radioljubuski.ba\/?s={search_term_string}"},"query-input":{"@type":"PropertyValueSpecification","valueRequired":true,"valueName":"search_term_string"}}],"inLanguage":"hr"},{"@type":"Organization","@id":"https:\/\/radioljubuski.ba\/#organization","name":"Radio Ljubu\u0161ki","url":"https:\/\/radioljubuski.ba\/","logo":{"@type":"ImageObject","inLanguage":"hr","@id":"https:\/\/radioljubuski.ba\/#\/schema\/logo\/image\/","url":"https:\/\/radioljubuski.ba\/wp-content\/uploads\/2021\/02\/cropped-Radio_Ljubuski_logo1.jpg","contentUrl":"https:\/\/radioljubuski.ba\/wp-content\/uploads\/2021\/02\/cropped-Radio_Ljubuski_logo1.jpg","width":512,"height":512,"caption":"Radio Ljubu\u0161ki"},"image":{"@id":"https:\/\/radioljubuski.ba\/#\/schema\/logo\/image\/"},"sameAs":["https:\/\/www.facebook.com\/Radiio-Ljubuski-1490835324566332","https:\/\/x.com\/radioljubuski","https:\/\/hr.linkedin.com\/company\/radio-ljubuski","https:\/\/www.youtube.com\/channel\/UCHYaeO_n0Db3tjNGudGpXyw"]},{"@type":"Person","@id":"https:\/\/radioljubuski.ba\/#\/schema\/person\/19fc700381a780f69665d7956c469e3b","name":"Radio Ljubu\u0161ki"}]}},"_links":{"self":[{"href":"https:\/\/radioljubuski.ba\/index.php\/wp-json\/wp\/v2\/posts\/10688","targetHints":{"allow":["GET"]}}],"collection":[{"href":"https:\/\/radioljubuski.ba\/index.php\/wp-json\/wp\/v2\/posts"}],"about":[{"href":"https:\/\/radioljubuski.ba\/index.php\/wp-json\/wp\/v2\/types\/post"}],"author":[{"embeddable":true,"href":"https:\/\/radioljubuski.ba\/index.php\/wp-json\/wp\/v2\/users\/2"}],"replies":[{"embeddable":true,"href":"https:\/\/radioljubuski.ba\/index.php\/wp-json\/wp\/v2\/comments?post=10688"}],"version-history":[{"count":1,"href":"https:\/\/radioljubuski.ba\/index.php\/wp-json\/wp\/v2\/posts\/10688\/revisions"}],"predecessor-version":[{"id":10690,"href":"https:\/\/radioljubuski.ba\/index.php\/wp-json\/wp\/v2\/posts\/10688\/revisions\/10690"}],"wp:featuredmedia":[{"embeddable":true,"href":"https:\/\/radioljubuski.ba\/index.php\/wp-json\/wp\/v2\/media\/10689"}],"wp:attachment":[{"href":"https:\/\/radioljubuski.ba\/index.php\/wp-json\/wp\/v2\/media?parent=10688"}],"wp:term":[{"taxonomy":"category","embeddable":true,"href":"https:\/\/radioljubuski.ba\/index.php\/wp-json\/wp\/v2\/categories?post=10688"},{"taxonomy":"post_tag","embeddable":true,"href":"https:\/\/radioljubuski.ba\/index.php\/wp-json\/wp\/v2\/tags?post=10688"}],"curies":[{"name":"wp","href":"https:\/\/api.w.org\/{rel}","templated":true}]}}