{"id":10697,"date":"2021-04-08T10:32:50","date_gmt":"2021-04-08T09:32:50","guid":{"rendered":"https:\/\/radioljubuski.ba\/?p=10697"},"modified":"2021-04-08T10:32:51","modified_gmt":"2021-04-08T09:32:51","slug":"sumnjive-jabuke-u-trgovackim-lancima","status":"publish","type":"post","link":"https:\/\/radioljubuski.ba\/index.php\/2021\/04\/08\/sumnjive-jabuke-u-trgovackim-lancima\/","title":{"rendered":"Sumnjive jabuke u trgova\u010dkim lancima"},"content":{"rendered":"\n<p>Hrvatska vo\u0107arska zajednica prijavila je Dr\u017eavnom inspektoratu sumnjive jabuke. U nekim trgova\u010dkim lancima prodaju se deklarirane kao hrvatske, no postoji sumnja da je rije\u010d o uvoznima. Usto, vo\u0107arska je zajednica tra\u017eila i analizu tih jabuka u akreditiranom laboratoriju, a rezultati su pora\u017eavaju\u0107i.<\/p>\n\n\n\n<p>U Hrvatskoj vo\u0107arskoj zajednici isti\u010du zbog \u010dega su posumnjali da je rije\u010d o uvoznim, a ne doma\u0107im jabukama kako stoji na deklaracijama.<br><br>&#8211; Hrvatska vo\u0107arska zajednica je prona\u0161la u odre\u0111enim centrima jabuku koja po izgledu nije na\u0161a i po na\u010dinu pakiranja ve\u0107 je to jabuka koja je sigurno uvezena, no iznenadili smo se i sumnjamo da je uvozna jabuka, a deklaracija na njoj je iz Hrvatske, \u0161to je jasno ka\u017enjivo, rekao je <strong>\u017deljko Ledinski<\/strong>, iz Hrvatske vo\u0107arske zajednice.<br><br>Dr\u017eavni inspektorat proveo je nadzore na 85 prodajnih mjesta kod 33 trgovca vo\u0107em i povr\u0107em, pregledana je 381 lot oznaka. Utvr\u0111eno je 25 nepropisnih lotova jabuka i krumpira jer nije navedena zemlja podrijetla ili je rije\u010d o nepropisnom ozna\u010davanju i neudovoljavanju minimalnim zahtjevima kvalitete. Inspekcija je u pet slu\u010dajeva privremeno zabranila prodaju vo\u0107a te pokrenula prekr\u0161ajne postupke.<br><br>Vo\u0107arska je zajednica zatra\u017eila i analizu spornih jabuka u akreditiranom laboratoriju.<br><br>&#8211; Tu smo jo\u0161 vi\u0161e bili iznena\u0111eni kad smo prona\u0161li da odre\u0111ene tvari, koje su zabranjene u EU, ve\u0107 sedam godina se nalaze na tim jabukama. Zna\u010di one su po nama trebale odmah biti povu\u010dene iz prodaje i kao takve uni\u0161tene s obzirom da je to sredstvo jo\u0161 od studenog 2014. zabranjeno, ka\u017ee Ledinski.<br><br>Iz Hrvatske agencije za poljoprivredu i hranu isti\u010du da utvr\u0111ivanje karbendazima u malim koli\u010dinama u jabukama mo\u017ee biti rezultat primjene sredstava za za\u0161titu bilja na osnovi aktivne tvari tiofanat-metila. Utvr\u0111ivanje ostataka pesticida koji nisu odobreni u EU ne mo\u017ee se smatrati dokazom o podrijetlu. U pojedinim slu\u010dajevima, ne mo\u017ee se isklju\u010diti ni mogu\u0107nosti kori\u0161tenja krivotvorenih sredstava za za\u0161titu bilja.<br><br>Zbog svega vo\u0107ari tra\u017ee stro\u017ee kontrole, ali i vidljivije ozna\u010davanje jabuka, primjerice nacionalnim zastavama kako bi kupac znao iz \u010dije zemlje one dolaze.<\/p>\n\n\n\n<p>Izvor:hrt.hr<\/p>\n","protected":false},"excerpt":{"rendered":"<p>Hrvatska vo\u0107arska zajednica prijavila je Dr\u017eavnom inspektoratu sumnjive jabuke. U nekim trgova\u010dkim lancima prodaju se deklarirane kao hrvatske, no postoji sumnja da je rije\u010d o uvoznima. Usto, vo\u0107arska je zajednica tra\u017eila i analizu tih jabuka u akreditiranom laboratoriju, a rezultati su pora\u017eavaju\u0107i. U Hrvatskoj vo\u0107arskoj zajednici isti\u010du zbog \u010dega su posumnjali da je rije\u010d o [&hellip;]<\/p>\n","protected":false},"author":2,"featured_media":10698,"comment_status":"closed","ping_status":"closed","sticky":false,"template":"","format":"standard","meta":{"h5ap_radio_sources":[],"footnotes":""},"categories":[1],"tags":[],"class_list":["post-10697","post","type-post","status-publish","format-standard","has-post-thumbnail","hentry","category-bihiregija"],"yoast_head":"<!-- This site is optimized with the Yoast SEO plugin v27.5 - https:\/\/yoast.com\/product\/yoast-seo-wordpress\/ -->\n<title>Sumnjive jabuke u trgova\u010dkim lancima - RADIO LJUBU\u0160KI<\/title>\n<meta name=\"robots\" content=\"index, follow, max-snippet:-1, max-image-preview:large, max-video-preview:-1\" \/>\n<link rel=\"canonical\" href=\"https:\/\/radioljubuski.ba\/index.php\/2021\/04\/08\/sumnjive-jabuke-u-trgovackim-lancima\/\" \/>\n<meta property=\"og:locale\" content=\"hr_HR\" \/>\n<meta property=\"og:type\" content=\"article\" \/>\n<meta property=\"og:title\" content=\"Sumnjive jabuke u trgova\u010dkim lancima - RADIO LJUBU\u0160KI\" \/>\n<meta property=\"og:description\" content=\"Hrvatska vo\u0107arska zajednica prijavila je Dr\u017eavnom inspektoratu sumnjive jabuke. U nekim trgova\u010dkim lancima prodaju se deklarirane kao hrvatske, no postoji sumnja da je rije\u010d o uvoznima. Usto, vo\u0107arska je zajednica tra\u017eila i analizu tih jabuka u akreditiranom laboratoriju, a rezultati su pora\u017eavaju\u0107i. U Hrvatskoj vo\u0107arskoj zajednici isti\u010du zbog \u010dega su posumnjali da je rije\u010d o [&hellip;]\" \/>\n<meta property=\"og:url\" content=\"https:\/\/radioljubuski.ba\/index.php\/2021\/04\/08\/sumnjive-jabuke-u-trgovackim-lancima\/\" \/>\n<meta property=\"og:site_name\" content=\"RADIO LJUBU\u0160KI\" \/>\n<meta property=\"article:publisher\" content=\"https:\/\/www.facebook.com\/Radiio-Ljubuski-1490835324566332\" \/>\n<meta property=\"article:published_time\" content=\"2021-04-08T09:32:50+00:00\" \/>\n<meta property=\"article:modified_time\" content=\"2021-04-08T09:32:51+00:00\" \/>\n<meta property=\"og:image\" content=\"https:\/\/radioljubuski.ba\/wp-content\/uploads\/2021\/04\/6-8.png\" \/>\n\t<meta property=\"og:image:width\" content=\"646\" \/>\n\t<meta property=\"og:image:height\" content=\"361\" \/>\n\t<meta property=\"og:image:type\" content=\"image\/png\" \/>\n<meta name=\"author\" content=\"Radio Ljubu\u0161ki\" \/>\n<meta name=\"twitter:card\" content=\"summary_large_image\" \/>\n<meta name=\"twitter:creator\" content=\"@radioljubuski\" \/>\n<meta name=\"twitter:site\" content=\"@radioljubuski\" \/>\n<meta name=\"twitter:label1\" content=\"Napisao\/la\" \/>\n\t<meta name=\"twitter:data1\" content=\"Radio Ljubu\u0161ki\" \/>\n\t<meta name=\"twitter:label2\" content=\"Procijenjeno vrijeme \u010ditanja\" \/>\n\t<meta name=\"twitter:data2\" content=\"2 minute\" \/>\n<script type=\"application\/ld+json\" class=\"yoast-schema-graph\">{\"@context\":\"https:\\\/\\\/schema.org\",\"@graph\":[{\"@type\":\"Article\",\"@id\":\"https:\\\/\\\/radioljubuski.ba\\\/index.php\\\/2021\\\/04\\\/08\\\/sumnjive-jabuke-u-trgovackim-lancima\\\/#article\",\"isPartOf\":{\"@id\":\"https:\\\/\\\/radioljubuski.ba\\\/index.php\\\/2021\\\/04\\\/08\\\/sumnjive-jabuke-u-trgovackim-lancima\\\/\"},\"author\":{\"name\":\"Radio Ljubu\u0161ki\",\"@id\":\"https:\\\/\\\/radioljubuski.ba\\\/#\\\/schema\\\/person\\\/19fc700381a780f69665d7956c469e3b\"},\"headline\":\"Sumnjive jabuke u trgova\u010dkim lancima\",\"datePublished\":\"2021-04-08T09:32:50+00:00\",\"dateModified\":\"2021-04-08T09:32:51+00:00\",\"mainEntityOfPage\":{\"@id\":\"https:\\\/\\\/radioljubuski.ba\\\/index.php\\\/2021\\\/04\\\/08\\\/sumnjive-jabuke-u-trgovackim-lancima\\\/\"},\"wordCount\":380,\"publisher\":{\"@id\":\"https:\\\/\\\/radioljubuski.ba\\\/#organization\"},\"image\":{\"@id\":\"https:\\\/\\\/radioljubuski.ba\\\/index.php\\\/2021\\\/04\\\/08\\\/sumnjive-jabuke-u-trgovackim-lancima\\\/#primaryimage\"},\"thumbnailUrl\":\"https:\\\/\\\/radioljubuski.ba\\\/wp-content\\\/uploads\\\/2021\\\/04\\\/6-8.png\",\"articleSection\":[\"BIH i regija\"],\"inLanguage\":\"hr\"},{\"@type\":\"WebPage\",\"@id\":\"https:\\\/\\\/radioljubuski.ba\\\/index.php\\\/2021\\\/04\\\/08\\\/sumnjive-jabuke-u-trgovackim-lancima\\\/\",\"url\":\"https:\\\/\\\/radioljubuski.ba\\\/index.php\\\/2021\\\/04\\\/08\\\/sumnjive-jabuke-u-trgovackim-lancima\\\/\",\"name\":\"Sumnjive jabuke u trgova\u010dkim lancima - RADIO LJUBU\u0160KI\",\"isPartOf\":{\"@id\":\"https:\\\/\\\/radioljubuski.ba\\\/#website\"},\"primaryImageOfPage\":{\"@id\":\"https:\\\/\\\/radioljubuski.ba\\\/index.php\\\/2021\\\/04\\\/08\\\/sumnjive-jabuke-u-trgovackim-lancima\\\/#primaryimage\"},\"image\":{\"@id\":\"https:\\\/\\\/radioljubuski.ba\\\/index.php\\\/2021\\\/04\\\/08\\\/sumnjive-jabuke-u-trgovackim-lancima\\\/#primaryimage\"},\"thumbnailUrl\":\"https:\\\/\\\/radioljubuski.ba\\\/wp-content\\\/uploads\\\/2021\\\/04\\\/6-8.png\",\"datePublished\":\"2021-04-08T09:32:50+00:00\",\"dateModified\":\"2021-04-08T09:32:51+00:00\",\"breadcrumb\":{\"@id\":\"https:\\\/\\\/radioljubuski.ba\\\/index.php\\\/2021\\\/04\\\/08\\\/sumnjive-jabuke-u-trgovackim-lancima\\\/#breadcrumb\"},\"inLanguage\":\"hr\",\"potentialAction\":[{\"@type\":\"ReadAction\",\"target\":[\"https:\\\/\\\/radioljubuski.ba\\\/index.php\\\/2021\\\/04\\\/08\\\/sumnjive-jabuke-u-trgovackim-lancima\\\/\"]}]},{\"@type\":\"ImageObject\",\"inLanguage\":\"hr\",\"@id\":\"https:\\\/\\\/radioljubuski.ba\\\/index.php\\\/2021\\\/04\\\/08\\\/sumnjive-jabuke-u-trgovackim-lancima\\\/#primaryimage\",\"url\":\"https:\\\/\\\/radioljubuski.ba\\\/wp-content\\\/uploads\\\/2021\\\/04\\\/6-8.png\",\"contentUrl\":\"https:\\\/\\\/radioljubuski.ba\\\/wp-content\\\/uploads\\\/2021\\\/04\\\/6-8.png\",\"width\":646,\"height\":361},{\"@type\":\"BreadcrumbList\",\"@id\":\"https:\\\/\\\/radioljubuski.ba\\\/index.php\\\/2021\\\/04\\\/08\\\/sumnjive-jabuke-u-trgovackim-lancima\\\/#breadcrumb\",\"itemListElement\":[{\"@type\":\"ListItem\",\"position\":1,\"name\":\"Po\u010detna stranica\",\"item\":\"https:\\\/\\\/radioljubuski.ba\\\/\"},{\"@type\":\"ListItem\",\"position\":2,\"name\":\"Sumnjive jabuke u trgova\u010dkim lancima\"}]},{\"@type\":\"WebSite\",\"@id\":\"https:\\\/\\\/radioljubuski.ba\\\/#website\",\"url\":\"https:\\\/\\\/radioljubuski.ba\\\/\",\"name\":\"Radio Ljubu\u0161ki\",\"description\":\"Sun\u010dana frekvencija Hercegovine\",\"publisher\":{\"@id\":\"https:\\\/\\\/radioljubuski.ba\\\/#organization\"},\"potentialAction\":[{\"@type\":\"SearchAction\",\"target\":{\"@type\":\"EntryPoint\",\"urlTemplate\":\"https:\\\/\\\/radioljubuski.ba\\\/?s={search_term_string}\"},\"query-input\":{\"@type\":\"PropertyValueSpecification\",\"valueRequired\":true,\"valueName\":\"search_term_string\"}}],\"inLanguage\":\"hr\"},{\"@type\":\"Organization\",\"@id\":\"https:\\\/\\\/radioljubuski.ba\\\/#organization\",\"name\":\"Radio Ljubu\u0161ki\",\"url\":\"https:\\\/\\\/radioljubuski.ba\\\/\",\"logo\":{\"@type\":\"ImageObject\",\"inLanguage\":\"hr\",\"@id\":\"https:\\\/\\\/radioljubuski.ba\\\/#\\\/schema\\\/logo\\\/image\\\/\",\"url\":\"https:\\\/\\\/radioljubuski.ba\\\/wp-content\\\/uploads\\\/2021\\\/02\\\/cropped-Radio_Ljubuski_logo1.jpg\",\"contentUrl\":\"https:\\\/\\\/radioljubuski.ba\\\/wp-content\\\/uploads\\\/2021\\\/02\\\/cropped-Radio_Ljubuski_logo1.jpg\",\"width\":512,\"height\":512,\"caption\":\"Radio Ljubu\u0161ki\"},\"image\":{\"@id\":\"https:\\\/\\\/radioljubuski.ba\\\/#\\\/schema\\\/logo\\\/image\\\/\"},\"sameAs\":[\"https:\\\/\\\/www.facebook.com\\\/Radiio-Ljubuski-1490835324566332\",\"https:\\\/\\\/x.com\\\/radioljubuski\",\"https:\\\/\\\/hr.linkedin.com\\\/company\\\/radio-ljubuski\",\"https:\\\/\\\/www.youtube.com\\\/channel\\\/UCHYaeO_n0Db3tjNGudGpXyw\"]},{\"@type\":\"Person\",\"@id\":\"https:\\\/\\\/radioljubuski.ba\\\/#\\\/schema\\\/person\\\/19fc700381a780f69665d7956c469e3b\",\"name\":\"Radio Ljubu\u0161ki\"}]}<\/script>\n<!-- \/ Yoast SEO plugin. -->","yoast_head_json":{"title":"Sumnjive jabuke u trgova\u010dkim lancima - RADIO LJUBU\u0160KI","robots":{"index":"index","follow":"follow","max-snippet":"max-snippet:-1","max-image-preview":"max-image-preview:large","max-video-preview":"max-video-preview:-1"},"canonical":"https:\/\/radioljubuski.ba\/index.php\/2021\/04\/08\/sumnjive-jabuke-u-trgovackim-lancima\/","og_locale":"hr_HR","og_type":"article","og_title":"Sumnjive jabuke u trgova\u010dkim lancima - RADIO LJUBU\u0160KI","og_description":"Hrvatska vo\u0107arska zajednica prijavila je Dr\u017eavnom inspektoratu sumnjive jabuke. U nekim trgova\u010dkim lancima prodaju se deklarirane kao hrvatske, no postoji sumnja da je rije\u010d o uvoznima. Usto, vo\u0107arska je zajednica tra\u017eila i analizu tih jabuka u akreditiranom laboratoriju, a rezultati su pora\u017eavaju\u0107i. U Hrvatskoj vo\u0107arskoj zajednici isti\u010du zbog \u010dega su posumnjali da je rije\u010d o [&hellip;]","og_url":"https:\/\/radioljubuski.ba\/index.php\/2021\/04\/08\/sumnjive-jabuke-u-trgovackim-lancima\/","og_site_name":"RADIO LJUBU\u0160KI","article_publisher":"https:\/\/www.facebook.com\/Radiio-Ljubuski-1490835324566332","article_published_time":"2021-04-08T09:32:50+00:00","article_modified_time":"2021-04-08T09:32:51+00:00","og_image":[{"width":646,"height":361,"url":"https:\/\/radioljubuski.ba\/wp-content\/uploads\/2021\/04\/6-8.png","type":"image\/png"}],"author":"Radio Ljubu\u0161ki","twitter_card":"summary_large_image","twitter_creator":"@radioljubuski","twitter_site":"@radioljubuski","twitter_misc":{"Napisao\/la":"Radio Ljubu\u0161ki","Procijenjeno vrijeme \u010ditanja":"2 minute"},"schema":{"@context":"https:\/\/schema.org","@graph":[{"@type":"Article","@id":"https:\/\/radioljubuski.ba\/index.php\/2021\/04\/08\/sumnjive-jabuke-u-trgovackim-lancima\/#article","isPartOf":{"@id":"https:\/\/radioljubuski.ba\/index.php\/2021\/04\/08\/sumnjive-jabuke-u-trgovackim-lancima\/"},"author":{"name":"Radio Ljubu\u0161ki","@id":"https:\/\/radioljubuski.ba\/#\/schema\/person\/19fc700381a780f69665d7956c469e3b"},"headline":"Sumnjive jabuke u trgova\u010dkim lancima","datePublished":"2021-04-08T09:32:50+00:00","dateModified":"2021-04-08T09:32:51+00:00","mainEntityOfPage":{"@id":"https:\/\/radioljubuski.ba\/index.php\/2021\/04\/08\/sumnjive-jabuke-u-trgovackim-lancima\/"},"wordCount":380,"publisher":{"@id":"https:\/\/radioljubuski.ba\/#organization"},"image":{"@id":"https:\/\/radioljubuski.ba\/index.php\/2021\/04\/08\/sumnjive-jabuke-u-trgovackim-lancima\/#primaryimage"},"thumbnailUrl":"https:\/\/radioljubuski.ba\/wp-content\/uploads\/2021\/04\/6-8.png","articleSection":["BIH i regija"],"inLanguage":"hr"},{"@type":"WebPage","@id":"https:\/\/radioljubuski.ba\/index.php\/2021\/04\/08\/sumnjive-jabuke-u-trgovackim-lancima\/","url":"https:\/\/radioljubuski.ba\/index.php\/2021\/04\/08\/sumnjive-jabuke-u-trgovackim-lancima\/","name":"Sumnjive jabuke u trgova\u010dkim lancima - RADIO LJUBU\u0160KI","isPartOf":{"@id":"https:\/\/radioljubuski.ba\/#website"},"primaryImageOfPage":{"@id":"https:\/\/radioljubuski.ba\/index.php\/2021\/04\/08\/sumnjive-jabuke-u-trgovackim-lancima\/#primaryimage"},"image":{"@id":"https:\/\/radioljubuski.ba\/index.php\/2021\/04\/08\/sumnjive-jabuke-u-trgovackim-lancima\/#primaryimage"},"thumbnailUrl":"https:\/\/radioljubuski.ba\/wp-content\/uploads\/2021\/04\/6-8.png","datePublished":"2021-04-08T09:32:50+00:00","dateModified":"2021-04-08T09:32:51+00:00","breadcrumb":{"@id":"https:\/\/radioljubuski.ba\/index.php\/2021\/04\/08\/sumnjive-jabuke-u-trgovackim-lancima\/#breadcrumb"},"inLanguage":"hr","potentialAction":[{"@type":"ReadAction","target":["https:\/\/radioljubuski.ba\/index.php\/2021\/04\/08\/sumnjive-jabuke-u-trgovackim-lancima\/"]}]},{"@type":"ImageObject","inLanguage":"hr","@id":"https:\/\/radioljubuski.ba\/index.php\/2021\/04\/08\/sumnjive-jabuke-u-trgovackim-lancima\/#primaryimage","url":"https:\/\/radioljubuski.ba\/wp-content\/uploads\/2021\/04\/6-8.png","contentUrl":"https:\/\/radioljubuski.ba\/wp-content\/uploads\/2021\/04\/6-8.png","width":646,"height":361},{"@type":"BreadcrumbList","@id":"https:\/\/radioljubuski.ba\/index.php\/2021\/04\/08\/sumnjive-jabuke-u-trgovackim-lancima\/#breadcrumb","itemListElement":[{"@type":"ListItem","position":1,"name":"Po\u010detna stranica","item":"https:\/\/radioljubuski.ba\/"},{"@type":"ListItem","position":2,"name":"Sumnjive jabuke u trgova\u010dkim lancima"}]},{"@type":"WebSite","@id":"https:\/\/radioljubuski.ba\/#website","url":"https:\/\/radioljubuski.ba\/","name":"Radio Ljubu\u0161ki","description":"Sun\u010dana frekvencija Hercegovine","publisher":{"@id":"https:\/\/radioljubuski.ba\/#organization"},"potentialAction":[{"@type":"SearchAction","target":{"@type":"EntryPoint","urlTemplate":"https:\/\/radioljubuski.ba\/?s={search_term_string}"},"query-input":{"@type":"PropertyValueSpecification","valueRequired":true,"valueName":"search_term_string"}}],"inLanguage":"hr"},{"@type":"Organization","@id":"https:\/\/radioljubuski.ba\/#organization","name":"Radio Ljubu\u0161ki","url":"https:\/\/radioljubuski.ba\/","logo":{"@type":"ImageObject","inLanguage":"hr","@id":"https:\/\/radioljubuski.ba\/#\/schema\/logo\/image\/","url":"https:\/\/radioljubuski.ba\/wp-content\/uploads\/2021\/02\/cropped-Radio_Ljubuski_logo1.jpg","contentUrl":"https:\/\/radioljubuski.ba\/wp-content\/uploads\/2021\/02\/cropped-Radio_Ljubuski_logo1.jpg","width":512,"height":512,"caption":"Radio Ljubu\u0161ki"},"image":{"@id":"https:\/\/radioljubuski.ba\/#\/schema\/logo\/image\/"},"sameAs":["https:\/\/www.facebook.com\/Radiio-Ljubuski-1490835324566332","https:\/\/x.com\/radioljubuski","https:\/\/hr.linkedin.com\/company\/radio-ljubuski","https:\/\/www.youtube.com\/channel\/UCHYaeO_n0Db3tjNGudGpXyw"]},{"@type":"Person","@id":"https:\/\/radioljubuski.ba\/#\/schema\/person\/19fc700381a780f69665d7956c469e3b","name":"Radio Ljubu\u0161ki"}]}},"_links":{"self":[{"href":"https:\/\/radioljubuski.ba\/index.php\/wp-json\/wp\/v2\/posts\/10697","targetHints":{"allow":["GET"]}}],"collection":[{"href":"https:\/\/radioljubuski.ba\/index.php\/wp-json\/wp\/v2\/posts"}],"about":[{"href":"https:\/\/radioljubuski.ba\/index.php\/wp-json\/wp\/v2\/types\/post"}],"author":[{"embeddable":true,"href":"https:\/\/radioljubuski.ba\/index.php\/wp-json\/wp\/v2\/users\/2"}],"replies":[{"embeddable":true,"href":"https:\/\/radioljubuski.ba\/index.php\/wp-json\/wp\/v2\/comments?post=10697"}],"version-history":[{"count":1,"href":"https:\/\/radioljubuski.ba\/index.php\/wp-json\/wp\/v2\/posts\/10697\/revisions"}],"predecessor-version":[{"id":10699,"href":"https:\/\/radioljubuski.ba\/index.php\/wp-json\/wp\/v2\/posts\/10697\/revisions\/10699"}],"wp:featuredmedia":[{"embeddable":true,"href":"https:\/\/radioljubuski.ba\/index.php\/wp-json\/wp\/v2\/media\/10698"}],"wp:attachment":[{"href":"https:\/\/radioljubuski.ba\/index.php\/wp-json\/wp\/v2\/media?parent=10697"}],"wp:term":[{"taxonomy":"category","embeddable":true,"href":"https:\/\/radioljubuski.ba\/index.php\/wp-json\/wp\/v2\/categories?post=10697"},{"taxonomy":"post_tag","embeddable":true,"href":"https:\/\/radioljubuski.ba\/index.php\/wp-json\/wp\/v2\/tags?post=10697"}],"curies":[{"name":"wp","href":"https:\/\/api.w.org\/{rel}","templated":true}]}}