{"id":10718,"date":"2021-04-08T10:55:26","date_gmt":"2021-04-08T09:55:26","guid":{"rendered":"https:\/\/radioljubuski.ba\/?p=10718"},"modified":"2021-04-08T10:55:27","modified_gmt":"2021-04-08T09:55:27","slug":"do-29-ozujka-u-federaciji-je-cijepljena-9-981-osoba-ne-zna-se-koliko-je-gradana-primilo-cjepivo-izvan-bih","status":"publish","type":"post","link":"https:\/\/radioljubuski.ba\/index.php\/2021\/04\/08\/do-29-ozujka-u-federaciji-je-cijepljena-9-981-osoba-ne-zna-se-koliko-je-gradana-primilo-cjepivo-izvan-bih\/","title":{"rendered":"Do 29. o\u017eujka u Federaciji je cijepljena 9.981 osoba, ne zna se koliko je gra\u0111ana primilo cjepivo izvan BiH"},"content":{"rendered":"\n<p>Do 29. o\u017eujka Zavodu za javno zdravstvo Federacije BiH prijavljena je 9.981 osoba koja je primila cjepivo protiv COVID-19, a koje su distribuirane u ovaj entitet.<\/p>\n\n\n\n<p>Kako su za Faktor kazali iz ovog Zavoda, dopunjeni Pravilnik o imunizaciji definira na\u010din izvje\u0161tavanja o obavljenoj imunizaciji protiv COVID-19: od zdravstvene ustanove, preko \u017eupanijskog zavoda za javno zdravstvo, do Zavoda za javno zdravstvo Federacije BiH.<\/p>\n\n\n\n<p>Na pitanje da li se zna koliko je osoba koje \u017eive u BiH cijepljeno izvan na\u0161e zemlje i tko vodi evidenciju, iz Zavoda za javno zdravstvo Federacije BiH odgovorili su da oni nisu dobili podatke o tome koliko se gra\u0111ana ovog entiteta cijepilo u nekoj od susjednih zemalja.<\/p>\n\n\n\n<p>Prema rije\u010dima prim. dr. Senada Huseinagi\u0107a, Institut za zdravlje i sigurnost hrane Zenica 5. travnja objavio je javni poziv kojim se svi oni koji su se cijepili van granica BiH odmah prijave u ambulantu obiteljske medicine kojoj pripadaju kako bi se u kartonu evidentirala imunizacija.<\/p>\n\n\n\n<p>&#8211; S obzirom da na podru\u010dju Zeni\u010dko-dobojske \u017eupanije sve ambulante imaju elektronski informacioni sustav, svi oni koji se prijave bit \u0107e evidentirani u tom sustavu. Osim toga, mi smo i sve domove zdravlja obavijestili da i oni lokalno upoznaju gra\u0111ane koji su cijepili izvan granica BiH da to odmah prijave svojoj obiteljskoj ambulanti. Po\u0161to je poziv objavljen prije dva dana, jo\u0161 uvijek nemamo povratnu informaciju iz domova zdravlja i ambulanti koliko se ljudi do ovog trenutka prijavilo &#8211; kazao je Huseinagi\u0107.<\/p>\n\n\n\n<p>Ni Zavod za javno zdravstvo Tuzlanske \u017eupanije nema podatke &#8211; koliko se gra\u0111ana s podru\u010dja ove \u017eupanije cijepilo van granica na\u0161e zemlje.<\/p>\n\n\n\n<p>&#8211; Ljudi na cijepljenje u susjedne zemlje odlaze u vlastitoj re\u017eiji, ali bez obzira na to takve stvari se trebaju odmah evidentirati, odnosno gra\u0111anin koji \u017eivi u BiH, a koji je u nekoj drugoj zemlji primio cjepivo protiv COVID-19, trebao bi odmah to prijaviti svom obiteljskom lije\u010dniku. Ukoliko ne do\u0111emo do tih podataka, a to sada zavisi od savjesti osoba koje su se cijepile, ne\u0107emo imati pravu sliku o broju imuniziranih osoba u populaciji. Znam da su ljudi s podru\u010dja T\u017d odlazili na cijepljenje u Srbiju, neki i sada odlaze, ali koliko je takvih, ne znamo &#8211; naveo je prim. dr. Bla\u0161ko Topalovi\u0107, rukovodilac Slu\u017ebe za epidemiologiju u Zavodu za javno zdravstvo T\u017d.<\/p>\n\n\n\n<p>Arman \u0160arki\u0107, glasnogovornik JU &#8220;Dom zdravlja&#8221; Sarajevske \u017eupanije i \u010dlan Kriznog sto\u017eera Ministarstva zdravstva S\u017d, ka\u017ee kako on jo\u0161 uvijek nema informaciju da li je neko od gra\u0111ana S\u017d, koji je primio cjepivo izvan granica BiH, to prijavio svom obiteljskom lije\u010dniku.<\/p>\n\n\n\n<p>Izvor:pogled.ba<\/p>\n","protected":false},"excerpt":{"rendered":"<p>Do 29. o\u017eujka Zavodu za javno zdravstvo Federacije BiH prijavljena je 9.981 osoba koja je primila cjepivo protiv COVID-19, a koje su distribuirane u ovaj entitet. Kako su za Faktor kazali iz ovog Zavoda, dopunjeni Pravilnik o imunizaciji definira na\u010din izvje\u0161tavanja o obavljenoj imunizaciji protiv COVID-19: od zdravstvene ustanove, preko \u017eupanijskog zavoda za javno zdravstvo, [&hellip;]<\/p>\n","protected":false},"author":2,"featured_media":10719,"comment_status":"closed","ping_status":"closed","sticky":false,"template":"","format":"standard","meta":{"h5ap_radio_sources":[],"footnotes":""},"categories":[1],"tags":[],"class_list":["post-10718","post","type-post","status-publish","format-standard","has-post-thumbnail","hentry","category-bihiregija"],"yoast_head":"<!-- This site is optimized with the Yoast SEO plugin v27.5 - https:\/\/yoast.com\/product\/yoast-seo-wordpress\/ -->\n<title>Do 29. o\u017eujka u Federaciji je cijepljena 9.981 osoba, ne zna se koliko je gra\u0111ana primilo cjepivo izvan BiH - RADIO LJUBU\u0160KI<\/title>\n<meta name=\"robots\" content=\"index, follow, max-snippet:-1, max-image-preview:large, max-video-preview:-1\" \/>\n<link rel=\"canonical\" href=\"https:\/\/radioljubuski.ba\/index.php\/2021\/04\/08\/do-29-ozujka-u-federaciji-je-cijepljena-9-981-osoba-ne-zna-se-koliko-je-gradana-primilo-cjepivo-izvan-bih\/\" \/>\n<meta property=\"og:locale\" content=\"hr_HR\" \/>\n<meta property=\"og:type\" content=\"article\" \/>\n<meta property=\"og:title\" content=\"Do 29. o\u017eujka u Federaciji je cijepljena 9.981 osoba, ne zna se koliko je gra\u0111ana primilo cjepivo izvan BiH - RADIO LJUBU\u0160KI\" \/>\n<meta property=\"og:description\" content=\"Do 29. o\u017eujka Zavodu za javno zdravstvo Federacije BiH prijavljena je 9.981 osoba koja je primila cjepivo protiv COVID-19, a koje su distribuirane u ovaj entitet. Kako su za Faktor kazali iz ovog Zavoda, dopunjeni Pravilnik o imunizaciji definira na\u010din izvje\u0161tavanja o obavljenoj imunizaciji protiv COVID-19: od zdravstvene ustanove, preko \u017eupanijskog zavoda za javno zdravstvo, [&hellip;]\" \/>\n<meta property=\"og:url\" content=\"https:\/\/radioljubuski.ba\/index.php\/2021\/04\/08\/do-29-ozujka-u-federaciji-je-cijepljena-9-981-osoba-ne-zna-se-koliko-je-gradana-primilo-cjepivo-izvan-bih\/\" \/>\n<meta property=\"og:site_name\" content=\"RADIO LJUBU\u0160KI\" \/>\n<meta property=\"article:publisher\" content=\"https:\/\/www.facebook.com\/Radiio-Ljubuski-1490835324566332\" \/>\n<meta property=\"article:published_time\" content=\"2021-04-08T09:55:26+00:00\" \/>\n<meta property=\"article:modified_time\" content=\"2021-04-08T09:55:27+00:00\" \/>\n<meta property=\"og:image\" content=\"https:\/\/radioljubuski.ba\/wp-content\/uploads\/2021\/04\/2-2021-03-31-11-00-07-cjepivo.jpg\" \/>\n\t<meta property=\"og:image:width\" content=\"1000\" \/>\n\t<meta property=\"og:image:height\" content=\"625\" \/>\n\t<meta property=\"og:image:type\" content=\"image\/jpeg\" \/>\n<meta name=\"author\" content=\"Radio Ljubu\u0161ki\" \/>\n<meta name=\"twitter:card\" content=\"summary_large_image\" \/>\n<meta name=\"twitter:creator\" content=\"@radioljubuski\" \/>\n<meta name=\"twitter:site\" content=\"@radioljubuski\" \/>\n<meta name=\"twitter:label1\" content=\"Napisao\/la\" \/>\n\t<meta name=\"twitter:data1\" content=\"Radio Ljubu\u0161ki\" \/>\n\t<meta name=\"twitter:label2\" content=\"Procijenjeno vrijeme \u010ditanja\" \/>\n\t<meta name=\"twitter:data2\" content=\"2 minute\" \/>\n<script type=\"application\/ld+json\" class=\"yoast-schema-graph\">{\"@context\":\"https:\\\/\\\/schema.org\",\"@graph\":[{\"@type\":\"Article\",\"@id\":\"https:\\\/\\\/radioljubuski.ba\\\/index.php\\\/2021\\\/04\\\/08\\\/do-29-ozujka-u-federaciji-je-cijepljena-9-981-osoba-ne-zna-se-koliko-je-gradana-primilo-cjepivo-izvan-bih\\\/#article\",\"isPartOf\":{\"@id\":\"https:\\\/\\\/radioljubuski.ba\\\/index.php\\\/2021\\\/04\\\/08\\\/do-29-ozujka-u-federaciji-je-cijepljena-9-981-osoba-ne-zna-se-koliko-je-gradana-primilo-cjepivo-izvan-bih\\\/\"},\"author\":{\"name\":\"Radio Ljubu\u0161ki\",\"@id\":\"https:\\\/\\\/radioljubuski.ba\\\/#\\\/schema\\\/person\\\/19fc700381a780f69665d7956c469e3b\"},\"headline\":\"Do 29. o\u017eujka u Federaciji je cijepljena 9.981 osoba, ne zna se koliko je gra\u0111ana primilo cjepivo izvan BiH\",\"datePublished\":\"2021-04-08T09:55:26+00:00\",\"dateModified\":\"2021-04-08T09:55:27+00:00\",\"mainEntityOfPage\":{\"@id\":\"https:\\\/\\\/radioljubuski.ba\\\/index.php\\\/2021\\\/04\\\/08\\\/do-29-ozujka-u-federaciji-je-cijepljena-9-981-osoba-ne-zna-se-koliko-je-gradana-primilo-cjepivo-izvan-bih\\\/\"},\"wordCount\":457,\"publisher\":{\"@id\":\"https:\\\/\\\/radioljubuski.ba\\\/#organization\"},\"image\":{\"@id\":\"https:\\\/\\\/radioljubuski.ba\\\/index.php\\\/2021\\\/04\\\/08\\\/do-29-ozujka-u-federaciji-je-cijepljena-9-981-osoba-ne-zna-se-koliko-je-gradana-primilo-cjepivo-izvan-bih\\\/#primaryimage\"},\"thumbnailUrl\":\"https:\\\/\\\/radioljubuski.ba\\\/wp-content\\\/uploads\\\/2021\\\/04\\\/2-2021-03-31-11-00-07-cjepivo.jpg\",\"articleSection\":[\"BIH i regija\"],\"inLanguage\":\"hr\"},{\"@type\":\"WebPage\",\"@id\":\"https:\\\/\\\/radioljubuski.ba\\\/index.php\\\/2021\\\/04\\\/08\\\/do-29-ozujka-u-federaciji-je-cijepljena-9-981-osoba-ne-zna-se-koliko-je-gradana-primilo-cjepivo-izvan-bih\\\/\",\"url\":\"https:\\\/\\\/radioljubuski.ba\\\/index.php\\\/2021\\\/04\\\/08\\\/do-29-ozujka-u-federaciji-je-cijepljena-9-981-osoba-ne-zna-se-koliko-je-gradana-primilo-cjepivo-izvan-bih\\\/\",\"name\":\"Do 29. o\u017eujka u Federaciji je cijepljena 9.981 osoba, ne zna se koliko je gra\u0111ana primilo cjepivo izvan BiH - RADIO LJUBU\u0160KI\",\"isPartOf\":{\"@id\":\"https:\\\/\\\/radioljubuski.ba\\\/#website\"},\"primaryImageOfPage\":{\"@id\":\"https:\\\/\\\/radioljubuski.ba\\\/index.php\\\/2021\\\/04\\\/08\\\/do-29-ozujka-u-federaciji-je-cijepljena-9-981-osoba-ne-zna-se-koliko-je-gradana-primilo-cjepivo-izvan-bih\\\/#primaryimage\"},\"image\":{\"@id\":\"https:\\\/\\\/radioljubuski.ba\\\/index.php\\\/2021\\\/04\\\/08\\\/do-29-ozujka-u-federaciji-je-cijepljena-9-981-osoba-ne-zna-se-koliko-je-gradana-primilo-cjepivo-izvan-bih\\\/#primaryimage\"},\"thumbnailUrl\":\"https:\\\/\\\/radioljubuski.ba\\\/wp-content\\\/uploads\\\/2021\\\/04\\\/2-2021-03-31-11-00-07-cjepivo.jpg\",\"datePublished\":\"2021-04-08T09:55:26+00:00\",\"dateModified\":\"2021-04-08T09:55:27+00:00\",\"breadcrumb\":{\"@id\":\"https:\\\/\\\/radioljubuski.ba\\\/index.php\\\/2021\\\/04\\\/08\\\/do-29-ozujka-u-federaciji-je-cijepljena-9-981-osoba-ne-zna-se-koliko-je-gradana-primilo-cjepivo-izvan-bih\\\/#breadcrumb\"},\"inLanguage\":\"hr\",\"potentialAction\":[{\"@type\":\"ReadAction\",\"target\":[\"https:\\\/\\\/radioljubuski.ba\\\/index.php\\\/2021\\\/04\\\/08\\\/do-29-ozujka-u-federaciji-je-cijepljena-9-981-osoba-ne-zna-se-koliko-je-gradana-primilo-cjepivo-izvan-bih\\\/\"]}]},{\"@type\":\"ImageObject\",\"inLanguage\":\"hr\",\"@id\":\"https:\\\/\\\/radioljubuski.ba\\\/index.php\\\/2021\\\/04\\\/08\\\/do-29-ozujka-u-federaciji-je-cijepljena-9-981-osoba-ne-zna-se-koliko-je-gradana-primilo-cjepivo-izvan-bih\\\/#primaryimage\",\"url\":\"https:\\\/\\\/radioljubuski.ba\\\/wp-content\\\/uploads\\\/2021\\\/04\\\/2-2021-03-31-11-00-07-cjepivo.jpg\",\"contentUrl\":\"https:\\\/\\\/radioljubuski.ba\\\/wp-content\\\/uploads\\\/2021\\\/04\\\/2-2021-03-31-11-00-07-cjepivo.jpg\",\"width\":1000,\"height\":625},{\"@type\":\"BreadcrumbList\",\"@id\":\"https:\\\/\\\/radioljubuski.ba\\\/index.php\\\/2021\\\/04\\\/08\\\/do-29-ozujka-u-federaciji-je-cijepljena-9-981-osoba-ne-zna-se-koliko-je-gradana-primilo-cjepivo-izvan-bih\\\/#breadcrumb\",\"itemListElement\":[{\"@type\":\"ListItem\",\"position\":1,\"name\":\"Po\u010detna stranica\",\"item\":\"https:\\\/\\\/radioljubuski.ba\\\/\"},{\"@type\":\"ListItem\",\"position\":2,\"name\":\"Do 29. o\u017eujka u Federaciji je cijepljena 9.981 osoba, ne zna se koliko je gra\u0111ana primilo cjepivo izvan BiH\"}]},{\"@type\":\"WebSite\",\"@id\":\"https:\\\/\\\/radioljubuski.ba\\\/#website\",\"url\":\"https:\\\/\\\/radioljubuski.ba\\\/\",\"name\":\"Radio Ljubu\u0161ki\",\"description\":\"Sun\u010dana frekvencija Hercegovine\",\"publisher\":{\"@id\":\"https:\\\/\\\/radioljubuski.ba\\\/#organization\"},\"potentialAction\":[{\"@type\":\"SearchAction\",\"target\":{\"@type\":\"EntryPoint\",\"urlTemplate\":\"https:\\\/\\\/radioljubuski.ba\\\/?s={search_term_string}\"},\"query-input\":{\"@type\":\"PropertyValueSpecification\",\"valueRequired\":true,\"valueName\":\"search_term_string\"}}],\"inLanguage\":\"hr\"},{\"@type\":\"Organization\",\"@id\":\"https:\\\/\\\/radioljubuski.ba\\\/#organization\",\"name\":\"Radio Ljubu\u0161ki\",\"url\":\"https:\\\/\\\/radioljubuski.ba\\\/\",\"logo\":{\"@type\":\"ImageObject\",\"inLanguage\":\"hr\",\"@id\":\"https:\\\/\\\/radioljubuski.ba\\\/#\\\/schema\\\/logo\\\/image\\\/\",\"url\":\"https:\\\/\\\/radioljubuski.ba\\\/wp-content\\\/uploads\\\/2021\\\/02\\\/cropped-Radio_Ljubuski_logo1.jpg\",\"contentUrl\":\"https:\\\/\\\/radioljubuski.ba\\\/wp-content\\\/uploads\\\/2021\\\/02\\\/cropped-Radio_Ljubuski_logo1.jpg\",\"width\":512,\"height\":512,\"caption\":\"Radio Ljubu\u0161ki\"},\"image\":{\"@id\":\"https:\\\/\\\/radioljubuski.ba\\\/#\\\/schema\\\/logo\\\/image\\\/\"},\"sameAs\":[\"https:\\\/\\\/www.facebook.com\\\/Radiio-Ljubuski-1490835324566332\",\"https:\\\/\\\/x.com\\\/radioljubuski\",\"https:\\\/\\\/hr.linkedin.com\\\/company\\\/radio-ljubuski\",\"https:\\\/\\\/www.youtube.com\\\/channel\\\/UCHYaeO_n0Db3tjNGudGpXyw\"]},{\"@type\":\"Person\",\"@id\":\"https:\\\/\\\/radioljubuski.ba\\\/#\\\/schema\\\/person\\\/19fc700381a780f69665d7956c469e3b\",\"name\":\"Radio Ljubu\u0161ki\"}]}<\/script>\n<!-- \/ Yoast SEO plugin. -->","yoast_head_json":{"title":"Do 29. o\u017eujka u Federaciji je cijepljena 9.981 osoba, ne zna se koliko je gra\u0111ana primilo cjepivo izvan BiH - RADIO LJUBU\u0160KI","robots":{"index":"index","follow":"follow","max-snippet":"max-snippet:-1","max-image-preview":"max-image-preview:large","max-video-preview":"max-video-preview:-1"},"canonical":"https:\/\/radioljubuski.ba\/index.php\/2021\/04\/08\/do-29-ozujka-u-federaciji-je-cijepljena-9-981-osoba-ne-zna-se-koliko-je-gradana-primilo-cjepivo-izvan-bih\/","og_locale":"hr_HR","og_type":"article","og_title":"Do 29. o\u017eujka u Federaciji je cijepljena 9.981 osoba, ne zna se koliko je gra\u0111ana primilo cjepivo izvan BiH - RADIO LJUBU\u0160KI","og_description":"Do 29. o\u017eujka Zavodu za javno zdravstvo Federacije BiH prijavljena je 9.981 osoba koja je primila cjepivo protiv COVID-19, a koje su distribuirane u ovaj entitet. Kako su za Faktor kazali iz ovog Zavoda, dopunjeni Pravilnik o imunizaciji definira na\u010din izvje\u0161tavanja o obavljenoj imunizaciji protiv COVID-19: od zdravstvene ustanove, preko \u017eupanijskog zavoda za javno zdravstvo, [&hellip;]","og_url":"https:\/\/radioljubuski.ba\/index.php\/2021\/04\/08\/do-29-ozujka-u-federaciji-je-cijepljena-9-981-osoba-ne-zna-se-koliko-je-gradana-primilo-cjepivo-izvan-bih\/","og_site_name":"RADIO LJUBU\u0160KI","article_publisher":"https:\/\/www.facebook.com\/Radiio-Ljubuski-1490835324566332","article_published_time":"2021-04-08T09:55:26+00:00","article_modified_time":"2021-04-08T09:55:27+00:00","og_image":[{"width":1000,"height":625,"url":"https:\/\/radioljubuski.ba\/wp-content\/uploads\/2021\/04\/2-2021-03-31-11-00-07-cjepivo.jpg","type":"image\/jpeg"}],"author":"Radio Ljubu\u0161ki","twitter_card":"summary_large_image","twitter_creator":"@radioljubuski","twitter_site":"@radioljubuski","twitter_misc":{"Napisao\/la":"Radio Ljubu\u0161ki","Procijenjeno vrijeme \u010ditanja":"2 minute"},"schema":{"@context":"https:\/\/schema.org","@graph":[{"@type":"Article","@id":"https:\/\/radioljubuski.ba\/index.php\/2021\/04\/08\/do-29-ozujka-u-federaciji-je-cijepljena-9-981-osoba-ne-zna-se-koliko-je-gradana-primilo-cjepivo-izvan-bih\/#article","isPartOf":{"@id":"https:\/\/radioljubuski.ba\/index.php\/2021\/04\/08\/do-29-ozujka-u-federaciji-je-cijepljena-9-981-osoba-ne-zna-se-koliko-je-gradana-primilo-cjepivo-izvan-bih\/"},"author":{"name":"Radio Ljubu\u0161ki","@id":"https:\/\/radioljubuski.ba\/#\/schema\/person\/19fc700381a780f69665d7956c469e3b"},"headline":"Do 29. o\u017eujka u Federaciji je cijepljena 9.981 osoba, ne zna se koliko je gra\u0111ana primilo cjepivo izvan BiH","datePublished":"2021-04-08T09:55:26+00:00","dateModified":"2021-04-08T09:55:27+00:00","mainEntityOfPage":{"@id":"https:\/\/radioljubuski.ba\/index.php\/2021\/04\/08\/do-29-ozujka-u-federaciji-je-cijepljena-9-981-osoba-ne-zna-se-koliko-je-gradana-primilo-cjepivo-izvan-bih\/"},"wordCount":457,"publisher":{"@id":"https:\/\/radioljubuski.ba\/#organization"},"image":{"@id":"https:\/\/radioljubuski.ba\/index.php\/2021\/04\/08\/do-29-ozujka-u-federaciji-je-cijepljena-9-981-osoba-ne-zna-se-koliko-je-gradana-primilo-cjepivo-izvan-bih\/#primaryimage"},"thumbnailUrl":"https:\/\/radioljubuski.ba\/wp-content\/uploads\/2021\/04\/2-2021-03-31-11-00-07-cjepivo.jpg","articleSection":["BIH i regija"],"inLanguage":"hr"},{"@type":"WebPage","@id":"https:\/\/radioljubuski.ba\/index.php\/2021\/04\/08\/do-29-ozujka-u-federaciji-je-cijepljena-9-981-osoba-ne-zna-se-koliko-je-gradana-primilo-cjepivo-izvan-bih\/","url":"https:\/\/radioljubuski.ba\/index.php\/2021\/04\/08\/do-29-ozujka-u-federaciji-je-cijepljena-9-981-osoba-ne-zna-se-koliko-je-gradana-primilo-cjepivo-izvan-bih\/","name":"Do 29. o\u017eujka u Federaciji je cijepljena 9.981 osoba, ne zna se koliko je gra\u0111ana primilo cjepivo izvan BiH - RADIO LJUBU\u0160KI","isPartOf":{"@id":"https:\/\/radioljubuski.ba\/#website"},"primaryImageOfPage":{"@id":"https:\/\/radioljubuski.ba\/index.php\/2021\/04\/08\/do-29-ozujka-u-federaciji-je-cijepljena-9-981-osoba-ne-zna-se-koliko-je-gradana-primilo-cjepivo-izvan-bih\/#primaryimage"},"image":{"@id":"https:\/\/radioljubuski.ba\/index.php\/2021\/04\/08\/do-29-ozujka-u-federaciji-je-cijepljena-9-981-osoba-ne-zna-se-koliko-je-gradana-primilo-cjepivo-izvan-bih\/#primaryimage"},"thumbnailUrl":"https:\/\/radioljubuski.ba\/wp-content\/uploads\/2021\/04\/2-2021-03-31-11-00-07-cjepivo.jpg","datePublished":"2021-04-08T09:55:26+00:00","dateModified":"2021-04-08T09:55:27+00:00","breadcrumb":{"@id":"https:\/\/radioljubuski.ba\/index.php\/2021\/04\/08\/do-29-ozujka-u-federaciji-je-cijepljena-9-981-osoba-ne-zna-se-koliko-je-gradana-primilo-cjepivo-izvan-bih\/#breadcrumb"},"inLanguage":"hr","potentialAction":[{"@type":"ReadAction","target":["https:\/\/radioljubuski.ba\/index.php\/2021\/04\/08\/do-29-ozujka-u-federaciji-je-cijepljena-9-981-osoba-ne-zna-se-koliko-je-gradana-primilo-cjepivo-izvan-bih\/"]}]},{"@type":"ImageObject","inLanguage":"hr","@id":"https:\/\/radioljubuski.ba\/index.php\/2021\/04\/08\/do-29-ozujka-u-federaciji-je-cijepljena-9-981-osoba-ne-zna-se-koliko-je-gradana-primilo-cjepivo-izvan-bih\/#primaryimage","url":"https:\/\/radioljubuski.ba\/wp-content\/uploads\/2021\/04\/2-2021-03-31-11-00-07-cjepivo.jpg","contentUrl":"https:\/\/radioljubuski.ba\/wp-content\/uploads\/2021\/04\/2-2021-03-31-11-00-07-cjepivo.jpg","width":1000,"height":625},{"@type":"BreadcrumbList","@id":"https:\/\/radioljubuski.ba\/index.php\/2021\/04\/08\/do-29-ozujka-u-federaciji-je-cijepljena-9-981-osoba-ne-zna-se-koliko-je-gradana-primilo-cjepivo-izvan-bih\/#breadcrumb","itemListElement":[{"@type":"ListItem","position":1,"name":"Po\u010detna stranica","item":"https:\/\/radioljubuski.ba\/"},{"@type":"ListItem","position":2,"name":"Do 29. o\u017eujka u Federaciji je cijepljena 9.981 osoba, ne zna se koliko je gra\u0111ana primilo cjepivo izvan BiH"}]},{"@type":"WebSite","@id":"https:\/\/radioljubuski.ba\/#website","url":"https:\/\/radioljubuski.ba\/","name":"Radio Ljubu\u0161ki","description":"Sun\u010dana frekvencija Hercegovine","publisher":{"@id":"https:\/\/radioljubuski.ba\/#organization"},"potentialAction":[{"@type":"SearchAction","target":{"@type":"EntryPoint","urlTemplate":"https:\/\/radioljubuski.ba\/?s={search_term_string}"},"query-input":{"@type":"PropertyValueSpecification","valueRequired":true,"valueName":"search_term_string"}}],"inLanguage":"hr"},{"@type":"Organization","@id":"https:\/\/radioljubuski.ba\/#organization","name":"Radio Ljubu\u0161ki","url":"https:\/\/radioljubuski.ba\/","logo":{"@type":"ImageObject","inLanguage":"hr","@id":"https:\/\/radioljubuski.ba\/#\/schema\/logo\/image\/","url":"https:\/\/radioljubuski.ba\/wp-content\/uploads\/2021\/02\/cropped-Radio_Ljubuski_logo1.jpg","contentUrl":"https:\/\/radioljubuski.ba\/wp-content\/uploads\/2021\/02\/cropped-Radio_Ljubuski_logo1.jpg","width":512,"height":512,"caption":"Radio Ljubu\u0161ki"},"image":{"@id":"https:\/\/radioljubuski.ba\/#\/schema\/logo\/image\/"},"sameAs":["https:\/\/www.facebook.com\/Radiio-Ljubuski-1490835324566332","https:\/\/x.com\/radioljubuski","https:\/\/hr.linkedin.com\/company\/radio-ljubuski","https:\/\/www.youtube.com\/channel\/UCHYaeO_n0Db3tjNGudGpXyw"]},{"@type":"Person","@id":"https:\/\/radioljubuski.ba\/#\/schema\/person\/19fc700381a780f69665d7956c469e3b","name":"Radio Ljubu\u0161ki"}]}},"_links":{"self":[{"href":"https:\/\/radioljubuski.ba\/index.php\/wp-json\/wp\/v2\/posts\/10718","targetHints":{"allow":["GET"]}}],"collection":[{"href":"https:\/\/radioljubuski.ba\/index.php\/wp-json\/wp\/v2\/posts"}],"about":[{"href":"https:\/\/radioljubuski.ba\/index.php\/wp-json\/wp\/v2\/types\/post"}],"author":[{"embeddable":true,"href":"https:\/\/radioljubuski.ba\/index.php\/wp-json\/wp\/v2\/users\/2"}],"replies":[{"embeddable":true,"href":"https:\/\/radioljubuski.ba\/index.php\/wp-json\/wp\/v2\/comments?post=10718"}],"version-history":[{"count":1,"href":"https:\/\/radioljubuski.ba\/index.php\/wp-json\/wp\/v2\/posts\/10718\/revisions"}],"predecessor-version":[{"id":10720,"href":"https:\/\/radioljubuski.ba\/index.php\/wp-json\/wp\/v2\/posts\/10718\/revisions\/10720"}],"wp:featuredmedia":[{"embeddable":true,"href":"https:\/\/radioljubuski.ba\/index.php\/wp-json\/wp\/v2\/media\/10719"}],"wp:attachment":[{"href":"https:\/\/radioljubuski.ba\/index.php\/wp-json\/wp\/v2\/media?parent=10718"}],"wp:term":[{"taxonomy":"category","embeddable":true,"href":"https:\/\/radioljubuski.ba\/index.php\/wp-json\/wp\/v2\/categories?post=10718"},{"taxonomy":"post_tag","embeddable":true,"href":"https:\/\/radioljubuski.ba\/index.php\/wp-json\/wp\/v2\/tags?post=10718"}],"curies":[{"name":"wp","href":"https:\/\/api.w.org\/{rel}","templated":true}]}}