{"id":10774,"date":"2021-04-08T12:48:03","date_gmt":"2021-04-08T11:48:03","guid":{"rendered":"https:\/\/radioljubuski.ba\/?p=10774"},"modified":"2021-04-08T12:48:03","modified_gmt":"2021-04-08T11:48:03","slug":"najvise-zarazenih-u-indiji-u-brazilu-rekordan-broj-smrtnih-slucajeva","status":"publish","type":"post","link":"https:\/\/radioljubuski.ba\/index.php\/2021\/04\/08\/najvise-zarazenih-u-indiji-u-brazilu-rekordan-broj-smrtnih-slucajeva\/","title":{"rendered":"Najvi\u0161e zara\u017eenih u Indiji, u Brazilu rekordan broj smrtnih slu\u010dajeva"},"content":{"rendered":"\n<p>U svijetu je od po\u010detka pandemije COVID-a zara\u017eeno vi\u0161e od 133 milijuna ljudi, a u ovom trenutku aktivno je gotovo 23 milijuna slu\u010dajeva. Kao i u Hrvatskoj, broj novozara\u017eenih raste diljem svijeta &#8211; najvi\u0161e u Indiji, dok se u Brazilu suo\u010davaju s rekordnim brojem smrtnih slu\u010dajeva.<\/p>\n\n\n\n<p>Ministri zdravstva zemalja \u010dlanica Europske unije nisu se uspjeli dogovoriti o zajedni\u010dkim smjernicama za uporabu AstraZenecina cjepiva protiv COVID-a. Virtualni sastanak odr\u017ean je nakon \u0161to je Europska agencija za lijekove utvrdila mogu\u0107u vezu tog cjepiva i vrlo rijetkih slu\u010dajeva pojave neobi\u010dnih krvnih ugru\u0161aka, isti\u010du\u0107i da su prednosti cjepiva i dalje ve\u0107e od rizika.<br><br>Najve\u0107i dnevni broj novozara\u017eenih u svijetu i dalje ima Indija. Ju\u010der je prijavljeno 126.789 novih slu\u010dajeva zaraze koronavirusom, \u0161to je 13 puta vi\u0161e nego u velja\u010di.<br><br>&#8211; Doista je alarmantan na\u010din na koji se koronavirus \u0161iri. Sjetite se kako je bilo prije mjesec dana i kakva je sada situacija. Pretpostavljam da \u0107e ovaj val ja\u010dati u tjednima i mjesecima koji dolaze, isti\u010de lije\u010dnik <strong>Niroj Mishra<\/strong>.<br><br>COVID-19 hara Brazilom gdje je broj umrlih u jednom danu pre\u0161ao 4000. Me\u0111u najte\u017ee pogo\u0111enima je i dr\u017eava Sao Paulo. Predsjednik, me\u0111utim, tvrdi da zatvaranja ne\u0107e biti.<br><br>&#8211; Ne\u0107e biti nacionalnog zatvaranja. Neki se usude re\u0107i da bi vojska trebala pomo\u0107i nekim guvernerima u provedbi restriktivnih mjera. No na\u0161a brazilska vojska ne\u0107e i\u0107i na ulicu kako bi ljude zadr\u017eala u njihovim ku\u0107ama, rekao je brazilski predsjednik <strong>Jair Bolsonaro<\/strong>.<br><br>Zbog COVID-a, prvi put u 17 godina vi\u0161e od polovine Brazilaca nema pristup hrani koja bi zadovoljila njihove dnevne potrebe.<br><br>&#8211; Ponekad se probudim i nemam ni\u0161ta jesti. Kleknem i molim se govore\u0107i: &#8216;Gospode, molim te, pomozi mi, rekla je nezaposlena Sandra <strong>Pereira Brito<\/strong>.<br><br>&#8211; Stanje je u\u017easno. Stanovni\u0161tvo je sve siroma\u0161nije, tu je i pandemija koja pogor\u0161ava stanje, a dr\u017eava ne poma\u017ee, isti\u010de infektologinja <strong>Ana Maria Segall<\/strong>.<br><br>Sjedinjene Dr\u017eave su najuspje\u0161nije u cijepljenju protiv COVID-a. Sada su na redu i stariji adolescenti. CIjepljenje je dobrovoljno, no raste broj koled\u017ea gdje je ono obvezno.<br><br>Kod jednog od tri pacijenta koja su preboljela Covid dijagnosticirani su neurolo\u0161ki ili psihijatrijski poreme\u0107aji naj\u010de\u0161\u0107e simptomi anksioznosti i depresija, navodi britanski medicinski \u010dasopis Lancet. Rizik od takvih stanja znatno raste kod osoba koje su se tijekom bolesti lije\u010dile u bolnici.<\/p>\n\n\n\n<p>Izvor:hrt.hr<\/p>\n","protected":false},"excerpt":{"rendered":"<p>U svijetu je od po\u010detka pandemije COVID-a zara\u017eeno vi\u0161e od 133 milijuna ljudi, a u ovom trenutku aktivno je gotovo 23 milijuna slu\u010dajeva. Kao i u Hrvatskoj, broj novozara\u017eenih raste diljem svijeta &#8211; najvi\u0161e u Indiji, dok se u Brazilu suo\u010davaju s rekordnim brojem smrtnih slu\u010dajeva. Ministri zdravstva zemalja \u010dlanica Europske unije nisu se uspjeli [&hellip;]<\/p>\n","protected":false},"author":2,"featured_media":10775,"comment_status":"closed","ping_status":"closed","sticky":false,"template":"","format":"standard","meta":{"h5ap_radio_sources":[],"footnotes":""},"categories":[1],"tags":[],"class_list":["post-10774","post","type-post","status-publish","format-standard","has-post-thumbnail","hentry","category-bihiregija"],"yoast_head":"<!-- This site is optimized with the Yoast SEO plugin v27.5 - https:\/\/yoast.com\/product\/yoast-seo-wordpress\/ -->\n<title>Najvi\u0161e zara\u017eenih u Indiji, u Brazilu rekordan broj smrtnih slu\u010dajeva - RADIO LJUBU\u0160KI<\/title>\n<meta name=\"robots\" content=\"index, follow, max-snippet:-1, max-image-preview:large, max-video-preview:-1\" \/>\n<link rel=\"canonical\" href=\"https:\/\/radioljubuski.ba\/index.php\/2021\/04\/08\/najvise-zarazenih-u-indiji-u-brazilu-rekordan-broj-smrtnih-slucajeva\/\" \/>\n<meta property=\"og:locale\" content=\"hr_HR\" \/>\n<meta property=\"og:type\" content=\"article\" \/>\n<meta property=\"og:title\" content=\"Najvi\u0161e zara\u017eenih u Indiji, u Brazilu rekordan broj smrtnih slu\u010dajeva - RADIO LJUBU\u0160KI\" \/>\n<meta property=\"og:description\" content=\"U svijetu je od po\u010detka pandemije COVID-a zara\u017eeno vi\u0161e od 133 milijuna ljudi, a u ovom trenutku aktivno je gotovo 23 milijuna slu\u010dajeva. Kao i u Hrvatskoj, broj novozara\u017eenih raste diljem svijeta &#8211; najvi\u0161e u Indiji, dok se u Brazilu suo\u010davaju s rekordnim brojem smrtnih slu\u010dajeva. Ministri zdravstva zemalja \u010dlanica Europske unije nisu se uspjeli [&hellip;]\" \/>\n<meta property=\"og:url\" content=\"https:\/\/radioljubuski.ba\/index.php\/2021\/04\/08\/najvise-zarazenih-u-indiji-u-brazilu-rekordan-broj-smrtnih-slucajeva\/\" \/>\n<meta property=\"og:site_name\" content=\"RADIO LJUBU\u0160KI\" \/>\n<meta property=\"article:publisher\" content=\"https:\/\/www.facebook.com\/Radiio-Ljubuski-1490835324566332\" \/>\n<meta property=\"article:published_time\" content=\"2021-04-08T11:48:03+00:00\" \/>\n<meta property=\"og:image\" content=\"https:\/\/radioljubuski.ba\/wp-content\/uploads\/2021\/04\/33-8.png\" \/>\n\t<meta property=\"og:image:width\" content=\"649\" \/>\n\t<meta property=\"og:image:height\" content=\"362\" \/>\n\t<meta property=\"og:image:type\" content=\"image\/png\" \/>\n<meta name=\"author\" content=\"Radio Ljubu\u0161ki\" \/>\n<meta name=\"twitter:card\" content=\"summary_large_image\" \/>\n<meta name=\"twitter:creator\" content=\"@radioljubuski\" \/>\n<meta name=\"twitter:site\" content=\"@radioljubuski\" \/>\n<meta name=\"twitter:label1\" content=\"Napisao\/la\" \/>\n\t<meta name=\"twitter:data1\" content=\"Radio Ljubu\u0161ki\" \/>\n\t<meta name=\"twitter:label2\" content=\"Procijenjeno vrijeme \u010ditanja\" \/>\n\t<meta name=\"twitter:data2\" content=\"2 minute\" \/>\n<script type=\"application\/ld+json\" class=\"yoast-schema-graph\">{\"@context\":\"https:\\\/\\\/schema.org\",\"@graph\":[{\"@type\":\"Article\",\"@id\":\"https:\\\/\\\/radioljubuski.ba\\\/index.php\\\/2021\\\/04\\\/08\\\/najvise-zarazenih-u-indiji-u-brazilu-rekordan-broj-smrtnih-slucajeva\\\/#article\",\"isPartOf\":{\"@id\":\"https:\\\/\\\/radioljubuski.ba\\\/index.php\\\/2021\\\/04\\\/08\\\/najvise-zarazenih-u-indiji-u-brazilu-rekordan-broj-smrtnih-slucajeva\\\/\"},\"author\":{\"name\":\"Radio Ljubu\u0161ki\",\"@id\":\"https:\\\/\\\/radioljubuski.ba\\\/#\\\/schema\\\/person\\\/19fc700381a780f69665d7956c469e3b\"},\"headline\":\"Najvi\u0161e zara\u017eenih u Indiji, u Brazilu rekordan broj smrtnih slu\u010dajeva\",\"datePublished\":\"2021-04-08T11:48:03+00:00\",\"mainEntityOfPage\":{\"@id\":\"https:\\\/\\\/radioljubuski.ba\\\/index.php\\\/2021\\\/04\\\/08\\\/najvise-zarazenih-u-indiji-u-brazilu-rekordan-broj-smrtnih-slucajeva\\\/\"},\"wordCount\":437,\"publisher\":{\"@id\":\"https:\\\/\\\/radioljubuski.ba\\\/#organization\"},\"image\":{\"@id\":\"https:\\\/\\\/radioljubuski.ba\\\/index.php\\\/2021\\\/04\\\/08\\\/najvise-zarazenih-u-indiji-u-brazilu-rekordan-broj-smrtnih-slucajeva\\\/#primaryimage\"},\"thumbnailUrl\":\"https:\\\/\\\/radioljubuski.ba\\\/wp-content\\\/uploads\\\/2021\\\/04\\\/33-8.png\",\"articleSection\":[\"BIH i regija\"],\"inLanguage\":\"hr\"},{\"@type\":\"WebPage\",\"@id\":\"https:\\\/\\\/radioljubuski.ba\\\/index.php\\\/2021\\\/04\\\/08\\\/najvise-zarazenih-u-indiji-u-brazilu-rekordan-broj-smrtnih-slucajeva\\\/\",\"url\":\"https:\\\/\\\/radioljubuski.ba\\\/index.php\\\/2021\\\/04\\\/08\\\/najvise-zarazenih-u-indiji-u-brazilu-rekordan-broj-smrtnih-slucajeva\\\/\",\"name\":\"Najvi\u0161e zara\u017eenih u Indiji, u Brazilu rekordan broj smrtnih slu\u010dajeva - RADIO LJUBU\u0160KI\",\"isPartOf\":{\"@id\":\"https:\\\/\\\/radioljubuski.ba\\\/#website\"},\"primaryImageOfPage\":{\"@id\":\"https:\\\/\\\/radioljubuski.ba\\\/index.php\\\/2021\\\/04\\\/08\\\/najvise-zarazenih-u-indiji-u-brazilu-rekordan-broj-smrtnih-slucajeva\\\/#primaryimage\"},\"image\":{\"@id\":\"https:\\\/\\\/radioljubuski.ba\\\/index.php\\\/2021\\\/04\\\/08\\\/najvise-zarazenih-u-indiji-u-brazilu-rekordan-broj-smrtnih-slucajeva\\\/#primaryimage\"},\"thumbnailUrl\":\"https:\\\/\\\/radioljubuski.ba\\\/wp-content\\\/uploads\\\/2021\\\/04\\\/33-8.png\",\"datePublished\":\"2021-04-08T11:48:03+00:00\",\"breadcrumb\":{\"@id\":\"https:\\\/\\\/radioljubuski.ba\\\/index.php\\\/2021\\\/04\\\/08\\\/najvise-zarazenih-u-indiji-u-brazilu-rekordan-broj-smrtnih-slucajeva\\\/#breadcrumb\"},\"inLanguage\":\"hr\",\"potentialAction\":[{\"@type\":\"ReadAction\",\"target\":[\"https:\\\/\\\/radioljubuski.ba\\\/index.php\\\/2021\\\/04\\\/08\\\/najvise-zarazenih-u-indiji-u-brazilu-rekordan-broj-smrtnih-slucajeva\\\/\"]}]},{\"@type\":\"ImageObject\",\"inLanguage\":\"hr\",\"@id\":\"https:\\\/\\\/radioljubuski.ba\\\/index.php\\\/2021\\\/04\\\/08\\\/najvise-zarazenih-u-indiji-u-brazilu-rekordan-broj-smrtnih-slucajeva\\\/#primaryimage\",\"url\":\"https:\\\/\\\/radioljubuski.ba\\\/wp-content\\\/uploads\\\/2021\\\/04\\\/33-8.png\",\"contentUrl\":\"https:\\\/\\\/radioljubuski.ba\\\/wp-content\\\/uploads\\\/2021\\\/04\\\/33-8.png\",\"width\":649,\"height\":362},{\"@type\":\"BreadcrumbList\",\"@id\":\"https:\\\/\\\/radioljubuski.ba\\\/index.php\\\/2021\\\/04\\\/08\\\/najvise-zarazenih-u-indiji-u-brazilu-rekordan-broj-smrtnih-slucajeva\\\/#breadcrumb\",\"itemListElement\":[{\"@type\":\"ListItem\",\"position\":1,\"name\":\"Po\u010detna stranica\",\"item\":\"https:\\\/\\\/radioljubuski.ba\\\/\"},{\"@type\":\"ListItem\",\"position\":2,\"name\":\"Najvi\u0161e zara\u017eenih u Indiji, u Brazilu rekordan broj smrtnih slu\u010dajeva\"}]},{\"@type\":\"WebSite\",\"@id\":\"https:\\\/\\\/radioljubuski.ba\\\/#website\",\"url\":\"https:\\\/\\\/radioljubuski.ba\\\/\",\"name\":\"Radio Ljubu\u0161ki\",\"description\":\"Sun\u010dana frekvencija Hercegovine\",\"publisher\":{\"@id\":\"https:\\\/\\\/radioljubuski.ba\\\/#organization\"},\"potentialAction\":[{\"@type\":\"SearchAction\",\"target\":{\"@type\":\"EntryPoint\",\"urlTemplate\":\"https:\\\/\\\/radioljubuski.ba\\\/?s={search_term_string}\"},\"query-input\":{\"@type\":\"PropertyValueSpecification\",\"valueRequired\":true,\"valueName\":\"search_term_string\"}}],\"inLanguage\":\"hr\"},{\"@type\":\"Organization\",\"@id\":\"https:\\\/\\\/radioljubuski.ba\\\/#organization\",\"name\":\"Radio Ljubu\u0161ki\",\"url\":\"https:\\\/\\\/radioljubuski.ba\\\/\",\"logo\":{\"@type\":\"ImageObject\",\"inLanguage\":\"hr\",\"@id\":\"https:\\\/\\\/radioljubuski.ba\\\/#\\\/schema\\\/logo\\\/image\\\/\",\"url\":\"https:\\\/\\\/radioljubuski.ba\\\/wp-content\\\/uploads\\\/2021\\\/02\\\/cropped-Radio_Ljubuski_logo1.jpg\",\"contentUrl\":\"https:\\\/\\\/radioljubuski.ba\\\/wp-content\\\/uploads\\\/2021\\\/02\\\/cropped-Radio_Ljubuski_logo1.jpg\",\"width\":512,\"height\":512,\"caption\":\"Radio Ljubu\u0161ki\"},\"image\":{\"@id\":\"https:\\\/\\\/radioljubuski.ba\\\/#\\\/schema\\\/logo\\\/image\\\/\"},\"sameAs\":[\"https:\\\/\\\/www.facebook.com\\\/Radiio-Ljubuski-1490835324566332\",\"https:\\\/\\\/x.com\\\/radioljubuski\",\"https:\\\/\\\/hr.linkedin.com\\\/company\\\/radio-ljubuski\",\"https:\\\/\\\/www.youtube.com\\\/channel\\\/UCHYaeO_n0Db3tjNGudGpXyw\"]},{\"@type\":\"Person\",\"@id\":\"https:\\\/\\\/radioljubuski.ba\\\/#\\\/schema\\\/person\\\/19fc700381a780f69665d7956c469e3b\",\"name\":\"Radio Ljubu\u0161ki\"}]}<\/script>\n<!-- \/ Yoast SEO plugin. -->","yoast_head_json":{"title":"Najvi\u0161e zara\u017eenih u Indiji, u Brazilu rekordan broj smrtnih slu\u010dajeva - RADIO LJUBU\u0160KI","robots":{"index":"index","follow":"follow","max-snippet":"max-snippet:-1","max-image-preview":"max-image-preview:large","max-video-preview":"max-video-preview:-1"},"canonical":"https:\/\/radioljubuski.ba\/index.php\/2021\/04\/08\/najvise-zarazenih-u-indiji-u-brazilu-rekordan-broj-smrtnih-slucajeva\/","og_locale":"hr_HR","og_type":"article","og_title":"Najvi\u0161e zara\u017eenih u Indiji, u Brazilu rekordan broj smrtnih slu\u010dajeva - RADIO LJUBU\u0160KI","og_description":"U svijetu je od po\u010detka pandemije COVID-a zara\u017eeno vi\u0161e od 133 milijuna ljudi, a u ovom trenutku aktivno je gotovo 23 milijuna slu\u010dajeva. Kao i u Hrvatskoj, broj novozara\u017eenih raste diljem svijeta &#8211; najvi\u0161e u Indiji, dok se u Brazilu suo\u010davaju s rekordnim brojem smrtnih slu\u010dajeva. Ministri zdravstva zemalja \u010dlanica Europske unije nisu se uspjeli [&hellip;]","og_url":"https:\/\/radioljubuski.ba\/index.php\/2021\/04\/08\/najvise-zarazenih-u-indiji-u-brazilu-rekordan-broj-smrtnih-slucajeva\/","og_site_name":"RADIO LJUBU\u0160KI","article_publisher":"https:\/\/www.facebook.com\/Radiio-Ljubuski-1490835324566332","article_published_time":"2021-04-08T11:48:03+00:00","og_image":[{"width":649,"height":362,"url":"https:\/\/radioljubuski.ba\/wp-content\/uploads\/2021\/04\/33-8.png","type":"image\/png"}],"author":"Radio Ljubu\u0161ki","twitter_card":"summary_large_image","twitter_creator":"@radioljubuski","twitter_site":"@radioljubuski","twitter_misc":{"Napisao\/la":"Radio Ljubu\u0161ki","Procijenjeno vrijeme \u010ditanja":"2 minute"},"schema":{"@context":"https:\/\/schema.org","@graph":[{"@type":"Article","@id":"https:\/\/radioljubuski.ba\/index.php\/2021\/04\/08\/najvise-zarazenih-u-indiji-u-brazilu-rekordan-broj-smrtnih-slucajeva\/#article","isPartOf":{"@id":"https:\/\/radioljubuski.ba\/index.php\/2021\/04\/08\/najvise-zarazenih-u-indiji-u-brazilu-rekordan-broj-smrtnih-slucajeva\/"},"author":{"name":"Radio Ljubu\u0161ki","@id":"https:\/\/radioljubuski.ba\/#\/schema\/person\/19fc700381a780f69665d7956c469e3b"},"headline":"Najvi\u0161e zara\u017eenih u Indiji, u Brazilu rekordan broj smrtnih slu\u010dajeva","datePublished":"2021-04-08T11:48:03+00:00","mainEntityOfPage":{"@id":"https:\/\/radioljubuski.ba\/index.php\/2021\/04\/08\/najvise-zarazenih-u-indiji-u-brazilu-rekordan-broj-smrtnih-slucajeva\/"},"wordCount":437,"publisher":{"@id":"https:\/\/radioljubuski.ba\/#organization"},"image":{"@id":"https:\/\/radioljubuski.ba\/index.php\/2021\/04\/08\/najvise-zarazenih-u-indiji-u-brazilu-rekordan-broj-smrtnih-slucajeva\/#primaryimage"},"thumbnailUrl":"https:\/\/radioljubuski.ba\/wp-content\/uploads\/2021\/04\/33-8.png","articleSection":["BIH i regija"],"inLanguage":"hr"},{"@type":"WebPage","@id":"https:\/\/radioljubuski.ba\/index.php\/2021\/04\/08\/najvise-zarazenih-u-indiji-u-brazilu-rekordan-broj-smrtnih-slucajeva\/","url":"https:\/\/radioljubuski.ba\/index.php\/2021\/04\/08\/najvise-zarazenih-u-indiji-u-brazilu-rekordan-broj-smrtnih-slucajeva\/","name":"Najvi\u0161e zara\u017eenih u Indiji, u Brazilu rekordan broj smrtnih slu\u010dajeva - RADIO LJUBU\u0160KI","isPartOf":{"@id":"https:\/\/radioljubuski.ba\/#website"},"primaryImageOfPage":{"@id":"https:\/\/radioljubuski.ba\/index.php\/2021\/04\/08\/najvise-zarazenih-u-indiji-u-brazilu-rekordan-broj-smrtnih-slucajeva\/#primaryimage"},"image":{"@id":"https:\/\/radioljubuski.ba\/index.php\/2021\/04\/08\/najvise-zarazenih-u-indiji-u-brazilu-rekordan-broj-smrtnih-slucajeva\/#primaryimage"},"thumbnailUrl":"https:\/\/radioljubuski.ba\/wp-content\/uploads\/2021\/04\/33-8.png","datePublished":"2021-04-08T11:48:03+00:00","breadcrumb":{"@id":"https:\/\/radioljubuski.ba\/index.php\/2021\/04\/08\/najvise-zarazenih-u-indiji-u-brazilu-rekordan-broj-smrtnih-slucajeva\/#breadcrumb"},"inLanguage":"hr","potentialAction":[{"@type":"ReadAction","target":["https:\/\/radioljubuski.ba\/index.php\/2021\/04\/08\/najvise-zarazenih-u-indiji-u-brazilu-rekordan-broj-smrtnih-slucajeva\/"]}]},{"@type":"ImageObject","inLanguage":"hr","@id":"https:\/\/radioljubuski.ba\/index.php\/2021\/04\/08\/najvise-zarazenih-u-indiji-u-brazilu-rekordan-broj-smrtnih-slucajeva\/#primaryimage","url":"https:\/\/radioljubuski.ba\/wp-content\/uploads\/2021\/04\/33-8.png","contentUrl":"https:\/\/radioljubuski.ba\/wp-content\/uploads\/2021\/04\/33-8.png","width":649,"height":362},{"@type":"BreadcrumbList","@id":"https:\/\/radioljubuski.ba\/index.php\/2021\/04\/08\/najvise-zarazenih-u-indiji-u-brazilu-rekordan-broj-smrtnih-slucajeva\/#breadcrumb","itemListElement":[{"@type":"ListItem","position":1,"name":"Po\u010detna stranica","item":"https:\/\/radioljubuski.ba\/"},{"@type":"ListItem","position":2,"name":"Najvi\u0161e zara\u017eenih u Indiji, u Brazilu rekordan broj smrtnih slu\u010dajeva"}]},{"@type":"WebSite","@id":"https:\/\/radioljubuski.ba\/#website","url":"https:\/\/radioljubuski.ba\/","name":"Radio Ljubu\u0161ki","description":"Sun\u010dana frekvencija Hercegovine","publisher":{"@id":"https:\/\/radioljubuski.ba\/#organization"},"potentialAction":[{"@type":"SearchAction","target":{"@type":"EntryPoint","urlTemplate":"https:\/\/radioljubuski.ba\/?s={search_term_string}"},"query-input":{"@type":"PropertyValueSpecification","valueRequired":true,"valueName":"search_term_string"}}],"inLanguage":"hr"},{"@type":"Organization","@id":"https:\/\/radioljubuski.ba\/#organization","name":"Radio Ljubu\u0161ki","url":"https:\/\/radioljubuski.ba\/","logo":{"@type":"ImageObject","inLanguage":"hr","@id":"https:\/\/radioljubuski.ba\/#\/schema\/logo\/image\/","url":"https:\/\/radioljubuski.ba\/wp-content\/uploads\/2021\/02\/cropped-Radio_Ljubuski_logo1.jpg","contentUrl":"https:\/\/radioljubuski.ba\/wp-content\/uploads\/2021\/02\/cropped-Radio_Ljubuski_logo1.jpg","width":512,"height":512,"caption":"Radio Ljubu\u0161ki"},"image":{"@id":"https:\/\/radioljubuski.ba\/#\/schema\/logo\/image\/"},"sameAs":["https:\/\/www.facebook.com\/Radiio-Ljubuski-1490835324566332","https:\/\/x.com\/radioljubuski","https:\/\/hr.linkedin.com\/company\/radio-ljubuski","https:\/\/www.youtube.com\/channel\/UCHYaeO_n0Db3tjNGudGpXyw"]},{"@type":"Person","@id":"https:\/\/radioljubuski.ba\/#\/schema\/person\/19fc700381a780f69665d7956c469e3b","name":"Radio Ljubu\u0161ki"}]}},"_links":{"self":[{"href":"https:\/\/radioljubuski.ba\/index.php\/wp-json\/wp\/v2\/posts\/10774","targetHints":{"allow":["GET"]}}],"collection":[{"href":"https:\/\/radioljubuski.ba\/index.php\/wp-json\/wp\/v2\/posts"}],"about":[{"href":"https:\/\/radioljubuski.ba\/index.php\/wp-json\/wp\/v2\/types\/post"}],"author":[{"embeddable":true,"href":"https:\/\/radioljubuski.ba\/index.php\/wp-json\/wp\/v2\/users\/2"}],"replies":[{"embeddable":true,"href":"https:\/\/radioljubuski.ba\/index.php\/wp-json\/wp\/v2\/comments?post=10774"}],"version-history":[{"count":1,"href":"https:\/\/radioljubuski.ba\/index.php\/wp-json\/wp\/v2\/posts\/10774\/revisions"}],"predecessor-version":[{"id":10776,"href":"https:\/\/radioljubuski.ba\/index.php\/wp-json\/wp\/v2\/posts\/10774\/revisions\/10776"}],"wp:featuredmedia":[{"embeddable":true,"href":"https:\/\/radioljubuski.ba\/index.php\/wp-json\/wp\/v2\/media\/10775"}],"wp:attachment":[{"href":"https:\/\/radioljubuski.ba\/index.php\/wp-json\/wp\/v2\/media?parent=10774"}],"wp:term":[{"taxonomy":"category","embeddable":true,"href":"https:\/\/radioljubuski.ba\/index.php\/wp-json\/wp\/v2\/categories?post=10774"},{"taxonomy":"post_tag","embeddable":true,"href":"https:\/\/radioljubuski.ba\/index.php\/wp-json\/wp\/v2\/tags?post=10774"}],"curies":[{"name":"wp","href":"https:\/\/api.w.org\/{rel}","templated":true}]}}