{"id":108382,"date":"2022-01-20T13:51:06","date_gmt":"2022-01-20T12:51:06","guid":{"rendered":"https:\/\/radioljubuski.ba\/?p=108382"},"modified":"2022-01-20T13:51:07","modified_gmt":"2022-01-20T12:51:07","slug":"turkovic-nazvala-bh-gradane-razmazenim-i-porucila-svi-mi-imamo-jako-dobar-zivot","status":"publish","type":"post","link":"https:\/\/radioljubuski.ba\/index.php\/2022\/01\/20\/turkovic-nazvala-bh-gradane-razmazenim-i-porucila-svi-mi-imamo-jako-dobar-zivot\/","title":{"rendered":"Turkovi\u0107 nazvala bh. gra\u0111ane &#8220;razma\u017eenim&#8221; i poru\u010dila: Svi mi imamo jako dobar \u017eivot"},"content":{"rendered":"\n<p>Ministrica vanjskih poslova BiH Bisera Turkovi\u0107 komentirala je, izme\u0111u ostalog, materijalno stanje gra\u0111ana na\u0161e zemlje. Prema onome \u0161to je rekla, dalo bi se zaklju\u010diti da je u BiH sve &#8220;med i mlijeko&#8221;.<\/p>\n\n\n\n<p>Turkovi\u0107 je gostovala u programu televizije Hayat gdje je komentirala aktualnu politi\u010dku situaciju u BiH, a pred kraj intervjua analizirala je i ekonomsku situaciju u zemlji i njen utjecaj na \u017eivot gra\u0111ana, prenosi Klix<\/p>\n\n\n\n<p>&#8220;Situacija svakim danom postaje sve bolja, znate. Ni\u0161ta se ne dobiva bez napora i rada. Postojale su i druge zemlje, znate, europske zemlje, mo\u0107ne zemlje koje su pro\u0161le kroz to, kroz sukobe i negiranja, kroz puno povijesnih upitnika. Ne znam za\u0161to bismo mi bili po\u0161te\u0111eni i imali nekakav idili\u010dan \u017eivot. Treba da se doka\u017eemo, da se izborimo\u201d, navela je ona.<\/p>\n\n\n\n<p>Na komentar novinarke da su ljudi mo\u017eda umorni od borbe, Turkovi\u0107 odgovara da &#8220;nitko nema pravo biti umoran, ako ima ne\u0161to da pojede&#8221;.<\/p>\n\n\n\n<p>\u201cNitko ne treba biti umoran od toga. Niko. Svi mi imamo jako dobar \u017eivot. Onaj koji ima toplinu u domu, svjetlo, koji ima ne\u0161to da pojede, ne mo\u017ee biti umoran. Mislim da smo mi razma\u017eeni&#8221;, ocjenila je ministrica.<\/p>\n\n\n\n<p>Dodala je da nju u Sjednjenim Ameri\u010dkim Dr\u017eavama, kao vrhuncu razvoja demokracije i ljudskih prava, iznenadi kada vidi &#8220;\u0161atore oko State Departmenta u Washingtonu, u koje su smje\u0161teni besku\u0107nici&#8221;.<\/p>\n\n\n\n<p>&#8220;Vi ovdje oko Predsjedni\u0161tva BiH i Vije\u0107a ministara BiH i parlamenata nemate \u0161atore s besku\u0107nicima\u201d, konstatirala je.<\/p>\n\n\n\n<p>Na kraju je priznala da, kako ka\u017ee, tu i tamo i u BiH ima te\u0161kih slu\u010dajeva.<\/p>\n\n\n\n<p>\u201cMi imamo te\u0161kih slu\u010dajeva, tu i tamo, ne treba zatvarati o\u010di pred tim. Ali ve\u0107ina na\u0161eg naroda mo\u017ee sastaviti kraj s krajem. Ali kad se govori o ve\u0107ini naroda mi imamo solidan \u017eivot\u201d, zaklju\u010dila je Turkovi\u0107.<\/p>\n\n\n\n<p>Izvor:pogled.ba<\/p>\n","protected":false},"excerpt":{"rendered":"<p>Ministrica vanjskih poslova BiH Bisera Turkovi\u0107 komentirala je, izme\u0111u ostalog, materijalno stanje gra\u0111ana na\u0161e zemlje. Prema onome \u0161to je rekla, dalo bi se zaklju\u010diti da je u BiH sve &#8220;med i mlijeko&#8221;. Turkovi\u0107 je gostovala u programu televizije Hayat gdje je komentirala aktualnu politi\u010dku situaciju u BiH, a pred kraj intervjua analizirala je i ekonomsku [&hellip;]<\/p>\n","protected":false},"author":2,"featured_media":9588,"comment_status":"closed","ping_status":"closed","sticky":false,"template":"","format":"standard","meta":{"h5ap_radio_sources":[],"footnotes":""},"categories":[1],"tags":[],"class_list":["post-108382","post","type-post","status-publish","format-standard","has-post-thumbnail","hentry","category-bihiregija"],"yoast_head":"<!-- This site is optimized with the Yoast SEO plugin v27.4 - https:\/\/yoast.com\/product\/yoast-seo-wordpress\/ -->\n<title>Turkovi\u0107 nazvala bh. gra\u0111ane &quot;razma\u017eenim&quot; i poru\u010dila: Svi mi imamo jako dobar \u017eivot - RADIO LJUBU\u0160KI<\/title>\n<meta name=\"robots\" content=\"index, follow, max-snippet:-1, max-image-preview:large, max-video-preview:-1\" \/>\n<link rel=\"canonical\" href=\"https:\/\/radioljubuski.ba\/index.php\/2022\/01\/20\/turkovic-nazvala-bh-gradane-razmazenim-i-porucila-svi-mi-imamo-jako-dobar-zivot\/\" \/>\n<meta property=\"og:locale\" content=\"hr_HR\" \/>\n<meta property=\"og:type\" content=\"article\" \/>\n<meta property=\"og:title\" content=\"Turkovi\u0107 nazvala bh. gra\u0111ane &quot;razma\u017eenim&quot; i poru\u010dila: Svi mi imamo jako dobar \u017eivot - RADIO LJUBU\u0160KI\" \/>\n<meta property=\"og:description\" content=\"Ministrica vanjskih poslova BiH Bisera Turkovi\u0107 komentirala je, izme\u0111u ostalog, materijalno stanje gra\u0111ana na\u0161e zemlje. Prema onome \u0161to je rekla, dalo bi se zaklju\u010diti da je u BiH sve &#8220;med i mlijeko&#8221;. Turkovi\u0107 je gostovala u programu televizije Hayat gdje je komentirala aktualnu politi\u010dku situaciju u BiH, a pred kraj intervjua analizirala je i ekonomsku [&hellip;]\" \/>\n<meta property=\"og:url\" content=\"https:\/\/radioljubuski.ba\/index.php\/2022\/01\/20\/turkovic-nazvala-bh-gradane-razmazenim-i-porucila-svi-mi-imamo-jako-dobar-zivot\/\" \/>\n<meta property=\"og:site_name\" content=\"RADIO LJUBU\u0160KI\" \/>\n<meta property=\"article:publisher\" content=\"https:\/\/www.facebook.com\/Radiio-Ljubuski-1490835324566332\" \/>\n<meta property=\"article:published_time\" content=\"2022-01-20T12:51:06+00:00\" \/>\n<meta property=\"article:modified_time\" content=\"2022-01-20T12:51:07+00:00\" \/>\n<meta property=\"og:image\" content=\"https:\/\/radioljubuski.ba\/wp-content\/uploads\/2021\/04\/DMIlqdiE_turkovic.png\" \/>\n\t<meta property=\"og:image:width\" content=\"1000\" \/>\n\t<meta property=\"og:image:height\" content=\"625\" \/>\n\t<meta property=\"og:image:type\" content=\"image\/png\" \/>\n<meta name=\"author\" content=\"Radio Ljubu\u0161ki\" \/>\n<meta name=\"twitter:card\" content=\"summary_large_image\" \/>\n<meta name=\"twitter:creator\" content=\"@radioljubuski\" \/>\n<meta name=\"twitter:site\" content=\"@radioljubuski\" \/>\n<meta name=\"twitter:label1\" content=\"Napisao\/la\" \/>\n\t<meta name=\"twitter:data1\" content=\"Radio Ljubu\u0161ki\" \/>\n\t<meta name=\"twitter:label2\" content=\"Procijenjeno vrijeme \u010ditanja\" \/>\n\t<meta name=\"twitter:data2\" content=\"2 minute\" \/>\n<script type=\"application\/ld+json\" class=\"yoast-schema-graph\">{\"@context\":\"https:\\\/\\\/schema.org\",\"@graph\":[{\"@type\":\"Article\",\"@id\":\"https:\\\/\\\/radioljubuski.ba\\\/index.php\\\/2022\\\/01\\\/20\\\/turkovic-nazvala-bh-gradane-razmazenim-i-porucila-svi-mi-imamo-jako-dobar-zivot\\\/#article\",\"isPartOf\":{\"@id\":\"https:\\\/\\\/radioljubuski.ba\\\/index.php\\\/2022\\\/01\\\/20\\\/turkovic-nazvala-bh-gradane-razmazenim-i-porucila-svi-mi-imamo-jako-dobar-zivot\\\/\"},\"author\":{\"name\":\"Radio Ljubu\u0161ki\",\"@id\":\"https:\\\/\\\/radioljubuski.ba\\\/#\\\/schema\\\/person\\\/19fc700381a780f69665d7956c469e3b\"},\"headline\":\"Turkovi\u0107 nazvala bh. gra\u0111ane &#8220;razma\u017eenim&#8221; i poru\u010dila: Svi mi imamo jako dobar \u017eivot\",\"datePublished\":\"2022-01-20T12:51:06+00:00\",\"dateModified\":\"2022-01-20T12:51:07+00:00\",\"mainEntityOfPage\":{\"@id\":\"https:\\\/\\\/radioljubuski.ba\\\/index.php\\\/2022\\\/01\\\/20\\\/turkovic-nazvala-bh-gradane-razmazenim-i-porucila-svi-mi-imamo-jako-dobar-zivot\\\/\"},\"wordCount\":341,\"publisher\":{\"@id\":\"https:\\\/\\\/radioljubuski.ba\\\/#organization\"},\"image\":{\"@id\":\"https:\\\/\\\/radioljubuski.ba\\\/index.php\\\/2022\\\/01\\\/20\\\/turkovic-nazvala-bh-gradane-razmazenim-i-porucila-svi-mi-imamo-jako-dobar-zivot\\\/#primaryimage\"},\"thumbnailUrl\":\"https:\\\/\\\/radioljubuski.ba\\\/wp-content\\\/uploads\\\/2021\\\/04\\\/DMIlqdiE_turkovic.png\",\"articleSection\":[\"BIH i regija\"],\"inLanguage\":\"hr\"},{\"@type\":\"WebPage\",\"@id\":\"https:\\\/\\\/radioljubuski.ba\\\/index.php\\\/2022\\\/01\\\/20\\\/turkovic-nazvala-bh-gradane-razmazenim-i-porucila-svi-mi-imamo-jako-dobar-zivot\\\/\",\"url\":\"https:\\\/\\\/radioljubuski.ba\\\/index.php\\\/2022\\\/01\\\/20\\\/turkovic-nazvala-bh-gradane-razmazenim-i-porucila-svi-mi-imamo-jako-dobar-zivot\\\/\",\"name\":\"Turkovi\u0107 nazvala bh. gra\u0111ane \\\"razma\u017eenim\\\" i poru\u010dila: Svi mi imamo jako dobar \u017eivot - RADIO LJUBU\u0160KI\",\"isPartOf\":{\"@id\":\"https:\\\/\\\/radioljubuski.ba\\\/#website\"},\"primaryImageOfPage\":{\"@id\":\"https:\\\/\\\/radioljubuski.ba\\\/index.php\\\/2022\\\/01\\\/20\\\/turkovic-nazvala-bh-gradane-razmazenim-i-porucila-svi-mi-imamo-jako-dobar-zivot\\\/#primaryimage\"},\"image\":{\"@id\":\"https:\\\/\\\/radioljubuski.ba\\\/index.php\\\/2022\\\/01\\\/20\\\/turkovic-nazvala-bh-gradane-razmazenim-i-porucila-svi-mi-imamo-jako-dobar-zivot\\\/#primaryimage\"},\"thumbnailUrl\":\"https:\\\/\\\/radioljubuski.ba\\\/wp-content\\\/uploads\\\/2021\\\/04\\\/DMIlqdiE_turkovic.png\",\"datePublished\":\"2022-01-20T12:51:06+00:00\",\"dateModified\":\"2022-01-20T12:51:07+00:00\",\"breadcrumb\":{\"@id\":\"https:\\\/\\\/radioljubuski.ba\\\/index.php\\\/2022\\\/01\\\/20\\\/turkovic-nazvala-bh-gradane-razmazenim-i-porucila-svi-mi-imamo-jako-dobar-zivot\\\/#breadcrumb\"},\"inLanguage\":\"hr\",\"potentialAction\":[{\"@type\":\"ReadAction\",\"target\":[\"https:\\\/\\\/radioljubuski.ba\\\/index.php\\\/2022\\\/01\\\/20\\\/turkovic-nazvala-bh-gradane-razmazenim-i-porucila-svi-mi-imamo-jako-dobar-zivot\\\/\"]}]},{\"@type\":\"ImageObject\",\"inLanguage\":\"hr\",\"@id\":\"https:\\\/\\\/radioljubuski.ba\\\/index.php\\\/2022\\\/01\\\/20\\\/turkovic-nazvala-bh-gradane-razmazenim-i-porucila-svi-mi-imamo-jako-dobar-zivot\\\/#primaryimage\",\"url\":\"https:\\\/\\\/radioljubuski.ba\\\/wp-content\\\/uploads\\\/2021\\\/04\\\/DMIlqdiE_turkovic.png\",\"contentUrl\":\"https:\\\/\\\/radioljubuski.ba\\\/wp-content\\\/uploads\\\/2021\\\/04\\\/DMIlqdiE_turkovic.png\",\"width\":1000,\"height\":625},{\"@type\":\"BreadcrumbList\",\"@id\":\"https:\\\/\\\/radioljubuski.ba\\\/index.php\\\/2022\\\/01\\\/20\\\/turkovic-nazvala-bh-gradane-razmazenim-i-porucila-svi-mi-imamo-jako-dobar-zivot\\\/#breadcrumb\",\"itemListElement\":[{\"@type\":\"ListItem\",\"position\":1,\"name\":\"Po\u010detna stranica\",\"item\":\"https:\\\/\\\/radioljubuski.ba\\\/\"},{\"@type\":\"ListItem\",\"position\":2,\"name\":\"Turkovi\u0107 nazvala bh. gra\u0111ane &#8220;razma\u017eenim&#8221; i poru\u010dila: Svi mi imamo jako dobar \u017eivot\"}]},{\"@type\":\"WebSite\",\"@id\":\"https:\\\/\\\/radioljubuski.ba\\\/#website\",\"url\":\"https:\\\/\\\/radioljubuski.ba\\\/\",\"name\":\"Radio Ljubu\u0161ki\",\"description\":\"Sun\u010dana frekvencija Hercegovine\",\"publisher\":{\"@id\":\"https:\\\/\\\/radioljubuski.ba\\\/#organization\"},\"potentialAction\":[{\"@type\":\"SearchAction\",\"target\":{\"@type\":\"EntryPoint\",\"urlTemplate\":\"https:\\\/\\\/radioljubuski.ba\\\/?s={search_term_string}\"},\"query-input\":{\"@type\":\"PropertyValueSpecification\",\"valueRequired\":true,\"valueName\":\"search_term_string\"}}],\"inLanguage\":\"hr\"},{\"@type\":\"Organization\",\"@id\":\"https:\\\/\\\/radioljubuski.ba\\\/#organization\",\"name\":\"Radio Ljubu\u0161ki\",\"url\":\"https:\\\/\\\/radioljubuski.ba\\\/\",\"logo\":{\"@type\":\"ImageObject\",\"inLanguage\":\"hr\",\"@id\":\"https:\\\/\\\/radioljubuski.ba\\\/#\\\/schema\\\/logo\\\/image\\\/\",\"url\":\"https:\\\/\\\/radioljubuski.ba\\\/wp-content\\\/uploads\\\/2021\\\/02\\\/cropped-Radio_Ljubuski_logo1.jpg\",\"contentUrl\":\"https:\\\/\\\/radioljubuski.ba\\\/wp-content\\\/uploads\\\/2021\\\/02\\\/cropped-Radio_Ljubuski_logo1.jpg\",\"width\":512,\"height\":512,\"caption\":\"Radio Ljubu\u0161ki\"},\"image\":{\"@id\":\"https:\\\/\\\/radioljubuski.ba\\\/#\\\/schema\\\/logo\\\/image\\\/\"},\"sameAs\":[\"https:\\\/\\\/www.facebook.com\\\/Radiio-Ljubuski-1490835324566332\",\"https:\\\/\\\/x.com\\\/radioljubuski\",\"https:\\\/\\\/hr.linkedin.com\\\/company\\\/radio-ljubuski\",\"https:\\\/\\\/www.youtube.com\\\/channel\\\/UCHYaeO_n0Db3tjNGudGpXyw\"]},{\"@type\":\"Person\",\"@id\":\"https:\\\/\\\/radioljubuski.ba\\\/#\\\/schema\\\/person\\\/19fc700381a780f69665d7956c469e3b\",\"name\":\"Radio Ljubu\u0161ki\"}]}<\/script>\n<!-- \/ Yoast SEO plugin. -->","yoast_head_json":{"title":"Turkovi\u0107 nazvala bh. gra\u0111ane \"razma\u017eenim\" i poru\u010dila: Svi mi imamo jako dobar \u017eivot - RADIO LJUBU\u0160KI","robots":{"index":"index","follow":"follow","max-snippet":"max-snippet:-1","max-image-preview":"max-image-preview:large","max-video-preview":"max-video-preview:-1"},"canonical":"https:\/\/radioljubuski.ba\/index.php\/2022\/01\/20\/turkovic-nazvala-bh-gradane-razmazenim-i-porucila-svi-mi-imamo-jako-dobar-zivot\/","og_locale":"hr_HR","og_type":"article","og_title":"Turkovi\u0107 nazvala bh. gra\u0111ane \"razma\u017eenim\" i poru\u010dila: Svi mi imamo jako dobar \u017eivot - RADIO LJUBU\u0160KI","og_description":"Ministrica vanjskih poslova BiH Bisera Turkovi\u0107 komentirala je, izme\u0111u ostalog, materijalno stanje gra\u0111ana na\u0161e zemlje. Prema onome \u0161to je rekla, dalo bi se zaklju\u010diti da je u BiH sve &#8220;med i mlijeko&#8221;. Turkovi\u0107 je gostovala u programu televizije Hayat gdje je komentirala aktualnu politi\u010dku situaciju u BiH, a pred kraj intervjua analizirala je i ekonomsku [&hellip;]","og_url":"https:\/\/radioljubuski.ba\/index.php\/2022\/01\/20\/turkovic-nazvala-bh-gradane-razmazenim-i-porucila-svi-mi-imamo-jako-dobar-zivot\/","og_site_name":"RADIO LJUBU\u0160KI","article_publisher":"https:\/\/www.facebook.com\/Radiio-Ljubuski-1490835324566332","article_published_time":"2022-01-20T12:51:06+00:00","article_modified_time":"2022-01-20T12:51:07+00:00","og_image":[{"width":1000,"height":625,"url":"https:\/\/radioljubuski.ba\/wp-content\/uploads\/2021\/04\/DMIlqdiE_turkovic.png","type":"image\/png"}],"author":"Radio Ljubu\u0161ki","twitter_card":"summary_large_image","twitter_creator":"@radioljubuski","twitter_site":"@radioljubuski","twitter_misc":{"Napisao\/la":"Radio Ljubu\u0161ki","Procijenjeno vrijeme \u010ditanja":"2 minute"},"schema":{"@context":"https:\/\/schema.org","@graph":[{"@type":"Article","@id":"https:\/\/radioljubuski.ba\/index.php\/2022\/01\/20\/turkovic-nazvala-bh-gradane-razmazenim-i-porucila-svi-mi-imamo-jako-dobar-zivot\/#article","isPartOf":{"@id":"https:\/\/radioljubuski.ba\/index.php\/2022\/01\/20\/turkovic-nazvala-bh-gradane-razmazenim-i-porucila-svi-mi-imamo-jako-dobar-zivot\/"},"author":{"name":"Radio Ljubu\u0161ki","@id":"https:\/\/radioljubuski.ba\/#\/schema\/person\/19fc700381a780f69665d7956c469e3b"},"headline":"Turkovi\u0107 nazvala bh. gra\u0111ane &#8220;razma\u017eenim&#8221; i poru\u010dila: Svi mi imamo jako dobar \u017eivot","datePublished":"2022-01-20T12:51:06+00:00","dateModified":"2022-01-20T12:51:07+00:00","mainEntityOfPage":{"@id":"https:\/\/radioljubuski.ba\/index.php\/2022\/01\/20\/turkovic-nazvala-bh-gradane-razmazenim-i-porucila-svi-mi-imamo-jako-dobar-zivot\/"},"wordCount":341,"publisher":{"@id":"https:\/\/radioljubuski.ba\/#organization"},"image":{"@id":"https:\/\/radioljubuski.ba\/index.php\/2022\/01\/20\/turkovic-nazvala-bh-gradane-razmazenim-i-porucila-svi-mi-imamo-jako-dobar-zivot\/#primaryimage"},"thumbnailUrl":"https:\/\/radioljubuski.ba\/wp-content\/uploads\/2021\/04\/DMIlqdiE_turkovic.png","articleSection":["BIH i regija"],"inLanguage":"hr"},{"@type":"WebPage","@id":"https:\/\/radioljubuski.ba\/index.php\/2022\/01\/20\/turkovic-nazvala-bh-gradane-razmazenim-i-porucila-svi-mi-imamo-jako-dobar-zivot\/","url":"https:\/\/radioljubuski.ba\/index.php\/2022\/01\/20\/turkovic-nazvala-bh-gradane-razmazenim-i-porucila-svi-mi-imamo-jako-dobar-zivot\/","name":"Turkovi\u0107 nazvala bh. gra\u0111ane \"razma\u017eenim\" i poru\u010dila: Svi mi imamo jako dobar \u017eivot - RADIO LJUBU\u0160KI","isPartOf":{"@id":"https:\/\/radioljubuski.ba\/#website"},"primaryImageOfPage":{"@id":"https:\/\/radioljubuski.ba\/index.php\/2022\/01\/20\/turkovic-nazvala-bh-gradane-razmazenim-i-porucila-svi-mi-imamo-jako-dobar-zivot\/#primaryimage"},"image":{"@id":"https:\/\/radioljubuski.ba\/index.php\/2022\/01\/20\/turkovic-nazvala-bh-gradane-razmazenim-i-porucila-svi-mi-imamo-jako-dobar-zivot\/#primaryimage"},"thumbnailUrl":"https:\/\/radioljubuski.ba\/wp-content\/uploads\/2021\/04\/DMIlqdiE_turkovic.png","datePublished":"2022-01-20T12:51:06+00:00","dateModified":"2022-01-20T12:51:07+00:00","breadcrumb":{"@id":"https:\/\/radioljubuski.ba\/index.php\/2022\/01\/20\/turkovic-nazvala-bh-gradane-razmazenim-i-porucila-svi-mi-imamo-jako-dobar-zivot\/#breadcrumb"},"inLanguage":"hr","potentialAction":[{"@type":"ReadAction","target":["https:\/\/radioljubuski.ba\/index.php\/2022\/01\/20\/turkovic-nazvala-bh-gradane-razmazenim-i-porucila-svi-mi-imamo-jako-dobar-zivot\/"]}]},{"@type":"ImageObject","inLanguage":"hr","@id":"https:\/\/radioljubuski.ba\/index.php\/2022\/01\/20\/turkovic-nazvala-bh-gradane-razmazenim-i-porucila-svi-mi-imamo-jako-dobar-zivot\/#primaryimage","url":"https:\/\/radioljubuski.ba\/wp-content\/uploads\/2021\/04\/DMIlqdiE_turkovic.png","contentUrl":"https:\/\/radioljubuski.ba\/wp-content\/uploads\/2021\/04\/DMIlqdiE_turkovic.png","width":1000,"height":625},{"@type":"BreadcrumbList","@id":"https:\/\/radioljubuski.ba\/index.php\/2022\/01\/20\/turkovic-nazvala-bh-gradane-razmazenim-i-porucila-svi-mi-imamo-jako-dobar-zivot\/#breadcrumb","itemListElement":[{"@type":"ListItem","position":1,"name":"Po\u010detna stranica","item":"https:\/\/radioljubuski.ba\/"},{"@type":"ListItem","position":2,"name":"Turkovi\u0107 nazvala bh. gra\u0111ane &#8220;razma\u017eenim&#8221; i poru\u010dila: Svi mi imamo jako dobar \u017eivot"}]},{"@type":"WebSite","@id":"https:\/\/radioljubuski.ba\/#website","url":"https:\/\/radioljubuski.ba\/","name":"Radio Ljubu\u0161ki","description":"Sun\u010dana frekvencija Hercegovine","publisher":{"@id":"https:\/\/radioljubuski.ba\/#organization"},"potentialAction":[{"@type":"SearchAction","target":{"@type":"EntryPoint","urlTemplate":"https:\/\/radioljubuski.ba\/?s={search_term_string}"},"query-input":{"@type":"PropertyValueSpecification","valueRequired":true,"valueName":"search_term_string"}}],"inLanguage":"hr"},{"@type":"Organization","@id":"https:\/\/radioljubuski.ba\/#organization","name":"Radio Ljubu\u0161ki","url":"https:\/\/radioljubuski.ba\/","logo":{"@type":"ImageObject","inLanguage":"hr","@id":"https:\/\/radioljubuski.ba\/#\/schema\/logo\/image\/","url":"https:\/\/radioljubuski.ba\/wp-content\/uploads\/2021\/02\/cropped-Radio_Ljubuski_logo1.jpg","contentUrl":"https:\/\/radioljubuski.ba\/wp-content\/uploads\/2021\/02\/cropped-Radio_Ljubuski_logo1.jpg","width":512,"height":512,"caption":"Radio Ljubu\u0161ki"},"image":{"@id":"https:\/\/radioljubuski.ba\/#\/schema\/logo\/image\/"},"sameAs":["https:\/\/www.facebook.com\/Radiio-Ljubuski-1490835324566332","https:\/\/x.com\/radioljubuski","https:\/\/hr.linkedin.com\/company\/radio-ljubuski","https:\/\/www.youtube.com\/channel\/UCHYaeO_n0Db3tjNGudGpXyw"]},{"@type":"Person","@id":"https:\/\/radioljubuski.ba\/#\/schema\/person\/19fc700381a780f69665d7956c469e3b","name":"Radio Ljubu\u0161ki"}]}},"_links":{"self":[{"href":"https:\/\/radioljubuski.ba\/index.php\/wp-json\/wp\/v2\/posts\/108382","targetHints":{"allow":["GET"]}}],"collection":[{"href":"https:\/\/radioljubuski.ba\/index.php\/wp-json\/wp\/v2\/posts"}],"about":[{"href":"https:\/\/radioljubuski.ba\/index.php\/wp-json\/wp\/v2\/types\/post"}],"author":[{"embeddable":true,"href":"https:\/\/radioljubuski.ba\/index.php\/wp-json\/wp\/v2\/users\/2"}],"replies":[{"embeddable":true,"href":"https:\/\/radioljubuski.ba\/index.php\/wp-json\/wp\/v2\/comments?post=108382"}],"version-history":[{"count":1,"href":"https:\/\/radioljubuski.ba\/index.php\/wp-json\/wp\/v2\/posts\/108382\/revisions"}],"predecessor-version":[{"id":108383,"href":"https:\/\/radioljubuski.ba\/index.php\/wp-json\/wp\/v2\/posts\/108382\/revisions\/108383"}],"wp:featuredmedia":[{"embeddable":true,"href":"https:\/\/radioljubuski.ba\/index.php\/wp-json\/wp\/v2\/media\/9588"}],"wp:attachment":[{"href":"https:\/\/radioljubuski.ba\/index.php\/wp-json\/wp\/v2\/media?parent=108382"}],"wp:term":[{"taxonomy":"category","embeddable":true,"href":"https:\/\/radioljubuski.ba\/index.php\/wp-json\/wp\/v2\/categories?post=108382"},{"taxonomy":"post_tag","embeddable":true,"href":"https:\/\/radioljubuski.ba\/index.php\/wp-json\/wp\/v2\/tags?post=108382"}],"curies":[{"name":"wp","href":"https:\/\/api.w.org\/{rel}","templated":true}]}}