{"id":10839,"date":"2021-04-08T16:59:42","date_gmt":"2021-04-08T15:59:42","guid":{"rendered":"https:\/\/radioljubuski.ba\/?p=10839"},"modified":"2021-04-08T16:59:44","modified_gmt":"2021-04-08T15:59:44","slug":"akcija-posadi-svoj-hlad-podjela-besplatnih-sadnica-gradanima-ljubuskog","status":"publish","type":"post","link":"https:\/\/radioljubuski.ba\/index.php\/2021\/04\/08\/akcija-posadi-svoj-hlad-podjela-besplatnih-sadnica-gradanima-ljubuskog\/","title":{"rendered":"Akcija \u201cPosadi svoj hlad\u201d: Podjela besplatnih sadnica gra\u0111anima Ljubu\u0161kog"},"content":{"rendered":"\n<p>Zahvaljuju\u0107i inicijativi koja je pokrenuta na dru\u0161tvenim mre\u017eama i odazivom velikog broja Ljubu\u0161aka, Udruga mladih Agape se pridru\u017eila akciji &#8220;Posadi svoj hlad&#8221; i ovom prilikom obavjestila je javnost da \u0107e biti organizirana javna podjela sadnica u petak 09.04.2021. u 12.00h u Ljubu\u0161kom, na trgu dr. Franje Tu\u0111mana, iza zgrade Gradske Uprave. <\/p>\n\n\n\n<p>Sadnice su osigurane uz pomo\u0107 dru\u0161tveno odgovornih tvrtki koje \u017eele da ozelene mjesta gdje \u017eivimo i kojima je bitno zdravlje gra\u0111ana.<\/p>\n\n\n\n<p>&#8220;<em>Ovo nije samo ekolo\u0161ka akcija, usmjerena prema borbi protiv klimatskih promjena, ve\u0107 je i akcija koja ima zdravstvenu funkciju jer je svako drvo jedinstveni zeleni respirator. U akciji se dijele dvogodi\u0161nje sadnice bijelog jasena uz upute za sadnju. Zato posadite svoj hlad i osigurajte \u010disti zrak Vama i Va\u0161oj obitelji! Broj sadnica je ograni\u010den, jedna osoba mo\u017ee najvi\u0161e dobiti jednu sadnicu!,<\/em> poru\u010duju iz udruge mladih Agape. <\/p>\n\n\n\n<p>&#8220;Svaka sadnica sadr\u017ei logo sponzora kao i QR kod preko kojeg se mo\u017eete registrirati i pratiti upute za njen daljni razvoj. Druga strana vezice je ostavljena za Va\u0161e ime i datum sadnje&#8221;, dodali su. <\/p>\n\n\n\n<p><em>&#8220;Mi ne sadimo drve\u0107e u \u0161umama nego u gradovima zato \u0161to tamo i \u017eivimo. Iz tog razloga i realiziramo Projekat Posadi Svoj Hlad, kako bismo nadoknadili nedostatak zelenila u urbanim gradskim sredinama. Na\u0161 plan je, da u narednim godinama podijelimo 300.000 sadnica \u00a0gra\u0111anima i na taj na\u010din stvorimo zdravija mjesta za \u017eivot svih nas&#8221;, poru\u010duju organizatori ovog projekta. <\/em><\/p>\n\n\n\n<p>\u00a0Projekat Posadi svoj hlad je usugla\u0161en sa ciljevima definiranim u pretpristupnom Poglavlju 27, kao i u skladu sa ciljevima svjetske akcije \u201eTrillion Trees\u201d Svjetskog ekonomskog foruma (WEF) u Davosu. <\/p>\n\n\n\n<p>Ovaj projekat je tako\u0111er usugla\u0161en sa europskim Zelenim planom (European New Deal) u kome je \u010disti zrak u urbanim sredinama jedan od stupova cirkularne ekonomije i podr\u017ean je od brojnih institucija.<\/p>\n\n\n\n<p><strong>Radio Ljubu\u0161ki<\/strong><\/p>\n","protected":false},"excerpt":{"rendered":"<p>Zahvaljuju\u0107i inicijativi koja je pokrenuta na dru\u0161tvenim mre\u017eama i odazivom velikog broja Ljubu\u0161aka, Udruga mladih Agape se pridru\u017eila akciji &#8220;Posadi svoj hlad&#8221; i ovom prilikom obavjestila je javnost da \u0107e biti organizirana javna podjela sadnica u petak 09.04.2021. u 12.00h u Ljubu\u0161kom, na trgu dr. Franje Tu\u0111mana, iza zgrade Gradske Uprave. Sadnice su osigurane uz [&hellip;]<\/p>\n","protected":false},"author":2,"featured_media":0,"comment_status":"closed","ping_status":"closed","sticky":false,"template":"","format":"standard","meta":{"h5ap_radio_sources":[],"footnotes":""},"categories":[3],"tags":[],"class_list":["post-10839","post","type-post","status-publish","format-standard","hentry","category-ljubuski"],"yoast_head":"<!-- This site is optimized with the Yoast SEO plugin v27.5 - https:\/\/yoast.com\/product\/yoast-seo-wordpress\/ -->\n<title>Akcija \u201cPosadi svoj hlad\u201d: Podjela besplatnih sadnica gra\u0111anima Ljubu\u0161kog - RADIO LJUBU\u0160KI<\/title>\n<meta name=\"robots\" content=\"index, follow, max-snippet:-1, max-image-preview:large, max-video-preview:-1\" \/>\n<link rel=\"canonical\" href=\"https:\/\/radioljubuski.ba\/index.php\/2021\/04\/08\/akcija-posadi-svoj-hlad-podjela-besplatnih-sadnica-gradanima-ljubuskog\/\" \/>\n<meta property=\"og:locale\" content=\"hr_HR\" \/>\n<meta property=\"og:type\" content=\"article\" \/>\n<meta property=\"og:title\" content=\"Akcija \u201cPosadi svoj hlad\u201d: Podjela besplatnih sadnica gra\u0111anima Ljubu\u0161kog - RADIO LJUBU\u0160KI\" \/>\n<meta property=\"og:description\" content=\"Zahvaljuju\u0107i inicijativi koja je pokrenuta na dru\u0161tvenim mre\u017eama i odazivom velikog broja Ljubu\u0161aka, Udruga mladih Agape se pridru\u017eila akciji &#8220;Posadi svoj hlad&#8221; i ovom prilikom obavjestila je javnost da \u0107e biti organizirana javna podjela sadnica u petak 09.04.2021. u 12.00h u Ljubu\u0161kom, na trgu dr. Franje Tu\u0111mana, iza zgrade Gradske Uprave. Sadnice su osigurane uz [&hellip;]\" \/>\n<meta property=\"og:url\" content=\"https:\/\/radioljubuski.ba\/index.php\/2021\/04\/08\/akcija-posadi-svoj-hlad-podjela-besplatnih-sadnica-gradanima-ljubuskog\/\" \/>\n<meta property=\"og:site_name\" content=\"RADIO LJUBU\u0160KI\" \/>\n<meta property=\"article:publisher\" content=\"https:\/\/www.facebook.com\/Radiio-Ljubuski-1490835324566332\" \/>\n<meta property=\"article:published_time\" content=\"2021-04-08T15:59:42+00:00\" \/>\n<meta property=\"article:modified_time\" content=\"2021-04-08T15:59:44+00:00\" \/>\n<meta property=\"og:image\" content=\"https:\/\/radioljubuski.ba\/wp-content\/uploads\/2021\/04\/sadnice.jpg\" \/>\n\t<meta property=\"og:image:width\" content=\"583\" \/>\n\t<meta property=\"og:image:height\" content=\"364\" \/>\n\t<meta property=\"og:image:type\" content=\"image\/jpeg\" \/>\n<meta name=\"author\" content=\"Radio Ljubu\u0161ki\" \/>\n<meta name=\"twitter:card\" content=\"summary_large_image\" \/>\n<meta name=\"twitter:creator\" content=\"@radioljubuski\" \/>\n<meta name=\"twitter:site\" content=\"@radioljubuski\" \/>\n<meta name=\"twitter:label1\" content=\"Napisao\/la\" \/>\n\t<meta name=\"twitter:data1\" content=\"Radio Ljubu\u0161ki\" \/>\n\t<meta name=\"twitter:label2\" content=\"Procijenjeno vrijeme \u010ditanja\" \/>\n\t<meta name=\"twitter:data2\" content=\"2 minute\" \/>\n<script type=\"application\/ld+json\" class=\"yoast-schema-graph\">{\"@context\":\"https:\\\/\\\/schema.org\",\"@graph\":[{\"@type\":\"Article\",\"@id\":\"https:\\\/\\\/radioljubuski.ba\\\/index.php\\\/2021\\\/04\\\/08\\\/akcija-posadi-svoj-hlad-podjela-besplatnih-sadnica-gradanima-ljubuskog\\\/#article\",\"isPartOf\":{\"@id\":\"https:\\\/\\\/radioljubuski.ba\\\/index.php\\\/2021\\\/04\\\/08\\\/akcija-posadi-svoj-hlad-podjela-besplatnih-sadnica-gradanima-ljubuskog\\\/\"},\"author\":{\"name\":\"Radio Ljubu\u0161ki\",\"@id\":\"https:\\\/\\\/radioljubuski.ba\\\/#\\\/schema\\\/person\\\/19fc700381a780f69665d7956c469e3b\"},\"headline\":\"Akcija \u201cPosadi svoj hlad\u201d: Podjela besplatnih sadnica gra\u0111anima Ljubu\u0161kog\",\"datePublished\":\"2021-04-08T15:59:42+00:00\",\"dateModified\":\"2021-04-08T15:59:44+00:00\",\"mainEntityOfPage\":{\"@id\":\"https:\\\/\\\/radioljubuski.ba\\\/index.php\\\/2021\\\/04\\\/08\\\/akcija-posadi-svoj-hlad-podjela-besplatnih-sadnica-gradanima-ljubuskog\\\/\"},\"wordCount\":328,\"publisher\":{\"@id\":\"https:\\\/\\\/radioljubuski.ba\\\/#organization\"},\"articleSection\":[\"Ljubu\u0161ki\"],\"inLanguage\":\"hr\"},{\"@type\":\"WebPage\",\"@id\":\"https:\\\/\\\/radioljubuski.ba\\\/index.php\\\/2021\\\/04\\\/08\\\/akcija-posadi-svoj-hlad-podjela-besplatnih-sadnica-gradanima-ljubuskog\\\/\",\"url\":\"https:\\\/\\\/radioljubuski.ba\\\/index.php\\\/2021\\\/04\\\/08\\\/akcija-posadi-svoj-hlad-podjela-besplatnih-sadnica-gradanima-ljubuskog\\\/\",\"name\":\"Akcija \u201cPosadi svoj hlad\u201d: Podjela besplatnih sadnica gra\u0111anima Ljubu\u0161kog - RADIO LJUBU\u0160KI\",\"isPartOf\":{\"@id\":\"https:\\\/\\\/radioljubuski.ba\\\/#website\"},\"datePublished\":\"2021-04-08T15:59:42+00:00\",\"dateModified\":\"2021-04-08T15:59:44+00:00\",\"breadcrumb\":{\"@id\":\"https:\\\/\\\/radioljubuski.ba\\\/index.php\\\/2021\\\/04\\\/08\\\/akcija-posadi-svoj-hlad-podjela-besplatnih-sadnica-gradanima-ljubuskog\\\/#breadcrumb\"},\"inLanguage\":\"hr\",\"potentialAction\":[{\"@type\":\"ReadAction\",\"target\":[\"https:\\\/\\\/radioljubuski.ba\\\/index.php\\\/2021\\\/04\\\/08\\\/akcija-posadi-svoj-hlad-podjela-besplatnih-sadnica-gradanima-ljubuskog\\\/\"]}]},{\"@type\":\"BreadcrumbList\",\"@id\":\"https:\\\/\\\/radioljubuski.ba\\\/index.php\\\/2021\\\/04\\\/08\\\/akcija-posadi-svoj-hlad-podjela-besplatnih-sadnica-gradanima-ljubuskog\\\/#breadcrumb\",\"itemListElement\":[{\"@type\":\"ListItem\",\"position\":1,\"name\":\"Po\u010detna stranica\",\"item\":\"https:\\\/\\\/radioljubuski.ba\\\/\"},{\"@type\":\"ListItem\",\"position\":2,\"name\":\"Akcija \u201cPosadi svoj hlad\u201d: Podjela besplatnih sadnica gra\u0111anima Ljubu\u0161kog\"}]},{\"@type\":\"WebSite\",\"@id\":\"https:\\\/\\\/radioljubuski.ba\\\/#website\",\"url\":\"https:\\\/\\\/radioljubuski.ba\\\/\",\"name\":\"Radio Ljubu\u0161ki\",\"description\":\"Sun\u010dana frekvencija Hercegovine\",\"publisher\":{\"@id\":\"https:\\\/\\\/radioljubuski.ba\\\/#organization\"},\"potentialAction\":[{\"@type\":\"SearchAction\",\"target\":{\"@type\":\"EntryPoint\",\"urlTemplate\":\"https:\\\/\\\/radioljubuski.ba\\\/?s={search_term_string}\"},\"query-input\":{\"@type\":\"PropertyValueSpecification\",\"valueRequired\":true,\"valueName\":\"search_term_string\"}}],\"inLanguage\":\"hr\"},{\"@type\":\"Organization\",\"@id\":\"https:\\\/\\\/radioljubuski.ba\\\/#organization\",\"name\":\"Radio Ljubu\u0161ki\",\"url\":\"https:\\\/\\\/radioljubuski.ba\\\/\",\"logo\":{\"@type\":\"ImageObject\",\"inLanguage\":\"hr\",\"@id\":\"https:\\\/\\\/radioljubuski.ba\\\/#\\\/schema\\\/logo\\\/image\\\/\",\"url\":\"https:\\\/\\\/radioljubuski.ba\\\/wp-content\\\/uploads\\\/2021\\\/02\\\/cropped-Radio_Ljubuski_logo1.jpg\",\"contentUrl\":\"https:\\\/\\\/radioljubuski.ba\\\/wp-content\\\/uploads\\\/2021\\\/02\\\/cropped-Radio_Ljubuski_logo1.jpg\",\"width\":512,\"height\":512,\"caption\":\"Radio Ljubu\u0161ki\"},\"image\":{\"@id\":\"https:\\\/\\\/radioljubuski.ba\\\/#\\\/schema\\\/logo\\\/image\\\/\"},\"sameAs\":[\"https:\\\/\\\/www.facebook.com\\\/Radiio-Ljubuski-1490835324566332\",\"https:\\\/\\\/x.com\\\/radioljubuski\",\"https:\\\/\\\/hr.linkedin.com\\\/company\\\/radio-ljubuski\",\"https:\\\/\\\/www.youtube.com\\\/channel\\\/UCHYaeO_n0Db3tjNGudGpXyw\"]},{\"@type\":\"Person\",\"@id\":\"https:\\\/\\\/radioljubuski.ba\\\/#\\\/schema\\\/person\\\/19fc700381a780f69665d7956c469e3b\",\"name\":\"Radio Ljubu\u0161ki\"}]}<\/script>\n<!-- \/ Yoast SEO plugin. -->","yoast_head_json":{"title":"Akcija \u201cPosadi svoj hlad\u201d: Podjela besplatnih sadnica gra\u0111anima Ljubu\u0161kog - RADIO LJUBU\u0160KI","robots":{"index":"index","follow":"follow","max-snippet":"max-snippet:-1","max-image-preview":"max-image-preview:large","max-video-preview":"max-video-preview:-1"},"canonical":"https:\/\/radioljubuski.ba\/index.php\/2021\/04\/08\/akcija-posadi-svoj-hlad-podjela-besplatnih-sadnica-gradanima-ljubuskog\/","og_locale":"hr_HR","og_type":"article","og_title":"Akcija \u201cPosadi svoj hlad\u201d: Podjela besplatnih sadnica gra\u0111anima Ljubu\u0161kog - RADIO LJUBU\u0160KI","og_description":"Zahvaljuju\u0107i inicijativi koja je pokrenuta na dru\u0161tvenim mre\u017eama i odazivom velikog broja Ljubu\u0161aka, Udruga mladih Agape se pridru\u017eila akciji &#8220;Posadi svoj hlad&#8221; i ovom prilikom obavjestila je javnost da \u0107e biti organizirana javna podjela sadnica u petak 09.04.2021. u 12.00h u Ljubu\u0161kom, na trgu dr. Franje Tu\u0111mana, iza zgrade Gradske Uprave. Sadnice su osigurane uz [&hellip;]","og_url":"https:\/\/radioljubuski.ba\/index.php\/2021\/04\/08\/akcija-posadi-svoj-hlad-podjela-besplatnih-sadnica-gradanima-ljubuskog\/","og_site_name":"RADIO LJUBU\u0160KI","article_publisher":"https:\/\/www.facebook.com\/Radiio-Ljubuski-1490835324566332","article_published_time":"2021-04-08T15:59:42+00:00","article_modified_time":"2021-04-08T15:59:44+00:00","og_image":[{"width":583,"height":364,"url":"https:\/\/radioljubuski.ba\/wp-content\/uploads\/2021\/04\/sadnice.jpg","type":"image\/jpeg"}],"author":"Radio Ljubu\u0161ki","twitter_card":"summary_large_image","twitter_creator":"@radioljubuski","twitter_site":"@radioljubuski","twitter_misc":{"Napisao\/la":"Radio Ljubu\u0161ki","Procijenjeno vrijeme \u010ditanja":"2 minute"},"schema":{"@context":"https:\/\/schema.org","@graph":[{"@type":"Article","@id":"https:\/\/radioljubuski.ba\/index.php\/2021\/04\/08\/akcija-posadi-svoj-hlad-podjela-besplatnih-sadnica-gradanima-ljubuskog\/#article","isPartOf":{"@id":"https:\/\/radioljubuski.ba\/index.php\/2021\/04\/08\/akcija-posadi-svoj-hlad-podjela-besplatnih-sadnica-gradanima-ljubuskog\/"},"author":{"name":"Radio Ljubu\u0161ki","@id":"https:\/\/radioljubuski.ba\/#\/schema\/person\/19fc700381a780f69665d7956c469e3b"},"headline":"Akcija \u201cPosadi svoj hlad\u201d: Podjela besplatnih sadnica gra\u0111anima Ljubu\u0161kog","datePublished":"2021-04-08T15:59:42+00:00","dateModified":"2021-04-08T15:59:44+00:00","mainEntityOfPage":{"@id":"https:\/\/radioljubuski.ba\/index.php\/2021\/04\/08\/akcija-posadi-svoj-hlad-podjela-besplatnih-sadnica-gradanima-ljubuskog\/"},"wordCount":328,"publisher":{"@id":"https:\/\/radioljubuski.ba\/#organization"},"articleSection":["Ljubu\u0161ki"],"inLanguage":"hr"},{"@type":"WebPage","@id":"https:\/\/radioljubuski.ba\/index.php\/2021\/04\/08\/akcija-posadi-svoj-hlad-podjela-besplatnih-sadnica-gradanima-ljubuskog\/","url":"https:\/\/radioljubuski.ba\/index.php\/2021\/04\/08\/akcija-posadi-svoj-hlad-podjela-besplatnih-sadnica-gradanima-ljubuskog\/","name":"Akcija \u201cPosadi svoj hlad\u201d: Podjela besplatnih sadnica gra\u0111anima Ljubu\u0161kog - RADIO LJUBU\u0160KI","isPartOf":{"@id":"https:\/\/radioljubuski.ba\/#website"},"datePublished":"2021-04-08T15:59:42+00:00","dateModified":"2021-04-08T15:59:44+00:00","breadcrumb":{"@id":"https:\/\/radioljubuski.ba\/index.php\/2021\/04\/08\/akcija-posadi-svoj-hlad-podjela-besplatnih-sadnica-gradanima-ljubuskog\/#breadcrumb"},"inLanguage":"hr","potentialAction":[{"@type":"ReadAction","target":["https:\/\/radioljubuski.ba\/index.php\/2021\/04\/08\/akcija-posadi-svoj-hlad-podjela-besplatnih-sadnica-gradanima-ljubuskog\/"]}]},{"@type":"BreadcrumbList","@id":"https:\/\/radioljubuski.ba\/index.php\/2021\/04\/08\/akcija-posadi-svoj-hlad-podjela-besplatnih-sadnica-gradanima-ljubuskog\/#breadcrumb","itemListElement":[{"@type":"ListItem","position":1,"name":"Po\u010detna stranica","item":"https:\/\/radioljubuski.ba\/"},{"@type":"ListItem","position":2,"name":"Akcija \u201cPosadi svoj hlad\u201d: Podjela besplatnih sadnica gra\u0111anima Ljubu\u0161kog"}]},{"@type":"WebSite","@id":"https:\/\/radioljubuski.ba\/#website","url":"https:\/\/radioljubuski.ba\/","name":"Radio Ljubu\u0161ki","description":"Sun\u010dana frekvencija Hercegovine","publisher":{"@id":"https:\/\/radioljubuski.ba\/#organization"},"potentialAction":[{"@type":"SearchAction","target":{"@type":"EntryPoint","urlTemplate":"https:\/\/radioljubuski.ba\/?s={search_term_string}"},"query-input":{"@type":"PropertyValueSpecification","valueRequired":true,"valueName":"search_term_string"}}],"inLanguage":"hr"},{"@type":"Organization","@id":"https:\/\/radioljubuski.ba\/#organization","name":"Radio Ljubu\u0161ki","url":"https:\/\/radioljubuski.ba\/","logo":{"@type":"ImageObject","inLanguage":"hr","@id":"https:\/\/radioljubuski.ba\/#\/schema\/logo\/image\/","url":"https:\/\/radioljubuski.ba\/wp-content\/uploads\/2021\/02\/cropped-Radio_Ljubuski_logo1.jpg","contentUrl":"https:\/\/radioljubuski.ba\/wp-content\/uploads\/2021\/02\/cropped-Radio_Ljubuski_logo1.jpg","width":512,"height":512,"caption":"Radio Ljubu\u0161ki"},"image":{"@id":"https:\/\/radioljubuski.ba\/#\/schema\/logo\/image\/"},"sameAs":["https:\/\/www.facebook.com\/Radiio-Ljubuski-1490835324566332","https:\/\/x.com\/radioljubuski","https:\/\/hr.linkedin.com\/company\/radio-ljubuski","https:\/\/www.youtube.com\/channel\/UCHYaeO_n0Db3tjNGudGpXyw"]},{"@type":"Person","@id":"https:\/\/radioljubuski.ba\/#\/schema\/person\/19fc700381a780f69665d7956c469e3b","name":"Radio Ljubu\u0161ki"}]}},"_links":{"self":[{"href":"https:\/\/radioljubuski.ba\/index.php\/wp-json\/wp\/v2\/posts\/10839","targetHints":{"allow":["GET"]}}],"collection":[{"href":"https:\/\/radioljubuski.ba\/index.php\/wp-json\/wp\/v2\/posts"}],"about":[{"href":"https:\/\/radioljubuski.ba\/index.php\/wp-json\/wp\/v2\/types\/post"}],"author":[{"embeddable":true,"href":"https:\/\/radioljubuski.ba\/index.php\/wp-json\/wp\/v2\/users\/2"}],"replies":[{"embeddable":true,"href":"https:\/\/radioljubuski.ba\/index.php\/wp-json\/wp\/v2\/comments?post=10839"}],"version-history":[{"count":1,"href":"https:\/\/radioljubuski.ba\/index.php\/wp-json\/wp\/v2\/posts\/10839\/revisions"}],"predecessor-version":[{"id":10841,"href":"https:\/\/radioljubuski.ba\/index.php\/wp-json\/wp\/v2\/posts\/10839\/revisions\/10841"}],"wp:attachment":[{"href":"https:\/\/radioljubuski.ba\/index.php\/wp-json\/wp\/v2\/media?parent=10839"}],"wp:term":[{"taxonomy":"category","embeddable":true,"href":"https:\/\/radioljubuski.ba\/index.php\/wp-json\/wp\/v2\/categories?post=10839"},{"taxonomy":"post_tag","embeddable":true,"href":"https:\/\/radioljubuski.ba\/index.php\/wp-json\/wp\/v2\/tags?post=10839"}],"curies":[{"name":"wp","href":"https:\/\/api.w.org\/{rel}","templated":true}]}}