{"id":108394,"date":"2022-01-20T13:57:52","date_gmt":"2022-01-20T12:57:52","guid":{"rendered":"https:\/\/radioljubuski.ba\/?p=108394"},"modified":"2022-01-20T13:57:53","modified_gmt":"2022-01-20T12:57:53","slug":"kriptovalute-u-bih-rudare-i-umirovljenici-ucitelji-i-svecenici","status":"publish","type":"post","link":"https:\/\/radioljubuski.ba\/index.php\/2022\/01\/20\/kriptovalute-u-bih-rudare-i-umirovljenici-ucitelji-i-svecenici\/","title":{"rendered":"Kriptovalute u BiH rudare i umirovljenici, u\u010ditelji i sve\u010denici"},"content":{"rendered":"\n<p>Zanimanje za rudarenje i trgovinu kriptovalutama u BiH stalno raste, a pored zaljubljenika u IT ovim se sve \u010de\u0161\u0107e bave i umirovljenici, u\u010ditelji pa i popovi. Naveli su ovo stru\u010dnjaci iz oblasti kriptovaluta koji su u razgovoru za &#8220;Nezavisne novine&#8221; rekli da u BiH jo\u0161 ne postoji zakonska regulativa kojom se definira ova oblast, ali da to ne zna\u010di da trgovina ovom valutom ne podlije\u017ee drugim zakonskim propisima.<\/p>\n\n\n\n<p>Podsje\u0107amo da je ranije bilo govora da \u0107e Savez za bolju budu\u0107nost raditi na izradi prijedloga zakona koji \u0107e prvi put poku\u0161ati regulirati oblast kriptovaluta u BiH. Rudarenje bez zakonske regulative Nikola Klak, osniva\u010d i direktor BCX (Balkan Crypto Exchange) mjenja\u010dnice u Banja Luci, potvrdio je da trenutno jo\u0161 u BiH ne postoji zakonska regulativa kojom se regulira rudarenje kriptovaluta.<\/p>\n\n\n\n<p>-Imamo informacije da se radi na zakonskoj regulativi koja se odnosi na kriptovalute i njihovo mjesto u tradicionalnom financijskom sustavu. To \u0107e se raditi po uzoru na Srbiju, da se definira \u0161to je kriptovaluta, koje se tvrtke bave tim, tko su ostali sudionici, rekao je Klak za Nezavisne novine, dodaju\u0107i da prema nekim informacijama Zakon o kriptovaluti bi treba biti na sjednici parlamenta krajem ove godine, ali da to ovisi od drugih \u010dimbenika.<\/p>\n\n\n\n<p>Pojasnio je da to \u0161to ne postoji zakon o kriptovalutama ne zna\u010di da trgovina ovom valutom ne podlije\u017ee drugim zakonskim propisima.<\/p>\n\n\n\n<p>-Porez na dobit od kriptovaluta se pla\u0107a kao porez na pla\u0107u, nije posebno definiran i ne postoji razlog da se druga\u010dije definira. Na\u0161a tvrtka koja se bavi posredovanjem u prodaji kriptovaluta radi na osnovu Zakona o trgovini, objasnio je Klak.<\/p>\n\n\n\n<p>Istaknuo je da je zainteresiranost gra\u0111ana za rudarenje i trgovinu kriptovalutama zaista velika, te da je ovaj trend u BiH nastao prije pet do \u0161est godina.<\/p>\n\n\n\n<p>-Kako rastu cijena i vrijednost kriptovaluta, tako raste i zainteresiranost gra\u0111ana, ali i poduze\u0107a, kako za rudarenje, tako i za \u010duvanje i prodaju kriptovaluta, kazao je Klak, dodaju\u0107i da se ovaj trend na po\u010detku karakterizirao kao prolazni i za kojeg su zainteresiranost imali samo zaljubljenici u IT.<\/p>\n\n\n\n<p>-Me\u0111utim, sada smo svjedoci da u tome sudjeluje vi\u0161e ljudi. Ja volim re\u0107i da me\u0111u klijentima imamo umirovljenici, u\u010ditelje, sve\u010denike, kao i poreznike, naveo je Klak.<\/p>\n\n\n\n<p>Na pitanje da li \u0107e najave najve\u0107ih financijskih regulatora Europske unije da se stavi zabrana za klju\u010dne oblike rudarenja bitcoina, jer se time tro\u0161e velike koli\u010dine elektri\u010dne energije, utjecati na rudarenje u BiH, Klak je rekao da smo mi malo tr\u017ei\u0161te te da se ne rudare sve kriptovalute na isti izvor napajanja.<\/p>\n\n\n\n<p>Izvor:nezavisne.com<\/p>\n","protected":false},"excerpt":{"rendered":"<p>Zanimanje za rudarenje i trgovinu kriptovalutama u BiH stalno raste, a pored zaljubljenika u IT ovim se sve \u010de\u0161\u0107e bave i umirovljenici, u\u010ditelji pa i popovi. Naveli su ovo stru\u010dnjaci iz oblasti kriptovaluta koji su u razgovoru za &#8220;Nezavisne novine&#8221; rekli da u BiH jo\u0161 ne postoji zakonska regulativa kojom se definira ova oblast, ali [&hellip;]<\/p>\n","protected":false},"author":2,"featured_media":108395,"comment_status":"closed","ping_status":"closed","sticky":false,"template":"","format":"standard","meta":{"h5ap_radio_sources":[],"footnotes":""},"categories":[1],"tags":[],"class_list":["post-108394","post","type-post","status-publish","format-standard","has-post-thumbnail","hentry","category-bihiregija"],"yoast_head":"<!-- This site is optimized with the Yoast SEO plugin v27.5 - https:\/\/yoast.com\/product\/yoast-seo-wordpress\/ -->\n<title>Kriptovalute u BiH rudare i umirovljenici, u\u010ditelji i sve\u010denici - RADIO LJUBU\u0160KI<\/title>\n<meta name=\"robots\" content=\"index, follow, max-snippet:-1, max-image-preview:large, max-video-preview:-1\" \/>\n<link rel=\"canonical\" href=\"https:\/\/radioljubuski.ba\/index.php\/2022\/01\/20\/kriptovalute-u-bih-rudare-i-umirovljenici-ucitelji-i-svecenici\/\" \/>\n<meta property=\"og:locale\" content=\"hr_HR\" \/>\n<meta property=\"og:type\" content=\"article\" \/>\n<meta property=\"og:title\" content=\"Kriptovalute u BiH rudare i umirovljenici, u\u010ditelji i sve\u010denici - RADIO LJUBU\u0160KI\" \/>\n<meta property=\"og:description\" content=\"Zanimanje za rudarenje i trgovinu kriptovalutama u BiH stalno raste, a pored zaljubljenika u IT ovim se sve \u010de\u0161\u0107e bave i umirovljenici, u\u010ditelji pa i popovi. Naveli su ovo stru\u010dnjaci iz oblasti kriptovaluta koji su u razgovoru za &#8220;Nezavisne novine&#8221; rekli da u BiH jo\u0161 ne postoji zakonska regulativa kojom se definira ova oblast, ali [&hellip;]\" \/>\n<meta property=\"og:url\" content=\"https:\/\/radioljubuski.ba\/index.php\/2022\/01\/20\/kriptovalute-u-bih-rudare-i-umirovljenici-ucitelji-i-svecenici\/\" \/>\n<meta property=\"og:site_name\" content=\"RADIO LJUBU\u0160KI\" \/>\n<meta property=\"article:publisher\" content=\"https:\/\/www.facebook.com\/Radiio-Ljubuski-1490835324566332\" \/>\n<meta property=\"article:published_time\" content=\"2022-01-20T12:57:52+00:00\" \/>\n<meta property=\"article:modified_time\" content=\"2022-01-20T12:57:53+00:00\" \/>\n<meta property=\"og:image\" content=\"https:\/\/radioljubuski.ba\/wp-content\/uploads\/2022\/01\/2-2022-01-20-12-27-46-umirovljenici.png\" \/>\n\t<meta property=\"og:image:width\" content=\"1000\" \/>\n\t<meta property=\"og:image:height\" content=\"625\" \/>\n\t<meta property=\"og:image:type\" content=\"image\/png\" \/>\n<meta name=\"author\" content=\"Radio Ljubu\u0161ki\" \/>\n<meta name=\"twitter:card\" content=\"summary_large_image\" \/>\n<meta name=\"twitter:creator\" content=\"@radioljubuski\" \/>\n<meta name=\"twitter:site\" content=\"@radioljubuski\" \/>\n<meta name=\"twitter:label1\" content=\"Napisao\/la\" \/>\n\t<meta name=\"twitter:data1\" content=\"Radio Ljubu\u0161ki\" \/>\n\t<meta name=\"twitter:label2\" content=\"Procijenjeno vrijeme \u010ditanja\" \/>\n\t<meta name=\"twitter:data2\" content=\"2 minute\" \/>\n<script type=\"application\/ld+json\" class=\"yoast-schema-graph\">{\"@context\":\"https:\\\/\\\/schema.org\",\"@graph\":[{\"@type\":\"Article\",\"@id\":\"https:\\\/\\\/radioljubuski.ba\\\/index.php\\\/2022\\\/01\\\/20\\\/kriptovalute-u-bih-rudare-i-umirovljenici-ucitelji-i-svecenici\\\/#article\",\"isPartOf\":{\"@id\":\"https:\\\/\\\/radioljubuski.ba\\\/index.php\\\/2022\\\/01\\\/20\\\/kriptovalute-u-bih-rudare-i-umirovljenici-ucitelji-i-svecenici\\\/\"},\"author\":{\"name\":\"Radio Ljubu\u0161ki\",\"@id\":\"https:\\\/\\\/radioljubuski.ba\\\/#\\\/schema\\\/person\\\/19fc700381a780f69665d7956c469e3b\"},\"headline\":\"Kriptovalute u BiH rudare i umirovljenici, u\u010ditelji i sve\u010denici\",\"datePublished\":\"2022-01-20T12:57:52+00:00\",\"dateModified\":\"2022-01-20T12:57:53+00:00\",\"mainEntityOfPage\":{\"@id\":\"https:\\\/\\\/radioljubuski.ba\\\/index.php\\\/2022\\\/01\\\/20\\\/kriptovalute-u-bih-rudare-i-umirovljenici-ucitelji-i-svecenici\\\/\"},\"wordCount\":461,\"publisher\":{\"@id\":\"https:\\\/\\\/radioljubuski.ba\\\/#organization\"},\"image\":{\"@id\":\"https:\\\/\\\/radioljubuski.ba\\\/index.php\\\/2022\\\/01\\\/20\\\/kriptovalute-u-bih-rudare-i-umirovljenici-ucitelji-i-svecenici\\\/#primaryimage\"},\"thumbnailUrl\":\"https:\\\/\\\/radioljubuski.ba\\\/wp-content\\\/uploads\\\/2022\\\/01\\\/2-2022-01-20-12-27-46-umirovljenici.png\",\"articleSection\":[\"BIH i regija\"],\"inLanguage\":\"hr\"},{\"@type\":\"WebPage\",\"@id\":\"https:\\\/\\\/radioljubuski.ba\\\/index.php\\\/2022\\\/01\\\/20\\\/kriptovalute-u-bih-rudare-i-umirovljenici-ucitelji-i-svecenici\\\/\",\"url\":\"https:\\\/\\\/radioljubuski.ba\\\/index.php\\\/2022\\\/01\\\/20\\\/kriptovalute-u-bih-rudare-i-umirovljenici-ucitelji-i-svecenici\\\/\",\"name\":\"Kriptovalute u BiH rudare i umirovljenici, u\u010ditelji i sve\u010denici - RADIO LJUBU\u0160KI\",\"isPartOf\":{\"@id\":\"https:\\\/\\\/radioljubuski.ba\\\/#website\"},\"primaryImageOfPage\":{\"@id\":\"https:\\\/\\\/radioljubuski.ba\\\/index.php\\\/2022\\\/01\\\/20\\\/kriptovalute-u-bih-rudare-i-umirovljenici-ucitelji-i-svecenici\\\/#primaryimage\"},\"image\":{\"@id\":\"https:\\\/\\\/radioljubuski.ba\\\/index.php\\\/2022\\\/01\\\/20\\\/kriptovalute-u-bih-rudare-i-umirovljenici-ucitelji-i-svecenici\\\/#primaryimage\"},\"thumbnailUrl\":\"https:\\\/\\\/radioljubuski.ba\\\/wp-content\\\/uploads\\\/2022\\\/01\\\/2-2022-01-20-12-27-46-umirovljenici.png\",\"datePublished\":\"2022-01-20T12:57:52+00:00\",\"dateModified\":\"2022-01-20T12:57:53+00:00\",\"breadcrumb\":{\"@id\":\"https:\\\/\\\/radioljubuski.ba\\\/index.php\\\/2022\\\/01\\\/20\\\/kriptovalute-u-bih-rudare-i-umirovljenici-ucitelji-i-svecenici\\\/#breadcrumb\"},\"inLanguage\":\"hr\",\"potentialAction\":[{\"@type\":\"ReadAction\",\"target\":[\"https:\\\/\\\/radioljubuski.ba\\\/index.php\\\/2022\\\/01\\\/20\\\/kriptovalute-u-bih-rudare-i-umirovljenici-ucitelji-i-svecenici\\\/\"]}]},{\"@type\":\"ImageObject\",\"inLanguage\":\"hr\",\"@id\":\"https:\\\/\\\/radioljubuski.ba\\\/index.php\\\/2022\\\/01\\\/20\\\/kriptovalute-u-bih-rudare-i-umirovljenici-ucitelji-i-svecenici\\\/#primaryimage\",\"url\":\"https:\\\/\\\/radioljubuski.ba\\\/wp-content\\\/uploads\\\/2022\\\/01\\\/2-2022-01-20-12-27-46-umirovljenici.png\",\"contentUrl\":\"https:\\\/\\\/radioljubuski.ba\\\/wp-content\\\/uploads\\\/2022\\\/01\\\/2-2022-01-20-12-27-46-umirovljenici.png\",\"width\":1000,\"height\":625},{\"@type\":\"BreadcrumbList\",\"@id\":\"https:\\\/\\\/radioljubuski.ba\\\/index.php\\\/2022\\\/01\\\/20\\\/kriptovalute-u-bih-rudare-i-umirovljenici-ucitelji-i-svecenici\\\/#breadcrumb\",\"itemListElement\":[{\"@type\":\"ListItem\",\"position\":1,\"name\":\"Po\u010detna stranica\",\"item\":\"https:\\\/\\\/radioljubuski.ba\\\/\"},{\"@type\":\"ListItem\",\"position\":2,\"name\":\"Kriptovalute u BiH rudare i umirovljenici, u\u010ditelji i sve\u010denici\"}]},{\"@type\":\"WebSite\",\"@id\":\"https:\\\/\\\/radioljubuski.ba\\\/#website\",\"url\":\"https:\\\/\\\/radioljubuski.ba\\\/\",\"name\":\"Radio Ljubu\u0161ki\",\"description\":\"Sun\u010dana frekvencija Hercegovine\",\"publisher\":{\"@id\":\"https:\\\/\\\/radioljubuski.ba\\\/#organization\"},\"potentialAction\":[{\"@type\":\"SearchAction\",\"target\":{\"@type\":\"EntryPoint\",\"urlTemplate\":\"https:\\\/\\\/radioljubuski.ba\\\/?s={search_term_string}\"},\"query-input\":{\"@type\":\"PropertyValueSpecification\",\"valueRequired\":true,\"valueName\":\"search_term_string\"}}],\"inLanguage\":\"hr\"},{\"@type\":\"Organization\",\"@id\":\"https:\\\/\\\/radioljubuski.ba\\\/#organization\",\"name\":\"Radio Ljubu\u0161ki\",\"url\":\"https:\\\/\\\/radioljubuski.ba\\\/\",\"logo\":{\"@type\":\"ImageObject\",\"inLanguage\":\"hr\",\"@id\":\"https:\\\/\\\/radioljubuski.ba\\\/#\\\/schema\\\/logo\\\/image\\\/\",\"url\":\"https:\\\/\\\/radioljubuski.ba\\\/wp-content\\\/uploads\\\/2021\\\/02\\\/cropped-Radio_Ljubuski_logo1.jpg\",\"contentUrl\":\"https:\\\/\\\/radioljubuski.ba\\\/wp-content\\\/uploads\\\/2021\\\/02\\\/cropped-Radio_Ljubuski_logo1.jpg\",\"width\":512,\"height\":512,\"caption\":\"Radio Ljubu\u0161ki\"},\"image\":{\"@id\":\"https:\\\/\\\/radioljubuski.ba\\\/#\\\/schema\\\/logo\\\/image\\\/\"},\"sameAs\":[\"https:\\\/\\\/www.facebook.com\\\/Radiio-Ljubuski-1490835324566332\",\"https:\\\/\\\/x.com\\\/radioljubuski\",\"https:\\\/\\\/hr.linkedin.com\\\/company\\\/radio-ljubuski\",\"https:\\\/\\\/www.youtube.com\\\/channel\\\/UCHYaeO_n0Db3tjNGudGpXyw\"]},{\"@type\":\"Person\",\"@id\":\"https:\\\/\\\/radioljubuski.ba\\\/#\\\/schema\\\/person\\\/19fc700381a780f69665d7956c469e3b\",\"name\":\"Radio Ljubu\u0161ki\"}]}<\/script>\n<!-- \/ Yoast SEO plugin. -->","yoast_head_json":{"title":"Kriptovalute u BiH rudare i umirovljenici, u\u010ditelji i sve\u010denici - RADIO LJUBU\u0160KI","robots":{"index":"index","follow":"follow","max-snippet":"max-snippet:-1","max-image-preview":"max-image-preview:large","max-video-preview":"max-video-preview:-1"},"canonical":"https:\/\/radioljubuski.ba\/index.php\/2022\/01\/20\/kriptovalute-u-bih-rudare-i-umirovljenici-ucitelji-i-svecenici\/","og_locale":"hr_HR","og_type":"article","og_title":"Kriptovalute u BiH rudare i umirovljenici, u\u010ditelji i sve\u010denici - RADIO LJUBU\u0160KI","og_description":"Zanimanje za rudarenje i trgovinu kriptovalutama u BiH stalno raste, a pored zaljubljenika u IT ovim se sve \u010de\u0161\u0107e bave i umirovljenici, u\u010ditelji pa i popovi. Naveli su ovo stru\u010dnjaci iz oblasti kriptovaluta koji su u razgovoru za &#8220;Nezavisne novine&#8221; rekli da u BiH jo\u0161 ne postoji zakonska regulativa kojom se definira ova oblast, ali [&hellip;]","og_url":"https:\/\/radioljubuski.ba\/index.php\/2022\/01\/20\/kriptovalute-u-bih-rudare-i-umirovljenici-ucitelji-i-svecenici\/","og_site_name":"RADIO LJUBU\u0160KI","article_publisher":"https:\/\/www.facebook.com\/Radiio-Ljubuski-1490835324566332","article_published_time":"2022-01-20T12:57:52+00:00","article_modified_time":"2022-01-20T12:57:53+00:00","og_image":[{"width":1000,"height":625,"url":"https:\/\/radioljubuski.ba\/wp-content\/uploads\/2022\/01\/2-2022-01-20-12-27-46-umirovljenici.png","type":"image\/png"}],"author":"Radio Ljubu\u0161ki","twitter_card":"summary_large_image","twitter_creator":"@radioljubuski","twitter_site":"@radioljubuski","twitter_misc":{"Napisao\/la":"Radio Ljubu\u0161ki","Procijenjeno vrijeme \u010ditanja":"2 minute"},"schema":{"@context":"https:\/\/schema.org","@graph":[{"@type":"Article","@id":"https:\/\/radioljubuski.ba\/index.php\/2022\/01\/20\/kriptovalute-u-bih-rudare-i-umirovljenici-ucitelji-i-svecenici\/#article","isPartOf":{"@id":"https:\/\/radioljubuski.ba\/index.php\/2022\/01\/20\/kriptovalute-u-bih-rudare-i-umirovljenici-ucitelji-i-svecenici\/"},"author":{"name":"Radio Ljubu\u0161ki","@id":"https:\/\/radioljubuski.ba\/#\/schema\/person\/19fc700381a780f69665d7956c469e3b"},"headline":"Kriptovalute u BiH rudare i umirovljenici, u\u010ditelji i sve\u010denici","datePublished":"2022-01-20T12:57:52+00:00","dateModified":"2022-01-20T12:57:53+00:00","mainEntityOfPage":{"@id":"https:\/\/radioljubuski.ba\/index.php\/2022\/01\/20\/kriptovalute-u-bih-rudare-i-umirovljenici-ucitelji-i-svecenici\/"},"wordCount":461,"publisher":{"@id":"https:\/\/radioljubuski.ba\/#organization"},"image":{"@id":"https:\/\/radioljubuski.ba\/index.php\/2022\/01\/20\/kriptovalute-u-bih-rudare-i-umirovljenici-ucitelji-i-svecenici\/#primaryimage"},"thumbnailUrl":"https:\/\/radioljubuski.ba\/wp-content\/uploads\/2022\/01\/2-2022-01-20-12-27-46-umirovljenici.png","articleSection":["BIH i regija"],"inLanguage":"hr"},{"@type":"WebPage","@id":"https:\/\/radioljubuski.ba\/index.php\/2022\/01\/20\/kriptovalute-u-bih-rudare-i-umirovljenici-ucitelji-i-svecenici\/","url":"https:\/\/radioljubuski.ba\/index.php\/2022\/01\/20\/kriptovalute-u-bih-rudare-i-umirovljenici-ucitelji-i-svecenici\/","name":"Kriptovalute u BiH rudare i umirovljenici, u\u010ditelji i sve\u010denici - RADIO LJUBU\u0160KI","isPartOf":{"@id":"https:\/\/radioljubuski.ba\/#website"},"primaryImageOfPage":{"@id":"https:\/\/radioljubuski.ba\/index.php\/2022\/01\/20\/kriptovalute-u-bih-rudare-i-umirovljenici-ucitelji-i-svecenici\/#primaryimage"},"image":{"@id":"https:\/\/radioljubuski.ba\/index.php\/2022\/01\/20\/kriptovalute-u-bih-rudare-i-umirovljenici-ucitelji-i-svecenici\/#primaryimage"},"thumbnailUrl":"https:\/\/radioljubuski.ba\/wp-content\/uploads\/2022\/01\/2-2022-01-20-12-27-46-umirovljenici.png","datePublished":"2022-01-20T12:57:52+00:00","dateModified":"2022-01-20T12:57:53+00:00","breadcrumb":{"@id":"https:\/\/radioljubuski.ba\/index.php\/2022\/01\/20\/kriptovalute-u-bih-rudare-i-umirovljenici-ucitelji-i-svecenici\/#breadcrumb"},"inLanguage":"hr","potentialAction":[{"@type":"ReadAction","target":["https:\/\/radioljubuski.ba\/index.php\/2022\/01\/20\/kriptovalute-u-bih-rudare-i-umirovljenici-ucitelji-i-svecenici\/"]}]},{"@type":"ImageObject","inLanguage":"hr","@id":"https:\/\/radioljubuski.ba\/index.php\/2022\/01\/20\/kriptovalute-u-bih-rudare-i-umirovljenici-ucitelji-i-svecenici\/#primaryimage","url":"https:\/\/radioljubuski.ba\/wp-content\/uploads\/2022\/01\/2-2022-01-20-12-27-46-umirovljenici.png","contentUrl":"https:\/\/radioljubuski.ba\/wp-content\/uploads\/2022\/01\/2-2022-01-20-12-27-46-umirovljenici.png","width":1000,"height":625},{"@type":"BreadcrumbList","@id":"https:\/\/radioljubuski.ba\/index.php\/2022\/01\/20\/kriptovalute-u-bih-rudare-i-umirovljenici-ucitelji-i-svecenici\/#breadcrumb","itemListElement":[{"@type":"ListItem","position":1,"name":"Po\u010detna stranica","item":"https:\/\/radioljubuski.ba\/"},{"@type":"ListItem","position":2,"name":"Kriptovalute u BiH rudare i umirovljenici, u\u010ditelji i sve\u010denici"}]},{"@type":"WebSite","@id":"https:\/\/radioljubuski.ba\/#website","url":"https:\/\/radioljubuski.ba\/","name":"Radio Ljubu\u0161ki","description":"Sun\u010dana frekvencija Hercegovine","publisher":{"@id":"https:\/\/radioljubuski.ba\/#organization"},"potentialAction":[{"@type":"SearchAction","target":{"@type":"EntryPoint","urlTemplate":"https:\/\/radioljubuski.ba\/?s={search_term_string}"},"query-input":{"@type":"PropertyValueSpecification","valueRequired":true,"valueName":"search_term_string"}}],"inLanguage":"hr"},{"@type":"Organization","@id":"https:\/\/radioljubuski.ba\/#organization","name":"Radio Ljubu\u0161ki","url":"https:\/\/radioljubuski.ba\/","logo":{"@type":"ImageObject","inLanguage":"hr","@id":"https:\/\/radioljubuski.ba\/#\/schema\/logo\/image\/","url":"https:\/\/radioljubuski.ba\/wp-content\/uploads\/2021\/02\/cropped-Radio_Ljubuski_logo1.jpg","contentUrl":"https:\/\/radioljubuski.ba\/wp-content\/uploads\/2021\/02\/cropped-Radio_Ljubuski_logo1.jpg","width":512,"height":512,"caption":"Radio Ljubu\u0161ki"},"image":{"@id":"https:\/\/radioljubuski.ba\/#\/schema\/logo\/image\/"},"sameAs":["https:\/\/www.facebook.com\/Radiio-Ljubuski-1490835324566332","https:\/\/x.com\/radioljubuski","https:\/\/hr.linkedin.com\/company\/radio-ljubuski","https:\/\/www.youtube.com\/channel\/UCHYaeO_n0Db3tjNGudGpXyw"]},{"@type":"Person","@id":"https:\/\/radioljubuski.ba\/#\/schema\/person\/19fc700381a780f69665d7956c469e3b","name":"Radio Ljubu\u0161ki"}]}},"_links":{"self":[{"href":"https:\/\/radioljubuski.ba\/index.php\/wp-json\/wp\/v2\/posts\/108394","targetHints":{"allow":["GET"]}}],"collection":[{"href":"https:\/\/radioljubuski.ba\/index.php\/wp-json\/wp\/v2\/posts"}],"about":[{"href":"https:\/\/radioljubuski.ba\/index.php\/wp-json\/wp\/v2\/types\/post"}],"author":[{"embeddable":true,"href":"https:\/\/radioljubuski.ba\/index.php\/wp-json\/wp\/v2\/users\/2"}],"replies":[{"embeddable":true,"href":"https:\/\/radioljubuski.ba\/index.php\/wp-json\/wp\/v2\/comments?post=108394"}],"version-history":[{"count":1,"href":"https:\/\/radioljubuski.ba\/index.php\/wp-json\/wp\/v2\/posts\/108394\/revisions"}],"predecessor-version":[{"id":108396,"href":"https:\/\/radioljubuski.ba\/index.php\/wp-json\/wp\/v2\/posts\/108394\/revisions\/108396"}],"wp:featuredmedia":[{"embeddable":true,"href":"https:\/\/radioljubuski.ba\/index.php\/wp-json\/wp\/v2\/media\/108395"}],"wp:attachment":[{"href":"https:\/\/radioljubuski.ba\/index.php\/wp-json\/wp\/v2\/media?parent=108394"}],"wp:term":[{"taxonomy":"category","embeddable":true,"href":"https:\/\/radioljubuski.ba\/index.php\/wp-json\/wp\/v2\/categories?post=108394"},{"taxonomy":"post_tag","embeddable":true,"href":"https:\/\/radioljubuski.ba\/index.php\/wp-json\/wp\/v2\/tags?post=108394"}],"curies":[{"name":"wp","href":"https:\/\/api.w.org\/{rel}","templated":true}]}}