{"id":108402,"date":"2022-01-20T14:02:28","date_gmt":"2022-01-20T13:02:28","guid":{"rendered":"https:\/\/radioljubuski.ba\/?p=108402"},"modified":"2022-01-20T14:02:29","modified_gmt":"2022-01-20T13:02:29","slug":"po-modelu-mostara-napraviti-u-fbih-dogovor-oko-izbornog-zakona","status":"publish","type":"post","link":"https:\/\/radioljubuski.ba\/index.php\/2022\/01\/20\/po-modelu-mostara-napraviti-u-fbih-dogovor-oko-izbornog-zakona\/","title":{"rendered":"Po modelu Mostara napraviti u FBiH dogovor oko Izbornog zakona"},"content":{"rendered":"\n<p><strong>Prije samo dvije godine Mostar je bio grad slu\u010daj, a takve ocjene vezivale su se uz \u010dinjenicu da u gradu nisu odr\u017eani lokalni izbori punih osam godina, zbog \u010dega Gradsko vije\u0107e nije moglo donositi va\u017ene odluke, a sva vlast i odgovornost bila je na le\u0111ima pokojnog gradona\u010delnika Ljube Be\u0161li\u0107a, koji je dugi niz godina bio svojevrstan talac takvih odnosa, pi\u0161e <a href=\"https:\/\/www.vecernji.ba\/vijesti\/po-modelu-mostara-napraviti-u-fbih-dogovor-oko-izbornog-zakona-1556477\" target=\"_blank\" rel=\"noreferrer noopener\">Ve\u010dernji list BiH.<\/a><\/strong><\/p>\n\n\n\n<p>Pa ipak, dogovor je postignut na razini politi\u010dkoga sporazuma uz sna\u017ean poticaj ameri\u010dke i europske administracije te predstavnika Ujedinjenog Kraljevstva, Ureda visokog predstavnika i Misije OESS-a.<\/p>\n\n\n\n<p>Naime, sredinom lipnja 2020. godine \u010delnici vode\u0107e hrvatske i bo\u0161nja\u010dke stranke \u2013 HDZ-a BiH Dragan \u010covi\u0107 i SDA Bakir Izetbegovi\u0107 potpisali su dva sporazuma.<\/p>\n\n\n\n<p><strong>Prora\u010dun jednoglasno<\/strong><\/p>\n\n\n\n<p>Jedan o odr\u017eavanju lokalnih izbora u Mostaru, a drugi o izmjeni Izbornoga zakona kako bi se otklonila diskriminacija prema manjinama, ali i zajam\u010dilo legitimno politi\u010dko predstavljanje. Izmijenjeni su propisi koji se ti\u010du odr\u017eavanja izbora u Mostaru koji su bili od interesa svih gra\u0111ana, a napravljen je kompromis prema Bo\u0161njacima koji su ne\u0161to manje brojni u gradu na Neretvi.<\/p>\n\n\n\n<p>No, sli\u010dna \u201ckompenzacija\u201d nije u\u010dinjena prema Hrvatima izmjenama Izbornoga zakona zbog protivljenja bo\u0161nja\u010dke strane. Nakon odr\u017eanih izbora u Mostaru uspostavljeno je novo Gradsko vije\u0107e te je izabran novi gradona\u010delnik Mario Kordi\u0107, kao i nova Gradska uprava.<\/p>\n\n\n\n<p>U samo nekoliko tjedana utvr\u0111en je prora\u010dun Mostara i usvojen je doslovno uz potporu svih vije\u0107nika. \u0160to nije zabilje\u017eeno u gradu na Neretvi, ali i drugim sredinama. Drugi prora\u010dun koji je definirao ovogodi\u0161nje prihode i rashode usvojen je prvi put prije po\u010detka nove godine.<\/p>\n\n\n\n<p>Tek je nekoliko vije\u0107nika bilo suzdr\u017eano. Nevjerojatno zvu\u010di da je takav sklad mogu\u0107e posti\u0107i i u jednonacionalnim sredinama, a kamoli u Mostaru koji ima slo\u017eene me\u0111ustrana\u010dke, ali i me\u0111unacionalne odnose. No, ipak je mogu\u0107e. I sve funkcionira. Ni jednom se do sada nije dogodilo da u 16 odr\u017eanih sjednica bude preglasana bilo koja od triju strana.<\/p>\n\n\n\n<p>\u010cak i u posljednjem slu\u010daju dodjele priznanja dvojici diplomata \u2013 veleposlaniku Ericu Gordonu Nelsonu i posebnom izaslaniku EU u BiH Johannu Sattleru nije bilo razila\u017eenja prigodom glasovanja treba li im se uru\u010diti posebno priznanje, ali jest kada i kako tu sjednicu treba odr\u017eati. Gradi se cijeli grad, izgra\u0111uje infrastruktura, planiraju zajedni\u010dki projekti \u2013 dvorane, odlaganje otpada\u2026<\/p>\n\n\n\n<p>Unutar gradskog prora\u010duna novac se ravnomjerno usmjerava u razvoj, uvjetno re\u010deno, obaju dijelova grada, ve\u0107inski bo\u0161nja\u010dkoga i hrvatskoga.<\/p>\n\n\n\n<p>Po tom karakteru Mostar je jedina op\u0107ina i grad koja je barem u odnosima dvaju naroda Bo\u0161njaka i Hrvata zadr\u017eala stanje sli\u010dno onome prije po\u010detka rata.<\/p>\n\n\n\n<p>Nijedna druga op\u0107ina ili grad, od Trebinja do Sarajeva, Zenice, Tuzle, Banje Luke, nije zadr\u017eala takvu me\u0111unacionalnu ravnote\u017eu jer se u ratu dogodila potpuna promjena.<\/p>\n\n\n\n<p>Mostar danas nije kao glavni grad BiH \u2013 Sarajevo podijeljen na dva dijela, i to \u010dak u dva entiteta. Nije ni kao Banja Luka jer ravnopravno postoje sve institucije koje njeguju identitet svakoga od naroda, ali i pru\u017eaju jedinstvene usluge za sve gra\u0111ane.<\/p>\n\n\n\n<p>\u010cak i kada bi to htjeli, u gradskom Statutu definirana su takva pravila da prakti\u010dno ne postoji mogu\u0107nost preglasavanja. Jer je Gradsko vije\u0107e doslovno mini Dom naroda.<\/p>\n\n\n\n<p>Maksimalno 14 Hrvata<\/p>\n\n\n\n<p>Tamo se odluke donose uz uva\u017eavanje klubova naroda. Uz to, sustav biranja u Gradsko vije\u0107e unaprijed je definiran. Upravo kao za Dom naroda Federacije BiH.<\/p>\n\n\n\n<p>Naime, u Gradskom vije\u0107u postoji nacionalni klju\u010d, pa nijedan konstitutivni narod ne mo\u017ee imati vi\u0161e od 14 vije\u0107nika. Upravo kako bi se sprije\u010dilo preglasavanje. A takva nacionalno koncipirana ravnote\u017ea ne postoji nigdje u BiH. Jednako kao \u0161to je i situacija s izbornim podru\u010djima.<\/p>\n\n\n\n<p>Ona su striktno povu\u010dena doslovno po nekada\u0161njim ratnim crtama podjele. No, danas ne dijele, nego, kao puzzle, stvaraju od Mostara jedinstvenu cjelinu.<\/p>\n\n\n\n<p>To je i model kako je mogu\u0107e organizirati izborne jedinice u BiH te omogu\u0107iti Hrvatima birati svoje predstavnike u Predsjedni\u0161tvo BiH ili Dom naroda Parlamenta FBiH. A to prakti\u010dno zna\u010di da u izbornoj reformi postoje izborne jedinice s ve\u0107inom Hrvata i Bo\u0161njaka koje onda mogu suvereno birati svoje predstavnike kao \u0161to je to upravo u Mostaru.<\/p>\n\n\n\n<p>\/HMS\/<\/p>\n","protected":false},"excerpt":{"rendered":"<p>Prije samo dvije godine Mostar je bio grad slu\u010daj, a takve ocjene vezivale su se uz \u010dinjenicu da u gradu nisu odr\u017eani lokalni izbori punih osam godina, zbog \u010dega Gradsko vije\u0107e nije moglo donositi va\u017ene odluke, a sva vlast i odgovornost bila je na le\u0111ima pokojnog gradona\u010delnika Ljube Be\u0161li\u0107a, koji je dugi niz godina bio [&hellip;]<\/p>\n","protected":false},"author":2,"featured_media":108403,"comment_status":"closed","ping_status":"closed","sticky":false,"template":"","format":"standard","meta":{"h5ap_radio_sources":[],"footnotes":""},"categories":[1],"tags":[],"class_list":["post-108402","post","type-post","status-publish","format-standard","has-post-thumbnail","hentry","category-bihiregija"],"yoast_head":"<!-- This site is optimized with the Yoast SEO plugin v27.5 - https:\/\/yoast.com\/product\/yoast-seo-wordpress\/ -->\n<title>Po modelu Mostara napraviti u FBiH dogovor oko Izbornog zakona - RADIO LJUBU\u0160KI<\/title>\n<meta name=\"robots\" content=\"index, follow, max-snippet:-1, max-image-preview:large, max-video-preview:-1\" \/>\n<link rel=\"canonical\" href=\"https:\/\/radioljubuski.ba\/index.php\/2022\/01\/20\/po-modelu-mostara-napraviti-u-fbih-dogovor-oko-izbornog-zakona\/\" \/>\n<meta property=\"og:locale\" content=\"hr_HR\" \/>\n<meta property=\"og:type\" content=\"article\" \/>\n<meta property=\"og:title\" content=\"Po modelu Mostara napraviti u FBiH dogovor oko Izbornog zakona - RADIO LJUBU\u0160KI\" \/>\n<meta property=\"og:description\" content=\"Prije samo dvije godine Mostar je bio grad slu\u010daj, a takve ocjene vezivale su se uz \u010dinjenicu da u gradu nisu odr\u017eani lokalni izbori punih osam godina, zbog \u010dega Gradsko vije\u0107e nije moglo donositi va\u017ene odluke, a sva vlast i odgovornost bila je na le\u0111ima pokojnog gradona\u010delnika Ljube Be\u0161li\u0107a, koji je dugi niz godina bio [&hellip;]\" \/>\n<meta property=\"og:url\" content=\"https:\/\/radioljubuski.ba\/index.php\/2022\/01\/20\/po-modelu-mostara-napraviti-u-fbih-dogovor-oko-izbornog-zakona\/\" \/>\n<meta property=\"og:site_name\" content=\"RADIO LJUBU\u0160KI\" \/>\n<meta property=\"article:publisher\" content=\"https:\/\/www.facebook.com\/Radiio-Ljubuski-1490835324566332\" \/>\n<meta property=\"article:published_time\" content=\"2022-01-20T13:02:28+00:00\" \/>\n<meta property=\"article:modified_time\" content=\"2022-01-20T13:02:29+00:00\" \/>\n<meta property=\"og:image\" content=\"https:\/\/radioljubuski.ba\/wp-content\/uploads\/2022\/01\/mostarski-sporazum.jpg\" \/>\n\t<meta property=\"og:image:width\" content=\"1024\" \/>\n\t<meta property=\"og:image:height\" content=\"614\" \/>\n\t<meta property=\"og:image:type\" content=\"image\/jpeg\" \/>\n<meta name=\"author\" content=\"Radio Ljubu\u0161ki\" \/>\n<meta name=\"twitter:card\" content=\"summary_large_image\" \/>\n<meta name=\"twitter:creator\" content=\"@radioljubuski\" \/>\n<meta name=\"twitter:site\" content=\"@radioljubuski\" \/>\n<meta name=\"twitter:label1\" content=\"Napisao\/la\" \/>\n\t<meta name=\"twitter:data1\" content=\"Radio Ljubu\u0161ki\" \/>\n\t<meta name=\"twitter:label2\" content=\"Procijenjeno vrijeme \u010ditanja\" \/>\n\t<meta name=\"twitter:data2\" content=\"3 minute\" \/>\n<script type=\"application\/ld+json\" class=\"yoast-schema-graph\">{\"@context\":\"https:\\\/\\\/schema.org\",\"@graph\":[{\"@type\":\"Article\",\"@id\":\"https:\\\/\\\/radioljubuski.ba\\\/index.php\\\/2022\\\/01\\\/20\\\/po-modelu-mostara-napraviti-u-fbih-dogovor-oko-izbornog-zakona\\\/#article\",\"isPartOf\":{\"@id\":\"https:\\\/\\\/radioljubuski.ba\\\/index.php\\\/2022\\\/01\\\/20\\\/po-modelu-mostara-napraviti-u-fbih-dogovor-oko-izbornog-zakona\\\/\"},\"author\":{\"name\":\"Radio Ljubu\u0161ki\",\"@id\":\"https:\\\/\\\/radioljubuski.ba\\\/#\\\/schema\\\/person\\\/19fc700381a780f69665d7956c469e3b\"},\"headline\":\"Po modelu Mostara napraviti u FBiH dogovor oko Izbornog zakona\",\"datePublished\":\"2022-01-20T13:02:28+00:00\",\"dateModified\":\"2022-01-20T13:02:29+00:00\",\"mainEntityOfPage\":{\"@id\":\"https:\\\/\\\/radioljubuski.ba\\\/index.php\\\/2022\\\/01\\\/20\\\/po-modelu-mostara-napraviti-u-fbih-dogovor-oko-izbornog-zakona\\\/\"},\"wordCount\":749,\"publisher\":{\"@id\":\"https:\\\/\\\/radioljubuski.ba\\\/#organization\"},\"image\":{\"@id\":\"https:\\\/\\\/radioljubuski.ba\\\/index.php\\\/2022\\\/01\\\/20\\\/po-modelu-mostara-napraviti-u-fbih-dogovor-oko-izbornog-zakona\\\/#primaryimage\"},\"thumbnailUrl\":\"https:\\\/\\\/radioljubuski.ba\\\/wp-content\\\/uploads\\\/2022\\\/01\\\/mostarski-sporazum.jpg\",\"articleSection\":[\"BIH i regija\"],\"inLanguage\":\"hr\"},{\"@type\":\"WebPage\",\"@id\":\"https:\\\/\\\/radioljubuski.ba\\\/index.php\\\/2022\\\/01\\\/20\\\/po-modelu-mostara-napraviti-u-fbih-dogovor-oko-izbornog-zakona\\\/\",\"url\":\"https:\\\/\\\/radioljubuski.ba\\\/index.php\\\/2022\\\/01\\\/20\\\/po-modelu-mostara-napraviti-u-fbih-dogovor-oko-izbornog-zakona\\\/\",\"name\":\"Po modelu Mostara napraviti u FBiH dogovor oko Izbornog zakona - RADIO LJUBU\u0160KI\",\"isPartOf\":{\"@id\":\"https:\\\/\\\/radioljubuski.ba\\\/#website\"},\"primaryImageOfPage\":{\"@id\":\"https:\\\/\\\/radioljubuski.ba\\\/index.php\\\/2022\\\/01\\\/20\\\/po-modelu-mostara-napraviti-u-fbih-dogovor-oko-izbornog-zakona\\\/#primaryimage\"},\"image\":{\"@id\":\"https:\\\/\\\/radioljubuski.ba\\\/index.php\\\/2022\\\/01\\\/20\\\/po-modelu-mostara-napraviti-u-fbih-dogovor-oko-izbornog-zakona\\\/#primaryimage\"},\"thumbnailUrl\":\"https:\\\/\\\/radioljubuski.ba\\\/wp-content\\\/uploads\\\/2022\\\/01\\\/mostarski-sporazum.jpg\",\"datePublished\":\"2022-01-20T13:02:28+00:00\",\"dateModified\":\"2022-01-20T13:02:29+00:00\",\"breadcrumb\":{\"@id\":\"https:\\\/\\\/radioljubuski.ba\\\/index.php\\\/2022\\\/01\\\/20\\\/po-modelu-mostara-napraviti-u-fbih-dogovor-oko-izbornog-zakona\\\/#breadcrumb\"},\"inLanguage\":\"hr\",\"potentialAction\":[{\"@type\":\"ReadAction\",\"target\":[\"https:\\\/\\\/radioljubuski.ba\\\/index.php\\\/2022\\\/01\\\/20\\\/po-modelu-mostara-napraviti-u-fbih-dogovor-oko-izbornog-zakona\\\/\"]}]},{\"@type\":\"ImageObject\",\"inLanguage\":\"hr\",\"@id\":\"https:\\\/\\\/radioljubuski.ba\\\/index.php\\\/2022\\\/01\\\/20\\\/po-modelu-mostara-napraviti-u-fbih-dogovor-oko-izbornog-zakona\\\/#primaryimage\",\"url\":\"https:\\\/\\\/radioljubuski.ba\\\/wp-content\\\/uploads\\\/2022\\\/01\\\/mostarski-sporazum.jpg\",\"contentUrl\":\"https:\\\/\\\/radioljubuski.ba\\\/wp-content\\\/uploads\\\/2022\\\/01\\\/mostarski-sporazum.jpg\",\"width\":1024,\"height\":614},{\"@type\":\"BreadcrumbList\",\"@id\":\"https:\\\/\\\/radioljubuski.ba\\\/index.php\\\/2022\\\/01\\\/20\\\/po-modelu-mostara-napraviti-u-fbih-dogovor-oko-izbornog-zakona\\\/#breadcrumb\",\"itemListElement\":[{\"@type\":\"ListItem\",\"position\":1,\"name\":\"Po\u010detna stranica\",\"item\":\"https:\\\/\\\/radioljubuski.ba\\\/\"},{\"@type\":\"ListItem\",\"position\":2,\"name\":\"Po modelu Mostara napraviti u FBiH dogovor oko Izbornog zakona\"}]},{\"@type\":\"WebSite\",\"@id\":\"https:\\\/\\\/radioljubuski.ba\\\/#website\",\"url\":\"https:\\\/\\\/radioljubuski.ba\\\/\",\"name\":\"Radio Ljubu\u0161ki\",\"description\":\"Sun\u010dana frekvencija Hercegovine\",\"publisher\":{\"@id\":\"https:\\\/\\\/radioljubuski.ba\\\/#organization\"},\"potentialAction\":[{\"@type\":\"SearchAction\",\"target\":{\"@type\":\"EntryPoint\",\"urlTemplate\":\"https:\\\/\\\/radioljubuski.ba\\\/?s={search_term_string}\"},\"query-input\":{\"@type\":\"PropertyValueSpecification\",\"valueRequired\":true,\"valueName\":\"search_term_string\"}}],\"inLanguage\":\"hr\"},{\"@type\":\"Organization\",\"@id\":\"https:\\\/\\\/radioljubuski.ba\\\/#organization\",\"name\":\"Radio Ljubu\u0161ki\",\"url\":\"https:\\\/\\\/radioljubuski.ba\\\/\",\"logo\":{\"@type\":\"ImageObject\",\"inLanguage\":\"hr\",\"@id\":\"https:\\\/\\\/radioljubuski.ba\\\/#\\\/schema\\\/logo\\\/image\\\/\",\"url\":\"https:\\\/\\\/radioljubuski.ba\\\/wp-content\\\/uploads\\\/2021\\\/02\\\/cropped-Radio_Ljubuski_logo1.jpg\",\"contentUrl\":\"https:\\\/\\\/radioljubuski.ba\\\/wp-content\\\/uploads\\\/2021\\\/02\\\/cropped-Radio_Ljubuski_logo1.jpg\",\"width\":512,\"height\":512,\"caption\":\"Radio Ljubu\u0161ki\"},\"image\":{\"@id\":\"https:\\\/\\\/radioljubuski.ba\\\/#\\\/schema\\\/logo\\\/image\\\/\"},\"sameAs\":[\"https:\\\/\\\/www.facebook.com\\\/Radiio-Ljubuski-1490835324566332\",\"https:\\\/\\\/x.com\\\/radioljubuski\",\"https:\\\/\\\/hr.linkedin.com\\\/company\\\/radio-ljubuski\",\"https:\\\/\\\/www.youtube.com\\\/channel\\\/UCHYaeO_n0Db3tjNGudGpXyw\"]},{\"@type\":\"Person\",\"@id\":\"https:\\\/\\\/radioljubuski.ba\\\/#\\\/schema\\\/person\\\/19fc700381a780f69665d7956c469e3b\",\"name\":\"Radio Ljubu\u0161ki\"}]}<\/script>\n<!-- \/ Yoast SEO plugin. -->","yoast_head_json":{"title":"Po modelu Mostara napraviti u FBiH dogovor oko Izbornog zakona - RADIO LJUBU\u0160KI","robots":{"index":"index","follow":"follow","max-snippet":"max-snippet:-1","max-image-preview":"max-image-preview:large","max-video-preview":"max-video-preview:-1"},"canonical":"https:\/\/radioljubuski.ba\/index.php\/2022\/01\/20\/po-modelu-mostara-napraviti-u-fbih-dogovor-oko-izbornog-zakona\/","og_locale":"hr_HR","og_type":"article","og_title":"Po modelu Mostara napraviti u FBiH dogovor oko Izbornog zakona - RADIO LJUBU\u0160KI","og_description":"Prije samo dvije godine Mostar je bio grad slu\u010daj, a takve ocjene vezivale su se uz \u010dinjenicu da u gradu nisu odr\u017eani lokalni izbori punih osam godina, zbog \u010dega Gradsko vije\u0107e nije moglo donositi va\u017ene odluke, a sva vlast i odgovornost bila je na le\u0111ima pokojnog gradona\u010delnika Ljube Be\u0161li\u0107a, koji je dugi niz godina bio [&hellip;]","og_url":"https:\/\/radioljubuski.ba\/index.php\/2022\/01\/20\/po-modelu-mostara-napraviti-u-fbih-dogovor-oko-izbornog-zakona\/","og_site_name":"RADIO LJUBU\u0160KI","article_publisher":"https:\/\/www.facebook.com\/Radiio-Ljubuski-1490835324566332","article_published_time":"2022-01-20T13:02:28+00:00","article_modified_time":"2022-01-20T13:02:29+00:00","og_image":[{"width":1024,"height":614,"url":"https:\/\/radioljubuski.ba\/wp-content\/uploads\/2022\/01\/mostarski-sporazum.jpg","type":"image\/jpeg"}],"author":"Radio Ljubu\u0161ki","twitter_card":"summary_large_image","twitter_creator":"@radioljubuski","twitter_site":"@radioljubuski","twitter_misc":{"Napisao\/la":"Radio Ljubu\u0161ki","Procijenjeno vrijeme \u010ditanja":"3 minute"},"schema":{"@context":"https:\/\/schema.org","@graph":[{"@type":"Article","@id":"https:\/\/radioljubuski.ba\/index.php\/2022\/01\/20\/po-modelu-mostara-napraviti-u-fbih-dogovor-oko-izbornog-zakona\/#article","isPartOf":{"@id":"https:\/\/radioljubuski.ba\/index.php\/2022\/01\/20\/po-modelu-mostara-napraviti-u-fbih-dogovor-oko-izbornog-zakona\/"},"author":{"name":"Radio Ljubu\u0161ki","@id":"https:\/\/radioljubuski.ba\/#\/schema\/person\/19fc700381a780f69665d7956c469e3b"},"headline":"Po modelu Mostara napraviti u FBiH dogovor oko Izbornog zakona","datePublished":"2022-01-20T13:02:28+00:00","dateModified":"2022-01-20T13:02:29+00:00","mainEntityOfPage":{"@id":"https:\/\/radioljubuski.ba\/index.php\/2022\/01\/20\/po-modelu-mostara-napraviti-u-fbih-dogovor-oko-izbornog-zakona\/"},"wordCount":749,"publisher":{"@id":"https:\/\/radioljubuski.ba\/#organization"},"image":{"@id":"https:\/\/radioljubuski.ba\/index.php\/2022\/01\/20\/po-modelu-mostara-napraviti-u-fbih-dogovor-oko-izbornog-zakona\/#primaryimage"},"thumbnailUrl":"https:\/\/radioljubuski.ba\/wp-content\/uploads\/2022\/01\/mostarski-sporazum.jpg","articleSection":["BIH i regija"],"inLanguage":"hr"},{"@type":"WebPage","@id":"https:\/\/radioljubuski.ba\/index.php\/2022\/01\/20\/po-modelu-mostara-napraviti-u-fbih-dogovor-oko-izbornog-zakona\/","url":"https:\/\/radioljubuski.ba\/index.php\/2022\/01\/20\/po-modelu-mostara-napraviti-u-fbih-dogovor-oko-izbornog-zakona\/","name":"Po modelu Mostara napraviti u FBiH dogovor oko Izbornog zakona - RADIO LJUBU\u0160KI","isPartOf":{"@id":"https:\/\/radioljubuski.ba\/#website"},"primaryImageOfPage":{"@id":"https:\/\/radioljubuski.ba\/index.php\/2022\/01\/20\/po-modelu-mostara-napraviti-u-fbih-dogovor-oko-izbornog-zakona\/#primaryimage"},"image":{"@id":"https:\/\/radioljubuski.ba\/index.php\/2022\/01\/20\/po-modelu-mostara-napraviti-u-fbih-dogovor-oko-izbornog-zakona\/#primaryimage"},"thumbnailUrl":"https:\/\/radioljubuski.ba\/wp-content\/uploads\/2022\/01\/mostarski-sporazum.jpg","datePublished":"2022-01-20T13:02:28+00:00","dateModified":"2022-01-20T13:02:29+00:00","breadcrumb":{"@id":"https:\/\/radioljubuski.ba\/index.php\/2022\/01\/20\/po-modelu-mostara-napraviti-u-fbih-dogovor-oko-izbornog-zakona\/#breadcrumb"},"inLanguage":"hr","potentialAction":[{"@type":"ReadAction","target":["https:\/\/radioljubuski.ba\/index.php\/2022\/01\/20\/po-modelu-mostara-napraviti-u-fbih-dogovor-oko-izbornog-zakona\/"]}]},{"@type":"ImageObject","inLanguage":"hr","@id":"https:\/\/radioljubuski.ba\/index.php\/2022\/01\/20\/po-modelu-mostara-napraviti-u-fbih-dogovor-oko-izbornog-zakona\/#primaryimage","url":"https:\/\/radioljubuski.ba\/wp-content\/uploads\/2022\/01\/mostarski-sporazum.jpg","contentUrl":"https:\/\/radioljubuski.ba\/wp-content\/uploads\/2022\/01\/mostarski-sporazum.jpg","width":1024,"height":614},{"@type":"BreadcrumbList","@id":"https:\/\/radioljubuski.ba\/index.php\/2022\/01\/20\/po-modelu-mostara-napraviti-u-fbih-dogovor-oko-izbornog-zakona\/#breadcrumb","itemListElement":[{"@type":"ListItem","position":1,"name":"Po\u010detna stranica","item":"https:\/\/radioljubuski.ba\/"},{"@type":"ListItem","position":2,"name":"Po modelu Mostara napraviti u FBiH dogovor oko Izbornog zakona"}]},{"@type":"WebSite","@id":"https:\/\/radioljubuski.ba\/#website","url":"https:\/\/radioljubuski.ba\/","name":"Radio Ljubu\u0161ki","description":"Sun\u010dana frekvencija Hercegovine","publisher":{"@id":"https:\/\/radioljubuski.ba\/#organization"},"potentialAction":[{"@type":"SearchAction","target":{"@type":"EntryPoint","urlTemplate":"https:\/\/radioljubuski.ba\/?s={search_term_string}"},"query-input":{"@type":"PropertyValueSpecification","valueRequired":true,"valueName":"search_term_string"}}],"inLanguage":"hr"},{"@type":"Organization","@id":"https:\/\/radioljubuski.ba\/#organization","name":"Radio Ljubu\u0161ki","url":"https:\/\/radioljubuski.ba\/","logo":{"@type":"ImageObject","inLanguage":"hr","@id":"https:\/\/radioljubuski.ba\/#\/schema\/logo\/image\/","url":"https:\/\/radioljubuski.ba\/wp-content\/uploads\/2021\/02\/cropped-Radio_Ljubuski_logo1.jpg","contentUrl":"https:\/\/radioljubuski.ba\/wp-content\/uploads\/2021\/02\/cropped-Radio_Ljubuski_logo1.jpg","width":512,"height":512,"caption":"Radio Ljubu\u0161ki"},"image":{"@id":"https:\/\/radioljubuski.ba\/#\/schema\/logo\/image\/"},"sameAs":["https:\/\/www.facebook.com\/Radiio-Ljubuski-1490835324566332","https:\/\/x.com\/radioljubuski","https:\/\/hr.linkedin.com\/company\/radio-ljubuski","https:\/\/www.youtube.com\/channel\/UCHYaeO_n0Db3tjNGudGpXyw"]},{"@type":"Person","@id":"https:\/\/radioljubuski.ba\/#\/schema\/person\/19fc700381a780f69665d7956c469e3b","name":"Radio Ljubu\u0161ki"}]}},"_links":{"self":[{"href":"https:\/\/radioljubuski.ba\/index.php\/wp-json\/wp\/v2\/posts\/108402","targetHints":{"allow":["GET"]}}],"collection":[{"href":"https:\/\/radioljubuski.ba\/index.php\/wp-json\/wp\/v2\/posts"}],"about":[{"href":"https:\/\/radioljubuski.ba\/index.php\/wp-json\/wp\/v2\/types\/post"}],"author":[{"embeddable":true,"href":"https:\/\/radioljubuski.ba\/index.php\/wp-json\/wp\/v2\/users\/2"}],"replies":[{"embeddable":true,"href":"https:\/\/radioljubuski.ba\/index.php\/wp-json\/wp\/v2\/comments?post=108402"}],"version-history":[{"count":1,"href":"https:\/\/radioljubuski.ba\/index.php\/wp-json\/wp\/v2\/posts\/108402\/revisions"}],"predecessor-version":[{"id":108404,"href":"https:\/\/radioljubuski.ba\/index.php\/wp-json\/wp\/v2\/posts\/108402\/revisions\/108404"}],"wp:featuredmedia":[{"embeddable":true,"href":"https:\/\/radioljubuski.ba\/index.php\/wp-json\/wp\/v2\/media\/108403"}],"wp:attachment":[{"href":"https:\/\/radioljubuski.ba\/index.php\/wp-json\/wp\/v2\/media?parent=108402"}],"wp:term":[{"taxonomy":"category","embeddable":true,"href":"https:\/\/radioljubuski.ba\/index.php\/wp-json\/wp\/v2\/categories?post=108402"},{"taxonomy":"post_tag","embeddable":true,"href":"https:\/\/radioljubuski.ba\/index.php\/wp-json\/wp\/v2\/tags?post=108402"}],"curies":[{"name":"wp","href":"https:\/\/api.w.org\/{rel}","templated":true}]}}