{"id":108405,"date":"2022-01-20T14:03:30","date_gmt":"2022-01-20T13:03:30","guid":{"rendered":"https:\/\/radioljubuski.ba\/?p=108405"},"modified":"2022-01-20T14:03:32","modified_gmt":"2022-01-20T13:03:32","slug":"vstv-republike-srpske-osniva-se-1-veljace","status":"publish","type":"post","link":"https:\/\/radioljubuski.ba\/index.php\/2022\/01\/20\/vstv-republike-srpske-osniva-se-1-veljace\/","title":{"rendered":"VSTV Republike Srpske osniva se 1. velja\u010de"},"content":{"rendered":"\n<p><strong>Posebna sjednica Narodne skup\u0161tine Republike Srpske, na kojoj bi trebalo biti osnovano Visoko sudsko i tu\u017eiteljsko vije\u0107e Republike Srpske, mogla bi biti odr\u017eana 1. velja\u010de, a nije isklju\u010dena mogu\u0107nost da bude odr\u017ean sastanak svih parlamentarnih politi\u010dkih stranaka iz RS nakon 25. sije\u010dnja, neslu\u017ebeno saznaju \u201cNezavisne novine\u201d.<\/strong><\/p>\n\n\n\n<p>\u201cNa toj posebnoj sjednici, osim o VSTV-u, bit \u0107e govora o stavljanju izvan snage Zakona o privremenoj zabrani raspolaganja dr\u017eavnom imovinom, koji je nametnuo Pady Ashdown, biv\u0161i visoki predstavnik u BiH\u201d, ispri\u010dao je izvor banjalu\u010dkog lista.<\/p>\n\n\n\n<p>Tako\u0111er \u201cNezavisne novine\u201d neslu\u017ebeno zasnaju da bi prije posebne sjednice NS RS Milorad Dodik, lider SNSD-a, mogao organizirati sastanak s liderima parlamentarnih politi\u010dkih stranaka iz Republike Srpske, a u vezi s posebnom sjednicom NS RS, ali i molbom Aleksandra Vu\u010di\u0107a, predsjednika Republike Srbije, o vra\u0107anju u zajedni\u010dke institucije Bosne i Hercegovine. Ovaj sastanak, prema neslu\u017ebenim informacijama, ne bi trebao biti odr\u017ean prije 25. sije\u010dnja. U tom tjednu, to\u010dnije 27. sije\u010dnja, bit \u0107e odr\u017ean i veliki summit Republike Srpske i Srbije, a nije isklju\u010dena mogu\u0107nost da se vlast i oporba iz Republike Srpske tu sastanu s predstavnicima Republike Srbije.<\/p>\n\n\n\n<p>Ono \u0161to je zasad sigurno, jeste da se srpski du\u017enosnici u Parlament BiH, Vije\u0107e ministara BiH i Predsjedni\u0161tvo BiH ne\u0107e vratiti da odlu\u010duju bez odluke Narodne skup\u0161tine Republike Srpske, uz uvjet da se iz pravnog sustava povuku nametnute izmjene Kaznenog zakona BiH kojim se, izme\u0111u ostalog, zabranjuje negiranje genocida u Srebrenici, a koje je nametnuo Valentin Inzko, biv\u0161i visoki predstavnik u BiH.<\/p>\n\n\n\n<p>\u201cZasad slijedimo stavove Narodne skup\u0161tine Republike Srpske i u ovom trenutku stav je da nema povratka u institucije BiH dok se ne povu\u010de nametnuti Inzkov zakon. \u010culi ste da je najavljeno razmatranje te situacije i smatram da je jedino mjesto za to Narodna skup\u0161tina Republike Srpske\u201d, rekla je za \u201cNezavisne novine\u201d Snje\u017eana Novakovi\u0107 Bursa\u0107, \u0161efica Kluba zastupnika SNSD-a u Zastupni\u010dkom domu Parlamenta BiH, istovremeno isti\u010du\u0107i da bi bilo dobro da eventualnoj sjednici NS RS na tu temu prethodi \u0161iri sastanak politi\u010dkih stranaka iz Republike Srpske.<\/p>\n\n\n\n<p>I u PDP-u jo\u0161 ranije su istakli su da je za povratak u zajedni\u010dke institucije BiH uvjet rje\u0161enje izmjena Krivi\u010dnog zakona BiH, koje su nametnute Inzkovom odlukom, a \u0161to je u skladu sa zaklju\u010dcima Narodne skup\u0161tine Republike Srpske.<\/p>\n\n\n\n<p>\u201cPDP smatra da je potrebno osigurati normalno funkcionisanje institucija BiH, ali samo dono\u0161enjem izmjena Krivi\u010dnog zakona prihvatljivih i za Republiku Srpsku\u201d, naveli su nedavno u PDP-u.<\/p>\n\n\n\n<p>Milan Mili\u010devi\u0107, predsjednik Glavnog odbora SDS-a, rekao je za \u201cNezavisne\u201d da jo\u0161 nije bilo slu\u017ebenog poziva za organiziranje sastanka parlamentarnih politi\u010dkih stranaka iz Republike Srpske, ali da svakako ima elemenata za njegovo organiziranje, posebno nakon molbe Vu\u010di\u0107a za povratak u zajedni\u010dke institucije BiH, ali odluku o u\u010de\u0161\u0107u na tom sastanku vjerojatno \u0107e donijeti Predsjedni\u0161tvo SDS-a, kao \u0161to je i do sada bio slu\u010daj\u201d, rekao je Mili\u010devi\u0107.<\/p>\n\n\n\n<p>\/HMS\/<\/p>\n","protected":false},"excerpt":{"rendered":"<p>Posebna sjednica Narodne skup\u0161tine Republike Srpske, na kojoj bi trebalo biti osnovano Visoko sudsko i tu\u017eiteljsko vije\u0107e Republike Srpske, mogla bi biti odr\u017eana 1. velja\u010de, a nije isklju\u010dena mogu\u0107nost da bude odr\u017ean sastanak svih parlamentarnih politi\u010dkih stranaka iz RS nakon 25. sije\u010dnja, neslu\u017ebeno saznaju \u201cNezavisne novine\u201d. \u201cNa toj posebnoj sjednici, osim o VSTV-u, bit \u0107e [&hellip;]<\/p>\n","protected":false},"author":2,"featured_media":108406,"comment_status":"closed","ping_status":"closed","sticky":false,"template":"","format":"standard","meta":{"h5ap_radio_sources":[],"footnotes":""},"categories":[1],"tags":[],"class_list":["post-108405","post","type-post","status-publish","format-standard","has-post-thumbnail","hentry","category-bihiregija"],"yoast_head":"<!-- This site is optimized with the Yoast SEO plugin v27.5 - https:\/\/yoast.com\/product\/yoast-seo-wordpress\/ -->\n<title>VSTV Republike Srpske osniva se 1. velja\u010de - RADIO LJUBU\u0160KI<\/title>\n<meta name=\"robots\" content=\"index, follow, max-snippet:-1, max-image-preview:large, max-video-preview:-1\" \/>\n<link rel=\"canonical\" href=\"https:\/\/radioljubuski.ba\/index.php\/2022\/01\/20\/vstv-republike-srpske-osniva-se-1-veljace\/\" \/>\n<meta property=\"og:locale\" content=\"hr_HR\" \/>\n<meta property=\"og:type\" content=\"article\" \/>\n<meta property=\"og:title\" content=\"VSTV Republike Srpske osniva se 1. velja\u010de - RADIO LJUBU\u0160KI\" \/>\n<meta property=\"og:description\" content=\"Posebna sjednica Narodne skup\u0161tine Republike Srpske, na kojoj bi trebalo biti osnovano Visoko sudsko i tu\u017eiteljsko vije\u0107e Republike Srpske, mogla bi biti odr\u017eana 1. velja\u010de, a nije isklju\u010dena mogu\u0107nost da bude odr\u017ean sastanak svih parlamentarnih politi\u010dkih stranaka iz RS nakon 25. sije\u010dnja, neslu\u017ebeno saznaju \u201cNezavisne novine\u201d. \u201cNa toj posebnoj sjednici, osim o VSTV-u, bit \u0107e [&hellip;]\" \/>\n<meta property=\"og:url\" content=\"https:\/\/radioljubuski.ba\/index.php\/2022\/01\/20\/vstv-republike-srpske-osniva-se-1-veljace\/\" \/>\n<meta property=\"og:site_name\" content=\"RADIO LJUBU\u0160KI\" \/>\n<meta property=\"article:publisher\" content=\"https:\/\/www.facebook.com\/Radiio-Ljubuski-1490835324566332\" \/>\n<meta property=\"article:published_time\" content=\"2022-01-20T13:03:30+00:00\" \/>\n<meta property=\"article:modified_time\" content=\"2022-01-20T13:03:32+00:00\" \/>\n<meta property=\"og:image\" content=\"https:\/\/radioljubuski.ba\/wp-content\/uploads\/2022\/01\/dodik-nsrs.jpg\" \/>\n\t<meta property=\"og:image:width\" content=\"642\" \/>\n\t<meta property=\"og:image:height\" content=\"339\" \/>\n\t<meta property=\"og:image:type\" content=\"image\/jpeg\" \/>\n<meta name=\"author\" content=\"Radio Ljubu\u0161ki\" \/>\n<meta name=\"twitter:card\" content=\"summary_large_image\" \/>\n<meta name=\"twitter:creator\" content=\"@radioljubuski\" \/>\n<meta name=\"twitter:site\" content=\"@radioljubuski\" \/>\n<meta name=\"twitter:label1\" content=\"Napisao\/la\" \/>\n\t<meta name=\"twitter:data1\" content=\"Radio Ljubu\u0161ki\" \/>\n\t<meta name=\"twitter:label2\" content=\"Procijenjeno vrijeme \u010ditanja\" \/>\n\t<meta name=\"twitter:data2\" content=\"3 minute\" \/>\n<script type=\"application\/ld+json\" class=\"yoast-schema-graph\">{\"@context\":\"https:\\\/\\\/schema.org\",\"@graph\":[{\"@type\":\"Article\",\"@id\":\"https:\\\/\\\/radioljubuski.ba\\\/index.php\\\/2022\\\/01\\\/20\\\/vstv-republike-srpske-osniva-se-1-veljace\\\/#article\",\"isPartOf\":{\"@id\":\"https:\\\/\\\/radioljubuski.ba\\\/index.php\\\/2022\\\/01\\\/20\\\/vstv-republike-srpske-osniva-se-1-veljace\\\/\"},\"author\":{\"name\":\"Radio Ljubu\u0161ki\",\"@id\":\"https:\\\/\\\/radioljubuski.ba\\\/#\\\/schema\\\/person\\\/19fc700381a780f69665d7956c469e3b\"},\"headline\":\"VSTV Republike Srpske osniva se 1. velja\u010de\",\"datePublished\":\"2022-01-20T13:03:30+00:00\",\"dateModified\":\"2022-01-20T13:03:32+00:00\",\"mainEntityOfPage\":{\"@id\":\"https:\\\/\\\/radioljubuski.ba\\\/index.php\\\/2022\\\/01\\\/20\\\/vstv-republike-srpske-osniva-se-1-veljace\\\/\"},\"wordCount\":525,\"publisher\":{\"@id\":\"https:\\\/\\\/radioljubuski.ba\\\/#organization\"},\"image\":{\"@id\":\"https:\\\/\\\/radioljubuski.ba\\\/index.php\\\/2022\\\/01\\\/20\\\/vstv-republike-srpske-osniva-se-1-veljace\\\/#primaryimage\"},\"thumbnailUrl\":\"https:\\\/\\\/radioljubuski.ba\\\/wp-content\\\/uploads\\\/2022\\\/01\\\/dodik-nsrs.jpg\",\"articleSection\":[\"BIH i regija\"],\"inLanguage\":\"hr\"},{\"@type\":\"WebPage\",\"@id\":\"https:\\\/\\\/radioljubuski.ba\\\/index.php\\\/2022\\\/01\\\/20\\\/vstv-republike-srpske-osniva-se-1-veljace\\\/\",\"url\":\"https:\\\/\\\/radioljubuski.ba\\\/index.php\\\/2022\\\/01\\\/20\\\/vstv-republike-srpske-osniva-se-1-veljace\\\/\",\"name\":\"VSTV Republike Srpske osniva se 1. velja\u010de - RADIO LJUBU\u0160KI\",\"isPartOf\":{\"@id\":\"https:\\\/\\\/radioljubuski.ba\\\/#website\"},\"primaryImageOfPage\":{\"@id\":\"https:\\\/\\\/radioljubuski.ba\\\/index.php\\\/2022\\\/01\\\/20\\\/vstv-republike-srpske-osniva-se-1-veljace\\\/#primaryimage\"},\"image\":{\"@id\":\"https:\\\/\\\/radioljubuski.ba\\\/index.php\\\/2022\\\/01\\\/20\\\/vstv-republike-srpske-osniva-se-1-veljace\\\/#primaryimage\"},\"thumbnailUrl\":\"https:\\\/\\\/radioljubuski.ba\\\/wp-content\\\/uploads\\\/2022\\\/01\\\/dodik-nsrs.jpg\",\"datePublished\":\"2022-01-20T13:03:30+00:00\",\"dateModified\":\"2022-01-20T13:03:32+00:00\",\"breadcrumb\":{\"@id\":\"https:\\\/\\\/radioljubuski.ba\\\/index.php\\\/2022\\\/01\\\/20\\\/vstv-republike-srpske-osniva-se-1-veljace\\\/#breadcrumb\"},\"inLanguage\":\"hr\",\"potentialAction\":[{\"@type\":\"ReadAction\",\"target\":[\"https:\\\/\\\/radioljubuski.ba\\\/index.php\\\/2022\\\/01\\\/20\\\/vstv-republike-srpske-osniva-se-1-veljace\\\/\"]}]},{\"@type\":\"ImageObject\",\"inLanguage\":\"hr\",\"@id\":\"https:\\\/\\\/radioljubuski.ba\\\/index.php\\\/2022\\\/01\\\/20\\\/vstv-republike-srpske-osniva-se-1-veljace\\\/#primaryimage\",\"url\":\"https:\\\/\\\/radioljubuski.ba\\\/wp-content\\\/uploads\\\/2022\\\/01\\\/dodik-nsrs.jpg\",\"contentUrl\":\"https:\\\/\\\/radioljubuski.ba\\\/wp-content\\\/uploads\\\/2022\\\/01\\\/dodik-nsrs.jpg\",\"width\":642,\"height\":339},{\"@type\":\"BreadcrumbList\",\"@id\":\"https:\\\/\\\/radioljubuski.ba\\\/index.php\\\/2022\\\/01\\\/20\\\/vstv-republike-srpske-osniva-se-1-veljace\\\/#breadcrumb\",\"itemListElement\":[{\"@type\":\"ListItem\",\"position\":1,\"name\":\"Po\u010detna stranica\",\"item\":\"https:\\\/\\\/radioljubuski.ba\\\/\"},{\"@type\":\"ListItem\",\"position\":2,\"name\":\"VSTV Republike Srpske osniva se 1. velja\u010de\"}]},{\"@type\":\"WebSite\",\"@id\":\"https:\\\/\\\/radioljubuski.ba\\\/#website\",\"url\":\"https:\\\/\\\/radioljubuski.ba\\\/\",\"name\":\"Radio Ljubu\u0161ki\",\"description\":\"Sun\u010dana frekvencija Hercegovine\",\"publisher\":{\"@id\":\"https:\\\/\\\/radioljubuski.ba\\\/#organization\"},\"potentialAction\":[{\"@type\":\"SearchAction\",\"target\":{\"@type\":\"EntryPoint\",\"urlTemplate\":\"https:\\\/\\\/radioljubuski.ba\\\/?s={search_term_string}\"},\"query-input\":{\"@type\":\"PropertyValueSpecification\",\"valueRequired\":true,\"valueName\":\"search_term_string\"}}],\"inLanguage\":\"hr\"},{\"@type\":\"Organization\",\"@id\":\"https:\\\/\\\/radioljubuski.ba\\\/#organization\",\"name\":\"Radio Ljubu\u0161ki\",\"url\":\"https:\\\/\\\/radioljubuski.ba\\\/\",\"logo\":{\"@type\":\"ImageObject\",\"inLanguage\":\"hr\",\"@id\":\"https:\\\/\\\/radioljubuski.ba\\\/#\\\/schema\\\/logo\\\/image\\\/\",\"url\":\"https:\\\/\\\/radioljubuski.ba\\\/wp-content\\\/uploads\\\/2021\\\/02\\\/cropped-Radio_Ljubuski_logo1.jpg\",\"contentUrl\":\"https:\\\/\\\/radioljubuski.ba\\\/wp-content\\\/uploads\\\/2021\\\/02\\\/cropped-Radio_Ljubuski_logo1.jpg\",\"width\":512,\"height\":512,\"caption\":\"Radio Ljubu\u0161ki\"},\"image\":{\"@id\":\"https:\\\/\\\/radioljubuski.ba\\\/#\\\/schema\\\/logo\\\/image\\\/\"},\"sameAs\":[\"https:\\\/\\\/www.facebook.com\\\/Radiio-Ljubuski-1490835324566332\",\"https:\\\/\\\/x.com\\\/radioljubuski\",\"https:\\\/\\\/hr.linkedin.com\\\/company\\\/radio-ljubuski\",\"https:\\\/\\\/www.youtube.com\\\/channel\\\/UCHYaeO_n0Db3tjNGudGpXyw\"]},{\"@type\":\"Person\",\"@id\":\"https:\\\/\\\/radioljubuski.ba\\\/#\\\/schema\\\/person\\\/19fc700381a780f69665d7956c469e3b\",\"name\":\"Radio Ljubu\u0161ki\"}]}<\/script>\n<!-- \/ Yoast SEO plugin. -->","yoast_head_json":{"title":"VSTV Republike Srpske osniva se 1. velja\u010de - RADIO LJUBU\u0160KI","robots":{"index":"index","follow":"follow","max-snippet":"max-snippet:-1","max-image-preview":"max-image-preview:large","max-video-preview":"max-video-preview:-1"},"canonical":"https:\/\/radioljubuski.ba\/index.php\/2022\/01\/20\/vstv-republike-srpske-osniva-se-1-veljace\/","og_locale":"hr_HR","og_type":"article","og_title":"VSTV Republike Srpske osniva se 1. velja\u010de - RADIO LJUBU\u0160KI","og_description":"Posebna sjednica Narodne skup\u0161tine Republike Srpske, na kojoj bi trebalo biti osnovano Visoko sudsko i tu\u017eiteljsko vije\u0107e Republike Srpske, mogla bi biti odr\u017eana 1. velja\u010de, a nije isklju\u010dena mogu\u0107nost da bude odr\u017ean sastanak svih parlamentarnih politi\u010dkih stranaka iz RS nakon 25. sije\u010dnja, neslu\u017ebeno saznaju \u201cNezavisne novine\u201d. \u201cNa toj posebnoj sjednici, osim o VSTV-u, bit \u0107e [&hellip;]","og_url":"https:\/\/radioljubuski.ba\/index.php\/2022\/01\/20\/vstv-republike-srpske-osniva-se-1-veljace\/","og_site_name":"RADIO LJUBU\u0160KI","article_publisher":"https:\/\/www.facebook.com\/Radiio-Ljubuski-1490835324566332","article_published_time":"2022-01-20T13:03:30+00:00","article_modified_time":"2022-01-20T13:03:32+00:00","og_image":[{"width":642,"height":339,"url":"https:\/\/radioljubuski.ba\/wp-content\/uploads\/2022\/01\/dodik-nsrs.jpg","type":"image\/jpeg"}],"author":"Radio Ljubu\u0161ki","twitter_card":"summary_large_image","twitter_creator":"@radioljubuski","twitter_site":"@radioljubuski","twitter_misc":{"Napisao\/la":"Radio Ljubu\u0161ki","Procijenjeno vrijeme \u010ditanja":"3 minute"},"schema":{"@context":"https:\/\/schema.org","@graph":[{"@type":"Article","@id":"https:\/\/radioljubuski.ba\/index.php\/2022\/01\/20\/vstv-republike-srpske-osniva-se-1-veljace\/#article","isPartOf":{"@id":"https:\/\/radioljubuski.ba\/index.php\/2022\/01\/20\/vstv-republike-srpske-osniva-se-1-veljace\/"},"author":{"name":"Radio Ljubu\u0161ki","@id":"https:\/\/radioljubuski.ba\/#\/schema\/person\/19fc700381a780f69665d7956c469e3b"},"headline":"VSTV Republike Srpske osniva se 1. velja\u010de","datePublished":"2022-01-20T13:03:30+00:00","dateModified":"2022-01-20T13:03:32+00:00","mainEntityOfPage":{"@id":"https:\/\/radioljubuski.ba\/index.php\/2022\/01\/20\/vstv-republike-srpske-osniva-se-1-veljace\/"},"wordCount":525,"publisher":{"@id":"https:\/\/radioljubuski.ba\/#organization"},"image":{"@id":"https:\/\/radioljubuski.ba\/index.php\/2022\/01\/20\/vstv-republike-srpske-osniva-se-1-veljace\/#primaryimage"},"thumbnailUrl":"https:\/\/radioljubuski.ba\/wp-content\/uploads\/2022\/01\/dodik-nsrs.jpg","articleSection":["BIH i regija"],"inLanguage":"hr"},{"@type":"WebPage","@id":"https:\/\/radioljubuski.ba\/index.php\/2022\/01\/20\/vstv-republike-srpske-osniva-se-1-veljace\/","url":"https:\/\/radioljubuski.ba\/index.php\/2022\/01\/20\/vstv-republike-srpske-osniva-se-1-veljace\/","name":"VSTV Republike Srpske osniva se 1. velja\u010de - RADIO LJUBU\u0160KI","isPartOf":{"@id":"https:\/\/radioljubuski.ba\/#website"},"primaryImageOfPage":{"@id":"https:\/\/radioljubuski.ba\/index.php\/2022\/01\/20\/vstv-republike-srpske-osniva-se-1-veljace\/#primaryimage"},"image":{"@id":"https:\/\/radioljubuski.ba\/index.php\/2022\/01\/20\/vstv-republike-srpske-osniva-se-1-veljace\/#primaryimage"},"thumbnailUrl":"https:\/\/radioljubuski.ba\/wp-content\/uploads\/2022\/01\/dodik-nsrs.jpg","datePublished":"2022-01-20T13:03:30+00:00","dateModified":"2022-01-20T13:03:32+00:00","breadcrumb":{"@id":"https:\/\/radioljubuski.ba\/index.php\/2022\/01\/20\/vstv-republike-srpske-osniva-se-1-veljace\/#breadcrumb"},"inLanguage":"hr","potentialAction":[{"@type":"ReadAction","target":["https:\/\/radioljubuski.ba\/index.php\/2022\/01\/20\/vstv-republike-srpske-osniva-se-1-veljace\/"]}]},{"@type":"ImageObject","inLanguage":"hr","@id":"https:\/\/radioljubuski.ba\/index.php\/2022\/01\/20\/vstv-republike-srpske-osniva-se-1-veljace\/#primaryimage","url":"https:\/\/radioljubuski.ba\/wp-content\/uploads\/2022\/01\/dodik-nsrs.jpg","contentUrl":"https:\/\/radioljubuski.ba\/wp-content\/uploads\/2022\/01\/dodik-nsrs.jpg","width":642,"height":339},{"@type":"BreadcrumbList","@id":"https:\/\/radioljubuski.ba\/index.php\/2022\/01\/20\/vstv-republike-srpske-osniva-se-1-veljace\/#breadcrumb","itemListElement":[{"@type":"ListItem","position":1,"name":"Po\u010detna stranica","item":"https:\/\/radioljubuski.ba\/"},{"@type":"ListItem","position":2,"name":"VSTV Republike Srpske osniva se 1. velja\u010de"}]},{"@type":"WebSite","@id":"https:\/\/radioljubuski.ba\/#website","url":"https:\/\/radioljubuski.ba\/","name":"Radio Ljubu\u0161ki","description":"Sun\u010dana frekvencija Hercegovine","publisher":{"@id":"https:\/\/radioljubuski.ba\/#organization"},"potentialAction":[{"@type":"SearchAction","target":{"@type":"EntryPoint","urlTemplate":"https:\/\/radioljubuski.ba\/?s={search_term_string}"},"query-input":{"@type":"PropertyValueSpecification","valueRequired":true,"valueName":"search_term_string"}}],"inLanguage":"hr"},{"@type":"Organization","@id":"https:\/\/radioljubuski.ba\/#organization","name":"Radio Ljubu\u0161ki","url":"https:\/\/radioljubuski.ba\/","logo":{"@type":"ImageObject","inLanguage":"hr","@id":"https:\/\/radioljubuski.ba\/#\/schema\/logo\/image\/","url":"https:\/\/radioljubuski.ba\/wp-content\/uploads\/2021\/02\/cropped-Radio_Ljubuski_logo1.jpg","contentUrl":"https:\/\/radioljubuski.ba\/wp-content\/uploads\/2021\/02\/cropped-Radio_Ljubuski_logo1.jpg","width":512,"height":512,"caption":"Radio Ljubu\u0161ki"},"image":{"@id":"https:\/\/radioljubuski.ba\/#\/schema\/logo\/image\/"},"sameAs":["https:\/\/www.facebook.com\/Radiio-Ljubuski-1490835324566332","https:\/\/x.com\/radioljubuski","https:\/\/hr.linkedin.com\/company\/radio-ljubuski","https:\/\/www.youtube.com\/channel\/UCHYaeO_n0Db3tjNGudGpXyw"]},{"@type":"Person","@id":"https:\/\/radioljubuski.ba\/#\/schema\/person\/19fc700381a780f69665d7956c469e3b","name":"Radio Ljubu\u0161ki"}]}},"_links":{"self":[{"href":"https:\/\/radioljubuski.ba\/index.php\/wp-json\/wp\/v2\/posts\/108405","targetHints":{"allow":["GET"]}}],"collection":[{"href":"https:\/\/radioljubuski.ba\/index.php\/wp-json\/wp\/v2\/posts"}],"about":[{"href":"https:\/\/radioljubuski.ba\/index.php\/wp-json\/wp\/v2\/types\/post"}],"author":[{"embeddable":true,"href":"https:\/\/radioljubuski.ba\/index.php\/wp-json\/wp\/v2\/users\/2"}],"replies":[{"embeddable":true,"href":"https:\/\/radioljubuski.ba\/index.php\/wp-json\/wp\/v2\/comments?post=108405"}],"version-history":[{"count":1,"href":"https:\/\/radioljubuski.ba\/index.php\/wp-json\/wp\/v2\/posts\/108405\/revisions"}],"predecessor-version":[{"id":108407,"href":"https:\/\/radioljubuski.ba\/index.php\/wp-json\/wp\/v2\/posts\/108405\/revisions\/108407"}],"wp:featuredmedia":[{"embeddable":true,"href":"https:\/\/radioljubuski.ba\/index.php\/wp-json\/wp\/v2\/media\/108406"}],"wp:attachment":[{"href":"https:\/\/radioljubuski.ba\/index.php\/wp-json\/wp\/v2\/media?parent=108405"}],"wp:term":[{"taxonomy":"category","embeddable":true,"href":"https:\/\/radioljubuski.ba\/index.php\/wp-json\/wp\/v2\/categories?post=108405"},{"taxonomy":"post_tag","embeddable":true,"href":"https:\/\/radioljubuski.ba\/index.php\/wp-json\/wp\/v2\/tags?post=108405"}],"curies":[{"name":"wp","href":"https:\/\/api.w.org\/{rel}","templated":true}]}}