{"id":10848,"date":"2021-04-08T18:28:45","date_gmt":"2021-04-08T17:28:45","guid":{"rendered":"https:\/\/radioljubuski.ba\/?p=10848"},"modified":"2021-04-08T18:28:46","modified_gmt":"2021-04-08T17:28:46","slug":"odgovor-nexea-ppd-zagrebu-u-ovome-nismo-usamljeni","status":"publish","type":"post","link":"https:\/\/radioljubuski.ba\/index.php\/2021\/04\/08\/odgovor-nexea-ppd-zagrebu-u-ovome-nismo-usamljeni\/","title":{"rendered":"Odgovor Nexea PPD Zagrebu: U ovome nismo usamljeni"},"content":{"rendered":"\n<p><strong>Nakon \u0161to je PPD Zagreb objavio kako nije tra\u017eio prekid hrvatskog prvenstva ve\u0107 samo odgodu dok se ne stvore normalni uvjeti za natjecanje, ponovno se oglasio i RK Nexe iz Na\u0161ica.<\/strong><\/p>\n\n\n\n<p>PPD Zagreb je iznio da je 16 njegovih igra\u010da van stroja, da su morali otkazati utakmice osmine finala Lige prvaka te je zbog toga nekorektno i nesportski optu\u017eiti PPD Zagreb da \u017eeli prekid prvenstva.<br><br>Rukometni klub NEXE u svojem novom priop\u0107enju poziva Hrvatski rukometni savez, posebno njegov Upravni odbor, da se ve\u0107 na sutra\u0161njoj sjednici o\u010dituje o tome \u017eeli li prekid natjecanja Paket 24 Premijer hrvatske rukometne lige ili \u0107e se prvenstvo nastaviti uz po\u0161tivanje epidemiolo\u0161kih mjera i zavr\u0161iti do 30. lipnja.<br><br>U nastavku priop\u0107enja stoji:<br><br>&#8211; Nakon dopisa koji je RK PPD Zagreb uputio klubovima, kao i dopisa ZRS-a koji je poslan na adresu Upravnog odbora HRS-a, RK Nexe poziva na demokratsko odlu\u010divanje te po\u0161tivanje svih procedura. Iz na\u0161i\u010dkog prvoliga\u0161a pozivaju se i na \u010dinjenicu da EHF, kao krovna organizacija europskog rukometa, tra\u017ei da se igraju i nacionalne lige i europska natjecanja, uklju\u010duju\u0107i i presti\u017enu Ligu prvaka, pa \u010dak i u dr\u017eavama s mnogo lo\u0161ijom epidemiolo\u0161kom slikom od Hrvatske.<br><br>&#8211; Pozivamo na dijalog i demokratsko odlu\u010divanje, kako u ovom, tako i u drugim slu\u010dajevima te tra\u017eimo da se na sutra\u0161njoj sjednici Upravnog odbora HRS-a potvrdi nastavak i odigravanje Paket 24 Premijer hrvatske rukometne lige do 30. lipnja. Podsje\u0107am da se rukometna liga normalno igrala kada je broj zara\u017eenih bio mnogo ve\u0107i, kada su od COVIDA-19 oboljela \u010dak devetorica na\u0161ih rukometa\u0161a i ne vidimo razloga da se liga ne zavr\u0161i u terminima, a podr\u017eavamo da se utakmice koje su odgo\u0111ene odigraju nakon 30. svibnja kada je slu\u017ebeni datum zavr\u0161etka Premijer lige. Ve\u0107 pet klubova odbilo je ideju o odgodi natjecanja i u ovome nismo usamljeni. Ukoliko neka mom\u010dad ima vi\u0161e igra\u010da koji su pozitivni na koronavirus, utakmice se mogu odgoditi i odigrati naknadno. Me\u0111utim, odga\u0111ati prvenstvo, \u0161to od nas ne tra\u017ei niti Sto\u017eer civilne za\u0161tite kao nadle\u017eno dr\u017eavno tijelo i kada se sli\u010dni zahtjevi za prekidom nisu pojavili u usporedivim dvoranskim, mom\u010dadskim sportovima, za nas nije prihvatljivo, ovom je prigodom izjavio<strong>&nbsp;Josip Ergovi\u0107<\/strong>, predsjednik Rukometnog kluba NEXE Na\u0161ice.<\/p>\n\n\n\n<p>Izvor:hrt.hr<\/p>\n","protected":false},"excerpt":{"rendered":"<p>Nakon \u0161to je PPD Zagreb objavio kako nije tra\u017eio prekid hrvatskog prvenstva ve\u0107 samo odgodu dok se ne stvore normalni uvjeti za natjecanje, ponovno se oglasio i RK Nexe iz Na\u0161ica. PPD Zagreb je iznio da je 16 njegovih igra\u010da van stroja, da su morali otkazati utakmice osmine finala Lige prvaka te je zbog toga [&hellip;]<\/p>\n","protected":false},"author":2,"featured_media":10849,"comment_status":"closed","ping_status":"closed","sticky":false,"template":"","format":"standard","meta":{"h5ap_radio_sources":[],"footnotes":""},"categories":[1],"tags":[],"class_list":["post-10848","post","type-post","status-publish","format-standard","has-post-thumbnail","hentry","category-bihiregija"],"yoast_head":"<!-- This site is optimized with the Yoast SEO plugin v27.5 - https:\/\/yoast.com\/product\/yoast-seo-wordpress\/ -->\n<title>Odgovor Nexea PPD Zagrebu: U ovome nismo usamljeni - RADIO LJUBU\u0160KI<\/title>\n<meta name=\"robots\" content=\"index, follow, max-snippet:-1, max-image-preview:large, max-video-preview:-1\" \/>\n<link rel=\"canonical\" href=\"https:\/\/radioljubuski.ba\/index.php\/2021\/04\/08\/odgovor-nexea-ppd-zagrebu-u-ovome-nismo-usamljeni\/\" \/>\n<meta property=\"og:locale\" content=\"hr_HR\" \/>\n<meta property=\"og:type\" content=\"article\" \/>\n<meta property=\"og:title\" content=\"Odgovor Nexea PPD Zagrebu: U ovome nismo usamljeni - RADIO LJUBU\u0160KI\" \/>\n<meta property=\"og:description\" content=\"Nakon \u0161to je PPD Zagreb objavio kako nije tra\u017eio prekid hrvatskog prvenstva ve\u0107 samo odgodu dok se ne stvore normalni uvjeti za natjecanje, ponovno se oglasio i RK Nexe iz Na\u0161ica. PPD Zagreb je iznio da je 16 njegovih igra\u010da van stroja, da su morali otkazati utakmice osmine finala Lige prvaka te je zbog toga [&hellip;]\" \/>\n<meta property=\"og:url\" content=\"https:\/\/radioljubuski.ba\/index.php\/2021\/04\/08\/odgovor-nexea-ppd-zagrebu-u-ovome-nismo-usamljeni\/\" \/>\n<meta property=\"og:site_name\" content=\"RADIO LJUBU\u0160KI\" \/>\n<meta property=\"article:publisher\" content=\"https:\/\/www.facebook.com\/Radiio-Ljubuski-1490835324566332\" \/>\n<meta property=\"article:published_time\" content=\"2021-04-08T17:28:45+00:00\" \/>\n<meta property=\"article:modified_time\" content=\"2021-04-08T17:28:46+00:00\" \/>\n<meta property=\"og:image\" content=\"https:\/\/radioljubuski.ba\/wp-content\/uploads\/2021\/04\/nexe-hrlj.png\" \/>\n\t<meta property=\"og:image:width\" content=\"642\" \/>\n\t<meta property=\"og:image:height\" content=\"360\" \/>\n\t<meta property=\"og:image:type\" content=\"image\/png\" \/>\n<meta name=\"author\" content=\"Radio Ljubu\u0161ki\" \/>\n<meta name=\"twitter:card\" content=\"summary_large_image\" \/>\n<meta name=\"twitter:creator\" content=\"@radioljubuski\" \/>\n<meta name=\"twitter:site\" content=\"@radioljubuski\" \/>\n<meta name=\"twitter:label1\" content=\"Napisao\/la\" \/>\n\t<meta name=\"twitter:data1\" content=\"Radio Ljubu\u0161ki\" \/>\n\t<meta name=\"twitter:label2\" content=\"Procijenjeno vrijeme \u010ditanja\" \/>\n\t<meta name=\"twitter:data2\" content=\"2 minute\" \/>\n<script type=\"application\/ld+json\" class=\"yoast-schema-graph\">{\"@context\":\"https:\\\/\\\/schema.org\",\"@graph\":[{\"@type\":\"Article\",\"@id\":\"https:\\\/\\\/radioljubuski.ba\\\/index.php\\\/2021\\\/04\\\/08\\\/odgovor-nexea-ppd-zagrebu-u-ovome-nismo-usamljeni\\\/#article\",\"isPartOf\":{\"@id\":\"https:\\\/\\\/radioljubuski.ba\\\/index.php\\\/2021\\\/04\\\/08\\\/odgovor-nexea-ppd-zagrebu-u-ovome-nismo-usamljeni\\\/\"},\"author\":{\"name\":\"Radio Ljubu\u0161ki\",\"@id\":\"https:\\\/\\\/radioljubuski.ba\\\/#\\\/schema\\\/person\\\/19fc700381a780f69665d7956c469e3b\"},\"headline\":\"Odgovor Nexea PPD Zagrebu: U ovome nismo usamljeni\",\"datePublished\":\"2021-04-08T17:28:45+00:00\",\"dateModified\":\"2021-04-08T17:28:46+00:00\",\"mainEntityOfPage\":{\"@id\":\"https:\\\/\\\/radioljubuski.ba\\\/index.php\\\/2021\\\/04\\\/08\\\/odgovor-nexea-ppd-zagrebu-u-ovome-nismo-usamljeni\\\/\"},\"wordCount\":415,\"publisher\":{\"@id\":\"https:\\\/\\\/radioljubuski.ba\\\/#organization\"},\"image\":{\"@id\":\"https:\\\/\\\/radioljubuski.ba\\\/index.php\\\/2021\\\/04\\\/08\\\/odgovor-nexea-ppd-zagrebu-u-ovome-nismo-usamljeni\\\/#primaryimage\"},\"thumbnailUrl\":\"https:\\\/\\\/radioljubuski.ba\\\/wp-content\\\/uploads\\\/2021\\\/04\\\/nexe-hrlj.png\",\"articleSection\":[\"BIH i regija\"],\"inLanguage\":\"hr\"},{\"@type\":\"WebPage\",\"@id\":\"https:\\\/\\\/radioljubuski.ba\\\/index.php\\\/2021\\\/04\\\/08\\\/odgovor-nexea-ppd-zagrebu-u-ovome-nismo-usamljeni\\\/\",\"url\":\"https:\\\/\\\/radioljubuski.ba\\\/index.php\\\/2021\\\/04\\\/08\\\/odgovor-nexea-ppd-zagrebu-u-ovome-nismo-usamljeni\\\/\",\"name\":\"Odgovor Nexea PPD Zagrebu: U ovome nismo usamljeni - RADIO LJUBU\u0160KI\",\"isPartOf\":{\"@id\":\"https:\\\/\\\/radioljubuski.ba\\\/#website\"},\"primaryImageOfPage\":{\"@id\":\"https:\\\/\\\/radioljubuski.ba\\\/index.php\\\/2021\\\/04\\\/08\\\/odgovor-nexea-ppd-zagrebu-u-ovome-nismo-usamljeni\\\/#primaryimage\"},\"image\":{\"@id\":\"https:\\\/\\\/radioljubuski.ba\\\/index.php\\\/2021\\\/04\\\/08\\\/odgovor-nexea-ppd-zagrebu-u-ovome-nismo-usamljeni\\\/#primaryimage\"},\"thumbnailUrl\":\"https:\\\/\\\/radioljubuski.ba\\\/wp-content\\\/uploads\\\/2021\\\/04\\\/nexe-hrlj.png\",\"datePublished\":\"2021-04-08T17:28:45+00:00\",\"dateModified\":\"2021-04-08T17:28:46+00:00\",\"breadcrumb\":{\"@id\":\"https:\\\/\\\/radioljubuski.ba\\\/index.php\\\/2021\\\/04\\\/08\\\/odgovor-nexea-ppd-zagrebu-u-ovome-nismo-usamljeni\\\/#breadcrumb\"},\"inLanguage\":\"hr\",\"potentialAction\":[{\"@type\":\"ReadAction\",\"target\":[\"https:\\\/\\\/radioljubuski.ba\\\/index.php\\\/2021\\\/04\\\/08\\\/odgovor-nexea-ppd-zagrebu-u-ovome-nismo-usamljeni\\\/\"]}]},{\"@type\":\"ImageObject\",\"inLanguage\":\"hr\",\"@id\":\"https:\\\/\\\/radioljubuski.ba\\\/index.php\\\/2021\\\/04\\\/08\\\/odgovor-nexea-ppd-zagrebu-u-ovome-nismo-usamljeni\\\/#primaryimage\",\"url\":\"https:\\\/\\\/radioljubuski.ba\\\/wp-content\\\/uploads\\\/2021\\\/04\\\/nexe-hrlj.png\",\"contentUrl\":\"https:\\\/\\\/radioljubuski.ba\\\/wp-content\\\/uploads\\\/2021\\\/04\\\/nexe-hrlj.png\",\"width\":642,\"height\":360},{\"@type\":\"BreadcrumbList\",\"@id\":\"https:\\\/\\\/radioljubuski.ba\\\/index.php\\\/2021\\\/04\\\/08\\\/odgovor-nexea-ppd-zagrebu-u-ovome-nismo-usamljeni\\\/#breadcrumb\",\"itemListElement\":[{\"@type\":\"ListItem\",\"position\":1,\"name\":\"Po\u010detna stranica\",\"item\":\"https:\\\/\\\/radioljubuski.ba\\\/\"},{\"@type\":\"ListItem\",\"position\":2,\"name\":\"Odgovor Nexea PPD Zagrebu: U ovome nismo usamljeni\"}]},{\"@type\":\"WebSite\",\"@id\":\"https:\\\/\\\/radioljubuski.ba\\\/#website\",\"url\":\"https:\\\/\\\/radioljubuski.ba\\\/\",\"name\":\"Radio Ljubu\u0161ki\",\"description\":\"Sun\u010dana frekvencija Hercegovine\",\"publisher\":{\"@id\":\"https:\\\/\\\/radioljubuski.ba\\\/#organization\"},\"potentialAction\":[{\"@type\":\"SearchAction\",\"target\":{\"@type\":\"EntryPoint\",\"urlTemplate\":\"https:\\\/\\\/radioljubuski.ba\\\/?s={search_term_string}\"},\"query-input\":{\"@type\":\"PropertyValueSpecification\",\"valueRequired\":true,\"valueName\":\"search_term_string\"}}],\"inLanguage\":\"hr\"},{\"@type\":\"Organization\",\"@id\":\"https:\\\/\\\/radioljubuski.ba\\\/#organization\",\"name\":\"Radio Ljubu\u0161ki\",\"url\":\"https:\\\/\\\/radioljubuski.ba\\\/\",\"logo\":{\"@type\":\"ImageObject\",\"inLanguage\":\"hr\",\"@id\":\"https:\\\/\\\/radioljubuski.ba\\\/#\\\/schema\\\/logo\\\/image\\\/\",\"url\":\"https:\\\/\\\/radioljubuski.ba\\\/wp-content\\\/uploads\\\/2021\\\/02\\\/cropped-Radio_Ljubuski_logo1.jpg\",\"contentUrl\":\"https:\\\/\\\/radioljubuski.ba\\\/wp-content\\\/uploads\\\/2021\\\/02\\\/cropped-Radio_Ljubuski_logo1.jpg\",\"width\":512,\"height\":512,\"caption\":\"Radio Ljubu\u0161ki\"},\"image\":{\"@id\":\"https:\\\/\\\/radioljubuski.ba\\\/#\\\/schema\\\/logo\\\/image\\\/\"},\"sameAs\":[\"https:\\\/\\\/www.facebook.com\\\/Radiio-Ljubuski-1490835324566332\",\"https:\\\/\\\/x.com\\\/radioljubuski\",\"https:\\\/\\\/hr.linkedin.com\\\/company\\\/radio-ljubuski\",\"https:\\\/\\\/www.youtube.com\\\/channel\\\/UCHYaeO_n0Db3tjNGudGpXyw\"]},{\"@type\":\"Person\",\"@id\":\"https:\\\/\\\/radioljubuski.ba\\\/#\\\/schema\\\/person\\\/19fc700381a780f69665d7956c469e3b\",\"name\":\"Radio Ljubu\u0161ki\"}]}<\/script>\n<!-- \/ Yoast SEO plugin. -->","yoast_head_json":{"title":"Odgovor Nexea PPD Zagrebu: U ovome nismo usamljeni - RADIO LJUBU\u0160KI","robots":{"index":"index","follow":"follow","max-snippet":"max-snippet:-1","max-image-preview":"max-image-preview:large","max-video-preview":"max-video-preview:-1"},"canonical":"https:\/\/radioljubuski.ba\/index.php\/2021\/04\/08\/odgovor-nexea-ppd-zagrebu-u-ovome-nismo-usamljeni\/","og_locale":"hr_HR","og_type":"article","og_title":"Odgovor Nexea PPD Zagrebu: U ovome nismo usamljeni - RADIO LJUBU\u0160KI","og_description":"Nakon \u0161to je PPD Zagreb objavio kako nije tra\u017eio prekid hrvatskog prvenstva ve\u0107 samo odgodu dok se ne stvore normalni uvjeti za natjecanje, ponovno se oglasio i RK Nexe iz Na\u0161ica. PPD Zagreb je iznio da je 16 njegovih igra\u010da van stroja, da su morali otkazati utakmice osmine finala Lige prvaka te je zbog toga [&hellip;]","og_url":"https:\/\/radioljubuski.ba\/index.php\/2021\/04\/08\/odgovor-nexea-ppd-zagrebu-u-ovome-nismo-usamljeni\/","og_site_name":"RADIO LJUBU\u0160KI","article_publisher":"https:\/\/www.facebook.com\/Radiio-Ljubuski-1490835324566332","article_published_time":"2021-04-08T17:28:45+00:00","article_modified_time":"2021-04-08T17:28:46+00:00","og_image":[{"width":642,"height":360,"url":"https:\/\/radioljubuski.ba\/wp-content\/uploads\/2021\/04\/nexe-hrlj.png","type":"image\/png"}],"author":"Radio Ljubu\u0161ki","twitter_card":"summary_large_image","twitter_creator":"@radioljubuski","twitter_site":"@radioljubuski","twitter_misc":{"Napisao\/la":"Radio Ljubu\u0161ki","Procijenjeno vrijeme \u010ditanja":"2 minute"},"schema":{"@context":"https:\/\/schema.org","@graph":[{"@type":"Article","@id":"https:\/\/radioljubuski.ba\/index.php\/2021\/04\/08\/odgovor-nexea-ppd-zagrebu-u-ovome-nismo-usamljeni\/#article","isPartOf":{"@id":"https:\/\/radioljubuski.ba\/index.php\/2021\/04\/08\/odgovor-nexea-ppd-zagrebu-u-ovome-nismo-usamljeni\/"},"author":{"name":"Radio Ljubu\u0161ki","@id":"https:\/\/radioljubuski.ba\/#\/schema\/person\/19fc700381a780f69665d7956c469e3b"},"headline":"Odgovor Nexea PPD Zagrebu: U ovome nismo usamljeni","datePublished":"2021-04-08T17:28:45+00:00","dateModified":"2021-04-08T17:28:46+00:00","mainEntityOfPage":{"@id":"https:\/\/radioljubuski.ba\/index.php\/2021\/04\/08\/odgovor-nexea-ppd-zagrebu-u-ovome-nismo-usamljeni\/"},"wordCount":415,"publisher":{"@id":"https:\/\/radioljubuski.ba\/#organization"},"image":{"@id":"https:\/\/radioljubuski.ba\/index.php\/2021\/04\/08\/odgovor-nexea-ppd-zagrebu-u-ovome-nismo-usamljeni\/#primaryimage"},"thumbnailUrl":"https:\/\/radioljubuski.ba\/wp-content\/uploads\/2021\/04\/nexe-hrlj.png","articleSection":["BIH i regija"],"inLanguage":"hr"},{"@type":"WebPage","@id":"https:\/\/radioljubuski.ba\/index.php\/2021\/04\/08\/odgovor-nexea-ppd-zagrebu-u-ovome-nismo-usamljeni\/","url":"https:\/\/radioljubuski.ba\/index.php\/2021\/04\/08\/odgovor-nexea-ppd-zagrebu-u-ovome-nismo-usamljeni\/","name":"Odgovor Nexea PPD Zagrebu: U ovome nismo usamljeni - RADIO LJUBU\u0160KI","isPartOf":{"@id":"https:\/\/radioljubuski.ba\/#website"},"primaryImageOfPage":{"@id":"https:\/\/radioljubuski.ba\/index.php\/2021\/04\/08\/odgovor-nexea-ppd-zagrebu-u-ovome-nismo-usamljeni\/#primaryimage"},"image":{"@id":"https:\/\/radioljubuski.ba\/index.php\/2021\/04\/08\/odgovor-nexea-ppd-zagrebu-u-ovome-nismo-usamljeni\/#primaryimage"},"thumbnailUrl":"https:\/\/radioljubuski.ba\/wp-content\/uploads\/2021\/04\/nexe-hrlj.png","datePublished":"2021-04-08T17:28:45+00:00","dateModified":"2021-04-08T17:28:46+00:00","breadcrumb":{"@id":"https:\/\/radioljubuski.ba\/index.php\/2021\/04\/08\/odgovor-nexea-ppd-zagrebu-u-ovome-nismo-usamljeni\/#breadcrumb"},"inLanguage":"hr","potentialAction":[{"@type":"ReadAction","target":["https:\/\/radioljubuski.ba\/index.php\/2021\/04\/08\/odgovor-nexea-ppd-zagrebu-u-ovome-nismo-usamljeni\/"]}]},{"@type":"ImageObject","inLanguage":"hr","@id":"https:\/\/radioljubuski.ba\/index.php\/2021\/04\/08\/odgovor-nexea-ppd-zagrebu-u-ovome-nismo-usamljeni\/#primaryimage","url":"https:\/\/radioljubuski.ba\/wp-content\/uploads\/2021\/04\/nexe-hrlj.png","contentUrl":"https:\/\/radioljubuski.ba\/wp-content\/uploads\/2021\/04\/nexe-hrlj.png","width":642,"height":360},{"@type":"BreadcrumbList","@id":"https:\/\/radioljubuski.ba\/index.php\/2021\/04\/08\/odgovor-nexea-ppd-zagrebu-u-ovome-nismo-usamljeni\/#breadcrumb","itemListElement":[{"@type":"ListItem","position":1,"name":"Po\u010detna stranica","item":"https:\/\/radioljubuski.ba\/"},{"@type":"ListItem","position":2,"name":"Odgovor Nexea PPD Zagrebu: U ovome nismo usamljeni"}]},{"@type":"WebSite","@id":"https:\/\/radioljubuski.ba\/#website","url":"https:\/\/radioljubuski.ba\/","name":"Radio Ljubu\u0161ki","description":"Sun\u010dana frekvencija Hercegovine","publisher":{"@id":"https:\/\/radioljubuski.ba\/#organization"},"potentialAction":[{"@type":"SearchAction","target":{"@type":"EntryPoint","urlTemplate":"https:\/\/radioljubuski.ba\/?s={search_term_string}"},"query-input":{"@type":"PropertyValueSpecification","valueRequired":true,"valueName":"search_term_string"}}],"inLanguage":"hr"},{"@type":"Organization","@id":"https:\/\/radioljubuski.ba\/#organization","name":"Radio Ljubu\u0161ki","url":"https:\/\/radioljubuski.ba\/","logo":{"@type":"ImageObject","inLanguage":"hr","@id":"https:\/\/radioljubuski.ba\/#\/schema\/logo\/image\/","url":"https:\/\/radioljubuski.ba\/wp-content\/uploads\/2021\/02\/cropped-Radio_Ljubuski_logo1.jpg","contentUrl":"https:\/\/radioljubuski.ba\/wp-content\/uploads\/2021\/02\/cropped-Radio_Ljubuski_logo1.jpg","width":512,"height":512,"caption":"Radio Ljubu\u0161ki"},"image":{"@id":"https:\/\/radioljubuski.ba\/#\/schema\/logo\/image\/"},"sameAs":["https:\/\/www.facebook.com\/Radiio-Ljubuski-1490835324566332","https:\/\/x.com\/radioljubuski","https:\/\/hr.linkedin.com\/company\/radio-ljubuski","https:\/\/www.youtube.com\/channel\/UCHYaeO_n0Db3tjNGudGpXyw"]},{"@type":"Person","@id":"https:\/\/radioljubuski.ba\/#\/schema\/person\/19fc700381a780f69665d7956c469e3b","name":"Radio Ljubu\u0161ki"}]}},"_links":{"self":[{"href":"https:\/\/radioljubuski.ba\/index.php\/wp-json\/wp\/v2\/posts\/10848","targetHints":{"allow":["GET"]}}],"collection":[{"href":"https:\/\/radioljubuski.ba\/index.php\/wp-json\/wp\/v2\/posts"}],"about":[{"href":"https:\/\/radioljubuski.ba\/index.php\/wp-json\/wp\/v2\/types\/post"}],"author":[{"embeddable":true,"href":"https:\/\/radioljubuski.ba\/index.php\/wp-json\/wp\/v2\/users\/2"}],"replies":[{"embeddable":true,"href":"https:\/\/radioljubuski.ba\/index.php\/wp-json\/wp\/v2\/comments?post=10848"}],"version-history":[{"count":1,"href":"https:\/\/radioljubuski.ba\/index.php\/wp-json\/wp\/v2\/posts\/10848\/revisions"}],"predecessor-version":[{"id":10850,"href":"https:\/\/radioljubuski.ba\/index.php\/wp-json\/wp\/v2\/posts\/10848\/revisions\/10850"}],"wp:featuredmedia":[{"embeddable":true,"href":"https:\/\/radioljubuski.ba\/index.php\/wp-json\/wp\/v2\/media\/10849"}],"wp:attachment":[{"href":"https:\/\/radioljubuski.ba\/index.php\/wp-json\/wp\/v2\/media?parent=10848"}],"wp:term":[{"taxonomy":"category","embeddable":true,"href":"https:\/\/radioljubuski.ba\/index.php\/wp-json\/wp\/v2\/categories?post=10848"},{"taxonomy":"post_tag","embeddable":true,"href":"https:\/\/radioljubuski.ba\/index.php\/wp-json\/wp\/v2\/tags?post=10848"}],"curies":[{"name":"wp","href":"https:\/\/api.w.org\/{rel}","templated":true}]}}